{"id":10629,"date":"2024-06-04T17:07:02","date_gmt":"2024-06-04T17:07:02","guid":{"rendered":"https:\/\/www.spkatarzyna.pl\/?p=10629"},"modified":"2024-06-04T17:09:10","modified_gmt":"2024-06-04T17:09:10","slug":"dzien-dziecka-i-dzien-patrona","status":"publish","type":"post","link":"https:\/\/www.spkatarzyna.pl\/index.php\/2024\/06\/04\/dzien-dziecka-i-dzien-patrona\/","title":{"rendered":"Dzie\u0144 Dziecka i Dzie\u0144 Patrona"},"content":{"rendered":"\t\t<div data-elementor-type=\"wp-post\" data-elementor-id=\"10629\" class=\"elementor elementor-10629\">\n\t\t\t\t\t\t<section class=\"elementor-section elementor-top-section elementor-element elementor-element-5ddc62c5 elementor-section-boxed elementor-section-height-default elementor-section-height-default\" data-id=\"5ddc62c5\" data-element_type=\"section\">\n\t\t\t\t\t\t<div class=\"elementor-container elementor-column-gap-default\">\n\t\t\t\t\t<div class=\"elementor-column elementor-col-100 elementor-top-column elementor-element elementor-element-6cc7279\" data-id=\"6cc7279\" data-element_type=\"column\">\n\t\t\t<div class=\"elementor-widget-wrap elementor-element-populated\">\n\t\t\t\t\t\t<div class=\"elementor-element elementor-element-57cb5af elementor-widget elementor-widget-text-editor\" data-id=\"57cb5af\" data-element_type=\"widget\" data-widget_type=\"text-editor.default\">\n\t\t\t\t\t\t\t\t\t<p style=\"text-align: justify;\"><span style=\"font-size: 14pt; color: #000000;\"><i><span style=\"font-weight: 400;\">Nasza bajka w\u0142a\u015bnie si\u0119 pisze.<\/span><\/i><span style=\"font-weight: 400;\">&#8230;.\u00a0<\/span><\/span><\/p><p style=\"text-align: justify;\"><span style=\"font-weight: 400; font-size: 14pt; color: #000000;\">29.05. 2024 r.\u00a0 odby\u0142y si\u0119 w naszej szkole obchody Dnia Dziecka i Dnia Patrona.\u00a0<\/span><\/p><p style=\"text-align: justify;\"><span style=\"font-size: 14pt; color: #000000;\"><span style=\"font-weight: 400;\">Atrakcji by\u0142o mn\u00f3stwo, mamy nadziej\u0119,\u00a0 \u017ce zapami\u0119tacie je na d\u0142ugo. Dopisa\u0142y nam pogoda, humory i energia! Nietypowe \u201clekcje\u201d kleksografii, geografii, chemii z doktorem Paj Chi Wo cieszy\u0142y si\u0119 ogromnym zainteresowaniem. Dodatkowo zabaw\u0119 rozweseli\u0142 animator <\/span><i><span style=\"font-weight: 400;\">Pan Lisek<\/span><\/i><span style=\"font-weight: 400;\">, kt\u00f3ry przygotowa\u0142 dla dzieci konkurencje muzyczne i ba\u0144ki mydlane. Ujawni\u0142y si\u0119 talenty wokalne, gimnastyczne i taneczne. <\/span><span style=\"font-weight: 400;\">\u00a0<\/span><span style=\"font-weight: 400;\">To by\u0142 pi\u0119kny czas, szkoda tylko, \u017ce Dzie\u0144 Dziecka jest tylko raz w roku\u2026<\/span><\/span><\/p><p style=\"text-align: justify;\"><span style=\"font-weight: 400; font-size: 14pt; color: #000000;\">Podzi\u0119kowania kierujemy do nast\u0119puj\u0105cych instytucji i os\u00f3b:<\/span><\/p><p style=\"text-align: justify;\"><span style=\"font-weight: 400; font-size: 14pt; color: #000000;\">Szczeg\u00f3lne podzi\u0119kowania sk\u0142adamy Radzie Rodzic\u00f3w, a w szczeg\u00f3lno\u015bci Pani Ewelinie Krawczyk &#8211; Staniszewskiej za zorganizowanie napoj\u00f3w dla dzieci oraz koordynowanie wszelkich dzia\u0142a\u0144\u00a0 Rady Rodzic\u00f3w. Ponadto wszystkim\u00a0 osobom zaanga\u017cowanym w przygotowanie pikniku. Rodzicom wszystkich grup klasowych, dzi\u0119ki Pa\u0144stwa wsparciu i ofiarno\u015bci ca\u0142a spo\u0142eczno\u015b\u0107 szkolna mog\u0142a mi\u0142o i aktywnie sp\u0119dzi\u0107 czas. Wasza \u017cyczliwo\u015b\u0107 \u00a0 i hojno\u015b\u0107 pomog\u0142a nam w zrealizowaniu dzieci\u0119cych marze\u0144.<\/span><\/p><p style=\"text-align: justify;\"><span style=\"font-weight: 400; font-size: 14pt; color: #000000;\">Dzi\u0119kujemy panu Tomaszowi Chr\u0105cholowi za wypo\u017cyczenie sprz\u0119tu do nag\u0142o\u015bnienia. Dzi\u0119kujemy Ochotniczej Stra\u017cy Po\u017carnej w \u015aw. Katarzynie &#8211; a zw\u0142aszcza Panu Paw\u0142owi Dankiewiczowi &#8211; za wsparcie, zabaw\u0119 wodn\u0105, u\u017cyczenie namiotu i prezentacji wozu stra\u017cackiego.<\/span><\/p><p style=\"text-align: justify;\"><span style=\"font-weight: 400; font-size: 14pt; color: #000000;\">Sk\u0142adamy tak\u017ce podzi\u0119kowania dla pani Hanny Irli za przygotowanie zespo\u0142u Hajdasz, kt\u00f3ry tak pi\u0119knie urozmaici\u0142 nasz\u0105 akademi\u0119.<\/span><\/p><p style=\"text-align: justify;\"><span style=\"font-weight: 400; font-size: 14pt; color: #000000;\">Dzi\u0119kujemy pani Marcie Bana\u015b i firmie Brick4kidz za przygotowanie strefy \u201cNiesamowite konstrukcje\u201d.<\/span><\/p><p style=\"text-align: justify;\"><span style=\"font-weight: 400; font-size: 14pt; color: #000000;\">Podzi\u0119kowania\u00a0 sk\u0142adam r\u00f3wnie\u017c dla wszystkich nauczycieli, kt\u00f3rzy byli koordynatorami i animatorami poszczeg\u00f3lnych stref.\u00a0<\/span><\/p><p>\u00a0<\/p><p style=\"text-align: right;\"><span style=\"font-weight: 400; font-size: 14pt; color: #000000;\">Dyrekcja szko\u0142y<\/span><\/p><p style=\"text-align: right;\"><span style=\"font-weight: 400; font-size: 14pt; color: #000000;\">Magdalena Kochan &#8211; Nowik<\/span><\/p>\t\t\t\t\t\t\t\t<\/div>\n\t\t\t\t<div class=\"elementor-element elementor-element-8152455 elementor-widget elementor-widget-video\" data-id=\"8152455\" data-element_type=\"widget\" data-settings=\"{&quot;youtube_url&quot;:&quot;https:\\\/\\\/youtu.be\\\/7w4Ov-HNqO8?si=V_y2hnRfhzliZP3V&quot;,&quot;video_type&quot;:&quot;youtube&quot;,&quot;controls&quot;:&quot;yes&quot;}\" data-widget_type=\"video.default\">\n\t\t\t\t\t\t\t<div class=\"elementor-wrapper elementor-open-inline\">\n\t\t\t<div class=\"elementor-video\"><\/div>\t\t<\/div>\n\t\t\t\t\t\t<\/div>\n\t\t\t\t\t<\/div>\n\t\t<\/div>\n\t\t\t\t\t<\/div>\n\t\t<\/section>\n\t\t\t\t<section class=\"elementor-section elementor-top-section elementor-element elementor-element-5d7267c elementor-section-boxed elementor-section-height-default elementor-section-height-default\" data-id=\"5d7267c\" data-element_type=\"section\">\n\t\t\t\t\t\t<div class=\"elementor-container elementor-column-gap-default\">\n\t\t\t\t\t<div class=\"elementor-column elementor-col-100 elementor-top-column elementor-element elementor-element-eb1b592\" data-id=\"eb1b592\" data-element_type=\"column\">\n\t\t\t<div class=\"elementor-widget-wrap elementor-element-populated\">\n\t\t\t\t\t\t<div class=\"elementor-element elementor-element-2334aae elementor-widget elementor-widget-image-gallery\" data-id=\"2334aae\" data-element_type=\"widget\" data-widget_type=\"image-gallery.default\">\n\t\t\t\t\t\t\t<div class=\"elementor-image-gallery\">\n\t\t\t\n\t\t<div id='gallery-1' class='gallery galleryid-10629 gallery-columns-6 gallery-size-thumbnail gallery1'><script type=\"text\/javascript\">\n\/\/ <![CDATA[\n\tjQuery(document).ready(function () {\n\t\tjQuery(\".gallery1 a\").attr(\"rel\",\"gallery1\");\t\n\t\tjQuery('a[rel=\"gallery1\"]').colorbox({title: function(){ return jQuery(this).children().attr(\"alt\"); }});\n\t});\n\/\/ ]]>\n<\/script>\n<dl class=\"gallery-item\">\n<dt class=\"gallery-icon\">\n<a href=\"https:\/\/www.spkatarzyna.pl\/wp-content\/uploads\/2024\/06\/IMG_4405-1-300x200.jpg\" title=\"\" rel=\"gallery1\" rel=\"lightbox[10629]\"><img decoding=\"async\" src=\"https:\/\/www.spkatarzyna.pl\/wp-content\/uploads\/2024\/06\/IMG_4405-1-150x150.jpg\" width=\"150\" height=\"150\" alt=\"\" \/><\/a>\n<\/dt><\/dl><dl class=\"gallery-item\">\n<dt class=\"gallery-icon\">\n<a href=\"https:\/\/www.spkatarzyna.pl\/wp-content\/uploads\/2024\/06\/IMG_4410-1-300x200.jpg\" title=\"\" rel=\"gallery1\" rel=\"lightbox[10629]\"><img decoding=\"async\" src=\"https:\/\/www.spkatarzyna.pl\/wp-content\/uploads\/2024\/06\/IMG_4410-1-150x150.jpg\" width=\"150\" height=\"150\" alt=\"\" \/><\/a>\n<\/dt><\/dl><dl class=\"gallery-item\">\n<dt class=\"gallery-icon\">\n<a href=\"https:\/\/www.spkatarzyna.pl\/wp-content\/uploads\/2024\/06\/IMG_4619-300x200.jpg\" title=\"\" rel=\"gallery1\" rel=\"lightbox[10629]\"><img decoding=\"async\" src=\"https:\/\/www.spkatarzyna.pl\/wp-content\/uploads\/2024\/06\/IMG_4619-150x150.jpg\" width=\"150\" height=\"150\" alt=\"\" \/><\/a>\n<\/dt><\/dl><dl class=\"gallery-item\">\n<dt class=\"gallery-icon\">\n<a href=\"https:\/\/www.spkatarzyna.pl\/wp-content\/uploads\/2024\/06\/IMG_4627-300x200.jpg\" title=\"\" rel=\"gallery1\" rel=\"lightbox[10629]\"><img loading=\"lazy\" decoding=\"async\" src=\"https:\/\/www.spkatarzyna.pl\/wp-content\/uploads\/2024\/06\/IMG_4627-150x150.jpg\" width=\"150\" height=\"150\" alt=\"\" \/><\/a>\n<\/dt><\/dl><dl class=\"gallery-item\">\n<dt class=\"gallery-icon\">\n<a href=\"https:\/\/www.spkatarzyna.pl\/wp-content\/uploads\/2024\/06\/IMG_4643-300x200.jpg\" title=\"\" rel=\"gallery1\" rel=\"lightbox[10629]\"><img loading=\"lazy\" decoding=\"async\" src=\"https:\/\/www.spkatarzyna.pl\/wp-content\/uploads\/2024\/06\/IMG_4643-150x150.jpg\" width=\"150\" height=\"150\" alt=\"\" \/><\/a>\n<\/dt><\/dl><dl class=\"gallery-item\">\n<dt class=\"gallery-icon\">\n<a href=\"https:\/\/www.spkatarzyna.pl\/wp-content\/uploads\/2024\/06\/IMG_4654-300x200.jpg\" title=\"\" rel=\"gallery1\" rel=\"lightbox[10629]\"><img loading=\"lazy\" decoding=\"async\" src=\"https:\/\/www.spkatarzyna.pl\/wp-content\/uploads\/2024\/06\/IMG_4654-150x150.jpg\" width=\"150\" height=\"150\" alt=\"\" \/><\/a>\n<\/dt><\/dl><br style=\"clear: both\" \/><dl class=\"gallery-item\">\n<dt class=\"gallery-icon\">\n<a href=\"https:\/\/www.spkatarzyna.pl\/wp-content\/uploads\/2024\/06\/IMG_4647-300x200.jpg\" title=\"\" rel=\"gallery1\" rel=\"lightbox[10629]\"><img loading=\"lazy\" decoding=\"async\" src=\"https:\/\/www.spkatarzyna.pl\/wp-content\/uploads\/2024\/06\/IMG_4647-150x150.jpg\" width=\"150\" height=\"150\" alt=\"\" \/><\/a>\n<\/dt><\/dl><dl class=\"gallery-item\">\n<dt class=\"gallery-icon\">\n<a href=\"https:\/\/www.spkatarzyna.pl\/wp-content\/uploads\/2024\/06\/IMG_4636-300x200.jpg\" title=\"\" rel=\"gallery1\" rel=\"lightbox[10629]\"><img loading=\"lazy\" decoding=\"async\" src=\"https:\/\/www.spkatarzyna.pl\/wp-content\/uploads\/2024\/06\/IMG_4636-150x150.jpg\" width=\"150\" height=\"150\" alt=\"\" \/><\/a>\n<\/dt><\/dl><dl class=\"gallery-item\">\n<dt class=\"gallery-icon\">\n<a href=\"https:\/\/www.spkatarzyna.pl\/wp-content\/uploads\/2024\/06\/IMG_4656-200x300.jpg\" title=\"\" rel=\"gallery1\" rel=\"lightbox[10629]\"><img loading=\"lazy\" decoding=\"async\" src=\"https:\/\/www.spkatarzyna.pl\/wp-content\/uploads\/2024\/06\/IMG_4656-150x150.jpg\" width=\"150\" height=\"150\" alt=\"\" \/><\/a>\n<\/dt><\/dl><dl class=\"gallery-item\">\n<dt class=\"gallery-icon\">\n<a href=\"https:\/\/www.spkatarzyna.pl\/wp-content\/uploads\/2024\/06\/IMG_3597-300x200.jpg\" title=\"\" rel=\"gallery1\" rel=\"lightbox[10629]\"><img loading=\"lazy\" decoding=\"async\" src=\"https:\/\/www.spkatarzyna.pl\/wp-content\/uploads\/2024\/06\/IMG_3597-150x150.jpg\" width=\"150\" height=\"150\" alt=\"\" \/><\/a>\n<\/dt><\/dl><dl class=\"gallery-item\">\n<dt class=\"gallery-icon\">\n<a href=\"https:\/\/www.spkatarzyna.pl\/wp-content\/uploads\/2024\/06\/IMG_3594-300x200.jpg\" title=\"\" rel=\"gallery1\" rel=\"lightbox[10629]\"><img loading=\"lazy\" decoding=\"async\" src=\"https:\/\/www.spkatarzyna.pl\/wp-content\/uploads\/2024\/06\/IMG_3594-150x150.jpg\" width=\"150\" height=\"150\" alt=\"\" \/><\/a>\n<\/dt><\/dl><dl class=\"gallery-item\">\n<dt class=\"gallery-icon\">\n<a href=\"https:\/\/www.spkatarzyna.pl\/wp-content\/uploads\/2024\/06\/IMG_3571-300x200.jpg\" title=\"\" rel=\"gallery1\" rel=\"lightbox[10629]\"><img loading=\"lazy\" decoding=\"async\" src=\"https:\/\/www.spkatarzyna.pl\/wp-content\/uploads\/2024\/06\/IMG_3571-150x150.jpg\" width=\"150\" height=\"150\" alt=\"\" \/><\/a>\n<\/dt><\/dl><br style=\"clear: both\" \/><dl class=\"gallery-item\">\n<dt class=\"gallery-icon\">\n<a href=\"https:\/\/www.spkatarzyna.pl\/wp-content\/uploads\/2024\/06\/IMG_4177-300x200.jpg\" title=\"\" rel=\"gallery1\" rel=\"lightbox[10629]\"><img loading=\"lazy\" decoding=\"async\" src=\"https:\/\/www.spkatarzyna.pl\/wp-content\/uploads\/2024\/06\/IMG_4177-150x150.jpg\" width=\"150\" height=\"150\" alt=\"\" \/><\/a>\n<\/dt><\/dl><dl class=\"gallery-item\">\n<dt class=\"gallery-icon\">\n<a href=\"https:\/\/www.spkatarzyna.pl\/wp-content\/uploads\/2024\/06\/IMG_4171-300x200.jpg\" title=\"\" rel=\"gallery1\" rel=\"lightbox[10629]\"><img loading=\"lazy\" decoding=\"async\" src=\"https:\/\/www.spkatarzyna.pl\/wp-content\/uploads\/2024\/06\/IMG_4171-150x150.jpg\" width=\"150\" height=\"150\" alt=\"\" \/><\/a>\n<\/dt><\/dl><dl class=\"gallery-item\">\n<dt class=\"gallery-icon\">\n<a href=\"https:\/\/www.spkatarzyna.pl\/wp-content\/uploads\/2024\/06\/IMG_4166-300x200.jpg\" title=\"\" rel=\"gallery1\" rel=\"lightbox[10629]\"><img loading=\"lazy\" decoding=\"async\" src=\"https:\/\/www.spkatarzyna.pl\/wp-content\/uploads\/2024\/06\/IMG_4166-150x150.jpg\" width=\"150\" height=\"150\" alt=\"\" \/><\/a>\n<\/dt><\/dl><dl class=\"gallery-item\">\n<dt class=\"gallery-icon\">\n<a href=\"https:\/\/www.spkatarzyna.pl\/wp-content\/uploads\/2024\/06\/IMG_4162-300x200.jpg\" title=\"\" rel=\"gallery1\" rel=\"lightbox[10629]\"><img loading=\"lazy\" decoding=\"async\" src=\"https:\/\/www.spkatarzyna.pl\/wp-content\/uploads\/2024\/06\/IMG_4162-150x150.jpg\" width=\"150\" height=\"150\" alt=\"\" \/><\/a>\n<\/dt><\/dl><dl class=\"gallery-item\">\n<dt class=\"gallery-icon\">\n<a href=\"https:\/\/www.spkatarzyna.pl\/wp-content\/uploads\/2024\/06\/IMG_4160-300x200.jpg\" title=\"\" rel=\"gallery1\" rel=\"lightbox[10629]\"><img loading=\"lazy\" decoding=\"async\" src=\"https:\/\/www.spkatarzyna.pl\/wp-content\/uploads\/2024\/06\/IMG_4160-150x150.jpg\" width=\"150\" height=\"150\" alt=\"\" \/><\/a>\n<\/dt><\/dl><dl class=\"gallery-item\">\n<dt class=\"gallery-icon\">\n<a href=\"https:\/\/www.spkatarzyna.pl\/wp-content\/uploads\/2024\/06\/IMG_4157-300x200.jpg\" title=\"\" rel=\"gallery1\" rel=\"lightbox[10629]\"><img loading=\"lazy\" decoding=\"async\" src=\"https:\/\/www.spkatarzyna.pl\/wp-content\/uploads\/2024\/06\/IMG_4157-150x150.jpg\" width=\"150\" height=\"150\" alt=\"\" \/><\/a>\n<\/dt><\/dl><br style=\"clear: both\" \/><dl class=\"gallery-item\">\n<dt class=\"gallery-icon\">\n<a href=\"https:\/\/www.spkatarzyna.pl\/wp-content\/uploads\/2024\/06\/IMG_4154-300x200.jpg\" title=\"\" rel=\"gallery1\" rel=\"lightbox[10629]\"><img loading=\"lazy\" decoding=\"async\" src=\"https:\/\/www.spkatarzyna.pl\/wp-content\/uploads\/2024\/06\/IMG_4154-150x150.jpg\" width=\"150\" height=\"150\" alt=\"\" \/><\/a>\n<\/dt><\/dl><dl class=\"gallery-item\">\n<dt class=\"gallery-icon\">\n<a href=\"https:\/\/www.spkatarzyna.pl\/wp-content\/uploads\/2024\/06\/IMG_4152-300x200.jpg\" title=\"\" rel=\"gallery1\" rel=\"lightbox[10629]\"><img loading=\"lazy\" decoding=\"async\" src=\"https:\/\/www.spkatarzyna.pl\/wp-content\/uploads\/2024\/06\/IMG_4152-150x150.jpg\" width=\"150\" height=\"150\" alt=\"\" \/><\/a>\n<\/dt><\/dl><dl class=\"gallery-item\">\n<dt class=\"gallery-icon\">\n<a href=\"https:\/\/www.spkatarzyna.pl\/wp-content\/uploads\/2024\/06\/IMG_4142-300x200.jpg\" title=\"\" rel=\"gallery1\" rel=\"lightbox[10629]\"><img loading=\"lazy\" decoding=\"async\" src=\"https:\/\/www.spkatarzyna.pl\/wp-content\/uploads\/2024\/06\/IMG_4142-150x150.jpg\" width=\"150\" height=\"150\" alt=\"\" \/><\/a>\n<\/dt><\/dl><dl class=\"gallery-item\">\n<dt class=\"gallery-icon\">\n<a href=\"https:\/\/www.spkatarzyna.pl\/wp-content\/uploads\/2024\/06\/IMG_4144-300x200.jpg\" title=\"\" rel=\"gallery1\" rel=\"lightbox[10629]\"><img loading=\"lazy\" decoding=\"async\" src=\"https:\/\/www.spkatarzyna.pl\/wp-content\/uploads\/2024\/06\/IMG_4144-150x150.jpg\" width=\"150\" height=\"150\" alt=\"\" \/><\/a>\n<\/dt><\/dl><dl class=\"gallery-item\">\n<dt class=\"gallery-icon\">\n<a href=\"https:\/\/www.spkatarzyna.pl\/wp-content\/uploads\/2024\/06\/IMG_3540-300x200.jpg\" title=\"\" rel=\"gallery1\" rel=\"lightbox[10629]\"><img loading=\"lazy\" decoding=\"async\" src=\"https:\/\/www.spkatarzyna.pl\/wp-content\/uploads\/2024\/06\/IMG_3540-150x150.jpg\" width=\"150\" height=\"150\" alt=\"\" \/><\/a>\n<\/dt><\/dl><dl class=\"gallery-item\">\n<dt class=\"gallery-icon\">\n<a href=\"https:\/\/www.spkatarzyna.pl\/wp-content\/uploads\/2024\/06\/IMG_3537-300x200.jpg\" title=\"\" rel=\"gallery1\" rel=\"lightbox[10629]\"><img loading=\"lazy\" decoding=\"async\" src=\"https:\/\/www.spkatarzyna.pl\/wp-content\/uploads\/2024\/06\/IMG_3537-150x150.jpg\" width=\"150\" height=\"150\" alt=\"\" \/><\/a>\n<\/dt><\/dl><br style=\"clear: both\" \/><dl class=\"gallery-item\">\n<dt class=\"gallery-icon\">\n<a href=\"https:\/\/www.spkatarzyna.pl\/wp-content\/uploads\/2024\/06\/IMG_3532-300x200.jpg\" title=\"\" rel=\"gallery1\" rel=\"lightbox[10629]\"><img loading=\"lazy\" decoding=\"async\" src=\"https:\/\/www.spkatarzyna.pl\/wp-content\/uploads\/2024\/06\/IMG_3532-150x150.jpg\" width=\"150\" height=\"150\" alt=\"\" \/><\/a>\n<\/dt><\/dl><dl class=\"gallery-item\">\n<dt class=\"gallery-icon\">\n<a href=\"https:\/\/www.spkatarzyna.pl\/wp-content\/uploads\/2024\/06\/IMG_3529-300x200.jpg\" title=\"\" rel=\"gallery1\" rel=\"lightbox[10629]\"><img loading=\"lazy\" decoding=\"async\" src=\"https:\/\/www.spkatarzyna.pl\/wp-content\/uploads\/2024\/06\/IMG_3529-150x150.jpg\" width=\"150\" height=\"150\" alt=\"\" \/><\/a>\n<\/dt><\/dl><dl class=\"gallery-item\">\n<dt class=\"gallery-icon\">\n<a href=\"https:\/\/www.spkatarzyna.pl\/wp-content\/uploads\/2024\/06\/IMG_3522-300x200.jpg\" title=\"\" rel=\"gallery1\" rel=\"lightbox[10629]\"><img loading=\"lazy\" decoding=\"async\" src=\"https:\/\/www.spkatarzyna.pl\/wp-content\/uploads\/2024\/06\/IMG_3522-150x150.jpg\" width=\"150\" height=\"150\" alt=\"\" \/><\/a>\n<\/dt><\/dl><dl class=\"gallery-item\">\n<dt class=\"gallery-icon\">\n<a href=\"https:\/\/www.spkatarzyna.pl\/wp-content\/uploads\/2024\/06\/IMG_3515-300x200.jpg\" title=\"\" rel=\"gallery1\" rel=\"lightbox[10629]\"><img loading=\"lazy\" decoding=\"async\" src=\"https:\/\/www.spkatarzyna.pl\/wp-content\/uploads\/2024\/06\/IMG_3515-150x150.jpg\" width=\"150\" height=\"150\" alt=\"\" \/><\/a>\n<\/dt><\/dl><dl class=\"gallery-item\">\n<dt class=\"gallery-icon\">\n<a href=\"https:\/\/www.spkatarzyna.pl\/wp-content\/uploads\/2024\/06\/IMG_3512-300x200.jpg\" title=\"\" rel=\"gallery1\" rel=\"lightbox[10629]\"><img loading=\"lazy\" decoding=\"async\" src=\"https:\/\/www.spkatarzyna.pl\/wp-content\/uploads\/2024\/06\/IMG_3512-150x150.jpg\" width=\"150\" height=\"150\" alt=\"\" \/><\/a>\n<\/dt><\/dl><dl class=\"gallery-item\">\n<dt class=\"gallery-icon\">\n<a href=\"https:\/\/www.spkatarzyna.pl\/wp-content\/uploads\/2024\/06\/IMG_3503-300x200.jpg\" title=\"\" rel=\"gallery1\" rel=\"lightbox[10629]\"><img loading=\"lazy\" decoding=\"async\" src=\"https:\/\/www.spkatarzyna.pl\/wp-content\/uploads\/2024\/06\/IMG_3503-150x150.jpg\" width=\"150\" height=\"150\" alt=\"\" \/><\/a>\n<\/dt><\/dl><br style=\"clear: both\" \/><dl class=\"gallery-item\">\n<dt class=\"gallery-icon\">\n<a href=\"https:\/\/www.spkatarzyna.pl\/wp-content\/uploads\/2024\/06\/IMG_3500-300x200.jpg\" title=\"\" rel=\"gallery1\" rel=\"lightbox[10629]\"><img loading=\"lazy\" decoding=\"async\" src=\"https:\/\/www.spkatarzyna.pl\/wp-content\/uploads\/2024\/06\/IMG_3500-150x150.jpg\" width=\"150\" height=\"150\" alt=\"\" \/><\/a>\n<\/dt><\/dl><dl class=\"gallery-item\">\n<dt class=\"gallery-icon\">\n<a href=\"https:\/\/www.spkatarzyna.pl\/wp-content\/uploads\/2024\/06\/IMG_3494-300x200.jpg\" title=\"\" rel=\"gallery1\" rel=\"lightbox[10629]\"><img loading=\"lazy\" decoding=\"async\" src=\"https:\/\/www.spkatarzyna.pl\/wp-content\/uploads\/2024\/06\/IMG_3494-150x150.jpg\" width=\"150\" height=\"150\" alt=\"\" \/><\/a>\n<\/dt><\/dl><dl class=\"gallery-item\">\n<dt class=\"gallery-icon\">\n<a href=\"https:\/\/www.spkatarzyna.pl\/wp-content\/uploads\/2024\/06\/IMG_3506-300x200.jpg\" title=\"\" rel=\"gallery1\" rel=\"lightbox[10629]\"><img loading=\"lazy\" decoding=\"async\" src=\"https:\/\/www.spkatarzyna.pl\/wp-content\/uploads\/2024\/06\/IMG_3506-150x150.jpg\" width=\"150\" height=\"150\" alt=\"\" \/><\/a>\n<\/dt><\/dl><dl class=\"gallery-item\">\n<dt class=\"gallery-icon\">\n<a href=\"https:\/\/www.spkatarzyna.pl\/wp-content\/uploads\/2024\/06\/IMG_3394-300x200.jpg\" title=\"\" rel=\"gallery1\" rel=\"lightbox[10629]\"><img loading=\"lazy\" decoding=\"async\" src=\"https:\/\/www.spkatarzyna.pl\/wp-content\/uploads\/2024\/06\/IMG_3394-150x150.jpg\" width=\"150\" height=\"150\" alt=\"\" \/><\/a>\n<\/dt><\/dl><dl class=\"gallery-item\">\n<dt class=\"gallery-icon\">\n<a href=\"https:\/\/www.spkatarzyna.pl\/wp-content\/uploads\/2024\/06\/IMG_3396-300x200.jpg\" title=\"\" rel=\"gallery1\" rel=\"lightbox[10629]\"><img loading=\"lazy\" decoding=\"async\" src=\"https:\/\/www.spkatarzyna.pl\/wp-content\/uploads\/2024\/06\/IMG_3396-150x150.jpg\" width=\"150\" height=\"150\" alt=\"\" \/><\/a>\n<\/dt><\/dl><dl class=\"gallery-item\">\n<dt class=\"gallery-icon\">\n<a href=\"https:\/\/www.spkatarzyna.pl\/wp-content\/uploads\/2024\/06\/IMG_3402-300x200.jpg\" title=\"\" rel=\"gallery1\" rel=\"lightbox[10629]\"><img loading=\"lazy\" decoding=\"async\" src=\"https:\/\/www.spkatarzyna.pl\/wp-content\/uploads\/2024\/06\/IMG_3402-150x150.jpg\" width=\"150\" height=\"150\" alt=\"\" \/><\/a>\n<\/dt><\/dl><br style=\"clear: both\" \/><dl class=\"gallery-item\">\n<dt class=\"gallery-icon\">\n<a href=\"https:\/\/www.spkatarzyna.pl\/wp-content\/uploads\/2024\/06\/IMG_3371-1-300x200.jpg\" title=\"\" rel=\"gallery1\" rel=\"lightbox[10629]\"><img loading=\"lazy\" decoding=\"async\" src=\"https:\/\/www.spkatarzyna.pl\/wp-content\/uploads\/2024\/06\/IMG_3371-1-150x150.jpg\" width=\"150\" height=\"150\" alt=\"\" \/><\/a>\n<\/dt><\/dl><dl class=\"gallery-item\">\n<dt class=\"gallery-icon\">\n<a href=\"https:\/\/www.spkatarzyna.pl\/wp-content\/uploads\/2024\/06\/IMG_3373-300x200.jpg\" title=\"\" rel=\"gallery1\" rel=\"lightbox[10629]\"><img loading=\"lazy\" decoding=\"async\" src=\"https:\/\/www.spkatarzyna.pl\/wp-content\/uploads\/2024\/06\/IMG_3373-150x150.jpg\" width=\"150\" height=\"150\" alt=\"\" \/><\/a>\n<\/dt><\/dl><dl class=\"gallery-item\">\n<dt class=\"gallery-icon\">\n<a href=\"https:\/\/www.spkatarzyna.pl\/wp-content\/uploads\/2024\/06\/IMG_3385-300x200.jpg\" title=\"\" rel=\"gallery1\" rel=\"lightbox[10629]\"><img loading=\"lazy\" decoding=\"async\" src=\"https:\/\/www.spkatarzyna.pl\/wp-content\/uploads\/2024\/06\/IMG_3385-150x150.jpg\" width=\"150\" height=\"150\" alt=\"\" \/><\/a>\n<\/dt><\/dl><dl class=\"gallery-item\">\n<dt class=\"gallery-icon\">\n<a href=\"https:\/\/www.spkatarzyna.pl\/wp-content\/uploads\/2024\/06\/IMG_3369-300x200.jpg\" title=\"\" rel=\"gallery1\" rel=\"lightbox[10629]\"><img loading=\"lazy\" decoding=\"async\" src=\"https:\/\/www.spkatarzyna.pl\/wp-content\/uploads\/2024\/06\/IMG_3369-150x150.jpg\" width=\"150\" height=\"150\" alt=\"\" \/><\/a>\n<\/dt><\/dl><dl class=\"gallery-item\">\n<dt class=\"gallery-icon\">\n<a href=\"https:\/\/www.spkatarzyna.pl\/wp-content\/uploads\/2024\/06\/IMG_3625-300x200.jpg\" title=\"\" rel=\"gallery1\" rel=\"lightbox[10629]\"><img loading=\"lazy\" decoding=\"async\" src=\"https:\/\/www.spkatarzyna.pl\/wp-content\/uploads\/2024\/06\/IMG_3625-150x150.jpg\" width=\"150\" height=\"150\" alt=\"\" \/><\/a>\n<\/dt><\/dl><dl class=\"gallery-item\">\n<dt class=\"gallery-icon\">\n<a href=\"https:\/\/www.spkatarzyna.pl\/wp-content\/uploads\/2024\/06\/IMG_3628-300x200.jpg\" title=\"\" rel=\"gallery1\" rel=\"lightbox[10629]\"><img loading=\"lazy\" decoding=\"async\" src=\"https:\/\/www.spkatarzyna.pl\/wp-content\/uploads\/2024\/06\/IMG_3628-150x150.jpg\" width=\"150\" height=\"150\" alt=\"\" \/><\/a>\n<\/dt><\/dl><br style=\"clear: both\" \/><dl class=\"gallery-item\">\n<dt class=\"gallery-icon\">\n<a href=\"https:\/\/www.spkatarzyna.pl\/wp-content\/uploads\/2024\/06\/IMG_3663-300x200.jpg\" title=\"\" rel=\"gallery1\" rel=\"lightbox[10629]\"><img loading=\"lazy\" decoding=\"async\" src=\"https:\/\/www.spkatarzyna.pl\/wp-content\/uploads\/2024\/06\/IMG_3663-150x150.jpg\" width=\"150\" height=\"150\" alt=\"\" \/><\/a>\n<\/dt><\/dl><dl class=\"gallery-item\">\n<dt class=\"gallery-icon\">\n<a href=\"https:\/\/www.spkatarzyna.pl\/wp-content\/uploads\/2024\/06\/IMG_3672-300x200.jpg\" title=\"\" rel=\"gallery1\" rel=\"lightbox[10629]\"><img loading=\"lazy\" decoding=\"async\" src=\"https:\/\/www.spkatarzyna.pl\/wp-content\/uploads\/2024\/06\/IMG_3672-150x150.jpg\" width=\"150\" height=\"150\" alt=\"\" \/><\/a>\n<\/dt><\/dl><dl class=\"gallery-item\">\n<dt class=\"gallery-icon\">\n<a href=\"https:\/\/www.spkatarzyna.pl\/wp-content\/uploads\/2024\/06\/IMG_3582-300x200.jpg\" title=\"\" rel=\"gallery1\" rel=\"lightbox[10629]\"><img loading=\"lazy\" decoding=\"async\" src=\"https:\/\/www.spkatarzyna.pl\/wp-content\/uploads\/2024\/06\/IMG_3582-150x150.jpg\" width=\"150\" height=\"150\" alt=\"\" \/><\/a>\n<\/dt><\/dl><dl class=\"gallery-item\">\n<dt class=\"gallery-icon\">\n<a href=\"https:\/\/www.spkatarzyna.pl\/wp-content\/uploads\/2024\/06\/IMG_3648-300x200.jpg\" title=\"\" rel=\"gallery1\" rel=\"lightbox[10629]\"><img loading=\"lazy\" decoding=\"async\" src=\"https:\/\/www.spkatarzyna.pl\/wp-content\/uploads\/2024\/06\/IMG_3648-150x150.jpg\" width=\"150\" height=\"150\" alt=\"\" \/><\/a>\n<\/dt><\/dl><dl class=\"gallery-item\">\n<dt class=\"gallery-icon\">\n<a href=\"https:\/\/www.spkatarzyna.pl\/wp-content\/uploads\/2024\/06\/IMG_4654-1-300x200.jpg\" title=\"\" rel=\"gallery1\" rel=\"lightbox[10629]\"><img loading=\"lazy\" decoding=\"async\" src=\"https:\/\/www.spkatarzyna.pl\/wp-content\/uploads\/2024\/06\/IMG_4654-1-150x150.jpg\" width=\"150\" height=\"150\" alt=\"\" \/><\/a>\n<\/dt><\/dl><dl class=\"gallery-item\">\n<dt class=\"gallery-icon\">\n<a href=\"https:\/\/www.spkatarzyna.pl\/wp-content\/uploads\/2024\/06\/IMG_4632-300x200.jpg\" title=\"\" rel=\"gallery1\" rel=\"lightbox[10629]\"><img loading=\"lazy\" decoding=\"async\" src=\"https:\/\/www.spkatarzyna.pl\/wp-content\/uploads\/2024\/06\/IMG_4632-150x150.jpg\" width=\"150\" height=\"150\" alt=\"\" \/><\/a>\n<\/dt><\/dl><br style=\"clear: both\" \/><br style=\"clear: both\" \/><\/div>\t\t<\/div>\n\t\t\t\t\t\t<\/div>\n\t\t\t\t\t<\/div>\n\t\t<\/div>\n\t\t\t\t\t<\/div>\n\t\t<\/section>\n\t\t\t\t<\/div>\n\t\t","protected":false},"excerpt":{"rendered":"<p>Nasza bajka w\u0142a\u015bnie si\u0119 pisze.&#8230;.&nbsp; 29.05. 2024 r.&nbsp; odby\u0142y si\u0119 w naszej szkole obchody Dnia Dziecka i Dnia Patrona.&nbsp; Atrakcji by\u0142o mn\u00f3stwo, mamy nadziej\u0119,&nbsp; \u017ce zapami\u0119tacie je na d\u0142ugo. Dopisa\u0142y nam pogoda, humory i energia! Nietypowe \u201clekcje\u201d kleksografii, geografii, chemii z doktorem Paj Chi Wo cieszy\u0142y si\u0119 ogromnym zainteresowaniem. Dodatkowo [&hellip;]<\/p>\n","protected":false},"author":6,"featured_media":10630,"comment_status":"open","ping_status":"open","sticky":false,"template":"","format":"standard","meta":{"om_disable_all_campaigns":false,"_monsterinsights_skip_tracking":false,"ngg_post_thumbnail":0,"footnotes":""},"categories":[1],"tags":[],"class_list":["post-10629","post","type-post","status-publish","format-standard","has-post-thumbnail","hentry","category-uncategorized"],"aioseo_notices":[],"aioseo_head":"\n\t\t<!-- All in One SEO 5.0.1.1 - aioseo.com -->\n\t<meta name=\"description\" content=\"Nasza bajka w\u0142a\u015bnie si\u0119 pisze.\u2026. 29.05. 2024 r. odby\u0142y si\u0119 w naszej szkole obchody Dnia Dziecka i Dnia Patrona. Atrakcji by\u0142o mn\u00f3stwo, mamy nadziej\u0119, \u017ce zapami\u0119tacie je na d\u0142ugo. Dopisa\u0142y nam pogoda, humory i energia! Nietypowe \u201clekcje\u201d kleksografii, geografii, chemii z doktorem Paj Chi Wo cieszy\u0142y si\u0119 ogromnym zainteresowaniem. Dodatkowo zabaw\u0119 rozweseli\u0142 animator Pan Lisek, kt\u00f3ry przygotowa\u0142\" \/>\n\t<meta name=\"robots\" content=\"max-image-preview:large\" \/>\n\t<meta name=\"author\" content=\"Redakcja\"\/>\n\t<link rel=\"canonical\" href=\"https:\/\/www.spkatarzyna.pl\/index.php\/2024\/06\/04\/dzien-dziecka-i-dzien-patrona\/\" \/>\n\t<meta name=\"generator\" content=\"All in One SEO (AIOSEO) 5.0.1.1\" \/>\n\t\t<meta property=\"og:locale\" content=\"pl_PL\" \/>\n\t\t<meta property=\"og:site_name\" content=\"SP Katarzyna - Publiczna Szko\u0142a Podstawowa w \u015awi\u0119tej Katarzynie\" \/>\n\t\t<meta property=\"og:type\" content=\"article\" \/>\n\t\t<meta property=\"og:title\" content=\"Dzie\u0144 Dziecka i Dzie\u0144 Patrona - SP Katarzyna\" \/>\n\t\t<meta property=\"og:description\" content=\"Nasza bajka w\u0142a\u015bnie si\u0119 pisze.\u2026. 29.05. 2024 r. odby\u0142y si\u0119 w naszej szkole obchody Dnia Dziecka i Dnia Patrona. Atrakcji by\u0142o mn\u00f3stwo, mamy nadziej\u0119, \u017ce zapami\u0119tacie je na d\u0142ugo. Dopisa\u0142y nam pogoda, humory i energia! Nietypowe \u201clekcje\u201d kleksografii, geografii, chemii z doktorem Paj Chi Wo cieszy\u0142y si\u0119 ogromnym zainteresowaniem. Dodatkowo zabaw\u0119 rozweseli\u0142 animator Pan Lisek, kt\u00f3ry przygotowa\u0142\" \/>\n\t\t<meta property=\"og:url\" content=\"https:\/\/www.spkatarzyna.pl\/index.php\/2024\/06\/04\/dzien-dziecka-i-dzien-patrona\/\" \/>\n\t\t<meta property=\"article:published_time\" content=\"2024-06-04T17:07:02+00:00\" \/>\n\t\t<meta property=\"article:modified_time\" content=\"2024-06-04T17:09:10+00:00\" \/>\n\t\t<meta name=\"twitter:card\" content=\"summary_large_image\" \/>\n\t\t<meta name=\"twitter:title\" content=\"Dzie\u0144 Dziecka i Dzie\u0144 Patrona - SP Katarzyna\" \/>\n\t\t<meta name=\"twitter:description\" content=\"Nasza bajka w\u0142a\u015bnie si\u0119 pisze.\u2026. 29.05. 2024 r. odby\u0142y si\u0119 w naszej szkole obchody Dnia Dziecka i Dnia Patrona. Atrakcji by\u0142o mn\u00f3stwo, mamy nadziej\u0119, \u017ce zapami\u0119tacie je na d\u0142ugo. Dopisa\u0142y nam pogoda, humory i energia! Nietypowe \u201clekcje\u201d kleksografii, geografii, chemii z doktorem Paj Chi Wo cieszy\u0142y si\u0119 ogromnym zainteresowaniem. Dodatkowo zabaw\u0119 rozweseli\u0142 animator Pan Lisek, kt\u00f3ry przygotowa\u0142\" \/>\n\t\t<script type=\"application\/ld+json\" class=\"aioseo-schema\">\n\t\t\t{\"@context\":\"https:\\\/\\\/schema.org\",\"@graph\":[{\"@type\":\"BlogPosting\",\"@id\":\"https:\\\/\\\/www.spkatarzyna.pl\\\/index.php\\\/2024\\\/06\\\/04\\\/dzien-dziecka-i-dzien-patrona\\\/#blogposting\",\"name\":\"Dzie\\u0144 Dziecka i Dzie\\u0144 Patrona - SP Katarzyna\",\"headline\":\"Dzie\\u0144 Dziecka i Dzie\\u0144 Patrona\",\"author\":{\"@id\":\"https:\\\/\\\/www.spkatarzyna.pl\\\/index.php\\\/author\\\/agatasafianspkatarzyna-pl\\\/#author\"},\"publisher\":{\"@id\":\"https:\\\/\\\/www.spkatarzyna.pl\\\/#organization\"},\"image\":{\"@type\":\"ImageObject\",\"url\":\"https:\\\/\\\/www.spkatarzyna.pl\\\/wp-content\\\/uploads\\\/2024\\\/06\\\/IMG_3366.jpg\",\"width\":360,\"height\":202},\"datePublished\":\"2024-06-04T17:07:02+02:00\",\"dateModified\":\"2024-06-04T17:09:10+02:00\",\"inLanguage\":\"pl-PL\",\"mainEntityOfPage\":{\"@id\":\"https:\\\/\\\/www.spkatarzyna.pl\\\/index.php\\\/2024\\\/06\\\/04\\\/dzien-dziecka-i-dzien-patrona\\\/#webpage\"},\"isPartOf\":{\"@id\":\"https:\\\/\\\/www.spkatarzyna.pl\\\/index.php\\\/2024\\\/06\\\/04\\\/dzien-dziecka-i-dzien-patrona\\\/#webpage\"},\"articleSection\":\"Uncategorized\"},{\"@type\":\"BreadcrumbList\",\"@id\":\"https:\\\/\\\/www.spkatarzyna.pl\\\/index.php\\\/2024\\\/06\\\/04\\\/dzien-dziecka-i-dzien-patrona\\\/#breadcrumblist\",\"itemListElement\":[{\"@type\":\"ListItem\",\"@id\":\"https:\\\/\\\/www.spkatarzyna.pl#listItem\",\"position\":1,\"name\":\"Dom\",\"item\":\"https:\\\/\\\/www.spkatarzyna.pl\",\"nextItem\":{\"@type\":\"ListItem\",\"@id\":\"https:\\\/\\\/www.spkatarzyna.pl\\\/index.php\\\/category\\\/uncategorized\\\/#listItem\",\"name\":\"Uncategorized\"}},{\"@type\":\"ListItem\",\"@id\":\"https:\\\/\\\/www.spkatarzyna.pl\\\/index.php\\\/category\\\/uncategorized\\\/#listItem\",\"position\":2,\"name\":\"Uncategorized\",\"item\":\"https:\\\/\\\/www.spkatarzyna.pl\\\/index.php\\\/category\\\/uncategorized\\\/\",\"nextItem\":{\"@type\":\"ListItem\",\"@id\":\"https:\\\/\\\/www.spkatarzyna.pl\\\/index.php\\\/2024\\\/06\\\/04\\\/dzien-dziecka-i-dzien-patrona\\\/#listItem\",\"name\":\"Dzie\\u0144 Dziecka i Dzie\\u0144 Patrona\"},\"previousItem\":{\"@type\":\"ListItem\",\"@id\":\"https:\\\/\\\/www.spkatarzyna.pl#listItem\",\"name\":\"Dom\"}},{\"@type\":\"ListItem\",\"@id\":\"https:\\\/\\\/www.spkatarzyna.pl\\\/index.php\\\/2024\\\/06\\\/04\\\/dzien-dziecka-i-dzien-patrona\\\/#listItem\",\"position\":3,\"name\":\"Dzie\\u0144 Dziecka i Dzie\\u0144 Patrona\",\"previousItem\":{\"@type\":\"ListItem\",\"@id\":\"https:\\\/\\\/www.spkatarzyna.pl\\\/index.php\\\/category\\\/uncategorized\\\/#listItem\",\"name\":\"Uncategorized\"}}]},{\"@type\":\"Organization\",\"@id\":\"https:\\\/\\\/www.spkatarzyna.pl\\\/#organization\",\"name\":\"SP Katarzyna\",\"description\":\"Publiczna Szko\\u0142a Podstawowa w \\u015awi\\u0119tej Katarzynie\",\"url\":\"https:\\\/\\\/www.spkatarzyna.pl\\\/\",\"telephone\":\"+48713116378\",\"sameAs\":[\"https:\\\/\\\/facebook.com\\\/\",\"https:\\\/\\\/x.com\\\/\",\"https:\\\/\\\/instagram.com\\\/\",\"https:\\\/\\\/pinterest.com\\\/\",\"https:\\\/\\\/youtube.com\\\/\",\"https:\\\/\\\/linkedin.com\\\/in\\\/\"]},{\"@type\":\"Person\",\"@id\":\"https:\\\/\\\/www.spkatarzyna.pl\\\/index.php\\\/author\\\/agatasafianspkatarzyna-pl\\\/#author\",\"url\":\"https:\\\/\\\/www.spkatarzyna.pl\\\/index.php\\\/author\\\/agatasafianspkatarzyna-pl\\\/\",\"name\":\"Redakcja\",\"image\":{\"@type\":\"ImageObject\",\"@id\":\"https:\\\/\\\/www.spkatarzyna.pl\\\/index.php\\\/2024\\\/06\\\/04\\\/dzien-dziecka-i-dzien-patrona\\\/#authorImage\",\"url\":\"https:\\\/\\\/secure.gravatar.com\\\/avatar\\\/765290513df94d442152250e92b42327?s=96&d=mm&r=g\",\"width\":96,\"height\":96,\"caption\":\"Redakcja\"}},{\"@type\":\"WebPage\",\"@id\":\"https:\\\/\\\/www.spkatarzyna.pl\\\/index.php\\\/2024\\\/06\\\/04\\\/dzien-dziecka-i-dzien-patrona\\\/#webpage\",\"url\":\"https:\\\/\\\/www.spkatarzyna.pl\\\/index.php\\\/2024\\\/06\\\/04\\\/dzien-dziecka-i-dzien-patrona\\\/\",\"name\":\"Dzie\\u0144 Dziecka i Dzie\\u0144 Patrona - SP Katarzyna\",\"description\":\"Nasza bajka w\\u0142a\\u015bnie si\\u0119 pisze.\\u2026. 29.05. 2024 r. odby\\u0142y si\\u0119 w naszej szkole obchody Dnia Dziecka i Dnia Patrona. Atrakcji by\\u0142o mn\\u00f3stwo, mamy nadziej\\u0119, \\u017ce zapami\\u0119tacie je na d\\u0142ugo. Dopisa\\u0142y nam pogoda, humory i energia! Nietypowe \\u201clekcje\\u201d kleksografii, geografii, chemii z doktorem Paj Chi Wo cieszy\\u0142y si\\u0119 ogromnym zainteresowaniem. Dodatkowo zabaw\\u0119 rozweseli\\u0142 animator Pan Lisek, kt\\u00f3ry przygotowa\\u0142\",\"inLanguage\":\"pl-PL\",\"isPartOf\":{\"@id\":\"https:\\\/\\\/www.spkatarzyna.pl\\\/#website\"},\"breadcrumb\":{\"@id\":\"https:\\\/\\\/www.spkatarzyna.pl\\\/index.php\\\/2024\\\/06\\\/04\\\/dzien-dziecka-i-dzien-patrona\\\/#breadcrumblist\"},\"author\":{\"@id\":\"https:\\\/\\\/www.spkatarzyna.pl\\\/index.php\\\/author\\\/agatasafianspkatarzyna-pl\\\/#author\"},\"creator\":{\"@id\":\"https:\\\/\\\/www.spkatarzyna.pl\\\/index.php\\\/author\\\/agatasafianspkatarzyna-pl\\\/#author\"},\"image\":{\"@type\":\"ImageObject\",\"url\":\"https:\\\/\\\/www.spkatarzyna.pl\\\/wp-content\\\/uploads\\\/2024\\\/06\\\/IMG_3366.jpg\",\"@id\":\"https:\\\/\\\/www.spkatarzyna.pl\\\/index.php\\\/2024\\\/06\\\/04\\\/dzien-dziecka-i-dzien-patrona\\\/#mainImage\",\"width\":360,\"height\":202},\"primaryImageOfPage\":{\"@id\":\"https:\\\/\\\/www.spkatarzyna.pl\\\/index.php\\\/2024\\\/06\\\/04\\\/dzien-dziecka-i-dzien-patrona\\\/#mainImage\"},\"datePublished\":\"2024-06-04T17:07:02+02:00\",\"dateModified\":\"2024-06-04T17:09:10+02:00\"},{\"@type\":\"WebSite\",\"@id\":\"https:\\\/\\\/www.spkatarzyna.pl\\\/#website\",\"url\":\"https:\\\/\\\/www.spkatarzyna.pl\\\/\",\"name\":\"SP Katarzyna\",\"description\":\"Publiczna Szko\\u0142a Podstawowa w \\u015awi\\u0119tej Katarzynie\",\"inLanguage\":\"pl-PL\",\"publisher\":{\"@id\":\"https:\\\/\\\/www.spkatarzyna.pl\\\/#organization\"}}]}\n\t\t<\/script>\n\t\t<!-- All in One SEO -->\n\n","aioseo_head_json":{"title":"Dzie\u0144 Dziecka i Dzie\u0144 Patrona - SP Katarzyna","description":"Nasza bajka w\u0142a\u015bnie si\u0119 pisze.\u2026. 29.05. 2024 r. odby\u0142y si\u0119 w naszej szkole obchody Dnia Dziecka i Dnia Patrona. Atrakcji by\u0142o mn\u00f3stwo, mamy nadziej\u0119, \u017ce zapami\u0119tacie je na d\u0142ugo. Dopisa\u0142y nam pogoda, humory i energia! Nietypowe \u201clekcje\u201d kleksografii, geografii, chemii z doktorem Paj Chi Wo cieszy\u0142y si\u0119 ogromnym zainteresowaniem. Dodatkowo zabaw\u0119 rozweseli\u0142 animator Pan Lisek, kt\u00f3ry przygotowa\u0142","canonical_url":"https:\/\/www.spkatarzyna.pl\/index.php\/2024\/06\/04\/dzien-dziecka-i-dzien-patrona\/","robots":"max-image-preview:large","keywords":"","webmasterTools":{"miscellaneous":""},"schema":{"@context":"https:\/\/schema.org","@graph":[{"@type":"BlogPosting","@id":"https:\/\/www.spkatarzyna.pl\/index.php\/2024\/06\/04\/dzien-dziecka-i-dzien-patrona\/#blogposting","name":"Dzie\u0144 Dziecka i Dzie\u0144 Patrona - SP Katarzyna","headline":"Dzie\u0144 Dziecka i Dzie\u0144 Patrona","author":{"@id":"https:\/\/www.spkatarzyna.pl\/index.php\/author\/agatasafianspkatarzyna-pl\/#author"},"publisher":{"@id":"https:\/\/www.spkatarzyna.pl\/#organization"},"image":{"@type":"ImageObject","url":"https:\/\/www.spkatarzyna.pl\/wp-content\/uploads\/2024\/06\/IMG_3366.jpg","width":360,"height":202},"datePublished":"2024-06-04T17:07:02+02:00","dateModified":"2024-06-04T17:09:10+02:00","inLanguage":"pl-PL","mainEntityOfPage":{"@id":"https:\/\/www.spkatarzyna.pl\/index.php\/2024\/06\/04\/dzien-dziecka-i-dzien-patrona\/#webpage"},"isPartOf":{"@id":"https:\/\/www.spkatarzyna.pl\/index.php\/2024\/06\/04\/dzien-dziecka-i-dzien-patrona\/#webpage"},"articleSection":"Uncategorized"},{"@type":"BreadcrumbList","@id":"https:\/\/www.spkatarzyna.pl\/index.php\/2024\/06\/04\/dzien-dziecka-i-dzien-patrona\/#breadcrumblist","itemListElement":[{"@type":"ListItem","@id":"https:\/\/www.spkatarzyna.pl#listItem","position":1,"name":"Dom","item":"https:\/\/www.spkatarzyna.pl","nextItem":{"@type":"ListItem","@id":"https:\/\/www.spkatarzyna.pl\/index.php\/category\/uncategorized\/#listItem","name":"Uncategorized"}},{"@type":"ListItem","@id":"https:\/\/www.spkatarzyna.pl\/index.php\/category\/uncategorized\/#listItem","position":2,"name":"Uncategorized","item":"https:\/\/www.spkatarzyna.pl\/index.php\/category\/uncategorized\/","nextItem":{"@type":"ListItem","@id":"https:\/\/www.spkatarzyna.pl\/index.php\/2024\/06\/04\/dzien-dziecka-i-dzien-patrona\/#listItem","name":"Dzie\u0144 Dziecka i Dzie\u0144 Patrona"},"previousItem":{"@type":"ListItem","@id":"https:\/\/www.spkatarzyna.pl#listItem","name":"Dom"}},{"@type":"ListItem","@id":"https:\/\/www.spkatarzyna.pl\/index.php\/2024\/06\/04\/dzien-dziecka-i-dzien-patrona\/#listItem","position":3,"name":"Dzie\u0144 Dziecka i Dzie\u0144 Patrona","previousItem":{"@type":"ListItem","@id":"https:\/\/www.spkatarzyna.pl\/index.php\/category\/uncategorized\/#listItem","name":"Uncategorized"}}]},{"@type":"Organization","@id":"https:\/\/www.spkatarzyna.pl\/#organization","name":"SP Katarzyna","description":"Publiczna Szko\u0142a Podstawowa w \u015awi\u0119tej Katarzynie","url":"https:\/\/www.spkatarzyna.pl\/","telephone":"+48713116378","sameAs":["https:\/\/facebook.com\/","https:\/\/x.com\/","https:\/\/instagram.com\/","https:\/\/pinterest.com\/","https:\/\/youtube.com\/","https:\/\/linkedin.com\/in\/"]},{"@type":"Person","@id":"https:\/\/www.spkatarzyna.pl\/index.php\/author\/agatasafianspkatarzyna-pl\/#author","url":"https:\/\/www.spkatarzyna.pl\/index.php\/author\/agatasafianspkatarzyna-pl\/","name":"Redakcja","image":{"@type":"ImageObject","@id":"https:\/\/www.spkatarzyna.pl\/index.php\/2024\/06\/04\/dzien-dziecka-i-dzien-patrona\/#authorImage","url":"https:\/\/secure.gravatar.com\/avatar\/765290513df94d442152250e92b42327?s=96&d=mm&r=g","width":96,"height":96,"caption":"Redakcja"}},{"@type":"WebPage","@id":"https:\/\/www.spkatarzyna.pl\/index.php\/2024\/06\/04\/dzien-dziecka-i-dzien-patrona\/#webpage","url":"https:\/\/www.spkatarzyna.pl\/index.php\/2024\/06\/04\/dzien-dziecka-i-dzien-patrona\/","name":"Dzie\u0144 Dziecka i Dzie\u0144 Patrona - SP Katarzyna","description":"Nasza bajka w\u0142a\u015bnie si\u0119 pisze.\u2026. 29.05. 2024 r. odby\u0142y si\u0119 w naszej szkole obchody Dnia Dziecka i Dnia Patrona. Atrakcji by\u0142o mn\u00f3stwo, mamy nadziej\u0119, \u017ce zapami\u0119tacie je na d\u0142ugo. Dopisa\u0142y nam pogoda, humory i energia! Nietypowe \u201clekcje\u201d kleksografii, geografii, chemii z doktorem Paj Chi Wo cieszy\u0142y si\u0119 ogromnym zainteresowaniem. Dodatkowo zabaw\u0119 rozweseli\u0142 animator Pan Lisek, kt\u00f3ry przygotowa\u0142","inLanguage":"pl-PL","isPartOf":{"@id":"https:\/\/www.spkatarzyna.pl\/#website"},"breadcrumb":{"@id":"https:\/\/www.spkatarzyna.pl\/index.php\/2024\/06\/04\/dzien-dziecka-i-dzien-patrona\/#breadcrumblist"},"author":{"@id":"https:\/\/www.spkatarzyna.pl\/index.php\/author\/agatasafianspkatarzyna-pl\/#author"},"creator":{"@id":"https:\/\/www.spkatarzyna.pl\/index.php\/author\/agatasafianspkatarzyna-pl\/#author"},"image":{"@type":"ImageObject","url":"https:\/\/www.spkatarzyna.pl\/wp-content\/uploads\/2024\/06\/IMG_3366.jpg","@id":"https:\/\/www.spkatarzyna.pl\/index.php\/2024\/06\/04\/dzien-dziecka-i-dzien-patrona\/#mainImage","width":360,"height":202},"primaryImageOfPage":{"@id":"https:\/\/www.spkatarzyna.pl\/index.php\/2024\/06\/04\/dzien-dziecka-i-dzien-patrona\/#mainImage"},"datePublished":"2024-06-04T17:07:02+02:00","dateModified":"2024-06-04T17:09:10+02:00"},{"@type":"WebSite","@id":"https:\/\/www.spkatarzyna.pl\/#website","url":"https:\/\/www.spkatarzyna.pl\/","name":"SP Katarzyna","description":"Publiczna Szko\u0142a Podstawowa w \u015awi\u0119tej Katarzynie","inLanguage":"pl-PL","publisher":{"@id":"https:\/\/www.spkatarzyna.pl\/#organization"}}]},"og:locale":"pl_PL","og:site_name":"SP Katarzyna - Publiczna Szko\u0142a Podstawowa w \u015awi\u0119tej Katarzynie","og:type":"article","og:title":"Dzie\u0144 Dziecka i Dzie\u0144 Patrona - SP Katarzyna","og:description":"Nasza bajka w\u0142a\u015bnie si\u0119 pisze.\u2026. 29.05. 2024 r. odby\u0142y si\u0119 w naszej szkole obchody Dnia Dziecka i Dnia Patrona. Atrakcji by\u0142o mn\u00f3stwo, mamy nadziej\u0119, \u017ce zapami\u0119tacie je na d\u0142ugo. Dopisa\u0142y nam pogoda, humory i energia! Nietypowe \u201clekcje\u201d kleksografii, geografii, chemii z doktorem Paj Chi Wo cieszy\u0142y si\u0119 ogromnym zainteresowaniem. Dodatkowo zabaw\u0119 rozweseli\u0142 animator Pan Lisek, kt\u00f3ry przygotowa\u0142","og:url":"https:\/\/www.spkatarzyna.pl\/index.php\/2024\/06\/04\/dzien-dziecka-i-dzien-patrona\/","article:published_time":"2024-06-04T17:07:02+00:00","article:modified_time":"2024-06-04T17:09:10+00:00","twitter:card":"summary_large_image","twitter:title":"Dzie\u0144 Dziecka i Dzie\u0144 Patrona - SP Katarzyna","twitter:description":"Nasza bajka w\u0142a\u015bnie si\u0119 pisze.\u2026. 29.05. 2024 r. odby\u0142y si\u0119 w naszej szkole obchody Dnia Dziecka i Dnia Patrona. Atrakcji by\u0142o mn\u00f3stwo, mamy nadziej\u0119, \u017ce zapami\u0119tacie je na d\u0142ugo. Dopisa\u0142y nam pogoda, humory i energia! Nietypowe \u201clekcje\u201d kleksografii, geografii, chemii z doktorem Paj Chi Wo cieszy\u0142y si\u0119 ogromnym zainteresowaniem. Dodatkowo zabaw\u0119 rozweseli\u0142 animator Pan Lisek, kt\u00f3ry przygotowa\u0142"},"aioseo_meta_data":{"post_id":"10629","title":null,"description":null,"keywords":null,"keyphrases":{"focus":{"keyphrase":"","score":0,"analysis":{"keyphraseInTitle":{"score":0,"maxScore":9,"error":1}}},"additional":[]},"primary_term":null,"canonical_url":null,"og_title":null,"og_description":null,"og_object_type":"default","og_image_type":"default","og_image_url":null,"og_image_width":null,"og_image_height":null,"og_image_custom_url":null,"og_image_custom_fields":null,"og_video":"","og_custom_url":null,"og_article_section":null,"og_article_tags":null,"twitter_use_og":false,"twitter_card":"default","twitter_image_type":"default","twitter_image_url":null,"twitter_image_custom_url":null,"twitter_image_custom_fields":null,"twitter_title":null,"twitter_description":null,"schema":{"blockGraphs":[],"customGraphs":[],"default":{"data":{"Article":[],"Course":[],"Dataset":[],"FAQPage":[],"Movie":[],"Person":[],"Product":[],"ProductReview":[],"Car":[],"Recipe":[],"Service":[],"SoftwareApplication":[],"WebPage":[]},"graphName":"BlogPosting","isEnabled":true},"graphs":[]},"schema_type":"default","schema_type_options":null,"pillar_content":false,"robots_default":true,"robots_noindex":false,"robots_noarchive":false,"robots_nosnippet":false,"robots_nofollow":false,"robots_noimageindex":false,"robots_noodp":false,"robots_notranslate":false,"robots_max_snippet":"-1","robots_max_videopreview":"-1","robots_max_imagepreview":"large","priority":null,"frequency":"default","local_seo":null,"limit_modified_date":false,"created":"2024-06-04 08:04:02","updated":"2026-09-03 15:37:31","focus_keyword":null,"additional_keywords":null,"truseo_locale":null,"ai":null,"breadcrumb_settings":null,"seo_analyzer_scan_date":null},"aioseo_breadcrumb":"<div class=\"aioseo-breadcrumbs\"><span class=\"aioseo-breadcrumb\">\n\t\t\t<a href=\"https:\/\/www.spkatarzyna.pl\" title=\"Dom\">Dom<\/a>\n\t\t<\/span><span class=\"aioseo-breadcrumb-separator\">&raquo;<\/span><span class=\"aioseo-breadcrumb\">\n\t\t\t<a href=\"https:\/\/www.spkatarzyna.pl\/index.php\/category\/uncategorized\/\" title=\"Uncategorized\">Uncategorized<\/a>\n\t\t<\/span><span class=\"aioseo-breadcrumb-separator\">&raquo;<\/span><span class=\"aioseo-breadcrumb\">\n\t\t\tDzie\u0144 Dziecka i Dzie\u0144 Patrona\n\t\t<\/span><\/div>","aioseo_breadcrumb_json":[{"label":"Dom","link":"https:\/\/www.spkatarzyna.pl"},{"label":"Uncategorized","link":"https:\/\/www.spkatarzyna.pl\/index.php\/category\/uncategorized\/"},{"label":"Dzie\u0144 Dziecka i Dzie\u0144 Patrona","link":"https:\/\/www.spkatarzyna.pl\/index.php\/2024\/06\/04\/dzien-dziecka-i-dzien-patrona\/"}],"_links":{"self":[{"href":"https:\/\/www.spkatarzyna.pl\/index.php\/wp-json\/wp\/v2\/posts\/10629","targetHints":{"allow":["GET"]}}],"collection":[{"href":"https:\/\/www.spkatarzyna.pl\/index.php\/wp-json\/wp\/v2\/posts"}],"about":[{"href":"https:\/\/www.spkatarzyna.pl\/index.php\/wp-json\/wp\/v2\/types\/post"}],"author":[{"embeddable":true,"href":"https:\/\/www.spkatarzyna.pl\/index.php\/wp-json\/wp\/v2\/users\/6"}],"replies":[{"embeddable":true,"href":"https:\/\/www.spkatarzyna.pl\/index.php\/wp-json\/wp\/v2\/comments?post=10629"}],"version-history":[{"count":32,"href":"https:\/\/www.spkatarzyna.pl\/index.php\/wp-json\/wp\/v2\/posts\/10629\/revisions"}],"predecessor-version":[{"id":10747,"href":"https:\/\/www.spkatarzyna.pl\/index.php\/wp-json\/wp\/v2\/posts\/10629\/revisions\/10747"}],"wp:featuredmedia":[{"embeddable":true,"href":"https:\/\/www.spkatarzyna.pl\/index.php\/wp-json\/wp\/v2\/media\/10630"}],"wp:attachment":[{"href":"https:\/\/www.spkatarzyna.pl\/index.php\/wp-json\/wp\/v2\/media?parent=10629"}],"wp:term":[{"taxonomy":"category","embeddable":true,"href":"https:\/\/www.spkatarzyna.pl\/index.php\/wp-json\/wp\/v2\/categories?post=10629"},{"taxonomy":"post_tag","embeddable":true,"href":"https:\/\/www.spkatarzyna.pl\/index.php\/wp-json\/wp\/v2\/tags?post=10629"}],"curies":[{"name":"wp","href":"https:\/\/api.w.org\/{rel}","templated":true}]}}