{"id":10733,"date":"2024-06-04T17:06:26","date_gmt":"2024-06-04T17:06:26","guid":{"rendered":"https:\/\/www.spkatarzyna.pl\/?p=10733"},"modified":"2024-06-04T17:08:34","modified_gmt":"2024-06-04T17:08:34","slug":"dzien-afryki","status":"publish","type":"post","link":"https:\/\/www.spkatarzyna.pl\/index.php\/2024\/06\/04\/dzien-afryki\/","title":{"rendered":"Dzie\u0144 Afryki"},"content":{"rendered":"\t\t<div data-elementor-type=\"wp-post\" data-elementor-id=\"10733\" class=\"elementor elementor-10733\">\n\t\t\t\t\t\t<section class=\"elementor-section elementor-top-section elementor-element elementor-element-2179283a elementor-section-boxed elementor-section-height-default elementor-section-height-default\" data-id=\"2179283a\" data-element_type=\"section\">\n\t\t\t\t\t\t<div class=\"elementor-container elementor-column-gap-default\">\n\t\t\t\t\t<div class=\"elementor-column elementor-col-100 elementor-top-column elementor-element elementor-element-7395a7ca\" data-id=\"7395a7ca\" data-element_type=\"column\">\n\t\t\t<div class=\"elementor-widget-wrap elementor-element-populated\">\n\t\t\t\t\t\t<div class=\"elementor-element elementor-element-398a6fec elementor-widget elementor-widget-text-editor\" data-id=\"398a6fec\" data-element_type=\"widget\" data-widget_type=\"text-editor.default\">\n\t\t\t\t\t\t\t\t\t<p style=\"text-align: justify;\"><span style=\"font-size: 14pt; color: #000000;\">24 maja obchodzili\u015bmy Dzie\u0144 Afryki. W klasach nie zabrak\u0142o ciekawostek o afryka\u0144skich krajach, zwyczajach i zwierz\u0119tach. W szkole odby\u0142 si\u0119 kiermasz, na kt\u00f3rym mo\u017cna by\u0142o kupi\u0107 przysmaki Afryki (hummus, ciasteczka orzechowe, zielona herbata z mi\u0119t\u0105, czerwona herbata z wanili\u0105) oraz r\u0119kodzie\u0142a prosto z Kenii. Zebrana kwota 3968,55 z\u0142 zostanie przekazana na remont i wyposa\u017cenie szko\u0142y w Junju (w Kenii).&nbsp;<\/span><\/p>\r\n\r\n<div style=\"text-align: justify;\"><span style=\"font-size: 14pt; color: #000000;\">Sk\u0142adam serdeczne podzi\u0119kowania dla rodzic\u00f3w z klasy 1c oraz 1d za pomoc w przygotowaniu i obs\u0142udze kiermaszu.<\/span><\/div>\r\n<div>&nbsp;<\/div>\r\n<div style=\"text-align: right;\"><span style=\"font-size: 14pt; color: #000000;\">Katarzyna Mazur<\/span><\/div>\t\t\t\t\t\t\t\t<\/div>\n\t\t\t\t<div class=\"elementor-element elementor-element-7c5bdbd elementor-widget elementor-widget-image-gallery\" data-id=\"7c5bdbd\" data-element_type=\"widget\" data-widget_type=\"image-gallery.default\">\n\t\t\t\t\t\t\t<div class=\"elementor-image-gallery\">\n\t\t\t\n\t\t<div id='gallery-1' class='gallery galleryid-10733 gallery-columns-7 gallery-size-thumbnail gallery1'><script type=\"text\/javascript\">\n\/\/ <![CDATA[\n\tjQuery(document).ready(function () {\n\t\tjQuery(\".gallery1 a\").attr(\"rel\",\"gallery1\");\t\n\t\tjQuery('a[rel=\"gallery1\"]').colorbox({title: function(){ return jQuery(this).children().attr(\"alt\"); }});\n\t});\n\/\/ ]]>\n<\/script>\n<dl class=\"gallery-item\">\n<dt class=\"gallery-icon\">\n<a href=\"https:\/\/www.spkatarzyna.pl\/wp-content\/uploads\/2024\/06\/20240524_081815-300x225.jpg\" title=\"\" rel=\"gallery1\" rel=\"lightbox[10733]\"><img decoding=\"async\" src=\"https:\/\/www.spkatarzyna.pl\/wp-content\/uploads\/2024\/06\/20240524_081815-150x150.jpg\" width=\"150\" height=\"150\" alt=\"\" \/><\/a>\n<\/dt><\/dl><dl class=\"gallery-item\">\n<dt class=\"gallery-icon\">\n<a href=\"https:\/\/www.spkatarzyna.pl\/wp-content\/uploads\/2024\/06\/20240524_081819-300x225.jpg\" title=\"\" rel=\"gallery1\" rel=\"lightbox[10733]\"><img decoding=\"async\" src=\"https:\/\/www.spkatarzyna.pl\/wp-content\/uploads\/2024\/06\/20240524_081819-150x150.jpg\" width=\"150\" height=\"150\" alt=\"\" \/><\/a>\n<\/dt><\/dl><dl class=\"gallery-item\">\n<dt class=\"gallery-icon\">\n<a href=\"https:\/\/www.spkatarzyna.pl\/wp-content\/uploads\/2024\/06\/20240524_111506-300x225.jpg\" title=\"\" rel=\"gallery1\" rel=\"lightbox[10733]\"><img decoding=\"async\" src=\"https:\/\/www.spkatarzyna.pl\/wp-content\/uploads\/2024\/06\/20240524_111506-150x150.jpg\" width=\"150\" height=\"150\" alt=\"\" \/><\/a>\n<\/dt><\/dl><dl class=\"gallery-item\">\n<dt class=\"gallery-icon\">\n<a href=\"https:\/\/www.spkatarzyna.pl\/wp-content\/uploads\/2024\/06\/20240524_112220-300x225.jpg\" title=\"\" rel=\"gallery1\" rel=\"lightbox[10733]\"><img loading=\"lazy\" decoding=\"async\" src=\"https:\/\/www.spkatarzyna.pl\/wp-content\/uploads\/2024\/06\/20240524_112220-150x150.jpg\" width=\"150\" height=\"150\" alt=\"\" \/><\/a>\n<\/dt><\/dl><dl class=\"gallery-item\">\n<dt class=\"gallery-icon\">\n<a href=\"https:\/\/www.spkatarzyna.pl\/wp-content\/uploads\/2024\/06\/20240524_130605-225x300.jpg\" title=\"\" rel=\"gallery1\" rel=\"lightbox[10733]\"><img loading=\"lazy\" decoding=\"async\" src=\"https:\/\/www.spkatarzyna.pl\/wp-content\/uploads\/2024\/06\/20240524_130605-150x150.jpg\" width=\"150\" height=\"150\" alt=\"\" \/><\/a>\n<\/dt><\/dl><dl class=\"gallery-item\">\n<dt class=\"gallery-icon\">\n<a href=\"https:\/\/www.spkatarzyna.pl\/wp-content\/uploads\/2024\/06\/20240524_130643-225x300.jpg\" title=\"\" rel=\"gallery1\" rel=\"lightbox[10733]\"><img loading=\"lazy\" decoding=\"async\" src=\"https:\/\/www.spkatarzyna.pl\/wp-content\/uploads\/2024\/06\/20240524_130643-150x150.jpg\" width=\"150\" height=\"150\" alt=\"\" \/><\/a>\n<\/dt><\/dl><dl class=\"gallery-item\">\n<dt class=\"gallery-icon\">\n<a href=\"https:\/\/www.spkatarzyna.pl\/wp-content\/uploads\/2024\/06\/IMG-20240524-WA0000-300x219.jpg\" title=\"\" rel=\"gallery1\" rel=\"lightbox[10733]\"><img loading=\"lazy\" decoding=\"async\" src=\"https:\/\/www.spkatarzyna.pl\/wp-content\/uploads\/2024\/06\/IMG-20240524-WA0000-150x150.jpg\" width=\"150\" height=\"150\" alt=\"\" \/><\/a>\n<\/dt><\/dl><br style=\"clear: both\" \/><br style=\"clear: both\" \/><\/div>\t\t<\/div>\n\t\t\t\t\t\t<\/div>\n\t\t\t\t\t<\/div>\n\t\t<\/div>\n\t\t\t\t\t<\/div>\n\t\t<\/section>\n\t\t\t\t<\/div>\n\t\t","protected":false},"excerpt":{"rendered":"<p>24 maja obchodzili\u015bmy Dzie\u0144 Afryki. W klasach nie zabrak\u0142o ciekawostek o afryka\u0144skich krajach, zwyczajach i zwierz\u0119tach. W szkole odby\u0142 si\u0119 kiermasz, na kt\u00f3rym mo\u017cna by\u0142o kupi\u0107 przysmaki Afryki (hummus, ciasteczka orzechowe, zielona herbata z mi\u0119t\u0105, czerwona herbata z wanili\u0105) oraz r\u0119kodzie\u0142a prosto z Kenii. Zebrana kwota 3968,55 z\u0142 zostanie przekazana [&hellip;]<\/p>\n","protected":false},"author":6,"featured_media":10734,"comment_status":"open","ping_status":"open","sticky":false,"template":"","format":"standard","meta":{"om_disable_all_campaigns":false,"_monsterinsights_skip_tracking":false,"ngg_post_thumbnail":0,"footnotes":""},"categories":[1],"tags":[],"class_list":["post-10733","post","type-post","status-publish","format-standard","has-post-thumbnail","hentry","category-uncategorized"],"aioseo_notices":[],"aioseo_head":"\n\t\t<!-- All in One SEO 5.0.1.1 - aioseo.com -->\n\t<meta name=\"description\" content=\"24 maja obchodzili\u015bmy Dzie\u0144 Afryki. W klasach nie zabrak\u0142o ciekawostek o afryka\u0144skich krajach, zwyczajach i zwierz\u0119tach. W szkole odby\u0142 si\u0119 kiermasz, na kt\u00f3rym mo\u017cna by\u0142o kupi\u0107 przysmaki Afryki (hummus, ciasteczka orzechowe, zielona herbata z mi\u0119t\u0105, czerwona herbata z wanili\u0105) oraz r\u0119kodzie\u0142a prosto z Kenii. Zebrana kwota 3968,55 z\u0142 zostanie przekazana na remont i wyposa\u017cenie szko\u0142y\" \/>\n\t<meta name=\"robots\" content=\"max-image-preview:large\" \/>\n\t<meta name=\"author\" content=\"Redakcja\"\/>\n\t<link rel=\"canonical\" href=\"https:\/\/www.spkatarzyna.pl\/index.php\/2024\/06\/04\/dzien-afryki\/\" \/>\n\t<meta name=\"generator\" content=\"All in One SEO (AIOSEO) 5.0.1.1\" \/>\n\t\t<meta property=\"og:locale\" content=\"pl_PL\" \/>\n\t\t<meta property=\"og:site_name\" content=\"SP Katarzyna - Publiczna Szko\u0142a Podstawowa w \u015awi\u0119tej Katarzynie\" \/>\n\t\t<meta property=\"og:type\" content=\"article\" \/>\n\t\t<meta property=\"og:title\" content=\"Dzie\u0144 Afryki - SP Katarzyna\" \/>\n\t\t<meta property=\"og:description\" content=\"24 maja obchodzili\u015bmy Dzie\u0144 Afryki. W klasach nie zabrak\u0142o ciekawostek o afryka\u0144skich krajach, zwyczajach i zwierz\u0119tach. W szkole odby\u0142 si\u0119 kiermasz, na kt\u00f3rym mo\u017cna by\u0142o kupi\u0107 przysmaki Afryki (hummus, ciasteczka orzechowe, zielona herbata z mi\u0119t\u0105, czerwona herbata z wanili\u0105) oraz r\u0119kodzie\u0142a prosto z Kenii. Zebrana kwota 3968,55 z\u0142 zostanie przekazana na remont i wyposa\u017cenie szko\u0142y\" \/>\n\t\t<meta property=\"og:url\" content=\"https:\/\/www.spkatarzyna.pl\/index.php\/2024\/06\/04\/dzien-afryki\/\" \/>\n\t\t<meta property=\"article:published_time\" content=\"2024-06-04T17:06:26+00:00\" \/>\n\t\t<meta property=\"article:modified_time\" content=\"2024-06-04T17:08:34+00:00\" \/>\n\t\t<meta name=\"twitter:card\" content=\"summary_large_image\" \/>\n\t\t<meta name=\"twitter:title\" content=\"Dzie\u0144 Afryki - SP Katarzyna\" \/>\n\t\t<meta name=\"twitter:description\" content=\"24 maja obchodzili\u015bmy Dzie\u0144 Afryki. W klasach nie zabrak\u0142o ciekawostek o afryka\u0144skich krajach, zwyczajach i zwierz\u0119tach. W szkole odby\u0142 si\u0119 kiermasz, na kt\u00f3rym mo\u017cna by\u0142o kupi\u0107 przysmaki Afryki (hummus, ciasteczka orzechowe, zielona herbata z mi\u0119t\u0105, czerwona herbata z wanili\u0105) oraz r\u0119kodzie\u0142a prosto z Kenii. Zebrana kwota 3968,55 z\u0142 zostanie przekazana na remont i wyposa\u017cenie szko\u0142y\" \/>\n\t\t<script type=\"application\/ld+json\" class=\"aioseo-schema\">\n\t\t\t{\"@context\":\"https:\\\/\\\/schema.org\",\"@graph\":[{\"@type\":\"BlogPosting\",\"@id\":\"https:\\\/\\\/www.spkatarzyna.pl\\\/index.php\\\/2024\\\/06\\\/04\\\/dzien-afryki\\\/#blogposting\",\"name\":\"Dzie\\u0144 Afryki - SP Katarzyna\",\"headline\":\"Dzie\\u0144 Afryki\",\"author\":{\"@id\":\"https:\\\/\\\/www.spkatarzyna.pl\\\/index.php\\\/author\\\/agatasafianspkatarzyna-pl\\\/#author\"},\"publisher\":{\"@id\":\"https:\\\/\\\/www.spkatarzyna.pl\\\/#organization\"},\"image\":{\"@type\":\"ImageObject\",\"url\":\"https:\\\/\\\/www.spkatarzyna.pl\\\/wp-content\\\/uploads\\\/2024\\\/06\\\/20240524_130605-2.jpg\",\"width\":360,\"height\":202},\"datePublished\":\"2024-06-04T17:06:26+02:00\",\"dateModified\":\"2024-06-04T17:08:34+02:00\",\"inLanguage\":\"pl-PL\",\"mainEntityOfPage\":{\"@id\":\"https:\\\/\\\/www.spkatarzyna.pl\\\/index.php\\\/2024\\\/06\\\/04\\\/dzien-afryki\\\/#webpage\"},\"isPartOf\":{\"@id\":\"https:\\\/\\\/www.spkatarzyna.pl\\\/index.php\\\/2024\\\/06\\\/04\\\/dzien-afryki\\\/#webpage\"},\"articleSection\":\"Uncategorized\"},{\"@type\":\"BreadcrumbList\",\"@id\":\"https:\\\/\\\/www.spkatarzyna.pl\\\/index.php\\\/2024\\\/06\\\/04\\\/dzien-afryki\\\/#breadcrumblist\",\"itemListElement\":[{\"@type\":\"ListItem\",\"@id\":\"https:\\\/\\\/www.spkatarzyna.pl#listItem\",\"position\":1,\"name\":\"Dom\",\"item\":\"https:\\\/\\\/www.spkatarzyna.pl\",\"nextItem\":{\"@type\":\"ListItem\",\"@id\":\"https:\\\/\\\/www.spkatarzyna.pl\\\/index.php\\\/category\\\/uncategorized\\\/#listItem\",\"name\":\"Uncategorized\"}},{\"@type\":\"ListItem\",\"@id\":\"https:\\\/\\\/www.spkatarzyna.pl\\\/index.php\\\/category\\\/uncategorized\\\/#listItem\",\"position\":2,\"name\":\"Uncategorized\",\"item\":\"https:\\\/\\\/www.spkatarzyna.pl\\\/index.php\\\/category\\\/uncategorized\\\/\",\"nextItem\":{\"@type\":\"ListItem\",\"@id\":\"https:\\\/\\\/www.spkatarzyna.pl\\\/index.php\\\/2024\\\/06\\\/04\\\/dzien-afryki\\\/#listItem\",\"name\":\"Dzie\\u0144 Afryki\"},\"previousItem\":{\"@type\":\"ListItem\",\"@id\":\"https:\\\/\\\/www.spkatarzyna.pl#listItem\",\"name\":\"Dom\"}},{\"@type\":\"ListItem\",\"@id\":\"https:\\\/\\\/www.spkatarzyna.pl\\\/index.php\\\/2024\\\/06\\\/04\\\/dzien-afryki\\\/#listItem\",\"position\":3,\"name\":\"Dzie\\u0144 Afryki\",\"previousItem\":{\"@type\":\"ListItem\",\"@id\":\"https:\\\/\\\/www.spkatarzyna.pl\\\/index.php\\\/category\\\/uncategorized\\\/#listItem\",\"name\":\"Uncategorized\"}}]},{\"@type\":\"Organization\",\"@id\":\"https:\\\/\\\/www.spkatarzyna.pl\\\/#organization\",\"name\":\"SP Katarzyna\",\"description\":\"Publiczna Szko\\u0142a Podstawowa w \\u015awi\\u0119tej Katarzynie\",\"url\":\"https:\\\/\\\/www.spkatarzyna.pl\\\/\",\"telephone\":\"+48713116378\",\"sameAs\":[\"https:\\\/\\\/facebook.com\\\/\",\"https:\\\/\\\/x.com\\\/\",\"https:\\\/\\\/instagram.com\\\/\",\"https:\\\/\\\/pinterest.com\\\/\",\"https:\\\/\\\/youtube.com\\\/\",\"https:\\\/\\\/linkedin.com\\\/in\\\/\"]},{\"@type\":\"Person\",\"@id\":\"https:\\\/\\\/www.spkatarzyna.pl\\\/index.php\\\/author\\\/agatasafianspkatarzyna-pl\\\/#author\",\"url\":\"https:\\\/\\\/www.spkatarzyna.pl\\\/index.php\\\/author\\\/agatasafianspkatarzyna-pl\\\/\",\"name\":\"Redakcja\",\"image\":{\"@type\":\"ImageObject\",\"@id\":\"https:\\\/\\\/www.spkatarzyna.pl\\\/index.php\\\/2024\\\/06\\\/04\\\/dzien-afryki\\\/#authorImage\",\"url\":\"https:\\\/\\\/secure.gravatar.com\\\/avatar\\\/765290513df94d442152250e92b42327?s=96&d=mm&r=g\",\"width\":96,\"height\":96,\"caption\":\"Redakcja\"}},{\"@type\":\"WebPage\",\"@id\":\"https:\\\/\\\/www.spkatarzyna.pl\\\/index.php\\\/2024\\\/06\\\/04\\\/dzien-afryki\\\/#webpage\",\"url\":\"https:\\\/\\\/www.spkatarzyna.pl\\\/index.php\\\/2024\\\/06\\\/04\\\/dzien-afryki\\\/\",\"name\":\"Dzie\\u0144 Afryki - SP Katarzyna\",\"description\":\"24 maja obchodzili\\u015bmy Dzie\\u0144 Afryki. W klasach nie zabrak\\u0142o ciekawostek o afryka\\u0144skich krajach, zwyczajach i zwierz\\u0119tach. W szkole odby\\u0142 si\\u0119 kiermasz, na kt\\u00f3rym mo\\u017cna by\\u0142o kupi\\u0107 przysmaki Afryki (hummus, ciasteczka orzechowe, zielona herbata z mi\\u0119t\\u0105, czerwona herbata z wanili\\u0105) oraz r\\u0119kodzie\\u0142a prosto z Kenii. Zebrana kwota 3968,55 z\\u0142 zostanie przekazana na remont i wyposa\\u017cenie szko\\u0142y\",\"inLanguage\":\"pl-PL\",\"isPartOf\":{\"@id\":\"https:\\\/\\\/www.spkatarzyna.pl\\\/#website\"},\"breadcrumb\":{\"@id\":\"https:\\\/\\\/www.spkatarzyna.pl\\\/index.php\\\/2024\\\/06\\\/04\\\/dzien-afryki\\\/#breadcrumblist\"},\"author\":{\"@id\":\"https:\\\/\\\/www.spkatarzyna.pl\\\/index.php\\\/author\\\/agatasafianspkatarzyna-pl\\\/#author\"},\"creator\":{\"@id\":\"https:\\\/\\\/www.spkatarzyna.pl\\\/index.php\\\/author\\\/agatasafianspkatarzyna-pl\\\/#author\"},\"image\":{\"@type\":\"ImageObject\",\"url\":\"https:\\\/\\\/www.spkatarzyna.pl\\\/wp-content\\\/uploads\\\/2024\\\/06\\\/20240524_130605-2.jpg\",\"@id\":\"https:\\\/\\\/www.spkatarzyna.pl\\\/index.php\\\/2024\\\/06\\\/04\\\/dzien-afryki\\\/#mainImage\",\"width\":360,\"height\":202},\"primaryImageOfPage\":{\"@id\":\"https:\\\/\\\/www.spkatarzyna.pl\\\/index.php\\\/2024\\\/06\\\/04\\\/dzien-afryki\\\/#mainImage\"},\"datePublished\":\"2024-06-04T17:06:26+02:00\",\"dateModified\":\"2024-06-04T17:08:34+02:00\"},{\"@type\":\"WebSite\",\"@id\":\"https:\\\/\\\/www.spkatarzyna.pl\\\/#website\",\"url\":\"https:\\\/\\\/www.spkatarzyna.pl\\\/\",\"name\":\"SP Katarzyna\",\"description\":\"Publiczna Szko\\u0142a Podstawowa w \\u015awi\\u0119tej Katarzynie\",\"inLanguage\":\"pl-PL\",\"publisher\":{\"@id\":\"https:\\\/\\\/www.spkatarzyna.pl\\\/#organization\"}}]}\n\t\t<\/script>\n\t\t<!-- All in One SEO -->\n\n","aioseo_head_json":{"title":"Dzie\u0144 Afryki - SP Katarzyna","description":"24 maja obchodzili\u015bmy Dzie\u0144 Afryki. W klasach nie zabrak\u0142o ciekawostek o afryka\u0144skich krajach, zwyczajach i zwierz\u0119tach. W szkole odby\u0142 si\u0119 kiermasz, na kt\u00f3rym mo\u017cna by\u0142o kupi\u0107 przysmaki Afryki (hummus, ciasteczka orzechowe, zielona herbata z mi\u0119t\u0105, czerwona herbata z wanili\u0105) oraz r\u0119kodzie\u0142a prosto z Kenii. Zebrana kwota 3968,55 z\u0142 zostanie przekazana na remont i wyposa\u017cenie szko\u0142y","canonical_url":"https:\/\/www.spkatarzyna.pl\/index.php\/2024\/06\/04\/dzien-afryki\/","robots":"max-image-preview:large","keywords":"","webmasterTools":{"miscellaneous":""},"schema":{"@context":"https:\/\/schema.org","@graph":[{"@type":"BlogPosting","@id":"https:\/\/www.spkatarzyna.pl\/index.php\/2024\/06\/04\/dzien-afryki\/#blogposting","name":"Dzie\u0144 Afryki - SP Katarzyna","headline":"Dzie\u0144 Afryki","author":{"@id":"https:\/\/www.spkatarzyna.pl\/index.php\/author\/agatasafianspkatarzyna-pl\/#author"},"publisher":{"@id":"https:\/\/www.spkatarzyna.pl\/#organization"},"image":{"@type":"ImageObject","url":"https:\/\/www.spkatarzyna.pl\/wp-content\/uploads\/2024\/06\/20240524_130605-2.jpg","width":360,"height":202},"datePublished":"2024-06-04T17:06:26+02:00","dateModified":"2024-06-04T17:08:34+02:00","inLanguage":"pl-PL","mainEntityOfPage":{"@id":"https:\/\/www.spkatarzyna.pl\/index.php\/2024\/06\/04\/dzien-afryki\/#webpage"},"isPartOf":{"@id":"https:\/\/www.spkatarzyna.pl\/index.php\/2024\/06\/04\/dzien-afryki\/#webpage"},"articleSection":"Uncategorized"},{"@type":"BreadcrumbList","@id":"https:\/\/www.spkatarzyna.pl\/index.php\/2024\/06\/04\/dzien-afryki\/#breadcrumblist","itemListElement":[{"@type":"ListItem","@id":"https:\/\/www.spkatarzyna.pl#listItem","position":1,"name":"Dom","item":"https:\/\/www.spkatarzyna.pl","nextItem":{"@type":"ListItem","@id":"https:\/\/www.spkatarzyna.pl\/index.php\/category\/uncategorized\/#listItem","name":"Uncategorized"}},{"@type":"ListItem","@id":"https:\/\/www.spkatarzyna.pl\/index.php\/category\/uncategorized\/#listItem","position":2,"name":"Uncategorized","item":"https:\/\/www.spkatarzyna.pl\/index.php\/category\/uncategorized\/","nextItem":{"@type":"ListItem","@id":"https:\/\/www.spkatarzyna.pl\/index.php\/2024\/06\/04\/dzien-afryki\/#listItem","name":"Dzie\u0144 Afryki"},"previousItem":{"@type":"ListItem","@id":"https:\/\/www.spkatarzyna.pl#listItem","name":"Dom"}},{"@type":"ListItem","@id":"https:\/\/www.spkatarzyna.pl\/index.php\/2024\/06\/04\/dzien-afryki\/#listItem","position":3,"name":"Dzie\u0144 Afryki","previousItem":{"@type":"ListItem","@id":"https:\/\/www.spkatarzyna.pl\/index.php\/category\/uncategorized\/#listItem","name":"Uncategorized"}}]},{"@type":"Organization","@id":"https:\/\/www.spkatarzyna.pl\/#organization","name":"SP Katarzyna","description":"Publiczna Szko\u0142a Podstawowa w \u015awi\u0119tej Katarzynie","url":"https:\/\/www.spkatarzyna.pl\/","telephone":"+48713116378","sameAs":["https:\/\/facebook.com\/","https:\/\/x.com\/","https:\/\/instagram.com\/","https:\/\/pinterest.com\/","https:\/\/youtube.com\/","https:\/\/linkedin.com\/in\/"]},{"@type":"Person","@id":"https:\/\/www.spkatarzyna.pl\/index.php\/author\/agatasafianspkatarzyna-pl\/#author","url":"https:\/\/www.spkatarzyna.pl\/index.php\/author\/agatasafianspkatarzyna-pl\/","name":"Redakcja","image":{"@type":"ImageObject","@id":"https:\/\/www.spkatarzyna.pl\/index.php\/2024\/06\/04\/dzien-afryki\/#authorImage","url":"https:\/\/secure.gravatar.com\/avatar\/765290513df94d442152250e92b42327?s=96&d=mm&r=g","width":96,"height":96,"caption":"Redakcja"}},{"@type":"WebPage","@id":"https:\/\/www.spkatarzyna.pl\/index.php\/2024\/06\/04\/dzien-afryki\/#webpage","url":"https:\/\/www.spkatarzyna.pl\/index.php\/2024\/06\/04\/dzien-afryki\/","name":"Dzie\u0144 Afryki - SP Katarzyna","description":"24 maja obchodzili\u015bmy Dzie\u0144 Afryki. W klasach nie zabrak\u0142o ciekawostek o afryka\u0144skich krajach, zwyczajach i zwierz\u0119tach. W szkole odby\u0142 si\u0119 kiermasz, na kt\u00f3rym mo\u017cna by\u0142o kupi\u0107 przysmaki Afryki (hummus, ciasteczka orzechowe, zielona herbata z mi\u0119t\u0105, czerwona herbata z wanili\u0105) oraz r\u0119kodzie\u0142a prosto z Kenii. Zebrana kwota 3968,55 z\u0142 zostanie przekazana na remont i wyposa\u017cenie szko\u0142y","inLanguage":"pl-PL","isPartOf":{"@id":"https:\/\/www.spkatarzyna.pl\/#website"},"breadcrumb":{"@id":"https:\/\/www.spkatarzyna.pl\/index.php\/2024\/06\/04\/dzien-afryki\/#breadcrumblist"},"author":{"@id":"https:\/\/www.spkatarzyna.pl\/index.php\/author\/agatasafianspkatarzyna-pl\/#author"},"creator":{"@id":"https:\/\/www.spkatarzyna.pl\/index.php\/author\/agatasafianspkatarzyna-pl\/#author"},"image":{"@type":"ImageObject","url":"https:\/\/www.spkatarzyna.pl\/wp-content\/uploads\/2024\/06\/20240524_130605-2.jpg","@id":"https:\/\/www.spkatarzyna.pl\/index.php\/2024\/06\/04\/dzien-afryki\/#mainImage","width":360,"height":202},"primaryImageOfPage":{"@id":"https:\/\/www.spkatarzyna.pl\/index.php\/2024\/06\/04\/dzien-afryki\/#mainImage"},"datePublished":"2024-06-04T17:06:26+02:00","dateModified":"2024-06-04T17:08:34+02:00"},{"@type":"WebSite","@id":"https:\/\/www.spkatarzyna.pl\/#website","url":"https:\/\/www.spkatarzyna.pl\/","name":"SP Katarzyna","description":"Publiczna Szko\u0142a Podstawowa w \u015awi\u0119tej Katarzynie","inLanguage":"pl-PL","publisher":{"@id":"https:\/\/www.spkatarzyna.pl\/#organization"}}]},"og:locale":"pl_PL","og:site_name":"SP Katarzyna - Publiczna Szko\u0142a Podstawowa w \u015awi\u0119tej Katarzynie","og:type":"article","og:title":"Dzie\u0144 Afryki - SP Katarzyna","og:description":"24 maja obchodzili\u015bmy Dzie\u0144 Afryki. W klasach nie zabrak\u0142o ciekawostek o afryka\u0144skich krajach, zwyczajach i zwierz\u0119tach. W szkole odby\u0142 si\u0119 kiermasz, na kt\u00f3rym mo\u017cna by\u0142o kupi\u0107 przysmaki Afryki (hummus, ciasteczka orzechowe, zielona herbata z mi\u0119t\u0105, czerwona herbata z wanili\u0105) oraz r\u0119kodzie\u0142a prosto z Kenii. Zebrana kwota 3968,55 z\u0142 zostanie przekazana na remont i wyposa\u017cenie szko\u0142y","og:url":"https:\/\/www.spkatarzyna.pl\/index.php\/2024\/06\/04\/dzien-afryki\/","article:published_time":"2024-06-04T17:06:26+00:00","article:modified_time":"2024-06-04T17:08:34+00:00","twitter:card":"summary_large_image","twitter:title":"Dzie\u0144 Afryki - SP Katarzyna","twitter:description":"24 maja obchodzili\u015bmy Dzie\u0144 Afryki. W klasach nie zabrak\u0142o ciekawostek o afryka\u0144skich krajach, zwyczajach i zwierz\u0119tach. W szkole odby\u0142 si\u0119 kiermasz, na kt\u00f3rym mo\u017cna by\u0142o kupi\u0107 przysmaki Afryki (hummus, ciasteczka orzechowe, zielona herbata z mi\u0119t\u0105, czerwona herbata z wanili\u0105) oraz r\u0119kodzie\u0142a prosto z Kenii. Zebrana kwota 3968,55 z\u0142 zostanie przekazana na remont i wyposa\u017cenie szko\u0142y"},"aioseo_meta_data":{"post_id":"10733","title":null,"description":null,"keywords":null,"keyphrases":{"focus":{"keyphrase":"","score":0,"analysis":{"keyphraseInTitle":{"score":0,"maxScore":9,"error":1}}},"additional":[]},"primary_term":null,"canonical_url":null,"og_title":null,"og_description":null,"og_object_type":"default","og_image_type":"default","og_image_url":null,"og_image_width":null,"og_image_height":null,"og_image_custom_url":null,"og_image_custom_fields":null,"og_video":"","og_custom_url":null,"og_article_section":null,"og_article_tags":null,"twitter_use_og":false,"twitter_card":"default","twitter_image_type":"default","twitter_image_url":null,"twitter_image_custom_url":null,"twitter_image_custom_fields":null,"twitter_title":null,"twitter_description":null,"schema":{"blockGraphs":[],"customGraphs":[],"default":{"data":{"Article":[],"Course":[],"Dataset":[],"FAQPage":[],"Movie":[],"Person":[],"Product":[],"ProductReview":[],"Car":[],"Recipe":[],"Service":[],"SoftwareApplication":[],"WebPage":[]},"graphName":"BlogPosting","isEnabled":true},"graphs":[]},"schema_type":"default","schema_type_options":null,"pillar_content":false,"robots_default":true,"robots_noindex":false,"robots_noarchive":false,"robots_nosnippet":false,"robots_nofollow":false,"robots_noimageindex":false,"robots_noodp":false,"robots_notranslate":false,"robots_max_snippet":"-1","robots_max_videopreview":"-1","robots_max_imagepreview":"large","priority":null,"frequency":"default","local_seo":null,"limit_modified_date":false,"created":"2024-06-04 17:06:26","updated":"2026-09-03 15:37:30","focus_keyword":null,"additional_keywords":null,"truseo_locale":null,"ai":null,"breadcrumb_settings":null,"seo_analyzer_scan_date":null},"aioseo_breadcrumb":"<div class=\"aioseo-breadcrumbs\"><span class=\"aioseo-breadcrumb\">\n\t\t\t<a href=\"https:\/\/www.spkatarzyna.pl\" title=\"Dom\">Dom<\/a>\n\t\t<\/span><span class=\"aioseo-breadcrumb-separator\">&raquo;<\/span><span class=\"aioseo-breadcrumb\">\n\t\t\t<a href=\"https:\/\/www.spkatarzyna.pl\/index.php\/category\/uncategorized\/\" title=\"Uncategorized\">Uncategorized<\/a>\n\t\t<\/span><span class=\"aioseo-breadcrumb-separator\">&raquo;<\/span><span class=\"aioseo-breadcrumb\">\n\t\t\tDzie\u0144 Afryki\n\t\t<\/span><\/div>","aioseo_breadcrumb_json":[{"label":"Dom","link":"https:\/\/www.spkatarzyna.pl"},{"label":"Uncategorized","link":"https:\/\/www.spkatarzyna.pl\/index.php\/category\/uncategorized\/"},{"label":"Dzie\u0144 Afryki","link":"https:\/\/www.spkatarzyna.pl\/index.php\/2024\/06\/04\/dzien-afryki\/"}],"_links":{"self":[{"href":"https:\/\/www.spkatarzyna.pl\/index.php\/wp-json\/wp\/v2\/posts\/10733","targetHints":{"allow":["GET"]}}],"collection":[{"href":"https:\/\/www.spkatarzyna.pl\/index.php\/wp-json\/wp\/v2\/posts"}],"about":[{"href":"https:\/\/www.spkatarzyna.pl\/index.php\/wp-json\/wp\/v2\/types\/post"}],"author":[{"embeddable":true,"href":"https:\/\/www.spkatarzyna.pl\/index.php\/wp-json\/wp\/v2\/users\/6"}],"replies":[{"embeddable":true,"href":"https:\/\/www.spkatarzyna.pl\/index.php\/wp-json\/wp\/v2\/comments?post=10733"}],"version-history":[{"count":4,"href":"https:\/\/www.spkatarzyna.pl\/index.php\/wp-json\/wp\/v2\/posts\/10733\/revisions"}],"predecessor-version":[{"id":10746,"href":"https:\/\/www.spkatarzyna.pl\/index.php\/wp-json\/wp\/v2\/posts\/10733\/revisions\/10746"}],"wp:featuredmedia":[{"embeddable":true,"href":"https:\/\/www.spkatarzyna.pl\/index.php\/wp-json\/wp\/v2\/media\/10734"}],"wp:attachment":[{"href":"https:\/\/www.spkatarzyna.pl\/index.php\/wp-json\/wp\/v2\/media?parent=10733"}],"wp:term":[{"taxonomy":"category","embeddable":true,"href":"https:\/\/www.spkatarzyna.pl\/index.php\/wp-json\/wp\/v2\/categories?post=10733"},{"taxonomy":"post_tag","embeddable":true,"href":"https:\/\/www.spkatarzyna.pl\/index.php\/wp-json\/wp\/v2\/tags?post=10733"}],"curies":[{"name":"wp","href":"https:\/\/api.w.org\/{rel}","templated":true}]}}