{"id":10818,"date":"2024-06-15T09:43:47","date_gmt":"2024-06-15T09:43:47","guid":{"rendered":"https:\/\/www.spkatarzyna.pl\/?p=10818"},"modified":"2024-06-15T09:45:31","modified_gmt":"2024-06-15T09:45:31","slug":"poznaj-swoje-emocje","status":"publish","type":"post","link":"https:\/\/www.spkatarzyna.pl\/index.php\/2024\/06\/15\/poznaj-swoje-emocje\/","title":{"rendered":"Poznaj swoje emocje"},"content":{"rendered":"\t\t<div data-elementor-type=\"wp-post\" data-elementor-id=\"10818\" class=\"elementor elementor-10818\">\n\t\t\t\t\t\t<section class=\"elementor-section elementor-top-section elementor-element elementor-element-449866ab elementor-section-boxed elementor-section-height-default elementor-section-height-default\" data-id=\"449866ab\" data-element_type=\"section\">\n\t\t\t\t\t\t<div class=\"elementor-container elementor-column-gap-default\">\n\t\t\t\t\t<div class=\"elementor-column elementor-col-100 elementor-top-column elementor-element elementor-element-6fd96d26\" data-id=\"6fd96d26\" data-element_type=\"column\">\n\t\t\t<div class=\"elementor-widget-wrap elementor-element-populated\">\n\t\t\t\t\t\t<div class=\"elementor-element elementor-element-36e9ad39 elementor-widget elementor-widget-text-editor\" data-id=\"36e9ad39\" data-element_type=\"widget\" data-widget_type=\"text-editor.default\">\n\t\t\t\t\t\t\t\t\t<div style=\"text-align: justify;\"><span style=\"font-size: 14pt;\">W klasach 5B i 5C odby\u0142y si\u0119 warsztaty plastyczne prowadzone przez szkoln\u0105 psycholog &#8211; p. Ewelin\u0119 Weps-Duffy i nauczycielk\u0119 plastyki &#8211; p. Agat\u0119&nbsp;Gwizd, a kt\u00f3rych tematem&nbsp;by\u0142y emocje.<\/span><\/div>\r\n<div style=\"text-align: justify;\"><span style=\"font-size: 14pt;\">To znane wszystkim poj\u0119cie zosta\u0142o przedyskutowane z uczniami i ciekawie przez nich zilustrowane. Przedstawiamy kilka prac, na kt\u00f3rych dobrze wida\u0107 r\u00f3\u017cnice&nbsp;pomi\u0119dzy omawianymi&nbsp;emocjami.&nbsp;&nbsp;<\/span><\/div>\t\t\t\t\t\t\t\t<\/div>\n\t\t\t\t\t<\/div>\n\t\t<\/div>\n\t\t\t\t\t<\/div>\n\t\t<\/section>\n\t\t\t\t<section class=\"elementor-section elementor-top-section elementor-element elementor-element-9772adf elementor-section-boxed elementor-section-height-default elementor-section-height-default\" data-id=\"9772adf\" data-element_type=\"section\">\n\t\t\t\t\t\t<div class=\"elementor-container elementor-column-gap-default\">\n\t\t\t\t\t<div class=\"elementor-column elementor-col-100 elementor-top-column elementor-element elementor-element-c635e92\" data-id=\"c635e92\" data-element_type=\"column\">\n\t\t\t<div class=\"elementor-widget-wrap elementor-element-populated\">\n\t\t\t\t\t\t<div class=\"elementor-element elementor-element-8905b8a elementor-widget elementor-widget-image\" data-id=\"8905b8a\" data-element_type=\"widget\" data-widget_type=\"image.default\">\n\t\t\t\t\t\t\t\t\t\t\t\t\t\t\t<img fetchpriority=\"high\" decoding=\"async\" width=\"931\" height=\"1024\" src=\"https:\/\/www.spkatarzyna.pl\/wp-content\/uploads\/2024\/06\/emocje-931x1024.jpg\" class=\"attachment-large size-large wp-image-10821\" alt=\"\" srcset=\"https:\/\/www.spkatarzyna.pl\/wp-content\/uploads\/2024\/06\/emocje-931x1024.jpg 931w, https:\/\/www.spkatarzyna.pl\/wp-content\/uploads\/2024\/06\/emocje-273x300.jpg 273w, https:\/\/www.spkatarzyna.pl\/wp-content\/uploads\/2024\/06\/emocje-768x845.jpg 768w, https:\/\/www.spkatarzyna.pl\/wp-content\/uploads\/2024\/06\/emocje-1396x1536.jpg 1396w, https:\/\/www.spkatarzyna.pl\/wp-content\/uploads\/2024\/06\/emocje-1861x2048.jpg 1861w, https:\/\/www.spkatarzyna.pl\/wp-content\/uploads\/2024\/06\/emocje.jpg 1906w\" sizes=\"(max-width: 931px) 100vw, 931px\" \/>\t\t\t\t\t\t\t\t\t\t\t\t\t\t\t<\/div>\n\t\t\t\t\t<\/div>\n\t\t<\/div>\n\t\t\t\t\t<\/div>\n\t\t<\/section>\n\t\t\t\t<\/div>\n\t\t","protected":false},"excerpt":{"rendered":"<p>W klasach 5B i 5C odby\u0142y si\u0119 warsztaty plastyczne prowadzone przez szkoln\u0105 psycholog &#8211; p. Ewelin\u0119 Weps-Duffy i nauczycielk\u0119 plastyki &#8211; p. Agat\u0119&nbsp;Gwizd, a kt\u00f3rych tematem&nbsp;by\u0142y emocje. To znane wszystkim poj\u0119cie zosta\u0142o przedyskutowane z uczniami i ciekawie przez nich zilustrowane. Przedstawiamy kilka prac, na kt\u00f3rych dobrze wida\u0107 r\u00f3\u017cnice&nbsp;pomi\u0119dzy omawianymi&nbsp;emocjami.&nbsp;&nbsp;<\/p>\n","protected":false},"author":6,"featured_media":10819,"comment_status":"open","ping_status":"open","sticky":false,"template":"","format":"standard","meta":{"om_disable_all_campaigns":false,"_monsterinsights_skip_tracking":false,"ngg_post_thumbnail":0,"footnotes":""},"categories":[1],"tags":[],"class_list":["post-10818","post","type-post","status-publish","format-standard","has-post-thumbnail","hentry","category-uncategorized"],"aioseo_notices":[],"aioseo_head":"\n\t\t<!-- All in One SEO 5.0.1.1 - aioseo.com -->\n\t<meta name=\"description\" content=\"W klasach 5B i 5C odby\u0142y si\u0119 warsztaty plastyczne prowadzone przez szkoln\u0105 psycholog \u2013 p. Ewelin\u0119 Weps-Duffy i nauczycielk\u0119 plastyki \u2013 p. Agat\u0119 Gwizd, a kt\u00f3rych tematem by\u0142y emocje. To znane wszystkim poj\u0119cie zosta\u0142o przedyskutowane z uczniami i ciekawie przez nich zilustrowane. Przedstawiamy kilka prac, na kt\u00f3rych dobrze wida\u0107 r\u00f3\u017cnice pomi\u0119dzy omawianymi emocjami.\" \/>\n\t<meta name=\"robots\" content=\"max-image-preview:large\" \/>\n\t<meta name=\"author\" content=\"Redakcja\"\/>\n\t<link rel=\"canonical\" href=\"https:\/\/www.spkatarzyna.pl\/index.php\/2024\/06\/15\/poznaj-swoje-emocje\/\" \/>\n\t<meta name=\"generator\" content=\"All in One SEO (AIOSEO) 5.0.1.1\" \/>\n\t\t<meta property=\"og:locale\" content=\"pl_PL\" \/>\n\t\t<meta property=\"og:site_name\" content=\"SP Katarzyna - Publiczna Szko\u0142a Podstawowa w \u015awi\u0119tej Katarzynie\" \/>\n\t\t<meta property=\"og:type\" content=\"article\" \/>\n\t\t<meta property=\"og:title\" content=\"Poznaj swoje emocje - SP Katarzyna\" \/>\n\t\t<meta property=\"og:description\" content=\"W klasach 5B i 5C odby\u0142y si\u0119 warsztaty plastyczne prowadzone przez szkoln\u0105 psycholog \u2013 p. Ewelin\u0119 Weps-Duffy i nauczycielk\u0119 plastyki \u2013 p. Agat\u0119 Gwizd, a kt\u00f3rych tematem by\u0142y emocje. To znane wszystkim poj\u0119cie zosta\u0142o przedyskutowane z uczniami i ciekawie przez nich zilustrowane. Przedstawiamy kilka prac, na kt\u00f3rych dobrze wida\u0107 r\u00f3\u017cnice pomi\u0119dzy omawianymi emocjami.\" \/>\n\t\t<meta property=\"og:url\" content=\"https:\/\/www.spkatarzyna.pl\/index.php\/2024\/06\/15\/poznaj-swoje-emocje\/\" \/>\n\t\t<meta property=\"article:published_time\" content=\"2024-06-15T09:43:47+00:00\" \/>\n\t\t<meta property=\"article:modified_time\" content=\"2024-06-15T09:45:31+00:00\" \/>\n\t\t<meta name=\"twitter:card\" content=\"summary_large_image\" \/>\n\t\t<meta name=\"twitter:title\" content=\"Poznaj swoje emocje - SP Katarzyna\" \/>\n\t\t<meta name=\"twitter:description\" content=\"W klasach 5B i 5C odby\u0142y si\u0119 warsztaty plastyczne prowadzone przez szkoln\u0105 psycholog \u2013 p. Ewelin\u0119 Weps-Duffy i nauczycielk\u0119 plastyki \u2013 p. Agat\u0119 Gwizd, a kt\u00f3rych tematem by\u0142y emocje. To znane wszystkim poj\u0119cie zosta\u0142o przedyskutowane z uczniami i ciekawie przez nich zilustrowane. Przedstawiamy kilka prac, na kt\u00f3rych dobrze wida\u0107 r\u00f3\u017cnice pomi\u0119dzy omawianymi emocjami.\" \/>\n\t\t<script type=\"application\/ld+json\" class=\"aioseo-schema\">\n\t\t\t{\"@context\":\"https:\\\/\\\/schema.org\",\"@graph\":[{\"@type\":\"BlogPosting\",\"@id\":\"https:\\\/\\\/www.spkatarzyna.pl\\\/index.php\\\/2024\\\/06\\\/15\\\/poznaj-swoje-emocje\\\/#blogposting\",\"name\":\"Poznaj swoje emocje - SP Katarzyna\",\"headline\":\"Poznaj swoje emocje\",\"author\":{\"@id\":\"https:\\\/\\\/www.spkatarzyna.pl\\\/index.php\\\/author\\\/agatasafianspkatarzyna-pl\\\/#author\"},\"publisher\":{\"@id\":\"https:\\\/\\\/www.spkatarzyna.pl\\\/#organization\"},\"image\":{\"@type\":\"ImageObject\",\"url\":\"https:\\\/\\\/www.spkatarzyna.pl\\\/wp-content\\\/uploads\\\/2024\\\/06\\\/emocje-2.jpg\",\"width\":360,\"height\":202},\"datePublished\":\"2024-06-15T09:43:47+02:00\",\"dateModified\":\"2024-06-15T09:45:31+02:00\",\"inLanguage\":\"pl-PL\",\"mainEntityOfPage\":{\"@id\":\"https:\\\/\\\/www.spkatarzyna.pl\\\/index.php\\\/2024\\\/06\\\/15\\\/poznaj-swoje-emocje\\\/#webpage\"},\"isPartOf\":{\"@id\":\"https:\\\/\\\/www.spkatarzyna.pl\\\/index.php\\\/2024\\\/06\\\/15\\\/poznaj-swoje-emocje\\\/#webpage\"},\"articleSection\":\"Uncategorized\"},{\"@type\":\"BreadcrumbList\",\"@id\":\"https:\\\/\\\/www.spkatarzyna.pl\\\/index.php\\\/2024\\\/06\\\/15\\\/poznaj-swoje-emocje\\\/#breadcrumblist\",\"itemListElement\":[{\"@type\":\"ListItem\",\"@id\":\"https:\\\/\\\/www.spkatarzyna.pl#listItem\",\"position\":1,\"name\":\"Dom\",\"item\":\"https:\\\/\\\/www.spkatarzyna.pl\",\"nextItem\":{\"@type\":\"ListItem\",\"@id\":\"https:\\\/\\\/www.spkatarzyna.pl\\\/index.php\\\/category\\\/uncategorized\\\/#listItem\",\"name\":\"Uncategorized\"}},{\"@type\":\"ListItem\",\"@id\":\"https:\\\/\\\/www.spkatarzyna.pl\\\/index.php\\\/category\\\/uncategorized\\\/#listItem\",\"position\":2,\"name\":\"Uncategorized\",\"item\":\"https:\\\/\\\/www.spkatarzyna.pl\\\/index.php\\\/category\\\/uncategorized\\\/\",\"nextItem\":{\"@type\":\"ListItem\",\"@id\":\"https:\\\/\\\/www.spkatarzyna.pl\\\/index.php\\\/2024\\\/06\\\/15\\\/poznaj-swoje-emocje\\\/#listItem\",\"name\":\"Poznaj swoje emocje\"},\"previousItem\":{\"@type\":\"ListItem\",\"@id\":\"https:\\\/\\\/www.spkatarzyna.pl#listItem\",\"name\":\"Dom\"}},{\"@type\":\"ListItem\",\"@id\":\"https:\\\/\\\/www.spkatarzyna.pl\\\/index.php\\\/2024\\\/06\\\/15\\\/poznaj-swoje-emocje\\\/#listItem\",\"position\":3,\"name\":\"Poznaj swoje emocje\",\"previousItem\":{\"@type\":\"ListItem\",\"@id\":\"https:\\\/\\\/www.spkatarzyna.pl\\\/index.php\\\/category\\\/uncategorized\\\/#listItem\",\"name\":\"Uncategorized\"}}]},{\"@type\":\"Organization\",\"@id\":\"https:\\\/\\\/www.spkatarzyna.pl\\\/#organization\",\"name\":\"SP Katarzyna\",\"description\":\"Publiczna Szko\\u0142a Podstawowa w \\u015awi\\u0119tej Katarzynie\",\"url\":\"https:\\\/\\\/www.spkatarzyna.pl\\\/\",\"telephone\":\"+48713116378\",\"sameAs\":[\"https:\\\/\\\/facebook.com\\\/\",\"https:\\\/\\\/x.com\\\/\",\"https:\\\/\\\/instagram.com\\\/\",\"https:\\\/\\\/pinterest.com\\\/\",\"https:\\\/\\\/youtube.com\\\/\",\"https:\\\/\\\/linkedin.com\\\/in\\\/\"]},{\"@type\":\"Person\",\"@id\":\"https:\\\/\\\/www.spkatarzyna.pl\\\/index.php\\\/author\\\/agatasafianspkatarzyna-pl\\\/#author\",\"url\":\"https:\\\/\\\/www.spkatarzyna.pl\\\/index.php\\\/author\\\/agatasafianspkatarzyna-pl\\\/\",\"name\":\"Redakcja\",\"image\":{\"@type\":\"ImageObject\",\"@id\":\"https:\\\/\\\/www.spkatarzyna.pl\\\/index.php\\\/2024\\\/06\\\/15\\\/poznaj-swoje-emocje\\\/#authorImage\",\"url\":\"https:\\\/\\\/secure.gravatar.com\\\/avatar\\\/765290513df94d442152250e92b42327?s=96&d=mm&r=g\",\"width\":96,\"height\":96,\"caption\":\"Redakcja\"}},{\"@type\":\"WebPage\",\"@id\":\"https:\\\/\\\/www.spkatarzyna.pl\\\/index.php\\\/2024\\\/06\\\/15\\\/poznaj-swoje-emocje\\\/#webpage\",\"url\":\"https:\\\/\\\/www.spkatarzyna.pl\\\/index.php\\\/2024\\\/06\\\/15\\\/poznaj-swoje-emocje\\\/\",\"name\":\"Poznaj swoje emocje - SP Katarzyna\",\"description\":\"W klasach 5B i 5C odby\\u0142y si\\u0119 warsztaty plastyczne prowadzone przez szkoln\\u0105 psycholog \\u2013 p. Ewelin\\u0119 Weps-Duffy i nauczycielk\\u0119 plastyki \\u2013 p. Agat\\u0119 Gwizd, a kt\\u00f3rych tematem by\\u0142y emocje. To znane wszystkim poj\\u0119cie zosta\\u0142o przedyskutowane z uczniami i ciekawie przez nich zilustrowane. Przedstawiamy kilka prac, na kt\\u00f3rych dobrze wida\\u0107 r\\u00f3\\u017cnice pomi\\u0119dzy omawianymi emocjami.\",\"inLanguage\":\"pl-PL\",\"isPartOf\":{\"@id\":\"https:\\\/\\\/www.spkatarzyna.pl\\\/#website\"},\"breadcrumb\":{\"@id\":\"https:\\\/\\\/www.spkatarzyna.pl\\\/index.php\\\/2024\\\/06\\\/15\\\/poznaj-swoje-emocje\\\/#breadcrumblist\"},\"author\":{\"@id\":\"https:\\\/\\\/www.spkatarzyna.pl\\\/index.php\\\/author\\\/agatasafianspkatarzyna-pl\\\/#author\"},\"creator\":{\"@id\":\"https:\\\/\\\/www.spkatarzyna.pl\\\/index.php\\\/author\\\/agatasafianspkatarzyna-pl\\\/#author\"},\"image\":{\"@type\":\"ImageObject\",\"url\":\"https:\\\/\\\/www.spkatarzyna.pl\\\/wp-content\\\/uploads\\\/2024\\\/06\\\/emocje-2.jpg\",\"@id\":\"https:\\\/\\\/www.spkatarzyna.pl\\\/index.php\\\/2024\\\/06\\\/15\\\/poznaj-swoje-emocje\\\/#mainImage\",\"width\":360,\"height\":202},\"primaryImageOfPage\":{\"@id\":\"https:\\\/\\\/www.spkatarzyna.pl\\\/index.php\\\/2024\\\/06\\\/15\\\/poznaj-swoje-emocje\\\/#mainImage\"},\"datePublished\":\"2024-06-15T09:43:47+02:00\",\"dateModified\":\"2024-06-15T09:45:31+02:00\"},{\"@type\":\"WebSite\",\"@id\":\"https:\\\/\\\/www.spkatarzyna.pl\\\/#website\",\"url\":\"https:\\\/\\\/www.spkatarzyna.pl\\\/\",\"name\":\"SP Katarzyna\",\"description\":\"Publiczna Szko\\u0142a Podstawowa w \\u015awi\\u0119tej Katarzynie\",\"inLanguage\":\"pl-PL\",\"publisher\":{\"@id\":\"https:\\\/\\\/www.spkatarzyna.pl\\\/#organization\"}}]}\n\t\t<\/script>\n\t\t<!-- All in One SEO -->\n\n","aioseo_head_json":{"title":"Poznaj swoje emocje - SP Katarzyna","description":"W klasach 5B i 5C odby\u0142y si\u0119 warsztaty plastyczne prowadzone przez szkoln\u0105 psycholog \u2013 p. Ewelin\u0119 Weps-Duffy i nauczycielk\u0119 plastyki \u2013 p. Agat\u0119 Gwizd, a kt\u00f3rych tematem by\u0142y emocje. To znane wszystkim poj\u0119cie zosta\u0142o przedyskutowane z uczniami i ciekawie przez nich zilustrowane. Przedstawiamy kilka prac, na kt\u00f3rych dobrze wida\u0107 r\u00f3\u017cnice pomi\u0119dzy omawianymi emocjami.","canonical_url":"https:\/\/www.spkatarzyna.pl\/index.php\/2024\/06\/15\/poznaj-swoje-emocje\/","robots":"max-image-preview:large","keywords":"","webmasterTools":{"miscellaneous":""},"schema":{"@context":"https:\/\/schema.org","@graph":[{"@type":"BlogPosting","@id":"https:\/\/www.spkatarzyna.pl\/index.php\/2024\/06\/15\/poznaj-swoje-emocje\/#blogposting","name":"Poznaj swoje emocje - SP Katarzyna","headline":"Poznaj swoje emocje","author":{"@id":"https:\/\/www.spkatarzyna.pl\/index.php\/author\/agatasafianspkatarzyna-pl\/#author"},"publisher":{"@id":"https:\/\/www.spkatarzyna.pl\/#organization"},"image":{"@type":"ImageObject","url":"https:\/\/www.spkatarzyna.pl\/wp-content\/uploads\/2024\/06\/emocje-2.jpg","width":360,"height":202},"datePublished":"2024-06-15T09:43:47+02:00","dateModified":"2024-06-15T09:45:31+02:00","inLanguage":"pl-PL","mainEntityOfPage":{"@id":"https:\/\/www.spkatarzyna.pl\/index.php\/2024\/06\/15\/poznaj-swoje-emocje\/#webpage"},"isPartOf":{"@id":"https:\/\/www.spkatarzyna.pl\/index.php\/2024\/06\/15\/poznaj-swoje-emocje\/#webpage"},"articleSection":"Uncategorized"},{"@type":"BreadcrumbList","@id":"https:\/\/www.spkatarzyna.pl\/index.php\/2024\/06\/15\/poznaj-swoje-emocje\/#breadcrumblist","itemListElement":[{"@type":"ListItem","@id":"https:\/\/www.spkatarzyna.pl#listItem","position":1,"name":"Dom","item":"https:\/\/www.spkatarzyna.pl","nextItem":{"@type":"ListItem","@id":"https:\/\/www.spkatarzyna.pl\/index.php\/category\/uncategorized\/#listItem","name":"Uncategorized"}},{"@type":"ListItem","@id":"https:\/\/www.spkatarzyna.pl\/index.php\/category\/uncategorized\/#listItem","position":2,"name":"Uncategorized","item":"https:\/\/www.spkatarzyna.pl\/index.php\/category\/uncategorized\/","nextItem":{"@type":"ListItem","@id":"https:\/\/www.spkatarzyna.pl\/index.php\/2024\/06\/15\/poznaj-swoje-emocje\/#listItem","name":"Poznaj swoje emocje"},"previousItem":{"@type":"ListItem","@id":"https:\/\/www.spkatarzyna.pl#listItem","name":"Dom"}},{"@type":"ListItem","@id":"https:\/\/www.spkatarzyna.pl\/index.php\/2024\/06\/15\/poznaj-swoje-emocje\/#listItem","position":3,"name":"Poznaj swoje emocje","previousItem":{"@type":"ListItem","@id":"https:\/\/www.spkatarzyna.pl\/index.php\/category\/uncategorized\/#listItem","name":"Uncategorized"}}]},{"@type":"Organization","@id":"https:\/\/www.spkatarzyna.pl\/#organization","name":"SP Katarzyna","description":"Publiczna Szko\u0142a Podstawowa w \u015awi\u0119tej Katarzynie","url":"https:\/\/www.spkatarzyna.pl\/","telephone":"+48713116378","sameAs":["https:\/\/facebook.com\/","https:\/\/x.com\/","https:\/\/instagram.com\/","https:\/\/pinterest.com\/","https:\/\/youtube.com\/","https:\/\/linkedin.com\/in\/"]},{"@type":"Person","@id":"https:\/\/www.spkatarzyna.pl\/index.php\/author\/agatasafianspkatarzyna-pl\/#author","url":"https:\/\/www.spkatarzyna.pl\/index.php\/author\/agatasafianspkatarzyna-pl\/","name":"Redakcja","image":{"@type":"ImageObject","@id":"https:\/\/www.spkatarzyna.pl\/index.php\/2024\/06\/15\/poznaj-swoje-emocje\/#authorImage","url":"https:\/\/secure.gravatar.com\/avatar\/765290513df94d442152250e92b42327?s=96&d=mm&r=g","width":96,"height":96,"caption":"Redakcja"}},{"@type":"WebPage","@id":"https:\/\/www.spkatarzyna.pl\/index.php\/2024\/06\/15\/poznaj-swoje-emocje\/#webpage","url":"https:\/\/www.spkatarzyna.pl\/index.php\/2024\/06\/15\/poznaj-swoje-emocje\/","name":"Poznaj swoje emocje - SP Katarzyna","description":"W klasach 5B i 5C odby\u0142y si\u0119 warsztaty plastyczne prowadzone przez szkoln\u0105 psycholog \u2013 p. Ewelin\u0119 Weps-Duffy i nauczycielk\u0119 plastyki \u2013 p. Agat\u0119 Gwizd, a kt\u00f3rych tematem by\u0142y emocje. To znane wszystkim poj\u0119cie zosta\u0142o przedyskutowane z uczniami i ciekawie przez nich zilustrowane. Przedstawiamy kilka prac, na kt\u00f3rych dobrze wida\u0107 r\u00f3\u017cnice pomi\u0119dzy omawianymi emocjami.","inLanguage":"pl-PL","isPartOf":{"@id":"https:\/\/www.spkatarzyna.pl\/#website"},"breadcrumb":{"@id":"https:\/\/www.spkatarzyna.pl\/index.php\/2024\/06\/15\/poznaj-swoje-emocje\/#breadcrumblist"},"author":{"@id":"https:\/\/www.spkatarzyna.pl\/index.php\/author\/agatasafianspkatarzyna-pl\/#author"},"creator":{"@id":"https:\/\/www.spkatarzyna.pl\/index.php\/author\/agatasafianspkatarzyna-pl\/#author"},"image":{"@type":"ImageObject","url":"https:\/\/www.spkatarzyna.pl\/wp-content\/uploads\/2024\/06\/emocje-2.jpg","@id":"https:\/\/www.spkatarzyna.pl\/index.php\/2024\/06\/15\/poznaj-swoje-emocje\/#mainImage","width":360,"height":202},"primaryImageOfPage":{"@id":"https:\/\/www.spkatarzyna.pl\/index.php\/2024\/06\/15\/poznaj-swoje-emocje\/#mainImage"},"datePublished":"2024-06-15T09:43:47+02:00","dateModified":"2024-06-15T09:45:31+02:00"},{"@type":"WebSite","@id":"https:\/\/www.spkatarzyna.pl\/#website","url":"https:\/\/www.spkatarzyna.pl\/","name":"SP Katarzyna","description":"Publiczna Szko\u0142a Podstawowa w \u015awi\u0119tej Katarzynie","inLanguage":"pl-PL","publisher":{"@id":"https:\/\/www.spkatarzyna.pl\/#organization"}}]},"og:locale":"pl_PL","og:site_name":"SP Katarzyna - Publiczna Szko\u0142a Podstawowa w \u015awi\u0119tej Katarzynie","og:type":"article","og:title":"Poznaj swoje emocje - SP Katarzyna","og:description":"W klasach 5B i 5C odby\u0142y si\u0119 warsztaty plastyczne prowadzone przez szkoln\u0105 psycholog \u2013 p. Ewelin\u0119 Weps-Duffy i nauczycielk\u0119 plastyki \u2013 p. Agat\u0119 Gwizd, a kt\u00f3rych tematem by\u0142y emocje. To znane wszystkim poj\u0119cie zosta\u0142o przedyskutowane z uczniami i ciekawie przez nich zilustrowane. Przedstawiamy kilka prac, na kt\u00f3rych dobrze wida\u0107 r\u00f3\u017cnice pomi\u0119dzy omawianymi emocjami.","og:url":"https:\/\/www.spkatarzyna.pl\/index.php\/2024\/06\/15\/poznaj-swoje-emocje\/","article:published_time":"2024-06-15T09:43:47+00:00","article:modified_time":"2024-06-15T09:45:31+00:00","twitter:card":"summary_large_image","twitter:title":"Poznaj swoje emocje - SP Katarzyna","twitter:description":"W klasach 5B i 5C odby\u0142y si\u0119 warsztaty plastyczne prowadzone przez szkoln\u0105 psycholog \u2013 p. Ewelin\u0119 Weps-Duffy i nauczycielk\u0119 plastyki \u2013 p. Agat\u0119 Gwizd, a kt\u00f3rych tematem by\u0142y emocje. To znane wszystkim poj\u0119cie zosta\u0142o przedyskutowane z uczniami i ciekawie przez nich zilustrowane. Przedstawiamy kilka prac, na kt\u00f3rych dobrze wida\u0107 r\u00f3\u017cnice pomi\u0119dzy omawianymi emocjami."},"aioseo_meta_data":{"post_id":"10818","title":null,"description":null,"keywords":null,"keyphrases":{"focus":{"keyphrase":"","score":0,"analysis":{"keyphraseInTitle":{"score":0,"maxScore":9,"error":1}}},"additional":[]},"primary_term":null,"canonical_url":null,"og_title":null,"og_description":null,"og_object_type":"default","og_image_type":"default","og_image_url":null,"og_image_width":null,"og_image_height":null,"og_image_custom_url":null,"og_image_custom_fields":null,"og_video":"","og_custom_url":null,"og_article_section":null,"og_article_tags":null,"twitter_use_og":false,"twitter_card":"default","twitter_image_type":"default","twitter_image_url":null,"twitter_image_custom_url":null,"twitter_image_custom_fields":null,"twitter_title":null,"twitter_description":null,"schema":{"blockGraphs":[],"customGraphs":[],"default":{"data":{"Article":[],"Course":[],"Dataset":[],"FAQPage":[],"Movie":[],"Person":[],"Product":[],"ProductReview":[],"Car":[],"Recipe":[],"Service":[],"SoftwareApplication":[],"WebPage":[]},"graphName":"BlogPosting","isEnabled":true},"graphs":[]},"schema_type":"default","schema_type_options":null,"pillar_content":false,"robots_default":true,"robots_noindex":false,"robots_noarchive":false,"robots_nosnippet":false,"robots_nofollow":false,"robots_noimageindex":false,"robots_noodp":false,"robots_notranslate":false,"robots_max_snippet":"-1","robots_max_videopreview":"-1","robots_max_imagepreview":"large","priority":null,"frequency":"default","local_seo":null,"limit_modified_date":false,"created":"2024-06-15 09:43:47","updated":"2026-09-03 15:38:57","focus_keyword":null,"additional_keywords":null,"truseo_locale":null,"ai":null,"breadcrumb_settings":null,"seo_analyzer_scan_date":null},"aioseo_breadcrumb":"<div class=\"aioseo-breadcrumbs\"><span class=\"aioseo-breadcrumb\">\n\t\t\t<a href=\"https:\/\/www.spkatarzyna.pl\" title=\"Dom\">Dom<\/a>\n\t\t<\/span><span class=\"aioseo-breadcrumb-separator\">&raquo;<\/span><span class=\"aioseo-breadcrumb\">\n\t\t\t<a href=\"https:\/\/www.spkatarzyna.pl\/index.php\/category\/uncategorized\/\" title=\"Uncategorized\">Uncategorized<\/a>\n\t\t<\/span><span class=\"aioseo-breadcrumb-separator\">&raquo;<\/span><span class=\"aioseo-breadcrumb\">\n\t\t\tPoznaj swoje emocje\n\t\t<\/span><\/div>","aioseo_breadcrumb_json":[{"label":"Dom","link":"https:\/\/www.spkatarzyna.pl"},{"label":"Uncategorized","link":"https:\/\/www.spkatarzyna.pl\/index.php\/category\/uncategorized\/"},{"label":"Poznaj swoje emocje","link":"https:\/\/www.spkatarzyna.pl\/index.php\/2024\/06\/15\/poznaj-swoje-emocje\/"}],"_links":{"self":[{"href":"https:\/\/www.spkatarzyna.pl\/index.php\/wp-json\/wp\/v2\/posts\/10818","targetHints":{"allow":["GET"]}}],"collection":[{"href":"https:\/\/www.spkatarzyna.pl\/index.php\/wp-json\/wp\/v2\/posts"}],"about":[{"href":"https:\/\/www.spkatarzyna.pl\/index.php\/wp-json\/wp\/v2\/types\/post"}],"author":[{"embeddable":true,"href":"https:\/\/www.spkatarzyna.pl\/index.php\/wp-json\/wp\/v2\/users\/6"}],"replies":[{"embeddable":true,"href":"https:\/\/www.spkatarzyna.pl\/index.php\/wp-json\/wp\/v2\/comments?post=10818"}],"version-history":[{"count":4,"href":"https:\/\/www.spkatarzyna.pl\/index.php\/wp-json\/wp\/v2\/posts\/10818\/revisions"}],"predecessor-version":[{"id":10824,"href":"https:\/\/www.spkatarzyna.pl\/index.php\/wp-json\/wp\/v2\/posts\/10818\/revisions\/10824"}],"wp:featuredmedia":[{"embeddable":true,"href":"https:\/\/www.spkatarzyna.pl\/index.php\/wp-json\/wp\/v2\/media\/10819"}],"wp:attachment":[{"href":"https:\/\/www.spkatarzyna.pl\/index.php\/wp-json\/wp\/v2\/media?parent=10818"}],"wp:term":[{"taxonomy":"category","embeddable":true,"href":"https:\/\/www.spkatarzyna.pl\/index.php\/wp-json\/wp\/v2\/categories?post=10818"},{"taxonomy":"post_tag","embeddable":true,"href":"https:\/\/www.spkatarzyna.pl\/index.php\/wp-json\/wp\/v2\/tags?post=10818"}],"curies":[{"name":"wp","href":"https:\/\/api.w.org\/{rel}","templated":true}]}}