{"id":10826,"date":"2024-06-15T10:23:18","date_gmt":"2024-06-15T10:23:18","guid":{"rendered":"https:\/\/www.spkatarzyna.pl\/?p=10826"},"modified":"2024-06-15T10:28:25","modified_gmt":"2024-06-15T10:28:25","slug":"wyprawa-do-rolnika","status":"publish","type":"post","link":"https:\/\/www.spkatarzyna.pl\/index.php\/2024\/06\/15\/wyprawa-do-rolnika\/","title":{"rendered":"Wyprawa do rolnika"},"content":{"rendered":"\t\t<div data-elementor-type=\"wp-post\" data-elementor-id=\"10826\" class=\"elementor elementor-10826\">\n\t\t\t\t\t\t<section class=\"elementor-section elementor-top-section elementor-element elementor-element-55142451 elementor-section-boxed elementor-section-height-default elementor-section-height-default\" data-id=\"55142451\" data-element_type=\"section\">\n\t\t\t\t\t\t<div class=\"elementor-container elementor-column-gap-default\">\n\t\t\t\t\t<div class=\"elementor-column elementor-col-100 elementor-top-column elementor-element elementor-element-72c1918c\" data-id=\"72c1918c\" data-element_type=\"column\">\n\t\t\t<div class=\"elementor-widget-wrap elementor-element-populated\">\n\t\t\t\t\t\t<div class=\"elementor-element elementor-element-4bad1943 elementor-widget elementor-widget-text-editor\" data-id=\"4bad1943\" data-element_type=\"widget\" data-widget_type=\"text-editor.default\">\n\t\t\t\t\t\t\t\t\t<p style=\"text-align: justify;\"><span style=\"font-size: 14pt;\">11 czerwca byli\u015bmy na wyprawie do rolnika w \u015awi\u0119tej Katarzynie. Uczniowie klasy 2a poznali rolnicze maszyny, upraw\u0119 zbo\u017ca oraz sami wsiedli na traktor. To niesamowite jak praca rolnika wzbudzi\u0142a ciekawo\u015b\u0107 dzieci.<\/span><\/p>\t\t\t\t\t\t\t\t<\/div>\n\t\t\t\t<div class=\"elementor-element elementor-element-d5dfbcd elementor-widget elementor-widget-image-gallery\" data-id=\"d5dfbcd\" data-element_type=\"widget\" data-widget_type=\"image-gallery.default\">\n\t\t\t\t\t\t\t<div class=\"elementor-image-gallery\">\n\t\t\t\n\t\t<div id='gallery-1' class='gallery galleryid-10826 gallery-columns-3 gallery-size-thumbnail gallery1'><script type=\"text\/javascript\">\n\/\/ <![CDATA[\n\tjQuery(document).ready(function () {\n\t\tjQuery(\".gallery1 a\").attr(\"rel\",\"gallery1\");\t\n\t\tjQuery('a[rel=\"gallery1\"]').colorbox({title: function(){ return jQuery(this).children().attr(\"alt\"); }});\n\t});\n\/\/ ]]>\n<\/script>\n<dl class=\"gallery-item\">\n<dt class=\"gallery-icon\">\n<a href=\"https:\/\/www.spkatarzyna.pl\/wp-content\/uploads\/2024\/06\/PHOTO-2024-06-11-10-18-19-225x300.jpg\" title=\"\" rel=\"gallery1\" rel=\"lightbox[10826]\"><img decoding=\"async\" src=\"https:\/\/www.spkatarzyna.pl\/wp-content\/uploads\/2024\/06\/PHOTO-2024-06-11-10-18-19-150x150.jpg\" width=\"150\" height=\"150\" alt=\"\" \/><\/a>\n<\/dt><\/dl><dl class=\"gallery-item\">\n<dt class=\"gallery-icon\">\n<a href=\"https:\/\/www.spkatarzyna.pl\/wp-content\/uploads\/2024\/06\/PHOTO-2024-06-11-10-18-21-225x300.jpg\" title=\"\" rel=\"gallery1\" rel=\"lightbox[10826]\"><img decoding=\"async\" src=\"https:\/\/www.spkatarzyna.pl\/wp-content\/uploads\/2024\/06\/PHOTO-2024-06-11-10-18-21-150x150.jpg\" width=\"150\" height=\"150\" alt=\"\" \/><\/a>\n<\/dt><\/dl><dl class=\"gallery-item\">\n<dt class=\"gallery-icon\">\n<a href=\"https:\/\/www.spkatarzyna.pl\/wp-content\/uploads\/2024\/06\/PHOTO-2024-06-11-10-23-35-225x300.jpg\" title=\"\" rel=\"gallery1\" rel=\"lightbox[10826]\"><img decoding=\"async\" src=\"https:\/\/www.spkatarzyna.pl\/wp-content\/uploads\/2024\/06\/PHOTO-2024-06-11-10-23-35-150x150.jpg\" width=\"150\" height=\"150\" alt=\"\" \/><\/a>\n<\/dt><\/dl><br style=\"clear: both\" \/><dl class=\"gallery-item\">\n<dt class=\"gallery-icon\">\n<a href=\"https:\/\/www.spkatarzyna.pl\/wp-content\/uploads\/2024\/06\/PHOTO-2024-06-11-10-23-48-225x300.jpg\" title=\"\" rel=\"gallery1\" rel=\"lightbox[10826]\"><img loading=\"lazy\" decoding=\"async\" src=\"https:\/\/www.spkatarzyna.pl\/wp-content\/uploads\/2024\/06\/PHOTO-2024-06-11-10-23-48-150x150.jpg\" width=\"150\" height=\"150\" alt=\"\" \/><\/a>\n<\/dt><\/dl><dl class=\"gallery-item\">\n<dt class=\"gallery-icon\">\n<a href=\"https:\/\/www.spkatarzyna.pl\/wp-content\/uploads\/2024\/06\/PHOTO-2024-06-11-12-17-55-300x225.jpg\" title=\"\" rel=\"gallery1\" rel=\"lightbox[10826]\"><img loading=\"lazy\" decoding=\"async\" src=\"https:\/\/www.spkatarzyna.pl\/wp-content\/uploads\/2024\/06\/PHOTO-2024-06-11-12-17-55-150x150.jpg\" width=\"150\" height=\"150\" alt=\"\" \/><\/a>\n<\/dt><\/dl><dl class=\"gallery-item\">\n<dt class=\"gallery-icon\">\n<a href=\"https:\/\/www.spkatarzyna.pl\/wp-content\/uploads\/2024\/06\/PHOTO-2024-06-11-12-18-09-225x300.jpg\" title=\"\" rel=\"gallery1\" rel=\"lightbox[10826]\"><img loading=\"lazy\" decoding=\"async\" src=\"https:\/\/www.spkatarzyna.pl\/wp-content\/uploads\/2024\/06\/PHOTO-2024-06-11-12-18-09-150x150.jpg\" width=\"150\" height=\"150\" alt=\"\" \/><\/a>\n<\/dt><\/dl><br style=\"clear: both\" \/><br style=\"clear: both\" \/><\/div>\t\t<\/div>\n\t\t\t\t\t\t<\/div>\n\t\t\t\t\t<\/div>\n\t\t<\/div>\n\t\t\t\t\t<\/div>\n\t\t<\/section>\n\t\t\t\t<\/div>\n\t\t","protected":false},"excerpt":{"rendered":"<p>11 czerwca byli\u015bmy na wyprawie do rolnika w \u015awi\u0119tej Katarzynie. Uczniowie klasy 2a poznali rolnicze maszyny, upraw\u0119 zbo\u017ca oraz sami wsiedli na traktor. To niesamowite jak praca rolnika wzbudzi\u0142a ciekawo\u015b\u0107 dzieci.<\/p>\n","protected":false},"author":6,"featured_media":10827,"comment_status":"open","ping_status":"open","sticky":false,"template":"","format":"standard","meta":{"om_disable_all_campaigns":false,"_monsterinsights_skip_tracking":false,"ngg_post_thumbnail":0,"footnotes":""},"categories":[1],"tags":[],"class_list":["post-10826","post","type-post","status-publish","format-standard","has-post-thumbnail","hentry","category-uncategorized"],"aioseo_notices":[],"aioseo_head":"\n\t\t<!-- All in One SEO 5.0.1.1 - aioseo.com -->\n\t<meta name=\"description\" content=\"11 czerwca byli\u015bmy na wyprawie do rolnika w \u015awi\u0119tej Katarzynie. Uczniowie klasy 2a poznali rolnicze maszyny, upraw\u0119 zbo\u017ca oraz sami wsiedli na traktor. To niesamowite jak praca rolnika wzbudzi\u0142a ciekawo\u015b\u0107 dzieci.\" \/>\n\t<meta name=\"robots\" content=\"max-image-preview:large\" \/>\n\t<meta name=\"author\" content=\"Redakcja\"\/>\n\t<link rel=\"canonical\" href=\"https:\/\/www.spkatarzyna.pl\/index.php\/2024\/06\/15\/wyprawa-do-rolnika\/\" \/>\n\t<meta name=\"generator\" content=\"All in One SEO (AIOSEO) 5.0.1.1\" \/>\n\t\t<meta property=\"og:locale\" content=\"pl_PL\" \/>\n\t\t<meta property=\"og:site_name\" content=\"SP Katarzyna - Publiczna Szko\u0142a Podstawowa w \u015awi\u0119tej Katarzynie\" \/>\n\t\t<meta property=\"og:type\" content=\"article\" \/>\n\t\t<meta property=\"og:title\" content=\"Wyprawa do rolnika - SP Katarzyna\" \/>\n\t\t<meta property=\"og:description\" content=\"11 czerwca byli\u015bmy na wyprawie do rolnika w \u015awi\u0119tej Katarzynie. Uczniowie klasy 2a poznali rolnicze maszyny, upraw\u0119 zbo\u017ca oraz sami wsiedli na traktor. To niesamowite jak praca rolnika wzbudzi\u0142a ciekawo\u015b\u0107 dzieci.\" \/>\n\t\t<meta property=\"og:url\" content=\"https:\/\/www.spkatarzyna.pl\/index.php\/2024\/06\/15\/wyprawa-do-rolnika\/\" \/>\n\t\t<meta property=\"article:published_time\" content=\"2024-06-15T10:23:18+00:00\" \/>\n\t\t<meta property=\"article:modified_time\" content=\"2024-06-15T10:28:25+00:00\" \/>\n\t\t<meta name=\"twitter:card\" content=\"summary_large_image\" \/>\n\t\t<meta name=\"twitter:title\" content=\"Wyprawa do rolnika - SP Katarzyna\" \/>\n\t\t<meta name=\"twitter:description\" content=\"11 czerwca byli\u015bmy na wyprawie do rolnika w \u015awi\u0119tej Katarzynie. Uczniowie klasy 2a poznali rolnicze maszyny, upraw\u0119 zbo\u017ca oraz sami wsiedli na traktor. To niesamowite jak praca rolnika wzbudzi\u0142a ciekawo\u015b\u0107 dzieci.\" \/>\n\t\t<script type=\"application\/ld+json\" class=\"aioseo-schema\">\n\t\t\t{\"@context\":\"https:\\\/\\\/schema.org\",\"@graph\":[{\"@type\":\"BlogPosting\",\"@id\":\"https:\\\/\\\/www.spkatarzyna.pl\\\/index.php\\\/2024\\\/06\\\/15\\\/wyprawa-do-rolnika\\\/#blogposting\",\"name\":\"Wyprawa do rolnika - SP Katarzyna\",\"headline\":\"Wyprawa do rolnika\",\"author\":{\"@id\":\"https:\\\/\\\/www.spkatarzyna.pl\\\/index.php\\\/author\\\/agatasafianspkatarzyna-pl\\\/#author\"},\"publisher\":{\"@id\":\"https:\\\/\\\/www.spkatarzyna.pl\\\/#organization\"},\"image\":{\"@type\":\"ImageObject\",\"url\":\"https:\\\/\\\/www.spkatarzyna.pl\\\/wp-content\\\/uploads\\\/2024\\\/06\\\/PHOTO-2024-06-11-12-17-55-2.jpg\",\"width\":360,\"height\":202},\"datePublished\":\"2024-06-15T10:23:18+02:00\",\"dateModified\":\"2024-06-15T10:28:25+02:00\",\"inLanguage\":\"pl-PL\",\"mainEntityOfPage\":{\"@id\":\"https:\\\/\\\/www.spkatarzyna.pl\\\/index.php\\\/2024\\\/06\\\/15\\\/wyprawa-do-rolnika\\\/#webpage\"},\"isPartOf\":{\"@id\":\"https:\\\/\\\/www.spkatarzyna.pl\\\/index.php\\\/2024\\\/06\\\/15\\\/wyprawa-do-rolnika\\\/#webpage\"},\"articleSection\":\"Uncategorized\"},{\"@type\":\"BreadcrumbList\",\"@id\":\"https:\\\/\\\/www.spkatarzyna.pl\\\/index.php\\\/2024\\\/06\\\/15\\\/wyprawa-do-rolnika\\\/#breadcrumblist\",\"itemListElement\":[{\"@type\":\"ListItem\",\"@id\":\"https:\\\/\\\/www.spkatarzyna.pl#listItem\",\"position\":1,\"name\":\"Dom\",\"item\":\"https:\\\/\\\/www.spkatarzyna.pl\",\"nextItem\":{\"@type\":\"ListItem\",\"@id\":\"https:\\\/\\\/www.spkatarzyna.pl\\\/index.php\\\/category\\\/uncategorized\\\/#listItem\",\"name\":\"Uncategorized\"}},{\"@type\":\"ListItem\",\"@id\":\"https:\\\/\\\/www.spkatarzyna.pl\\\/index.php\\\/category\\\/uncategorized\\\/#listItem\",\"position\":2,\"name\":\"Uncategorized\",\"item\":\"https:\\\/\\\/www.spkatarzyna.pl\\\/index.php\\\/category\\\/uncategorized\\\/\",\"nextItem\":{\"@type\":\"ListItem\",\"@id\":\"https:\\\/\\\/www.spkatarzyna.pl\\\/index.php\\\/2024\\\/06\\\/15\\\/wyprawa-do-rolnika\\\/#listItem\",\"name\":\"Wyprawa do rolnika\"},\"previousItem\":{\"@type\":\"ListItem\",\"@id\":\"https:\\\/\\\/www.spkatarzyna.pl#listItem\",\"name\":\"Dom\"}},{\"@type\":\"ListItem\",\"@id\":\"https:\\\/\\\/www.spkatarzyna.pl\\\/index.php\\\/2024\\\/06\\\/15\\\/wyprawa-do-rolnika\\\/#listItem\",\"position\":3,\"name\":\"Wyprawa do rolnika\",\"previousItem\":{\"@type\":\"ListItem\",\"@id\":\"https:\\\/\\\/www.spkatarzyna.pl\\\/index.php\\\/category\\\/uncategorized\\\/#listItem\",\"name\":\"Uncategorized\"}}]},{\"@type\":\"Organization\",\"@id\":\"https:\\\/\\\/www.spkatarzyna.pl\\\/#organization\",\"name\":\"SP Katarzyna\",\"description\":\"Publiczna Szko\\u0142a Podstawowa w \\u015awi\\u0119tej Katarzynie\",\"url\":\"https:\\\/\\\/www.spkatarzyna.pl\\\/\",\"telephone\":\"+48713116378\",\"sameAs\":[\"https:\\\/\\\/facebook.com\\\/\",\"https:\\\/\\\/x.com\\\/\",\"https:\\\/\\\/instagram.com\\\/\",\"https:\\\/\\\/pinterest.com\\\/\",\"https:\\\/\\\/youtube.com\\\/\",\"https:\\\/\\\/linkedin.com\\\/in\\\/\"]},{\"@type\":\"Person\",\"@id\":\"https:\\\/\\\/www.spkatarzyna.pl\\\/index.php\\\/author\\\/agatasafianspkatarzyna-pl\\\/#author\",\"url\":\"https:\\\/\\\/www.spkatarzyna.pl\\\/index.php\\\/author\\\/agatasafianspkatarzyna-pl\\\/\",\"name\":\"Redakcja\",\"image\":{\"@type\":\"ImageObject\",\"@id\":\"https:\\\/\\\/www.spkatarzyna.pl\\\/index.php\\\/2024\\\/06\\\/15\\\/wyprawa-do-rolnika\\\/#authorImage\",\"url\":\"https:\\\/\\\/secure.gravatar.com\\\/avatar\\\/765290513df94d442152250e92b42327?s=96&d=mm&r=g\",\"width\":96,\"height\":96,\"caption\":\"Redakcja\"}},{\"@type\":\"WebPage\",\"@id\":\"https:\\\/\\\/www.spkatarzyna.pl\\\/index.php\\\/2024\\\/06\\\/15\\\/wyprawa-do-rolnika\\\/#webpage\",\"url\":\"https:\\\/\\\/www.spkatarzyna.pl\\\/index.php\\\/2024\\\/06\\\/15\\\/wyprawa-do-rolnika\\\/\",\"name\":\"Wyprawa do rolnika - SP Katarzyna\",\"description\":\"11 czerwca byli\\u015bmy na wyprawie do rolnika w \\u015awi\\u0119tej Katarzynie. Uczniowie klasy 2a poznali rolnicze maszyny, upraw\\u0119 zbo\\u017ca oraz sami wsiedli na traktor. To niesamowite jak praca rolnika wzbudzi\\u0142a ciekawo\\u015b\\u0107 dzieci.\",\"inLanguage\":\"pl-PL\",\"isPartOf\":{\"@id\":\"https:\\\/\\\/www.spkatarzyna.pl\\\/#website\"},\"breadcrumb\":{\"@id\":\"https:\\\/\\\/www.spkatarzyna.pl\\\/index.php\\\/2024\\\/06\\\/15\\\/wyprawa-do-rolnika\\\/#breadcrumblist\"},\"author\":{\"@id\":\"https:\\\/\\\/www.spkatarzyna.pl\\\/index.php\\\/author\\\/agatasafianspkatarzyna-pl\\\/#author\"},\"creator\":{\"@id\":\"https:\\\/\\\/www.spkatarzyna.pl\\\/index.php\\\/author\\\/agatasafianspkatarzyna-pl\\\/#author\"},\"image\":{\"@type\":\"ImageObject\",\"url\":\"https:\\\/\\\/www.spkatarzyna.pl\\\/wp-content\\\/uploads\\\/2024\\\/06\\\/PHOTO-2024-06-11-12-17-55-2.jpg\",\"@id\":\"https:\\\/\\\/www.spkatarzyna.pl\\\/index.php\\\/2024\\\/06\\\/15\\\/wyprawa-do-rolnika\\\/#mainImage\",\"width\":360,\"height\":202},\"primaryImageOfPage\":{\"@id\":\"https:\\\/\\\/www.spkatarzyna.pl\\\/index.php\\\/2024\\\/06\\\/15\\\/wyprawa-do-rolnika\\\/#mainImage\"},\"datePublished\":\"2024-06-15T10:23:18+02:00\",\"dateModified\":\"2024-06-15T10:28:25+02:00\"},{\"@type\":\"WebSite\",\"@id\":\"https:\\\/\\\/www.spkatarzyna.pl\\\/#website\",\"url\":\"https:\\\/\\\/www.spkatarzyna.pl\\\/\",\"name\":\"SP Katarzyna\",\"description\":\"Publiczna Szko\\u0142a Podstawowa w \\u015awi\\u0119tej Katarzynie\",\"inLanguage\":\"pl-PL\",\"publisher\":{\"@id\":\"https:\\\/\\\/www.spkatarzyna.pl\\\/#organization\"}}]}\n\t\t<\/script>\n\t\t<!-- All in One SEO -->\n\n","aioseo_head_json":{"title":"Wyprawa do rolnika - SP Katarzyna","description":"11 czerwca byli\u015bmy na wyprawie do rolnika w \u015awi\u0119tej Katarzynie. Uczniowie klasy 2a poznali rolnicze maszyny, upraw\u0119 zbo\u017ca oraz sami wsiedli na traktor. To niesamowite jak praca rolnika wzbudzi\u0142a ciekawo\u015b\u0107 dzieci.","canonical_url":"https:\/\/www.spkatarzyna.pl\/index.php\/2024\/06\/15\/wyprawa-do-rolnika\/","robots":"max-image-preview:large","keywords":"","webmasterTools":{"miscellaneous":""},"schema":{"@context":"https:\/\/schema.org","@graph":[{"@type":"BlogPosting","@id":"https:\/\/www.spkatarzyna.pl\/index.php\/2024\/06\/15\/wyprawa-do-rolnika\/#blogposting","name":"Wyprawa do rolnika - SP Katarzyna","headline":"Wyprawa do rolnika","author":{"@id":"https:\/\/www.spkatarzyna.pl\/index.php\/author\/agatasafianspkatarzyna-pl\/#author"},"publisher":{"@id":"https:\/\/www.spkatarzyna.pl\/#organization"},"image":{"@type":"ImageObject","url":"https:\/\/www.spkatarzyna.pl\/wp-content\/uploads\/2024\/06\/PHOTO-2024-06-11-12-17-55-2.jpg","width":360,"height":202},"datePublished":"2024-06-15T10:23:18+02:00","dateModified":"2024-06-15T10:28:25+02:00","inLanguage":"pl-PL","mainEntityOfPage":{"@id":"https:\/\/www.spkatarzyna.pl\/index.php\/2024\/06\/15\/wyprawa-do-rolnika\/#webpage"},"isPartOf":{"@id":"https:\/\/www.spkatarzyna.pl\/index.php\/2024\/06\/15\/wyprawa-do-rolnika\/#webpage"},"articleSection":"Uncategorized"},{"@type":"BreadcrumbList","@id":"https:\/\/www.spkatarzyna.pl\/index.php\/2024\/06\/15\/wyprawa-do-rolnika\/#breadcrumblist","itemListElement":[{"@type":"ListItem","@id":"https:\/\/www.spkatarzyna.pl#listItem","position":1,"name":"Dom","item":"https:\/\/www.spkatarzyna.pl","nextItem":{"@type":"ListItem","@id":"https:\/\/www.spkatarzyna.pl\/index.php\/category\/uncategorized\/#listItem","name":"Uncategorized"}},{"@type":"ListItem","@id":"https:\/\/www.spkatarzyna.pl\/index.php\/category\/uncategorized\/#listItem","position":2,"name":"Uncategorized","item":"https:\/\/www.spkatarzyna.pl\/index.php\/category\/uncategorized\/","nextItem":{"@type":"ListItem","@id":"https:\/\/www.spkatarzyna.pl\/index.php\/2024\/06\/15\/wyprawa-do-rolnika\/#listItem","name":"Wyprawa do rolnika"},"previousItem":{"@type":"ListItem","@id":"https:\/\/www.spkatarzyna.pl#listItem","name":"Dom"}},{"@type":"ListItem","@id":"https:\/\/www.spkatarzyna.pl\/index.php\/2024\/06\/15\/wyprawa-do-rolnika\/#listItem","position":3,"name":"Wyprawa do rolnika","previousItem":{"@type":"ListItem","@id":"https:\/\/www.spkatarzyna.pl\/index.php\/category\/uncategorized\/#listItem","name":"Uncategorized"}}]},{"@type":"Organization","@id":"https:\/\/www.spkatarzyna.pl\/#organization","name":"SP Katarzyna","description":"Publiczna Szko\u0142a Podstawowa w \u015awi\u0119tej Katarzynie","url":"https:\/\/www.spkatarzyna.pl\/","telephone":"+48713116378","sameAs":["https:\/\/facebook.com\/","https:\/\/x.com\/","https:\/\/instagram.com\/","https:\/\/pinterest.com\/","https:\/\/youtube.com\/","https:\/\/linkedin.com\/in\/"]},{"@type":"Person","@id":"https:\/\/www.spkatarzyna.pl\/index.php\/author\/agatasafianspkatarzyna-pl\/#author","url":"https:\/\/www.spkatarzyna.pl\/index.php\/author\/agatasafianspkatarzyna-pl\/","name":"Redakcja","image":{"@type":"ImageObject","@id":"https:\/\/www.spkatarzyna.pl\/index.php\/2024\/06\/15\/wyprawa-do-rolnika\/#authorImage","url":"https:\/\/secure.gravatar.com\/avatar\/765290513df94d442152250e92b42327?s=96&d=mm&r=g","width":96,"height":96,"caption":"Redakcja"}},{"@type":"WebPage","@id":"https:\/\/www.spkatarzyna.pl\/index.php\/2024\/06\/15\/wyprawa-do-rolnika\/#webpage","url":"https:\/\/www.spkatarzyna.pl\/index.php\/2024\/06\/15\/wyprawa-do-rolnika\/","name":"Wyprawa do rolnika - SP Katarzyna","description":"11 czerwca byli\u015bmy na wyprawie do rolnika w \u015awi\u0119tej Katarzynie. Uczniowie klasy 2a poznali rolnicze maszyny, upraw\u0119 zbo\u017ca oraz sami wsiedli na traktor. To niesamowite jak praca rolnika wzbudzi\u0142a ciekawo\u015b\u0107 dzieci.","inLanguage":"pl-PL","isPartOf":{"@id":"https:\/\/www.spkatarzyna.pl\/#website"},"breadcrumb":{"@id":"https:\/\/www.spkatarzyna.pl\/index.php\/2024\/06\/15\/wyprawa-do-rolnika\/#breadcrumblist"},"author":{"@id":"https:\/\/www.spkatarzyna.pl\/index.php\/author\/agatasafianspkatarzyna-pl\/#author"},"creator":{"@id":"https:\/\/www.spkatarzyna.pl\/index.php\/author\/agatasafianspkatarzyna-pl\/#author"},"image":{"@type":"ImageObject","url":"https:\/\/www.spkatarzyna.pl\/wp-content\/uploads\/2024\/06\/PHOTO-2024-06-11-12-17-55-2.jpg","@id":"https:\/\/www.spkatarzyna.pl\/index.php\/2024\/06\/15\/wyprawa-do-rolnika\/#mainImage","width":360,"height":202},"primaryImageOfPage":{"@id":"https:\/\/www.spkatarzyna.pl\/index.php\/2024\/06\/15\/wyprawa-do-rolnika\/#mainImage"},"datePublished":"2024-06-15T10:23:18+02:00","dateModified":"2024-06-15T10:28:25+02:00"},{"@type":"WebSite","@id":"https:\/\/www.spkatarzyna.pl\/#website","url":"https:\/\/www.spkatarzyna.pl\/","name":"SP Katarzyna","description":"Publiczna Szko\u0142a Podstawowa w \u015awi\u0119tej Katarzynie","inLanguage":"pl-PL","publisher":{"@id":"https:\/\/www.spkatarzyna.pl\/#organization"}}]},"og:locale":"pl_PL","og:site_name":"SP Katarzyna - Publiczna Szko\u0142a Podstawowa w \u015awi\u0119tej Katarzynie","og:type":"article","og:title":"Wyprawa do rolnika - SP Katarzyna","og:description":"11 czerwca byli\u015bmy na wyprawie do rolnika w \u015awi\u0119tej Katarzynie. Uczniowie klasy 2a poznali rolnicze maszyny, upraw\u0119 zbo\u017ca oraz sami wsiedli na traktor. To niesamowite jak praca rolnika wzbudzi\u0142a ciekawo\u015b\u0107 dzieci.","og:url":"https:\/\/www.spkatarzyna.pl\/index.php\/2024\/06\/15\/wyprawa-do-rolnika\/","article:published_time":"2024-06-15T10:23:18+00:00","article:modified_time":"2024-06-15T10:28:25+00:00","twitter:card":"summary_large_image","twitter:title":"Wyprawa do rolnika - SP Katarzyna","twitter:description":"11 czerwca byli\u015bmy na wyprawie do rolnika w \u015awi\u0119tej Katarzynie. Uczniowie klasy 2a poznali rolnicze maszyny, upraw\u0119 zbo\u017ca oraz sami wsiedli na traktor. To niesamowite jak praca rolnika wzbudzi\u0142a ciekawo\u015b\u0107 dzieci."},"aioseo_meta_data":{"post_id":"10826","title":null,"description":null,"keywords":null,"keyphrases":{"focus":{"keyphrase":"","score":0,"analysis":{"keyphraseInTitle":{"score":0,"maxScore":9,"error":1}}},"additional":[]},"primary_term":null,"canonical_url":null,"og_title":null,"og_description":null,"og_object_type":"default","og_image_type":"default","og_image_url":null,"og_image_width":null,"og_image_height":null,"og_image_custom_url":null,"og_image_custom_fields":null,"og_video":"","og_custom_url":null,"og_article_section":null,"og_article_tags":null,"twitter_use_og":false,"twitter_card":"default","twitter_image_type":"default","twitter_image_url":null,"twitter_image_custom_url":null,"twitter_image_custom_fields":null,"twitter_title":null,"twitter_description":null,"schema":{"blockGraphs":[],"customGraphs":[],"default":{"data":{"Article":[],"Course":[],"Dataset":[],"FAQPage":[],"Movie":[],"Person":[],"Product":[],"ProductReview":[],"Car":[],"Recipe":[],"Service":[],"SoftwareApplication":[],"WebPage":[]},"graphName":"BlogPosting","isEnabled":true},"graphs":[]},"schema_type":"default","schema_type_options":null,"pillar_content":false,"robots_default":true,"robots_noindex":false,"robots_noarchive":false,"robots_nosnippet":false,"robots_nofollow":false,"robots_noimageindex":false,"robots_noodp":false,"robots_notranslate":false,"robots_max_snippet":"-1","robots_max_videopreview":"-1","robots_max_imagepreview":"large","priority":null,"frequency":"default","local_seo":null,"limit_modified_date":false,"created":"2024-06-15 10:23:18","updated":"2026-09-03 15:38:57","focus_keyword":null,"additional_keywords":null,"truseo_locale":null,"ai":null,"breadcrumb_settings":null,"seo_analyzer_scan_date":null},"aioseo_breadcrumb":"<div class=\"aioseo-breadcrumbs\"><span class=\"aioseo-breadcrumb\">\n\t\t\t<a href=\"https:\/\/www.spkatarzyna.pl\" title=\"Dom\">Dom<\/a>\n\t\t<\/span><span class=\"aioseo-breadcrumb-separator\">&raquo;<\/span><span class=\"aioseo-breadcrumb\">\n\t\t\t<a href=\"https:\/\/www.spkatarzyna.pl\/index.php\/category\/uncategorized\/\" title=\"Uncategorized\">Uncategorized<\/a>\n\t\t<\/span><span class=\"aioseo-breadcrumb-separator\">&raquo;<\/span><span class=\"aioseo-breadcrumb\">\n\t\t\tWyprawa do rolnika\n\t\t<\/span><\/div>","aioseo_breadcrumb_json":[{"label":"Dom","link":"https:\/\/www.spkatarzyna.pl"},{"label":"Uncategorized","link":"https:\/\/www.spkatarzyna.pl\/index.php\/category\/uncategorized\/"},{"label":"Wyprawa do rolnika","link":"https:\/\/www.spkatarzyna.pl\/index.php\/2024\/06\/15\/wyprawa-do-rolnika\/"}],"_links":{"self":[{"href":"https:\/\/www.spkatarzyna.pl\/index.php\/wp-json\/wp\/v2\/posts\/10826","targetHints":{"allow":["GET"]}}],"collection":[{"href":"https:\/\/www.spkatarzyna.pl\/index.php\/wp-json\/wp\/v2\/posts"}],"about":[{"href":"https:\/\/www.spkatarzyna.pl\/index.php\/wp-json\/wp\/v2\/types\/post"}],"author":[{"embeddable":true,"href":"https:\/\/www.spkatarzyna.pl\/index.php\/wp-json\/wp\/v2\/users\/6"}],"replies":[{"embeddable":true,"href":"https:\/\/www.spkatarzyna.pl\/index.php\/wp-json\/wp\/v2\/comments?post=10826"}],"version-history":[{"count":7,"href":"https:\/\/www.spkatarzyna.pl\/index.php\/wp-json\/wp\/v2\/posts\/10826\/revisions"}],"predecessor-version":[{"id":10840,"href":"https:\/\/www.spkatarzyna.pl\/index.php\/wp-json\/wp\/v2\/posts\/10826\/revisions\/10840"}],"wp:featuredmedia":[{"embeddable":true,"href":"https:\/\/www.spkatarzyna.pl\/index.php\/wp-json\/wp\/v2\/media\/10827"}],"wp:attachment":[{"href":"https:\/\/www.spkatarzyna.pl\/index.php\/wp-json\/wp\/v2\/media?parent=10826"}],"wp:term":[{"taxonomy":"category","embeddable":true,"href":"https:\/\/www.spkatarzyna.pl\/index.php\/wp-json\/wp\/v2\/categories?post=10826"},{"taxonomy":"post_tag","embeddable":true,"href":"https:\/\/www.spkatarzyna.pl\/index.php\/wp-json\/wp\/v2\/tags?post=10826"}],"curies":[{"name":"wp","href":"https:\/\/api.w.org\/{rel}","templated":true}]}}