{"id":10873,"date":"2024-06-15T10:42:45","date_gmt":"2024-06-15T10:42:45","guid":{"rendered":"https:\/\/www.spkatarzyna.pl\/?p=10873"},"modified":"2024-06-15T10:43:58","modified_gmt":"2024-06-15T10:43:58","slug":"wycieczka-klas-siodmych","status":"publish","type":"post","link":"https:\/\/www.spkatarzyna.pl\/index.php\/2024\/06\/15\/wycieczka-klas-siodmych\/","title":{"rendered":"Wycieczka klas si\u00f3dmych"},"content":{"rendered":"\t\t<div data-elementor-type=\"wp-post\" data-elementor-id=\"10873\" class=\"elementor elementor-10873\">\n\t\t\t\t\t\t<section class=\"elementor-section elementor-top-section elementor-element elementor-element-6203f950 elementor-section-boxed elementor-section-height-default elementor-section-height-default\" data-id=\"6203f950\" data-element_type=\"section\">\n\t\t\t\t\t\t<div class=\"elementor-container elementor-column-gap-default\">\n\t\t\t\t\t<div class=\"elementor-column elementor-col-100 elementor-top-column elementor-element elementor-element-4237eaa8\" data-id=\"4237eaa8\" data-element_type=\"column\">\n\t\t\t<div class=\"elementor-widget-wrap elementor-element-populated\">\n\t\t\t\t\t\t<div class=\"elementor-element elementor-element-6d0810c elementor-widget elementor-widget-text-editor\" data-id=\"6d0810c\" data-element_type=\"widget\" data-widget_type=\"text-editor.default\">\n\t\t\t\t\t\t\t\t\t<div style=\"text-align: justify;\"><span style=\"font-size: 14pt;\">Uczniowie klas si\u00f3dmych podsumowali nauk\u0119 o sztukach plastycznych podczas wycieczki do Pawilonu Czterech Kopu\u0142, gdzie zwiedzili <\/span><span style=\"font-size: 14pt;\">znakomit\u0105 wystaw\u0119 polskiej sztuki wsp\u00f3\u0142czesnej. Do muzeum doszli\u015bmy zwiedzaj\u0105c zabytkowe osiedle Wuwa oraz okolice Hali Stulecia &#8211; obiekty wa\u017cne na mapie Wroc\u0142awia, wpisane na list\u0119 dziedzictwa kulturowego.\r\n<\/span><\/div>\r\n<div>&nbsp;<\/div>\r\n<div style=\"text-align: right;\"><span style=\"font-size: 14pt;\">Agata Gwizd<\/span><\/div>\t\t\t\t\t\t\t\t<\/div>\n\t\t\t\t<div class=\"elementor-element elementor-element-8499ac0 elementor-widget elementor-widget-image-gallery\" data-id=\"8499ac0\" data-element_type=\"widget\" data-widget_type=\"image-gallery.default\">\n\t\t\t\t\t\t\t<div class=\"elementor-image-gallery\">\n\t\t\t\n\t\t<div id='gallery-1' class='gallery galleryid-10873 gallery-columns-5 gallery-size-thumbnail gallery1'><script type=\"text\/javascript\">\n\/\/ <![CDATA[\n\tjQuery(document).ready(function () {\n\t\tjQuery(\".gallery1 a\").attr(\"rel\",\"gallery1\");\t\n\t\tjQuery('a[rel=\"gallery1\"]').colorbox({title: function(){ return jQuery(this).children().attr(\"alt\"); }});\n\t});\n\/\/ ]]>\n<\/script>\n<dl class=\"gallery-item\">\n<dt class=\"gallery-icon\">\n<a href=\"https:\/\/www.spkatarzyna.pl\/wp-content\/uploads\/2024\/06\/IMG-20240606-WA0034-300x225.jpg\" title=\"\" rel=\"gallery1\" rel=\"lightbox[10873]\"><img decoding=\"async\" src=\"https:\/\/www.spkatarzyna.pl\/wp-content\/uploads\/2024\/06\/IMG-20240606-WA0034-150x150.jpg\" width=\"150\" height=\"150\" alt=\"\" \/><\/a>\n<\/dt><\/dl><dl class=\"gallery-item\">\n<dt class=\"gallery-icon\">\n<a href=\"https:\/\/www.spkatarzyna.pl\/wp-content\/uploads\/2024\/06\/IMG-20240606-WA0003-300x225.jpg\" title=\"\" rel=\"gallery1\" rel=\"lightbox[10873]\"><img decoding=\"async\" src=\"https:\/\/www.spkatarzyna.pl\/wp-content\/uploads\/2024\/06\/IMG-20240606-WA0003-150x150.jpg\" width=\"150\" height=\"150\" alt=\"\" \/><\/a>\n<\/dt><\/dl><dl class=\"gallery-item\">\n<dt class=\"gallery-icon\">\n<a href=\"https:\/\/www.spkatarzyna.pl\/wp-content\/uploads\/2024\/06\/IMG-20240606-WA0021-300x225.jpg\" title=\"\" rel=\"gallery1\" rel=\"lightbox[10873]\"><img decoding=\"async\" src=\"https:\/\/www.spkatarzyna.pl\/wp-content\/uploads\/2024\/06\/IMG-20240606-WA0021-150x150.jpg\" width=\"150\" height=\"150\" alt=\"\" \/><\/a>\n<\/dt><\/dl><dl class=\"gallery-item\">\n<dt class=\"gallery-icon\">\n<a href=\"https:\/\/www.spkatarzyna.pl\/wp-content\/uploads\/2024\/06\/IMG-20240606-WA0007-300x210.jpg\" title=\"\" rel=\"gallery1\" rel=\"lightbox[10873]\"><img loading=\"lazy\" decoding=\"async\" src=\"https:\/\/www.spkatarzyna.pl\/wp-content\/uploads\/2024\/06\/IMG-20240606-WA0007-150x150.jpg\" width=\"150\" height=\"150\" alt=\"\" \/><\/a>\n<\/dt><\/dl><dl class=\"gallery-item\">\n<dt class=\"gallery-icon\">\n<a href=\"https:\/\/www.spkatarzyna.pl\/wp-content\/uploads\/2024\/06\/IMG-20240606-WA0027-300x225.jpg\" title=\"\" rel=\"gallery1\" rel=\"lightbox[10873]\"><img loading=\"lazy\" decoding=\"async\" src=\"https:\/\/www.spkatarzyna.pl\/wp-content\/uploads\/2024\/06\/IMG-20240606-WA0027-150x150.jpg\" width=\"150\" height=\"150\" alt=\"\" \/><\/a>\n<\/dt><\/dl><br style=\"clear: both\" \/><br style=\"clear: both\" \/><\/div>\t\t<\/div>\n\t\t\t\t\t\t<\/div>\n\t\t\t\t\t<\/div>\n\t\t<\/div>\n\t\t\t\t\t<\/div>\n\t\t<\/section>\n\t\t\t\t<\/div>\n\t\t","protected":false},"excerpt":{"rendered":"<p>Uczniowie klas si\u00f3dmych podsumowali nauk\u0119 o sztukach plastycznych podczas wycieczki do Pawilonu Czterech Kopu\u0142, gdzie zwiedzili znakomit\u0105 wystaw\u0119 polskiej sztuki wsp\u00f3\u0142czesnej. Do muzeum doszli\u015bmy zwiedzaj\u0105c zabytkowe osiedle Wuwa oraz okolice Hali Stulecia &#8211; obiekty wa\u017cne na mapie Wroc\u0142awia, wpisane na list\u0119 dziedzictwa kulturowego. &nbsp; Agata Gwizd<\/p>\n","protected":false},"author":6,"featured_media":10874,"comment_status":"open","ping_status":"open","sticky":false,"template":"","format":"standard","meta":{"om_disable_all_campaigns":false,"_monsterinsights_skip_tracking":false,"ngg_post_thumbnail":0,"footnotes":""},"categories":[1],"tags":[],"class_list":["post-10873","post","type-post","status-publish","format-standard","has-post-thumbnail","hentry","category-uncategorized"],"aioseo_notices":[],"aioseo_head":"\n\t\t<!-- All in One SEO 5.0.1.1 - aioseo.com -->\n\t<meta name=\"description\" content=\"Uczniowie klas si\u00f3dmych podsumowali nauk\u0119 o sztukach plastycznych podczas wycieczki do Pawilonu Czterech Kopu\u0142, gdzie zwiedzili znakomit\u0105 wystaw\u0119 polskiej sztuki wsp\u00f3\u0142czesnej. Do muzeum doszli\u015bmy zwiedzaj\u0105c zabytkowe osiedle Wuwa oraz okolice Hali Stulecia \u2013 obiekty wa\u017cne na mapie Wroc\u0142awia, wpisane na list\u0119 dziedzictwa kulturowego. Agata Gwizd\" \/>\n\t<meta name=\"robots\" content=\"max-image-preview:large\" \/>\n\t<meta name=\"author\" content=\"Redakcja\"\/>\n\t<link rel=\"canonical\" href=\"https:\/\/www.spkatarzyna.pl\/index.php\/2024\/06\/15\/wycieczka-klas-siodmych\/\" \/>\n\t<meta name=\"generator\" content=\"All in One SEO (AIOSEO) 5.0.1.1\" \/>\n\t\t<meta property=\"og:locale\" content=\"pl_PL\" \/>\n\t\t<meta property=\"og:site_name\" content=\"SP Katarzyna - Publiczna Szko\u0142a Podstawowa w \u015awi\u0119tej Katarzynie\" \/>\n\t\t<meta property=\"og:type\" content=\"article\" \/>\n\t\t<meta property=\"og:title\" content=\"Wycieczka klas si\u00f3dmych - SP Katarzyna\" \/>\n\t\t<meta property=\"og:description\" content=\"Uczniowie klas si\u00f3dmych podsumowali nauk\u0119 o sztukach plastycznych podczas wycieczki do Pawilonu Czterech Kopu\u0142, gdzie zwiedzili znakomit\u0105 wystaw\u0119 polskiej sztuki wsp\u00f3\u0142czesnej. Do muzeum doszli\u015bmy zwiedzaj\u0105c zabytkowe osiedle Wuwa oraz okolice Hali Stulecia \u2013 obiekty wa\u017cne na mapie Wroc\u0142awia, wpisane na list\u0119 dziedzictwa kulturowego. Agata Gwizd\" \/>\n\t\t<meta property=\"og:url\" content=\"https:\/\/www.spkatarzyna.pl\/index.php\/2024\/06\/15\/wycieczka-klas-siodmych\/\" \/>\n\t\t<meta property=\"article:published_time\" content=\"2024-06-15T10:42:45+00:00\" \/>\n\t\t<meta property=\"article:modified_time\" content=\"2024-06-15T10:43:58+00:00\" \/>\n\t\t<meta name=\"twitter:card\" content=\"summary_large_image\" \/>\n\t\t<meta name=\"twitter:title\" content=\"Wycieczka klas si\u00f3dmych - SP Katarzyna\" \/>\n\t\t<meta name=\"twitter:description\" content=\"Uczniowie klas si\u00f3dmych podsumowali nauk\u0119 o sztukach plastycznych podczas wycieczki do Pawilonu Czterech Kopu\u0142, gdzie zwiedzili znakomit\u0105 wystaw\u0119 polskiej sztuki wsp\u00f3\u0142czesnej. Do muzeum doszli\u015bmy zwiedzaj\u0105c zabytkowe osiedle Wuwa oraz okolice Hali Stulecia \u2013 obiekty wa\u017cne na mapie Wroc\u0142awia, wpisane na list\u0119 dziedzictwa kulturowego. Agata Gwizd\" \/>\n\t\t<script type=\"application\/ld+json\" class=\"aioseo-schema\">\n\t\t\t{\"@context\":\"https:\\\/\\\/schema.org\",\"@graph\":[{\"@type\":\"BlogPosting\",\"@id\":\"https:\\\/\\\/www.spkatarzyna.pl\\\/index.php\\\/2024\\\/06\\\/15\\\/wycieczka-klas-siodmych\\\/#blogposting\",\"name\":\"Wycieczka klas si\\u00f3dmych - SP Katarzyna\",\"headline\":\"Wycieczka klas si\\u00f3dmych\",\"author\":{\"@id\":\"https:\\\/\\\/www.spkatarzyna.pl\\\/index.php\\\/author\\\/agatasafianspkatarzyna-pl\\\/#author\"},\"publisher\":{\"@id\":\"https:\\\/\\\/www.spkatarzyna.pl\\\/#organization\"},\"image\":{\"@type\":\"ImageObject\",\"url\":\"https:\\\/\\\/www.spkatarzyna.pl\\\/wp-content\\\/uploads\\\/2024\\\/06\\\/IMG-20240606-WA0003-2.jpg\",\"width\":360,\"height\":202},\"datePublished\":\"2024-06-15T10:42:45+02:00\",\"dateModified\":\"2024-06-15T10:43:58+02:00\",\"inLanguage\":\"pl-PL\",\"mainEntityOfPage\":{\"@id\":\"https:\\\/\\\/www.spkatarzyna.pl\\\/index.php\\\/2024\\\/06\\\/15\\\/wycieczka-klas-siodmych\\\/#webpage\"},\"isPartOf\":{\"@id\":\"https:\\\/\\\/www.spkatarzyna.pl\\\/index.php\\\/2024\\\/06\\\/15\\\/wycieczka-klas-siodmych\\\/#webpage\"},\"articleSection\":\"Uncategorized\"},{\"@type\":\"BreadcrumbList\",\"@id\":\"https:\\\/\\\/www.spkatarzyna.pl\\\/index.php\\\/2024\\\/06\\\/15\\\/wycieczka-klas-siodmych\\\/#breadcrumblist\",\"itemListElement\":[{\"@type\":\"ListItem\",\"@id\":\"https:\\\/\\\/www.spkatarzyna.pl#listItem\",\"position\":1,\"name\":\"Dom\",\"item\":\"https:\\\/\\\/www.spkatarzyna.pl\",\"nextItem\":{\"@type\":\"ListItem\",\"@id\":\"https:\\\/\\\/www.spkatarzyna.pl\\\/index.php\\\/category\\\/uncategorized\\\/#listItem\",\"name\":\"Uncategorized\"}},{\"@type\":\"ListItem\",\"@id\":\"https:\\\/\\\/www.spkatarzyna.pl\\\/index.php\\\/category\\\/uncategorized\\\/#listItem\",\"position\":2,\"name\":\"Uncategorized\",\"item\":\"https:\\\/\\\/www.spkatarzyna.pl\\\/index.php\\\/category\\\/uncategorized\\\/\",\"nextItem\":{\"@type\":\"ListItem\",\"@id\":\"https:\\\/\\\/www.spkatarzyna.pl\\\/index.php\\\/2024\\\/06\\\/15\\\/wycieczka-klas-siodmych\\\/#listItem\",\"name\":\"Wycieczka klas si\\u00f3dmych\"},\"previousItem\":{\"@type\":\"ListItem\",\"@id\":\"https:\\\/\\\/www.spkatarzyna.pl#listItem\",\"name\":\"Dom\"}},{\"@type\":\"ListItem\",\"@id\":\"https:\\\/\\\/www.spkatarzyna.pl\\\/index.php\\\/2024\\\/06\\\/15\\\/wycieczka-klas-siodmych\\\/#listItem\",\"position\":3,\"name\":\"Wycieczka klas si\\u00f3dmych\",\"previousItem\":{\"@type\":\"ListItem\",\"@id\":\"https:\\\/\\\/www.spkatarzyna.pl\\\/index.php\\\/category\\\/uncategorized\\\/#listItem\",\"name\":\"Uncategorized\"}}]},{\"@type\":\"Organization\",\"@id\":\"https:\\\/\\\/www.spkatarzyna.pl\\\/#organization\",\"name\":\"SP Katarzyna\",\"description\":\"Publiczna Szko\\u0142a Podstawowa w \\u015awi\\u0119tej Katarzynie\",\"url\":\"https:\\\/\\\/www.spkatarzyna.pl\\\/\",\"telephone\":\"+48713116378\",\"sameAs\":[\"https:\\\/\\\/facebook.com\\\/\",\"https:\\\/\\\/x.com\\\/\",\"https:\\\/\\\/instagram.com\\\/\",\"https:\\\/\\\/pinterest.com\\\/\",\"https:\\\/\\\/youtube.com\\\/\",\"https:\\\/\\\/linkedin.com\\\/in\\\/\"]},{\"@type\":\"Person\",\"@id\":\"https:\\\/\\\/www.spkatarzyna.pl\\\/index.php\\\/author\\\/agatasafianspkatarzyna-pl\\\/#author\",\"url\":\"https:\\\/\\\/www.spkatarzyna.pl\\\/index.php\\\/author\\\/agatasafianspkatarzyna-pl\\\/\",\"name\":\"Redakcja\",\"image\":{\"@type\":\"ImageObject\",\"@id\":\"https:\\\/\\\/www.spkatarzyna.pl\\\/index.php\\\/2024\\\/06\\\/15\\\/wycieczka-klas-siodmych\\\/#authorImage\",\"url\":\"https:\\\/\\\/secure.gravatar.com\\\/avatar\\\/765290513df94d442152250e92b42327?s=96&d=mm&r=g\",\"width\":96,\"height\":96,\"caption\":\"Redakcja\"}},{\"@type\":\"WebPage\",\"@id\":\"https:\\\/\\\/www.spkatarzyna.pl\\\/index.php\\\/2024\\\/06\\\/15\\\/wycieczka-klas-siodmych\\\/#webpage\",\"url\":\"https:\\\/\\\/www.spkatarzyna.pl\\\/index.php\\\/2024\\\/06\\\/15\\\/wycieczka-klas-siodmych\\\/\",\"name\":\"Wycieczka klas si\\u00f3dmych - SP Katarzyna\",\"description\":\"Uczniowie klas si\\u00f3dmych podsumowali nauk\\u0119 o sztukach plastycznych podczas wycieczki do Pawilonu Czterech Kopu\\u0142, gdzie zwiedzili znakomit\\u0105 wystaw\\u0119 polskiej sztuki wsp\\u00f3\\u0142czesnej. Do muzeum doszli\\u015bmy zwiedzaj\\u0105c zabytkowe osiedle Wuwa oraz okolice Hali Stulecia \\u2013 obiekty wa\\u017cne na mapie Wroc\\u0142awia, wpisane na list\\u0119 dziedzictwa kulturowego. Agata Gwizd\",\"inLanguage\":\"pl-PL\",\"isPartOf\":{\"@id\":\"https:\\\/\\\/www.spkatarzyna.pl\\\/#website\"},\"breadcrumb\":{\"@id\":\"https:\\\/\\\/www.spkatarzyna.pl\\\/index.php\\\/2024\\\/06\\\/15\\\/wycieczka-klas-siodmych\\\/#breadcrumblist\"},\"author\":{\"@id\":\"https:\\\/\\\/www.spkatarzyna.pl\\\/index.php\\\/author\\\/agatasafianspkatarzyna-pl\\\/#author\"},\"creator\":{\"@id\":\"https:\\\/\\\/www.spkatarzyna.pl\\\/index.php\\\/author\\\/agatasafianspkatarzyna-pl\\\/#author\"},\"image\":{\"@type\":\"ImageObject\",\"url\":\"https:\\\/\\\/www.spkatarzyna.pl\\\/wp-content\\\/uploads\\\/2024\\\/06\\\/IMG-20240606-WA0003-2.jpg\",\"@id\":\"https:\\\/\\\/www.spkatarzyna.pl\\\/index.php\\\/2024\\\/06\\\/15\\\/wycieczka-klas-siodmych\\\/#mainImage\",\"width\":360,\"height\":202},\"primaryImageOfPage\":{\"@id\":\"https:\\\/\\\/www.spkatarzyna.pl\\\/index.php\\\/2024\\\/06\\\/15\\\/wycieczka-klas-siodmych\\\/#mainImage\"},\"datePublished\":\"2024-06-15T10:42:45+02:00\",\"dateModified\":\"2024-06-15T10:43:58+02:00\"},{\"@type\":\"WebSite\",\"@id\":\"https:\\\/\\\/www.spkatarzyna.pl\\\/#website\",\"url\":\"https:\\\/\\\/www.spkatarzyna.pl\\\/\",\"name\":\"SP Katarzyna\",\"description\":\"Publiczna Szko\\u0142a Podstawowa w \\u015awi\\u0119tej Katarzynie\",\"inLanguage\":\"pl-PL\",\"publisher\":{\"@id\":\"https:\\\/\\\/www.spkatarzyna.pl\\\/#organization\"}}]}\n\t\t<\/script>\n\t\t<!-- All in One SEO -->\n\n","aioseo_head_json":{"title":"Wycieczka klas si\u00f3dmych - SP Katarzyna","description":"Uczniowie klas si\u00f3dmych podsumowali nauk\u0119 o sztukach plastycznych podczas wycieczki do Pawilonu Czterech Kopu\u0142, gdzie zwiedzili znakomit\u0105 wystaw\u0119 polskiej sztuki wsp\u00f3\u0142czesnej. Do muzeum doszli\u015bmy zwiedzaj\u0105c zabytkowe osiedle Wuwa oraz okolice Hali Stulecia \u2013 obiekty wa\u017cne na mapie Wroc\u0142awia, wpisane na list\u0119 dziedzictwa kulturowego. Agata Gwizd","canonical_url":"https:\/\/www.spkatarzyna.pl\/index.php\/2024\/06\/15\/wycieczka-klas-siodmych\/","robots":"max-image-preview:large","keywords":"","webmasterTools":{"miscellaneous":""},"schema":{"@context":"https:\/\/schema.org","@graph":[{"@type":"BlogPosting","@id":"https:\/\/www.spkatarzyna.pl\/index.php\/2024\/06\/15\/wycieczka-klas-siodmych\/#blogposting","name":"Wycieczka klas si\u00f3dmych - SP Katarzyna","headline":"Wycieczka klas si\u00f3dmych","author":{"@id":"https:\/\/www.spkatarzyna.pl\/index.php\/author\/agatasafianspkatarzyna-pl\/#author"},"publisher":{"@id":"https:\/\/www.spkatarzyna.pl\/#organization"},"image":{"@type":"ImageObject","url":"https:\/\/www.spkatarzyna.pl\/wp-content\/uploads\/2024\/06\/IMG-20240606-WA0003-2.jpg","width":360,"height":202},"datePublished":"2024-06-15T10:42:45+02:00","dateModified":"2024-06-15T10:43:58+02:00","inLanguage":"pl-PL","mainEntityOfPage":{"@id":"https:\/\/www.spkatarzyna.pl\/index.php\/2024\/06\/15\/wycieczka-klas-siodmych\/#webpage"},"isPartOf":{"@id":"https:\/\/www.spkatarzyna.pl\/index.php\/2024\/06\/15\/wycieczka-klas-siodmych\/#webpage"},"articleSection":"Uncategorized"},{"@type":"BreadcrumbList","@id":"https:\/\/www.spkatarzyna.pl\/index.php\/2024\/06\/15\/wycieczka-klas-siodmych\/#breadcrumblist","itemListElement":[{"@type":"ListItem","@id":"https:\/\/www.spkatarzyna.pl#listItem","position":1,"name":"Dom","item":"https:\/\/www.spkatarzyna.pl","nextItem":{"@type":"ListItem","@id":"https:\/\/www.spkatarzyna.pl\/index.php\/category\/uncategorized\/#listItem","name":"Uncategorized"}},{"@type":"ListItem","@id":"https:\/\/www.spkatarzyna.pl\/index.php\/category\/uncategorized\/#listItem","position":2,"name":"Uncategorized","item":"https:\/\/www.spkatarzyna.pl\/index.php\/category\/uncategorized\/","nextItem":{"@type":"ListItem","@id":"https:\/\/www.spkatarzyna.pl\/index.php\/2024\/06\/15\/wycieczka-klas-siodmych\/#listItem","name":"Wycieczka klas si\u00f3dmych"},"previousItem":{"@type":"ListItem","@id":"https:\/\/www.spkatarzyna.pl#listItem","name":"Dom"}},{"@type":"ListItem","@id":"https:\/\/www.spkatarzyna.pl\/index.php\/2024\/06\/15\/wycieczka-klas-siodmych\/#listItem","position":3,"name":"Wycieczka klas si\u00f3dmych","previousItem":{"@type":"ListItem","@id":"https:\/\/www.spkatarzyna.pl\/index.php\/category\/uncategorized\/#listItem","name":"Uncategorized"}}]},{"@type":"Organization","@id":"https:\/\/www.spkatarzyna.pl\/#organization","name":"SP Katarzyna","description":"Publiczna Szko\u0142a Podstawowa w \u015awi\u0119tej Katarzynie","url":"https:\/\/www.spkatarzyna.pl\/","telephone":"+48713116378","sameAs":["https:\/\/facebook.com\/","https:\/\/x.com\/","https:\/\/instagram.com\/","https:\/\/pinterest.com\/","https:\/\/youtube.com\/","https:\/\/linkedin.com\/in\/"]},{"@type":"Person","@id":"https:\/\/www.spkatarzyna.pl\/index.php\/author\/agatasafianspkatarzyna-pl\/#author","url":"https:\/\/www.spkatarzyna.pl\/index.php\/author\/agatasafianspkatarzyna-pl\/","name":"Redakcja","image":{"@type":"ImageObject","@id":"https:\/\/www.spkatarzyna.pl\/index.php\/2024\/06\/15\/wycieczka-klas-siodmych\/#authorImage","url":"https:\/\/secure.gravatar.com\/avatar\/765290513df94d442152250e92b42327?s=96&d=mm&r=g","width":96,"height":96,"caption":"Redakcja"}},{"@type":"WebPage","@id":"https:\/\/www.spkatarzyna.pl\/index.php\/2024\/06\/15\/wycieczka-klas-siodmych\/#webpage","url":"https:\/\/www.spkatarzyna.pl\/index.php\/2024\/06\/15\/wycieczka-klas-siodmych\/","name":"Wycieczka klas si\u00f3dmych - SP Katarzyna","description":"Uczniowie klas si\u00f3dmych podsumowali nauk\u0119 o sztukach plastycznych podczas wycieczki do Pawilonu Czterech Kopu\u0142, gdzie zwiedzili znakomit\u0105 wystaw\u0119 polskiej sztuki wsp\u00f3\u0142czesnej. Do muzeum doszli\u015bmy zwiedzaj\u0105c zabytkowe osiedle Wuwa oraz okolice Hali Stulecia \u2013 obiekty wa\u017cne na mapie Wroc\u0142awia, wpisane na list\u0119 dziedzictwa kulturowego. Agata Gwizd","inLanguage":"pl-PL","isPartOf":{"@id":"https:\/\/www.spkatarzyna.pl\/#website"},"breadcrumb":{"@id":"https:\/\/www.spkatarzyna.pl\/index.php\/2024\/06\/15\/wycieczka-klas-siodmych\/#breadcrumblist"},"author":{"@id":"https:\/\/www.spkatarzyna.pl\/index.php\/author\/agatasafianspkatarzyna-pl\/#author"},"creator":{"@id":"https:\/\/www.spkatarzyna.pl\/index.php\/author\/agatasafianspkatarzyna-pl\/#author"},"image":{"@type":"ImageObject","url":"https:\/\/www.spkatarzyna.pl\/wp-content\/uploads\/2024\/06\/IMG-20240606-WA0003-2.jpg","@id":"https:\/\/www.spkatarzyna.pl\/index.php\/2024\/06\/15\/wycieczka-klas-siodmych\/#mainImage","width":360,"height":202},"primaryImageOfPage":{"@id":"https:\/\/www.spkatarzyna.pl\/index.php\/2024\/06\/15\/wycieczka-klas-siodmych\/#mainImage"},"datePublished":"2024-06-15T10:42:45+02:00","dateModified":"2024-06-15T10:43:58+02:00"},{"@type":"WebSite","@id":"https:\/\/www.spkatarzyna.pl\/#website","url":"https:\/\/www.spkatarzyna.pl\/","name":"SP Katarzyna","description":"Publiczna Szko\u0142a Podstawowa w \u015awi\u0119tej Katarzynie","inLanguage":"pl-PL","publisher":{"@id":"https:\/\/www.spkatarzyna.pl\/#organization"}}]},"og:locale":"pl_PL","og:site_name":"SP Katarzyna - Publiczna Szko\u0142a Podstawowa w \u015awi\u0119tej Katarzynie","og:type":"article","og:title":"Wycieczka klas si\u00f3dmych - SP Katarzyna","og:description":"Uczniowie klas si\u00f3dmych podsumowali nauk\u0119 o sztukach plastycznych podczas wycieczki do Pawilonu Czterech Kopu\u0142, gdzie zwiedzili znakomit\u0105 wystaw\u0119 polskiej sztuki wsp\u00f3\u0142czesnej. Do muzeum doszli\u015bmy zwiedzaj\u0105c zabytkowe osiedle Wuwa oraz okolice Hali Stulecia \u2013 obiekty wa\u017cne na mapie Wroc\u0142awia, wpisane na list\u0119 dziedzictwa kulturowego. Agata Gwizd","og:url":"https:\/\/www.spkatarzyna.pl\/index.php\/2024\/06\/15\/wycieczka-klas-siodmych\/","article:published_time":"2024-06-15T10:42:45+00:00","article:modified_time":"2024-06-15T10:43:58+00:00","twitter:card":"summary_large_image","twitter:title":"Wycieczka klas si\u00f3dmych - SP Katarzyna","twitter:description":"Uczniowie klas si\u00f3dmych podsumowali nauk\u0119 o sztukach plastycznych podczas wycieczki do Pawilonu Czterech Kopu\u0142, gdzie zwiedzili znakomit\u0105 wystaw\u0119 polskiej sztuki wsp\u00f3\u0142czesnej. Do muzeum doszli\u015bmy zwiedzaj\u0105c zabytkowe osiedle Wuwa oraz okolice Hali Stulecia \u2013 obiekty wa\u017cne na mapie Wroc\u0142awia, wpisane na list\u0119 dziedzictwa kulturowego. Agata Gwizd"},"aioseo_meta_data":{"post_id":"10873","title":null,"description":null,"keywords":null,"keyphrases":{"focus":{"keyphrase":"","score":0,"analysis":{"keyphraseInTitle":{"score":0,"maxScore":9,"error":1}}},"additional":[]},"primary_term":null,"canonical_url":null,"og_title":null,"og_description":null,"og_object_type":"default","og_image_type":"default","og_image_url":null,"og_image_width":null,"og_image_height":null,"og_image_custom_url":null,"og_image_custom_fields":null,"og_video":"","og_custom_url":null,"og_article_section":null,"og_article_tags":null,"twitter_use_og":false,"twitter_card":"default","twitter_image_type":"default","twitter_image_url":null,"twitter_image_custom_url":null,"twitter_image_custom_fields":null,"twitter_title":null,"twitter_description":null,"schema":{"blockGraphs":[],"customGraphs":[],"default":{"data":{"Article":[],"Course":[],"Dataset":[],"FAQPage":[],"Movie":[],"Person":[],"Product":[],"ProductReview":[],"Car":[],"Recipe":[],"Service":[],"SoftwareApplication":[],"WebPage":[]},"graphName":"BlogPosting","isEnabled":true},"graphs":[]},"schema_type":"default","schema_type_options":null,"pillar_content":false,"robots_default":true,"robots_noindex":false,"robots_noarchive":false,"robots_nosnippet":false,"robots_nofollow":false,"robots_noimageindex":false,"robots_noodp":false,"robots_notranslate":false,"robots_max_snippet":"-1","robots_max_videopreview":"-1","robots_max_imagepreview":"large","priority":null,"frequency":"default","local_seo":null,"limit_modified_date":false,"created":"2024-06-15 10:42:45","updated":"2026-09-03 15:38:57","focus_keyword":null,"additional_keywords":null,"truseo_locale":null,"ai":null,"breadcrumb_settings":null,"seo_analyzer_scan_date":null},"aioseo_breadcrumb":"<div class=\"aioseo-breadcrumbs\"><span class=\"aioseo-breadcrumb\">\n\t\t\t<a href=\"https:\/\/www.spkatarzyna.pl\" title=\"Dom\">Dom<\/a>\n\t\t<\/span><span class=\"aioseo-breadcrumb-separator\">&raquo;<\/span><span class=\"aioseo-breadcrumb\">\n\t\t\t<a href=\"https:\/\/www.spkatarzyna.pl\/index.php\/category\/uncategorized\/\" title=\"Uncategorized\">Uncategorized<\/a>\n\t\t<\/span><span class=\"aioseo-breadcrumb-separator\">&raquo;<\/span><span class=\"aioseo-breadcrumb\">\n\t\t\tWycieczka klas si\u00f3dmych\n\t\t<\/span><\/div>","aioseo_breadcrumb_json":[{"label":"Dom","link":"https:\/\/www.spkatarzyna.pl"},{"label":"Uncategorized","link":"https:\/\/www.spkatarzyna.pl\/index.php\/category\/uncategorized\/"},{"label":"Wycieczka klas si\u00f3dmych","link":"https:\/\/www.spkatarzyna.pl\/index.php\/2024\/06\/15\/wycieczka-klas-siodmych\/"}],"_links":{"self":[{"href":"https:\/\/www.spkatarzyna.pl\/index.php\/wp-json\/wp\/v2\/posts\/10873","targetHints":{"allow":["GET"]}}],"collection":[{"href":"https:\/\/www.spkatarzyna.pl\/index.php\/wp-json\/wp\/v2\/posts"}],"about":[{"href":"https:\/\/www.spkatarzyna.pl\/index.php\/wp-json\/wp\/v2\/types\/post"}],"author":[{"embeddable":true,"href":"https:\/\/www.spkatarzyna.pl\/index.php\/wp-json\/wp\/v2\/users\/6"}],"replies":[{"embeddable":true,"href":"https:\/\/www.spkatarzyna.pl\/index.php\/wp-json\/wp\/v2\/comments?post=10873"}],"version-history":[{"count":4,"href":"https:\/\/www.spkatarzyna.pl\/index.php\/wp-json\/wp\/v2\/posts\/10873\/revisions"}],"predecessor-version":[{"id":10883,"href":"https:\/\/www.spkatarzyna.pl\/index.php\/wp-json\/wp\/v2\/posts\/10873\/revisions\/10883"}],"wp:featuredmedia":[{"embeddable":true,"href":"https:\/\/www.spkatarzyna.pl\/index.php\/wp-json\/wp\/v2\/media\/10874"}],"wp:attachment":[{"href":"https:\/\/www.spkatarzyna.pl\/index.php\/wp-json\/wp\/v2\/media?parent=10873"}],"wp:term":[{"taxonomy":"category","embeddable":true,"href":"https:\/\/www.spkatarzyna.pl\/index.php\/wp-json\/wp\/v2\/categories?post=10873"},{"taxonomy":"post_tag","embeddable":true,"href":"https:\/\/www.spkatarzyna.pl\/index.php\/wp-json\/wp\/v2\/tags?post=10873"}],"curies":[{"name":"wp","href":"https:\/\/api.w.org\/{rel}","templated":true}]}}