{"id":10896,"date":"2024-06-18T21:20:36","date_gmt":"2024-06-18T21:20:36","guid":{"rendered":"https:\/\/www.spkatarzyna.pl\/?p=10896"},"modified":"2024-06-18T21:23:14","modified_gmt":"2024-06-18T21:23:14","slug":"sukces-uczniow","status":"publish","type":"post","link":"https:\/\/www.spkatarzyna.pl\/index.php\/2024\/06\/18\/sukces-uczniow\/","title":{"rendered":"Sukces uczni\u00f3w"},"content":{"rendered":"\t\t<div data-elementor-type=\"wp-post\" data-elementor-id=\"10896\" class=\"elementor elementor-10896\">\n\t\t\t\t\t\t<section class=\"elementor-section elementor-top-section elementor-element elementor-element-c07ef12 elementor-section-boxed elementor-section-height-default elementor-section-height-default\" data-id=\"c07ef12\" data-element_type=\"section\">\n\t\t\t\t\t\t<div class=\"elementor-container elementor-column-gap-default\">\n\t\t\t\t\t<div class=\"elementor-column elementor-col-100 elementor-top-column elementor-element elementor-element-2acce295\" data-id=\"2acce295\" data-element_type=\"column\">\n\t\t\t<div class=\"elementor-widget-wrap elementor-element-populated\">\n\t\t\t\t\t\t<div class=\"elementor-element elementor-element-3ba58f82 elementor-widget elementor-widget-text-editor\" data-id=\"3ba58f82\" data-element_type=\"widget\" data-widget_type=\"text-editor.default\">\n\t\t\t\t\t\t\t\t\t<p style=\"text-align: justify;\"><span style=\"color: #000000; font-size: 14pt;\">Nasi uczniowie Martyna Puk (1c) i Maciej Puk (4a) po raz kolejny brali udzia\u0142 w zawodach biegowych. Obydwoje ko\u0144cz\u0105 rok szkolny ze \u015bwietnymi ocenami, ale r\u00f3wnie\u017c z \u017cyciowymi wynikami na swoich dystansach.&nbsp;W zawodach organizowanych przez UKLS M\u0142odzik Ziemia O\u0142awska Bystrzyca pod patronatem DZLA, Martyna by\u0142a trzecia na 60m z czasem 9,38 s., a Maciej drugi z czasem 1 min. 11s na dystansie 400 m. Jak sam stwierdzi\u0142: \u201e Jeszcze tylko 23 sekund i pobij\u0119 rekord Polski Natalii Kaczmarek\u201d \ud83d\ude42 Patrz\u0105c, jakie robi post\u0119py, wcale to nie jest wykluczone i szczerze mu tego \u017cyczymy!<\/span><\/p>\r\n<p style=\"text-align: justify;\"><span style=\"color: #000000; font-size: 14pt;\">Gratulujemy \u015bwietnych wynik\u00f3w zar\u00f3wno w tym biegu, jak i w ca\u0142ym sezonie biegowym. Martyna i Maciej s\u0105 \u015bwietnym przyk\u0142adem \u017ce sport mo\u017ce i\u015b\u0107 w parze z nauk\u0105!<\/span><\/p>\t\t\t\t\t\t\t\t<\/div>\n\t\t\t\t<div class=\"elementor-element elementor-element-6a8a966 elementor-widget elementor-widget-image\" data-id=\"6a8a966\" data-element_type=\"widget\" data-widget_type=\"image.default\">\n\t\t\t\t\t\t\t\t\t\t\t\t\t\t\t<img fetchpriority=\"high\" decoding=\"async\" width=\"768\" height=\"1024\" src=\"https:\/\/www.spkatarzyna.pl\/wp-content\/uploads\/2024\/06\/MaciejIMartyna-768x1024.jpg\" class=\"attachment-medium_large size-medium_large wp-image-10899\" alt=\"\" srcset=\"https:\/\/www.spkatarzyna.pl\/wp-content\/uploads\/2024\/06\/MaciejIMartyna-768x1024.jpg 768w, https:\/\/www.spkatarzyna.pl\/wp-content\/uploads\/2024\/06\/MaciejIMartyna-225x300.jpg 225w, https:\/\/www.spkatarzyna.pl\/wp-content\/uploads\/2024\/06\/MaciejIMartyna-1152x1536.jpg 1152w, https:\/\/www.spkatarzyna.pl\/wp-content\/uploads\/2024\/06\/MaciejIMartyna-1536x2048.jpg 1536w, https:\/\/www.spkatarzyna.pl\/wp-content\/uploads\/2024\/06\/MaciejIMartyna-scaled.jpg 1920w\" sizes=\"(max-width: 768px) 100vw, 768px\" \/>\t\t\t\t\t\t\t\t\t\t\t\t\t\t\t<\/div>\n\t\t\t\t\t<\/div>\n\t\t<\/div>\n\t\t\t\t\t<\/div>\n\t\t<\/section>\n\t\t\t\t<\/div>\n\t\t","protected":false},"excerpt":{"rendered":"<p>Nasi uczniowie Martyna Puk (1c) i Maciej Puk (4a) po raz kolejny brali udzia\u0142 w zawodach biegowych. Obydwoje ko\u0144cz\u0105 rok szkolny ze \u015bwietnymi ocenami, ale r\u00f3wnie\u017c z \u017cyciowymi wynikami na swoich dystansach.&nbsp;W zawodach organizowanych przez UKLS M\u0142odzik Ziemia O\u0142awska Bystrzyca pod patronatem DZLA, Martyna by\u0142a trzecia na 60m z czasem [&hellip;]<\/p>\n","protected":false},"author":6,"featured_media":10897,"comment_status":"open","ping_status":"open","sticky":false,"template":"","format":"standard","meta":{"om_disable_all_campaigns":false,"_monsterinsights_skip_tracking":false,"ngg_post_thumbnail":0,"footnotes":""},"categories":[1],"tags":[],"class_list":["post-10896","post","type-post","status-publish","format-standard","has-post-thumbnail","hentry","category-uncategorized"],"aioseo_notices":[],"aioseo_head":"\n\t\t<!-- All in One SEO 5.0.1.1 - aioseo.com -->\n\t<meta name=\"description\" content=\"Nasi uczniowie Martyna Puk (1c) i Maciej Puk (4a) po raz kolejny brali udzia\u0142 w zawodach biegowych. Obydwoje ko\u0144cz\u0105 rok szkolny ze \u015bwietnymi ocenami, ale r\u00f3wnie\u017c z \u017cyciowymi wynikami na swoich dystansach. W zawodach organizowanych przez UKLS M\u0142odzik Ziemia O\u0142awska Bystrzyca pod patronatem DZLA, Martyna by\u0142a trzecia na 60m z czasem 9,38 s., a Maciej drugi\" \/>\n\t<meta name=\"robots\" content=\"max-image-preview:large\" \/>\n\t<meta name=\"author\" content=\"Redakcja\"\/>\n\t<link rel=\"canonical\" href=\"https:\/\/www.spkatarzyna.pl\/index.php\/2024\/06\/18\/sukces-uczniow\/\" \/>\n\t<meta name=\"generator\" content=\"All in One SEO (AIOSEO) 5.0.1.1\" \/>\n\t\t<meta property=\"og:locale\" content=\"pl_PL\" \/>\n\t\t<meta property=\"og:site_name\" content=\"SP Katarzyna - Publiczna Szko\u0142a Podstawowa w \u015awi\u0119tej Katarzynie\" \/>\n\t\t<meta property=\"og:type\" content=\"article\" \/>\n\t\t<meta property=\"og:title\" content=\"Sukces uczni\u00f3w - SP Katarzyna\" \/>\n\t\t<meta property=\"og:description\" content=\"Nasi uczniowie Martyna Puk (1c) i Maciej Puk (4a) po raz kolejny brali udzia\u0142 w zawodach biegowych. Obydwoje ko\u0144cz\u0105 rok szkolny ze \u015bwietnymi ocenami, ale r\u00f3wnie\u017c z \u017cyciowymi wynikami na swoich dystansach. W zawodach organizowanych przez UKLS M\u0142odzik Ziemia O\u0142awska Bystrzyca pod patronatem DZLA, Martyna by\u0142a trzecia na 60m z czasem 9,38 s., a Maciej drugi\" \/>\n\t\t<meta property=\"og:url\" content=\"https:\/\/www.spkatarzyna.pl\/index.php\/2024\/06\/18\/sukces-uczniow\/\" \/>\n\t\t<meta property=\"article:published_time\" content=\"2024-06-18T21:20:36+00:00\" \/>\n\t\t<meta property=\"article:modified_time\" content=\"2024-06-18T21:23:14+00:00\" \/>\n\t\t<meta name=\"twitter:card\" content=\"summary_large_image\" \/>\n\t\t<meta name=\"twitter:title\" content=\"Sukces uczni\u00f3w - SP Katarzyna\" \/>\n\t\t<meta name=\"twitter:description\" content=\"Nasi uczniowie Martyna Puk (1c) i Maciej Puk (4a) po raz kolejny brali udzia\u0142 w zawodach biegowych. Obydwoje ko\u0144cz\u0105 rok szkolny ze \u015bwietnymi ocenami, ale r\u00f3wnie\u017c z \u017cyciowymi wynikami na swoich dystansach. W zawodach organizowanych przez UKLS M\u0142odzik Ziemia O\u0142awska Bystrzyca pod patronatem DZLA, Martyna by\u0142a trzecia na 60m z czasem 9,38 s., a Maciej drugi\" \/>\n\t\t<script type=\"application\/ld+json\" class=\"aioseo-schema\">\n\t\t\t{\"@context\":\"https:\\\/\\\/schema.org\",\"@graph\":[{\"@type\":\"BlogPosting\",\"@id\":\"https:\\\/\\\/www.spkatarzyna.pl\\\/index.php\\\/2024\\\/06\\\/18\\\/sukces-uczniow\\\/#blogposting\",\"name\":\"Sukces uczni\\u00f3w - SP Katarzyna\",\"headline\":\"Sukces uczni\\u00f3w\",\"author\":{\"@id\":\"https:\\\/\\\/www.spkatarzyna.pl\\\/index.php\\\/author\\\/agatasafianspkatarzyna-pl\\\/#author\"},\"publisher\":{\"@id\":\"https:\\\/\\\/www.spkatarzyna.pl\\\/#organization\"},\"image\":{\"@type\":\"ImageObject\",\"url\":\"https:\\\/\\\/www.spkatarzyna.pl\\\/wp-content\\\/uploads\\\/2024\\\/06\\\/MaciejIMartyna-2.jpg\",\"width\":360,\"height\":202},\"datePublished\":\"2024-06-18T21:20:36+02:00\",\"dateModified\":\"2024-06-18T21:23:14+02:00\",\"inLanguage\":\"pl-PL\",\"mainEntityOfPage\":{\"@id\":\"https:\\\/\\\/www.spkatarzyna.pl\\\/index.php\\\/2024\\\/06\\\/18\\\/sukces-uczniow\\\/#webpage\"},\"isPartOf\":{\"@id\":\"https:\\\/\\\/www.spkatarzyna.pl\\\/index.php\\\/2024\\\/06\\\/18\\\/sukces-uczniow\\\/#webpage\"},\"articleSection\":\"Uncategorized\"},{\"@type\":\"BreadcrumbList\",\"@id\":\"https:\\\/\\\/www.spkatarzyna.pl\\\/index.php\\\/2024\\\/06\\\/18\\\/sukces-uczniow\\\/#breadcrumblist\",\"itemListElement\":[{\"@type\":\"ListItem\",\"@id\":\"https:\\\/\\\/www.spkatarzyna.pl#listItem\",\"position\":1,\"name\":\"Dom\",\"item\":\"https:\\\/\\\/www.spkatarzyna.pl\",\"nextItem\":{\"@type\":\"ListItem\",\"@id\":\"https:\\\/\\\/www.spkatarzyna.pl\\\/index.php\\\/category\\\/uncategorized\\\/#listItem\",\"name\":\"Uncategorized\"}},{\"@type\":\"ListItem\",\"@id\":\"https:\\\/\\\/www.spkatarzyna.pl\\\/index.php\\\/category\\\/uncategorized\\\/#listItem\",\"position\":2,\"name\":\"Uncategorized\",\"item\":\"https:\\\/\\\/www.spkatarzyna.pl\\\/index.php\\\/category\\\/uncategorized\\\/\",\"nextItem\":{\"@type\":\"ListItem\",\"@id\":\"https:\\\/\\\/www.spkatarzyna.pl\\\/index.php\\\/2024\\\/06\\\/18\\\/sukces-uczniow\\\/#listItem\",\"name\":\"Sukces uczni\\u00f3w\"},\"previousItem\":{\"@type\":\"ListItem\",\"@id\":\"https:\\\/\\\/www.spkatarzyna.pl#listItem\",\"name\":\"Dom\"}},{\"@type\":\"ListItem\",\"@id\":\"https:\\\/\\\/www.spkatarzyna.pl\\\/index.php\\\/2024\\\/06\\\/18\\\/sukces-uczniow\\\/#listItem\",\"position\":3,\"name\":\"Sukces uczni\\u00f3w\",\"previousItem\":{\"@type\":\"ListItem\",\"@id\":\"https:\\\/\\\/www.spkatarzyna.pl\\\/index.php\\\/category\\\/uncategorized\\\/#listItem\",\"name\":\"Uncategorized\"}}]},{\"@type\":\"Organization\",\"@id\":\"https:\\\/\\\/www.spkatarzyna.pl\\\/#organization\",\"name\":\"SP Katarzyna\",\"description\":\"Publiczna Szko\\u0142a Podstawowa w \\u015awi\\u0119tej Katarzynie\",\"url\":\"https:\\\/\\\/www.spkatarzyna.pl\\\/\",\"telephone\":\"+48713116378\",\"sameAs\":[\"https:\\\/\\\/facebook.com\\\/\",\"https:\\\/\\\/x.com\\\/\",\"https:\\\/\\\/instagram.com\\\/\",\"https:\\\/\\\/pinterest.com\\\/\",\"https:\\\/\\\/youtube.com\\\/\",\"https:\\\/\\\/linkedin.com\\\/in\\\/\"]},{\"@type\":\"Person\",\"@id\":\"https:\\\/\\\/www.spkatarzyna.pl\\\/index.php\\\/author\\\/agatasafianspkatarzyna-pl\\\/#author\",\"url\":\"https:\\\/\\\/www.spkatarzyna.pl\\\/index.php\\\/author\\\/agatasafianspkatarzyna-pl\\\/\",\"name\":\"Redakcja\",\"image\":{\"@type\":\"ImageObject\",\"@id\":\"https:\\\/\\\/www.spkatarzyna.pl\\\/index.php\\\/2024\\\/06\\\/18\\\/sukces-uczniow\\\/#authorImage\",\"url\":\"https:\\\/\\\/secure.gravatar.com\\\/avatar\\\/765290513df94d442152250e92b42327?s=96&d=mm&r=g\",\"width\":96,\"height\":96,\"caption\":\"Redakcja\"}},{\"@type\":\"WebPage\",\"@id\":\"https:\\\/\\\/www.spkatarzyna.pl\\\/index.php\\\/2024\\\/06\\\/18\\\/sukces-uczniow\\\/#webpage\",\"url\":\"https:\\\/\\\/www.spkatarzyna.pl\\\/index.php\\\/2024\\\/06\\\/18\\\/sukces-uczniow\\\/\",\"name\":\"Sukces uczni\\u00f3w - SP Katarzyna\",\"description\":\"Nasi uczniowie Martyna Puk (1c) i Maciej Puk (4a) po raz kolejny brali udzia\\u0142 w zawodach biegowych. Obydwoje ko\\u0144cz\\u0105 rok szkolny ze \\u015bwietnymi ocenami, ale r\\u00f3wnie\\u017c z \\u017cyciowymi wynikami na swoich dystansach. W zawodach organizowanych przez UKLS M\\u0142odzik Ziemia O\\u0142awska Bystrzyca pod patronatem DZLA, Martyna by\\u0142a trzecia na 60m z czasem 9,38 s., a Maciej drugi\",\"inLanguage\":\"pl-PL\",\"isPartOf\":{\"@id\":\"https:\\\/\\\/www.spkatarzyna.pl\\\/#website\"},\"breadcrumb\":{\"@id\":\"https:\\\/\\\/www.spkatarzyna.pl\\\/index.php\\\/2024\\\/06\\\/18\\\/sukces-uczniow\\\/#breadcrumblist\"},\"author\":{\"@id\":\"https:\\\/\\\/www.spkatarzyna.pl\\\/index.php\\\/author\\\/agatasafianspkatarzyna-pl\\\/#author\"},\"creator\":{\"@id\":\"https:\\\/\\\/www.spkatarzyna.pl\\\/index.php\\\/author\\\/agatasafianspkatarzyna-pl\\\/#author\"},\"image\":{\"@type\":\"ImageObject\",\"url\":\"https:\\\/\\\/www.spkatarzyna.pl\\\/wp-content\\\/uploads\\\/2024\\\/06\\\/MaciejIMartyna-2.jpg\",\"@id\":\"https:\\\/\\\/www.spkatarzyna.pl\\\/index.php\\\/2024\\\/06\\\/18\\\/sukces-uczniow\\\/#mainImage\",\"width\":360,\"height\":202},\"primaryImageOfPage\":{\"@id\":\"https:\\\/\\\/www.spkatarzyna.pl\\\/index.php\\\/2024\\\/06\\\/18\\\/sukces-uczniow\\\/#mainImage\"},\"datePublished\":\"2024-06-18T21:20:36+02:00\",\"dateModified\":\"2024-06-18T21:23:14+02:00\"},{\"@type\":\"WebSite\",\"@id\":\"https:\\\/\\\/www.spkatarzyna.pl\\\/#website\",\"url\":\"https:\\\/\\\/www.spkatarzyna.pl\\\/\",\"name\":\"SP Katarzyna\",\"description\":\"Publiczna Szko\\u0142a Podstawowa w \\u015awi\\u0119tej Katarzynie\",\"inLanguage\":\"pl-PL\",\"publisher\":{\"@id\":\"https:\\\/\\\/www.spkatarzyna.pl\\\/#organization\"}}]}\n\t\t<\/script>\n\t\t<!-- All in One SEO -->\n\n","aioseo_head_json":{"title":"Sukces uczni\u00f3w - SP Katarzyna","description":"Nasi uczniowie Martyna Puk (1c) i Maciej Puk (4a) po raz kolejny brali udzia\u0142 w zawodach biegowych. Obydwoje ko\u0144cz\u0105 rok szkolny ze \u015bwietnymi ocenami, ale r\u00f3wnie\u017c z \u017cyciowymi wynikami na swoich dystansach. W zawodach organizowanych przez UKLS M\u0142odzik Ziemia O\u0142awska Bystrzyca pod patronatem DZLA, Martyna by\u0142a trzecia na 60m z czasem 9,38 s., a Maciej drugi","canonical_url":"https:\/\/www.spkatarzyna.pl\/index.php\/2024\/06\/18\/sukces-uczniow\/","robots":"max-image-preview:large","keywords":"","webmasterTools":{"miscellaneous":""},"schema":{"@context":"https:\/\/schema.org","@graph":[{"@type":"BlogPosting","@id":"https:\/\/www.spkatarzyna.pl\/index.php\/2024\/06\/18\/sukces-uczniow\/#blogposting","name":"Sukces uczni\u00f3w - SP Katarzyna","headline":"Sukces uczni\u00f3w","author":{"@id":"https:\/\/www.spkatarzyna.pl\/index.php\/author\/agatasafianspkatarzyna-pl\/#author"},"publisher":{"@id":"https:\/\/www.spkatarzyna.pl\/#organization"},"image":{"@type":"ImageObject","url":"https:\/\/www.spkatarzyna.pl\/wp-content\/uploads\/2024\/06\/MaciejIMartyna-2.jpg","width":360,"height":202},"datePublished":"2024-06-18T21:20:36+02:00","dateModified":"2024-06-18T21:23:14+02:00","inLanguage":"pl-PL","mainEntityOfPage":{"@id":"https:\/\/www.spkatarzyna.pl\/index.php\/2024\/06\/18\/sukces-uczniow\/#webpage"},"isPartOf":{"@id":"https:\/\/www.spkatarzyna.pl\/index.php\/2024\/06\/18\/sukces-uczniow\/#webpage"},"articleSection":"Uncategorized"},{"@type":"BreadcrumbList","@id":"https:\/\/www.spkatarzyna.pl\/index.php\/2024\/06\/18\/sukces-uczniow\/#breadcrumblist","itemListElement":[{"@type":"ListItem","@id":"https:\/\/www.spkatarzyna.pl#listItem","position":1,"name":"Dom","item":"https:\/\/www.spkatarzyna.pl","nextItem":{"@type":"ListItem","@id":"https:\/\/www.spkatarzyna.pl\/index.php\/category\/uncategorized\/#listItem","name":"Uncategorized"}},{"@type":"ListItem","@id":"https:\/\/www.spkatarzyna.pl\/index.php\/category\/uncategorized\/#listItem","position":2,"name":"Uncategorized","item":"https:\/\/www.spkatarzyna.pl\/index.php\/category\/uncategorized\/","nextItem":{"@type":"ListItem","@id":"https:\/\/www.spkatarzyna.pl\/index.php\/2024\/06\/18\/sukces-uczniow\/#listItem","name":"Sukces uczni\u00f3w"},"previousItem":{"@type":"ListItem","@id":"https:\/\/www.spkatarzyna.pl#listItem","name":"Dom"}},{"@type":"ListItem","@id":"https:\/\/www.spkatarzyna.pl\/index.php\/2024\/06\/18\/sukces-uczniow\/#listItem","position":3,"name":"Sukces uczni\u00f3w","previousItem":{"@type":"ListItem","@id":"https:\/\/www.spkatarzyna.pl\/index.php\/category\/uncategorized\/#listItem","name":"Uncategorized"}}]},{"@type":"Organization","@id":"https:\/\/www.spkatarzyna.pl\/#organization","name":"SP Katarzyna","description":"Publiczna Szko\u0142a Podstawowa w \u015awi\u0119tej Katarzynie","url":"https:\/\/www.spkatarzyna.pl\/","telephone":"+48713116378","sameAs":["https:\/\/facebook.com\/","https:\/\/x.com\/","https:\/\/instagram.com\/","https:\/\/pinterest.com\/","https:\/\/youtube.com\/","https:\/\/linkedin.com\/in\/"]},{"@type":"Person","@id":"https:\/\/www.spkatarzyna.pl\/index.php\/author\/agatasafianspkatarzyna-pl\/#author","url":"https:\/\/www.spkatarzyna.pl\/index.php\/author\/agatasafianspkatarzyna-pl\/","name":"Redakcja","image":{"@type":"ImageObject","@id":"https:\/\/www.spkatarzyna.pl\/index.php\/2024\/06\/18\/sukces-uczniow\/#authorImage","url":"https:\/\/secure.gravatar.com\/avatar\/765290513df94d442152250e92b42327?s=96&d=mm&r=g","width":96,"height":96,"caption":"Redakcja"}},{"@type":"WebPage","@id":"https:\/\/www.spkatarzyna.pl\/index.php\/2024\/06\/18\/sukces-uczniow\/#webpage","url":"https:\/\/www.spkatarzyna.pl\/index.php\/2024\/06\/18\/sukces-uczniow\/","name":"Sukces uczni\u00f3w - SP Katarzyna","description":"Nasi uczniowie Martyna Puk (1c) i Maciej Puk (4a) po raz kolejny brali udzia\u0142 w zawodach biegowych. Obydwoje ko\u0144cz\u0105 rok szkolny ze \u015bwietnymi ocenami, ale r\u00f3wnie\u017c z \u017cyciowymi wynikami na swoich dystansach. W zawodach organizowanych przez UKLS M\u0142odzik Ziemia O\u0142awska Bystrzyca pod patronatem DZLA, Martyna by\u0142a trzecia na 60m z czasem 9,38 s., a Maciej drugi","inLanguage":"pl-PL","isPartOf":{"@id":"https:\/\/www.spkatarzyna.pl\/#website"},"breadcrumb":{"@id":"https:\/\/www.spkatarzyna.pl\/index.php\/2024\/06\/18\/sukces-uczniow\/#breadcrumblist"},"author":{"@id":"https:\/\/www.spkatarzyna.pl\/index.php\/author\/agatasafianspkatarzyna-pl\/#author"},"creator":{"@id":"https:\/\/www.spkatarzyna.pl\/index.php\/author\/agatasafianspkatarzyna-pl\/#author"},"image":{"@type":"ImageObject","url":"https:\/\/www.spkatarzyna.pl\/wp-content\/uploads\/2024\/06\/MaciejIMartyna-2.jpg","@id":"https:\/\/www.spkatarzyna.pl\/index.php\/2024\/06\/18\/sukces-uczniow\/#mainImage","width":360,"height":202},"primaryImageOfPage":{"@id":"https:\/\/www.spkatarzyna.pl\/index.php\/2024\/06\/18\/sukces-uczniow\/#mainImage"},"datePublished":"2024-06-18T21:20:36+02:00","dateModified":"2024-06-18T21:23:14+02:00"},{"@type":"WebSite","@id":"https:\/\/www.spkatarzyna.pl\/#website","url":"https:\/\/www.spkatarzyna.pl\/","name":"SP Katarzyna","description":"Publiczna Szko\u0142a Podstawowa w \u015awi\u0119tej Katarzynie","inLanguage":"pl-PL","publisher":{"@id":"https:\/\/www.spkatarzyna.pl\/#organization"}}]},"og:locale":"pl_PL","og:site_name":"SP Katarzyna - Publiczna Szko\u0142a Podstawowa w \u015awi\u0119tej Katarzynie","og:type":"article","og:title":"Sukces uczni\u00f3w - SP Katarzyna","og:description":"Nasi uczniowie Martyna Puk (1c) i Maciej Puk (4a) po raz kolejny brali udzia\u0142 w zawodach biegowych. Obydwoje ko\u0144cz\u0105 rok szkolny ze \u015bwietnymi ocenami, ale r\u00f3wnie\u017c z \u017cyciowymi wynikami na swoich dystansach. W zawodach organizowanych przez UKLS M\u0142odzik Ziemia O\u0142awska Bystrzyca pod patronatem DZLA, Martyna by\u0142a trzecia na 60m z czasem 9,38 s., a Maciej drugi","og:url":"https:\/\/www.spkatarzyna.pl\/index.php\/2024\/06\/18\/sukces-uczniow\/","article:published_time":"2024-06-18T21:20:36+00:00","article:modified_time":"2024-06-18T21:23:14+00:00","twitter:card":"summary_large_image","twitter:title":"Sukces uczni\u00f3w - SP Katarzyna","twitter:description":"Nasi uczniowie Martyna Puk (1c) i Maciej Puk (4a) po raz kolejny brali udzia\u0142 w zawodach biegowych. Obydwoje ko\u0144cz\u0105 rok szkolny ze \u015bwietnymi ocenami, ale r\u00f3wnie\u017c z \u017cyciowymi wynikami na swoich dystansach. W zawodach organizowanych przez UKLS M\u0142odzik Ziemia O\u0142awska Bystrzyca pod patronatem DZLA, Martyna by\u0142a trzecia na 60m z czasem 9,38 s., a Maciej drugi"},"aioseo_meta_data":{"post_id":"10896","title":null,"description":null,"keywords":null,"keyphrases":{"focus":{"keyphrase":"","score":0,"analysis":{"keyphraseInTitle":{"score":0,"maxScore":9,"error":1}}},"additional":[]},"primary_term":null,"canonical_url":null,"og_title":null,"og_description":null,"og_object_type":"default","og_image_type":"default","og_image_url":null,"og_image_width":null,"og_image_height":null,"og_image_custom_url":null,"og_image_custom_fields":null,"og_video":"","og_custom_url":null,"og_article_section":null,"og_article_tags":null,"twitter_use_og":false,"twitter_card":"default","twitter_image_type":"default","twitter_image_url":null,"twitter_image_custom_url":null,"twitter_image_custom_fields":null,"twitter_title":null,"twitter_description":null,"schema":{"blockGraphs":[],"customGraphs":[],"default":{"data":{"Article":[],"Course":[],"Dataset":[],"FAQPage":[],"Movie":[],"Person":[],"Product":[],"ProductReview":[],"Car":[],"Recipe":[],"Service":[],"SoftwareApplication":[],"WebPage":[]},"graphName":"BlogPosting","isEnabled":true},"graphs":[]},"schema_type":"default","schema_type_options":null,"pillar_content":false,"robots_default":true,"robots_noindex":false,"robots_noarchive":false,"robots_nosnippet":false,"robots_nofollow":false,"robots_noimageindex":false,"robots_noodp":false,"robots_notranslate":false,"robots_max_snippet":"-1","robots_max_videopreview":"-1","robots_max_imagepreview":"large","priority":null,"frequency":"default","local_seo":null,"limit_modified_date":false,"created":"2024-06-18 21:20:36","updated":"2026-09-03 15:38:57","focus_keyword":null,"additional_keywords":null,"truseo_locale":null,"ai":null,"breadcrumb_settings":null,"seo_analyzer_scan_date":null},"aioseo_breadcrumb":"<div class=\"aioseo-breadcrumbs\"><span class=\"aioseo-breadcrumb\">\n\t\t\t<a href=\"https:\/\/www.spkatarzyna.pl\" title=\"Dom\">Dom<\/a>\n\t\t<\/span><span class=\"aioseo-breadcrumb-separator\">&raquo;<\/span><span class=\"aioseo-breadcrumb\">\n\t\t\t<a href=\"https:\/\/www.spkatarzyna.pl\/index.php\/category\/uncategorized\/\" title=\"Uncategorized\">Uncategorized<\/a>\n\t\t<\/span><span class=\"aioseo-breadcrumb-separator\">&raquo;<\/span><span class=\"aioseo-breadcrumb\">\n\t\t\tSukces uczni\u00f3w\n\t\t<\/span><\/div>","aioseo_breadcrumb_json":[{"label":"Dom","link":"https:\/\/www.spkatarzyna.pl"},{"label":"Uncategorized","link":"https:\/\/www.spkatarzyna.pl\/index.php\/category\/uncategorized\/"},{"label":"Sukces uczni\u00f3w","link":"https:\/\/www.spkatarzyna.pl\/index.php\/2024\/06\/18\/sukces-uczniow\/"}],"_links":{"self":[{"href":"https:\/\/www.spkatarzyna.pl\/index.php\/wp-json\/wp\/v2\/posts\/10896","targetHints":{"allow":["GET"]}}],"collection":[{"href":"https:\/\/www.spkatarzyna.pl\/index.php\/wp-json\/wp\/v2\/posts"}],"about":[{"href":"https:\/\/www.spkatarzyna.pl\/index.php\/wp-json\/wp\/v2\/types\/post"}],"author":[{"embeddable":true,"href":"https:\/\/www.spkatarzyna.pl\/index.php\/wp-json\/wp\/v2\/users\/6"}],"replies":[{"embeddable":true,"href":"https:\/\/www.spkatarzyna.pl\/index.php\/wp-json\/wp\/v2\/comments?post=10896"}],"version-history":[{"count":4,"href":"https:\/\/www.spkatarzyna.pl\/index.php\/wp-json\/wp\/v2\/posts\/10896\/revisions"}],"predecessor-version":[{"id":10902,"href":"https:\/\/www.spkatarzyna.pl\/index.php\/wp-json\/wp\/v2\/posts\/10896\/revisions\/10902"}],"wp:featuredmedia":[{"embeddable":true,"href":"https:\/\/www.spkatarzyna.pl\/index.php\/wp-json\/wp\/v2\/media\/10897"}],"wp:attachment":[{"href":"https:\/\/www.spkatarzyna.pl\/index.php\/wp-json\/wp\/v2\/media?parent=10896"}],"wp:term":[{"taxonomy":"category","embeddable":true,"href":"https:\/\/www.spkatarzyna.pl\/index.php\/wp-json\/wp\/v2\/categories?post=10896"},{"taxonomy":"post_tag","embeddable":true,"href":"https:\/\/www.spkatarzyna.pl\/index.php\/wp-json\/wp\/v2\/tags?post=10896"}],"curies":[{"name":"wp","href":"https:\/\/api.w.org\/{rel}","templated":true}]}}