{"id":10917,"date":"2024-06-20T12:37:21","date_gmt":"2024-06-20T12:37:21","guid":{"rendered":"https:\/\/www.spkatarzyna.pl\/?p=10917"},"modified":"2024-06-20T12:37:21","modified_gmt":"2024-06-20T12:37:21","slug":"stypendia-dla-uzdolnionych-dzieci","status":"publish","type":"post","link":"https:\/\/www.spkatarzyna.pl\/index.php\/2024\/06\/20\/stypendia-dla-uzdolnionych-dzieci\/","title":{"rendered":"Stypendia dla uzdolnionych dzieci"},"content":{"rendered":"<h2 style=\"text-align: center;\">Stypendia dla uzdolnionych dzieci i m\u0142odzie\u017cy na rok szkolny 2024\/2025<\/h2>\n<ul>\n<li><a href=\"https:\/\/www.siechnice.gmina.pl\/aktualnosc-5712-stypendia_dla_uzdolnionych_dzieci_i.html\"><span style=\"font-size: 14pt;\">https:\/\/www.siechnice.gmina.pl\/aktualnosc-5712-stypendia_dla_uzdolnionych_dzieci_i.html<\/span>&nbsp;<\/a><\/li>\n<\/ul>\n","protected":false},"excerpt":{"rendered":"<p>Stypendia dla uzdolnionych dzieci i m\u0142odzie\u017cy na rok szkolny 2024\/2025 https:\/\/www.siechnice.gmina.pl\/aktualnosc-5712-stypendia_dla_uzdolnionych_dzieci_i.html&nbsp;<\/p>\n","protected":false},"author":6,"featured_media":10918,"comment_status":"open","ping_status":"open","sticky":false,"template":"","format":"standard","meta":{"om_disable_all_campaigns":false,"_monsterinsights_skip_tracking":false,"ngg_post_thumbnail":0,"footnotes":""},"categories":[1],"tags":[],"class_list":["post-10917","post","type-post","status-publish","format-standard","has-post-thumbnail","hentry","category-uncategorized"],"aioseo_notices":[],"aioseo_head":"\n\t\t<!-- All in One SEO 5.0.1.1 - aioseo.com -->\n\t<meta name=\"description\" content=\"Stypendia dla uzdolnionych dzieci i m\u0142odzie\u017cy na rok szkolny 2024\/2025 https:\/\/www.siechnice.gmina.pl\/aktualnosc-5712-stypendia_dla_uzdolnionych_dzieci_i.html\" \/>\n\t<meta name=\"robots\" content=\"max-image-preview:large\" \/>\n\t<meta name=\"author\" content=\"Redakcja\"\/>\n\t<link rel=\"canonical\" href=\"https:\/\/www.spkatarzyna.pl\/index.php\/2024\/06\/20\/stypendia-dla-uzdolnionych-dzieci\/\" \/>\n\t<meta name=\"generator\" content=\"All in One SEO (AIOSEO) 5.0.1.1\" \/>\n\t\t<meta property=\"og:locale\" content=\"pl_PL\" \/>\n\t\t<meta property=\"og:site_name\" content=\"SP Katarzyna - Publiczna Szko\u0142a Podstawowa w \u015awi\u0119tej Katarzynie\" \/>\n\t\t<meta property=\"og:type\" content=\"article\" \/>\n\t\t<meta property=\"og:title\" content=\"Stypendia dla uzdolnionych dzieci - SP Katarzyna\" \/>\n\t\t<meta property=\"og:description\" content=\"Stypendia dla uzdolnionych dzieci i m\u0142odzie\u017cy na rok szkolny 2024\/2025 https:\/\/www.siechnice.gmina.pl\/aktualnosc-5712-stypendia_dla_uzdolnionych_dzieci_i.html\" \/>\n\t\t<meta property=\"og:url\" content=\"https:\/\/www.spkatarzyna.pl\/index.php\/2024\/06\/20\/stypendia-dla-uzdolnionych-dzieci\/\" \/>\n\t\t<meta property=\"article:published_time\" content=\"2024-06-20T12:37:21+00:00\" \/>\n\t\t<meta property=\"article:modified_time\" content=\"2024-06-20T12:37:21+00:00\" \/>\n\t\t<meta name=\"twitter:card\" content=\"summary_large_image\" \/>\n\t\t<meta name=\"twitter:title\" content=\"Stypendia dla uzdolnionych dzieci - SP Katarzyna\" \/>\n\t\t<meta name=\"twitter:description\" content=\"Stypendia dla uzdolnionych dzieci i m\u0142odzie\u017cy na rok szkolny 2024\/2025 https:\/\/www.siechnice.gmina.pl\/aktualnosc-5712-stypendia_dla_uzdolnionych_dzieci_i.html\" \/>\n\t\t<script type=\"application\/ld+json\" class=\"aioseo-schema\">\n\t\t\t{\"@context\":\"https:\\\/\\\/schema.org\",\"@graph\":[{\"@type\":\"BlogPosting\",\"@id\":\"https:\\\/\\\/www.spkatarzyna.pl\\\/index.php\\\/2024\\\/06\\\/20\\\/stypendia-dla-uzdolnionych-dzieci\\\/#blogposting\",\"name\":\"Stypendia dla uzdolnionych dzieci - SP Katarzyna\",\"headline\":\"Stypendia dla uzdolnionych dzieci\",\"author\":{\"@id\":\"https:\\\/\\\/www.spkatarzyna.pl\\\/index.php\\\/author\\\/agatasafianspkatarzyna-pl\\\/#author\"},\"publisher\":{\"@id\":\"https:\\\/\\\/www.spkatarzyna.pl\\\/#organization\"},\"image\":{\"@type\":\"ImageObject\",\"url\":\"https:\\\/\\\/www.spkatarzyna.pl\\\/wp-content\\\/uploads\\\/2024\\\/06\\\/information-1481584_640-2-1.png\",\"width\":360,\"height\":202},\"datePublished\":\"2024-06-20T12:37:21+02:00\",\"dateModified\":\"2024-06-20T12:37:21+02:00\",\"inLanguage\":\"pl-PL\",\"mainEntityOfPage\":{\"@id\":\"https:\\\/\\\/www.spkatarzyna.pl\\\/index.php\\\/2024\\\/06\\\/20\\\/stypendia-dla-uzdolnionych-dzieci\\\/#webpage\"},\"isPartOf\":{\"@id\":\"https:\\\/\\\/www.spkatarzyna.pl\\\/index.php\\\/2024\\\/06\\\/20\\\/stypendia-dla-uzdolnionych-dzieci\\\/#webpage\"},\"articleSection\":\"Uncategorized\"},{\"@type\":\"BreadcrumbList\",\"@id\":\"https:\\\/\\\/www.spkatarzyna.pl\\\/index.php\\\/2024\\\/06\\\/20\\\/stypendia-dla-uzdolnionych-dzieci\\\/#breadcrumblist\",\"itemListElement\":[{\"@type\":\"ListItem\",\"@id\":\"https:\\\/\\\/www.spkatarzyna.pl#listItem\",\"position\":1,\"name\":\"Dom\",\"item\":\"https:\\\/\\\/www.spkatarzyna.pl\",\"nextItem\":{\"@type\":\"ListItem\",\"@id\":\"https:\\\/\\\/www.spkatarzyna.pl\\\/index.php\\\/category\\\/uncategorized\\\/#listItem\",\"name\":\"Uncategorized\"}},{\"@type\":\"ListItem\",\"@id\":\"https:\\\/\\\/www.spkatarzyna.pl\\\/index.php\\\/category\\\/uncategorized\\\/#listItem\",\"position\":2,\"name\":\"Uncategorized\",\"item\":\"https:\\\/\\\/www.spkatarzyna.pl\\\/index.php\\\/category\\\/uncategorized\\\/\",\"nextItem\":{\"@type\":\"ListItem\",\"@id\":\"https:\\\/\\\/www.spkatarzyna.pl\\\/index.php\\\/2024\\\/06\\\/20\\\/stypendia-dla-uzdolnionych-dzieci\\\/#listItem\",\"name\":\"Stypendia dla uzdolnionych dzieci\"},\"previousItem\":{\"@type\":\"ListItem\",\"@id\":\"https:\\\/\\\/www.spkatarzyna.pl#listItem\",\"name\":\"Dom\"}},{\"@type\":\"ListItem\",\"@id\":\"https:\\\/\\\/www.spkatarzyna.pl\\\/index.php\\\/2024\\\/06\\\/20\\\/stypendia-dla-uzdolnionych-dzieci\\\/#listItem\",\"position\":3,\"name\":\"Stypendia dla uzdolnionych dzieci\",\"previousItem\":{\"@type\":\"ListItem\",\"@id\":\"https:\\\/\\\/www.spkatarzyna.pl\\\/index.php\\\/category\\\/uncategorized\\\/#listItem\",\"name\":\"Uncategorized\"}}]},{\"@type\":\"Organization\",\"@id\":\"https:\\\/\\\/www.spkatarzyna.pl\\\/#organization\",\"name\":\"SP Katarzyna\",\"description\":\"Publiczna Szko\\u0142a Podstawowa w \\u015awi\\u0119tej Katarzynie\",\"url\":\"https:\\\/\\\/www.spkatarzyna.pl\\\/\",\"telephone\":\"+48713116378\",\"sameAs\":[\"https:\\\/\\\/facebook.com\\\/\",\"https:\\\/\\\/x.com\\\/\",\"https:\\\/\\\/instagram.com\\\/\",\"https:\\\/\\\/pinterest.com\\\/\",\"https:\\\/\\\/youtube.com\\\/\",\"https:\\\/\\\/linkedin.com\\\/in\\\/\"]},{\"@type\":\"Person\",\"@id\":\"https:\\\/\\\/www.spkatarzyna.pl\\\/index.php\\\/author\\\/agatasafianspkatarzyna-pl\\\/#author\",\"url\":\"https:\\\/\\\/www.spkatarzyna.pl\\\/index.php\\\/author\\\/agatasafianspkatarzyna-pl\\\/\",\"name\":\"Redakcja\",\"image\":{\"@type\":\"ImageObject\",\"@id\":\"https:\\\/\\\/www.spkatarzyna.pl\\\/index.php\\\/2024\\\/06\\\/20\\\/stypendia-dla-uzdolnionych-dzieci\\\/#authorImage\",\"url\":\"https:\\\/\\\/secure.gravatar.com\\\/avatar\\\/765290513df94d442152250e92b42327?s=96&d=mm&r=g\",\"width\":96,\"height\":96,\"caption\":\"Redakcja\"}},{\"@type\":\"WebPage\",\"@id\":\"https:\\\/\\\/www.spkatarzyna.pl\\\/index.php\\\/2024\\\/06\\\/20\\\/stypendia-dla-uzdolnionych-dzieci\\\/#webpage\",\"url\":\"https:\\\/\\\/www.spkatarzyna.pl\\\/index.php\\\/2024\\\/06\\\/20\\\/stypendia-dla-uzdolnionych-dzieci\\\/\",\"name\":\"Stypendia dla uzdolnionych dzieci - SP Katarzyna\",\"description\":\"Stypendia dla uzdolnionych dzieci i m\\u0142odzie\\u017cy na rok szkolny 2024\\\/2025 https:\\\/\\\/www.siechnice.gmina.pl\\\/aktualnosc-5712-stypendia_dla_uzdolnionych_dzieci_i.html\",\"inLanguage\":\"pl-PL\",\"isPartOf\":{\"@id\":\"https:\\\/\\\/www.spkatarzyna.pl\\\/#website\"},\"breadcrumb\":{\"@id\":\"https:\\\/\\\/www.spkatarzyna.pl\\\/index.php\\\/2024\\\/06\\\/20\\\/stypendia-dla-uzdolnionych-dzieci\\\/#breadcrumblist\"},\"author\":{\"@id\":\"https:\\\/\\\/www.spkatarzyna.pl\\\/index.php\\\/author\\\/agatasafianspkatarzyna-pl\\\/#author\"},\"creator\":{\"@id\":\"https:\\\/\\\/www.spkatarzyna.pl\\\/index.php\\\/author\\\/agatasafianspkatarzyna-pl\\\/#author\"},\"image\":{\"@type\":\"ImageObject\",\"url\":\"https:\\\/\\\/www.spkatarzyna.pl\\\/wp-content\\\/uploads\\\/2024\\\/06\\\/information-1481584_640-2-1.png\",\"@id\":\"https:\\\/\\\/www.spkatarzyna.pl\\\/index.php\\\/2024\\\/06\\\/20\\\/stypendia-dla-uzdolnionych-dzieci\\\/#mainImage\",\"width\":360,\"height\":202},\"primaryImageOfPage\":{\"@id\":\"https:\\\/\\\/www.spkatarzyna.pl\\\/index.php\\\/2024\\\/06\\\/20\\\/stypendia-dla-uzdolnionych-dzieci\\\/#mainImage\"},\"datePublished\":\"2024-06-20T12:37:21+02:00\",\"dateModified\":\"2024-06-20T12:37:21+02:00\"},{\"@type\":\"WebSite\",\"@id\":\"https:\\\/\\\/www.spkatarzyna.pl\\\/#website\",\"url\":\"https:\\\/\\\/www.spkatarzyna.pl\\\/\",\"name\":\"SP Katarzyna\",\"description\":\"Publiczna Szko\\u0142a Podstawowa w \\u015awi\\u0119tej Katarzynie\",\"inLanguage\":\"pl-PL\",\"publisher\":{\"@id\":\"https:\\\/\\\/www.spkatarzyna.pl\\\/#organization\"}}]}\n\t\t<\/script>\n\t\t<!-- All in One SEO -->\n\n","aioseo_head_json":{"title":"Stypendia dla uzdolnionych dzieci - SP Katarzyna","description":"Stypendia dla uzdolnionych dzieci i m\u0142odzie\u017cy na rok szkolny 2024\/2025 https:\/\/www.siechnice.gmina.pl\/aktualnosc-5712-stypendia_dla_uzdolnionych_dzieci_i.html","canonical_url":"https:\/\/www.spkatarzyna.pl\/index.php\/2024\/06\/20\/stypendia-dla-uzdolnionych-dzieci\/","robots":"max-image-preview:large","keywords":"","webmasterTools":{"miscellaneous":""},"schema":{"@context":"https:\/\/schema.org","@graph":[{"@type":"BlogPosting","@id":"https:\/\/www.spkatarzyna.pl\/index.php\/2024\/06\/20\/stypendia-dla-uzdolnionych-dzieci\/#blogposting","name":"Stypendia dla uzdolnionych dzieci - SP Katarzyna","headline":"Stypendia dla uzdolnionych dzieci","author":{"@id":"https:\/\/www.spkatarzyna.pl\/index.php\/author\/agatasafianspkatarzyna-pl\/#author"},"publisher":{"@id":"https:\/\/www.spkatarzyna.pl\/#organization"},"image":{"@type":"ImageObject","url":"https:\/\/www.spkatarzyna.pl\/wp-content\/uploads\/2024\/06\/information-1481584_640-2-1.png","width":360,"height":202},"datePublished":"2024-06-20T12:37:21+02:00","dateModified":"2024-06-20T12:37:21+02:00","inLanguage":"pl-PL","mainEntityOfPage":{"@id":"https:\/\/www.spkatarzyna.pl\/index.php\/2024\/06\/20\/stypendia-dla-uzdolnionych-dzieci\/#webpage"},"isPartOf":{"@id":"https:\/\/www.spkatarzyna.pl\/index.php\/2024\/06\/20\/stypendia-dla-uzdolnionych-dzieci\/#webpage"},"articleSection":"Uncategorized"},{"@type":"BreadcrumbList","@id":"https:\/\/www.spkatarzyna.pl\/index.php\/2024\/06\/20\/stypendia-dla-uzdolnionych-dzieci\/#breadcrumblist","itemListElement":[{"@type":"ListItem","@id":"https:\/\/www.spkatarzyna.pl#listItem","position":1,"name":"Dom","item":"https:\/\/www.spkatarzyna.pl","nextItem":{"@type":"ListItem","@id":"https:\/\/www.spkatarzyna.pl\/index.php\/category\/uncategorized\/#listItem","name":"Uncategorized"}},{"@type":"ListItem","@id":"https:\/\/www.spkatarzyna.pl\/index.php\/category\/uncategorized\/#listItem","position":2,"name":"Uncategorized","item":"https:\/\/www.spkatarzyna.pl\/index.php\/category\/uncategorized\/","nextItem":{"@type":"ListItem","@id":"https:\/\/www.spkatarzyna.pl\/index.php\/2024\/06\/20\/stypendia-dla-uzdolnionych-dzieci\/#listItem","name":"Stypendia dla uzdolnionych dzieci"},"previousItem":{"@type":"ListItem","@id":"https:\/\/www.spkatarzyna.pl#listItem","name":"Dom"}},{"@type":"ListItem","@id":"https:\/\/www.spkatarzyna.pl\/index.php\/2024\/06\/20\/stypendia-dla-uzdolnionych-dzieci\/#listItem","position":3,"name":"Stypendia dla uzdolnionych dzieci","previousItem":{"@type":"ListItem","@id":"https:\/\/www.spkatarzyna.pl\/index.php\/category\/uncategorized\/#listItem","name":"Uncategorized"}}]},{"@type":"Organization","@id":"https:\/\/www.spkatarzyna.pl\/#organization","name":"SP Katarzyna","description":"Publiczna Szko\u0142a Podstawowa w \u015awi\u0119tej Katarzynie","url":"https:\/\/www.spkatarzyna.pl\/","telephone":"+48713116378","sameAs":["https:\/\/facebook.com\/","https:\/\/x.com\/","https:\/\/instagram.com\/","https:\/\/pinterest.com\/","https:\/\/youtube.com\/","https:\/\/linkedin.com\/in\/"]},{"@type":"Person","@id":"https:\/\/www.spkatarzyna.pl\/index.php\/author\/agatasafianspkatarzyna-pl\/#author","url":"https:\/\/www.spkatarzyna.pl\/index.php\/author\/agatasafianspkatarzyna-pl\/","name":"Redakcja","image":{"@type":"ImageObject","@id":"https:\/\/www.spkatarzyna.pl\/index.php\/2024\/06\/20\/stypendia-dla-uzdolnionych-dzieci\/#authorImage","url":"https:\/\/secure.gravatar.com\/avatar\/765290513df94d442152250e92b42327?s=96&d=mm&r=g","width":96,"height":96,"caption":"Redakcja"}},{"@type":"WebPage","@id":"https:\/\/www.spkatarzyna.pl\/index.php\/2024\/06\/20\/stypendia-dla-uzdolnionych-dzieci\/#webpage","url":"https:\/\/www.spkatarzyna.pl\/index.php\/2024\/06\/20\/stypendia-dla-uzdolnionych-dzieci\/","name":"Stypendia dla uzdolnionych dzieci - SP Katarzyna","description":"Stypendia dla uzdolnionych dzieci i m\u0142odzie\u017cy na rok szkolny 2024\/2025 https:\/\/www.siechnice.gmina.pl\/aktualnosc-5712-stypendia_dla_uzdolnionych_dzieci_i.html","inLanguage":"pl-PL","isPartOf":{"@id":"https:\/\/www.spkatarzyna.pl\/#website"},"breadcrumb":{"@id":"https:\/\/www.spkatarzyna.pl\/index.php\/2024\/06\/20\/stypendia-dla-uzdolnionych-dzieci\/#breadcrumblist"},"author":{"@id":"https:\/\/www.spkatarzyna.pl\/index.php\/author\/agatasafianspkatarzyna-pl\/#author"},"creator":{"@id":"https:\/\/www.spkatarzyna.pl\/index.php\/author\/agatasafianspkatarzyna-pl\/#author"},"image":{"@type":"ImageObject","url":"https:\/\/www.spkatarzyna.pl\/wp-content\/uploads\/2024\/06\/information-1481584_640-2-1.png","@id":"https:\/\/www.spkatarzyna.pl\/index.php\/2024\/06\/20\/stypendia-dla-uzdolnionych-dzieci\/#mainImage","width":360,"height":202},"primaryImageOfPage":{"@id":"https:\/\/www.spkatarzyna.pl\/index.php\/2024\/06\/20\/stypendia-dla-uzdolnionych-dzieci\/#mainImage"},"datePublished":"2024-06-20T12:37:21+02:00","dateModified":"2024-06-20T12:37:21+02:00"},{"@type":"WebSite","@id":"https:\/\/www.spkatarzyna.pl\/#website","url":"https:\/\/www.spkatarzyna.pl\/","name":"SP Katarzyna","description":"Publiczna Szko\u0142a Podstawowa w \u015awi\u0119tej Katarzynie","inLanguage":"pl-PL","publisher":{"@id":"https:\/\/www.spkatarzyna.pl\/#organization"}}]},"og:locale":"pl_PL","og:site_name":"SP Katarzyna - Publiczna Szko\u0142a Podstawowa w \u015awi\u0119tej Katarzynie","og:type":"article","og:title":"Stypendia dla uzdolnionych dzieci - SP Katarzyna","og:description":"Stypendia dla uzdolnionych dzieci i m\u0142odzie\u017cy na rok szkolny 2024\/2025 https:\/\/www.siechnice.gmina.pl\/aktualnosc-5712-stypendia_dla_uzdolnionych_dzieci_i.html","og:url":"https:\/\/www.spkatarzyna.pl\/index.php\/2024\/06\/20\/stypendia-dla-uzdolnionych-dzieci\/","article:published_time":"2024-06-20T12:37:21+00:00","article:modified_time":"2024-06-20T12:37:21+00:00","twitter:card":"summary_large_image","twitter:title":"Stypendia dla uzdolnionych dzieci - SP Katarzyna","twitter:description":"Stypendia dla uzdolnionych dzieci i m\u0142odzie\u017cy na rok szkolny 2024\/2025 https:\/\/www.siechnice.gmina.pl\/aktualnosc-5712-stypendia_dla_uzdolnionych_dzieci_i.html"},"aioseo_meta_data":{"post_id":"10917","title":null,"description":null,"keywords":null,"keyphrases":{"focus":{"keyphrase":"","score":0,"analysis":{"keyphraseInTitle":{"score":0,"maxScore":9,"error":1}}},"additional":[]},"primary_term":null,"canonical_url":null,"og_title":null,"og_description":null,"og_object_type":"default","og_image_type":"default","og_image_url":null,"og_image_width":null,"og_image_height":null,"og_image_custom_url":null,"og_image_custom_fields":null,"og_video":"","og_custom_url":null,"og_article_section":null,"og_article_tags":null,"twitter_use_og":false,"twitter_card":"default","twitter_image_type":"default","twitter_image_url":null,"twitter_image_custom_url":null,"twitter_image_custom_fields":null,"twitter_title":null,"twitter_description":null,"schema":{"blockGraphs":[],"customGraphs":[],"default":{"data":{"Article":[],"Course":[],"Dataset":[],"FAQPage":[],"Movie":[],"Person":[],"Product":[],"ProductReview":[],"Car":[],"Recipe":[],"Service":[],"SoftwareApplication":[],"WebPage":[]},"graphName":"BlogPosting","isEnabled":true},"graphs":[]},"schema_type":"default","schema_type_options":null,"pillar_content":false,"robots_default":true,"robots_noindex":false,"robots_noarchive":false,"robots_nosnippet":false,"robots_nofollow":false,"robots_noimageindex":false,"robots_noodp":false,"robots_notranslate":false,"robots_max_snippet":"-1","robots_max_videopreview":"-1","robots_max_imagepreview":"large","priority":null,"frequency":"default","local_seo":null,"limit_modified_date":false,"created":"2024-06-20 12:37:21","updated":"2026-09-03 15:38:57","focus_keyword":null,"additional_keywords":null,"truseo_locale":null,"ai":null,"breadcrumb_settings":null,"seo_analyzer_scan_date":null},"aioseo_breadcrumb":"<div class=\"aioseo-breadcrumbs\"><span class=\"aioseo-breadcrumb\">\n\t\t\t<a href=\"https:\/\/www.spkatarzyna.pl\" title=\"Dom\">Dom<\/a>\n\t\t<\/span><span class=\"aioseo-breadcrumb-separator\">&raquo;<\/span><span class=\"aioseo-breadcrumb\">\n\t\t\t<a href=\"https:\/\/www.spkatarzyna.pl\/index.php\/category\/uncategorized\/\" title=\"Uncategorized\">Uncategorized<\/a>\n\t\t<\/span><span class=\"aioseo-breadcrumb-separator\">&raquo;<\/span><span class=\"aioseo-breadcrumb\">\n\t\t\tStypendia dla uzdolnionych dzieci\n\t\t<\/span><\/div>","aioseo_breadcrumb_json":[{"label":"Dom","link":"https:\/\/www.spkatarzyna.pl"},{"label":"Uncategorized","link":"https:\/\/www.spkatarzyna.pl\/index.php\/category\/uncategorized\/"},{"label":"Stypendia dla uzdolnionych dzieci","link":"https:\/\/www.spkatarzyna.pl\/index.php\/2024\/06\/20\/stypendia-dla-uzdolnionych-dzieci\/"}],"_links":{"self":[{"href":"https:\/\/www.spkatarzyna.pl\/index.php\/wp-json\/wp\/v2\/posts\/10917","targetHints":{"allow":["GET"]}}],"collection":[{"href":"https:\/\/www.spkatarzyna.pl\/index.php\/wp-json\/wp\/v2\/posts"}],"about":[{"href":"https:\/\/www.spkatarzyna.pl\/index.php\/wp-json\/wp\/v2\/types\/post"}],"author":[{"embeddable":true,"href":"https:\/\/www.spkatarzyna.pl\/index.php\/wp-json\/wp\/v2\/users\/6"}],"replies":[{"embeddable":true,"href":"https:\/\/www.spkatarzyna.pl\/index.php\/wp-json\/wp\/v2\/comments?post=10917"}],"version-history":[{"count":1,"href":"https:\/\/www.spkatarzyna.pl\/index.php\/wp-json\/wp\/v2\/posts\/10917\/revisions"}],"predecessor-version":[{"id":10919,"href":"https:\/\/www.spkatarzyna.pl\/index.php\/wp-json\/wp\/v2\/posts\/10917\/revisions\/10919"}],"wp:featuredmedia":[{"embeddable":true,"href":"https:\/\/www.spkatarzyna.pl\/index.php\/wp-json\/wp\/v2\/media\/10918"}],"wp:attachment":[{"href":"https:\/\/www.spkatarzyna.pl\/index.php\/wp-json\/wp\/v2\/media?parent=10917"}],"wp:term":[{"taxonomy":"category","embeddable":true,"href":"https:\/\/www.spkatarzyna.pl\/index.php\/wp-json\/wp\/v2\/categories?post=10917"},{"taxonomy":"post_tag","embeddable":true,"href":"https:\/\/www.spkatarzyna.pl\/index.php\/wp-json\/wp\/v2\/tags?post=10917"}],"curies":[{"name":"wp","href":"https:\/\/api.w.org\/{rel}","templated":true}]}}