{"id":10940,"date":"2024-06-21T06:26:37","date_gmt":"2024-06-21T06:26:37","guid":{"rendered":"https:\/\/www.spkatarzyna.pl\/?p=10940"},"modified":"2024-06-21T06:52:18","modified_gmt":"2024-06-21T06:52:18","slug":"zielona-szkola-klas-5","status":"publish","type":"post","link":"https:\/\/www.spkatarzyna.pl\/index.php\/2024\/06\/21\/zielona-szkola-klas-5\/","title":{"rendered":"Zielona szko\u0142a klas 5"},"content":{"rendered":"\t\t<div data-elementor-type=\"wp-post\" data-elementor-id=\"10940\" class=\"elementor elementor-10940\">\n\t\t\t\t\t\t<section class=\"elementor-section elementor-top-section elementor-element elementor-element-2df6614e elementor-section-boxed elementor-section-height-default elementor-section-height-default\" data-id=\"2df6614e\" data-element_type=\"section\">\n\t\t\t\t\t\t<div class=\"elementor-container elementor-column-gap-default\">\n\t\t\t\t\t<div class=\"elementor-column elementor-col-100 elementor-top-column elementor-element elementor-element-1b253a1\" data-id=\"1b253a1\" data-element_type=\"column\">\n\t\t\t<div class=\"elementor-widget-wrap elementor-element-populated\">\n\t\t\t\t\t\t<div class=\"elementor-element elementor-element-2fdb6e5d elementor-widget elementor-widget-text-editor\" data-id=\"2fdb6e5d\" data-element_type=\"widget\" data-widget_type=\"text-editor.default\">\n\t\t\t\t\t\t\t\t\t<p style=\"text-align: justify;\"><span style=\"font-size: 14pt; color: #000000;\">W dniach 10 &#8211; 17.06.2024 r. uczniowie klas pi\u0105tych uczestniczyli w Zielonej Szkole, kt\u00f3ra odby\u0142a si\u0119 w Mi\u0119dzybrodziu \u017bywieckim. Wszyscy ch\u0119tnie brali udzia\u0142 w zorganizowanych r\u00f3\u017cnorodnych zaj\u0119ciach. Dzieci dobrze si\u0119 bawi\u0142y i dopisywa\u0142y im humory. Z tej okazji jeden z uczni\u00f3w Kamil Cyryngier z klasy 5 c napisa\u0142 wiersz.<\/span><\/p>\r\n<p style=\"text-align: center;\"><span style=\"font-size: 14pt;\"><b>&nbsp; ,,Zielona szko\u0142a\u2019\u2019<\/b><\/span><\/p>\r\n<p style=\"text-align: center;\"><span style=\"color: #000000;\"><em><span style=\"font-weight: 400; font-size: 14pt;\">W poniedzia\u0142ek zacz\u0119\u0142a si\u0119 nasza przygoda&nbsp;<\/span><\/em><\/span><\/p>\r\n<p style=\"text-align: center;\"><span style=\"color: #000000;\"><em><span style=\"font-weight: 400; font-size: 14pt;\">nie by\u0142a wtedy najlepsza pogoda i by\u0142a mokra g\u0142owa<\/span><\/em><\/span><\/p>\r\n<p style=\"text-align: center;\"><span style=\"color: #000000;\"><em><span style=\"font-weight: 400; font-size: 14pt;\">pocz\u0105tek niemi\u0142y lecz panie organizatorki wszystko naprawi\u0142y<\/span><\/em><\/span><\/p>\r\n<p style=\"text-align: center;\"><span style=\"color: #000000;\"><em><span style=\"font-weight: 400; font-size: 14pt;\">pa\u0144stwa miasta, gra terenowa i jeszcze woda bo basen<\/span><\/em><\/span><\/p>\r\n<p style=\"text-align: center;\"><span style=\"color: #000000;\"><em><span style=\"font-weight: 400; font-size: 14pt;\">tak\u017ce by\u0142 ale i tak po nim ka\u017cdy si\u0119 umy\u0142&nbsp;<\/span><\/em><\/span><\/p>\r\n<p style=\"text-align: center;\"><span style=\"color: #000000;\"><em><span style=\"font-weight: 400; font-size: 14pt;\">G\u00f3ra \u017bar niska lecz ci\u0119\u017cka bo podej\u015bcie swe strome ma<\/span><\/em><\/span><\/p>\r\n<p style=\"text-align: center;\"><span style=\"color: #000000;\"><em><span style=\"font-weight: 400; font-size: 14pt;\">turniej w siatk\u00f3wke 5A triumfuje i dominuje&nbsp;<\/span><\/em><\/span><\/p>\r\n<p style=\"text-align: center;\"><span style=\"color: #000000;\"><em><span style=\"font-weight: 400; font-size: 14pt;\">Koniak\u00f3w fajne owce ma a oscypki w\u0142ala&nbsp;<\/span><\/em><\/span><\/p>\r\n<p style=\"text-align: center;\"><span style=\"color: #000000;\"><em><span style=\"font-weight: 400; font-size: 14pt;\">panorama w Wi\u015ble jest d\u0142uga i pi\u0119kna&nbsp;<\/span><\/em><\/span><\/p>\r\n<p style=\"text-align: center;\"><span style=\"color: #000000;\"><em><span style=\"font-weight: 400; font-size: 14pt;\">Skocznia Ma\u0142ysza w tamtych okolicach najwi\u0119ksza<\/span><\/em><\/span><\/p>\r\n<p style=\"text-align: center;\"><span style=\"color: #000000;\"><em><span style=\"font-weight: 400; font-size: 14pt;\">tu ju\u017c pi\u0105tek dzie\u0144 wyjazdu<\/span><\/em><\/span><\/p>\r\n<p style=\"text-align: center;\"><span style=\"color: #000000;\"><em><span style=\"font-weight: 400; font-size: 14pt;\">prowiant na drog\u0119 bierzemy i si\u0119 pakujemy a potem jedziemy<\/span><\/em><\/span><\/p>\r\n<p style=\"text-align: center;\"><span style=\"color: #000000;\"><em><span style=\"font-weight: 400; font-size: 14pt;\">pod szko\u0142\u0105 rodzice nas odbieraj\u0105 i witaj\u0105&nbsp;<\/span><\/em><\/span><\/p>\r\n<p style=\"text-align: center;\"><span style=\"color: #000000;\"><em><span style=\"font-weight: 400; font-size: 14pt;\">za zorganizowanie zielonej szko\u0142y-dzi\u0119kujemy&nbsp;&nbsp;<\/span><\/em><\/span><\/p>\r\n<p style=\"text-align: right;\"><br style=\"font-weight: 400;\"><span style=\"color: #000000;\">Kamil Cyryngiel 5C<\/span><\/p>\t\t\t\t\t\t\t\t<\/div>\n\t\t\t\t<div class=\"elementor-element elementor-element-186842b elementor-widget elementor-widget-image-gallery\" data-id=\"186842b\" data-element_type=\"widget\" data-widget_type=\"image-gallery.default\">\n\t\t\t\t\t\t\t<div class=\"elementor-image-gallery\">\n\t\t\t\n\t\t<div id='gallery-1' class='gallery galleryid-10940 gallery-columns-5 gallery-size-thumbnail gallery1'><script type=\"text\/javascript\">\n\/\/ <![CDATA[\n\tjQuery(document).ready(function () {\n\t\tjQuery(\".gallery1 a\").attr(\"rel\",\"gallery1\");\t\n\t\tjQuery('a[rel=\"gallery1\"]').colorbox({title: function(){ return jQuery(this).children().attr(\"alt\"); }});\n\t});\n\/\/ ]]>\n<\/script>\n<dl class=\"gallery-item\">\n<dt class=\"gallery-icon\">\n<a href=\"https:\/\/www.spkatarzyna.pl\/wp-content\/uploads\/2024\/06\/35634ee8-4265-43cd-a068-42784eb92143-300x226.jpg\" title=\"\" rel=\"gallery1\" rel=\"lightbox[10940]\"><img decoding=\"async\" src=\"https:\/\/www.spkatarzyna.pl\/wp-content\/uploads\/2024\/06\/35634ee8-4265-43cd-a068-42784eb92143-150x150.jpg\" width=\"150\" height=\"150\" alt=\"\" \/><\/a>\n<\/dt><\/dl><dl class=\"gallery-item\">\n<dt class=\"gallery-icon\">\n<a href=\"https:\/\/www.spkatarzyna.pl\/wp-content\/uploads\/2024\/06\/c7b6ab18-ae7c-4837-90d1-66c373316fea-300x225.jpg\" title=\"\" rel=\"gallery1\" rel=\"lightbox[10940]\"><img decoding=\"async\" src=\"https:\/\/www.spkatarzyna.pl\/wp-content\/uploads\/2024\/06\/c7b6ab18-ae7c-4837-90d1-66c373316fea-150x150.jpg\" width=\"150\" height=\"150\" alt=\"\" \/><\/a>\n<\/dt><\/dl><dl class=\"gallery-item\">\n<dt class=\"gallery-icon\">\n<a href=\"https:\/\/www.spkatarzyna.pl\/wp-content\/uploads\/2024\/06\/e7a95093-48bd-475b-ba3a-d41b678866d4-300x225.jpg\" title=\"\" rel=\"gallery1\" rel=\"lightbox[10940]\"><img decoding=\"async\" src=\"https:\/\/www.spkatarzyna.pl\/wp-content\/uploads\/2024\/06\/e7a95093-48bd-475b-ba3a-d41b678866d4-150x150.jpg\" width=\"150\" height=\"150\" alt=\"\" \/><\/a>\n<\/dt><\/dl><dl class=\"gallery-item\">\n<dt class=\"gallery-icon\">\n<a href=\"https:\/\/www.spkatarzyna.pl\/wp-content\/uploads\/2024\/06\/IMG_6269-300x225.jpg\" title=\"\" rel=\"gallery1\" rel=\"lightbox[10940]\"><img loading=\"lazy\" decoding=\"async\" src=\"https:\/\/www.spkatarzyna.pl\/wp-content\/uploads\/2024\/06\/IMG_6269-150x150.jpg\" width=\"150\" height=\"150\" alt=\"\" \/><\/a>\n<\/dt><\/dl><dl class=\"gallery-item\">\n<dt class=\"gallery-icon\">\n<a href=\"https:\/\/www.spkatarzyna.pl\/wp-content\/uploads\/2024\/06\/IMG_6271-300x225.jpg\" title=\"\" rel=\"gallery1\" rel=\"lightbox[10940]\"><img loading=\"lazy\" decoding=\"async\" src=\"https:\/\/www.spkatarzyna.pl\/wp-content\/uploads\/2024\/06\/IMG_6271-150x150.jpg\" width=\"150\" height=\"150\" alt=\"\" \/><\/a>\n<\/dt><\/dl><br style=\"clear: both\" \/><dl class=\"gallery-item\">\n<dt class=\"gallery-icon\">\n<a href=\"https:\/\/www.spkatarzyna.pl\/wp-content\/uploads\/2024\/06\/IMG_6277-225x300.jpg\" title=\"\" rel=\"gallery1\" rel=\"lightbox[10940]\"><img loading=\"lazy\" decoding=\"async\" src=\"https:\/\/www.spkatarzyna.pl\/wp-content\/uploads\/2024\/06\/IMG_6277-150x150.jpg\" width=\"150\" height=\"150\" alt=\"\" \/><\/a>\n<\/dt><\/dl><dl class=\"gallery-item\">\n<dt class=\"gallery-icon\">\n<a href=\"https:\/\/www.spkatarzyna.pl\/wp-content\/uploads\/2024\/06\/IMG_6287-300x225.jpg\" title=\"\" rel=\"gallery1\" rel=\"lightbox[10940]\"><img loading=\"lazy\" decoding=\"async\" src=\"https:\/\/www.spkatarzyna.pl\/wp-content\/uploads\/2024\/06\/IMG_6287-150x150.jpg\" width=\"150\" height=\"150\" alt=\"\" \/><\/a>\n<\/dt><\/dl><dl class=\"gallery-item\">\n<dt class=\"gallery-icon\">\n<a href=\"https:\/\/www.spkatarzyna.pl\/wp-content\/uploads\/2024\/06\/IMG_6319-300x225.jpg\" title=\"\" rel=\"gallery1\" rel=\"lightbox[10940]\"><img loading=\"lazy\" decoding=\"async\" src=\"https:\/\/www.spkatarzyna.pl\/wp-content\/uploads\/2024\/06\/IMG_6319-150x150.jpg\" width=\"150\" height=\"150\" alt=\"\" \/><\/a>\n<\/dt><\/dl><dl class=\"gallery-item\">\n<dt class=\"gallery-icon\">\n<a href=\"https:\/\/www.spkatarzyna.pl\/wp-content\/uploads\/2024\/06\/IMG_6322-300x225.jpg\" title=\"\" rel=\"gallery1\" rel=\"lightbox[10940]\"><img loading=\"lazy\" decoding=\"async\" src=\"https:\/\/www.spkatarzyna.pl\/wp-content\/uploads\/2024\/06\/IMG_6322-150x150.jpg\" width=\"150\" height=\"150\" alt=\"\" \/><\/a>\n<\/dt><\/dl><dl class=\"gallery-item\">\n<dt class=\"gallery-icon\">\n<a href=\"https:\/\/www.spkatarzyna.pl\/wp-content\/uploads\/2024\/06\/IMG_6333-300x225.jpg\" title=\"\" rel=\"gallery1\" rel=\"lightbox[10940]\"><img loading=\"lazy\" decoding=\"async\" src=\"https:\/\/www.spkatarzyna.pl\/wp-content\/uploads\/2024\/06\/IMG_6333-150x150.jpg\" width=\"150\" height=\"150\" alt=\"\" \/><\/a>\n<\/dt><\/dl><br style=\"clear: both\" \/><dl class=\"gallery-item\">\n<dt class=\"gallery-icon\">\n<a href=\"https:\/\/www.spkatarzyna.pl\/wp-content\/uploads\/2024\/06\/PHOTO-2024-06-11-12-01-34-2-225x300.jpg\" title=\"\" rel=\"gallery1\" rel=\"lightbox[10940]\"><img loading=\"lazy\" decoding=\"async\" src=\"https:\/\/www.spkatarzyna.pl\/wp-content\/uploads\/2024\/06\/PHOTO-2024-06-11-12-01-34-2-150x150.jpg\" width=\"150\" height=\"150\" alt=\"\" \/><\/a>\n<\/dt><\/dl><dl class=\"gallery-item\">\n<dt class=\"gallery-icon\">\n<a href=\"https:\/\/www.spkatarzyna.pl\/wp-content\/uploads\/2024\/06\/IMG_6312-300x225.jpg\" title=\"\" rel=\"gallery1\" rel=\"lightbox[10940]\"><img loading=\"lazy\" decoding=\"async\" src=\"https:\/\/www.spkatarzyna.pl\/wp-content\/uploads\/2024\/06\/IMG_6312-150x150.jpg\" width=\"150\" height=\"150\" alt=\"\" \/><\/a>\n<\/dt><\/dl><dl class=\"gallery-item\">\n<dt class=\"gallery-icon\">\n<a href=\"https:\/\/www.spkatarzyna.pl\/wp-content\/uploads\/2024\/06\/PHOTO-2024-06-11-18-23-28-300x169.jpg\" title=\"\" rel=\"gallery1\" rel=\"lightbox[10940]\"><img loading=\"lazy\" decoding=\"async\" src=\"https:\/\/www.spkatarzyna.pl\/wp-content\/uploads\/2024\/06\/PHOTO-2024-06-11-18-23-28-150x150.jpg\" width=\"150\" height=\"150\" alt=\"\" \/><\/a>\n<\/dt><\/dl><dl class=\"gallery-item\">\n<dt class=\"gallery-icon\">\n<a href=\"https:\/\/www.spkatarzyna.pl\/wp-content\/uploads\/2024\/06\/PHOTO-2024-06-11-18-23-32-300x169.jpg\" title=\"\" rel=\"gallery1\" rel=\"lightbox[10940]\"><img loading=\"lazy\" decoding=\"async\" src=\"https:\/\/www.spkatarzyna.pl\/wp-content\/uploads\/2024\/06\/PHOTO-2024-06-11-18-23-32-150x150.jpg\" width=\"150\" height=\"150\" alt=\"\" \/><\/a>\n<\/dt><\/dl><dl class=\"gallery-item\">\n<dt class=\"gallery-icon\">\n<a href=\"https:\/\/www.spkatarzyna.pl\/wp-content\/uploads\/2024\/06\/IMG_6296-300x225.jpg\" title=\"\" rel=\"gallery1\" rel=\"lightbox[10940]\"><img loading=\"lazy\" decoding=\"async\" src=\"https:\/\/www.spkatarzyna.pl\/wp-content\/uploads\/2024\/06\/IMG_6296-150x150.jpg\" width=\"150\" height=\"150\" alt=\"\" \/><\/a>\n<\/dt><\/dl><br style=\"clear: both\" \/><dl class=\"gallery-item\">\n<dt class=\"gallery-icon\">\n<a href=\"https:\/\/www.spkatarzyna.pl\/wp-content\/uploads\/2024\/06\/PHOTO-2024-06-12-09-03-40-2-300x225.jpg\" title=\"\" rel=\"gallery1\" rel=\"lightbox[10940]\"><img loading=\"lazy\" decoding=\"async\" src=\"https:\/\/www.spkatarzyna.pl\/wp-content\/uploads\/2024\/06\/PHOTO-2024-06-12-09-03-40-2-150x150.jpg\" width=\"150\" height=\"150\" alt=\"\" \/><\/a>\n<\/dt><\/dl><dl class=\"gallery-item\">\n<dt class=\"gallery-icon\">\n<a href=\"https:\/\/www.spkatarzyna.pl\/wp-content\/uploads\/2024\/06\/PHOTO-2024-06-12-09-03-40-300x225.jpg\" title=\"\" rel=\"gallery1\" rel=\"lightbox[10940]\"><img loading=\"lazy\" decoding=\"async\" src=\"https:\/\/www.spkatarzyna.pl\/wp-content\/uploads\/2024\/06\/PHOTO-2024-06-12-09-03-40-150x150.jpg\" width=\"150\" height=\"150\" alt=\"\" \/><\/a>\n<\/dt><\/dl><dl class=\"gallery-item\">\n<dt class=\"gallery-icon\">\n<a href=\"https:\/\/www.spkatarzyna.pl\/wp-content\/uploads\/2024\/06\/PHOTO-2024-06-11-18-23-34-300x169.jpg\" title=\"\" rel=\"gallery1\" rel=\"lightbox[10940]\"><img loading=\"lazy\" decoding=\"async\" src=\"https:\/\/www.spkatarzyna.pl\/wp-content\/uploads\/2024\/06\/PHOTO-2024-06-11-18-23-34-150x150.jpg\" width=\"150\" height=\"150\" alt=\"\" \/><\/a>\n<\/dt><\/dl><dl class=\"gallery-item\">\n<dt class=\"gallery-icon\">\n<a href=\"https:\/\/www.spkatarzyna.pl\/wp-content\/uploads\/2024\/06\/PHOTO-2024-06-11-18-23-34-2-300x169.jpg\" title=\"\" rel=\"gallery1\" rel=\"lightbox[10940]\"><img loading=\"lazy\" decoding=\"async\" src=\"https:\/\/www.spkatarzyna.pl\/wp-content\/uploads\/2024\/06\/PHOTO-2024-06-11-18-23-34-2-150x150.jpg\" width=\"150\" height=\"150\" alt=\"\" \/><\/a>\n<\/dt><\/dl><dl class=\"gallery-item\">\n<dt class=\"gallery-icon\">\n<a href=\"https:\/\/www.spkatarzyna.pl\/wp-content\/uploads\/2024\/06\/PHOTO-2024-06-12-12-27-34-300x226.jpg\" title=\"\" rel=\"gallery1\" rel=\"lightbox[10940]\"><img loading=\"lazy\" decoding=\"async\" src=\"https:\/\/www.spkatarzyna.pl\/wp-content\/uploads\/2024\/06\/PHOTO-2024-06-12-12-27-34-150x150.jpg\" width=\"150\" height=\"150\" alt=\"\" \/><\/a>\n<\/dt><\/dl><br style=\"clear: both\" \/><dl class=\"gallery-item\">\n<dt class=\"gallery-icon\">\n<a href=\"https:\/\/www.spkatarzyna.pl\/wp-content\/uploads\/2024\/06\/PHOTO-2024-06-21-08-40-01-169x300.jpg\" title=\"\" rel=\"gallery1\" rel=\"lightbox[10940]\"><img loading=\"lazy\" decoding=\"async\" src=\"https:\/\/www.spkatarzyna.pl\/wp-content\/uploads\/2024\/06\/PHOTO-2024-06-21-08-40-01-150x150.jpg\" width=\"150\" height=\"150\" alt=\"\" \/><\/a>\n<\/dt><\/dl><dl class=\"gallery-item\">\n<dt class=\"gallery-icon\">\n<a href=\"https:\/\/www.spkatarzyna.pl\/wp-content\/uploads\/2024\/06\/IMG_6278-225x300.jpg\" title=\"\" rel=\"gallery1\" rel=\"lightbox[10940]\"><img loading=\"lazy\" decoding=\"async\" src=\"https:\/\/www.spkatarzyna.pl\/wp-content\/uploads\/2024\/06\/IMG_6278-150x150.jpg\" width=\"150\" height=\"150\" alt=\"\" \/><\/a>\n<\/dt><\/dl><dl class=\"gallery-item\">\n<dt class=\"gallery-icon\">\n<a href=\"https:\/\/www.spkatarzyna.pl\/wp-content\/uploads\/2024\/06\/PHOTO-2024-06-12-12-27-35-2-300x226.jpg\" title=\"\" rel=\"gallery1\" rel=\"lightbox[10940]\"><img loading=\"lazy\" decoding=\"async\" src=\"https:\/\/www.spkatarzyna.pl\/wp-content\/uploads\/2024\/06\/PHOTO-2024-06-12-12-27-35-2-150x150.jpg\" width=\"150\" height=\"150\" alt=\"\" \/><\/a>\n<\/dt><\/dl><dl class=\"gallery-item\">\n<dt class=\"gallery-icon\">\n<a href=\"https:\/\/www.spkatarzyna.pl\/wp-content\/uploads\/2024\/06\/PHOTO-2024-06-12-12-27-35-300x226.jpg\" title=\"\" rel=\"gallery1\" rel=\"lightbox[10940]\"><img loading=\"lazy\" decoding=\"async\" src=\"https:\/\/www.spkatarzyna.pl\/wp-content\/uploads\/2024\/06\/PHOTO-2024-06-12-12-27-35-150x150.jpg\" width=\"150\" height=\"150\" alt=\"\" \/><\/a>\n<\/dt><\/dl><dl class=\"gallery-item\">\n<dt class=\"gallery-icon\">\n<a href=\"https:\/\/www.spkatarzyna.pl\/wp-content\/uploads\/2024\/06\/PHOTO-2024-06-13-11-47-11-2-300x226.jpg\" title=\"\" rel=\"gallery1\" rel=\"lightbox[10940]\"><img loading=\"lazy\" decoding=\"async\" src=\"https:\/\/www.spkatarzyna.pl\/wp-content\/uploads\/2024\/06\/PHOTO-2024-06-13-11-47-11-2-150x150.jpg\" width=\"150\" height=\"150\" alt=\"\" \/><\/a>\n<\/dt><\/dl><br style=\"clear: both\" \/><dl class=\"gallery-item\">\n<dt class=\"gallery-icon\">\n<a href=\"https:\/\/www.spkatarzyna.pl\/wp-content\/uploads\/2024\/06\/PHOTO-2024-06-13-11-47-12-300x226.jpg\" title=\"\" rel=\"gallery1\" rel=\"lightbox[10940]\"><img loading=\"lazy\" decoding=\"async\" src=\"https:\/\/www.spkatarzyna.pl\/wp-content\/uploads\/2024\/06\/PHOTO-2024-06-13-11-47-12-150x150.jpg\" width=\"150\" height=\"150\" alt=\"\" \/><\/a>\n<\/dt><\/dl><dl class=\"gallery-item\">\n<dt class=\"gallery-icon\">\n<a href=\"https:\/\/www.spkatarzyna.pl\/wp-content\/uploads\/2024\/06\/PHOTO-2024-06-13-11-47-13-300x226.jpg\" title=\"\" rel=\"gallery1\" rel=\"lightbox[10940]\"><img loading=\"lazy\" decoding=\"async\" src=\"https:\/\/www.spkatarzyna.pl\/wp-content\/uploads\/2024\/06\/PHOTO-2024-06-13-11-47-13-150x150.jpg\" width=\"150\" height=\"150\" alt=\"\" \/><\/a>\n<\/dt><\/dl><dl class=\"gallery-item\">\n<dt class=\"gallery-icon\">\n<a href=\"https:\/\/www.spkatarzyna.pl\/wp-content\/uploads\/2024\/06\/PHOTO-2024-06-21-08-40-03-3-300x169.jpg\" title=\"\" rel=\"gallery1\" rel=\"lightbox[10940]\"><img loading=\"lazy\" decoding=\"async\" src=\"https:\/\/www.spkatarzyna.pl\/wp-content\/uploads\/2024\/06\/PHOTO-2024-06-21-08-40-03-3-150x150.jpg\" width=\"150\" height=\"150\" alt=\"\" \/><\/a>\n<\/dt><\/dl><dl class=\"gallery-item\">\n<dt class=\"gallery-icon\">\n<a href=\"https:\/\/www.spkatarzyna.pl\/wp-content\/uploads\/2024\/06\/PHOTO-2024-06-21-08-40-03-2-300x169.jpg\" title=\"\" rel=\"gallery1\" rel=\"lightbox[10940]\"><img loading=\"lazy\" decoding=\"async\" src=\"https:\/\/www.spkatarzyna.pl\/wp-content\/uploads\/2024\/06\/PHOTO-2024-06-21-08-40-03-2-150x150.jpg\" width=\"150\" height=\"150\" alt=\"\" \/><\/a>\n<\/dt><\/dl><dl class=\"gallery-item\">\n<dt class=\"gallery-icon\">\n<a href=\"https:\/\/www.spkatarzyna.pl\/wp-content\/uploads\/2024\/06\/PHOTO-2024-06-21-08-40-03-300x169.jpg\" title=\"\" rel=\"gallery1\" rel=\"lightbox[10940]\"><img loading=\"lazy\" decoding=\"async\" src=\"https:\/\/www.spkatarzyna.pl\/wp-content\/uploads\/2024\/06\/PHOTO-2024-06-21-08-40-03-150x150.jpg\" width=\"150\" height=\"150\" alt=\"\" \/><\/a>\n<\/dt><\/dl><br style=\"clear: both\" \/><dl class=\"gallery-item\">\n<dt class=\"gallery-icon\">\n<a href=\"https:\/\/www.spkatarzyna.pl\/wp-content\/uploads\/2024\/06\/PHOTO-2024-06-21-08-40-02-4-300x169.jpg\" title=\"\" rel=\"gallery1\" rel=\"lightbox[10940]\"><img loading=\"lazy\" decoding=\"async\" src=\"https:\/\/www.spkatarzyna.pl\/wp-content\/uploads\/2024\/06\/PHOTO-2024-06-21-08-40-02-4-150x150.jpg\" width=\"150\" height=\"150\" alt=\"\" \/><\/a>\n<\/dt><\/dl><dl class=\"gallery-item\">\n<dt class=\"gallery-icon\">\n<a href=\"https:\/\/www.spkatarzyna.pl\/wp-content\/uploads\/2024\/06\/PHOTO-2024-06-21-08-40-02-3-300x169.jpg\" title=\"\" rel=\"gallery1\" rel=\"lightbox[10940]\"><img loading=\"lazy\" decoding=\"async\" src=\"https:\/\/www.spkatarzyna.pl\/wp-content\/uploads\/2024\/06\/PHOTO-2024-06-21-08-40-02-3-150x150.jpg\" width=\"150\" height=\"150\" alt=\"\" \/><\/a>\n<\/dt><\/dl><dl class=\"gallery-item\">\n<dt class=\"gallery-icon\">\n<a href=\"https:\/\/www.spkatarzyna.pl\/wp-content\/uploads\/2024\/06\/PHOTO-2024-06-21-08-40-02-2-300x169.jpg\" title=\"\" rel=\"gallery1\" rel=\"lightbox[10940]\"><img loading=\"lazy\" decoding=\"async\" src=\"https:\/\/www.spkatarzyna.pl\/wp-content\/uploads\/2024\/06\/PHOTO-2024-06-21-08-40-02-2-150x150.jpg\" width=\"150\" height=\"150\" alt=\"\" \/><\/a>\n<\/dt><\/dl><dl class=\"gallery-item\">\n<dt class=\"gallery-icon\">\n<a href=\"https:\/\/www.spkatarzyna.pl\/wp-content\/uploads\/2024\/06\/PHOTO-2024-06-21-08-40-02-300x169.jpg\" title=\"\" rel=\"gallery1\" rel=\"lightbox[10940]\"><img loading=\"lazy\" decoding=\"async\" src=\"https:\/\/www.spkatarzyna.pl\/wp-content\/uploads\/2024\/06\/PHOTO-2024-06-21-08-40-02-150x150.jpg\" width=\"150\" height=\"150\" alt=\"\" \/><\/a>\n<\/dt><\/dl><dl class=\"gallery-item\">\n<dt class=\"gallery-icon\">\n<a href=\"https:\/\/www.spkatarzyna.pl\/wp-content\/uploads\/2024\/06\/PHOTO-2024-06-21-08-40-01-2-300x169.jpg\" title=\"\" rel=\"gallery1\" rel=\"lightbox[10940]\"><img loading=\"lazy\" decoding=\"async\" src=\"https:\/\/www.spkatarzyna.pl\/wp-content\/uploads\/2024\/06\/PHOTO-2024-06-21-08-40-01-2-150x150.jpg\" width=\"150\" height=\"150\" alt=\"\" \/><\/a>\n<\/dt><\/dl><br style=\"clear: both\" \/><br style=\"clear: both\" \/><\/div>\t\t<\/div>\n\t\t\t\t\t\t<\/div>\n\t\t\t\t\t<\/div>\n\t\t<\/div>\n\t\t\t\t\t<\/div>\n\t\t<\/section>\n\t\t\t\t<\/div>\n\t\t","protected":false},"excerpt":{"rendered":"<p>W dniach 10 &#8211; 17.06.2024 r. uczniowie klas pi\u0105tych uczestniczyli w Zielonej Szkole, kt\u00f3ra odby\u0142a si\u0119 w Mi\u0119dzybrodziu \u017bywieckim. Wszyscy ch\u0119tnie brali udzia\u0142 w zorganizowanych r\u00f3\u017cnorodnych zaj\u0119ciach. Dzieci dobrze si\u0119 bawi\u0142y i dopisywa\u0142y im humory. Z tej okazji jeden z uczni\u00f3w Kamil Cyryngier z klasy 5 c napisa\u0142 wiersz. &nbsp; [&hellip;]<\/p>\n","protected":false},"author":6,"featured_media":10941,"comment_status":"open","ping_status":"open","sticky":false,"template":"","format":"standard","meta":{"om_disable_all_campaigns":false,"_monsterinsights_skip_tracking":false,"ngg_post_thumbnail":0,"footnotes":""},"categories":[1],"tags":[],"class_list":["post-10940","post","type-post","status-publish","format-standard","has-post-thumbnail","hentry","category-uncategorized"],"aioseo_notices":[],"aioseo_head":"\n\t\t<!-- All in One SEO 5.0.1.1 - aioseo.com -->\n\t<meta name=\"description\" content=\"W dniach 10 \u2013 17.06.2024 r. uczniowie klas pi\u0105tych uczestniczyli w Zielonej Szkole, kt\u00f3ra odby\u0142a si\u0119 w Mi\u0119dzybrodziu \u017bywieckim. Wszyscy ch\u0119tnie brali udzia\u0142 w zorganizowanych r\u00f3\u017cnorodnych zaj\u0119ciach. Dzieci dobrze si\u0119 bawi\u0142y i dopisywa\u0142y im humory. Z tej okazji jeden z uczni\u00f3w Kamil Cyryngier z klasy 5 c napisa\u0142 wiersz. ,,Zielona szko\u0142a\u2019\u2019 W poniedzia\u0142ek zacz\u0119\u0142a\" \/>\n\t<meta name=\"robots\" content=\"max-image-preview:large\" \/>\n\t<meta name=\"author\" content=\"Redakcja\"\/>\n\t<link rel=\"canonical\" href=\"https:\/\/www.spkatarzyna.pl\/index.php\/2024\/06\/21\/zielona-szkola-klas-5\/\" \/>\n\t<meta name=\"generator\" content=\"All in One SEO (AIOSEO) 5.0.1.1\" \/>\n\t\t<meta property=\"og:locale\" content=\"pl_PL\" \/>\n\t\t<meta property=\"og:site_name\" content=\"SP Katarzyna - Publiczna Szko\u0142a Podstawowa w \u015awi\u0119tej Katarzynie\" \/>\n\t\t<meta property=\"og:type\" content=\"article\" \/>\n\t\t<meta property=\"og:title\" content=\"Zielona szko\u0142a klas 5 - SP Katarzyna\" \/>\n\t\t<meta property=\"og:description\" content=\"W dniach 10 \u2013 17.06.2024 r. uczniowie klas pi\u0105tych uczestniczyli w Zielonej Szkole, kt\u00f3ra odby\u0142a si\u0119 w Mi\u0119dzybrodziu \u017bywieckim. Wszyscy ch\u0119tnie brali udzia\u0142 w zorganizowanych r\u00f3\u017cnorodnych zaj\u0119ciach. Dzieci dobrze si\u0119 bawi\u0142y i dopisywa\u0142y im humory. Z tej okazji jeden z uczni\u00f3w Kamil Cyryngier z klasy 5 c napisa\u0142 wiersz. ,,Zielona szko\u0142a\u2019\u2019 W poniedzia\u0142ek zacz\u0119\u0142a\" \/>\n\t\t<meta property=\"og:url\" content=\"https:\/\/www.spkatarzyna.pl\/index.php\/2024\/06\/21\/zielona-szkola-klas-5\/\" \/>\n\t\t<meta property=\"article:published_time\" content=\"2024-06-21T06:26:37+00:00\" \/>\n\t\t<meta property=\"article:modified_time\" content=\"2024-06-21T06:52:18+00:00\" \/>\n\t\t<meta name=\"twitter:card\" content=\"summary_large_image\" \/>\n\t\t<meta name=\"twitter:title\" content=\"Zielona szko\u0142a klas 5 - SP Katarzyna\" \/>\n\t\t<meta name=\"twitter:description\" content=\"W dniach 10 \u2013 17.06.2024 r. uczniowie klas pi\u0105tych uczestniczyli w Zielonej Szkole, kt\u00f3ra odby\u0142a si\u0119 w Mi\u0119dzybrodziu \u017bywieckim. Wszyscy ch\u0119tnie brali udzia\u0142 w zorganizowanych r\u00f3\u017cnorodnych zaj\u0119ciach. Dzieci dobrze si\u0119 bawi\u0142y i dopisywa\u0142y im humory. Z tej okazji jeden z uczni\u00f3w Kamil Cyryngier z klasy 5 c napisa\u0142 wiersz. ,,Zielona szko\u0142a\u2019\u2019 W poniedzia\u0142ek zacz\u0119\u0142a\" \/>\n\t\t<script type=\"application\/ld+json\" class=\"aioseo-schema\">\n\t\t\t{\"@context\":\"https:\\\/\\\/schema.org\",\"@graph\":[{\"@type\":\"BlogPosting\",\"@id\":\"https:\\\/\\\/www.spkatarzyna.pl\\\/index.php\\\/2024\\\/06\\\/21\\\/zielona-szkola-klas-5\\\/#blogposting\",\"name\":\"Zielona szko\\u0142a klas 5 - SP Katarzyna\",\"headline\":\"Zielona szko\\u0142a klas 5\",\"author\":{\"@id\":\"https:\\\/\\\/www.spkatarzyna.pl\\\/index.php\\\/author\\\/agatasafianspkatarzyna-pl\\\/#author\"},\"publisher\":{\"@id\":\"https:\\\/\\\/www.spkatarzyna.pl\\\/#organization\"},\"image\":{\"@type\":\"ImageObject\",\"url\":\"https:\\\/\\\/www.spkatarzyna.pl\\\/wp-content\\\/uploads\\\/2024\\\/06\\\/c7b6ab18-ae7c-4837-90d1-66c37331.jpg\",\"width\":360,\"height\":202},\"datePublished\":\"2024-06-21T06:26:37+02:00\",\"dateModified\":\"2024-06-21T06:52:18+02:00\",\"inLanguage\":\"pl-PL\",\"mainEntityOfPage\":{\"@id\":\"https:\\\/\\\/www.spkatarzyna.pl\\\/index.php\\\/2024\\\/06\\\/21\\\/zielona-szkola-klas-5\\\/#webpage\"},\"isPartOf\":{\"@id\":\"https:\\\/\\\/www.spkatarzyna.pl\\\/index.php\\\/2024\\\/06\\\/21\\\/zielona-szkola-klas-5\\\/#webpage\"},\"articleSection\":\"Uncategorized\"},{\"@type\":\"BreadcrumbList\",\"@id\":\"https:\\\/\\\/www.spkatarzyna.pl\\\/index.php\\\/2024\\\/06\\\/21\\\/zielona-szkola-klas-5\\\/#breadcrumblist\",\"itemListElement\":[{\"@type\":\"ListItem\",\"@id\":\"https:\\\/\\\/www.spkatarzyna.pl#listItem\",\"position\":1,\"name\":\"Dom\",\"item\":\"https:\\\/\\\/www.spkatarzyna.pl\",\"nextItem\":{\"@type\":\"ListItem\",\"@id\":\"https:\\\/\\\/www.spkatarzyna.pl\\\/index.php\\\/category\\\/uncategorized\\\/#listItem\",\"name\":\"Uncategorized\"}},{\"@type\":\"ListItem\",\"@id\":\"https:\\\/\\\/www.spkatarzyna.pl\\\/index.php\\\/category\\\/uncategorized\\\/#listItem\",\"position\":2,\"name\":\"Uncategorized\",\"item\":\"https:\\\/\\\/www.spkatarzyna.pl\\\/index.php\\\/category\\\/uncategorized\\\/\",\"nextItem\":{\"@type\":\"ListItem\",\"@id\":\"https:\\\/\\\/www.spkatarzyna.pl\\\/index.php\\\/2024\\\/06\\\/21\\\/zielona-szkola-klas-5\\\/#listItem\",\"name\":\"Zielona szko\\u0142a klas 5\"},\"previousItem\":{\"@type\":\"ListItem\",\"@id\":\"https:\\\/\\\/www.spkatarzyna.pl#listItem\",\"name\":\"Dom\"}},{\"@type\":\"ListItem\",\"@id\":\"https:\\\/\\\/www.spkatarzyna.pl\\\/index.php\\\/2024\\\/06\\\/21\\\/zielona-szkola-klas-5\\\/#listItem\",\"position\":3,\"name\":\"Zielona szko\\u0142a klas 5\",\"previousItem\":{\"@type\":\"ListItem\",\"@id\":\"https:\\\/\\\/www.spkatarzyna.pl\\\/index.php\\\/category\\\/uncategorized\\\/#listItem\",\"name\":\"Uncategorized\"}}]},{\"@type\":\"Organization\",\"@id\":\"https:\\\/\\\/www.spkatarzyna.pl\\\/#organization\",\"name\":\"SP Katarzyna\",\"description\":\"Publiczna Szko\\u0142a Podstawowa w \\u015awi\\u0119tej Katarzynie\",\"url\":\"https:\\\/\\\/www.spkatarzyna.pl\\\/\",\"telephone\":\"+48713116378\",\"sameAs\":[\"https:\\\/\\\/facebook.com\\\/\",\"https:\\\/\\\/x.com\\\/\",\"https:\\\/\\\/instagram.com\\\/\",\"https:\\\/\\\/pinterest.com\\\/\",\"https:\\\/\\\/youtube.com\\\/\",\"https:\\\/\\\/linkedin.com\\\/in\\\/\"]},{\"@type\":\"Person\",\"@id\":\"https:\\\/\\\/www.spkatarzyna.pl\\\/index.php\\\/author\\\/agatasafianspkatarzyna-pl\\\/#author\",\"url\":\"https:\\\/\\\/www.spkatarzyna.pl\\\/index.php\\\/author\\\/agatasafianspkatarzyna-pl\\\/\",\"name\":\"Redakcja\",\"image\":{\"@type\":\"ImageObject\",\"@id\":\"https:\\\/\\\/www.spkatarzyna.pl\\\/index.php\\\/2024\\\/06\\\/21\\\/zielona-szkola-klas-5\\\/#authorImage\",\"url\":\"https:\\\/\\\/secure.gravatar.com\\\/avatar\\\/765290513df94d442152250e92b42327?s=96&d=mm&r=g\",\"width\":96,\"height\":96,\"caption\":\"Redakcja\"}},{\"@type\":\"WebPage\",\"@id\":\"https:\\\/\\\/www.spkatarzyna.pl\\\/index.php\\\/2024\\\/06\\\/21\\\/zielona-szkola-klas-5\\\/#webpage\",\"url\":\"https:\\\/\\\/www.spkatarzyna.pl\\\/index.php\\\/2024\\\/06\\\/21\\\/zielona-szkola-klas-5\\\/\",\"name\":\"Zielona szko\\u0142a klas 5 - SP Katarzyna\",\"description\":\"W dniach 10 \\u2013 17.06.2024 r. uczniowie klas pi\\u0105tych uczestniczyli w Zielonej Szkole, kt\\u00f3ra odby\\u0142a si\\u0119 w Mi\\u0119dzybrodziu \\u017bywieckim. Wszyscy ch\\u0119tnie brali udzia\\u0142 w zorganizowanych r\\u00f3\\u017cnorodnych zaj\\u0119ciach. Dzieci dobrze si\\u0119 bawi\\u0142y i dopisywa\\u0142y im humory. Z tej okazji jeden z uczni\\u00f3w Kamil Cyryngier z klasy 5 c napisa\\u0142 wiersz. ,,Zielona szko\\u0142a\\u2019\\u2019 W poniedzia\\u0142ek zacz\\u0119\\u0142a\",\"inLanguage\":\"pl-PL\",\"isPartOf\":{\"@id\":\"https:\\\/\\\/www.spkatarzyna.pl\\\/#website\"},\"breadcrumb\":{\"@id\":\"https:\\\/\\\/www.spkatarzyna.pl\\\/index.php\\\/2024\\\/06\\\/21\\\/zielona-szkola-klas-5\\\/#breadcrumblist\"},\"author\":{\"@id\":\"https:\\\/\\\/www.spkatarzyna.pl\\\/index.php\\\/author\\\/agatasafianspkatarzyna-pl\\\/#author\"},\"creator\":{\"@id\":\"https:\\\/\\\/www.spkatarzyna.pl\\\/index.php\\\/author\\\/agatasafianspkatarzyna-pl\\\/#author\"},\"image\":{\"@type\":\"ImageObject\",\"url\":\"https:\\\/\\\/www.spkatarzyna.pl\\\/wp-content\\\/uploads\\\/2024\\\/06\\\/c7b6ab18-ae7c-4837-90d1-66c37331.jpg\",\"@id\":\"https:\\\/\\\/www.spkatarzyna.pl\\\/index.php\\\/2024\\\/06\\\/21\\\/zielona-szkola-klas-5\\\/#mainImage\",\"width\":360,\"height\":202},\"primaryImageOfPage\":{\"@id\":\"https:\\\/\\\/www.spkatarzyna.pl\\\/index.php\\\/2024\\\/06\\\/21\\\/zielona-szkola-klas-5\\\/#mainImage\"},\"datePublished\":\"2024-06-21T06:26:37+02:00\",\"dateModified\":\"2024-06-21T06:52:18+02:00\"},{\"@type\":\"WebSite\",\"@id\":\"https:\\\/\\\/www.spkatarzyna.pl\\\/#website\",\"url\":\"https:\\\/\\\/www.spkatarzyna.pl\\\/\",\"name\":\"SP Katarzyna\",\"description\":\"Publiczna Szko\\u0142a Podstawowa w \\u015awi\\u0119tej Katarzynie\",\"inLanguage\":\"pl-PL\",\"publisher\":{\"@id\":\"https:\\\/\\\/www.spkatarzyna.pl\\\/#organization\"}}]}\n\t\t<\/script>\n\t\t<!-- All in One SEO -->\n\n","aioseo_head_json":{"title":"Zielona szko\u0142a klas 5 - SP Katarzyna","description":"W dniach 10 \u2013 17.06.2024 r. uczniowie klas pi\u0105tych uczestniczyli w Zielonej Szkole, kt\u00f3ra odby\u0142a si\u0119 w Mi\u0119dzybrodziu \u017bywieckim. Wszyscy ch\u0119tnie brali udzia\u0142 w zorganizowanych r\u00f3\u017cnorodnych zaj\u0119ciach. Dzieci dobrze si\u0119 bawi\u0142y i dopisywa\u0142y im humory. Z tej okazji jeden z uczni\u00f3w Kamil Cyryngier z klasy 5 c napisa\u0142 wiersz. ,,Zielona szko\u0142a\u2019\u2019 W poniedzia\u0142ek zacz\u0119\u0142a","canonical_url":"https:\/\/www.spkatarzyna.pl\/index.php\/2024\/06\/21\/zielona-szkola-klas-5\/","robots":"max-image-preview:large","keywords":"","webmasterTools":{"miscellaneous":""},"schema":{"@context":"https:\/\/schema.org","@graph":[{"@type":"BlogPosting","@id":"https:\/\/www.spkatarzyna.pl\/index.php\/2024\/06\/21\/zielona-szkola-klas-5\/#blogposting","name":"Zielona szko\u0142a klas 5 - SP Katarzyna","headline":"Zielona szko\u0142a klas 5","author":{"@id":"https:\/\/www.spkatarzyna.pl\/index.php\/author\/agatasafianspkatarzyna-pl\/#author"},"publisher":{"@id":"https:\/\/www.spkatarzyna.pl\/#organization"},"image":{"@type":"ImageObject","url":"https:\/\/www.spkatarzyna.pl\/wp-content\/uploads\/2024\/06\/c7b6ab18-ae7c-4837-90d1-66c37331.jpg","width":360,"height":202},"datePublished":"2024-06-21T06:26:37+02:00","dateModified":"2024-06-21T06:52:18+02:00","inLanguage":"pl-PL","mainEntityOfPage":{"@id":"https:\/\/www.spkatarzyna.pl\/index.php\/2024\/06\/21\/zielona-szkola-klas-5\/#webpage"},"isPartOf":{"@id":"https:\/\/www.spkatarzyna.pl\/index.php\/2024\/06\/21\/zielona-szkola-klas-5\/#webpage"},"articleSection":"Uncategorized"},{"@type":"BreadcrumbList","@id":"https:\/\/www.spkatarzyna.pl\/index.php\/2024\/06\/21\/zielona-szkola-klas-5\/#breadcrumblist","itemListElement":[{"@type":"ListItem","@id":"https:\/\/www.spkatarzyna.pl#listItem","position":1,"name":"Dom","item":"https:\/\/www.spkatarzyna.pl","nextItem":{"@type":"ListItem","@id":"https:\/\/www.spkatarzyna.pl\/index.php\/category\/uncategorized\/#listItem","name":"Uncategorized"}},{"@type":"ListItem","@id":"https:\/\/www.spkatarzyna.pl\/index.php\/category\/uncategorized\/#listItem","position":2,"name":"Uncategorized","item":"https:\/\/www.spkatarzyna.pl\/index.php\/category\/uncategorized\/","nextItem":{"@type":"ListItem","@id":"https:\/\/www.spkatarzyna.pl\/index.php\/2024\/06\/21\/zielona-szkola-klas-5\/#listItem","name":"Zielona szko\u0142a klas 5"},"previousItem":{"@type":"ListItem","@id":"https:\/\/www.spkatarzyna.pl#listItem","name":"Dom"}},{"@type":"ListItem","@id":"https:\/\/www.spkatarzyna.pl\/index.php\/2024\/06\/21\/zielona-szkola-klas-5\/#listItem","position":3,"name":"Zielona szko\u0142a klas 5","previousItem":{"@type":"ListItem","@id":"https:\/\/www.spkatarzyna.pl\/index.php\/category\/uncategorized\/#listItem","name":"Uncategorized"}}]},{"@type":"Organization","@id":"https:\/\/www.spkatarzyna.pl\/#organization","name":"SP Katarzyna","description":"Publiczna Szko\u0142a Podstawowa w \u015awi\u0119tej Katarzynie","url":"https:\/\/www.spkatarzyna.pl\/","telephone":"+48713116378","sameAs":["https:\/\/facebook.com\/","https:\/\/x.com\/","https:\/\/instagram.com\/","https:\/\/pinterest.com\/","https:\/\/youtube.com\/","https:\/\/linkedin.com\/in\/"]},{"@type":"Person","@id":"https:\/\/www.spkatarzyna.pl\/index.php\/author\/agatasafianspkatarzyna-pl\/#author","url":"https:\/\/www.spkatarzyna.pl\/index.php\/author\/agatasafianspkatarzyna-pl\/","name":"Redakcja","image":{"@type":"ImageObject","@id":"https:\/\/www.spkatarzyna.pl\/index.php\/2024\/06\/21\/zielona-szkola-klas-5\/#authorImage","url":"https:\/\/secure.gravatar.com\/avatar\/765290513df94d442152250e92b42327?s=96&d=mm&r=g","width":96,"height":96,"caption":"Redakcja"}},{"@type":"WebPage","@id":"https:\/\/www.spkatarzyna.pl\/index.php\/2024\/06\/21\/zielona-szkola-klas-5\/#webpage","url":"https:\/\/www.spkatarzyna.pl\/index.php\/2024\/06\/21\/zielona-szkola-klas-5\/","name":"Zielona szko\u0142a klas 5 - SP Katarzyna","description":"W dniach 10 \u2013 17.06.2024 r. uczniowie klas pi\u0105tych uczestniczyli w Zielonej Szkole, kt\u00f3ra odby\u0142a si\u0119 w Mi\u0119dzybrodziu \u017bywieckim. Wszyscy ch\u0119tnie brali udzia\u0142 w zorganizowanych r\u00f3\u017cnorodnych zaj\u0119ciach. Dzieci dobrze si\u0119 bawi\u0142y i dopisywa\u0142y im humory. Z tej okazji jeden z uczni\u00f3w Kamil Cyryngier z klasy 5 c napisa\u0142 wiersz. ,,Zielona szko\u0142a\u2019\u2019 W poniedzia\u0142ek zacz\u0119\u0142a","inLanguage":"pl-PL","isPartOf":{"@id":"https:\/\/www.spkatarzyna.pl\/#website"},"breadcrumb":{"@id":"https:\/\/www.spkatarzyna.pl\/index.php\/2024\/06\/21\/zielona-szkola-klas-5\/#breadcrumblist"},"author":{"@id":"https:\/\/www.spkatarzyna.pl\/index.php\/author\/agatasafianspkatarzyna-pl\/#author"},"creator":{"@id":"https:\/\/www.spkatarzyna.pl\/index.php\/author\/agatasafianspkatarzyna-pl\/#author"},"image":{"@type":"ImageObject","url":"https:\/\/www.spkatarzyna.pl\/wp-content\/uploads\/2024\/06\/c7b6ab18-ae7c-4837-90d1-66c37331.jpg","@id":"https:\/\/www.spkatarzyna.pl\/index.php\/2024\/06\/21\/zielona-szkola-klas-5\/#mainImage","width":360,"height":202},"primaryImageOfPage":{"@id":"https:\/\/www.spkatarzyna.pl\/index.php\/2024\/06\/21\/zielona-szkola-klas-5\/#mainImage"},"datePublished":"2024-06-21T06:26:37+02:00","dateModified":"2024-06-21T06:52:18+02:00"},{"@type":"WebSite","@id":"https:\/\/www.spkatarzyna.pl\/#website","url":"https:\/\/www.spkatarzyna.pl\/","name":"SP Katarzyna","description":"Publiczna Szko\u0142a Podstawowa w \u015awi\u0119tej Katarzynie","inLanguage":"pl-PL","publisher":{"@id":"https:\/\/www.spkatarzyna.pl\/#organization"}}]},"og:locale":"pl_PL","og:site_name":"SP Katarzyna - Publiczna Szko\u0142a Podstawowa w \u015awi\u0119tej Katarzynie","og:type":"article","og:title":"Zielona szko\u0142a klas 5 - SP Katarzyna","og:description":"W dniach 10 \u2013 17.06.2024 r. uczniowie klas pi\u0105tych uczestniczyli w Zielonej Szkole, kt\u00f3ra odby\u0142a si\u0119 w Mi\u0119dzybrodziu \u017bywieckim. Wszyscy ch\u0119tnie brali udzia\u0142 w zorganizowanych r\u00f3\u017cnorodnych zaj\u0119ciach. Dzieci dobrze si\u0119 bawi\u0142y i dopisywa\u0142y im humory. Z tej okazji jeden z uczni\u00f3w Kamil Cyryngier z klasy 5 c napisa\u0142 wiersz. ,,Zielona szko\u0142a\u2019\u2019 W poniedzia\u0142ek zacz\u0119\u0142a","og:url":"https:\/\/www.spkatarzyna.pl\/index.php\/2024\/06\/21\/zielona-szkola-klas-5\/","article:published_time":"2024-06-21T06:26:37+00:00","article:modified_time":"2024-06-21T06:52:18+00:00","twitter:card":"summary_large_image","twitter:title":"Zielona szko\u0142a klas 5 - SP Katarzyna","twitter:description":"W dniach 10 \u2013 17.06.2024 r. uczniowie klas pi\u0105tych uczestniczyli w Zielonej Szkole, kt\u00f3ra odby\u0142a si\u0119 w Mi\u0119dzybrodziu \u017bywieckim. Wszyscy ch\u0119tnie brali udzia\u0142 w zorganizowanych r\u00f3\u017cnorodnych zaj\u0119ciach. Dzieci dobrze si\u0119 bawi\u0142y i dopisywa\u0142y im humory. Z tej okazji jeden z uczni\u00f3w Kamil Cyryngier z klasy 5 c napisa\u0142 wiersz. ,,Zielona szko\u0142a\u2019\u2019 W poniedzia\u0142ek zacz\u0119\u0142a"},"aioseo_meta_data":{"post_id":"10940","title":null,"description":null,"keywords":null,"keyphrases":{"focus":{"keyphrase":"","score":0,"analysis":{"keyphraseInTitle":{"score":0,"maxScore":9,"error":1}}},"additional":[]},"primary_term":null,"canonical_url":null,"og_title":null,"og_description":null,"og_object_type":"default","og_image_type":"default","og_image_url":null,"og_image_width":null,"og_image_height":null,"og_image_custom_url":null,"og_image_custom_fields":null,"og_video":"","og_custom_url":null,"og_article_section":null,"og_article_tags":null,"twitter_use_og":false,"twitter_card":"default","twitter_image_type":"default","twitter_image_url":null,"twitter_image_custom_url":null,"twitter_image_custom_fields":null,"twitter_title":null,"twitter_description":null,"schema":{"blockGraphs":[],"customGraphs":[],"default":{"data":{"Article":[],"Course":[],"Dataset":[],"FAQPage":[],"Movie":[],"Person":[],"Product":[],"ProductReview":[],"Car":[],"Recipe":[],"Service":[],"SoftwareApplication":[],"WebPage":[]},"graphName":"BlogPosting","isEnabled":true},"graphs":[]},"schema_type":"default","schema_type_options":null,"pillar_content":false,"robots_default":true,"robots_noindex":false,"robots_noarchive":false,"robots_nosnippet":false,"robots_nofollow":false,"robots_noimageindex":false,"robots_noodp":false,"robots_notranslate":false,"robots_max_snippet":"-1","robots_max_videopreview":"-1","robots_max_imagepreview":"large","priority":null,"frequency":"default","local_seo":null,"limit_modified_date":false,"created":"2024-06-21 06:26:37","updated":"2026-09-03 15:43:21","focus_keyword":null,"additional_keywords":null,"truseo_locale":null,"ai":null,"breadcrumb_settings":null,"seo_analyzer_scan_date":null},"aioseo_breadcrumb":"<div class=\"aioseo-breadcrumbs\"><span class=\"aioseo-breadcrumb\">\n\t\t\t<a href=\"https:\/\/www.spkatarzyna.pl\" title=\"Dom\">Dom<\/a>\n\t\t<\/span><span class=\"aioseo-breadcrumb-separator\">&raquo;<\/span><span class=\"aioseo-breadcrumb\">\n\t\t\t<a href=\"https:\/\/www.spkatarzyna.pl\/index.php\/category\/uncategorized\/\" title=\"Uncategorized\">Uncategorized<\/a>\n\t\t<\/span><span class=\"aioseo-breadcrumb-separator\">&raquo;<\/span><span class=\"aioseo-breadcrumb\">\n\t\t\tZielona szko\u0142a klas 5\n\t\t<\/span><\/div>","aioseo_breadcrumb_json":[{"label":"Dom","link":"https:\/\/www.spkatarzyna.pl"},{"label":"Uncategorized","link":"https:\/\/www.spkatarzyna.pl\/index.php\/category\/uncategorized\/"},{"label":"Zielona szko\u0142a klas 5","link":"https:\/\/www.spkatarzyna.pl\/index.php\/2024\/06\/21\/zielona-szkola-klas-5\/"}],"_links":{"self":[{"href":"https:\/\/www.spkatarzyna.pl\/index.php\/wp-json\/wp\/v2\/posts\/10940","targetHints":{"allow":["GET"]}}],"collection":[{"href":"https:\/\/www.spkatarzyna.pl\/index.php\/wp-json\/wp\/v2\/posts"}],"about":[{"href":"https:\/\/www.spkatarzyna.pl\/index.php\/wp-json\/wp\/v2\/types\/post"}],"author":[{"embeddable":true,"href":"https:\/\/www.spkatarzyna.pl\/index.php\/wp-json\/wp\/v2\/users\/6"}],"replies":[{"embeddable":true,"href":"https:\/\/www.spkatarzyna.pl\/index.php\/wp-json\/wp\/v2\/comments?post=10940"}],"version-history":[{"count":13,"href":"https:\/\/www.spkatarzyna.pl\/index.php\/wp-json\/wp\/v2\/posts\/10940\/revisions"}],"predecessor-version":[{"id":10994,"href":"https:\/\/www.spkatarzyna.pl\/index.php\/wp-json\/wp\/v2\/posts\/10940\/revisions\/10994"}],"wp:featuredmedia":[{"embeddable":true,"href":"https:\/\/www.spkatarzyna.pl\/index.php\/wp-json\/wp\/v2\/media\/10941"}],"wp:attachment":[{"href":"https:\/\/www.spkatarzyna.pl\/index.php\/wp-json\/wp\/v2\/media?parent=10940"}],"wp:term":[{"taxonomy":"category","embeddable":true,"href":"https:\/\/www.spkatarzyna.pl\/index.php\/wp-json\/wp\/v2\/categories?post=10940"},{"taxonomy":"post_tag","embeddable":true,"href":"https:\/\/www.spkatarzyna.pl\/index.php\/wp-json\/wp\/v2\/tags?post=10940"}],"curies":[{"name":"wp","href":"https:\/\/api.w.org\/{rel}","templated":true}]}}