{"id":11003,"date":"2024-06-24T13:49:43","date_gmt":"2024-06-24T13:49:43","guid":{"rendered":"https:\/\/www.spkatarzyna.pl\/?p=11003"},"modified":"2024-06-25T21:09:44","modified_gmt":"2024-06-25T21:09:44","slug":"zakonczenie-roku-szkolnego-2","status":"publish","type":"post","link":"https:\/\/www.spkatarzyna.pl\/index.php\/2024\/06\/24\/zakonczenie-roku-szkolnego-2\/","title":{"rendered":"Zako\u0144czenie roku szkolnego 2023\/2024"},"content":{"rendered":"\t\t<div data-elementor-type=\"wp-post\" data-elementor-id=\"11003\" class=\"elementor elementor-11003\">\n\t\t\t\t\t\t<section class=\"elementor-section elementor-top-section elementor-element elementor-element-70a674df elementor-section-boxed elementor-section-height-default elementor-section-height-default\" data-id=\"70a674df\" data-element_type=\"section\">\n\t\t\t\t\t\t<div class=\"elementor-container elementor-column-gap-default\">\n\t\t\t\t\t<div class=\"elementor-column elementor-col-100 elementor-top-column elementor-element elementor-element-38469b77\" data-id=\"38469b77\" data-element_type=\"column\">\n\t\t\t<div class=\"elementor-widget-wrap elementor-element-populated\">\n\t\t\t\t\t\t<div class=\"elementor-element elementor-element-7e70231c elementor-widget elementor-widget-text-editor\" data-id=\"7e70231c\" data-element_type=\"widget\" data-widget_type=\"text-editor.default\">\n\t\t\t\t\t\t\t\t\t<p style=\"text-align: justify;\"><span style=\"color: #000000; font-size: 14pt;\">W tym roku zako\u0144czenie roku szkolnego wypad\u0142o 21 czerwca. Na pocz\u0105tku uroczysta ceremonia dla kl. I-III&nbsp; mia\u0142a miejsce przed szko\u0142\u0105, nast\u0119pnie&nbsp; dla kl. 4-8&nbsp; &nbsp;w hali sportowej, gdzie najlepsi&nbsp; uczniowie odebrali z r\u0105k dyrektora szko\u0142y &#8211; Magdaleny Kochan &#8211; Nowik oraz wychowawc\u00f3w \u015bwiadectwa z wyr\u00f3\u017cnieniem. W tym dniu r\u00f3wnie\u017c&nbsp; w&nbsp; szczeg\u00f3lny spos\u00f3b po\u017cegnali\u015bmy klas\u0119 \u00f3sm\u0105. 28 uczni\u00f3w otrzyma\u0142o \u015bwiadectwo uko\u0144czenia szko\u0142y podstawowej. By\u0142&nbsp; to podnios\u0142y i wzruszaj\u0105cy moment zar\u00f3wno dla klasy \u00f3smej, jak r\u00f3wnie\u017c dla&nbsp; ich rodzic\u00f3w oraz wychowawcy.&nbsp;<\/span><\/p>\r\n\r\n<div style=\"text-align: justify;\"><span style=\"color: #000000; font-size: 14pt;\">Si\u00f3dmoklasi\u015bci pi\u0119knie po\u017cegnali&nbsp; &nbsp;starszych koleg\u00f3w, kt\u00f3rzy uroczy\u015bcie&nbsp; przekazali&nbsp; poczet sztandarowy&nbsp; i z\u0142o\u017cyli \u015blubowanie absolwenta. W&nbsp; ceremonii uczestniczy\u0142 zast\u0119pca burmistrza&nbsp; gminy Siechnice-Pan Jakub K\u0142osi\u0144ski.&nbsp;<\/span><\/div>\r\n<div>&nbsp;<\/div>\r\n<div style=\"text-align: justify;\"><em><span style=\"color: #000000; font-size: 14pt;\">\u017byczymy Wszystkim udanych wakacji, a klasie \u00f3smej satysfakcjonuj\u0105cych&nbsp; wynik\u00f3w Egzaminu <\/span><\/em><em><span style=\"color: #000000; font-size: 14pt;\">i przyj\u0119cia&nbsp;do wymarzonej szko\u0142y!<\/span><\/em><\/div>\t\t\t\t\t\t\t\t<\/div>\n\t\t\t\t\t<\/div>\n\t\t<\/div>\n\t\t\t\t\t<\/div>\n\t\t<\/section>\n\t\t\t\t<section class=\"elementor-section elementor-top-section elementor-element elementor-element-455d84c elementor-section-boxed elementor-section-height-default elementor-section-height-default\" data-id=\"455d84c\" data-element_type=\"section\">\n\t\t\t\t\t\t<div class=\"elementor-container elementor-column-gap-default\">\n\t\t\t\t\t<div class=\"elementor-column elementor-col-100 elementor-top-column elementor-element elementor-element-80cbad9\" data-id=\"80cbad9\" data-element_type=\"column\">\n\t\t\t<div class=\"elementor-widget-wrap elementor-element-populated\">\n\t\t\t\t\t\t<div class=\"elementor-element elementor-element-8e26f0e elementor-widget elementor-widget-video\" data-id=\"8e26f0e\" data-element_type=\"widget\" data-settings=\"{&quot;youtube_url&quot;:&quot;https:\\\/\\\/www.youtube.com\\\/watch?v=7yUO8HejRBs&quot;,&quot;video_type&quot;:&quot;youtube&quot;,&quot;controls&quot;:&quot;yes&quot;}\" data-widget_type=\"video.default\">\n\t\t\t\t\t\t\t<div class=\"elementor-wrapper elementor-open-inline\">\n\t\t\t<div class=\"elementor-video\"><\/div>\t\t<\/div>\n\t\t\t\t\t\t<\/div>\n\t\t\t\t\t<\/div>\n\t\t<\/div>\n\t\t\t\t\t<\/div>\n\t\t<\/section>\n\t\t\t\t<section class=\"elementor-section elementor-top-section elementor-element elementor-element-2095b90 elementor-section-boxed elementor-section-height-default elementor-section-height-default\" data-id=\"2095b90\" data-element_type=\"section\">\n\t\t\t\t\t\t<div class=\"elementor-container elementor-column-gap-default\">\n\t\t\t\t\t<div class=\"elementor-column elementor-col-100 elementor-top-column elementor-element elementor-element-0b54b84\" data-id=\"0b54b84\" data-element_type=\"column\">\n\t\t\t<div class=\"elementor-widget-wrap elementor-element-populated\">\n\t\t\t\t\t\t<div class=\"elementor-element elementor-element-59a17d7 elementor-widget elementor-widget-image-gallery\" data-id=\"59a17d7\" data-element_type=\"widget\" data-widget_type=\"image-gallery.default\">\n\t\t\t\t\t\t\t<div class=\"elementor-image-gallery\">\n\t\t\t\n\t\t<div id='gallery-1' class='gallery galleryid-11003 gallery-columns-4 gallery-size-thumbnail gallery1'><script type=\"text\/javascript\">\n\/\/ <![CDATA[\n\tjQuery(document).ready(function () {\n\t\tjQuery(\".gallery1 a\").attr(\"rel\",\"gallery1\");\t\n\t\tjQuery('a[rel=\"gallery1\"]').colorbox({title: function(){ return jQuery(this).children().attr(\"alt\"); }});\n\t});\n\/\/ ]]>\n<\/script>\n<dl class=\"gallery-item\">\n<dt class=\"gallery-icon\">\n<a href=\"https:\/\/www.spkatarzyna.pl\/wp-content\/uploads\/2024\/06\/PHOTO-2024-06-24-09-25-24-300x200.jpg\" title=\"\" rel=\"gallery1\" rel=\"lightbox[11003]\"><img decoding=\"async\" src=\"https:\/\/www.spkatarzyna.pl\/wp-content\/uploads\/2024\/06\/PHOTO-2024-06-24-09-25-24-150x150.jpg\" width=\"150\" height=\"150\" alt=\"\" \/><\/a>\n<\/dt><\/dl><dl class=\"gallery-item\">\n<dt class=\"gallery-icon\">\n<a href=\"https:\/\/www.spkatarzyna.pl\/wp-content\/uploads\/2024\/06\/PHOTO-2024-06-24-09-25-24-2-300x225.jpg\" title=\"\" rel=\"gallery1\" rel=\"lightbox[11003]\"><img decoding=\"async\" src=\"https:\/\/www.spkatarzyna.pl\/wp-content\/uploads\/2024\/06\/PHOTO-2024-06-24-09-25-24-2-150x150.jpg\" width=\"150\" height=\"150\" alt=\"\" \/><\/a>\n<\/dt><\/dl><dl class=\"gallery-item\">\n<dt class=\"gallery-icon\">\n<a href=\"https:\/\/www.spkatarzyna.pl\/wp-content\/uploads\/2024\/06\/PHOTO-2024-06-24-09-25-24-3-300x204.jpg\" title=\"\" rel=\"gallery1\" rel=\"lightbox[11003]\"><img decoding=\"async\" src=\"https:\/\/www.spkatarzyna.pl\/wp-content\/uploads\/2024\/06\/PHOTO-2024-06-24-09-25-24-3-150x150.jpg\" width=\"150\" height=\"150\" alt=\"\" \/><\/a>\n<\/dt><\/dl><dl class=\"gallery-item\">\n<dt class=\"gallery-icon\">\n<a href=\"https:\/\/www.spkatarzyna.pl\/wp-content\/uploads\/2024\/06\/PHOTO-2024-06-24-09-25-24-4-300x225.jpg\" title=\"\" rel=\"gallery1\" rel=\"lightbox[11003]\"><img loading=\"lazy\" decoding=\"async\" src=\"https:\/\/www.spkatarzyna.pl\/wp-content\/uploads\/2024\/06\/PHOTO-2024-06-24-09-25-24-4-150x150.jpg\" width=\"150\" height=\"150\" alt=\"\" \/><\/a>\n<\/dt><\/dl><br style=\"clear: both\" \/><dl class=\"gallery-item\">\n<dt class=\"gallery-icon\">\n<a href=\"https:\/\/www.spkatarzyna.pl\/wp-content\/uploads\/2024\/06\/PHOTO-2024-06-24-09-25-24-5-300x230.jpg\" title=\"\" rel=\"gallery1\" rel=\"lightbox[11003]\"><img loading=\"lazy\" decoding=\"async\" src=\"https:\/\/www.spkatarzyna.pl\/wp-content\/uploads\/2024\/06\/PHOTO-2024-06-24-09-25-24-5-150x150.jpg\" width=\"150\" height=\"150\" alt=\"\" \/><\/a>\n<\/dt><\/dl><dl class=\"gallery-item\">\n<dt class=\"gallery-icon\">\n<a href=\"https:\/\/www.spkatarzyna.pl\/wp-content\/uploads\/2024\/06\/PHOTO-2024-06-24-09-25-24-6-300x200.jpg\" title=\"\" rel=\"gallery1\" rel=\"lightbox[11003]\"><img loading=\"lazy\" decoding=\"async\" src=\"https:\/\/www.spkatarzyna.pl\/wp-content\/uploads\/2024\/06\/PHOTO-2024-06-24-09-25-24-6-150x150.jpg\" width=\"150\" height=\"150\" alt=\"\" \/><\/a>\n<\/dt><\/dl><dl class=\"gallery-item\">\n<dt class=\"gallery-icon\">\n<a href=\"https:\/\/www.spkatarzyna.pl\/wp-content\/uploads\/2024\/06\/PHOTO-2024-06-24-09-25-24-7-300x200.jpg\" title=\"\" rel=\"gallery1\" rel=\"lightbox[11003]\"><img loading=\"lazy\" decoding=\"async\" src=\"https:\/\/www.spkatarzyna.pl\/wp-content\/uploads\/2024\/06\/PHOTO-2024-06-24-09-25-24-7-150x150.jpg\" width=\"150\" height=\"150\" alt=\"\" \/><\/a>\n<\/dt><\/dl><dl class=\"gallery-item\">\n<dt class=\"gallery-icon\">\n<a href=\"https:\/\/www.spkatarzyna.pl\/wp-content\/uploads\/2024\/06\/PHOTO-2024-06-24-19-06-41-3-300x225.jpg\" title=\"\" rel=\"gallery1\" rel=\"lightbox[11003]\"><img loading=\"lazy\" decoding=\"async\" src=\"https:\/\/www.spkatarzyna.pl\/wp-content\/uploads\/2024\/06\/PHOTO-2024-06-24-19-06-41-3-150x150.jpg\" width=\"150\" height=\"150\" alt=\"\" \/><\/a>\n<\/dt><\/dl><br style=\"clear: both\" \/><dl class=\"gallery-item\">\n<dt class=\"gallery-icon\">\n<a href=\"https:\/\/www.spkatarzyna.pl\/wp-content\/uploads\/2024\/06\/PHOTO-2024-06-24-19-06-41-2-300x232.jpg\" title=\"\" rel=\"gallery1\" rel=\"lightbox[11003]\"><img loading=\"lazy\" decoding=\"async\" src=\"https:\/\/www.spkatarzyna.pl\/wp-content\/uploads\/2024\/06\/PHOTO-2024-06-24-19-06-41-2-150x150.jpg\" width=\"150\" height=\"150\" alt=\"\" \/><\/a>\n<\/dt><\/dl><dl class=\"gallery-item\">\n<dt class=\"gallery-icon\">\n<a href=\"https:\/\/www.spkatarzyna.pl\/wp-content\/uploads\/2024\/06\/PHOTO-2024-06-24-19-06-40-3-300x229.jpg\" title=\"\" rel=\"gallery1\" rel=\"lightbox[11003]\"><img loading=\"lazy\" decoding=\"async\" src=\"https:\/\/www.spkatarzyna.pl\/wp-content\/uploads\/2024\/06\/PHOTO-2024-06-24-19-06-40-3-150x150.jpg\" width=\"150\" height=\"150\" alt=\"\" \/><\/a>\n<\/dt><\/dl><dl class=\"gallery-item\">\n<dt class=\"gallery-icon\">\n<a href=\"https:\/\/www.spkatarzyna.pl\/wp-content\/uploads\/2024\/06\/PHOTO-2024-06-24-19-06-40-2-300x225.jpg\" title=\"\" rel=\"gallery1\" rel=\"lightbox[11003]\"><img loading=\"lazy\" decoding=\"async\" src=\"https:\/\/www.spkatarzyna.pl\/wp-content\/uploads\/2024\/06\/PHOTO-2024-06-24-19-06-40-2-150x150.jpg\" width=\"150\" height=\"150\" alt=\"\" \/><\/a>\n<\/dt><\/dl><dl class=\"gallery-item\">\n<dt class=\"gallery-icon\">\n<a href=\"https:\/\/www.spkatarzyna.pl\/wp-content\/uploads\/2024\/06\/PHOTO-2024-06-24-19-06-40-300x226.jpg\" title=\"\" rel=\"gallery1\" rel=\"lightbox[11003]\"><img loading=\"lazy\" decoding=\"async\" src=\"https:\/\/www.spkatarzyna.pl\/wp-content\/uploads\/2024\/06\/PHOTO-2024-06-24-19-06-40-150x150.jpg\" width=\"150\" height=\"150\" alt=\"\" \/><\/a>\n<\/dt><\/dl><br style=\"clear: both\" \/><dl class=\"gallery-item\">\n<dt class=\"gallery-icon\">\n<a href=\"https:\/\/www.spkatarzyna.pl\/wp-content\/uploads\/2024\/06\/PHOTO-2024-06-24-19-06-37-2-300x214.jpg\" title=\"\" rel=\"gallery1\" rel=\"lightbox[11003]\"><img loading=\"lazy\" decoding=\"async\" src=\"https:\/\/www.spkatarzyna.pl\/wp-content\/uploads\/2024\/06\/PHOTO-2024-06-24-19-06-37-2-150x150.jpg\" width=\"150\" height=\"150\" alt=\"\" \/><\/a>\n<\/dt><\/dl><dl class=\"gallery-item\">\n<dt class=\"gallery-icon\">\n<a href=\"https:\/\/www.spkatarzyna.pl\/wp-content\/uploads\/2024\/06\/PHOTO-2024-06-24-19-06-37-300x233.jpg\" title=\"\" rel=\"gallery1\" rel=\"lightbox[11003]\"><img loading=\"lazy\" decoding=\"async\" src=\"https:\/\/www.spkatarzyna.pl\/wp-content\/uploads\/2024\/06\/PHOTO-2024-06-24-19-06-37-150x150.jpg\" width=\"150\" height=\"150\" alt=\"\" \/><\/a>\n<\/dt><\/dl><dl class=\"gallery-item\">\n<dt class=\"gallery-icon\">\n<a href=\"https:\/\/www.spkatarzyna.pl\/wp-content\/uploads\/2024\/06\/PHOTO-2024-06-24-19-06-35-2-300x214.jpg\" title=\"\" rel=\"gallery1\" rel=\"lightbox[11003]\"><img loading=\"lazy\" decoding=\"async\" src=\"https:\/\/www.spkatarzyna.pl\/wp-content\/uploads\/2024\/06\/PHOTO-2024-06-24-19-06-35-2-150x150.jpg\" width=\"150\" height=\"150\" alt=\"\" \/><\/a>\n<\/dt><\/dl><dl class=\"gallery-item\">\n<dt class=\"gallery-icon\">\n<a href=\"https:\/\/www.spkatarzyna.pl\/wp-content\/uploads\/2024\/06\/PHOTO-2024-06-24-19-06-35-300x228.jpg\" title=\"\" rel=\"gallery1\" rel=\"lightbox[11003]\"><img loading=\"lazy\" decoding=\"async\" src=\"https:\/\/www.spkatarzyna.pl\/wp-content\/uploads\/2024\/06\/PHOTO-2024-06-24-19-06-35-150x150.jpg\" width=\"150\" height=\"150\" alt=\"\" \/><\/a>\n<\/dt><\/dl><br style=\"clear: both\" \/><br style=\"clear: both\" \/><\/div>\t\t<\/div>\n\t\t\t\t\t\t<\/div>\n\t\t\t\t\t<\/div>\n\t\t<\/div>\n\t\t\t\t\t<\/div>\n\t\t<\/section>\n\t\t\t\t<\/div>\n\t\t","protected":false},"excerpt":{"rendered":"<p>W tym roku zako\u0144czenie roku szkolnego wypad\u0142o 21 czerwca. Na pocz\u0105tku uroczysta ceremonia dla kl. I-III&nbsp; mia\u0142a miejsce przed szko\u0142\u0105, nast\u0119pnie&nbsp; dla kl. 4-8&nbsp; &nbsp;w hali sportowej, gdzie najlepsi&nbsp; uczniowie odebrali z r\u0105k dyrektora szko\u0142y &#8211; Magdaleny Kochan &#8211; Nowik oraz wychowawc\u00f3w \u015bwiadectwa z wyr\u00f3\u017cnieniem. W tym dniu r\u00f3wnie\u017c&nbsp; w&nbsp; [&hellip;]<\/p>\n","protected":false},"author":6,"featured_media":11004,"comment_status":"open","ping_status":"open","sticky":false,"template":"","format":"standard","meta":{"om_disable_all_campaigns":false,"_monsterinsights_skip_tracking":false,"ngg_post_thumbnail":0,"footnotes":""},"categories":[1],"tags":[],"class_list":["post-11003","post","type-post","status-publish","format-standard","has-post-thumbnail","hentry","category-uncategorized"],"aioseo_notices":[],"aioseo_head":"\n\t\t<!-- All in One SEO 5.0.1.1 - aioseo.com -->\n\t<meta name=\"description\" content=\"W tym roku zako\u0144czenie roku szkolnego wypad\u0142o 21 czerwca. Na pocz\u0105tku uroczysta ceremonia dla kl. I-III mia\u0142a miejsce przed szko\u0142\u0105, nast\u0119pnie dla kl. 4-8 w hali sportowej, gdzie najlepsi uczniowie odebrali z r\u0105k dyrektora szko\u0142y \u2013 Magdaleny Kochan \u2013 Nowik oraz wychowawc\u00f3w \u015bwiadectwa z wyr\u00f3\u017cnieniem. W tym dniu r\u00f3wnie\u017c w szczeg\u00f3lny spos\u00f3b po\u017cegnali\u015bmy klas\u0119 \u00f3sm\u0105.\" \/>\n\t<meta name=\"robots\" content=\"max-image-preview:large\" \/>\n\t<meta name=\"author\" content=\"Redakcja\"\/>\n\t<link rel=\"canonical\" href=\"https:\/\/www.spkatarzyna.pl\/index.php\/2024\/06\/24\/zakonczenie-roku-szkolnego-2\/\" \/>\n\t<meta name=\"generator\" content=\"All in One SEO (AIOSEO) 5.0.1.1\" \/>\n\t\t<meta property=\"og:locale\" content=\"pl_PL\" \/>\n\t\t<meta property=\"og:site_name\" content=\"SP Katarzyna - Publiczna Szko\u0142a Podstawowa w \u015awi\u0119tej Katarzynie\" \/>\n\t\t<meta property=\"og:type\" content=\"article\" \/>\n\t\t<meta property=\"og:title\" content=\"Zako\u0144czenie roku szkolnego 2023\/2024 - SP Katarzyna\" \/>\n\t\t<meta property=\"og:description\" content=\"W tym roku zako\u0144czenie roku szkolnego wypad\u0142o 21 czerwca. Na pocz\u0105tku uroczysta ceremonia dla kl. I-III mia\u0142a miejsce przed szko\u0142\u0105, nast\u0119pnie dla kl. 4-8 w hali sportowej, gdzie najlepsi uczniowie odebrali z r\u0105k dyrektora szko\u0142y \u2013 Magdaleny Kochan \u2013 Nowik oraz wychowawc\u00f3w \u015bwiadectwa z wyr\u00f3\u017cnieniem. W tym dniu r\u00f3wnie\u017c w szczeg\u00f3lny spos\u00f3b po\u017cegnali\u015bmy klas\u0119 \u00f3sm\u0105.\" \/>\n\t\t<meta property=\"og:url\" content=\"https:\/\/www.spkatarzyna.pl\/index.php\/2024\/06\/24\/zakonczenie-roku-szkolnego-2\/\" \/>\n\t\t<meta property=\"article:published_time\" content=\"2024-06-24T13:49:43+00:00\" \/>\n\t\t<meta property=\"article:modified_time\" content=\"2024-06-25T21:09:44+00:00\" \/>\n\t\t<meta name=\"twitter:card\" content=\"summary_large_image\" \/>\n\t\t<meta name=\"twitter:title\" content=\"Zako\u0144czenie roku szkolnego 2023\/2024 - SP Katarzyna\" \/>\n\t\t<meta name=\"twitter:description\" content=\"W tym roku zako\u0144czenie roku szkolnego wypad\u0142o 21 czerwca. Na pocz\u0105tku uroczysta ceremonia dla kl. I-III mia\u0142a miejsce przed szko\u0142\u0105, nast\u0119pnie dla kl. 4-8 w hali sportowej, gdzie najlepsi uczniowie odebrali z r\u0105k dyrektora szko\u0142y \u2013 Magdaleny Kochan \u2013 Nowik oraz wychowawc\u00f3w \u015bwiadectwa z wyr\u00f3\u017cnieniem. W tym dniu r\u00f3wnie\u017c w szczeg\u00f3lny spos\u00f3b po\u017cegnali\u015bmy klas\u0119 \u00f3sm\u0105.\" \/>\n\t\t<script type=\"application\/ld+json\" class=\"aioseo-schema\">\n\t\t\t{\"@context\":\"https:\\\/\\\/schema.org\",\"@graph\":[{\"@type\":\"BlogPosting\",\"@id\":\"https:\\\/\\\/www.spkatarzyna.pl\\\/index.php\\\/2024\\\/06\\\/24\\\/zakonczenie-roku-szkolnego-2\\\/#blogposting\",\"name\":\"Zako\\u0144czenie roku szkolnego 2023\\\/2024 - SP Katarzyna\",\"headline\":\"Zako\\u0144czenie roku szkolnego 2023\\\/2024\",\"author\":{\"@id\":\"https:\\\/\\\/www.spkatarzyna.pl\\\/index.php\\\/author\\\/agatasafianspkatarzyna-pl\\\/#author\"},\"publisher\":{\"@id\":\"https:\\\/\\\/www.spkatarzyna.pl\\\/#organization\"},\"image\":{\"@type\":\"ImageObject\",\"url\":\"https:\\\/\\\/www.spkatarzyna.pl\\\/wp-content\\\/uploads\\\/2024\\\/06\\\/PHOTO-2024-06-24-09-25-24-7-2.jpg\",\"width\":360,\"height\":202},\"datePublished\":\"2024-06-24T13:49:43+02:00\",\"dateModified\":\"2024-06-25T21:09:44+02:00\",\"inLanguage\":\"pl-PL\",\"mainEntityOfPage\":{\"@id\":\"https:\\\/\\\/www.spkatarzyna.pl\\\/index.php\\\/2024\\\/06\\\/24\\\/zakonczenie-roku-szkolnego-2\\\/#webpage\"},\"isPartOf\":{\"@id\":\"https:\\\/\\\/www.spkatarzyna.pl\\\/index.php\\\/2024\\\/06\\\/24\\\/zakonczenie-roku-szkolnego-2\\\/#webpage\"},\"articleSection\":\"Uncategorized\"},{\"@type\":\"BreadcrumbList\",\"@id\":\"https:\\\/\\\/www.spkatarzyna.pl\\\/index.php\\\/2024\\\/06\\\/24\\\/zakonczenie-roku-szkolnego-2\\\/#breadcrumblist\",\"itemListElement\":[{\"@type\":\"ListItem\",\"@id\":\"https:\\\/\\\/www.spkatarzyna.pl#listItem\",\"position\":1,\"name\":\"Dom\",\"item\":\"https:\\\/\\\/www.spkatarzyna.pl\",\"nextItem\":{\"@type\":\"ListItem\",\"@id\":\"https:\\\/\\\/www.spkatarzyna.pl\\\/index.php\\\/category\\\/uncategorized\\\/#listItem\",\"name\":\"Uncategorized\"}},{\"@type\":\"ListItem\",\"@id\":\"https:\\\/\\\/www.spkatarzyna.pl\\\/index.php\\\/category\\\/uncategorized\\\/#listItem\",\"position\":2,\"name\":\"Uncategorized\",\"item\":\"https:\\\/\\\/www.spkatarzyna.pl\\\/index.php\\\/category\\\/uncategorized\\\/\",\"nextItem\":{\"@type\":\"ListItem\",\"@id\":\"https:\\\/\\\/www.spkatarzyna.pl\\\/index.php\\\/2024\\\/06\\\/24\\\/zakonczenie-roku-szkolnego-2\\\/#listItem\",\"name\":\"Zako\\u0144czenie roku szkolnego 2023\\\/2024\"},\"previousItem\":{\"@type\":\"ListItem\",\"@id\":\"https:\\\/\\\/www.spkatarzyna.pl#listItem\",\"name\":\"Dom\"}},{\"@type\":\"ListItem\",\"@id\":\"https:\\\/\\\/www.spkatarzyna.pl\\\/index.php\\\/2024\\\/06\\\/24\\\/zakonczenie-roku-szkolnego-2\\\/#listItem\",\"position\":3,\"name\":\"Zako\\u0144czenie roku szkolnego 2023\\\/2024\",\"previousItem\":{\"@type\":\"ListItem\",\"@id\":\"https:\\\/\\\/www.spkatarzyna.pl\\\/index.php\\\/category\\\/uncategorized\\\/#listItem\",\"name\":\"Uncategorized\"}}]},{\"@type\":\"Organization\",\"@id\":\"https:\\\/\\\/www.spkatarzyna.pl\\\/#organization\",\"name\":\"SP Katarzyna\",\"description\":\"Publiczna Szko\\u0142a Podstawowa w \\u015awi\\u0119tej Katarzynie\",\"url\":\"https:\\\/\\\/www.spkatarzyna.pl\\\/\",\"telephone\":\"+48713116378\",\"sameAs\":[\"https:\\\/\\\/facebook.com\\\/\",\"https:\\\/\\\/x.com\\\/\",\"https:\\\/\\\/instagram.com\\\/\",\"https:\\\/\\\/pinterest.com\\\/\",\"https:\\\/\\\/youtube.com\\\/\",\"https:\\\/\\\/linkedin.com\\\/in\\\/\"]},{\"@type\":\"Person\",\"@id\":\"https:\\\/\\\/www.spkatarzyna.pl\\\/index.php\\\/author\\\/agatasafianspkatarzyna-pl\\\/#author\",\"url\":\"https:\\\/\\\/www.spkatarzyna.pl\\\/index.php\\\/author\\\/agatasafianspkatarzyna-pl\\\/\",\"name\":\"Redakcja\",\"image\":{\"@type\":\"ImageObject\",\"@id\":\"https:\\\/\\\/www.spkatarzyna.pl\\\/index.php\\\/2024\\\/06\\\/24\\\/zakonczenie-roku-szkolnego-2\\\/#authorImage\",\"url\":\"https:\\\/\\\/secure.gravatar.com\\\/avatar\\\/765290513df94d442152250e92b42327?s=96&d=mm&r=g\",\"width\":96,\"height\":96,\"caption\":\"Redakcja\"}},{\"@type\":\"WebPage\",\"@id\":\"https:\\\/\\\/www.spkatarzyna.pl\\\/index.php\\\/2024\\\/06\\\/24\\\/zakonczenie-roku-szkolnego-2\\\/#webpage\",\"url\":\"https:\\\/\\\/www.spkatarzyna.pl\\\/index.php\\\/2024\\\/06\\\/24\\\/zakonczenie-roku-szkolnego-2\\\/\",\"name\":\"Zako\\u0144czenie roku szkolnego 2023\\\/2024 - SP Katarzyna\",\"description\":\"W tym roku zako\\u0144czenie roku szkolnego wypad\\u0142o 21 czerwca. Na pocz\\u0105tku uroczysta ceremonia dla kl. I-III mia\\u0142a miejsce przed szko\\u0142\\u0105, nast\\u0119pnie dla kl. 4-8 w hali sportowej, gdzie najlepsi uczniowie odebrali z r\\u0105k dyrektora szko\\u0142y \\u2013 Magdaleny Kochan \\u2013 Nowik oraz wychowawc\\u00f3w \\u015bwiadectwa z wyr\\u00f3\\u017cnieniem. W tym dniu r\\u00f3wnie\\u017c w szczeg\\u00f3lny spos\\u00f3b po\\u017cegnali\\u015bmy klas\\u0119 \\u00f3sm\\u0105.\",\"inLanguage\":\"pl-PL\",\"isPartOf\":{\"@id\":\"https:\\\/\\\/www.spkatarzyna.pl\\\/#website\"},\"breadcrumb\":{\"@id\":\"https:\\\/\\\/www.spkatarzyna.pl\\\/index.php\\\/2024\\\/06\\\/24\\\/zakonczenie-roku-szkolnego-2\\\/#breadcrumblist\"},\"author\":{\"@id\":\"https:\\\/\\\/www.spkatarzyna.pl\\\/index.php\\\/author\\\/agatasafianspkatarzyna-pl\\\/#author\"},\"creator\":{\"@id\":\"https:\\\/\\\/www.spkatarzyna.pl\\\/index.php\\\/author\\\/agatasafianspkatarzyna-pl\\\/#author\"},\"image\":{\"@type\":\"ImageObject\",\"url\":\"https:\\\/\\\/www.spkatarzyna.pl\\\/wp-content\\\/uploads\\\/2024\\\/06\\\/PHOTO-2024-06-24-09-25-24-7-2.jpg\",\"@id\":\"https:\\\/\\\/www.spkatarzyna.pl\\\/index.php\\\/2024\\\/06\\\/24\\\/zakonczenie-roku-szkolnego-2\\\/#mainImage\",\"width\":360,\"height\":202},\"primaryImageOfPage\":{\"@id\":\"https:\\\/\\\/www.spkatarzyna.pl\\\/index.php\\\/2024\\\/06\\\/24\\\/zakonczenie-roku-szkolnego-2\\\/#mainImage\"},\"datePublished\":\"2024-06-24T13:49:43+02:00\",\"dateModified\":\"2024-06-25T21:09:44+02:00\"},{\"@type\":\"WebSite\",\"@id\":\"https:\\\/\\\/www.spkatarzyna.pl\\\/#website\",\"url\":\"https:\\\/\\\/www.spkatarzyna.pl\\\/\",\"name\":\"SP Katarzyna\",\"description\":\"Publiczna Szko\\u0142a Podstawowa w \\u015awi\\u0119tej Katarzynie\",\"inLanguage\":\"pl-PL\",\"publisher\":{\"@id\":\"https:\\\/\\\/www.spkatarzyna.pl\\\/#organization\"}}]}\n\t\t<\/script>\n\t\t<!-- All in One SEO -->\n\n","aioseo_head_json":{"title":"Zako\u0144czenie roku szkolnego 2023\/2024 - SP Katarzyna","description":"W tym roku zako\u0144czenie roku szkolnego wypad\u0142o 21 czerwca. Na pocz\u0105tku uroczysta ceremonia dla kl. I-III mia\u0142a miejsce przed szko\u0142\u0105, nast\u0119pnie dla kl. 4-8 w hali sportowej, gdzie najlepsi uczniowie odebrali z r\u0105k dyrektora szko\u0142y \u2013 Magdaleny Kochan \u2013 Nowik oraz wychowawc\u00f3w \u015bwiadectwa z wyr\u00f3\u017cnieniem. W tym dniu r\u00f3wnie\u017c w szczeg\u00f3lny spos\u00f3b po\u017cegnali\u015bmy klas\u0119 \u00f3sm\u0105.","canonical_url":"https:\/\/www.spkatarzyna.pl\/index.php\/2024\/06\/24\/zakonczenie-roku-szkolnego-2\/","robots":"max-image-preview:large","keywords":"","webmasterTools":{"miscellaneous":""},"schema":{"@context":"https:\/\/schema.org","@graph":[{"@type":"BlogPosting","@id":"https:\/\/www.spkatarzyna.pl\/index.php\/2024\/06\/24\/zakonczenie-roku-szkolnego-2\/#blogposting","name":"Zako\u0144czenie roku szkolnego 2023\/2024 - SP Katarzyna","headline":"Zako\u0144czenie roku szkolnego 2023\/2024","author":{"@id":"https:\/\/www.spkatarzyna.pl\/index.php\/author\/agatasafianspkatarzyna-pl\/#author"},"publisher":{"@id":"https:\/\/www.spkatarzyna.pl\/#organization"},"image":{"@type":"ImageObject","url":"https:\/\/www.spkatarzyna.pl\/wp-content\/uploads\/2024\/06\/PHOTO-2024-06-24-09-25-24-7-2.jpg","width":360,"height":202},"datePublished":"2024-06-24T13:49:43+02:00","dateModified":"2024-06-25T21:09:44+02:00","inLanguage":"pl-PL","mainEntityOfPage":{"@id":"https:\/\/www.spkatarzyna.pl\/index.php\/2024\/06\/24\/zakonczenie-roku-szkolnego-2\/#webpage"},"isPartOf":{"@id":"https:\/\/www.spkatarzyna.pl\/index.php\/2024\/06\/24\/zakonczenie-roku-szkolnego-2\/#webpage"},"articleSection":"Uncategorized"},{"@type":"BreadcrumbList","@id":"https:\/\/www.spkatarzyna.pl\/index.php\/2024\/06\/24\/zakonczenie-roku-szkolnego-2\/#breadcrumblist","itemListElement":[{"@type":"ListItem","@id":"https:\/\/www.spkatarzyna.pl#listItem","position":1,"name":"Dom","item":"https:\/\/www.spkatarzyna.pl","nextItem":{"@type":"ListItem","@id":"https:\/\/www.spkatarzyna.pl\/index.php\/category\/uncategorized\/#listItem","name":"Uncategorized"}},{"@type":"ListItem","@id":"https:\/\/www.spkatarzyna.pl\/index.php\/category\/uncategorized\/#listItem","position":2,"name":"Uncategorized","item":"https:\/\/www.spkatarzyna.pl\/index.php\/category\/uncategorized\/","nextItem":{"@type":"ListItem","@id":"https:\/\/www.spkatarzyna.pl\/index.php\/2024\/06\/24\/zakonczenie-roku-szkolnego-2\/#listItem","name":"Zako\u0144czenie roku szkolnego 2023\/2024"},"previousItem":{"@type":"ListItem","@id":"https:\/\/www.spkatarzyna.pl#listItem","name":"Dom"}},{"@type":"ListItem","@id":"https:\/\/www.spkatarzyna.pl\/index.php\/2024\/06\/24\/zakonczenie-roku-szkolnego-2\/#listItem","position":3,"name":"Zako\u0144czenie roku szkolnego 2023\/2024","previousItem":{"@type":"ListItem","@id":"https:\/\/www.spkatarzyna.pl\/index.php\/category\/uncategorized\/#listItem","name":"Uncategorized"}}]},{"@type":"Organization","@id":"https:\/\/www.spkatarzyna.pl\/#organization","name":"SP Katarzyna","description":"Publiczna Szko\u0142a Podstawowa w \u015awi\u0119tej Katarzynie","url":"https:\/\/www.spkatarzyna.pl\/","telephone":"+48713116378","sameAs":["https:\/\/facebook.com\/","https:\/\/x.com\/","https:\/\/instagram.com\/","https:\/\/pinterest.com\/","https:\/\/youtube.com\/","https:\/\/linkedin.com\/in\/"]},{"@type":"Person","@id":"https:\/\/www.spkatarzyna.pl\/index.php\/author\/agatasafianspkatarzyna-pl\/#author","url":"https:\/\/www.spkatarzyna.pl\/index.php\/author\/agatasafianspkatarzyna-pl\/","name":"Redakcja","image":{"@type":"ImageObject","@id":"https:\/\/www.spkatarzyna.pl\/index.php\/2024\/06\/24\/zakonczenie-roku-szkolnego-2\/#authorImage","url":"https:\/\/secure.gravatar.com\/avatar\/765290513df94d442152250e92b42327?s=96&d=mm&r=g","width":96,"height":96,"caption":"Redakcja"}},{"@type":"WebPage","@id":"https:\/\/www.spkatarzyna.pl\/index.php\/2024\/06\/24\/zakonczenie-roku-szkolnego-2\/#webpage","url":"https:\/\/www.spkatarzyna.pl\/index.php\/2024\/06\/24\/zakonczenie-roku-szkolnego-2\/","name":"Zako\u0144czenie roku szkolnego 2023\/2024 - SP Katarzyna","description":"W tym roku zako\u0144czenie roku szkolnego wypad\u0142o 21 czerwca. Na pocz\u0105tku uroczysta ceremonia dla kl. I-III mia\u0142a miejsce przed szko\u0142\u0105, nast\u0119pnie dla kl. 4-8 w hali sportowej, gdzie najlepsi uczniowie odebrali z r\u0105k dyrektora szko\u0142y \u2013 Magdaleny Kochan \u2013 Nowik oraz wychowawc\u00f3w \u015bwiadectwa z wyr\u00f3\u017cnieniem. W tym dniu r\u00f3wnie\u017c w szczeg\u00f3lny spos\u00f3b po\u017cegnali\u015bmy klas\u0119 \u00f3sm\u0105.","inLanguage":"pl-PL","isPartOf":{"@id":"https:\/\/www.spkatarzyna.pl\/#website"},"breadcrumb":{"@id":"https:\/\/www.spkatarzyna.pl\/index.php\/2024\/06\/24\/zakonczenie-roku-szkolnego-2\/#breadcrumblist"},"author":{"@id":"https:\/\/www.spkatarzyna.pl\/index.php\/author\/agatasafianspkatarzyna-pl\/#author"},"creator":{"@id":"https:\/\/www.spkatarzyna.pl\/index.php\/author\/agatasafianspkatarzyna-pl\/#author"},"image":{"@type":"ImageObject","url":"https:\/\/www.spkatarzyna.pl\/wp-content\/uploads\/2024\/06\/PHOTO-2024-06-24-09-25-24-7-2.jpg","@id":"https:\/\/www.spkatarzyna.pl\/index.php\/2024\/06\/24\/zakonczenie-roku-szkolnego-2\/#mainImage","width":360,"height":202},"primaryImageOfPage":{"@id":"https:\/\/www.spkatarzyna.pl\/index.php\/2024\/06\/24\/zakonczenie-roku-szkolnego-2\/#mainImage"},"datePublished":"2024-06-24T13:49:43+02:00","dateModified":"2024-06-25T21:09:44+02:00"},{"@type":"WebSite","@id":"https:\/\/www.spkatarzyna.pl\/#website","url":"https:\/\/www.spkatarzyna.pl\/","name":"SP Katarzyna","description":"Publiczna Szko\u0142a Podstawowa w \u015awi\u0119tej Katarzynie","inLanguage":"pl-PL","publisher":{"@id":"https:\/\/www.spkatarzyna.pl\/#organization"}}]},"og:locale":"pl_PL","og:site_name":"SP Katarzyna - Publiczna Szko\u0142a Podstawowa w \u015awi\u0119tej Katarzynie","og:type":"article","og:title":"Zako\u0144czenie roku szkolnego 2023\/2024 - SP Katarzyna","og:description":"W tym roku zako\u0144czenie roku szkolnego wypad\u0142o 21 czerwca. Na pocz\u0105tku uroczysta ceremonia dla kl. I-III mia\u0142a miejsce przed szko\u0142\u0105, nast\u0119pnie dla kl. 4-8 w hali sportowej, gdzie najlepsi uczniowie odebrali z r\u0105k dyrektora szko\u0142y \u2013 Magdaleny Kochan \u2013 Nowik oraz wychowawc\u00f3w \u015bwiadectwa z wyr\u00f3\u017cnieniem. W tym dniu r\u00f3wnie\u017c w szczeg\u00f3lny spos\u00f3b po\u017cegnali\u015bmy klas\u0119 \u00f3sm\u0105.","og:url":"https:\/\/www.spkatarzyna.pl\/index.php\/2024\/06\/24\/zakonczenie-roku-szkolnego-2\/","article:published_time":"2024-06-24T13:49:43+00:00","article:modified_time":"2024-06-25T21:09:44+00:00","twitter:card":"summary_large_image","twitter:title":"Zako\u0144czenie roku szkolnego 2023\/2024 - SP Katarzyna","twitter:description":"W tym roku zako\u0144czenie roku szkolnego wypad\u0142o 21 czerwca. Na pocz\u0105tku uroczysta ceremonia dla kl. I-III mia\u0142a miejsce przed szko\u0142\u0105, nast\u0119pnie dla kl. 4-8 w hali sportowej, gdzie najlepsi uczniowie odebrali z r\u0105k dyrektora szko\u0142y \u2013 Magdaleny Kochan \u2013 Nowik oraz wychowawc\u00f3w \u015bwiadectwa z wyr\u00f3\u017cnieniem. W tym dniu r\u00f3wnie\u017c w szczeg\u00f3lny spos\u00f3b po\u017cegnali\u015bmy klas\u0119 \u00f3sm\u0105."},"aioseo_meta_data":{"post_id":"11003","title":null,"description":null,"keywords":null,"keyphrases":{"focus":{"keyphrase":"","score":0,"analysis":{"keyphraseInTitle":{"score":0,"maxScore":9,"error":1}}},"additional":[]},"primary_term":null,"canonical_url":null,"og_title":null,"og_description":null,"og_object_type":"default","og_image_type":"default","og_image_url":null,"og_image_width":null,"og_image_height":null,"og_image_custom_url":null,"og_image_custom_fields":null,"og_video":"","og_custom_url":null,"og_article_section":null,"og_article_tags":null,"twitter_use_og":false,"twitter_card":"default","twitter_image_type":"default","twitter_image_url":null,"twitter_image_custom_url":null,"twitter_image_custom_fields":null,"twitter_title":null,"twitter_description":null,"schema":{"blockGraphs":[],"customGraphs":[],"default":{"data":{"Article":[],"Course":[],"Dataset":[],"FAQPage":[],"Movie":[],"Person":[],"Product":[],"ProductReview":[],"Car":[],"Recipe":[],"Service":[],"SoftwareApplication":[],"WebPage":[]},"graphName":"BlogPosting","isEnabled":true},"graphs":[]},"schema_type":"default","schema_type_options":null,"pillar_content":false,"robots_default":true,"robots_noindex":false,"robots_noarchive":false,"robots_nosnippet":false,"robots_nofollow":false,"robots_noimageindex":false,"robots_noodp":false,"robots_notranslate":false,"robots_max_snippet":"-1","robots_max_videopreview":"-1","robots_max_imagepreview":"large","priority":null,"frequency":"default","local_seo":null,"limit_modified_date":false,"created":"2024-06-24 13:49:43","updated":"2026-09-03 15:43:22","focus_keyword":null,"additional_keywords":null,"truseo_locale":null,"ai":null,"breadcrumb_settings":null,"seo_analyzer_scan_date":null},"aioseo_breadcrumb":"<div class=\"aioseo-breadcrumbs\"><span class=\"aioseo-breadcrumb\">\n\t\t\t<a href=\"https:\/\/www.spkatarzyna.pl\" title=\"Dom\">Dom<\/a>\n\t\t<\/span><span class=\"aioseo-breadcrumb-separator\">&raquo;<\/span><span class=\"aioseo-breadcrumb\">\n\t\t\t<a href=\"https:\/\/www.spkatarzyna.pl\/index.php\/category\/uncategorized\/\" title=\"Uncategorized\">Uncategorized<\/a>\n\t\t<\/span><span class=\"aioseo-breadcrumb-separator\">&raquo;<\/span><span class=\"aioseo-breadcrumb\">\n\t\t\tZako\u0144czenie roku szkolnego 2023\/2024\n\t\t<\/span><\/div>","aioseo_breadcrumb_json":[{"label":"Dom","link":"https:\/\/www.spkatarzyna.pl"},{"label":"Uncategorized","link":"https:\/\/www.spkatarzyna.pl\/index.php\/category\/uncategorized\/"},{"label":"Zako\u0144czenie roku szkolnego 2023\/2024","link":"https:\/\/www.spkatarzyna.pl\/index.php\/2024\/06\/24\/zakonczenie-roku-szkolnego-2\/"}],"_links":{"self":[{"href":"https:\/\/www.spkatarzyna.pl\/index.php\/wp-json\/wp\/v2\/posts\/11003","targetHints":{"allow":["GET"]}}],"collection":[{"href":"https:\/\/www.spkatarzyna.pl\/index.php\/wp-json\/wp\/v2\/posts"}],"about":[{"href":"https:\/\/www.spkatarzyna.pl\/index.php\/wp-json\/wp\/v2\/types\/post"}],"author":[{"embeddable":true,"href":"https:\/\/www.spkatarzyna.pl\/index.php\/wp-json\/wp\/v2\/users\/6"}],"replies":[{"embeddable":true,"href":"https:\/\/www.spkatarzyna.pl\/index.php\/wp-json\/wp\/v2\/comments?post=11003"}],"version-history":[{"count":15,"href":"https:\/\/www.spkatarzyna.pl\/index.php\/wp-json\/wp\/v2\/posts\/11003\/revisions"}],"predecessor-version":[{"id":11043,"href":"https:\/\/www.spkatarzyna.pl\/index.php\/wp-json\/wp\/v2\/posts\/11003\/revisions\/11043"}],"wp:featuredmedia":[{"embeddable":true,"href":"https:\/\/www.spkatarzyna.pl\/index.php\/wp-json\/wp\/v2\/media\/11004"}],"wp:attachment":[{"href":"https:\/\/www.spkatarzyna.pl\/index.php\/wp-json\/wp\/v2\/media?parent=11003"}],"wp:term":[{"taxonomy":"category","embeddable":true,"href":"https:\/\/www.spkatarzyna.pl\/index.php\/wp-json\/wp\/v2\/categories?post=11003"},{"taxonomy":"post_tag","embeddable":true,"href":"https:\/\/www.spkatarzyna.pl\/index.php\/wp-json\/wp\/v2\/tags?post=11003"}],"curies":[{"name":"wp","href":"https:\/\/api.w.org\/{rel}","templated":true}]}}