{"id":12111,"date":"2024-12-19T14:52:18","date_gmt":"2024-12-19T14:52:18","guid":{"rendered":"https:\/\/www.spkatarzyna.pl\/?p=12111"},"modified":"2024-12-24T22:09:39","modified_gmt":"2024-12-24T22:09:39","slug":"12111","status":"publish","type":"post","link":"https:\/\/www.spkatarzyna.pl\/index.php\/2024\/12\/19\/12111\/","title":{"rendered":"Trzecie miejsce w plebiscycie"},"content":{"rendered":"\t\t<div data-elementor-type=\"wp-post\" data-elementor-id=\"12111\" class=\"elementor elementor-12111\">\n\t\t\t\t\t\t<section class=\"elementor-section elementor-top-section elementor-element elementor-element-641ffd3d elementor-section-boxed elementor-section-height-default elementor-section-height-default\" data-id=\"641ffd3d\" data-element_type=\"section\">\n\t\t\t\t\t\t<div class=\"elementor-container elementor-column-gap-default\">\n\t\t\t\t\t<div class=\"elementor-column elementor-col-100 elementor-top-column elementor-element elementor-element-8a04527\" data-id=\"8a04527\" data-element_type=\"column\">\n\t\t\t<div class=\"elementor-widget-wrap elementor-element-populated\">\n\t\t\t\t\t\t<div class=\"elementor-element elementor-element-4f439a36 elementor-widget elementor-widget-text-editor\" data-id=\"4f439a36\" data-element_type=\"widget\" data-widget_type=\"text-editor.default\">\n\t\t\t\t\t\t\t\t\t<p style=\"text-align: justify;\"><strong><span style=\"font-size: 14pt; color: #800000;\">Szanowni Pa\u0144stwo,\u00a0<\/span><\/strong><\/p><div style=\"text-align: justify;\"><span style=\"font-size: 14pt; color: #000000;\">Z rado\u015bci\u0105 i ogromnym zaszczytem pragniemy poinformowa\u0107, \u017ce nasza szko\u0142a zdoby\u0142a trzecie miejsce w kategorii Szko\u0142a Roku w ramach Plebiscytu Edukacyjnego 2024 w wojew\u00f3dztwie wroc\u0142awskim.<\/span><\/div><div style=\"text-align: justify;\">\u00a0<\/div><div style=\"text-align: justify;\"><span style=\"font-size: 14pt; color: #3366ff;\"><a style=\"color: #3366ff;\" href=\"https:\/\/gazetawroclawska.pl\/publiczna-szkola-podstawowa-im-stefana-kardynala-wyszynskiego-prymasa-tysiaclecia\/pk\/7160203\" target=\"_blank\" rel=\"noopener\" data-saferedirecturl=\"https:\/\/www.google.com\/url?q=https:\/\/gazetawroclawska.pl\/publiczna-szkola-podstawowa-im-stefana-kardynala-wyszynskiego-prymasa-tysiaclecia\/pk\/7037359\/pg\/62353&amp;source=gmail&amp;ust=1729709237495000&amp;usg=AOvVaw24vpoXCHu4oQD1I0ALzojq\">https:\/\/gazetawroclawska.pl\/<wbr \/>publiczna-szkola-podstawowa-<wbr \/>im-stefana-kardynala-<wbr \/>wyszynskiego-prymasa-<wbr \/>tysiaclecia\/pk\/7037359\/pg\/<wbr \/>62353<\/a><\/span><\/div><div>\u00a0<\/div><div style=\"text-align: right;\"><span style=\"font-size: 14pt;\">Magdalena Kochan &#8211; Nowik<\/span><\/div><div style=\"text-align: right;\"><span style=\"font-size: 14pt;\">Dyrektor Szko\u0142y\u00a0<\/span><\/div>\t\t\t\t\t\t\t\t<\/div>\n\t\t\t\t<div class=\"elementor-element elementor-element-e862631 elementor-widget elementor-widget-image\" data-id=\"e862631\" data-element_type=\"widget\" data-widget_type=\"image.default\">\n\t\t\t\t\t\t\t\t\t\t\t\t\t\t\t<img fetchpriority=\"high\" decoding=\"async\" width=\"724\" height=\"1024\" src=\"https:\/\/www.spkatarzyna.pl\/wp-content\/uploads\/2024\/10\/3-plakat-724x1024.png\" class=\"attachment-large size-large wp-image-12115\" alt=\"\" srcset=\"https:\/\/www.spkatarzyna.pl\/wp-content\/uploads\/2024\/10\/3-plakat-724x1024.png 724w, https:\/\/www.spkatarzyna.pl\/wp-content\/uploads\/2024\/10\/3-plakat-212x300.png 212w, https:\/\/www.spkatarzyna.pl\/wp-content\/uploads\/2024\/10\/3-plakat-768x1086.png 768w, https:\/\/www.spkatarzyna.pl\/wp-content\/uploads\/2024\/10\/3-plakat-1086x1536.png 1086w, https:\/\/www.spkatarzyna.pl\/wp-content\/uploads\/2024\/10\/3-plakat.png 1414w\" sizes=\"(max-width: 724px) 100vw, 724px\" \/>\t\t\t\t\t\t\t\t\t\t\t\t\t\t\t<\/div>\n\t\t\t\t\t<\/div>\n\t\t<\/div>\n\t\t\t\t\t<\/div>\n\t\t<\/section>\n\t\t\t\t<\/div>\n\t\t","protected":false},"excerpt":{"rendered":"<p>Szanowni Pa\u0144stwo,&nbsp; Z rado\u015bci\u0105 i ogromnym zaszczytem pragniemy poinformowa\u0107, \u017ce nasza szko\u0142a zdoby\u0142a trzecie miejsce w kategorii Szko\u0142a Roku w ramach Plebiscytu Edukacyjnego 2024 w wojew\u00f3dztwie wroc\u0142awskim.&nbsp;https:\/\/gazetawroclawska.pl\/publiczna-szkola-podstawowa-im-stefana-kardynala-wyszynskiego-prymasa-tysiaclecia\/pk\/7037359\/pg\/62353&nbsp;Magdalena Kochan &#8211; NowikDyrektor Szko\u0142y<\/p>\n","protected":false},"author":6,"featured_media":13546,"comment_status":"open","ping_status":"open","sticky":false,"template":"","format":"standard","meta":{"om_disable_all_campaigns":false,"_monsterinsights_skip_tracking":false,"ngg_post_thumbnail":0,"footnotes":""},"categories":[1],"tags":[],"class_list":["post-12111","post","type-post","status-publish","format-standard","has-post-thumbnail","hentry","category-uncategorized"],"aioseo_notices":[],"aioseo_head":"\n\t\t<!-- All in One SEO 5.0.1.1 - aioseo.com -->\n\t<meta name=\"description\" content=\"Szanowni Pa\u0144stwo, Z rado\u015bci\u0105 i ogromnym zaszczytem pragniemy poinformowa\u0107, \u017ce nasza szko\u0142a zdoby\u0142a trzecie miejsce w kategorii Szko\u0142a Roku w ramach Plebiscytu Edukacyjnego 2024 w wojew\u00f3dztwie wroc\u0142awskim. https:\/\/gazetawroclawska.pl\/publiczna-szkola-podstawowa-im-stefana-kardynala-wyszynskiego-prymasa-tysiaclecia\/pk\/7037359\/pg\/62353 Magdalena Kochan \u2013 NowikDyrektor Szko\u0142y\" \/>\n\t<meta name=\"robots\" content=\"max-image-preview:large\" \/>\n\t<meta name=\"author\" content=\"Redakcja\"\/>\n\t<link rel=\"canonical\" href=\"https:\/\/www.spkatarzyna.pl\/index.php\/2024\/12\/19\/12111\/\" \/>\n\t<meta name=\"generator\" content=\"All in One SEO (AIOSEO) 5.0.1.1\" \/>\n\t\t<meta property=\"og:locale\" content=\"pl_PL\" \/>\n\t\t<meta property=\"og:site_name\" content=\"SP Katarzyna - Publiczna Szko\u0142a Podstawowa w \u015awi\u0119tej Katarzynie\" \/>\n\t\t<meta property=\"og:type\" content=\"article\" \/>\n\t\t<meta property=\"og:title\" content=\"Trzecie miejsce w plebiscycie - SP Katarzyna\" \/>\n\t\t<meta property=\"og:description\" content=\"Szanowni Pa\u0144stwo, Z rado\u015bci\u0105 i ogromnym zaszczytem pragniemy poinformowa\u0107, \u017ce nasza szko\u0142a zdoby\u0142a trzecie miejsce w kategorii Szko\u0142a Roku w ramach Plebiscytu Edukacyjnego 2024 w wojew\u00f3dztwie wroc\u0142awskim. https:\/\/gazetawroclawska.pl\/publiczna-szkola-podstawowa-im-stefana-kardynala-wyszynskiego-prymasa-tysiaclecia\/pk\/7037359\/pg\/62353 Magdalena Kochan \u2013 NowikDyrektor Szko\u0142y\" \/>\n\t\t<meta property=\"og:url\" content=\"https:\/\/www.spkatarzyna.pl\/index.php\/2024\/12\/19\/12111\/\" \/>\n\t\t<meta property=\"article:published_time\" content=\"2024-12-19T14:52:18+00:00\" \/>\n\t\t<meta property=\"article:modified_time\" content=\"2024-12-24T22:09:39+00:00\" \/>\n\t\t<meta name=\"twitter:card\" content=\"summary_large_image\" \/>\n\t\t<meta name=\"twitter:title\" content=\"Trzecie miejsce w plebiscycie - SP Katarzyna\" \/>\n\t\t<meta name=\"twitter:description\" content=\"Szanowni Pa\u0144stwo, Z rado\u015bci\u0105 i ogromnym zaszczytem pragniemy poinformowa\u0107, \u017ce nasza szko\u0142a zdoby\u0142a trzecie miejsce w kategorii Szko\u0142a Roku w ramach Plebiscytu Edukacyjnego 2024 w wojew\u00f3dztwie wroc\u0142awskim. https:\/\/gazetawroclawska.pl\/publiczna-szkola-podstawowa-im-stefana-kardynala-wyszynskiego-prymasa-tysiaclecia\/pk\/7037359\/pg\/62353 Magdalena Kochan \u2013 NowikDyrektor Szko\u0142y\" \/>\n\t\t<script type=\"application\/ld+json\" class=\"aioseo-schema\">\n\t\t\t{\"@context\":\"https:\\\/\\\/schema.org\",\"@graph\":[{\"@type\":\"BlogPosting\",\"@id\":\"https:\\\/\\\/www.spkatarzyna.pl\\\/index.php\\\/2024\\\/12\\\/19\\\/12111\\\/#blogposting\",\"name\":\"Trzecie miejsce w plebiscycie - SP Katarzyna\",\"headline\":\"Trzecie miejsce w plebiscycie\",\"author\":{\"@id\":\"https:\\\/\\\/www.spkatarzyna.pl\\\/index.php\\\/author\\\/agatasafianspkatarzyna-pl\\\/#author\"},\"publisher\":{\"@id\":\"https:\\\/\\\/www.spkatarzyna.pl\\\/#organization\"},\"image\":{\"@type\":\"ImageObject\",\"url\":\"https:\\\/\\\/www.spkatarzyna.pl\\\/wp-content\\\/uploads\\\/2024\\\/12\\\/Zrzut-ekranu-2024-12-24-o-23.08.png\",\"width\":360,\"height\":202},\"datePublished\":\"2024-12-19T14:52:18+01:00\",\"dateModified\":\"2024-12-24T22:09:39+01:00\",\"inLanguage\":\"pl-PL\",\"mainEntityOfPage\":{\"@id\":\"https:\\\/\\\/www.spkatarzyna.pl\\\/index.php\\\/2024\\\/12\\\/19\\\/12111\\\/#webpage\"},\"isPartOf\":{\"@id\":\"https:\\\/\\\/www.spkatarzyna.pl\\\/index.php\\\/2024\\\/12\\\/19\\\/12111\\\/#webpage\"},\"articleSection\":\"Uncategorized\"},{\"@type\":\"BreadcrumbList\",\"@id\":\"https:\\\/\\\/www.spkatarzyna.pl\\\/index.php\\\/2024\\\/12\\\/19\\\/12111\\\/#breadcrumblist\",\"itemListElement\":[{\"@type\":\"ListItem\",\"@id\":\"https:\\\/\\\/www.spkatarzyna.pl#listItem\",\"position\":1,\"name\":\"Dom\",\"item\":\"https:\\\/\\\/www.spkatarzyna.pl\",\"nextItem\":{\"@type\":\"ListItem\",\"@id\":\"https:\\\/\\\/www.spkatarzyna.pl\\\/index.php\\\/category\\\/uncategorized\\\/#listItem\",\"name\":\"Uncategorized\"}},{\"@type\":\"ListItem\",\"@id\":\"https:\\\/\\\/www.spkatarzyna.pl\\\/index.php\\\/category\\\/uncategorized\\\/#listItem\",\"position\":2,\"name\":\"Uncategorized\",\"item\":\"https:\\\/\\\/www.spkatarzyna.pl\\\/index.php\\\/category\\\/uncategorized\\\/\",\"nextItem\":{\"@type\":\"ListItem\",\"@id\":\"https:\\\/\\\/www.spkatarzyna.pl\\\/index.php\\\/2024\\\/12\\\/19\\\/12111\\\/#listItem\",\"name\":\"Trzecie miejsce w plebiscycie\"},\"previousItem\":{\"@type\":\"ListItem\",\"@id\":\"https:\\\/\\\/www.spkatarzyna.pl#listItem\",\"name\":\"Dom\"}},{\"@type\":\"ListItem\",\"@id\":\"https:\\\/\\\/www.spkatarzyna.pl\\\/index.php\\\/2024\\\/12\\\/19\\\/12111\\\/#listItem\",\"position\":3,\"name\":\"Trzecie miejsce w plebiscycie\",\"previousItem\":{\"@type\":\"ListItem\",\"@id\":\"https:\\\/\\\/www.spkatarzyna.pl\\\/index.php\\\/category\\\/uncategorized\\\/#listItem\",\"name\":\"Uncategorized\"}}]},{\"@type\":\"Organization\",\"@id\":\"https:\\\/\\\/www.spkatarzyna.pl\\\/#organization\",\"name\":\"SP Katarzyna\",\"description\":\"Publiczna Szko\\u0142a Podstawowa w \\u015awi\\u0119tej Katarzynie\",\"url\":\"https:\\\/\\\/www.spkatarzyna.pl\\\/\",\"telephone\":\"+48713116378\",\"sameAs\":[\"https:\\\/\\\/facebook.com\\\/\",\"https:\\\/\\\/x.com\\\/\",\"https:\\\/\\\/instagram.com\\\/\",\"https:\\\/\\\/pinterest.com\\\/\",\"https:\\\/\\\/youtube.com\\\/\",\"https:\\\/\\\/linkedin.com\\\/in\\\/\"]},{\"@type\":\"Person\",\"@id\":\"https:\\\/\\\/www.spkatarzyna.pl\\\/index.php\\\/author\\\/agatasafianspkatarzyna-pl\\\/#author\",\"url\":\"https:\\\/\\\/www.spkatarzyna.pl\\\/index.php\\\/author\\\/agatasafianspkatarzyna-pl\\\/\",\"name\":\"Redakcja\",\"image\":{\"@type\":\"ImageObject\",\"@id\":\"https:\\\/\\\/www.spkatarzyna.pl\\\/index.php\\\/2024\\\/12\\\/19\\\/12111\\\/#authorImage\",\"url\":\"https:\\\/\\\/secure.gravatar.com\\\/avatar\\\/765290513df94d442152250e92b42327?s=96&d=mm&r=g\",\"width\":96,\"height\":96,\"caption\":\"Redakcja\"}},{\"@type\":\"WebPage\",\"@id\":\"https:\\\/\\\/www.spkatarzyna.pl\\\/index.php\\\/2024\\\/12\\\/19\\\/12111\\\/#webpage\",\"url\":\"https:\\\/\\\/www.spkatarzyna.pl\\\/index.php\\\/2024\\\/12\\\/19\\\/12111\\\/\",\"name\":\"Trzecie miejsce w plebiscycie - SP Katarzyna\",\"description\":\"Szanowni Pa\\u0144stwo, Z rado\\u015bci\\u0105 i ogromnym zaszczytem pragniemy poinformowa\\u0107, \\u017ce nasza szko\\u0142a zdoby\\u0142a trzecie miejsce w kategorii Szko\\u0142a Roku w ramach Plebiscytu Edukacyjnego 2024 w wojew\\u00f3dztwie wroc\\u0142awskim. https:\\\/\\\/gazetawroclawska.pl\\\/publiczna-szkola-podstawowa-im-stefana-kardynala-wyszynskiego-prymasa-tysiaclecia\\\/pk\\\/7037359\\\/pg\\\/62353 Magdalena Kochan \\u2013 NowikDyrektor Szko\\u0142y\",\"inLanguage\":\"pl-PL\",\"isPartOf\":{\"@id\":\"https:\\\/\\\/www.spkatarzyna.pl\\\/#website\"},\"breadcrumb\":{\"@id\":\"https:\\\/\\\/www.spkatarzyna.pl\\\/index.php\\\/2024\\\/12\\\/19\\\/12111\\\/#breadcrumblist\"},\"author\":{\"@id\":\"https:\\\/\\\/www.spkatarzyna.pl\\\/index.php\\\/author\\\/agatasafianspkatarzyna-pl\\\/#author\"},\"creator\":{\"@id\":\"https:\\\/\\\/www.spkatarzyna.pl\\\/index.php\\\/author\\\/agatasafianspkatarzyna-pl\\\/#author\"},\"image\":{\"@type\":\"ImageObject\",\"url\":\"https:\\\/\\\/www.spkatarzyna.pl\\\/wp-content\\\/uploads\\\/2024\\\/12\\\/Zrzut-ekranu-2024-12-24-o-23.08.png\",\"@id\":\"https:\\\/\\\/www.spkatarzyna.pl\\\/index.php\\\/2024\\\/12\\\/19\\\/12111\\\/#mainImage\",\"width\":360,\"height\":202},\"primaryImageOfPage\":{\"@id\":\"https:\\\/\\\/www.spkatarzyna.pl\\\/index.php\\\/2024\\\/12\\\/19\\\/12111\\\/#mainImage\"},\"datePublished\":\"2024-12-19T14:52:18+01:00\",\"dateModified\":\"2024-12-24T22:09:39+01:00\"},{\"@type\":\"WebSite\",\"@id\":\"https:\\\/\\\/www.spkatarzyna.pl\\\/#website\",\"url\":\"https:\\\/\\\/www.spkatarzyna.pl\\\/\",\"name\":\"SP Katarzyna\",\"description\":\"Publiczna Szko\\u0142a Podstawowa w \\u015awi\\u0119tej Katarzynie\",\"inLanguage\":\"pl-PL\",\"publisher\":{\"@id\":\"https:\\\/\\\/www.spkatarzyna.pl\\\/#organization\"}}]}\n\t\t<\/script>\n\t\t<!-- All in One SEO -->\n\n","aioseo_head_json":{"title":"Trzecie miejsce w plebiscycie - SP Katarzyna","description":"Szanowni Pa\u0144stwo, Z rado\u015bci\u0105 i ogromnym zaszczytem pragniemy poinformowa\u0107, \u017ce nasza szko\u0142a zdoby\u0142a trzecie miejsce w kategorii Szko\u0142a Roku w ramach Plebiscytu Edukacyjnego 2024 w wojew\u00f3dztwie wroc\u0142awskim. https:\/\/gazetawroclawska.pl\/publiczna-szkola-podstawowa-im-stefana-kardynala-wyszynskiego-prymasa-tysiaclecia\/pk\/7037359\/pg\/62353 Magdalena Kochan \u2013 NowikDyrektor Szko\u0142y","canonical_url":"https:\/\/www.spkatarzyna.pl\/index.php\/2024\/12\/19\/12111\/","robots":"max-image-preview:large","keywords":"","webmasterTools":{"miscellaneous":""},"schema":{"@context":"https:\/\/schema.org","@graph":[{"@type":"BlogPosting","@id":"https:\/\/www.spkatarzyna.pl\/index.php\/2024\/12\/19\/12111\/#blogposting","name":"Trzecie miejsce w plebiscycie - SP Katarzyna","headline":"Trzecie miejsce w plebiscycie","author":{"@id":"https:\/\/www.spkatarzyna.pl\/index.php\/author\/agatasafianspkatarzyna-pl\/#author"},"publisher":{"@id":"https:\/\/www.spkatarzyna.pl\/#organization"},"image":{"@type":"ImageObject","url":"https:\/\/www.spkatarzyna.pl\/wp-content\/uploads\/2024\/12\/Zrzut-ekranu-2024-12-24-o-23.08.png","width":360,"height":202},"datePublished":"2024-12-19T14:52:18+01:00","dateModified":"2024-12-24T22:09:39+01:00","inLanguage":"pl-PL","mainEntityOfPage":{"@id":"https:\/\/www.spkatarzyna.pl\/index.php\/2024\/12\/19\/12111\/#webpage"},"isPartOf":{"@id":"https:\/\/www.spkatarzyna.pl\/index.php\/2024\/12\/19\/12111\/#webpage"},"articleSection":"Uncategorized"},{"@type":"BreadcrumbList","@id":"https:\/\/www.spkatarzyna.pl\/index.php\/2024\/12\/19\/12111\/#breadcrumblist","itemListElement":[{"@type":"ListItem","@id":"https:\/\/www.spkatarzyna.pl#listItem","position":1,"name":"Dom","item":"https:\/\/www.spkatarzyna.pl","nextItem":{"@type":"ListItem","@id":"https:\/\/www.spkatarzyna.pl\/index.php\/category\/uncategorized\/#listItem","name":"Uncategorized"}},{"@type":"ListItem","@id":"https:\/\/www.spkatarzyna.pl\/index.php\/category\/uncategorized\/#listItem","position":2,"name":"Uncategorized","item":"https:\/\/www.spkatarzyna.pl\/index.php\/category\/uncategorized\/","nextItem":{"@type":"ListItem","@id":"https:\/\/www.spkatarzyna.pl\/index.php\/2024\/12\/19\/12111\/#listItem","name":"Trzecie miejsce w plebiscycie"},"previousItem":{"@type":"ListItem","@id":"https:\/\/www.spkatarzyna.pl#listItem","name":"Dom"}},{"@type":"ListItem","@id":"https:\/\/www.spkatarzyna.pl\/index.php\/2024\/12\/19\/12111\/#listItem","position":3,"name":"Trzecie miejsce w plebiscycie","previousItem":{"@type":"ListItem","@id":"https:\/\/www.spkatarzyna.pl\/index.php\/category\/uncategorized\/#listItem","name":"Uncategorized"}}]},{"@type":"Organization","@id":"https:\/\/www.spkatarzyna.pl\/#organization","name":"SP Katarzyna","description":"Publiczna Szko\u0142a Podstawowa w \u015awi\u0119tej Katarzynie","url":"https:\/\/www.spkatarzyna.pl\/","telephone":"+48713116378","sameAs":["https:\/\/facebook.com\/","https:\/\/x.com\/","https:\/\/instagram.com\/","https:\/\/pinterest.com\/","https:\/\/youtube.com\/","https:\/\/linkedin.com\/in\/"]},{"@type":"Person","@id":"https:\/\/www.spkatarzyna.pl\/index.php\/author\/agatasafianspkatarzyna-pl\/#author","url":"https:\/\/www.spkatarzyna.pl\/index.php\/author\/agatasafianspkatarzyna-pl\/","name":"Redakcja","image":{"@type":"ImageObject","@id":"https:\/\/www.spkatarzyna.pl\/index.php\/2024\/12\/19\/12111\/#authorImage","url":"https:\/\/secure.gravatar.com\/avatar\/765290513df94d442152250e92b42327?s=96&d=mm&r=g","width":96,"height":96,"caption":"Redakcja"}},{"@type":"WebPage","@id":"https:\/\/www.spkatarzyna.pl\/index.php\/2024\/12\/19\/12111\/#webpage","url":"https:\/\/www.spkatarzyna.pl\/index.php\/2024\/12\/19\/12111\/","name":"Trzecie miejsce w plebiscycie - SP Katarzyna","description":"Szanowni Pa\u0144stwo, Z rado\u015bci\u0105 i ogromnym zaszczytem pragniemy poinformowa\u0107, \u017ce nasza szko\u0142a zdoby\u0142a trzecie miejsce w kategorii Szko\u0142a Roku w ramach Plebiscytu Edukacyjnego 2024 w wojew\u00f3dztwie wroc\u0142awskim. https:\/\/gazetawroclawska.pl\/publiczna-szkola-podstawowa-im-stefana-kardynala-wyszynskiego-prymasa-tysiaclecia\/pk\/7037359\/pg\/62353 Magdalena Kochan \u2013 NowikDyrektor Szko\u0142y","inLanguage":"pl-PL","isPartOf":{"@id":"https:\/\/www.spkatarzyna.pl\/#website"},"breadcrumb":{"@id":"https:\/\/www.spkatarzyna.pl\/index.php\/2024\/12\/19\/12111\/#breadcrumblist"},"author":{"@id":"https:\/\/www.spkatarzyna.pl\/index.php\/author\/agatasafianspkatarzyna-pl\/#author"},"creator":{"@id":"https:\/\/www.spkatarzyna.pl\/index.php\/author\/agatasafianspkatarzyna-pl\/#author"},"image":{"@type":"ImageObject","url":"https:\/\/www.spkatarzyna.pl\/wp-content\/uploads\/2024\/12\/Zrzut-ekranu-2024-12-24-o-23.08.png","@id":"https:\/\/www.spkatarzyna.pl\/index.php\/2024\/12\/19\/12111\/#mainImage","width":360,"height":202},"primaryImageOfPage":{"@id":"https:\/\/www.spkatarzyna.pl\/index.php\/2024\/12\/19\/12111\/#mainImage"},"datePublished":"2024-12-19T14:52:18+01:00","dateModified":"2024-12-24T22:09:39+01:00"},{"@type":"WebSite","@id":"https:\/\/www.spkatarzyna.pl\/#website","url":"https:\/\/www.spkatarzyna.pl\/","name":"SP Katarzyna","description":"Publiczna Szko\u0142a Podstawowa w \u015awi\u0119tej Katarzynie","inLanguage":"pl-PL","publisher":{"@id":"https:\/\/www.spkatarzyna.pl\/#organization"}}]},"og:locale":"pl_PL","og:site_name":"SP Katarzyna - Publiczna Szko\u0142a Podstawowa w \u015awi\u0119tej Katarzynie","og:type":"article","og:title":"Trzecie miejsce w plebiscycie - SP Katarzyna","og:description":"Szanowni Pa\u0144stwo, Z rado\u015bci\u0105 i ogromnym zaszczytem pragniemy poinformowa\u0107, \u017ce nasza szko\u0142a zdoby\u0142a trzecie miejsce w kategorii Szko\u0142a Roku w ramach Plebiscytu Edukacyjnego 2024 w wojew\u00f3dztwie wroc\u0142awskim. https:\/\/gazetawroclawska.pl\/publiczna-szkola-podstawowa-im-stefana-kardynala-wyszynskiego-prymasa-tysiaclecia\/pk\/7037359\/pg\/62353 Magdalena Kochan \u2013 NowikDyrektor Szko\u0142y","og:url":"https:\/\/www.spkatarzyna.pl\/index.php\/2024\/12\/19\/12111\/","article:published_time":"2024-12-19T14:52:18+00:00","article:modified_time":"2024-12-24T22:09:39+00:00","twitter:card":"summary_large_image","twitter:title":"Trzecie miejsce w plebiscycie - SP Katarzyna","twitter:description":"Szanowni Pa\u0144stwo, Z rado\u015bci\u0105 i ogromnym zaszczytem pragniemy poinformowa\u0107, \u017ce nasza szko\u0142a zdoby\u0142a trzecie miejsce w kategorii Szko\u0142a Roku w ramach Plebiscytu Edukacyjnego 2024 w wojew\u00f3dztwie wroc\u0142awskim. https:\/\/gazetawroclawska.pl\/publiczna-szkola-podstawowa-im-stefana-kardynala-wyszynskiego-prymasa-tysiaclecia\/pk\/7037359\/pg\/62353 Magdalena Kochan \u2013 NowikDyrektor Szko\u0142y"},"aioseo_meta_data":{"post_id":"12111","title":null,"description":null,"keywords":null,"keyphrases":{"focus":{"keyphrase":"","score":0,"analysis":{"keyphraseInTitle":{"score":0,"maxScore":9,"error":1}}},"additional":[]},"primary_term":null,"canonical_url":null,"og_title":null,"og_description":null,"og_object_type":"default","og_image_type":"default","og_image_url":null,"og_image_width":null,"og_image_height":null,"og_image_custom_url":null,"og_image_custom_fields":null,"og_video":"","og_custom_url":null,"og_article_section":null,"og_article_tags":null,"twitter_use_og":false,"twitter_card":"default","twitter_image_type":"default","twitter_image_url":null,"twitter_image_custom_url":null,"twitter_image_custom_fields":null,"twitter_title":null,"twitter_description":null,"schema":{"blockGraphs":[],"customGraphs":[],"default":{"data":{"Article":[],"Course":[],"Dataset":[],"FAQPage":[],"Movie":[],"Person":[],"Product":[],"ProductReview":[],"Car":[],"Recipe":[],"Service":[],"SoftwareApplication":[],"WebPage":[]},"graphName":"BlogPosting","isEnabled":true},"graphs":[]},"schema_type":"default","schema_type_options":null,"pillar_content":false,"robots_default":true,"robots_noindex":false,"robots_noarchive":false,"robots_nosnippet":false,"robots_nofollow":false,"robots_noimageindex":false,"robots_noodp":false,"robots_notranslate":false,"robots_max_snippet":"-1","robots_max_videopreview":"-1","robots_max_imagepreview":"large","priority":null,"frequency":"default","local_seo":null,"limit_modified_date":false,"created":"2024-10-22 18:55:18","updated":"2026-09-03 16:12:09","focus_keyword":null,"additional_keywords":null,"truseo_locale":null,"ai":null,"breadcrumb_settings":null,"seo_analyzer_scan_date":null},"aioseo_breadcrumb":"<div class=\"aioseo-breadcrumbs\"><span class=\"aioseo-breadcrumb\">\n\t\t\t<a href=\"https:\/\/www.spkatarzyna.pl\" title=\"Dom\">Dom<\/a>\n\t\t<\/span><span class=\"aioseo-breadcrumb-separator\">&raquo;<\/span><span class=\"aioseo-breadcrumb\">\n\t\t\t<a href=\"https:\/\/www.spkatarzyna.pl\/index.php\/category\/uncategorized\/\" title=\"Uncategorized\">Uncategorized<\/a>\n\t\t<\/span><span class=\"aioseo-breadcrumb-separator\">&raquo;<\/span><span class=\"aioseo-breadcrumb\">\n\t\t\tTrzecie miejsce w plebiscycie\n\t\t<\/span><\/div>","aioseo_breadcrumb_json":[{"label":"Dom","link":"https:\/\/www.spkatarzyna.pl"},{"label":"Uncategorized","link":"https:\/\/www.spkatarzyna.pl\/index.php\/category\/uncategorized\/"},{"label":"Trzecie miejsce w plebiscycie","link":"https:\/\/www.spkatarzyna.pl\/index.php\/2024\/12\/19\/12111\/"}],"_links":{"self":[{"href":"https:\/\/www.spkatarzyna.pl\/index.php\/wp-json\/wp\/v2\/posts\/12111","targetHints":{"allow":["GET"]}}],"collection":[{"href":"https:\/\/www.spkatarzyna.pl\/index.php\/wp-json\/wp\/v2\/posts"}],"about":[{"href":"https:\/\/www.spkatarzyna.pl\/index.php\/wp-json\/wp\/v2\/types\/post"}],"author":[{"embeddable":true,"href":"https:\/\/www.spkatarzyna.pl\/index.php\/wp-json\/wp\/v2\/users\/6"}],"replies":[{"embeddable":true,"href":"https:\/\/www.spkatarzyna.pl\/index.php\/wp-json\/wp\/v2\/comments?post=12111"}],"version-history":[{"count":24,"href":"https:\/\/www.spkatarzyna.pl\/index.php\/wp-json\/wp\/v2\/posts\/12111\/revisions"}],"predecessor-version":[{"id":13545,"href":"https:\/\/www.spkatarzyna.pl\/index.php\/wp-json\/wp\/v2\/posts\/12111\/revisions\/13545"}],"wp:featuredmedia":[{"embeddable":true,"href":"https:\/\/www.spkatarzyna.pl\/index.php\/wp-json\/wp\/v2\/media\/13546"}],"wp:attachment":[{"href":"https:\/\/www.spkatarzyna.pl\/index.php\/wp-json\/wp\/v2\/media?parent=12111"}],"wp:term":[{"taxonomy":"category","embeddable":true,"href":"https:\/\/www.spkatarzyna.pl\/index.php\/wp-json\/wp\/v2\/categories?post=12111"},{"taxonomy":"post_tag","embeddable":true,"href":"https:\/\/www.spkatarzyna.pl\/index.php\/wp-json\/wp\/v2\/tags?post=12111"}],"curies":[{"name":"wp","href":"https:\/\/api.w.org\/{rel}","templated":true}]}}