{"id":12983,"date":"2024-11-26T22:23:14","date_gmt":"2024-11-26T22:23:14","guid":{"rendered":"https:\/\/www.spkatarzyna.pl\/?p=12983"},"modified":"2024-11-26T22:25:15","modified_gmt":"2024-11-26T22:25:15","slug":"vi-olimpiada-literatury-i-jezyka-polskiego","status":"publish","type":"post","link":"https:\/\/www.spkatarzyna.pl\/index.php\/2024\/11\/26\/vi-olimpiada-literatury-i-jezyka-polskiego\/","title":{"rendered":"VI Olimpiada Literatury i J\u0119zyka Polskiego"},"content":{"rendered":"\t\t<div data-elementor-type=\"wp-post\" data-elementor-id=\"12983\" class=\"elementor elementor-12983\">\n\t\t\t\t\t\t<section class=\"elementor-section elementor-top-section elementor-element elementor-element-787e07ca elementor-section-boxed elementor-section-height-default elementor-section-height-default\" data-id=\"787e07ca\" data-element_type=\"section\">\n\t\t\t\t\t\t<div class=\"elementor-container elementor-column-gap-default\">\n\t\t\t\t\t<div class=\"elementor-column elementor-col-100 elementor-top-column elementor-element elementor-element-1f57952f\" data-id=\"1f57952f\" data-element_type=\"column\">\n\t\t\t<div class=\"elementor-widget-wrap elementor-element-populated\">\n\t\t\t\t\t\t<div class=\"elementor-element elementor-element-5349f2b6 elementor-widget elementor-widget-text-editor\" data-id=\"5349f2b6\" data-element_type=\"widget\" data-widget_type=\"text-editor.default\">\n\t\t\t\t\t\t\t\t\t<p dir=\"ltr\" style=\"text-align: justify;\"><span style=\"font-size: 14pt;\">Z rado\u015bci\u0105 informuj\u0119, \u017ce uczennica klasy 8b Liwia Domaga\u0142a, przesz\u0142a do etapu wojew\u00f3dzkiego\u00a0 VI Og\u00f3lnopolskiej Olimpiady Literatury i J\u0119zyka Polskiego dla Szk\u00f3\u0142 Podstawowych pod patronatem Instytutu Bada\u0144 Literackich Polskiej Akademii Nauk w Warszawie.\u00a0<\/span><\/p><p dir=\"ltr\" style=\"text-align: justify;\"><span style=\"font-size: 14pt;\">Gratulujemy i \u017cyczymy powodzenia na kolejnym etapie!<\/span><\/p><div class=\"yj6qo\" style=\"text-align: right;\"><span style=\"font-size: 14pt;\">Joanna Szabli\u0144ska-\u0141aba<\/span><\/div>\t\t\t\t\t\t\t\t<\/div>\n\t\t\t\t<div class=\"elementor-element elementor-element-e743512 elementor-widget elementor-widget-image\" data-id=\"e743512\" data-element_type=\"widget\" data-widget_type=\"image.default\">\n\t\t\t\t\t\t\t\t\t\t\t\t\t\t\t<img fetchpriority=\"high\" decoding=\"async\" width=\"1024\" height=\"480\" src=\"https:\/\/www.spkatarzyna.pl\/wp-content\/uploads\/2024\/11\/Zrzut-ekranu-2024-11-26-o-13.51.32-1024x480.png\" class=\"attachment-large size-large wp-image-12989\" alt=\"\" srcset=\"https:\/\/www.spkatarzyna.pl\/wp-content\/uploads\/2024\/11\/Zrzut-ekranu-2024-11-26-o-13.51.32-1024x480.png 1024w, https:\/\/www.spkatarzyna.pl\/wp-content\/uploads\/2024\/11\/Zrzut-ekranu-2024-11-26-o-13.51.32-300x141.png 300w, https:\/\/www.spkatarzyna.pl\/wp-content\/uploads\/2024\/11\/Zrzut-ekranu-2024-11-26-o-13.51.32-768x360.png 768w, https:\/\/www.spkatarzyna.pl\/wp-content\/uploads\/2024\/11\/Zrzut-ekranu-2024-11-26-o-13.51.32-1536x720.png 1536w, https:\/\/www.spkatarzyna.pl\/wp-content\/uploads\/2024\/11\/Zrzut-ekranu-2024-11-26-o-13.51.32.png 1698w\" sizes=\"(max-width: 1024px) 100vw, 1024px\" \/>\t\t\t\t\t\t\t\t\t\t\t\t\t\t\t<\/div>\n\t\t\t\t\t<\/div>\n\t\t<\/div>\n\t\t\t\t\t<\/div>\n\t\t<\/section>\n\t\t\t\t<\/div>\n\t\t","protected":false},"excerpt":{"rendered":"<p>Z rado\u015bci\u0105 informuj\u0119, \u017ce uczennica klasy 8b Liwia Domaga\u0142a, przesz\u0142a do etapu wojew\u00f3dzkiego\u00a0 VI Og\u00f3lnopolskiej Olimpiady Literatury i J\u0119zyka Polskiego dla Szk\u00f3\u0142 Podstawowych pod patronatem Instytutu Bada\u0144 Literackich Polskiej Akademii Nauk w Warszawie.\u00a0 Gratulujemy i \u017cyczymy powodzenia na kolejnym etapie! Joanna Szabli\u0144ska-\u0141aba<\/p>\n","protected":false},"author":6,"featured_media":12984,"comment_status":"open","ping_status":"open","sticky":false,"template":"","format":"standard","meta":{"om_disable_all_campaigns":false,"_monsterinsights_skip_tracking":false,"ngg_post_thumbnail":0,"footnotes":""},"categories":[1],"tags":[],"class_list":["post-12983","post","type-post","status-publish","format-standard","has-post-thumbnail","hentry","category-uncategorized"],"aioseo_notices":[],"aioseo_head":"\n\t\t<!-- All in One SEO 5.0.1.1 - aioseo.com -->\n\t<meta name=\"description\" content=\"Z rado\u015bci\u0105 informuj\u0119, \u017ce uczennica klasy 8b Liwia Domaga\u0142a, przesz\u0142a do etapu wojew\u00f3dzkiego VI Og\u00f3lnopolskiej Olimpiady Literatury i J\u0119zyka Polskiego dla Szk\u00f3\u0142 Podstawowych pod patronatem Instytutu Bada\u0144 Literackich Polskiej Akademii Nauk w Warszawie. Gratulujemy i \u017cyczymy powodzenia na kolejnym etapie!Joanna Szabli\u0144ska-\u0141aba\" \/>\n\t<meta name=\"robots\" content=\"max-image-preview:large\" \/>\n\t<meta name=\"author\" content=\"Redakcja\"\/>\n\t<link rel=\"canonical\" href=\"https:\/\/www.spkatarzyna.pl\/index.php\/2024\/11\/26\/vi-olimpiada-literatury-i-jezyka-polskiego\/\" \/>\n\t<meta name=\"generator\" content=\"All in One SEO (AIOSEO) 5.0.1.1\" \/>\n\t\t<meta property=\"og:locale\" content=\"pl_PL\" \/>\n\t\t<meta property=\"og:site_name\" content=\"SP Katarzyna - Publiczna Szko\u0142a Podstawowa w \u015awi\u0119tej Katarzynie\" \/>\n\t\t<meta property=\"og:type\" content=\"article\" \/>\n\t\t<meta property=\"og:title\" content=\"VI Olimpiada Literatury i J\u0119zyka Polskiego - SP Katarzyna\" \/>\n\t\t<meta property=\"og:description\" content=\"Z rado\u015bci\u0105 informuj\u0119, \u017ce uczennica klasy 8b Liwia Domaga\u0142a, przesz\u0142a do etapu wojew\u00f3dzkiego VI Og\u00f3lnopolskiej Olimpiady Literatury i J\u0119zyka Polskiego dla Szk\u00f3\u0142 Podstawowych pod patronatem Instytutu Bada\u0144 Literackich Polskiej Akademii Nauk w Warszawie. Gratulujemy i \u017cyczymy powodzenia na kolejnym etapie!Joanna Szabli\u0144ska-\u0141aba\" \/>\n\t\t<meta property=\"og:url\" content=\"https:\/\/www.spkatarzyna.pl\/index.php\/2024\/11\/26\/vi-olimpiada-literatury-i-jezyka-polskiego\/\" \/>\n\t\t<meta property=\"article:published_time\" content=\"2024-11-26T22:23:14+00:00\" \/>\n\t\t<meta property=\"article:modified_time\" content=\"2024-11-26T22:25:15+00:00\" \/>\n\t\t<meta name=\"twitter:card\" content=\"summary_large_image\" \/>\n\t\t<meta name=\"twitter:title\" content=\"VI Olimpiada Literatury i J\u0119zyka Polskiego - SP Katarzyna\" \/>\n\t\t<meta name=\"twitter:description\" content=\"Z rado\u015bci\u0105 informuj\u0119, \u017ce uczennica klasy 8b Liwia Domaga\u0142a, przesz\u0142a do etapu wojew\u00f3dzkiego VI Og\u00f3lnopolskiej Olimpiady Literatury i J\u0119zyka Polskiego dla Szk\u00f3\u0142 Podstawowych pod patronatem Instytutu Bada\u0144 Literackich Polskiej Akademii Nauk w Warszawie. Gratulujemy i \u017cyczymy powodzenia na kolejnym etapie!Joanna Szabli\u0144ska-\u0141aba\" \/>\n\t\t<script type=\"application\/ld+json\" class=\"aioseo-schema\">\n\t\t\t{\"@context\":\"https:\\\/\\\/schema.org\",\"@graph\":[{\"@type\":\"BlogPosting\",\"@id\":\"https:\\\/\\\/www.spkatarzyna.pl\\\/index.php\\\/2024\\\/11\\\/26\\\/vi-olimpiada-literatury-i-jezyka-polskiego\\\/#blogposting\",\"name\":\"VI Olimpiada Literatury i J\\u0119zyka Polskiego - SP Katarzyna\",\"headline\":\"VI Olimpiada Literatury i J\\u0119zyka Polskiego\",\"author\":{\"@id\":\"https:\\\/\\\/www.spkatarzyna.pl\\\/index.php\\\/author\\\/agatasafianspkatarzyna-pl\\\/#author\"},\"publisher\":{\"@id\":\"https:\\\/\\\/www.spkatarzyna.pl\\\/#organization\"},\"image\":{\"@type\":\"ImageObject\",\"url\":\"https:\\\/\\\/www.spkatarzyna.pl\\\/wp-content\\\/uploads\\\/2024\\\/11\\\/Zrzut-ekranu-2024-11-26-o-13.52.png\",\"width\":360,\"height\":202},\"datePublished\":\"2024-11-26T22:23:14+01:00\",\"dateModified\":\"2024-11-26T22:25:15+01:00\",\"inLanguage\":\"pl-PL\",\"mainEntityOfPage\":{\"@id\":\"https:\\\/\\\/www.spkatarzyna.pl\\\/index.php\\\/2024\\\/11\\\/26\\\/vi-olimpiada-literatury-i-jezyka-polskiego\\\/#webpage\"},\"isPartOf\":{\"@id\":\"https:\\\/\\\/www.spkatarzyna.pl\\\/index.php\\\/2024\\\/11\\\/26\\\/vi-olimpiada-literatury-i-jezyka-polskiego\\\/#webpage\"},\"articleSection\":\"Uncategorized\"},{\"@type\":\"BreadcrumbList\",\"@id\":\"https:\\\/\\\/www.spkatarzyna.pl\\\/index.php\\\/2024\\\/11\\\/26\\\/vi-olimpiada-literatury-i-jezyka-polskiego\\\/#breadcrumblist\",\"itemListElement\":[{\"@type\":\"ListItem\",\"@id\":\"https:\\\/\\\/www.spkatarzyna.pl#listItem\",\"position\":1,\"name\":\"Dom\",\"item\":\"https:\\\/\\\/www.spkatarzyna.pl\",\"nextItem\":{\"@type\":\"ListItem\",\"@id\":\"https:\\\/\\\/www.spkatarzyna.pl\\\/index.php\\\/category\\\/uncategorized\\\/#listItem\",\"name\":\"Uncategorized\"}},{\"@type\":\"ListItem\",\"@id\":\"https:\\\/\\\/www.spkatarzyna.pl\\\/index.php\\\/category\\\/uncategorized\\\/#listItem\",\"position\":2,\"name\":\"Uncategorized\",\"item\":\"https:\\\/\\\/www.spkatarzyna.pl\\\/index.php\\\/category\\\/uncategorized\\\/\",\"nextItem\":{\"@type\":\"ListItem\",\"@id\":\"https:\\\/\\\/www.spkatarzyna.pl\\\/index.php\\\/2024\\\/11\\\/26\\\/vi-olimpiada-literatury-i-jezyka-polskiego\\\/#listItem\",\"name\":\"VI Olimpiada Literatury i J\\u0119zyka Polskiego\"},\"previousItem\":{\"@type\":\"ListItem\",\"@id\":\"https:\\\/\\\/www.spkatarzyna.pl#listItem\",\"name\":\"Dom\"}},{\"@type\":\"ListItem\",\"@id\":\"https:\\\/\\\/www.spkatarzyna.pl\\\/index.php\\\/2024\\\/11\\\/26\\\/vi-olimpiada-literatury-i-jezyka-polskiego\\\/#listItem\",\"position\":3,\"name\":\"VI Olimpiada Literatury i J\\u0119zyka Polskiego\",\"previousItem\":{\"@type\":\"ListItem\",\"@id\":\"https:\\\/\\\/www.spkatarzyna.pl\\\/index.php\\\/category\\\/uncategorized\\\/#listItem\",\"name\":\"Uncategorized\"}}]},{\"@type\":\"Organization\",\"@id\":\"https:\\\/\\\/www.spkatarzyna.pl\\\/#organization\",\"name\":\"SP Katarzyna\",\"description\":\"Publiczna Szko\\u0142a Podstawowa w \\u015awi\\u0119tej Katarzynie\",\"url\":\"https:\\\/\\\/www.spkatarzyna.pl\\\/\",\"telephone\":\"+48713116378\",\"sameAs\":[\"https:\\\/\\\/facebook.com\\\/\",\"https:\\\/\\\/x.com\\\/\",\"https:\\\/\\\/instagram.com\\\/\",\"https:\\\/\\\/pinterest.com\\\/\",\"https:\\\/\\\/youtube.com\\\/\",\"https:\\\/\\\/linkedin.com\\\/in\\\/\"]},{\"@type\":\"Person\",\"@id\":\"https:\\\/\\\/www.spkatarzyna.pl\\\/index.php\\\/author\\\/agatasafianspkatarzyna-pl\\\/#author\",\"url\":\"https:\\\/\\\/www.spkatarzyna.pl\\\/index.php\\\/author\\\/agatasafianspkatarzyna-pl\\\/\",\"name\":\"Redakcja\",\"image\":{\"@type\":\"ImageObject\",\"@id\":\"https:\\\/\\\/www.spkatarzyna.pl\\\/index.php\\\/2024\\\/11\\\/26\\\/vi-olimpiada-literatury-i-jezyka-polskiego\\\/#authorImage\",\"url\":\"https:\\\/\\\/secure.gravatar.com\\\/avatar\\\/765290513df94d442152250e92b42327?s=96&d=mm&r=g\",\"width\":96,\"height\":96,\"caption\":\"Redakcja\"}},{\"@type\":\"WebPage\",\"@id\":\"https:\\\/\\\/www.spkatarzyna.pl\\\/index.php\\\/2024\\\/11\\\/26\\\/vi-olimpiada-literatury-i-jezyka-polskiego\\\/#webpage\",\"url\":\"https:\\\/\\\/www.spkatarzyna.pl\\\/index.php\\\/2024\\\/11\\\/26\\\/vi-olimpiada-literatury-i-jezyka-polskiego\\\/\",\"name\":\"VI Olimpiada Literatury i J\\u0119zyka Polskiego - SP Katarzyna\",\"description\":\"Z rado\\u015bci\\u0105 informuj\\u0119, \\u017ce uczennica klasy 8b Liwia Domaga\\u0142a, przesz\\u0142a do etapu wojew\\u00f3dzkiego VI Og\\u00f3lnopolskiej Olimpiady Literatury i J\\u0119zyka Polskiego dla Szk\\u00f3\\u0142 Podstawowych pod patronatem Instytutu Bada\\u0144 Literackich Polskiej Akademii Nauk w Warszawie. Gratulujemy i \\u017cyczymy powodzenia na kolejnym etapie!Joanna Szabli\\u0144ska-\\u0141aba\",\"inLanguage\":\"pl-PL\",\"isPartOf\":{\"@id\":\"https:\\\/\\\/www.spkatarzyna.pl\\\/#website\"},\"breadcrumb\":{\"@id\":\"https:\\\/\\\/www.spkatarzyna.pl\\\/index.php\\\/2024\\\/11\\\/26\\\/vi-olimpiada-literatury-i-jezyka-polskiego\\\/#breadcrumblist\"},\"author\":{\"@id\":\"https:\\\/\\\/www.spkatarzyna.pl\\\/index.php\\\/author\\\/agatasafianspkatarzyna-pl\\\/#author\"},\"creator\":{\"@id\":\"https:\\\/\\\/www.spkatarzyna.pl\\\/index.php\\\/author\\\/agatasafianspkatarzyna-pl\\\/#author\"},\"image\":{\"@type\":\"ImageObject\",\"url\":\"https:\\\/\\\/www.spkatarzyna.pl\\\/wp-content\\\/uploads\\\/2024\\\/11\\\/Zrzut-ekranu-2024-11-26-o-13.52.png\",\"@id\":\"https:\\\/\\\/www.spkatarzyna.pl\\\/index.php\\\/2024\\\/11\\\/26\\\/vi-olimpiada-literatury-i-jezyka-polskiego\\\/#mainImage\",\"width\":360,\"height\":202},\"primaryImageOfPage\":{\"@id\":\"https:\\\/\\\/www.spkatarzyna.pl\\\/index.php\\\/2024\\\/11\\\/26\\\/vi-olimpiada-literatury-i-jezyka-polskiego\\\/#mainImage\"},\"datePublished\":\"2024-11-26T22:23:14+01:00\",\"dateModified\":\"2024-11-26T22:25:15+01:00\"},{\"@type\":\"WebSite\",\"@id\":\"https:\\\/\\\/www.spkatarzyna.pl\\\/#website\",\"url\":\"https:\\\/\\\/www.spkatarzyna.pl\\\/\",\"name\":\"SP Katarzyna\",\"description\":\"Publiczna Szko\\u0142a Podstawowa w \\u015awi\\u0119tej Katarzynie\",\"inLanguage\":\"pl-PL\",\"publisher\":{\"@id\":\"https:\\\/\\\/www.spkatarzyna.pl\\\/#organization\"}}]}\n\t\t<\/script>\n\t\t<!-- All in One SEO -->\n\n","aioseo_head_json":{"title":"VI Olimpiada Literatury i J\u0119zyka Polskiego - SP Katarzyna","description":"Z rado\u015bci\u0105 informuj\u0119, \u017ce uczennica klasy 8b Liwia Domaga\u0142a, przesz\u0142a do etapu wojew\u00f3dzkiego VI Og\u00f3lnopolskiej Olimpiady Literatury i J\u0119zyka Polskiego dla Szk\u00f3\u0142 Podstawowych pod patronatem Instytutu Bada\u0144 Literackich Polskiej Akademii Nauk w Warszawie. Gratulujemy i \u017cyczymy powodzenia na kolejnym etapie!Joanna Szabli\u0144ska-\u0141aba","canonical_url":"https:\/\/www.spkatarzyna.pl\/index.php\/2024\/11\/26\/vi-olimpiada-literatury-i-jezyka-polskiego\/","robots":"max-image-preview:large","keywords":"","webmasterTools":{"miscellaneous":""},"schema":{"@context":"https:\/\/schema.org","@graph":[{"@type":"BlogPosting","@id":"https:\/\/www.spkatarzyna.pl\/index.php\/2024\/11\/26\/vi-olimpiada-literatury-i-jezyka-polskiego\/#blogposting","name":"VI Olimpiada Literatury i J\u0119zyka Polskiego - SP Katarzyna","headline":"VI Olimpiada Literatury i J\u0119zyka Polskiego","author":{"@id":"https:\/\/www.spkatarzyna.pl\/index.php\/author\/agatasafianspkatarzyna-pl\/#author"},"publisher":{"@id":"https:\/\/www.spkatarzyna.pl\/#organization"},"image":{"@type":"ImageObject","url":"https:\/\/www.spkatarzyna.pl\/wp-content\/uploads\/2024\/11\/Zrzut-ekranu-2024-11-26-o-13.52.png","width":360,"height":202},"datePublished":"2024-11-26T22:23:14+01:00","dateModified":"2024-11-26T22:25:15+01:00","inLanguage":"pl-PL","mainEntityOfPage":{"@id":"https:\/\/www.spkatarzyna.pl\/index.php\/2024\/11\/26\/vi-olimpiada-literatury-i-jezyka-polskiego\/#webpage"},"isPartOf":{"@id":"https:\/\/www.spkatarzyna.pl\/index.php\/2024\/11\/26\/vi-olimpiada-literatury-i-jezyka-polskiego\/#webpage"},"articleSection":"Uncategorized"},{"@type":"BreadcrumbList","@id":"https:\/\/www.spkatarzyna.pl\/index.php\/2024\/11\/26\/vi-olimpiada-literatury-i-jezyka-polskiego\/#breadcrumblist","itemListElement":[{"@type":"ListItem","@id":"https:\/\/www.spkatarzyna.pl#listItem","position":1,"name":"Dom","item":"https:\/\/www.spkatarzyna.pl","nextItem":{"@type":"ListItem","@id":"https:\/\/www.spkatarzyna.pl\/index.php\/category\/uncategorized\/#listItem","name":"Uncategorized"}},{"@type":"ListItem","@id":"https:\/\/www.spkatarzyna.pl\/index.php\/category\/uncategorized\/#listItem","position":2,"name":"Uncategorized","item":"https:\/\/www.spkatarzyna.pl\/index.php\/category\/uncategorized\/","nextItem":{"@type":"ListItem","@id":"https:\/\/www.spkatarzyna.pl\/index.php\/2024\/11\/26\/vi-olimpiada-literatury-i-jezyka-polskiego\/#listItem","name":"VI Olimpiada Literatury i J\u0119zyka Polskiego"},"previousItem":{"@type":"ListItem","@id":"https:\/\/www.spkatarzyna.pl#listItem","name":"Dom"}},{"@type":"ListItem","@id":"https:\/\/www.spkatarzyna.pl\/index.php\/2024\/11\/26\/vi-olimpiada-literatury-i-jezyka-polskiego\/#listItem","position":3,"name":"VI Olimpiada Literatury i J\u0119zyka Polskiego","previousItem":{"@type":"ListItem","@id":"https:\/\/www.spkatarzyna.pl\/index.php\/category\/uncategorized\/#listItem","name":"Uncategorized"}}]},{"@type":"Organization","@id":"https:\/\/www.spkatarzyna.pl\/#organization","name":"SP Katarzyna","description":"Publiczna Szko\u0142a Podstawowa w \u015awi\u0119tej Katarzynie","url":"https:\/\/www.spkatarzyna.pl\/","telephone":"+48713116378","sameAs":["https:\/\/facebook.com\/","https:\/\/x.com\/","https:\/\/instagram.com\/","https:\/\/pinterest.com\/","https:\/\/youtube.com\/","https:\/\/linkedin.com\/in\/"]},{"@type":"Person","@id":"https:\/\/www.spkatarzyna.pl\/index.php\/author\/agatasafianspkatarzyna-pl\/#author","url":"https:\/\/www.spkatarzyna.pl\/index.php\/author\/agatasafianspkatarzyna-pl\/","name":"Redakcja","image":{"@type":"ImageObject","@id":"https:\/\/www.spkatarzyna.pl\/index.php\/2024\/11\/26\/vi-olimpiada-literatury-i-jezyka-polskiego\/#authorImage","url":"https:\/\/secure.gravatar.com\/avatar\/765290513df94d442152250e92b42327?s=96&d=mm&r=g","width":96,"height":96,"caption":"Redakcja"}},{"@type":"WebPage","@id":"https:\/\/www.spkatarzyna.pl\/index.php\/2024\/11\/26\/vi-olimpiada-literatury-i-jezyka-polskiego\/#webpage","url":"https:\/\/www.spkatarzyna.pl\/index.php\/2024\/11\/26\/vi-olimpiada-literatury-i-jezyka-polskiego\/","name":"VI Olimpiada Literatury i J\u0119zyka Polskiego - SP Katarzyna","description":"Z rado\u015bci\u0105 informuj\u0119, \u017ce uczennica klasy 8b Liwia Domaga\u0142a, przesz\u0142a do etapu wojew\u00f3dzkiego VI Og\u00f3lnopolskiej Olimpiady Literatury i J\u0119zyka Polskiego dla Szk\u00f3\u0142 Podstawowych pod patronatem Instytutu Bada\u0144 Literackich Polskiej Akademii Nauk w Warszawie. Gratulujemy i \u017cyczymy powodzenia na kolejnym etapie!Joanna Szabli\u0144ska-\u0141aba","inLanguage":"pl-PL","isPartOf":{"@id":"https:\/\/www.spkatarzyna.pl\/#website"},"breadcrumb":{"@id":"https:\/\/www.spkatarzyna.pl\/index.php\/2024\/11\/26\/vi-olimpiada-literatury-i-jezyka-polskiego\/#breadcrumblist"},"author":{"@id":"https:\/\/www.spkatarzyna.pl\/index.php\/author\/agatasafianspkatarzyna-pl\/#author"},"creator":{"@id":"https:\/\/www.spkatarzyna.pl\/index.php\/author\/agatasafianspkatarzyna-pl\/#author"},"image":{"@type":"ImageObject","url":"https:\/\/www.spkatarzyna.pl\/wp-content\/uploads\/2024\/11\/Zrzut-ekranu-2024-11-26-o-13.52.png","@id":"https:\/\/www.spkatarzyna.pl\/index.php\/2024\/11\/26\/vi-olimpiada-literatury-i-jezyka-polskiego\/#mainImage","width":360,"height":202},"primaryImageOfPage":{"@id":"https:\/\/www.spkatarzyna.pl\/index.php\/2024\/11\/26\/vi-olimpiada-literatury-i-jezyka-polskiego\/#mainImage"},"datePublished":"2024-11-26T22:23:14+01:00","dateModified":"2024-11-26T22:25:15+01:00"},{"@type":"WebSite","@id":"https:\/\/www.spkatarzyna.pl\/#website","url":"https:\/\/www.spkatarzyna.pl\/","name":"SP Katarzyna","description":"Publiczna Szko\u0142a Podstawowa w \u015awi\u0119tej Katarzynie","inLanguage":"pl-PL","publisher":{"@id":"https:\/\/www.spkatarzyna.pl\/#organization"}}]},"og:locale":"pl_PL","og:site_name":"SP Katarzyna - Publiczna Szko\u0142a Podstawowa w \u015awi\u0119tej Katarzynie","og:type":"article","og:title":"VI Olimpiada Literatury i J\u0119zyka Polskiego - SP Katarzyna","og:description":"Z rado\u015bci\u0105 informuj\u0119, \u017ce uczennica klasy 8b Liwia Domaga\u0142a, przesz\u0142a do etapu wojew\u00f3dzkiego VI Og\u00f3lnopolskiej Olimpiady Literatury i J\u0119zyka Polskiego dla Szk\u00f3\u0142 Podstawowych pod patronatem Instytutu Bada\u0144 Literackich Polskiej Akademii Nauk w Warszawie. Gratulujemy i \u017cyczymy powodzenia na kolejnym etapie!Joanna Szabli\u0144ska-\u0141aba","og:url":"https:\/\/www.spkatarzyna.pl\/index.php\/2024\/11\/26\/vi-olimpiada-literatury-i-jezyka-polskiego\/","article:published_time":"2024-11-26T22:23:14+00:00","article:modified_time":"2024-11-26T22:25:15+00:00","twitter:card":"summary_large_image","twitter:title":"VI Olimpiada Literatury i J\u0119zyka Polskiego - SP Katarzyna","twitter:description":"Z rado\u015bci\u0105 informuj\u0119, \u017ce uczennica klasy 8b Liwia Domaga\u0142a, przesz\u0142a do etapu wojew\u00f3dzkiego VI Og\u00f3lnopolskiej Olimpiady Literatury i J\u0119zyka Polskiego dla Szk\u00f3\u0142 Podstawowych pod patronatem Instytutu Bada\u0144 Literackich Polskiej Akademii Nauk w Warszawie. Gratulujemy i \u017cyczymy powodzenia na kolejnym etapie!Joanna Szabli\u0144ska-\u0141aba"},"aioseo_meta_data":{"post_id":"12983","title":null,"description":null,"keywords":null,"keyphrases":{"focus":{"keyphrase":"","score":0,"analysis":{"keyphraseInTitle":{"score":0,"maxScore":9,"error":1}}},"additional":[]},"primary_term":null,"canonical_url":null,"og_title":null,"og_description":null,"og_object_type":"default","og_image_type":"default","og_image_url":null,"og_image_width":null,"og_image_height":null,"og_image_custom_url":null,"og_image_custom_fields":null,"og_video":"","og_custom_url":null,"og_article_section":null,"og_article_tags":null,"twitter_use_og":false,"twitter_card":"default","twitter_image_type":"default","twitter_image_url":null,"twitter_image_custom_url":null,"twitter_image_custom_fields":null,"twitter_title":null,"twitter_description":null,"schema":{"blockGraphs":[],"customGraphs":[],"default":{"data":{"Article":[],"Course":[],"Dataset":[],"FAQPage":[],"Movie":[],"Person":[],"Product":[],"ProductReview":[],"Car":[],"Recipe":[],"Service":[],"SoftwareApplication":[],"WebPage":[]},"graphName":"BlogPosting","isEnabled":true},"graphs":[]},"schema_type":"default","schema_type_options":null,"pillar_content":false,"robots_default":true,"robots_noindex":false,"robots_noarchive":false,"robots_nosnippet":false,"robots_nofollow":false,"robots_noimageindex":false,"robots_noodp":false,"robots_notranslate":false,"robots_max_snippet":"-1","robots_max_videopreview":"-1","robots_max_imagepreview":"large","priority":null,"frequency":"default","local_seo":null,"limit_modified_date":false,"created":"2024-11-26 22:23:15","updated":"2026-09-03 16:04:52","focus_keyword":null,"additional_keywords":null,"truseo_locale":null,"ai":null,"breadcrumb_settings":null,"seo_analyzer_scan_date":null},"aioseo_breadcrumb":"<div class=\"aioseo-breadcrumbs\"><span class=\"aioseo-breadcrumb\">\n\t\t\t<a href=\"https:\/\/www.spkatarzyna.pl\" title=\"Dom\">Dom<\/a>\n\t\t<\/span><span class=\"aioseo-breadcrumb-separator\">&raquo;<\/span><span class=\"aioseo-breadcrumb\">\n\t\t\t<a href=\"https:\/\/www.spkatarzyna.pl\/index.php\/category\/uncategorized\/\" title=\"Uncategorized\">Uncategorized<\/a>\n\t\t<\/span><span class=\"aioseo-breadcrumb-separator\">&raquo;<\/span><span class=\"aioseo-breadcrumb\">\n\t\t\tVI Olimpiada Literatury i J\u0119zyka Polskiego\n\t\t<\/span><\/div>","aioseo_breadcrumb_json":[{"label":"Dom","link":"https:\/\/www.spkatarzyna.pl"},{"label":"Uncategorized","link":"https:\/\/www.spkatarzyna.pl\/index.php\/category\/uncategorized\/"},{"label":"VI Olimpiada Literatury i J\u0119zyka Polskiego","link":"https:\/\/www.spkatarzyna.pl\/index.php\/2024\/11\/26\/vi-olimpiada-literatury-i-jezyka-polskiego\/"}],"_links":{"self":[{"href":"https:\/\/www.spkatarzyna.pl\/index.php\/wp-json\/wp\/v2\/posts\/12983","targetHints":{"allow":["GET"]}}],"collection":[{"href":"https:\/\/www.spkatarzyna.pl\/index.php\/wp-json\/wp\/v2\/posts"}],"about":[{"href":"https:\/\/www.spkatarzyna.pl\/index.php\/wp-json\/wp\/v2\/types\/post"}],"author":[{"embeddable":true,"href":"https:\/\/www.spkatarzyna.pl\/index.php\/wp-json\/wp\/v2\/users\/6"}],"replies":[{"embeddable":true,"href":"https:\/\/www.spkatarzyna.pl\/index.php\/wp-json\/wp\/v2\/comments?post=12983"}],"version-history":[{"count":7,"href":"https:\/\/www.spkatarzyna.pl\/index.php\/wp-json\/wp\/v2\/posts\/12983\/revisions"}],"predecessor-version":[{"id":12992,"href":"https:\/\/www.spkatarzyna.pl\/index.php\/wp-json\/wp\/v2\/posts\/12983\/revisions\/12992"}],"wp:featuredmedia":[{"embeddable":true,"href":"https:\/\/www.spkatarzyna.pl\/index.php\/wp-json\/wp\/v2\/media\/12984"}],"wp:attachment":[{"href":"https:\/\/www.spkatarzyna.pl\/index.php\/wp-json\/wp\/v2\/media?parent=12983"}],"wp:term":[{"taxonomy":"category","embeddable":true,"href":"https:\/\/www.spkatarzyna.pl\/index.php\/wp-json\/wp\/v2\/categories?post=12983"},{"taxonomy":"post_tag","embeddable":true,"href":"https:\/\/www.spkatarzyna.pl\/index.php\/wp-json\/wp\/v2\/tags?post=12983"}],"curies":[{"name":"wp","href":"https:\/\/api.w.org\/{rel}","templated":true}]}}