{"id":13022,"date":"2024-11-29T07:14:42","date_gmt":"2024-11-29T07:14:42","guid":{"rendered":"https:\/\/www.spkatarzyna.pl\/?p=13022"},"modified":"2024-11-29T07:24:45","modified_gmt":"2024-11-29T07:24:45","slug":"mickiewiczowskie-zaduszki-w-urzedzie-miasta","status":"publish","type":"post","link":"https:\/\/www.spkatarzyna.pl\/index.php\/2024\/11\/29\/mickiewiczowskie-zaduszki-w-urzedzie-miasta\/","title":{"rendered":"Wyst\u0119p uczni\u00f3w klas 8 w UM Siechnice"},"content":{"rendered":"\t\t<div data-elementor-type=\"wp-post\" data-elementor-id=\"13022\" class=\"elementor elementor-13022\">\n\t\t\t\t\t\t<section class=\"elementor-section elementor-top-section elementor-element elementor-element-50688c70 elementor-section-boxed elementor-section-height-default elementor-section-height-default\" data-id=\"50688c70\" data-element_type=\"section\">\n\t\t\t\t\t\t<div class=\"elementor-container elementor-column-gap-default\">\n\t\t\t\t\t<div class=\"elementor-column elementor-col-100 elementor-top-column elementor-element elementor-element-38460e22\" data-id=\"38460e22\" data-element_type=\"column\">\n\t\t\t<div class=\"elementor-widget-wrap elementor-element-populated\">\n\t\t\t\t\t\t<div class=\"elementor-element elementor-element-54e56294 elementor-widget elementor-widget-text-editor\" data-id=\"54e56294\" data-element_type=\"widget\" data-widget_type=\"text-editor.default\">\n\t\t\t\t\t\t\t\t\t<p style=\"font-weight: 400; text-align: justify;\"><span style=\"color: #000000; font-size: 14pt;\">W czwartek 28.11.2024 r. o godzinie 16.30 klasy 8a i 8b wyst\u0105pi\u0142y w Urz\u0119dzie Miasta w Siechnicach i \u00a0zaprezentowa\u0142y program \u201eMickiewiczowskie Zaduszki\u201d.\u00a0 Kolejny raz dramat Adama Mickiewicza sta\u0142 si\u0119 okazj\u0105 do zadumy nad sensem istnienia oraz przypomnienia dawnych s\u0142owia\u0144skich obrz\u0119d\u00f3w. Warto doda\u0107, \u017ce wyst\u0119p zosta\u0142 wzbogacony o pi\u0119kny taniec uczennicy z klasy 5 &#8211; Oliwki Matkowskiej.<\/span><\/p>\t\t\t\t\t\t\t\t<\/div>\n\t\t\t\t<div class=\"elementor-element elementor-element-f5f6b5b elementor-widget elementor-widget-video\" data-id=\"f5f6b5b\" data-element_type=\"widget\" data-settings=\"{&quot;youtube_url&quot;:&quot;https:\\\/\\\/youtu.be\\\/givI0WoXSYk&quot;,&quot;video_type&quot;:&quot;youtube&quot;,&quot;controls&quot;:&quot;yes&quot;}\" data-widget_type=\"video.default\">\n\t\t\t\t\t\t\t<div class=\"elementor-wrapper elementor-open-inline\">\n\t\t\t<div class=\"elementor-video\"><\/div>\t\t<\/div>\n\t\t\t\t\t\t<\/div>\n\t\t\t\t<div class=\"elementor-element elementor-element-08c80eb elementor-widget elementor-widget-image-gallery\" data-id=\"08c80eb\" data-element_type=\"widget\" data-widget_type=\"image-gallery.default\">\n\t\t\t\t\t\t\t<div class=\"elementor-image-gallery\">\n\t\t\t\n\t\t<div id='gallery-1' class='gallery galleryid-13022 gallery-columns-4 gallery-size-thumbnail gallery1'><script type=\"text\/javascript\">\n\/\/ <![CDATA[\n\tjQuery(document).ready(function () {\n\t\tjQuery(\".gallery1 a\").attr(\"rel\",\"gallery1\");\t\n\t\tjQuery('a[rel=\"gallery1\"]').colorbox({title: function(){ return jQuery(this).children().attr(\"alt\"); }});\n\t});\n\/\/ ]]>\n<\/script>\n<dl class=\"gallery-item\">\n<dt class=\"gallery-icon\">\n<a href=\"https:\/\/www.spkatarzyna.pl\/wp-content\/uploads\/2024\/11\/PHOTO-2024-11-29-08-03-22-2-300x225.jpg\" title=\"\" rel=\"gallery1\" rel=\"lightbox[13022]\"><img decoding=\"async\" src=\"https:\/\/www.spkatarzyna.pl\/wp-content\/uploads\/2024\/11\/PHOTO-2024-11-29-08-03-22-2-150x150.jpg\" width=\"150\" height=\"150\" alt=\"\" \/><\/a>\n<\/dt><\/dl><dl class=\"gallery-item\">\n<dt class=\"gallery-icon\">\n<a href=\"https:\/\/www.spkatarzyna.pl\/wp-content\/uploads\/2024\/11\/PHOTO-2024-11-29-08-03-22-300x225.jpg\" title=\"\" rel=\"gallery1\" rel=\"lightbox[13022]\"><img decoding=\"async\" src=\"https:\/\/www.spkatarzyna.pl\/wp-content\/uploads\/2024\/11\/PHOTO-2024-11-29-08-03-22-150x150.jpg\" width=\"150\" height=\"150\" alt=\"\" \/><\/a>\n<\/dt><\/dl><dl class=\"gallery-item\">\n<dt class=\"gallery-icon\">\n<a href=\"https:\/\/www.spkatarzyna.pl\/wp-content\/uploads\/2024\/11\/PHOTO-2024-11-29-08-03-23-2-300x225.jpg\" title=\"\" rel=\"gallery1\" rel=\"lightbox[13022]\"><img decoding=\"async\" src=\"https:\/\/www.spkatarzyna.pl\/wp-content\/uploads\/2024\/11\/PHOTO-2024-11-29-08-03-23-2-150x150.jpg\" width=\"150\" height=\"150\" alt=\"\" \/><\/a>\n<\/dt><\/dl><dl class=\"gallery-item\">\n<dt class=\"gallery-icon\">\n<a href=\"https:\/\/www.spkatarzyna.pl\/wp-content\/uploads\/2024\/11\/PHOTO-2024-11-29-08-03-23-300x214.jpg\" title=\"\" rel=\"gallery1\" rel=\"lightbox[13022]\"><img loading=\"lazy\" decoding=\"async\" src=\"https:\/\/www.spkatarzyna.pl\/wp-content\/uploads\/2024\/11\/PHOTO-2024-11-29-08-03-23-150x150.jpg\" width=\"150\" height=\"150\" alt=\"\" \/><\/a>\n<\/dt><\/dl><br style=\"clear: both\" \/><dl class=\"gallery-item\">\n<dt class=\"gallery-icon\">\n<a href=\"https:\/\/www.spkatarzyna.pl\/wp-content\/uploads\/2024\/11\/PHOTO-2024-11-29-08-03-25-300x225.jpg\" title=\"\" rel=\"gallery1\" rel=\"lightbox[13022]\"><img loading=\"lazy\" decoding=\"async\" src=\"https:\/\/www.spkatarzyna.pl\/wp-content\/uploads\/2024\/11\/PHOTO-2024-11-29-08-03-25-150x150.jpg\" width=\"150\" height=\"150\" alt=\"\" \/><\/a>\n<\/dt><\/dl><dl class=\"gallery-item\">\n<dt class=\"gallery-icon\">\n<a href=\"https:\/\/www.spkatarzyna.pl\/wp-content\/uploads\/2024\/11\/PHOTO-2024-11-29-08-03-25-2-300x225.jpg\" title=\"\" rel=\"gallery1\" rel=\"lightbox[13022]\"><img loading=\"lazy\" decoding=\"async\" src=\"https:\/\/www.spkatarzyna.pl\/wp-content\/uploads\/2024\/11\/PHOTO-2024-11-29-08-03-25-2-150x150.jpg\" width=\"150\" height=\"150\" alt=\"\" \/><\/a>\n<\/dt><\/dl><dl class=\"gallery-item\">\n<dt class=\"gallery-icon\">\n<a href=\"https:\/\/www.spkatarzyna.pl\/wp-content\/uploads\/2024\/11\/PHOTO-2024-11-29-08-03-24-300x225.jpg\" title=\"\" rel=\"gallery1\" rel=\"lightbox[13022]\"><img loading=\"lazy\" decoding=\"async\" src=\"https:\/\/www.spkatarzyna.pl\/wp-content\/uploads\/2024\/11\/PHOTO-2024-11-29-08-03-24-150x150.jpg\" width=\"150\" height=\"150\" alt=\"\" \/><\/a>\n<\/dt><\/dl><dl class=\"gallery-item\">\n<dt class=\"gallery-icon\">\n<a href=\"https:\/\/www.spkatarzyna.pl\/wp-content\/uploads\/2024\/11\/PHOTO-2024-11-29-08-03-24-2-300x225.jpg\" title=\"\" rel=\"gallery1\" rel=\"lightbox[13022]\"><img loading=\"lazy\" decoding=\"async\" src=\"https:\/\/www.spkatarzyna.pl\/wp-content\/uploads\/2024\/11\/PHOTO-2024-11-29-08-03-24-2-150x150.jpg\" width=\"150\" height=\"150\" alt=\"\" \/><\/a>\n<\/dt><\/dl><br style=\"clear: both\" \/><br style=\"clear: both\" \/><\/div>\t\t<\/div>\n\t\t\t\t\t\t<\/div>\n\t\t\t\t\t<\/div>\n\t\t<\/div>\n\t\t\t\t\t<\/div>\n\t\t<\/section>\n\t\t\t\t<\/div>\n\t\t","protected":false},"excerpt":{"rendered":"<p>W czwartek 28.11.2024 r. o godzinie 16.30 klasy 8a i 8b wyst\u0105pi\u0142y w Urz\u0119dzie Miasta w Siechnicach i \u00a0zaprezentowa\u0142y program \u201eMickiewiczowskie Zaduszki\u201d.\u00a0 Kolejny raz dramat Adama Mickiewicza sta\u0142 si\u0119 okazj\u0105 do zadumy nad sensem istnienia oraz przypomnienia dawnych s\u0142owia\u0144skich obrz\u0119d\u00f3w. Warto doda\u0107, \u017ce wyst\u0119p zosta\u0142 wzbogacony o pi\u0119kny taniec uczennicy [&hellip;]<\/p>\n","protected":false},"author":6,"featured_media":13023,"comment_status":"open","ping_status":"open","sticky":false,"template":"","format":"standard","meta":{"om_disable_all_campaigns":false,"_monsterinsights_skip_tracking":false,"ngg_post_thumbnail":0,"footnotes":""},"categories":[1],"tags":[],"class_list":["post-13022","post","type-post","status-publish","format-standard","has-post-thumbnail","hentry","category-uncategorized"],"aioseo_notices":[],"aioseo_head":"\n\t\t<!-- All in One SEO 5.0.1.1 - aioseo.com -->\n\t<meta name=\"description\" content=\"W czwartek 28.11.2024 r. o godzinie 16.30 klasy 8a i 8b wyst\u0105pi\u0142y w Urz\u0119dzie Miasta w Siechnicach i zaprezentowa\u0142y program \u201eMickiewiczowskie Zaduszki\u201d. Kolejny raz dramat Adama Mickiewicza sta\u0142 si\u0119 okazj\u0105 do zadumy nad sensem istnienia oraz przypomnienia dawnych s\u0142owia\u0144skich obrz\u0119d\u00f3w. Warto doda\u0107, \u017ce wyst\u0119p zosta\u0142 wzbogacony o pi\u0119kny taniec uczennicy z klasy 5 \u2013 Oliwki\" \/>\n\t<meta name=\"robots\" content=\"max-image-preview:large\" \/>\n\t<meta name=\"author\" content=\"Redakcja\"\/>\n\t<link rel=\"canonical\" href=\"https:\/\/www.spkatarzyna.pl\/index.php\/2024\/11\/29\/mickiewiczowskie-zaduszki-w-urzedzie-miasta\/\" \/>\n\t<meta name=\"generator\" content=\"All in One SEO (AIOSEO) 5.0.1.1\" \/>\n\t\t<meta property=\"og:locale\" content=\"pl_PL\" \/>\n\t\t<meta property=\"og:site_name\" content=\"SP Katarzyna - Publiczna Szko\u0142a Podstawowa w \u015awi\u0119tej Katarzynie\" \/>\n\t\t<meta property=\"og:type\" content=\"article\" \/>\n\t\t<meta property=\"og:title\" content=\"Wyst\u0119p uczni\u00f3w klas 8 w UM Siechnice - SP Katarzyna\" \/>\n\t\t<meta property=\"og:description\" content=\"W czwartek 28.11.2024 r. o godzinie 16.30 klasy 8a i 8b wyst\u0105pi\u0142y w Urz\u0119dzie Miasta w Siechnicach i zaprezentowa\u0142y program \u201eMickiewiczowskie Zaduszki\u201d. Kolejny raz dramat Adama Mickiewicza sta\u0142 si\u0119 okazj\u0105 do zadumy nad sensem istnienia oraz przypomnienia dawnych s\u0142owia\u0144skich obrz\u0119d\u00f3w. Warto doda\u0107, \u017ce wyst\u0119p zosta\u0142 wzbogacony o pi\u0119kny taniec uczennicy z klasy 5 \u2013 Oliwki\" \/>\n\t\t<meta property=\"og:url\" content=\"https:\/\/www.spkatarzyna.pl\/index.php\/2024\/11\/29\/mickiewiczowskie-zaduszki-w-urzedzie-miasta\/\" \/>\n\t\t<meta property=\"article:published_time\" content=\"2024-11-29T07:14:42+00:00\" \/>\n\t\t<meta property=\"article:modified_time\" content=\"2024-11-29T07:24:45+00:00\" \/>\n\t\t<meta name=\"twitter:card\" content=\"summary_large_image\" \/>\n\t\t<meta name=\"twitter:title\" content=\"Wyst\u0119p uczni\u00f3w klas 8 w UM Siechnice - SP Katarzyna\" \/>\n\t\t<meta name=\"twitter:description\" content=\"W czwartek 28.11.2024 r. o godzinie 16.30 klasy 8a i 8b wyst\u0105pi\u0142y w Urz\u0119dzie Miasta w Siechnicach i zaprezentowa\u0142y program \u201eMickiewiczowskie Zaduszki\u201d. Kolejny raz dramat Adama Mickiewicza sta\u0142 si\u0119 okazj\u0105 do zadumy nad sensem istnienia oraz przypomnienia dawnych s\u0142owia\u0144skich obrz\u0119d\u00f3w. Warto doda\u0107, \u017ce wyst\u0119p zosta\u0142 wzbogacony o pi\u0119kny taniec uczennicy z klasy 5 \u2013 Oliwki\" \/>\n\t\t<script type=\"application\/ld+json\" class=\"aioseo-schema\">\n\t\t\t{\"@context\":\"https:\\\/\\\/schema.org\",\"@graph\":[{\"@type\":\"BlogPosting\",\"@id\":\"https:\\\/\\\/www.spkatarzyna.pl\\\/index.php\\\/2024\\\/11\\\/29\\\/mickiewiczowskie-zaduszki-w-urzedzie-miasta\\\/#blogposting\",\"name\":\"Wyst\\u0119p uczni\\u00f3w klas 8 w UM Siechnice - SP Katarzyna\",\"headline\":\"Wyst\\u0119p uczni\\u00f3w klas 8 w UM Siechnice\",\"author\":{\"@id\":\"https:\\\/\\\/www.spkatarzyna.pl\\\/index.php\\\/author\\\/agatasafianspkatarzyna-pl\\\/#author\"},\"publisher\":{\"@id\":\"https:\\\/\\\/www.spkatarzyna.pl\\\/#organization\"},\"image\":{\"@type\":\"ImageObject\",\"url\":\"https:\\\/\\\/www.spkatarzyna.pl\\\/wp-content\\\/uploads\\\/2024\\\/11\\\/PHOTO-2024-11-29-08-03-22-2-2.jpg\",\"width\":360,\"height\":202},\"datePublished\":\"2024-11-29T07:14:42+01:00\",\"dateModified\":\"2024-11-29T07:24:45+01:00\",\"inLanguage\":\"pl-PL\",\"mainEntityOfPage\":{\"@id\":\"https:\\\/\\\/www.spkatarzyna.pl\\\/index.php\\\/2024\\\/11\\\/29\\\/mickiewiczowskie-zaduszki-w-urzedzie-miasta\\\/#webpage\"},\"isPartOf\":{\"@id\":\"https:\\\/\\\/www.spkatarzyna.pl\\\/index.php\\\/2024\\\/11\\\/29\\\/mickiewiczowskie-zaduszki-w-urzedzie-miasta\\\/#webpage\"},\"articleSection\":\"Uncategorized\"},{\"@type\":\"BreadcrumbList\",\"@id\":\"https:\\\/\\\/www.spkatarzyna.pl\\\/index.php\\\/2024\\\/11\\\/29\\\/mickiewiczowskie-zaduszki-w-urzedzie-miasta\\\/#breadcrumblist\",\"itemListElement\":[{\"@type\":\"ListItem\",\"@id\":\"https:\\\/\\\/www.spkatarzyna.pl#listItem\",\"position\":1,\"name\":\"Dom\",\"item\":\"https:\\\/\\\/www.spkatarzyna.pl\",\"nextItem\":{\"@type\":\"ListItem\",\"@id\":\"https:\\\/\\\/www.spkatarzyna.pl\\\/index.php\\\/category\\\/uncategorized\\\/#listItem\",\"name\":\"Uncategorized\"}},{\"@type\":\"ListItem\",\"@id\":\"https:\\\/\\\/www.spkatarzyna.pl\\\/index.php\\\/category\\\/uncategorized\\\/#listItem\",\"position\":2,\"name\":\"Uncategorized\",\"item\":\"https:\\\/\\\/www.spkatarzyna.pl\\\/index.php\\\/category\\\/uncategorized\\\/\",\"nextItem\":{\"@type\":\"ListItem\",\"@id\":\"https:\\\/\\\/www.spkatarzyna.pl\\\/index.php\\\/2024\\\/11\\\/29\\\/mickiewiczowskie-zaduszki-w-urzedzie-miasta\\\/#listItem\",\"name\":\"Wyst\\u0119p uczni\\u00f3w klas 8 w UM Siechnice\"},\"previousItem\":{\"@type\":\"ListItem\",\"@id\":\"https:\\\/\\\/www.spkatarzyna.pl#listItem\",\"name\":\"Dom\"}},{\"@type\":\"ListItem\",\"@id\":\"https:\\\/\\\/www.spkatarzyna.pl\\\/index.php\\\/2024\\\/11\\\/29\\\/mickiewiczowskie-zaduszki-w-urzedzie-miasta\\\/#listItem\",\"position\":3,\"name\":\"Wyst\\u0119p uczni\\u00f3w klas 8 w UM Siechnice\",\"previousItem\":{\"@type\":\"ListItem\",\"@id\":\"https:\\\/\\\/www.spkatarzyna.pl\\\/index.php\\\/category\\\/uncategorized\\\/#listItem\",\"name\":\"Uncategorized\"}}]},{\"@type\":\"Organization\",\"@id\":\"https:\\\/\\\/www.spkatarzyna.pl\\\/#organization\",\"name\":\"SP Katarzyna\",\"description\":\"Publiczna Szko\\u0142a Podstawowa w \\u015awi\\u0119tej Katarzynie\",\"url\":\"https:\\\/\\\/www.spkatarzyna.pl\\\/\",\"telephone\":\"+48713116378\",\"sameAs\":[\"https:\\\/\\\/facebook.com\\\/\",\"https:\\\/\\\/x.com\\\/\",\"https:\\\/\\\/instagram.com\\\/\",\"https:\\\/\\\/pinterest.com\\\/\",\"https:\\\/\\\/youtube.com\\\/\",\"https:\\\/\\\/linkedin.com\\\/in\\\/\"]},{\"@type\":\"Person\",\"@id\":\"https:\\\/\\\/www.spkatarzyna.pl\\\/index.php\\\/author\\\/agatasafianspkatarzyna-pl\\\/#author\",\"url\":\"https:\\\/\\\/www.spkatarzyna.pl\\\/index.php\\\/author\\\/agatasafianspkatarzyna-pl\\\/\",\"name\":\"Redakcja\",\"image\":{\"@type\":\"ImageObject\",\"@id\":\"https:\\\/\\\/www.spkatarzyna.pl\\\/index.php\\\/2024\\\/11\\\/29\\\/mickiewiczowskie-zaduszki-w-urzedzie-miasta\\\/#authorImage\",\"url\":\"https:\\\/\\\/secure.gravatar.com\\\/avatar\\\/765290513df94d442152250e92b42327?s=96&d=mm&r=g\",\"width\":96,\"height\":96,\"caption\":\"Redakcja\"}},{\"@type\":\"WebPage\",\"@id\":\"https:\\\/\\\/www.spkatarzyna.pl\\\/index.php\\\/2024\\\/11\\\/29\\\/mickiewiczowskie-zaduszki-w-urzedzie-miasta\\\/#webpage\",\"url\":\"https:\\\/\\\/www.spkatarzyna.pl\\\/index.php\\\/2024\\\/11\\\/29\\\/mickiewiczowskie-zaduszki-w-urzedzie-miasta\\\/\",\"name\":\"Wyst\\u0119p uczni\\u00f3w klas 8 w UM Siechnice - SP Katarzyna\",\"description\":\"W czwartek 28.11.2024 r. o godzinie 16.30 klasy 8a i 8b wyst\\u0105pi\\u0142y w Urz\\u0119dzie Miasta w Siechnicach i zaprezentowa\\u0142y program \\u201eMickiewiczowskie Zaduszki\\u201d. Kolejny raz dramat Adama Mickiewicza sta\\u0142 si\\u0119 okazj\\u0105 do zadumy nad sensem istnienia oraz przypomnienia dawnych s\\u0142owia\\u0144skich obrz\\u0119d\\u00f3w. Warto doda\\u0107, \\u017ce wyst\\u0119p zosta\\u0142 wzbogacony o pi\\u0119kny taniec uczennicy z klasy 5 \\u2013 Oliwki\",\"inLanguage\":\"pl-PL\",\"isPartOf\":{\"@id\":\"https:\\\/\\\/www.spkatarzyna.pl\\\/#website\"},\"breadcrumb\":{\"@id\":\"https:\\\/\\\/www.spkatarzyna.pl\\\/index.php\\\/2024\\\/11\\\/29\\\/mickiewiczowskie-zaduszki-w-urzedzie-miasta\\\/#breadcrumblist\"},\"author\":{\"@id\":\"https:\\\/\\\/www.spkatarzyna.pl\\\/index.php\\\/author\\\/agatasafianspkatarzyna-pl\\\/#author\"},\"creator\":{\"@id\":\"https:\\\/\\\/www.spkatarzyna.pl\\\/index.php\\\/author\\\/agatasafianspkatarzyna-pl\\\/#author\"},\"image\":{\"@type\":\"ImageObject\",\"url\":\"https:\\\/\\\/www.spkatarzyna.pl\\\/wp-content\\\/uploads\\\/2024\\\/11\\\/PHOTO-2024-11-29-08-03-22-2-2.jpg\",\"@id\":\"https:\\\/\\\/www.spkatarzyna.pl\\\/index.php\\\/2024\\\/11\\\/29\\\/mickiewiczowskie-zaduszki-w-urzedzie-miasta\\\/#mainImage\",\"width\":360,\"height\":202},\"primaryImageOfPage\":{\"@id\":\"https:\\\/\\\/www.spkatarzyna.pl\\\/index.php\\\/2024\\\/11\\\/29\\\/mickiewiczowskie-zaduszki-w-urzedzie-miasta\\\/#mainImage\"},\"datePublished\":\"2024-11-29T07:14:42+01:00\",\"dateModified\":\"2024-11-29T07:24:45+01:00\"},{\"@type\":\"WebSite\",\"@id\":\"https:\\\/\\\/www.spkatarzyna.pl\\\/#website\",\"url\":\"https:\\\/\\\/www.spkatarzyna.pl\\\/\",\"name\":\"SP Katarzyna\",\"description\":\"Publiczna Szko\\u0142a Podstawowa w \\u015awi\\u0119tej Katarzynie\",\"inLanguage\":\"pl-PL\",\"publisher\":{\"@id\":\"https:\\\/\\\/www.spkatarzyna.pl\\\/#organization\"}}]}\n\t\t<\/script>\n\t\t<!-- All in One SEO -->\n\n","aioseo_head_json":{"title":"Wyst\u0119p uczni\u00f3w klas 8 w UM Siechnice - SP Katarzyna","description":"W czwartek 28.11.2024 r. o godzinie 16.30 klasy 8a i 8b wyst\u0105pi\u0142y w Urz\u0119dzie Miasta w Siechnicach i zaprezentowa\u0142y program \u201eMickiewiczowskie Zaduszki\u201d. Kolejny raz dramat Adama Mickiewicza sta\u0142 si\u0119 okazj\u0105 do zadumy nad sensem istnienia oraz przypomnienia dawnych s\u0142owia\u0144skich obrz\u0119d\u00f3w. Warto doda\u0107, \u017ce wyst\u0119p zosta\u0142 wzbogacony o pi\u0119kny taniec uczennicy z klasy 5 \u2013 Oliwki","canonical_url":"https:\/\/www.spkatarzyna.pl\/index.php\/2024\/11\/29\/mickiewiczowskie-zaduszki-w-urzedzie-miasta\/","robots":"max-image-preview:large","keywords":"","webmasterTools":{"miscellaneous":""},"schema":{"@context":"https:\/\/schema.org","@graph":[{"@type":"BlogPosting","@id":"https:\/\/www.spkatarzyna.pl\/index.php\/2024\/11\/29\/mickiewiczowskie-zaduszki-w-urzedzie-miasta\/#blogposting","name":"Wyst\u0119p uczni\u00f3w klas 8 w UM Siechnice - SP Katarzyna","headline":"Wyst\u0119p uczni\u00f3w klas 8 w UM Siechnice","author":{"@id":"https:\/\/www.spkatarzyna.pl\/index.php\/author\/agatasafianspkatarzyna-pl\/#author"},"publisher":{"@id":"https:\/\/www.spkatarzyna.pl\/#organization"},"image":{"@type":"ImageObject","url":"https:\/\/www.spkatarzyna.pl\/wp-content\/uploads\/2024\/11\/PHOTO-2024-11-29-08-03-22-2-2.jpg","width":360,"height":202},"datePublished":"2024-11-29T07:14:42+01:00","dateModified":"2024-11-29T07:24:45+01:00","inLanguage":"pl-PL","mainEntityOfPage":{"@id":"https:\/\/www.spkatarzyna.pl\/index.php\/2024\/11\/29\/mickiewiczowskie-zaduszki-w-urzedzie-miasta\/#webpage"},"isPartOf":{"@id":"https:\/\/www.spkatarzyna.pl\/index.php\/2024\/11\/29\/mickiewiczowskie-zaduszki-w-urzedzie-miasta\/#webpage"},"articleSection":"Uncategorized"},{"@type":"BreadcrumbList","@id":"https:\/\/www.spkatarzyna.pl\/index.php\/2024\/11\/29\/mickiewiczowskie-zaduszki-w-urzedzie-miasta\/#breadcrumblist","itemListElement":[{"@type":"ListItem","@id":"https:\/\/www.spkatarzyna.pl#listItem","position":1,"name":"Dom","item":"https:\/\/www.spkatarzyna.pl","nextItem":{"@type":"ListItem","@id":"https:\/\/www.spkatarzyna.pl\/index.php\/category\/uncategorized\/#listItem","name":"Uncategorized"}},{"@type":"ListItem","@id":"https:\/\/www.spkatarzyna.pl\/index.php\/category\/uncategorized\/#listItem","position":2,"name":"Uncategorized","item":"https:\/\/www.spkatarzyna.pl\/index.php\/category\/uncategorized\/","nextItem":{"@type":"ListItem","@id":"https:\/\/www.spkatarzyna.pl\/index.php\/2024\/11\/29\/mickiewiczowskie-zaduszki-w-urzedzie-miasta\/#listItem","name":"Wyst\u0119p uczni\u00f3w klas 8 w UM Siechnice"},"previousItem":{"@type":"ListItem","@id":"https:\/\/www.spkatarzyna.pl#listItem","name":"Dom"}},{"@type":"ListItem","@id":"https:\/\/www.spkatarzyna.pl\/index.php\/2024\/11\/29\/mickiewiczowskie-zaduszki-w-urzedzie-miasta\/#listItem","position":3,"name":"Wyst\u0119p uczni\u00f3w klas 8 w UM Siechnice","previousItem":{"@type":"ListItem","@id":"https:\/\/www.spkatarzyna.pl\/index.php\/category\/uncategorized\/#listItem","name":"Uncategorized"}}]},{"@type":"Organization","@id":"https:\/\/www.spkatarzyna.pl\/#organization","name":"SP Katarzyna","description":"Publiczna Szko\u0142a Podstawowa w \u015awi\u0119tej Katarzynie","url":"https:\/\/www.spkatarzyna.pl\/","telephone":"+48713116378","sameAs":["https:\/\/facebook.com\/","https:\/\/x.com\/","https:\/\/instagram.com\/","https:\/\/pinterest.com\/","https:\/\/youtube.com\/","https:\/\/linkedin.com\/in\/"]},{"@type":"Person","@id":"https:\/\/www.spkatarzyna.pl\/index.php\/author\/agatasafianspkatarzyna-pl\/#author","url":"https:\/\/www.spkatarzyna.pl\/index.php\/author\/agatasafianspkatarzyna-pl\/","name":"Redakcja","image":{"@type":"ImageObject","@id":"https:\/\/www.spkatarzyna.pl\/index.php\/2024\/11\/29\/mickiewiczowskie-zaduszki-w-urzedzie-miasta\/#authorImage","url":"https:\/\/secure.gravatar.com\/avatar\/765290513df94d442152250e92b42327?s=96&d=mm&r=g","width":96,"height":96,"caption":"Redakcja"}},{"@type":"WebPage","@id":"https:\/\/www.spkatarzyna.pl\/index.php\/2024\/11\/29\/mickiewiczowskie-zaduszki-w-urzedzie-miasta\/#webpage","url":"https:\/\/www.spkatarzyna.pl\/index.php\/2024\/11\/29\/mickiewiczowskie-zaduszki-w-urzedzie-miasta\/","name":"Wyst\u0119p uczni\u00f3w klas 8 w UM Siechnice - SP Katarzyna","description":"W czwartek 28.11.2024 r. o godzinie 16.30 klasy 8a i 8b wyst\u0105pi\u0142y w Urz\u0119dzie Miasta w Siechnicach i zaprezentowa\u0142y program \u201eMickiewiczowskie Zaduszki\u201d. Kolejny raz dramat Adama Mickiewicza sta\u0142 si\u0119 okazj\u0105 do zadumy nad sensem istnienia oraz przypomnienia dawnych s\u0142owia\u0144skich obrz\u0119d\u00f3w. Warto doda\u0107, \u017ce wyst\u0119p zosta\u0142 wzbogacony o pi\u0119kny taniec uczennicy z klasy 5 \u2013 Oliwki","inLanguage":"pl-PL","isPartOf":{"@id":"https:\/\/www.spkatarzyna.pl\/#website"},"breadcrumb":{"@id":"https:\/\/www.spkatarzyna.pl\/index.php\/2024\/11\/29\/mickiewiczowskie-zaduszki-w-urzedzie-miasta\/#breadcrumblist"},"author":{"@id":"https:\/\/www.spkatarzyna.pl\/index.php\/author\/agatasafianspkatarzyna-pl\/#author"},"creator":{"@id":"https:\/\/www.spkatarzyna.pl\/index.php\/author\/agatasafianspkatarzyna-pl\/#author"},"image":{"@type":"ImageObject","url":"https:\/\/www.spkatarzyna.pl\/wp-content\/uploads\/2024\/11\/PHOTO-2024-11-29-08-03-22-2-2.jpg","@id":"https:\/\/www.spkatarzyna.pl\/index.php\/2024\/11\/29\/mickiewiczowskie-zaduszki-w-urzedzie-miasta\/#mainImage","width":360,"height":202},"primaryImageOfPage":{"@id":"https:\/\/www.spkatarzyna.pl\/index.php\/2024\/11\/29\/mickiewiczowskie-zaduszki-w-urzedzie-miasta\/#mainImage"},"datePublished":"2024-11-29T07:14:42+01:00","dateModified":"2024-11-29T07:24:45+01:00"},{"@type":"WebSite","@id":"https:\/\/www.spkatarzyna.pl\/#website","url":"https:\/\/www.spkatarzyna.pl\/","name":"SP Katarzyna","description":"Publiczna Szko\u0142a Podstawowa w \u015awi\u0119tej Katarzynie","inLanguage":"pl-PL","publisher":{"@id":"https:\/\/www.spkatarzyna.pl\/#organization"}}]},"og:locale":"pl_PL","og:site_name":"SP Katarzyna - Publiczna Szko\u0142a Podstawowa w \u015awi\u0119tej Katarzynie","og:type":"article","og:title":"Wyst\u0119p uczni\u00f3w klas 8 w UM Siechnice - SP Katarzyna","og:description":"W czwartek 28.11.2024 r. o godzinie 16.30 klasy 8a i 8b wyst\u0105pi\u0142y w Urz\u0119dzie Miasta w Siechnicach i zaprezentowa\u0142y program \u201eMickiewiczowskie Zaduszki\u201d. Kolejny raz dramat Adama Mickiewicza sta\u0142 si\u0119 okazj\u0105 do zadumy nad sensem istnienia oraz przypomnienia dawnych s\u0142owia\u0144skich obrz\u0119d\u00f3w. Warto doda\u0107, \u017ce wyst\u0119p zosta\u0142 wzbogacony o pi\u0119kny taniec uczennicy z klasy 5 \u2013 Oliwki","og:url":"https:\/\/www.spkatarzyna.pl\/index.php\/2024\/11\/29\/mickiewiczowskie-zaduszki-w-urzedzie-miasta\/","article:published_time":"2024-11-29T07:14:42+00:00","article:modified_time":"2024-11-29T07:24:45+00:00","twitter:card":"summary_large_image","twitter:title":"Wyst\u0119p uczni\u00f3w klas 8 w UM Siechnice - SP Katarzyna","twitter:description":"W czwartek 28.11.2024 r. o godzinie 16.30 klasy 8a i 8b wyst\u0105pi\u0142y w Urz\u0119dzie Miasta w Siechnicach i zaprezentowa\u0142y program \u201eMickiewiczowskie Zaduszki\u201d. Kolejny raz dramat Adama Mickiewicza sta\u0142 si\u0119 okazj\u0105 do zadumy nad sensem istnienia oraz przypomnienia dawnych s\u0142owia\u0144skich obrz\u0119d\u00f3w. Warto doda\u0107, \u017ce wyst\u0119p zosta\u0142 wzbogacony o pi\u0119kny taniec uczennicy z klasy 5 \u2013 Oliwki"},"aioseo_meta_data":{"post_id":"13022","title":null,"description":null,"keywords":null,"keyphrases":{"focus":{"keyphrase":"","score":0,"analysis":{"keyphraseInTitle":{"score":0,"maxScore":9,"error":1}}},"additional":[]},"primary_term":null,"canonical_url":null,"og_title":null,"og_description":null,"og_object_type":"default","og_image_type":"default","og_image_url":null,"og_image_width":null,"og_image_height":null,"og_image_custom_url":null,"og_image_custom_fields":null,"og_video":"","og_custom_url":null,"og_article_section":null,"og_article_tags":null,"twitter_use_og":false,"twitter_card":"default","twitter_image_type":"default","twitter_image_url":null,"twitter_image_custom_url":null,"twitter_image_custom_fields":null,"twitter_title":null,"twitter_description":null,"schema":{"blockGraphs":[],"customGraphs":[],"default":{"data":{"Article":[],"Course":[],"Dataset":[],"FAQPage":[],"Movie":[],"Person":[],"Product":[],"ProductReview":[],"Car":[],"Recipe":[],"Service":[],"SoftwareApplication":[],"WebPage":[]},"graphName":"BlogPosting","isEnabled":true},"graphs":[]},"schema_type":"default","schema_type_options":null,"pillar_content":false,"robots_default":true,"robots_noindex":false,"robots_noarchive":false,"robots_nosnippet":false,"robots_nofollow":false,"robots_noimageindex":false,"robots_noodp":false,"robots_notranslate":false,"robots_max_snippet":"-1","robots_max_videopreview":"-1","robots_max_imagepreview":"large","priority":null,"frequency":"default","local_seo":null,"limit_modified_date":false,"created":"2024-11-29 07:14:42","updated":"2026-09-03 16:04:53","focus_keyword":null,"additional_keywords":null,"truseo_locale":null,"ai":null,"breadcrumb_settings":null,"seo_analyzer_scan_date":null},"aioseo_breadcrumb":"<div class=\"aioseo-breadcrumbs\"><span class=\"aioseo-breadcrumb\">\n\t\t\t<a href=\"https:\/\/www.spkatarzyna.pl\" title=\"Dom\">Dom<\/a>\n\t\t<\/span><span class=\"aioseo-breadcrumb-separator\">&raquo;<\/span><span class=\"aioseo-breadcrumb\">\n\t\t\t<a href=\"https:\/\/www.spkatarzyna.pl\/index.php\/category\/uncategorized\/\" title=\"Uncategorized\">Uncategorized<\/a>\n\t\t<\/span><span class=\"aioseo-breadcrumb-separator\">&raquo;<\/span><span class=\"aioseo-breadcrumb\">\n\t\t\tWyst\u0119p uczni\u00f3w klas 8 w UM Siechnice\n\t\t<\/span><\/div>","aioseo_breadcrumb_json":[{"label":"Dom","link":"https:\/\/www.spkatarzyna.pl"},{"label":"Uncategorized","link":"https:\/\/www.spkatarzyna.pl\/index.php\/category\/uncategorized\/"},{"label":"Wyst\u0119p uczni\u00f3w klas 8 w UM Siechnice","link":"https:\/\/www.spkatarzyna.pl\/index.php\/2024\/11\/29\/mickiewiczowskie-zaduszki-w-urzedzie-miasta\/"}],"_links":{"self":[{"href":"https:\/\/www.spkatarzyna.pl\/index.php\/wp-json\/wp\/v2\/posts\/13022","targetHints":{"allow":["GET"]}}],"collection":[{"href":"https:\/\/www.spkatarzyna.pl\/index.php\/wp-json\/wp\/v2\/posts"}],"about":[{"href":"https:\/\/www.spkatarzyna.pl\/index.php\/wp-json\/wp\/v2\/types\/post"}],"author":[{"embeddable":true,"href":"https:\/\/www.spkatarzyna.pl\/index.php\/wp-json\/wp\/v2\/users\/6"}],"replies":[{"embeddable":true,"href":"https:\/\/www.spkatarzyna.pl\/index.php\/wp-json\/wp\/v2\/comments?post=13022"}],"version-history":[{"count":14,"href":"https:\/\/www.spkatarzyna.pl\/index.php\/wp-json\/wp\/v2\/posts\/13022\/revisions"}],"predecessor-version":[{"id":13047,"href":"https:\/\/www.spkatarzyna.pl\/index.php\/wp-json\/wp\/v2\/posts\/13022\/revisions\/13047"}],"wp:featuredmedia":[{"embeddable":true,"href":"https:\/\/www.spkatarzyna.pl\/index.php\/wp-json\/wp\/v2\/media\/13023"}],"wp:attachment":[{"href":"https:\/\/www.spkatarzyna.pl\/index.php\/wp-json\/wp\/v2\/media?parent=13022"}],"wp:term":[{"taxonomy":"category","embeddable":true,"href":"https:\/\/www.spkatarzyna.pl\/index.php\/wp-json\/wp\/v2\/categories?post=13022"},{"taxonomy":"post_tag","embeddable":true,"href":"https:\/\/www.spkatarzyna.pl\/index.php\/wp-json\/wp\/v2\/tags?post=13022"}],"curies":[{"name":"wp","href":"https:\/\/api.w.org\/{rel}","templated":true}]}}