{"id":13080,"date":"2024-11-29T19:42:21","date_gmt":"2024-11-29T19:42:21","guid":{"rendered":"https:\/\/www.spkatarzyna.pl\/?p=13080"},"modified":"2024-11-29T19:54:45","modified_gmt":"2024-11-29T19:54:45","slug":"jesien-w-swietlicy","status":"publish","type":"post","link":"https:\/\/www.spkatarzyna.pl\/index.php\/2024\/11\/29\/jesien-w-swietlicy\/","title":{"rendered":"Jesie\u0144 w \u015bwietlicy"},"content":{"rendered":"\t\t<div data-elementor-type=\"wp-post\" data-elementor-id=\"13080\" class=\"elementor elementor-13080\">\n\t\t\t\t\t\t<section class=\"elementor-section elementor-top-section elementor-element elementor-element-1b4fa722 elementor-section-boxed elementor-section-height-default elementor-section-height-default\" data-id=\"1b4fa722\" data-element_type=\"section\">\n\t\t\t\t\t\t<div class=\"elementor-container elementor-column-gap-default\">\n\t\t\t\t\t<div class=\"elementor-column elementor-col-100 elementor-top-column elementor-element elementor-element-4fb3694a\" data-id=\"4fb3694a\" data-element_type=\"column\">\n\t\t\t<div class=\"elementor-widget-wrap elementor-element-populated\">\n\t\t\t\t\t\t<div class=\"elementor-element elementor-element-2ea6a189 elementor-widget elementor-widget-text-editor\" data-id=\"2ea6a189\" data-element_type=\"widget\" data-widget_type=\"text-editor.default\">\n\t\t\t\t\t\t\t\t\t<p dir=\"auto\" style=\"text-align: justify;\"><span style=\"font-size: 14pt;\">\u201eKto powiedzia\u0142, \u017ce jesie\u0144 jest smutna?\u2026\u201d &#8211; na pewno nie w naszej \u015bwietlicy. U nas zawsze jest weso\u0142o i kreatywnie. Listopad to ostatni miesi\u0105c kolorowej jesieni dlatego\u2026\u00a0<\/span><\/p><ul dir=\"auto\"><li style=\"text-align: justify;\"><span style=\"font-size: 14pt;\">Powsta\u0142o du\u017co pi\u0119knych prac plastycznych, w kt\u00f3rych dzieci przedstawi\u0142y jej barwy.<\/span><\/li><li style=\"text-align: justify;\"><span style=\"font-size: 14pt;\">Pami\u0119tali\u015bmy r\u00f3wnie\u017c o wydarzeniach historycznych &#8211; \u015awi\u0119to Niepodleg\u0142o\u015bci uczcili\u015bmy odpowiedni\u0105 dekoracj\u0105, a tak\u017ce rozmowami tematycznymi.\u00a0<\/span><\/li><li style=\"text-align: justify;\"><span style=\"font-size: 14pt;\">14 listopada by\u0142 dniem czystego powietrza, by\u0142a to okazja do rozm\u00f3w na temat ekologii. Posta\u0142y pi\u0119kne plakaty zwi\u0105zane z tym tematem.\u00a0<\/span><\/li><li style=\"text-align: justify;\"><span style=\"font-size: 14pt;\">Powsta\u0142y r\u00f3wnie\u017c plakaty przypominaj\u0105ce o poprawnym zachowaniu na sto\u0142\u00f3wce podczas jedzenia, kt\u00f3re zosta\u0142y powieszone na tablicy przed wej\u015bciem na jadalni\u0119.<\/span><\/li><li style=\"text-align: justify;\"><span style=\"font-size: 14pt;\">15 listopada by\u0142 dniem Pluszowego Misia. To maskotki\u00a0 by\u0142y g\u0142\u00f3wnymi bohaterami tego pi\u0119knego dnia. Posta\u0142y r\u00f3wnie\u017c misiowe prace plastyczne.\u00a0<\/span><\/li><li style=\"text-align: justify;\"><span style=\"font-size: 14pt;\">Nie zapomnieli\u015bmy r\u00f3wnie\u017c o dniu \u017cyczliwo\u015bci, w kt\u00f3rym dzieci wr\u0119cza\u0142y sobie karteczki z pozdrowieniami, dzieci tworzy\u0142y plakaty i kodeksy \u017cyczliwo\u015bci.\u00a0<\/span><\/li><li style=\"text-align: justify;\"><span style=\"font-size: 14pt;\">Oczywi\u015bcie nasza \u015bwietlica nie zapomina o ruchu na \u015bwie\u017cym powietrzu, jak tylko pogoda dopisuje ch\u0119tnie sp\u0119dzamy aktywnie czas na placu zabaw albo korzystaj\u0105c z naszego sprz\u0119tu na terenach przy szkole.\u00a0<\/span><\/li><li style=\"text-align: justify;\"><span style=\"font-size: 14pt;\">W klasie 1 b odby\u0142 si\u0119 konkurs, dzieci mia\u0142y stworzy\u0107 makiety lasu. Wszystkie prace by\u0142y pi\u0119kne ale dwie zosta\u0142y szczeg\u00f3lnie wyr\u00f3\u017cnione.<\/span><\/li><li style=\"text-align: justify;\"><span style=\"font-size: 14pt;\">Pod koniec miesi\u0105ca ma\u0142y krokami wchodzimy w \u015bwi\u0105teczny klimat. Tworz\u0105c cude\u0144ka na kiermasz bo\u017conarodzeniowy.<\/span><\/li><li style=\"text-align: justify;\"><span style=\"font-size: 14pt;\">Ostani dzie\u0144 miesi\u0105ca zako\u0144czyli\u015bmy wr\u00f3\u017cbami andrzejkowymi w klasach pierwszych, a klasy drugie obejrza\u0142y seans filmowy na du\u017cym ekranie.\u00a0<\/span><\/li><\/ul><p style=\"text-align: right;\"><span style=\"font-size: 14pt;\">Izabela Cymer<\/span><\/p>\t\t\t\t\t\t\t\t<\/div>\n\t\t\t\t<div class=\"elementor-element elementor-element-83f9001 elementor-widget elementor-widget-image-gallery\" data-id=\"83f9001\" data-element_type=\"widget\" data-widget_type=\"image-gallery.default\">\n\t\t\t\t\t\t\t<div class=\"elementor-image-gallery\">\n\t\t\t\n\t\t<div id='gallery-1' class='gallery galleryid-13080 gallery-columns-4 gallery-size-thumbnail gallery1'><script type=\"text\/javascript\">\n\/\/ <![CDATA[\n\tjQuery(document).ready(function () {\n\t\tjQuery(\".gallery1 a\").attr(\"rel\",\"gallery1\");\t\n\t\tjQuery('a[rel=\"gallery1\"]').colorbox({title: function(){ return jQuery(this).children().attr(\"alt\"); }});\n\t});\n\/\/ ]]>\n<\/script>\n<dl class=\"gallery-item\">\n<dt class=\"gallery-icon\">\n<a href=\"https:\/\/www.spkatarzyna.pl\/wp-content\/uploads\/2024\/11\/IMG_0052-225x300.jpeg\" title=\"\" rel=\"gallery1\" rel=\"lightbox[13080]\"><img decoding=\"async\" src=\"https:\/\/www.spkatarzyna.pl\/wp-content\/uploads\/2024\/11\/IMG_0052-150x150.jpeg\" width=\"150\" height=\"150\" alt=\"\" \/><\/a>\n<\/dt><\/dl><dl class=\"gallery-item\">\n<dt class=\"gallery-icon\">\n<a href=\"https:\/\/www.spkatarzyna.pl\/wp-content\/uploads\/2024\/11\/IMG_0048-225x300.jpeg\" title=\"\" rel=\"gallery1\" rel=\"lightbox[13080]\"><img decoding=\"async\" src=\"https:\/\/www.spkatarzyna.pl\/wp-content\/uploads\/2024\/11\/IMG_0048-150x150.jpeg\" width=\"150\" height=\"150\" alt=\"\" \/><\/a>\n<\/dt><\/dl><dl class=\"gallery-item\">\n<dt class=\"gallery-icon\">\n<a href=\"https:\/\/www.spkatarzyna.pl\/wp-content\/uploads\/2024\/11\/f24e499b-eec5-4986-8434-f0b5d9449b67-225x300.jpeg\" title=\"\" rel=\"gallery1\" rel=\"lightbox[13080]\"><img decoding=\"async\" src=\"https:\/\/www.spkatarzyna.pl\/wp-content\/uploads\/2024\/11\/f24e499b-eec5-4986-8434-f0b5d9449b67-150x150.jpeg\" width=\"150\" height=\"150\" alt=\"\" \/><\/a>\n<\/dt><\/dl><dl class=\"gallery-item\">\n<dt class=\"gallery-icon\">\n<a href=\"https:\/\/www.spkatarzyna.pl\/wp-content\/uploads\/2024\/11\/f8dbe214-90ab-434a-9bf3-42c7a5213602-226x300.jpeg\" title=\"\" rel=\"gallery1\" rel=\"lightbox[13080]\"><img loading=\"lazy\" decoding=\"async\" src=\"https:\/\/www.spkatarzyna.pl\/wp-content\/uploads\/2024\/11\/f8dbe214-90ab-434a-9bf3-42c7a5213602-150x150.jpeg\" width=\"150\" height=\"150\" alt=\"\" \/><\/a>\n<\/dt><\/dl><br style=\"clear: both\" \/><dl class=\"gallery-item\">\n<dt class=\"gallery-icon\">\n<a href=\"https:\/\/www.spkatarzyna.pl\/wp-content\/uploads\/2024\/11\/ed6fb85f-d794-4d2c-94a3-92df1544ce5b-300x225.jpeg\" title=\"\" rel=\"gallery1\" rel=\"lightbox[13080]\"><img loading=\"lazy\" decoding=\"async\" src=\"https:\/\/www.spkatarzyna.pl\/wp-content\/uploads\/2024\/11\/ed6fb85f-d794-4d2c-94a3-92df1544ce5b-150x150.jpeg\" width=\"150\" height=\"150\" alt=\"\" \/><\/a>\n<\/dt><\/dl><dl class=\"gallery-item\">\n<dt class=\"gallery-icon\">\n<a href=\"https:\/\/www.spkatarzyna.pl\/wp-content\/uploads\/2024\/11\/e58cf172-f090-4d01-b8f2-2861a4ec4e50-225x300.jpeg\" title=\"\" rel=\"gallery1\" rel=\"lightbox[13080]\"><img loading=\"lazy\" decoding=\"async\" src=\"https:\/\/www.spkatarzyna.pl\/wp-content\/uploads\/2024\/11\/e58cf172-f090-4d01-b8f2-2861a4ec4e50-150x150.jpeg\" width=\"150\" height=\"150\" alt=\"\" \/><\/a>\n<\/dt><\/dl><dl class=\"gallery-item\">\n<dt class=\"gallery-icon\">\n<a href=\"https:\/\/www.spkatarzyna.pl\/wp-content\/uploads\/2024\/11\/e8ba0c82-b019-4390-9ac6-ad8364ec7c18-225x300.jpeg\" title=\"\" rel=\"gallery1\" rel=\"lightbox[13080]\"><img loading=\"lazy\" decoding=\"async\" src=\"https:\/\/www.spkatarzyna.pl\/wp-content\/uploads\/2024\/11\/e8ba0c82-b019-4390-9ac6-ad8364ec7c18-150x150.jpeg\" width=\"150\" height=\"150\" alt=\"\" \/><\/a>\n<\/dt><\/dl><dl class=\"gallery-item\">\n<dt class=\"gallery-icon\">\n<a href=\"https:\/\/www.spkatarzyna.pl\/wp-content\/uploads\/2024\/11\/dbccafb5-3ee0-45b6-b4cd-71b4dab9f287-225x300.jpeg\" title=\"\" rel=\"gallery1\" rel=\"lightbox[13080]\"><img loading=\"lazy\" decoding=\"async\" src=\"https:\/\/www.spkatarzyna.pl\/wp-content\/uploads\/2024\/11\/dbccafb5-3ee0-45b6-b4cd-71b4dab9f287-150x150.jpeg\" width=\"150\" height=\"150\" alt=\"\" \/><\/a>\n<\/dt><\/dl><br style=\"clear: both\" \/><dl class=\"gallery-item\">\n<dt class=\"gallery-icon\">\n<a href=\"https:\/\/www.spkatarzyna.pl\/wp-content\/uploads\/2024\/11\/d99f7a34-20ba-4e52-96f0-a8cfcba32d6a-225x300.jpeg\" title=\"\" rel=\"gallery1\" rel=\"lightbox[13080]\"><img loading=\"lazy\" decoding=\"async\" src=\"https:\/\/www.spkatarzyna.pl\/wp-content\/uploads\/2024\/11\/d99f7a34-20ba-4e52-96f0-a8cfcba32d6a-150x150.jpeg\" width=\"150\" height=\"150\" alt=\"\" \/><\/a>\n<\/dt><\/dl><dl class=\"gallery-item\">\n<dt class=\"gallery-icon\">\n<a href=\"https:\/\/www.spkatarzyna.pl\/wp-content\/uploads\/2024\/11\/cde634a4-f15f-461a-84af-1a14fd0614bd-300x225.jpeg\" title=\"\" rel=\"gallery1\" rel=\"lightbox[13080]\"><img loading=\"lazy\" decoding=\"async\" src=\"https:\/\/www.spkatarzyna.pl\/wp-content\/uploads\/2024\/11\/cde634a4-f15f-461a-84af-1a14fd0614bd-150x150.jpeg\" width=\"150\" height=\"150\" alt=\"\" \/><\/a>\n<\/dt><\/dl><dl class=\"gallery-item\">\n<dt class=\"gallery-icon\">\n<a href=\"https:\/\/www.spkatarzyna.pl\/wp-content\/uploads\/2024\/11\/ca9eb77d-027e-4a1b-adb8-87709c485d70-225x300.jpeg\" title=\"\" rel=\"gallery1\" rel=\"lightbox[13080]\"><img loading=\"lazy\" decoding=\"async\" src=\"https:\/\/www.spkatarzyna.pl\/wp-content\/uploads\/2024\/11\/ca9eb77d-027e-4a1b-adb8-87709c485d70-150x150.jpeg\" width=\"150\" height=\"150\" alt=\"\" \/><\/a>\n<\/dt><\/dl><dl class=\"gallery-item\">\n<dt class=\"gallery-icon\">\n<a href=\"https:\/\/www.spkatarzyna.pl\/wp-content\/uploads\/2024\/11\/c60af601-7ac2-4942-a2f8-3c90c7bdaba3-300x225.jpeg\" title=\"\" rel=\"gallery1\" rel=\"lightbox[13080]\"><img loading=\"lazy\" decoding=\"async\" src=\"https:\/\/www.spkatarzyna.pl\/wp-content\/uploads\/2024\/11\/c60af601-7ac2-4942-a2f8-3c90c7bdaba3-150x150.jpeg\" width=\"150\" height=\"150\" alt=\"\" \/><\/a>\n<\/dt><\/dl><br style=\"clear: both\" \/><dl class=\"gallery-item\">\n<dt class=\"gallery-icon\">\n<a href=\"https:\/\/www.spkatarzyna.pl\/wp-content\/uploads\/2024\/11\/c21a7b00-0830-423a-a2bf-2ed5d856a020-225x300.jpeg\" title=\"\" rel=\"gallery1\" rel=\"lightbox[13080]\"><img loading=\"lazy\" decoding=\"async\" src=\"https:\/\/www.spkatarzyna.pl\/wp-content\/uploads\/2024\/11\/c21a7b00-0830-423a-a2bf-2ed5d856a020-150x150.jpeg\" width=\"150\" height=\"150\" alt=\"\" \/><\/a>\n<\/dt><\/dl><dl class=\"gallery-item\">\n<dt class=\"gallery-icon\">\n<a href=\"https:\/\/www.spkatarzyna.pl\/wp-content\/uploads\/2024\/11\/be7c6783-4352-41f4-b53b-1a24006730c9-225x300.jpeg\" title=\"\" rel=\"gallery1\" rel=\"lightbox[13080]\"><img loading=\"lazy\" decoding=\"async\" src=\"https:\/\/www.spkatarzyna.pl\/wp-content\/uploads\/2024\/11\/be7c6783-4352-41f4-b53b-1a24006730c9-150x150.jpeg\" width=\"150\" height=\"150\" alt=\"\" \/><\/a>\n<\/dt><\/dl><dl class=\"gallery-item\">\n<dt class=\"gallery-icon\">\n<a href=\"https:\/\/www.spkatarzyna.pl\/wp-content\/uploads\/2024\/11\/b59f13a1-b742-4b40-ab17-d3b1b61efbcb-225x300.jpeg\" title=\"\" rel=\"gallery1\" rel=\"lightbox[13080]\"><img loading=\"lazy\" decoding=\"async\" src=\"https:\/\/www.spkatarzyna.pl\/wp-content\/uploads\/2024\/11\/b59f13a1-b742-4b40-ab17-d3b1b61efbcb-150x150.jpeg\" width=\"150\" height=\"150\" alt=\"\" \/><\/a>\n<\/dt><\/dl><dl class=\"gallery-item\">\n<dt class=\"gallery-icon\">\n<a href=\"https:\/\/www.spkatarzyna.pl\/wp-content\/uploads\/2024\/11\/b2ef05d5-eeb7-48ec-b0fd-0cfa896d3010-169x300.jpeg\" title=\"\" rel=\"gallery1\" rel=\"lightbox[13080]\"><img loading=\"lazy\" decoding=\"async\" src=\"https:\/\/www.spkatarzyna.pl\/wp-content\/uploads\/2024\/11\/b2ef05d5-eeb7-48ec-b0fd-0cfa896d3010-150x150.jpeg\" width=\"150\" height=\"150\" alt=\"\" \/><\/a>\n<\/dt><\/dl><br style=\"clear: both\" \/><dl class=\"gallery-item\">\n<dt class=\"gallery-icon\">\n<a href=\"https:\/\/www.spkatarzyna.pl\/wp-content\/uploads\/2024\/11\/aa492e8f-809a-4add-9105-d3b7f32d99c3-225x300.jpeg\" title=\"\" rel=\"gallery1\" rel=\"lightbox[13080]\"><img loading=\"lazy\" decoding=\"async\" src=\"https:\/\/www.spkatarzyna.pl\/wp-content\/uploads\/2024\/11\/aa492e8f-809a-4add-9105-d3b7f32d99c3-150x150.jpeg\" width=\"150\" height=\"150\" alt=\"\" \/><\/a>\n<\/dt><\/dl><dl class=\"gallery-item\">\n<dt class=\"gallery-icon\">\n<a href=\"https:\/\/www.spkatarzyna.pl\/wp-content\/uploads\/2024\/11\/a76f6fef-8648-4853-b95e-e43cd4fcde5d-225x300.jpeg\" title=\"\" rel=\"gallery1\" rel=\"lightbox[13080]\"><img loading=\"lazy\" decoding=\"async\" src=\"https:\/\/www.spkatarzyna.pl\/wp-content\/uploads\/2024\/11\/a76f6fef-8648-4853-b95e-e43cd4fcde5d-150x150.jpeg\" width=\"150\" height=\"150\" alt=\"\" \/><\/a>\n<\/dt><\/dl><dl class=\"gallery-item\">\n<dt class=\"gallery-icon\">\n<a href=\"https:\/\/www.spkatarzyna.pl\/wp-content\/uploads\/2024\/11\/5416251e-00d1-46d2-b4d8-59506493beb6-225x300.jpeg\" title=\"\" rel=\"gallery1\" rel=\"lightbox[13080]\"><img loading=\"lazy\" decoding=\"async\" src=\"https:\/\/www.spkatarzyna.pl\/wp-content\/uploads\/2024\/11\/5416251e-00d1-46d2-b4d8-59506493beb6-150x150.jpeg\" width=\"150\" height=\"150\" alt=\"\" \/><\/a>\n<\/dt><\/dl><dl class=\"gallery-item\">\n<dt class=\"gallery-icon\">\n<a href=\"https:\/\/www.spkatarzyna.pl\/wp-content\/uploads\/2024\/11\/2327461a-1069-4466-94ea-f9f991735424-225x300.jpeg\" title=\"\" rel=\"gallery1\" rel=\"lightbox[13080]\"><img loading=\"lazy\" decoding=\"async\" src=\"https:\/\/www.spkatarzyna.pl\/wp-content\/uploads\/2024\/11\/2327461a-1069-4466-94ea-f9f991735424-150x150.jpeg\" width=\"150\" height=\"150\" alt=\"\" \/><\/a>\n<\/dt><\/dl><br style=\"clear: both\" \/><dl class=\"gallery-item\">\n<dt class=\"gallery-icon\">\n<a href=\"https:\/\/www.spkatarzyna.pl\/wp-content\/uploads\/2024\/11\/7747aa36-d2f9-4894-8c18-5062f2207429-225x300.jpeg\" title=\"\" rel=\"gallery1\" rel=\"lightbox[13080]\"><img loading=\"lazy\" decoding=\"async\" src=\"https:\/\/www.spkatarzyna.pl\/wp-content\/uploads\/2024\/11\/7747aa36-d2f9-4894-8c18-5062f2207429-150x150.jpeg\" width=\"150\" height=\"150\" alt=\"\" \/><\/a>\n<\/dt><\/dl><dl class=\"gallery-item\">\n<dt class=\"gallery-icon\">\n<a href=\"https:\/\/www.spkatarzyna.pl\/wp-content\/uploads\/2024\/11\/6839c538-3e21-4a11-b5b4-ca3fb00440d9-300x225.jpeg\" title=\"\" rel=\"gallery1\" rel=\"lightbox[13080]\"><img loading=\"lazy\" decoding=\"async\" src=\"https:\/\/www.spkatarzyna.pl\/wp-content\/uploads\/2024\/11\/6839c538-3e21-4a11-b5b4-ca3fb00440d9-150x150.jpeg\" width=\"150\" height=\"150\" alt=\"\" \/><\/a>\n<\/dt><\/dl><dl class=\"gallery-item\">\n<dt class=\"gallery-icon\">\n<a href=\"https:\/\/www.spkatarzyna.pl\/wp-content\/uploads\/2024\/11\/5391d8bf-8149-42ea-84e4-545a723e3d10-225x300.jpeg\" title=\"\" rel=\"gallery1\" rel=\"lightbox[13080]\"><img loading=\"lazy\" decoding=\"async\" src=\"https:\/\/www.spkatarzyna.pl\/wp-content\/uploads\/2024\/11\/5391d8bf-8149-42ea-84e4-545a723e3d10-150x150.jpeg\" width=\"150\" height=\"150\" alt=\"\" \/><\/a>\n<\/dt><\/dl><dl class=\"gallery-item\">\n<dt class=\"gallery-icon\">\n<a href=\"https:\/\/www.spkatarzyna.pl\/wp-content\/uploads\/2024\/11\/713a635c-62e3-4b68-95ff-98d01103d36d-300x225.jpeg\" title=\"\" rel=\"gallery1\" rel=\"lightbox[13080]\"><img loading=\"lazy\" decoding=\"async\" src=\"https:\/\/www.spkatarzyna.pl\/wp-content\/uploads\/2024\/11\/713a635c-62e3-4b68-95ff-98d01103d36d-150x150.jpeg\" width=\"150\" height=\"150\" alt=\"\" \/><\/a>\n<\/dt><\/dl><br style=\"clear: both\" \/><dl class=\"gallery-item\">\n<dt class=\"gallery-icon\">\n<a href=\"https:\/\/www.spkatarzyna.pl\/wp-content\/uploads\/2024\/11\/0357d2e1-0d95-4731-8716-d142bbc2f935-225x300.jpeg\" title=\"\" rel=\"gallery1\" rel=\"lightbox[13080]\"><img loading=\"lazy\" decoding=\"async\" src=\"https:\/\/www.spkatarzyna.pl\/wp-content\/uploads\/2024\/11\/0357d2e1-0d95-4731-8716-d142bbc2f935-150x150.jpeg\" width=\"150\" height=\"150\" alt=\"\" \/><\/a>\n<\/dt><\/dl><dl class=\"gallery-item\">\n<dt class=\"gallery-icon\">\n<a href=\"https:\/\/www.spkatarzyna.pl\/wp-content\/uploads\/2024\/11\/113d291a-cd78-4e0b-a3a4-2c96b58a1ddd-300x225.jpeg\" title=\"\" rel=\"gallery1\" rel=\"lightbox[13080]\"><img loading=\"lazy\" decoding=\"async\" src=\"https:\/\/www.spkatarzyna.pl\/wp-content\/uploads\/2024\/11\/113d291a-cd78-4e0b-a3a4-2c96b58a1ddd-150x150.jpeg\" width=\"150\" height=\"150\" alt=\"\" \/><\/a>\n<\/dt><\/dl><dl class=\"gallery-item\">\n<dt class=\"gallery-icon\">\n<a href=\"https:\/\/www.spkatarzyna.pl\/wp-content\/uploads\/2024\/11\/78cd0a02-024c-4c76-b9ad-e4281c486f5d-300x225.jpeg\" title=\"\" rel=\"gallery1\" rel=\"lightbox[13080]\"><img loading=\"lazy\" decoding=\"async\" src=\"https:\/\/www.spkatarzyna.pl\/wp-content\/uploads\/2024\/11\/78cd0a02-024c-4c76-b9ad-e4281c486f5d-150x150.jpeg\" width=\"150\" height=\"150\" alt=\"\" \/><\/a>\n<\/dt><\/dl><dl class=\"gallery-item\">\n<dt class=\"gallery-icon\">\n<a href=\"https:\/\/www.spkatarzyna.pl\/wp-content\/uploads\/2024\/11\/78ccebd6-f356-4fed-9967-14f04634f469-225x300.jpeg\" title=\"\" rel=\"gallery1\" rel=\"lightbox[13080]\"><img loading=\"lazy\" decoding=\"async\" src=\"https:\/\/www.spkatarzyna.pl\/wp-content\/uploads\/2024\/11\/78ccebd6-f356-4fed-9967-14f04634f469-150x150.jpeg\" width=\"150\" height=\"150\" alt=\"\" \/><\/a>\n<\/dt><\/dl><br style=\"clear: both\" \/><dl class=\"gallery-item\">\n<dt class=\"gallery-icon\">\n<a href=\"https:\/\/www.spkatarzyna.pl\/wp-content\/uploads\/2024\/11\/b0854534-4b67-4501-b989-0537579b40ad-225x300.jpeg\" title=\"\" rel=\"gallery1\" rel=\"lightbox[13080]\"><img loading=\"lazy\" decoding=\"async\" src=\"https:\/\/www.spkatarzyna.pl\/wp-content\/uploads\/2024\/11\/b0854534-4b67-4501-b989-0537579b40ad-150x150.jpeg\" width=\"150\" height=\"150\" alt=\"\" \/><\/a>\n<\/dt><\/dl><dl class=\"gallery-item\">\n<dt class=\"gallery-icon\">\n<a href=\"https:\/\/www.spkatarzyna.pl\/wp-content\/uploads\/2024\/11\/71ff533a-d869-42d5-94a4-54f41dc51b09-300x169.jpeg\" title=\"\" rel=\"gallery1\" rel=\"lightbox[13080]\"><img loading=\"lazy\" decoding=\"async\" src=\"https:\/\/www.spkatarzyna.pl\/wp-content\/uploads\/2024\/11\/71ff533a-d869-42d5-94a4-54f41dc51b09-150x150.jpeg\" width=\"150\" height=\"150\" alt=\"\" \/><\/a>\n<\/dt><\/dl><dl class=\"gallery-item\">\n<dt class=\"gallery-icon\">\n<a href=\"https:\/\/www.spkatarzyna.pl\/wp-content\/uploads\/2024\/11\/40f7ce85-a664-4544-8582-4d1ea7e543bf-225x300.jpeg\" title=\"\" rel=\"gallery1\" rel=\"lightbox[13080]\"><img loading=\"lazy\" decoding=\"async\" src=\"https:\/\/www.spkatarzyna.pl\/wp-content\/uploads\/2024\/11\/40f7ce85-a664-4544-8582-4d1ea7e543bf-150x150.jpeg\" width=\"150\" height=\"150\" alt=\"\" \/><\/a>\n<\/dt><\/dl><dl class=\"gallery-item\">\n<dt class=\"gallery-icon\">\n<a href=\"https:\/\/www.spkatarzyna.pl\/wp-content\/uploads\/2024\/11\/13e05bce-588a-4a5b-8e0c-4398f9a6a973-225x300.jpeg\" title=\"\" rel=\"gallery1\" rel=\"lightbox[13080]\"><img loading=\"lazy\" decoding=\"async\" src=\"https:\/\/www.spkatarzyna.pl\/wp-content\/uploads\/2024\/11\/13e05bce-588a-4a5b-8e0c-4398f9a6a973-150x150.jpeg\" width=\"150\" height=\"150\" alt=\"\" \/><\/a>\n<\/dt><\/dl><br style=\"clear: both\" \/><dl class=\"gallery-item\">\n<dt class=\"gallery-icon\">\n<a href=\"https:\/\/www.spkatarzyna.pl\/wp-content\/uploads\/2024\/11\/11eeac79-2f19-4b3d-b8d3-6a0642e60777-225x300.jpeg\" title=\"\" rel=\"gallery1\" rel=\"lightbox[13080]\"><img loading=\"lazy\" decoding=\"async\" src=\"https:\/\/www.spkatarzyna.pl\/wp-content\/uploads\/2024\/11\/11eeac79-2f19-4b3d-b8d3-6a0642e60777-150x150.jpeg\" width=\"150\" height=\"150\" alt=\"\" \/><\/a>\n<\/dt><\/dl><dl class=\"gallery-item\">\n<dt class=\"gallery-icon\">\n<a href=\"https:\/\/www.spkatarzyna.pl\/wp-content\/uploads\/2024\/11\/8d657b28-a78f-4f0a-a11c-30b4d0c0e3ba-225x300.jpeg\" title=\"\" rel=\"gallery1\" rel=\"lightbox[13080]\"><img loading=\"lazy\" decoding=\"async\" src=\"https:\/\/www.spkatarzyna.pl\/wp-content\/uploads\/2024\/11\/8d657b28-a78f-4f0a-a11c-30b4d0c0e3ba-150x150.jpeg\" width=\"150\" height=\"150\" alt=\"\" \/><\/a>\n<\/dt><\/dl><dl class=\"gallery-item\">\n<dt class=\"gallery-icon\">\n<a href=\"https:\/\/www.spkatarzyna.pl\/wp-content\/uploads\/2024\/11\/6e38c29b-5bc4-440d-8b09-1fb7a576caf6-225x300.jpeg\" title=\"\" rel=\"gallery1\" rel=\"lightbox[13080]\"><img loading=\"lazy\" decoding=\"async\" src=\"https:\/\/www.spkatarzyna.pl\/wp-content\/uploads\/2024\/11\/6e38c29b-5bc4-440d-8b09-1fb7a576caf6-150x150.jpeg\" width=\"150\" height=\"150\" alt=\"\" \/><\/a>\n<\/dt><\/dl><dl class=\"gallery-item\">\n<dt class=\"gallery-icon\">\n<a href=\"https:\/\/www.spkatarzyna.pl\/wp-content\/uploads\/2024\/11\/6be7086a-ba59-4d57-b7d7-110721bb54de-225x300.jpeg\" title=\"\" rel=\"gallery1\" rel=\"lightbox[13080]\"><img loading=\"lazy\" decoding=\"async\" src=\"https:\/\/www.spkatarzyna.pl\/wp-content\/uploads\/2024\/11\/6be7086a-ba59-4d57-b7d7-110721bb54de-150x150.jpeg\" width=\"150\" height=\"150\" alt=\"\" \/><\/a>\n<\/dt><\/dl><br style=\"clear: both\" \/><dl class=\"gallery-item\">\n<dt class=\"gallery-icon\">\n<a href=\"https:\/\/www.spkatarzyna.pl\/wp-content\/uploads\/2024\/11\/5b7eb37d-b47f-410a-9a9a-c36bec549030-300x225.jpeg\" title=\"\" rel=\"gallery1\" rel=\"lightbox[13080]\"><img loading=\"lazy\" decoding=\"async\" src=\"https:\/\/www.spkatarzyna.pl\/wp-content\/uploads\/2024\/11\/5b7eb37d-b47f-410a-9a9a-c36bec549030-150x150.jpeg\" width=\"150\" height=\"150\" alt=\"\" \/><\/a>\n<\/dt><\/dl><dl class=\"gallery-item\">\n<dt class=\"gallery-icon\">\n<a href=\"https:\/\/www.spkatarzyna.pl\/wp-content\/uploads\/2024\/11\/4cf32c6e-6c44-46d8-92e2-a80a1b9c0f49-169x300.jpeg\" title=\"\" rel=\"gallery1\" rel=\"lightbox[13080]\"><img loading=\"lazy\" decoding=\"async\" src=\"https:\/\/www.spkatarzyna.pl\/wp-content\/uploads\/2024\/11\/4cf32c6e-6c44-46d8-92e2-a80a1b9c0f49-150x150.jpeg\" width=\"150\" height=\"150\" alt=\"\" \/><\/a>\n<\/dt><\/dl><dl class=\"gallery-item\">\n<dt class=\"gallery-icon\">\n<a href=\"https:\/\/www.spkatarzyna.pl\/wp-content\/uploads\/2024\/11\/3a396536-3d63-4507-b60c-e2cf7491b2d2-169x300.jpeg\" title=\"\" rel=\"gallery1\" rel=\"lightbox[13080]\"><img loading=\"lazy\" decoding=\"async\" src=\"https:\/\/www.spkatarzyna.pl\/wp-content\/uploads\/2024\/11\/3a396536-3d63-4507-b60c-e2cf7491b2d2-150x150.jpeg\" width=\"150\" height=\"150\" alt=\"\" \/><\/a>\n<\/dt><\/dl><dl class=\"gallery-item\">\n<dt class=\"gallery-icon\">\n<a href=\"https:\/\/www.spkatarzyna.pl\/wp-content\/uploads\/2024\/11\/00add65f-7d54-43c0-a717-70366e323203-300x225.jpeg\" title=\"\" rel=\"gallery1\" rel=\"lightbox[13080]\"><img loading=\"lazy\" decoding=\"async\" src=\"https:\/\/www.spkatarzyna.pl\/wp-content\/uploads\/2024\/11\/00add65f-7d54-43c0-a717-70366e323203-150x150.jpeg\" width=\"150\" height=\"150\" alt=\"\" \/><\/a>\n<\/dt><\/dl><br style=\"clear: both\" \/><br style=\"clear: both\" \/><\/div>\t\t<\/div>\n\t\t\t\t\t\t<\/div>\n\t\t\t\t\t<\/div>\n\t\t<\/div>\n\t\t\t\t\t<\/div>\n\t\t<\/section>\n\t\t\t\t<\/div>\n\t\t","protected":false},"excerpt":{"rendered":"<p>\u201eKto powiedzia\u0142, \u017ce jesie\u0144 jest smutna?\u2026\u201d &#8211; na pewno nie w naszej \u015bwietlicy. U nas zawsze jest weso\u0142o i kreatywnie. Listopad to ostatni miesi\u0105c kolorowej jesieni dlatego\u2026\u00a0 Powsta\u0142o du\u017co pi\u0119knych prac plastycznych, w kt\u00f3rych dzieci przedstawi\u0142y jej barwy. Pami\u0119tali\u015bmy r\u00f3wnie\u017c o wydarzeniach historycznych &#8211; \u015awi\u0119to Niepodleg\u0142o\u015bci uczcili\u015bmy odpowiedni\u0105 dekoracj\u0105, a [&hellip;]<\/p>\n","protected":false},"author":6,"featured_media":13081,"comment_status":"open","ping_status":"open","sticky":false,"template":"","format":"standard","meta":{"om_disable_all_campaigns":false,"_monsterinsights_skip_tracking":false,"ngg_post_thumbnail":0,"footnotes":""},"categories":[1],"tags":[],"class_list":["post-13080","post","type-post","status-publish","format-standard","has-post-thumbnail","hentry","category-uncategorized"],"aioseo_notices":[],"aioseo_head":"\n\t\t<!-- All in One SEO 5.0.1.1 - aioseo.com -->\n\t<meta name=\"description\" content=\"\u201eKto powiedzia\u0142, \u017ce jesie\u0144 jest smutna?\u2026\u201d \u2013 na pewno nie w naszej \u015bwietlicy. U nas zawsze jest weso\u0142o i kreatywnie. Listopad to ostatni miesi\u0105c kolorowej jesieni dlatego\u2026 Powsta\u0142o du\u017co pi\u0119knych prac plastycznych, w kt\u00f3rych dzieci przedstawi\u0142y jej barwy.Pami\u0119tali\u015bmy r\u00f3wnie\u017c o wydarzeniach historycznych \u2013 \u015awi\u0119to Niepodleg\u0142o\u015bci uczcili\u015bmy odpowiedni\u0105 dekoracj\u0105, a tak\u017ce rozmowami tematycznymi. 14 listopada by\u0142 dniem czystego\" \/>\n\t<meta name=\"robots\" content=\"max-image-preview:large\" \/>\n\t<meta name=\"author\" content=\"Redakcja\"\/>\n\t<link rel=\"canonical\" href=\"https:\/\/www.spkatarzyna.pl\/index.php\/2024\/11\/29\/jesien-w-swietlicy\/\" \/>\n\t<meta name=\"generator\" content=\"All in One SEO (AIOSEO) 5.0.1.1\" \/>\n\t\t<meta property=\"og:locale\" content=\"pl_PL\" \/>\n\t\t<meta property=\"og:site_name\" content=\"SP Katarzyna - Publiczna Szko\u0142a Podstawowa w \u015awi\u0119tej Katarzynie\" \/>\n\t\t<meta property=\"og:type\" content=\"article\" \/>\n\t\t<meta property=\"og:title\" content=\"Jesie\u0144 w \u015bwietlicy - SP Katarzyna\" \/>\n\t\t<meta property=\"og:description\" content=\"\u201eKto powiedzia\u0142, \u017ce jesie\u0144 jest smutna?\u2026\u201d \u2013 na pewno nie w naszej \u015bwietlicy. U nas zawsze jest weso\u0142o i kreatywnie. Listopad to ostatni miesi\u0105c kolorowej jesieni dlatego\u2026 Powsta\u0142o du\u017co pi\u0119knych prac plastycznych, w kt\u00f3rych dzieci przedstawi\u0142y jej barwy.Pami\u0119tali\u015bmy r\u00f3wnie\u017c o wydarzeniach historycznych \u2013 \u015awi\u0119to Niepodleg\u0142o\u015bci uczcili\u015bmy odpowiedni\u0105 dekoracj\u0105, a tak\u017ce rozmowami tematycznymi. 14 listopada by\u0142 dniem czystego\" \/>\n\t\t<meta property=\"og:url\" content=\"https:\/\/www.spkatarzyna.pl\/index.php\/2024\/11\/29\/jesien-w-swietlicy\/\" \/>\n\t\t<meta property=\"article:published_time\" content=\"2024-11-29T19:42:21+00:00\" \/>\n\t\t<meta property=\"article:modified_time\" content=\"2024-11-29T19:54:45+00:00\" \/>\n\t\t<meta name=\"twitter:card\" content=\"summary_large_image\" \/>\n\t\t<meta name=\"twitter:title\" content=\"Jesie\u0144 w \u015bwietlicy - SP Katarzyna\" \/>\n\t\t<meta name=\"twitter:description\" content=\"\u201eKto powiedzia\u0142, \u017ce jesie\u0144 jest smutna?\u2026\u201d \u2013 na pewno nie w naszej \u015bwietlicy. U nas zawsze jest weso\u0142o i kreatywnie. Listopad to ostatni miesi\u0105c kolorowej jesieni dlatego\u2026 Powsta\u0142o du\u017co pi\u0119knych prac plastycznych, w kt\u00f3rych dzieci przedstawi\u0142y jej barwy.Pami\u0119tali\u015bmy r\u00f3wnie\u017c o wydarzeniach historycznych \u2013 \u015awi\u0119to Niepodleg\u0142o\u015bci uczcili\u015bmy odpowiedni\u0105 dekoracj\u0105, a tak\u017ce rozmowami tematycznymi. 14 listopada by\u0142 dniem czystego\" \/>\n\t\t<script type=\"application\/ld+json\" class=\"aioseo-schema\">\n\t\t\t{\"@context\":\"https:\\\/\\\/schema.org\",\"@graph\":[{\"@type\":\"BlogPosting\",\"@id\":\"https:\\\/\\\/www.spkatarzyna.pl\\\/index.php\\\/2024\\\/11\\\/29\\\/jesien-w-swietlicy\\\/#blogposting\",\"name\":\"Jesie\\u0144 w \\u015bwietlicy - SP Katarzyna\",\"headline\":\"Jesie\\u0144 w \\u015bwietlicy\",\"author\":{\"@id\":\"https:\\\/\\\/www.spkatarzyna.pl\\\/index.php\\\/author\\\/agatasafianspkatarzyna-pl\\\/#author\"},\"publisher\":{\"@id\":\"https:\\\/\\\/www.spkatarzyna.pl\\\/#organization\"},\"image\":{\"@type\":\"ImageObject\",\"url\":\"https:\\\/\\\/www.spkatarzyna.pl\\\/wp-content\\\/uploads\\\/2024\\\/11\\\/71ff533a-d869-42d5-94a4-54f41dc5.jpg\",\"width\":360,\"height\":202},\"datePublished\":\"2024-11-29T19:42:21+01:00\",\"dateModified\":\"2024-11-29T19:54:45+01:00\",\"inLanguage\":\"pl-PL\",\"mainEntityOfPage\":{\"@id\":\"https:\\\/\\\/www.spkatarzyna.pl\\\/index.php\\\/2024\\\/11\\\/29\\\/jesien-w-swietlicy\\\/#webpage\"},\"isPartOf\":{\"@id\":\"https:\\\/\\\/www.spkatarzyna.pl\\\/index.php\\\/2024\\\/11\\\/29\\\/jesien-w-swietlicy\\\/#webpage\"},\"articleSection\":\"Uncategorized\"},{\"@type\":\"BreadcrumbList\",\"@id\":\"https:\\\/\\\/www.spkatarzyna.pl\\\/index.php\\\/2024\\\/11\\\/29\\\/jesien-w-swietlicy\\\/#breadcrumblist\",\"itemListElement\":[{\"@type\":\"ListItem\",\"@id\":\"https:\\\/\\\/www.spkatarzyna.pl#listItem\",\"position\":1,\"name\":\"Dom\",\"item\":\"https:\\\/\\\/www.spkatarzyna.pl\",\"nextItem\":{\"@type\":\"ListItem\",\"@id\":\"https:\\\/\\\/www.spkatarzyna.pl\\\/index.php\\\/category\\\/uncategorized\\\/#listItem\",\"name\":\"Uncategorized\"}},{\"@type\":\"ListItem\",\"@id\":\"https:\\\/\\\/www.spkatarzyna.pl\\\/index.php\\\/category\\\/uncategorized\\\/#listItem\",\"position\":2,\"name\":\"Uncategorized\",\"item\":\"https:\\\/\\\/www.spkatarzyna.pl\\\/index.php\\\/category\\\/uncategorized\\\/\",\"nextItem\":{\"@type\":\"ListItem\",\"@id\":\"https:\\\/\\\/www.spkatarzyna.pl\\\/index.php\\\/2024\\\/11\\\/29\\\/jesien-w-swietlicy\\\/#listItem\",\"name\":\"Jesie\\u0144 w \\u015bwietlicy\"},\"previousItem\":{\"@type\":\"ListItem\",\"@id\":\"https:\\\/\\\/www.spkatarzyna.pl#listItem\",\"name\":\"Dom\"}},{\"@type\":\"ListItem\",\"@id\":\"https:\\\/\\\/www.spkatarzyna.pl\\\/index.php\\\/2024\\\/11\\\/29\\\/jesien-w-swietlicy\\\/#listItem\",\"position\":3,\"name\":\"Jesie\\u0144 w \\u015bwietlicy\",\"previousItem\":{\"@type\":\"ListItem\",\"@id\":\"https:\\\/\\\/www.spkatarzyna.pl\\\/index.php\\\/category\\\/uncategorized\\\/#listItem\",\"name\":\"Uncategorized\"}}]},{\"@type\":\"Organization\",\"@id\":\"https:\\\/\\\/www.spkatarzyna.pl\\\/#organization\",\"name\":\"SP Katarzyna\",\"description\":\"Publiczna Szko\\u0142a Podstawowa w \\u015awi\\u0119tej Katarzynie\",\"url\":\"https:\\\/\\\/www.spkatarzyna.pl\\\/\",\"telephone\":\"+48713116378\",\"sameAs\":[\"https:\\\/\\\/facebook.com\\\/\",\"https:\\\/\\\/x.com\\\/\",\"https:\\\/\\\/instagram.com\\\/\",\"https:\\\/\\\/pinterest.com\\\/\",\"https:\\\/\\\/youtube.com\\\/\",\"https:\\\/\\\/linkedin.com\\\/in\\\/\"]},{\"@type\":\"Person\",\"@id\":\"https:\\\/\\\/www.spkatarzyna.pl\\\/index.php\\\/author\\\/agatasafianspkatarzyna-pl\\\/#author\",\"url\":\"https:\\\/\\\/www.spkatarzyna.pl\\\/index.php\\\/author\\\/agatasafianspkatarzyna-pl\\\/\",\"name\":\"Redakcja\",\"image\":{\"@type\":\"ImageObject\",\"@id\":\"https:\\\/\\\/www.spkatarzyna.pl\\\/index.php\\\/2024\\\/11\\\/29\\\/jesien-w-swietlicy\\\/#authorImage\",\"url\":\"https:\\\/\\\/secure.gravatar.com\\\/avatar\\\/765290513df94d442152250e92b42327?s=96&d=mm&r=g\",\"width\":96,\"height\":96,\"caption\":\"Redakcja\"}},{\"@type\":\"WebPage\",\"@id\":\"https:\\\/\\\/www.spkatarzyna.pl\\\/index.php\\\/2024\\\/11\\\/29\\\/jesien-w-swietlicy\\\/#webpage\",\"url\":\"https:\\\/\\\/www.spkatarzyna.pl\\\/index.php\\\/2024\\\/11\\\/29\\\/jesien-w-swietlicy\\\/\",\"name\":\"Jesie\\u0144 w \\u015bwietlicy - SP Katarzyna\",\"description\":\"\\u201eKto powiedzia\\u0142, \\u017ce jesie\\u0144 jest smutna?\\u2026\\u201d \\u2013 na pewno nie w naszej \\u015bwietlicy. U nas zawsze jest weso\\u0142o i kreatywnie. Listopad to ostatni miesi\\u0105c kolorowej jesieni dlatego\\u2026 Powsta\\u0142o du\\u017co pi\\u0119knych prac plastycznych, w kt\\u00f3rych dzieci przedstawi\\u0142y jej barwy.Pami\\u0119tali\\u015bmy r\\u00f3wnie\\u017c o wydarzeniach historycznych \\u2013 \\u015awi\\u0119to Niepodleg\\u0142o\\u015bci uczcili\\u015bmy odpowiedni\\u0105 dekoracj\\u0105, a tak\\u017ce rozmowami tematycznymi. 14 listopada by\\u0142 dniem czystego\",\"inLanguage\":\"pl-PL\",\"isPartOf\":{\"@id\":\"https:\\\/\\\/www.spkatarzyna.pl\\\/#website\"},\"breadcrumb\":{\"@id\":\"https:\\\/\\\/www.spkatarzyna.pl\\\/index.php\\\/2024\\\/11\\\/29\\\/jesien-w-swietlicy\\\/#breadcrumblist\"},\"author\":{\"@id\":\"https:\\\/\\\/www.spkatarzyna.pl\\\/index.php\\\/author\\\/agatasafianspkatarzyna-pl\\\/#author\"},\"creator\":{\"@id\":\"https:\\\/\\\/www.spkatarzyna.pl\\\/index.php\\\/author\\\/agatasafianspkatarzyna-pl\\\/#author\"},\"image\":{\"@type\":\"ImageObject\",\"url\":\"https:\\\/\\\/www.spkatarzyna.pl\\\/wp-content\\\/uploads\\\/2024\\\/11\\\/71ff533a-d869-42d5-94a4-54f41dc5.jpg\",\"@id\":\"https:\\\/\\\/www.spkatarzyna.pl\\\/index.php\\\/2024\\\/11\\\/29\\\/jesien-w-swietlicy\\\/#mainImage\",\"width\":360,\"height\":202},\"primaryImageOfPage\":{\"@id\":\"https:\\\/\\\/www.spkatarzyna.pl\\\/index.php\\\/2024\\\/11\\\/29\\\/jesien-w-swietlicy\\\/#mainImage\"},\"datePublished\":\"2024-11-29T19:42:21+01:00\",\"dateModified\":\"2024-11-29T19:54:45+01:00\"},{\"@type\":\"WebSite\",\"@id\":\"https:\\\/\\\/www.spkatarzyna.pl\\\/#website\",\"url\":\"https:\\\/\\\/www.spkatarzyna.pl\\\/\",\"name\":\"SP Katarzyna\",\"description\":\"Publiczna Szko\\u0142a Podstawowa w \\u015awi\\u0119tej Katarzynie\",\"inLanguage\":\"pl-PL\",\"publisher\":{\"@id\":\"https:\\\/\\\/www.spkatarzyna.pl\\\/#organization\"}}]}\n\t\t<\/script>\n\t\t<!-- All in One SEO -->\n\n","aioseo_head_json":{"title":"Jesie\u0144 w \u015bwietlicy - SP Katarzyna","description":"\u201eKto powiedzia\u0142, \u017ce jesie\u0144 jest smutna?\u2026\u201d \u2013 na pewno nie w naszej \u015bwietlicy. U nas zawsze jest weso\u0142o i kreatywnie. Listopad to ostatni miesi\u0105c kolorowej jesieni dlatego\u2026 Powsta\u0142o du\u017co pi\u0119knych prac plastycznych, w kt\u00f3rych dzieci przedstawi\u0142y jej barwy.Pami\u0119tali\u015bmy r\u00f3wnie\u017c o wydarzeniach historycznych \u2013 \u015awi\u0119to Niepodleg\u0142o\u015bci uczcili\u015bmy odpowiedni\u0105 dekoracj\u0105, a tak\u017ce rozmowami tematycznymi. 14 listopada by\u0142 dniem czystego","canonical_url":"https:\/\/www.spkatarzyna.pl\/index.php\/2024\/11\/29\/jesien-w-swietlicy\/","robots":"max-image-preview:large","keywords":"","webmasterTools":{"miscellaneous":""},"schema":{"@context":"https:\/\/schema.org","@graph":[{"@type":"BlogPosting","@id":"https:\/\/www.spkatarzyna.pl\/index.php\/2024\/11\/29\/jesien-w-swietlicy\/#blogposting","name":"Jesie\u0144 w \u015bwietlicy - SP Katarzyna","headline":"Jesie\u0144 w \u015bwietlicy","author":{"@id":"https:\/\/www.spkatarzyna.pl\/index.php\/author\/agatasafianspkatarzyna-pl\/#author"},"publisher":{"@id":"https:\/\/www.spkatarzyna.pl\/#organization"},"image":{"@type":"ImageObject","url":"https:\/\/www.spkatarzyna.pl\/wp-content\/uploads\/2024\/11\/71ff533a-d869-42d5-94a4-54f41dc5.jpg","width":360,"height":202},"datePublished":"2024-11-29T19:42:21+01:00","dateModified":"2024-11-29T19:54:45+01:00","inLanguage":"pl-PL","mainEntityOfPage":{"@id":"https:\/\/www.spkatarzyna.pl\/index.php\/2024\/11\/29\/jesien-w-swietlicy\/#webpage"},"isPartOf":{"@id":"https:\/\/www.spkatarzyna.pl\/index.php\/2024\/11\/29\/jesien-w-swietlicy\/#webpage"},"articleSection":"Uncategorized"},{"@type":"BreadcrumbList","@id":"https:\/\/www.spkatarzyna.pl\/index.php\/2024\/11\/29\/jesien-w-swietlicy\/#breadcrumblist","itemListElement":[{"@type":"ListItem","@id":"https:\/\/www.spkatarzyna.pl#listItem","position":1,"name":"Dom","item":"https:\/\/www.spkatarzyna.pl","nextItem":{"@type":"ListItem","@id":"https:\/\/www.spkatarzyna.pl\/index.php\/category\/uncategorized\/#listItem","name":"Uncategorized"}},{"@type":"ListItem","@id":"https:\/\/www.spkatarzyna.pl\/index.php\/category\/uncategorized\/#listItem","position":2,"name":"Uncategorized","item":"https:\/\/www.spkatarzyna.pl\/index.php\/category\/uncategorized\/","nextItem":{"@type":"ListItem","@id":"https:\/\/www.spkatarzyna.pl\/index.php\/2024\/11\/29\/jesien-w-swietlicy\/#listItem","name":"Jesie\u0144 w \u015bwietlicy"},"previousItem":{"@type":"ListItem","@id":"https:\/\/www.spkatarzyna.pl#listItem","name":"Dom"}},{"@type":"ListItem","@id":"https:\/\/www.spkatarzyna.pl\/index.php\/2024\/11\/29\/jesien-w-swietlicy\/#listItem","position":3,"name":"Jesie\u0144 w \u015bwietlicy","previousItem":{"@type":"ListItem","@id":"https:\/\/www.spkatarzyna.pl\/index.php\/category\/uncategorized\/#listItem","name":"Uncategorized"}}]},{"@type":"Organization","@id":"https:\/\/www.spkatarzyna.pl\/#organization","name":"SP Katarzyna","description":"Publiczna Szko\u0142a Podstawowa w \u015awi\u0119tej Katarzynie","url":"https:\/\/www.spkatarzyna.pl\/","telephone":"+48713116378","sameAs":["https:\/\/facebook.com\/","https:\/\/x.com\/","https:\/\/instagram.com\/","https:\/\/pinterest.com\/","https:\/\/youtube.com\/","https:\/\/linkedin.com\/in\/"]},{"@type":"Person","@id":"https:\/\/www.spkatarzyna.pl\/index.php\/author\/agatasafianspkatarzyna-pl\/#author","url":"https:\/\/www.spkatarzyna.pl\/index.php\/author\/agatasafianspkatarzyna-pl\/","name":"Redakcja","image":{"@type":"ImageObject","@id":"https:\/\/www.spkatarzyna.pl\/index.php\/2024\/11\/29\/jesien-w-swietlicy\/#authorImage","url":"https:\/\/secure.gravatar.com\/avatar\/765290513df94d442152250e92b42327?s=96&d=mm&r=g","width":96,"height":96,"caption":"Redakcja"}},{"@type":"WebPage","@id":"https:\/\/www.spkatarzyna.pl\/index.php\/2024\/11\/29\/jesien-w-swietlicy\/#webpage","url":"https:\/\/www.spkatarzyna.pl\/index.php\/2024\/11\/29\/jesien-w-swietlicy\/","name":"Jesie\u0144 w \u015bwietlicy - SP Katarzyna","description":"\u201eKto powiedzia\u0142, \u017ce jesie\u0144 jest smutna?\u2026\u201d \u2013 na pewno nie w naszej \u015bwietlicy. U nas zawsze jest weso\u0142o i kreatywnie. Listopad to ostatni miesi\u0105c kolorowej jesieni dlatego\u2026 Powsta\u0142o du\u017co pi\u0119knych prac plastycznych, w kt\u00f3rych dzieci przedstawi\u0142y jej barwy.Pami\u0119tali\u015bmy r\u00f3wnie\u017c o wydarzeniach historycznych \u2013 \u015awi\u0119to Niepodleg\u0142o\u015bci uczcili\u015bmy odpowiedni\u0105 dekoracj\u0105, a tak\u017ce rozmowami tematycznymi. 14 listopada by\u0142 dniem czystego","inLanguage":"pl-PL","isPartOf":{"@id":"https:\/\/www.spkatarzyna.pl\/#website"},"breadcrumb":{"@id":"https:\/\/www.spkatarzyna.pl\/index.php\/2024\/11\/29\/jesien-w-swietlicy\/#breadcrumblist"},"author":{"@id":"https:\/\/www.spkatarzyna.pl\/index.php\/author\/agatasafianspkatarzyna-pl\/#author"},"creator":{"@id":"https:\/\/www.spkatarzyna.pl\/index.php\/author\/agatasafianspkatarzyna-pl\/#author"},"image":{"@type":"ImageObject","url":"https:\/\/www.spkatarzyna.pl\/wp-content\/uploads\/2024\/11\/71ff533a-d869-42d5-94a4-54f41dc5.jpg","@id":"https:\/\/www.spkatarzyna.pl\/index.php\/2024\/11\/29\/jesien-w-swietlicy\/#mainImage","width":360,"height":202},"primaryImageOfPage":{"@id":"https:\/\/www.spkatarzyna.pl\/index.php\/2024\/11\/29\/jesien-w-swietlicy\/#mainImage"},"datePublished":"2024-11-29T19:42:21+01:00","dateModified":"2024-11-29T19:54:45+01:00"},{"@type":"WebSite","@id":"https:\/\/www.spkatarzyna.pl\/#website","url":"https:\/\/www.spkatarzyna.pl\/","name":"SP Katarzyna","description":"Publiczna Szko\u0142a Podstawowa w \u015awi\u0119tej Katarzynie","inLanguage":"pl-PL","publisher":{"@id":"https:\/\/www.spkatarzyna.pl\/#organization"}}]},"og:locale":"pl_PL","og:site_name":"SP Katarzyna - Publiczna Szko\u0142a Podstawowa w \u015awi\u0119tej Katarzynie","og:type":"article","og:title":"Jesie\u0144 w \u015bwietlicy - SP Katarzyna","og:description":"\u201eKto powiedzia\u0142, \u017ce jesie\u0144 jest smutna?\u2026\u201d \u2013 na pewno nie w naszej \u015bwietlicy. U nas zawsze jest weso\u0142o i kreatywnie. Listopad to ostatni miesi\u0105c kolorowej jesieni dlatego\u2026 Powsta\u0142o du\u017co pi\u0119knych prac plastycznych, w kt\u00f3rych dzieci przedstawi\u0142y jej barwy.Pami\u0119tali\u015bmy r\u00f3wnie\u017c o wydarzeniach historycznych \u2013 \u015awi\u0119to Niepodleg\u0142o\u015bci uczcili\u015bmy odpowiedni\u0105 dekoracj\u0105, a tak\u017ce rozmowami tematycznymi. 14 listopada by\u0142 dniem czystego","og:url":"https:\/\/www.spkatarzyna.pl\/index.php\/2024\/11\/29\/jesien-w-swietlicy\/","article:published_time":"2024-11-29T19:42:21+00:00","article:modified_time":"2024-11-29T19:54:45+00:00","twitter:card":"summary_large_image","twitter:title":"Jesie\u0144 w \u015bwietlicy - SP Katarzyna","twitter:description":"\u201eKto powiedzia\u0142, \u017ce jesie\u0144 jest smutna?\u2026\u201d \u2013 na pewno nie w naszej \u015bwietlicy. U nas zawsze jest weso\u0142o i kreatywnie. Listopad to ostatni miesi\u0105c kolorowej jesieni dlatego\u2026 Powsta\u0142o du\u017co pi\u0119knych prac plastycznych, w kt\u00f3rych dzieci przedstawi\u0142y jej barwy.Pami\u0119tali\u015bmy r\u00f3wnie\u017c o wydarzeniach historycznych \u2013 \u015awi\u0119to Niepodleg\u0142o\u015bci uczcili\u015bmy odpowiedni\u0105 dekoracj\u0105, a tak\u017ce rozmowami tematycznymi. 14 listopada by\u0142 dniem czystego"},"aioseo_meta_data":{"post_id":"13080","title":null,"description":null,"keywords":null,"keyphrases":{"focus":{"keyphrase":"","score":0,"analysis":{"keyphraseInTitle":{"score":0,"maxScore":9,"error":1}}},"additional":[]},"primary_term":null,"canonical_url":null,"og_title":null,"og_description":null,"og_object_type":"default","og_image_type":"default","og_image_url":null,"og_image_width":null,"og_image_height":null,"og_image_custom_url":null,"og_image_custom_fields":null,"og_video":"","og_custom_url":null,"og_article_section":null,"og_article_tags":null,"twitter_use_og":false,"twitter_card":"default","twitter_image_type":"default","twitter_image_url":null,"twitter_image_custom_url":null,"twitter_image_custom_fields":null,"twitter_title":null,"twitter_description":null,"schema":{"blockGraphs":[],"customGraphs":[],"default":{"data":{"Article":[],"Course":[],"Dataset":[],"FAQPage":[],"Movie":[],"Person":[],"Product":[],"ProductReview":[],"Car":[],"Recipe":[],"Service":[],"SoftwareApplication":[],"WebPage":[]},"graphName":"BlogPosting","isEnabled":true},"graphs":[]},"schema_type":"default","schema_type_options":null,"pillar_content":false,"robots_default":true,"robots_noindex":false,"robots_noarchive":false,"robots_nosnippet":false,"robots_nofollow":false,"robots_noimageindex":false,"robots_noodp":false,"robots_notranslate":false,"robots_max_snippet":"-1","robots_max_videopreview":"-1","robots_max_imagepreview":"large","priority":null,"frequency":"default","local_seo":null,"limit_modified_date":false,"created":"2024-11-29 19:42:21","updated":"2026-09-03 16:04:54","focus_keyword":null,"additional_keywords":null,"truseo_locale":null,"ai":null,"breadcrumb_settings":null,"seo_analyzer_scan_date":null},"aioseo_breadcrumb":"<div class=\"aioseo-breadcrumbs\"><span class=\"aioseo-breadcrumb\">\n\t\t\t<a href=\"https:\/\/www.spkatarzyna.pl\" title=\"Dom\">Dom<\/a>\n\t\t<\/span><span class=\"aioseo-breadcrumb-separator\">&raquo;<\/span><span class=\"aioseo-breadcrumb\">\n\t\t\t<a href=\"https:\/\/www.spkatarzyna.pl\/index.php\/category\/uncategorized\/\" title=\"Uncategorized\">Uncategorized<\/a>\n\t\t<\/span><span class=\"aioseo-breadcrumb-separator\">&raquo;<\/span><span class=\"aioseo-breadcrumb\">\n\t\t\tJesie\u0144 w \u015bwietlicy\n\t\t<\/span><\/div>","aioseo_breadcrumb_json":[{"label":"Dom","link":"https:\/\/www.spkatarzyna.pl"},{"label":"Uncategorized","link":"https:\/\/www.spkatarzyna.pl\/index.php\/category\/uncategorized\/"},{"label":"Jesie\u0144 w \u015bwietlicy","link":"https:\/\/www.spkatarzyna.pl\/index.php\/2024\/11\/29\/jesien-w-swietlicy\/"}],"_links":{"self":[{"href":"https:\/\/www.spkatarzyna.pl\/index.php\/wp-json\/wp\/v2\/posts\/13080","targetHints":{"allow":["GET"]}}],"collection":[{"href":"https:\/\/www.spkatarzyna.pl\/index.php\/wp-json\/wp\/v2\/posts"}],"about":[{"href":"https:\/\/www.spkatarzyna.pl\/index.php\/wp-json\/wp\/v2\/types\/post"}],"author":[{"embeddable":true,"href":"https:\/\/www.spkatarzyna.pl\/index.php\/wp-json\/wp\/v2\/users\/6"}],"replies":[{"embeddable":true,"href":"https:\/\/www.spkatarzyna.pl\/index.php\/wp-json\/wp\/v2\/comments?post=13080"}],"version-history":[{"count":10,"href":"https:\/\/www.spkatarzyna.pl\/index.php\/wp-json\/wp\/v2\/posts\/13080\/revisions"}],"predecessor-version":[{"id":13136,"href":"https:\/\/www.spkatarzyna.pl\/index.php\/wp-json\/wp\/v2\/posts\/13080\/revisions\/13136"}],"wp:featuredmedia":[{"embeddable":true,"href":"https:\/\/www.spkatarzyna.pl\/index.php\/wp-json\/wp\/v2\/media\/13081"}],"wp:attachment":[{"href":"https:\/\/www.spkatarzyna.pl\/index.php\/wp-json\/wp\/v2\/media?parent=13080"}],"wp:term":[{"taxonomy":"category","embeddable":true,"href":"https:\/\/www.spkatarzyna.pl\/index.php\/wp-json\/wp\/v2\/categories?post=13080"},{"taxonomy":"post_tag","embeddable":true,"href":"https:\/\/www.spkatarzyna.pl\/index.php\/wp-json\/wp\/v2\/tags?post=13080"}],"curies":[{"name":"wp","href":"https:\/\/api.w.org\/{rel}","templated":true}]}}