{"id":13276,"date":"2024-12-06T15:48:11","date_gmt":"2024-12-06T15:48:11","guid":{"rendered":"https:\/\/www.spkatarzyna.pl\/?p=13276"},"modified":"2024-12-08T15:11:57","modified_gmt":"2024-12-08T15:11:57","slug":"mikolajki-w-kinie-klas-6","status":"publish","type":"post","link":"https:\/\/www.spkatarzyna.pl\/index.php\/2024\/12\/06\/mikolajki-w-kinie-klas-6\/","title":{"rendered":"Miko\u0142ajki w kinie klas 6"},"content":{"rendered":"\t\t<div data-elementor-type=\"wp-post\" data-elementor-id=\"13276\" class=\"elementor elementor-13276\">\n\t\t\t\t\t\t<section class=\"elementor-section elementor-top-section elementor-element elementor-element-7e454c8c elementor-section-boxed elementor-section-height-default elementor-section-height-default\" data-id=\"7e454c8c\" data-element_type=\"section\">\n\t\t\t\t\t\t<div class=\"elementor-container elementor-column-gap-default\">\n\t\t\t\t\t<div class=\"elementor-column elementor-col-100 elementor-top-column elementor-element elementor-element-4be3b4bd\" data-id=\"4be3b4bd\" data-element_type=\"column\">\n\t\t\t<div class=\"elementor-widget-wrap elementor-element-populated\">\n\t\t\t\t\t\t<div class=\"elementor-element elementor-element-485d55c8 elementor-widget elementor-widget-text-editor\" data-id=\"485d55c8\" data-element_type=\"widget\" data-widget_type=\"text-editor.default\">\n\t\t\t\t\t\t\t\t\t<p style=\"text-align: justify;\"><span style=\"font-weight: 400; font-size: 14pt; color: #000000;\">6 grudnia br. uczniowie klas sz\u00f3stych wybrali si\u0119 na wycieczk\u0119 do kina Cinema City we Wroc\u0142awiu, \u015bwi\u0119tuj\u0105c w ten spos\u00f3b Miko\u0142ajki. Celem wycieczki by\u0142o przede wszystkim kszta\u0142towanie wra\u017cliwo\u015bci estetycznej poprzez kontakt ze sztuk\u0105 filmow\u0105, ale tak\u017ce integracja uczni\u00f3w i wzmacnianie wi\u0119zi kole\u017ce\u0144skich. Sz\u00f3stoklasi\u015bci obejrzeli film \u201eList do \u015bw. Miko\u0142aja\u201d, kt\u00f3ry by\u0142 pe\u0142n\u0105 ekscytuj\u0105cych przyg\u00f3d i \u015bmiesznych moment\u00f3w histori\u0105. Po projekcji filmu uczniowie mieli okazj\u0119 spotka\u0107 si\u0119 ze \u015awi\u0119tym Miko\u0142ajem, kt\u00f3ry cz\u0119stowa\u0142 s\u0142odkimi upominkami. Pe\u0142ni wra\u017ce\u0144, na\u0142adowani pozytywn\u0105 energi\u0105 i w doskona\u0142ych nastrojach m\u0142odzi widzowie wr\u00f3cili do domu.<\/span><\/p>\t\t\t\t\t\t\t\t<\/div>\n\t\t\t\t<div class=\"elementor-element elementor-element-1083ac3 elementor-widget elementor-widget-image-gallery\" data-id=\"1083ac3\" data-element_type=\"widget\" data-widget_type=\"image-gallery.default\">\n\t\t\t\t\t\t\t<div class=\"elementor-image-gallery\">\n\t\t\t\n\t\t<div id='gallery-1' class='gallery galleryid-13276 gallery-columns-2 gallery-size-thumbnail gallery1'><script type=\"text\/javascript\">\n\/\/ <![CDATA[\n\tjQuery(document).ready(function () {\n\t\tjQuery(\".gallery1 a\").attr(\"rel\",\"gallery1\");\t\n\t\tjQuery('a[rel=\"gallery1\"]').colorbox({title: function(){ return jQuery(this).children().attr(\"alt\"); }});\n\t});\n\/\/ ]]>\n<\/script>\n<dl class=\"gallery-item\">\n<dt class=\"gallery-icon\">\n<a href=\"https:\/\/www.spkatarzyna.pl\/wp-content\/uploads\/2024\/12\/PHOTO-2024-12-06-16-55-36-e1733670710815-300x176.jpg\" title=\"\" rel=\"gallery1\" rel=\"lightbox[13276]\"><img decoding=\"async\" src=\"https:\/\/www.spkatarzyna.pl\/wp-content\/uploads\/2024\/12\/PHOTO-2024-12-06-16-55-36-e1733670710815-150x150.jpg\" width=\"150\" height=\"150\" alt=\"\" \/><\/a>\n<\/dt><\/dl><dl class=\"gallery-item\">\n<dt class=\"gallery-icon\">\n<a href=\"https:\/\/www.spkatarzyna.pl\/wp-content\/uploads\/2024\/12\/PHOTO-2024-12-06-14-04-39-300x226.jpg\" title=\"\" rel=\"gallery1\" rel=\"lightbox[13276]\"><img decoding=\"async\" src=\"https:\/\/www.spkatarzyna.pl\/wp-content\/uploads\/2024\/12\/PHOTO-2024-12-06-14-04-39-150x150.jpg\" width=\"150\" height=\"150\" alt=\"\" \/><\/a>\n<\/dt><\/dl><br style=\"clear: both\" \/><br style=\"clear: both\" \/><\/div>\t\t<\/div>\n\t\t\t\t\t\t<\/div>\n\t\t\t\t\t<\/div>\n\t\t<\/div>\n\t\t\t\t\t<\/div>\n\t\t<\/section>\n\t\t\t\t<\/div>\n\t\t","protected":false},"excerpt":{"rendered":"<p>6 grudnia br. uczniowie klas sz\u00f3stych wybrali si\u0119 na wycieczk\u0119 do kina Cinema City we Wroc\u0142awiu, \u015bwi\u0119tuj\u0105c w ten spos\u00f3b Miko\u0142ajki. Celem wycieczki by\u0142o przede wszystkim kszta\u0142towanie wra\u017cliwo\u015bci estetycznej poprzez kontakt ze sztuk\u0105 filmow\u0105, ale tak\u017ce integracja uczni\u00f3w i wzmacnianie wi\u0119zi kole\u017ce\u0144skich. Sz\u00f3stoklasi\u015bci obejrzeli film \u201eList do \u015bw. Miko\u0142aja\u201d, kt\u00f3ry [&hellip;]<\/p>\n","protected":false},"author":6,"featured_media":13277,"comment_status":"open","ping_status":"open","sticky":false,"template":"","format":"standard","meta":{"om_disable_all_campaigns":false,"_monsterinsights_skip_tracking":false,"ngg_post_thumbnail":0,"footnotes":""},"categories":[1],"tags":[],"class_list":["post-13276","post","type-post","status-publish","format-standard","has-post-thumbnail","hentry","category-uncategorized"],"aioseo_notices":[],"aioseo_head":"\n\t\t<!-- All in One SEO 5.0.1.1 - aioseo.com -->\n\t<meta name=\"description\" content=\"6 grudnia br. uczniowie klas sz\u00f3stych wybrali si\u0119 na wycieczk\u0119 do kina Cinema City we Wroc\u0142awiu, \u015bwi\u0119tuj\u0105c w ten spos\u00f3b Miko\u0142ajki. Celem wycieczki by\u0142o przede wszystkim kszta\u0142towanie wra\u017cliwo\u015bci estetycznej poprzez kontakt ze sztuk\u0105 filmow\u0105, ale tak\u017ce integracja uczni\u00f3w i wzmacnianie wi\u0119zi kole\u017ce\u0144skich. Sz\u00f3stoklasi\u015bci obejrzeli film \u201eList do \u015bw. Miko\u0142aja\u201d, kt\u00f3ry by\u0142 pe\u0142n\u0105 ekscytuj\u0105cych przyg\u00f3d i\" \/>\n\t<meta name=\"robots\" content=\"max-image-preview:large\" \/>\n\t<meta name=\"author\" content=\"Redakcja\"\/>\n\t<link rel=\"canonical\" href=\"https:\/\/www.spkatarzyna.pl\/index.php\/2024\/12\/06\/mikolajki-w-kinie-klas-6\/\" \/>\n\t<meta name=\"generator\" content=\"All in One SEO (AIOSEO) 5.0.1.1\" \/>\n\t\t<meta property=\"og:locale\" content=\"pl_PL\" \/>\n\t\t<meta property=\"og:site_name\" content=\"SP Katarzyna - Publiczna Szko\u0142a Podstawowa w \u015awi\u0119tej Katarzynie\" \/>\n\t\t<meta property=\"og:type\" content=\"article\" \/>\n\t\t<meta property=\"og:title\" content=\"Miko\u0142ajki w kinie klas 6 - SP Katarzyna\" \/>\n\t\t<meta property=\"og:description\" content=\"6 grudnia br. uczniowie klas sz\u00f3stych wybrali si\u0119 na wycieczk\u0119 do kina Cinema City we Wroc\u0142awiu, \u015bwi\u0119tuj\u0105c w ten spos\u00f3b Miko\u0142ajki. Celem wycieczki by\u0142o przede wszystkim kszta\u0142towanie wra\u017cliwo\u015bci estetycznej poprzez kontakt ze sztuk\u0105 filmow\u0105, ale tak\u017ce integracja uczni\u00f3w i wzmacnianie wi\u0119zi kole\u017ce\u0144skich. Sz\u00f3stoklasi\u015bci obejrzeli film \u201eList do \u015bw. Miko\u0142aja\u201d, kt\u00f3ry by\u0142 pe\u0142n\u0105 ekscytuj\u0105cych przyg\u00f3d i\" \/>\n\t\t<meta property=\"og:url\" content=\"https:\/\/www.spkatarzyna.pl\/index.php\/2024\/12\/06\/mikolajki-w-kinie-klas-6\/\" \/>\n\t\t<meta property=\"article:published_time\" content=\"2024-12-06T15:48:11+00:00\" \/>\n\t\t<meta property=\"article:modified_time\" content=\"2024-12-08T15:11:57+00:00\" \/>\n\t\t<meta name=\"twitter:card\" content=\"summary_large_image\" \/>\n\t\t<meta name=\"twitter:title\" content=\"Miko\u0142ajki w kinie klas 6 - SP Katarzyna\" \/>\n\t\t<meta name=\"twitter:description\" content=\"6 grudnia br. uczniowie klas sz\u00f3stych wybrali si\u0119 na wycieczk\u0119 do kina Cinema City we Wroc\u0142awiu, \u015bwi\u0119tuj\u0105c w ten spos\u00f3b Miko\u0142ajki. Celem wycieczki by\u0142o przede wszystkim kszta\u0142towanie wra\u017cliwo\u015bci estetycznej poprzez kontakt ze sztuk\u0105 filmow\u0105, ale tak\u017ce integracja uczni\u00f3w i wzmacnianie wi\u0119zi kole\u017ce\u0144skich. Sz\u00f3stoklasi\u015bci obejrzeli film \u201eList do \u015bw. Miko\u0142aja\u201d, kt\u00f3ry by\u0142 pe\u0142n\u0105 ekscytuj\u0105cych przyg\u00f3d i\" \/>\n\t\t<script type=\"application\/ld+json\" class=\"aioseo-schema\">\n\t\t\t{\"@context\":\"https:\\\/\\\/schema.org\",\"@graph\":[{\"@type\":\"BlogPosting\",\"@id\":\"https:\\\/\\\/www.spkatarzyna.pl\\\/index.php\\\/2024\\\/12\\\/06\\\/mikolajki-w-kinie-klas-6\\\/#blogposting\",\"name\":\"Miko\\u0142ajki w kinie klas 6 - SP Katarzyna\",\"headline\":\"Miko\\u0142ajki w kinie klas 6\",\"author\":{\"@id\":\"https:\\\/\\\/www.spkatarzyna.pl\\\/index.php\\\/author\\\/agatasafianspkatarzyna-pl\\\/#author\"},\"publisher\":{\"@id\":\"https:\\\/\\\/www.spkatarzyna.pl\\\/#organization\"},\"image\":{\"@type\":\"ImageObject\",\"url\":\"https:\\\/\\\/www.spkatarzyna.pl\\\/wp-content\\\/uploads\\\/2024\\\/12\\\/PHOTO-2024-12-06-14-04-39-2.jpg\",\"width\":360,\"height\":202},\"datePublished\":\"2024-12-06T15:48:11+01:00\",\"dateModified\":\"2024-12-08T15:11:57+01:00\",\"inLanguage\":\"pl-PL\",\"mainEntityOfPage\":{\"@id\":\"https:\\\/\\\/www.spkatarzyna.pl\\\/index.php\\\/2024\\\/12\\\/06\\\/mikolajki-w-kinie-klas-6\\\/#webpage\"},\"isPartOf\":{\"@id\":\"https:\\\/\\\/www.spkatarzyna.pl\\\/index.php\\\/2024\\\/12\\\/06\\\/mikolajki-w-kinie-klas-6\\\/#webpage\"},\"articleSection\":\"Uncategorized\"},{\"@type\":\"BreadcrumbList\",\"@id\":\"https:\\\/\\\/www.spkatarzyna.pl\\\/index.php\\\/2024\\\/12\\\/06\\\/mikolajki-w-kinie-klas-6\\\/#breadcrumblist\",\"itemListElement\":[{\"@type\":\"ListItem\",\"@id\":\"https:\\\/\\\/www.spkatarzyna.pl#listItem\",\"position\":1,\"name\":\"Dom\",\"item\":\"https:\\\/\\\/www.spkatarzyna.pl\",\"nextItem\":{\"@type\":\"ListItem\",\"@id\":\"https:\\\/\\\/www.spkatarzyna.pl\\\/index.php\\\/category\\\/uncategorized\\\/#listItem\",\"name\":\"Uncategorized\"}},{\"@type\":\"ListItem\",\"@id\":\"https:\\\/\\\/www.spkatarzyna.pl\\\/index.php\\\/category\\\/uncategorized\\\/#listItem\",\"position\":2,\"name\":\"Uncategorized\",\"item\":\"https:\\\/\\\/www.spkatarzyna.pl\\\/index.php\\\/category\\\/uncategorized\\\/\",\"nextItem\":{\"@type\":\"ListItem\",\"@id\":\"https:\\\/\\\/www.spkatarzyna.pl\\\/index.php\\\/2024\\\/12\\\/06\\\/mikolajki-w-kinie-klas-6\\\/#listItem\",\"name\":\"Miko\\u0142ajki w kinie klas 6\"},\"previousItem\":{\"@type\":\"ListItem\",\"@id\":\"https:\\\/\\\/www.spkatarzyna.pl#listItem\",\"name\":\"Dom\"}},{\"@type\":\"ListItem\",\"@id\":\"https:\\\/\\\/www.spkatarzyna.pl\\\/index.php\\\/2024\\\/12\\\/06\\\/mikolajki-w-kinie-klas-6\\\/#listItem\",\"position\":3,\"name\":\"Miko\\u0142ajki w kinie klas 6\",\"previousItem\":{\"@type\":\"ListItem\",\"@id\":\"https:\\\/\\\/www.spkatarzyna.pl\\\/index.php\\\/category\\\/uncategorized\\\/#listItem\",\"name\":\"Uncategorized\"}}]},{\"@type\":\"Organization\",\"@id\":\"https:\\\/\\\/www.spkatarzyna.pl\\\/#organization\",\"name\":\"SP Katarzyna\",\"description\":\"Publiczna Szko\\u0142a Podstawowa w \\u015awi\\u0119tej Katarzynie\",\"url\":\"https:\\\/\\\/www.spkatarzyna.pl\\\/\",\"telephone\":\"+48713116378\",\"sameAs\":[\"https:\\\/\\\/facebook.com\\\/\",\"https:\\\/\\\/x.com\\\/\",\"https:\\\/\\\/instagram.com\\\/\",\"https:\\\/\\\/pinterest.com\\\/\",\"https:\\\/\\\/youtube.com\\\/\",\"https:\\\/\\\/linkedin.com\\\/in\\\/\"]},{\"@type\":\"Person\",\"@id\":\"https:\\\/\\\/www.spkatarzyna.pl\\\/index.php\\\/author\\\/agatasafianspkatarzyna-pl\\\/#author\",\"url\":\"https:\\\/\\\/www.spkatarzyna.pl\\\/index.php\\\/author\\\/agatasafianspkatarzyna-pl\\\/\",\"name\":\"Redakcja\",\"image\":{\"@type\":\"ImageObject\",\"@id\":\"https:\\\/\\\/www.spkatarzyna.pl\\\/index.php\\\/2024\\\/12\\\/06\\\/mikolajki-w-kinie-klas-6\\\/#authorImage\",\"url\":\"https:\\\/\\\/secure.gravatar.com\\\/avatar\\\/765290513df94d442152250e92b42327?s=96&d=mm&r=g\",\"width\":96,\"height\":96,\"caption\":\"Redakcja\"}},{\"@type\":\"WebPage\",\"@id\":\"https:\\\/\\\/www.spkatarzyna.pl\\\/index.php\\\/2024\\\/12\\\/06\\\/mikolajki-w-kinie-klas-6\\\/#webpage\",\"url\":\"https:\\\/\\\/www.spkatarzyna.pl\\\/index.php\\\/2024\\\/12\\\/06\\\/mikolajki-w-kinie-klas-6\\\/\",\"name\":\"Miko\\u0142ajki w kinie klas 6 - SP Katarzyna\",\"description\":\"6 grudnia br. uczniowie klas sz\\u00f3stych wybrali si\\u0119 na wycieczk\\u0119 do kina Cinema City we Wroc\\u0142awiu, \\u015bwi\\u0119tuj\\u0105c w ten spos\\u00f3b Miko\\u0142ajki. Celem wycieczki by\\u0142o przede wszystkim kszta\\u0142towanie wra\\u017cliwo\\u015bci estetycznej poprzez kontakt ze sztuk\\u0105 filmow\\u0105, ale tak\\u017ce integracja uczni\\u00f3w i wzmacnianie wi\\u0119zi kole\\u017ce\\u0144skich. Sz\\u00f3stoklasi\\u015bci obejrzeli film \\u201eList do \\u015bw. Miko\\u0142aja\\u201d, kt\\u00f3ry by\\u0142 pe\\u0142n\\u0105 ekscytuj\\u0105cych przyg\\u00f3d i\",\"inLanguage\":\"pl-PL\",\"isPartOf\":{\"@id\":\"https:\\\/\\\/www.spkatarzyna.pl\\\/#website\"},\"breadcrumb\":{\"@id\":\"https:\\\/\\\/www.spkatarzyna.pl\\\/index.php\\\/2024\\\/12\\\/06\\\/mikolajki-w-kinie-klas-6\\\/#breadcrumblist\"},\"author\":{\"@id\":\"https:\\\/\\\/www.spkatarzyna.pl\\\/index.php\\\/author\\\/agatasafianspkatarzyna-pl\\\/#author\"},\"creator\":{\"@id\":\"https:\\\/\\\/www.spkatarzyna.pl\\\/index.php\\\/author\\\/agatasafianspkatarzyna-pl\\\/#author\"},\"image\":{\"@type\":\"ImageObject\",\"url\":\"https:\\\/\\\/www.spkatarzyna.pl\\\/wp-content\\\/uploads\\\/2024\\\/12\\\/PHOTO-2024-12-06-14-04-39-2.jpg\",\"@id\":\"https:\\\/\\\/www.spkatarzyna.pl\\\/index.php\\\/2024\\\/12\\\/06\\\/mikolajki-w-kinie-klas-6\\\/#mainImage\",\"width\":360,\"height\":202},\"primaryImageOfPage\":{\"@id\":\"https:\\\/\\\/www.spkatarzyna.pl\\\/index.php\\\/2024\\\/12\\\/06\\\/mikolajki-w-kinie-klas-6\\\/#mainImage\"},\"datePublished\":\"2024-12-06T15:48:11+01:00\",\"dateModified\":\"2024-12-08T15:11:57+01:00\"},{\"@type\":\"WebSite\",\"@id\":\"https:\\\/\\\/www.spkatarzyna.pl\\\/#website\",\"url\":\"https:\\\/\\\/www.spkatarzyna.pl\\\/\",\"name\":\"SP Katarzyna\",\"description\":\"Publiczna Szko\\u0142a Podstawowa w \\u015awi\\u0119tej Katarzynie\",\"inLanguage\":\"pl-PL\",\"publisher\":{\"@id\":\"https:\\\/\\\/www.spkatarzyna.pl\\\/#organization\"}}]}\n\t\t<\/script>\n\t\t<!-- All in One SEO -->\n\n","aioseo_head_json":{"title":"Miko\u0142ajki w kinie klas 6 - SP Katarzyna","description":"6 grudnia br. uczniowie klas sz\u00f3stych wybrali si\u0119 na wycieczk\u0119 do kina Cinema City we Wroc\u0142awiu, \u015bwi\u0119tuj\u0105c w ten spos\u00f3b Miko\u0142ajki. Celem wycieczki by\u0142o przede wszystkim kszta\u0142towanie wra\u017cliwo\u015bci estetycznej poprzez kontakt ze sztuk\u0105 filmow\u0105, ale tak\u017ce integracja uczni\u00f3w i wzmacnianie wi\u0119zi kole\u017ce\u0144skich. Sz\u00f3stoklasi\u015bci obejrzeli film \u201eList do \u015bw. Miko\u0142aja\u201d, kt\u00f3ry by\u0142 pe\u0142n\u0105 ekscytuj\u0105cych przyg\u00f3d i","canonical_url":"https:\/\/www.spkatarzyna.pl\/index.php\/2024\/12\/06\/mikolajki-w-kinie-klas-6\/","robots":"max-image-preview:large","keywords":"","webmasterTools":{"miscellaneous":""},"schema":{"@context":"https:\/\/schema.org","@graph":[{"@type":"BlogPosting","@id":"https:\/\/www.spkatarzyna.pl\/index.php\/2024\/12\/06\/mikolajki-w-kinie-klas-6\/#blogposting","name":"Miko\u0142ajki w kinie klas 6 - SP Katarzyna","headline":"Miko\u0142ajki w kinie klas 6","author":{"@id":"https:\/\/www.spkatarzyna.pl\/index.php\/author\/agatasafianspkatarzyna-pl\/#author"},"publisher":{"@id":"https:\/\/www.spkatarzyna.pl\/#organization"},"image":{"@type":"ImageObject","url":"https:\/\/www.spkatarzyna.pl\/wp-content\/uploads\/2024\/12\/PHOTO-2024-12-06-14-04-39-2.jpg","width":360,"height":202},"datePublished":"2024-12-06T15:48:11+01:00","dateModified":"2024-12-08T15:11:57+01:00","inLanguage":"pl-PL","mainEntityOfPage":{"@id":"https:\/\/www.spkatarzyna.pl\/index.php\/2024\/12\/06\/mikolajki-w-kinie-klas-6\/#webpage"},"isPartOf":{"@id":"https:\/\/www.spkatarzyna.pl\/index.php\/2024\/12\/06\/mikolajki-w-kinie-klas-6\/#webpage"},"articleSection":"Uncategorized"},{"@type":"BreadcrumbList","@id":"https:\/\/www.spkatarzyna.pl\/index.php\/2024\/12\/06\/mikolajki-w-kinie-klas-6\/#breadcrumblist","itemListElement":[{"@type":"ListItem","@id":"https:\/\/www.spkatarzyna.pl#listItem","position":1,"name":"Dom","item":"https:\/\/www.spkatarzyna.pl","nextItem":{"@type":"ListItem","@id":"https:\/\/www.spkatarzyna.pl\/index.php\/category\/uncategorized\/#listItem","name":"Uncategorized"}},{"@type":"ListItem","@id":"https:\/\/www.spkatarzyna.pl\/index.php\/category\/uncategorized\/#listItem","position":2,"name":"Uncategorized","item":"https:\/\/www.spkatarzyna.pl\/index.php\/category\/uncategorized\/","nextItem":{"@type":"ListItem","@id":"https:\/\/www.spkatarzyna.pl\/index.php\/2024\/12\/06\/mikolajki-w-kinie-klas-6\/#listItem","name":"Miko\u0142ajki w kinie klas 6"},"previousItem":{"@type":"ListItem","@id":"https:\/\/www.spkatarzyna.pl#listItem","name":"Dom"}},{"@type":"ListItem","@id":"https:\/\/www.spkatarzyna.pl\/index.php\/2024\/12\/06\/mikolajki-w-kinie-klas-6\/#listItem","position":3,"name":"Miko\u0142ajki w kinie klas 6","previousItem":{"@type":"ListItem","@id":"https:\/\/www.spkatarzyna.pl\/index.php\/category\/uncategorized\/#listItem","name":"Uncategorized"}}]},{"@type":"Organization","@id":"https:\/\/www.spkatarzyna.pl\/#organization","name":"SP Katarzyna","description":"Publiczna Szko\u0142a Podstawowa w \u015awi\u0119tej Katarzynie","url":"https:\/\/www.spkatarzyna.pl\/","telephone":"+48713116378","sameAs":["https:\/\/facebook.com\/","https:\/\/x.com\/","https:\/\/instagram.com\/","https:\/\/pinterest.com\/","https:\/\/youtube.com\/","https:\/\/linkedin.com\/in\/"]},{"@type":"Person","@id":"https:\/\/www.spkatarzyna.pl\/index.php\/author\/agatasafianspkatarzyna-pl\/#author","url":"https:\/\/www.spkatarzyna.pl\/index.php\/author\/agatasafianspkatarzyna-pl\/","name":"Redakcja","image":{"@type":"ImageObject","@id":"https:\/\/www.spkatarzyna.pl\/index.php\/2024\/12\/06\/mikolajki-w-kinie-klas-6\/#authorImage","url":"https:\/\/secure.gravatar.com\/avatar\/765290513df94d442152250e92b42327?s=96&d=mm&r=g","width":96,"height":96,"caption":"Redakcja"}},{"@type":"WebPage","@id":"https:\/\/www.spkatarzyna.pl\/index.php\/2024\/12\/06\/mikolajki-w-kinie-klas-6\/#webpage","url":"https:\/\/www.spkatarzyna.pl\/index.php\/2024\/12\/06\/mikolajki-w-kinie-klas-6\/","name":"Miko\u0142ajki w kinie klas 6 - SP Katarzyna","description":"6 grudnia br. uczniowie klas sz\u00f3stych wybrali si\u0119 na wycieczk\u0119 do kina Cinema City we Wroc\u0142awiu, \u015bwi\u0119tuj\u0105c w ten spos\u00f3b Miko\u0142ajki. Celem wycieczki by\u0142o przede wszystkim kszta\u0142towanie wra\u017cliwo\u015bci estetycznej poprzez kontakt ze sztuk\u0105 filmow\u0105, ale tak\u017ce integracja uczni\u00f3w i wzmacnianie wi\u0119zi kole\u017ce\u0144skich. Sz\u00f3stoklasi\u015bci obejrzeli film \u201eList do \u015bw. Miko\u0142aja\u201d, kt\u00f3ry by\u0142 pe\u0142n\u0105 ekscytuj\u0105cych przyg\u00f3d i","inLanguage":"pl-PL","isPartOf":{"@id":"https:\/\/www.spkatarzyna.pl\/#website"},"breadcrumb":{"@id":"https:\/\/www.spkatarzyna.pl\/index.php\/2024\/12\/06\/mikolajki-w-kinie-klas-6\/#breadcrumblist"},"author":{"@id":"https:\/\/www.spkatarzyna.pl\/index.php\/author\/agatasafianspkatarzyna-pl\/#author"},"creator":{"@id":"https:\/\/www.spkatarzyna.pl\/index.php\/author\/agatasafianspkatarzyna-pl\/#author"},"image":{"@type":"ImageObject","url":"https:\/\/www.spkatarzyna.pl\/wp-content\/uploads\/2024\/12\/PHOTO-2024-12-06-14-04-39-2.jpg","@id":"https:\/\/www.spkatarzyna.pl\/index.php\/2024\/12\/06\/mikolajki-w-kinie-klas-6\/#mainImage","width":360,"height":202},"primaryImageOfPage":{"@id":"https:\/\/www.spkatarzyna.pl\/index.php\/2024\/12\/06\/mikolajki-w-kinie-klas-6\/#mainImage"},"datePublished":"2024-12-06T15:48:11+01:00","dateModified":"2024-12-08T15:11:57+01:00"},{"@type":"WebSite","@id":"https:\/\/www.spkatarzyna.pl\/#website","url":"https:\/\/www.spkatarzyna.pl\/","name":"SP Katarzyna","description":"Publiczna Szko\u0142a Podstawowa w \u015awi\u0119tej Katarzynie","inLanguage":"pl-PL","publisher":{"@id":"https:\/\/www.spkatarzyna.pl\/#organization"}}]},"og:locale":"pl_PL","og:site_name":"SP Katarzyna - Publiczna Szko\u0142a Podstawowa w \u015awi\u0119tej Katarzynie","og:type":"article","og:title":"Miko\u0142ajki w kinie klas 6 - SP Katarzyna","og:description":"6 grudnia br. uczniowie klas sz\u00f3stych wybrali si\u0119 na wycieczk\u0119 do kina Cinema City we Wroc\u0142awiu, \u015bwi\u0119tuj\u0105c w ten spos\u00f3b Miko\u0142ajki. Celem wycieczki by\u0142o przede wszystkim kszta\u0142towanie wra\u017cliwo\u015bci estetycznej poprzez kontakt ze sztuk\u0105 filmow\u0105, ale tak\u017ce integracja uczni\u00f3w i wzmacnianie wi\u0119zi kole\u017ce\u0144skich. Sz\u00f3stoklasi\u015bci obejrzeli film \u201eList do \u015bw. Miko\u0142aja\u201d, kt\u00f3ry by\u0142 pe\u0142n\u0105 ekscytuj\u0105cych przyg\u00f3d i","og:url":"https:\/\/www.spkatarzyna.pl\/index.php\/2024\/12\/06\/mikolajki-w-kinie-klas-6\/","article:published_time":"2024-12-06T15:48:11+00:00","article:modified_time":"2024-12-08T15:11:57+00:00","twitter:card":"summary_large_image","twitter:title":"Miko\u0142ajki w kinie klas 6 - SP Katarzyna","twitter:description":"6 grudnia br. uczniowie klas sz\u00f3stych wybrali si\u0119 na wycieczk\u0119 do kina Cinema City we Wroc\u0142awiu, \u015bwi\u0119tuj\u0105c w ten spos\u00f3b Miko\u0142ajki. Celem wycieczki by\u0142o przede wszystkim kszta\u0142towanie wra\u017cliwo\u015bci estetycznej poprzez kontakt ze sztuk\u0105 filmow\u0105, ale tak\u017ce integracja uczni\u00f3w i wzmacnianie wi\u0119zi kole\u017ce\u0144skich. Sz\u00f3stoklasi\u015bci obejrzeli film \u201eList do \u015bw. Miko\u0142aja\u201d, kt\u00f3ry by\u0142 pe\u0142n\u0105 ekscytuj\u0105cych przyg\u00f3d i"},"aioseo_meta_data":{"post_id":"13276","title":null,"description":null,"keywords":null,"keyphrases":{"focus":{"keyphrase":"","score":0,"analysis":{"keyphraseInTitle":{"score":0,"maxScore":9,"error":1}}},"additional":[]},"primary_term":null,"canonical_url":null,"og_title":null,"og_description":null,"og_object_type":"default","og_image_type":"default","og_image_url":null,"og_image_width":null,"og_image_height":null,"og_image_custom_url":null,"og_image_custom_fields":null,"og_video":"","og_custom_url":null,"og_article_section":null,"og_article_tags":null,"twitter_use_og":false,"twitter_card":"default","twitter_image_type":"default","twitter_image_url":null,"twitter_image_custom_url":null,"twitter_image_custom_fields":null,"twitter_title":null,"twitter_description":null,"schema":{"blockGraphs":[],"customGraphs":[],"default":{"data":{"Article":[],"Course":[],"Dataset":[],"FAQPage":[],"Movie":[],"Person":[],"Product":[],"ProductReview":[],"Car":[],"Recipe":[],"Service":[],"SoftwareApplication":[],"WebPage":[]},"graphName":"BlogPosting","isEnabled":true},"graphs":[]},"schema_type":"default","schema_type_options":null,"pillar_content":false,"robots_default":true,"robots_noindex":false,"robots_noarchive":false,"robots_nosnippet":false,"robots_nofollow":false,"robots_noimageindex":false,"robots_noodp":false,"robots_notranslate":false,"robots_max_snippet":"-1","robots_max_videopreview":"-1","robots_max_imagepreview":"large","priority":null,"frequency":"default","local_seo":null,"limit_modified_date":false,"created":"2024-12-08 15:05:46","updated":"2026-09-03 16:04:55","focus_keyword":null,"additional_keywords":null,"truseo_locale":null,"ai":null,"breadcrumb_settings":null,"seo_analyzer_scan_date":null},"aioseo_breadcrumb":"<div class=\"aioseo-breadcrumbs\"><span class=\"aioseo-breadcrumb\">\n\t\t\t<a href=\"https:\/\/www.spkatarzyna.pl\" title=\"Dom\">Dom<\/a>\n\t\t<\/span><span class=\"aioseo-breadcrumb-separator\">&raquo;<\/span><span class=\"aioseo-breadcrumb\">\n\t\t\t<a href=\"https:\/\/www.spkatarzyna.pl\/index.php\/category\/uncategorized\/\" title=\"Uncategorized\">Uncategorized<\/a>\n\t\t<\/span><span class=\"aioseo-breadcrumb-separator\">&raquo;<\/span><span class=\"aioseo-breadcrumb\">\n\t\t\tMiko\u0142ajki w kinie klas 6\n\t\t<\/span><\/div>","aioseo_breadcrumb_json":[{"label":"Dom","link":"https:\/\/www.spkatarzyna.pl"},{"label":"Uncategorized","link":"https:\/\/www.spkatarzyna.pl\/index.php\/category\/uncategorized\/"},{"label":"Miko\u0142ajki w kinie klas 6","link":"https:\/\/www.spkatarzyna.pl\/index.php\/2024\/12\/06\/mikolajki-w-kinie-klas-6\/"}],"_links":{"self":[{"href":"https:\/\/www.spkatarzyna.pl\/index.php\/wp-json\/wp\/v2\/posts\/13276","targetHints":{"allow":["GET"]}}],"collection":[{"href":"https:\/\/www.spkatarzyna.pl\/index.php\/wp-json\/wp\/v2\/posts"}],"about":[{"href":"https:\/\/www.spkatarzyna.pl\/index.php\/wp-json\/wp\/v2\/types\/post"}],"author":[{"embeddable":true,"href":"https:\/\/www.spkatarzyna.pl\/index.php\/wp-json\/wp\/v2\/users\/6"}],"replies":[{"embeddable":true,"href":"https:\/\/www.spkatarzyna.pl\/index.php\/wp-json\/wp\/v2\/comments?post=13276"}],"version-history":[{"count":11,"href":"https:\/\/www.spkatarzyna.pl\/index.php\/wp-json\/wp\/v2\/posts\/13276\/revisions"}],"predecessor-version":[{"id":13290,"href":"https:\/\/www.spkatarzyna.pl\/index.php\/wp-json\/wp\/v2\/posts\/13276\/revisions\/13290"}],"wp:featuredmedia":[{"embeddable":true,"href":"https:\/\/www.spkatarzyna.pl\/index.php\/wp-json\/wp\/v2\/media\/13277"}],"wp:attachment":[{"href":"https:\/\/www.spkatarzyna.pl\/index.php\/wp-json\/wp\/v2\/media?parent=13276"}],"wp:term":[{"taxonomy":"category","embeddable":true,"href":"https:\/\/www.spkatarzyna.pl\/index.php\/wp-json\/wp\/v2\/categories?post=13276"},{"taxonomy":"post_tag","embeddable":true,"href":"https:\/\/www.spkatarzyna.pl\/index.php\/wp-json\/wp\/v2\/tags?post=13276"}],"curies":[{"name":"wp","href":"https:\/\/api.w.org\/{rel}","templated":true}]}}