{"id":13291,"date":"2024-12-09T20:41:20","date_gmt":"2024-12-09T20:41:20","guid":{"rendered":"https:\/\/www.spkatarzyna.pl\/?p=13291"},"modified":"2024-12-09T20:47:36","modified_gmt":"2024-12-09T20:47:36","slug":"maraton-pisania-listow","status":"publish","type":"post","link":"https:\/\/www.spkatarzyna.pl\/index.php\/2024\/12\/09\/maraton-pisania-listow\/","title":{"rendered":"MARATON PISANIA LIST\u00d3W"},"content":{"rendered":"\t\t<div data-elementor-type=\"wp-post\" data-elementor-id=\"13291\" class=\"elementor elementor-13291\">\n\t\t\t\t\t\t<section class=\"elementor-section elementor-top-section elementor-element elementor-element-b6a8e71 elementor-section-boxed elementor-section-height-default elementor-section-height-default\" data-id=\"b6a8e71\" data-element_type=\"section\">\n\t\t\t\t\t\t<div class=\"elementor-container elementor-column-gap-default\">\n\t\t\t\t\t<div class=\"elementor-column elementor-col-100 elementor-top-column elementor-element elementor-element-6bb31c55\" data-id=\"6bb31c55\" data-element_type=\"column\">\n\t\t\t<div class=\"elementor-widget-wrap elementor-element-populated\">\n\t\t\t\t\t\t<div class=\"elementor-element elementor-element-76610e46 elementor-widget elementor-widget-text-editor\" data-id=\"76610e46\" data-element_type=\"widget\" data-widget_type=\"text-editor.default\">\n\t\t\t\t\t\t\t\t\t<div style=\"text-align: justify;\"><span style=\"font-size: 14pt;\">W dniach 3-5 grudnia 2024 r. w naszej szkole odby\u0142 si\u0119 Maraton Pisania List\u00f3w organizowany przez Amnesty International. W tym roku pisali\u015bmy listy w obronie Neth Nahary, kt\u00f3ra trafi\u0142a do wi\u0119zienia za skrytykowanie prezydenta Angoli na swoim kanale na TikToku oraz Okby Haszada z Egiptu, kt\u00f3ry znajduje si\u0119 w areszcie tymczasowym w odwecie za dzia\u0142alno\u015b\u0107 swojego brata na rzecz praw cz\u0142owieka. Uda\u0142o&nbsp;nam si\u0119 napisa\u0107 w ich obronie 55 list\u00f3w. Mamy nadziej\u0119, \u017ce dzi\u0119ki mobilizacji tysi\u0119cy wolontariuszy na ca\u0142ym \u015bwiecie Neth i Okba&nbsp;wkr\u00f3tce znowu b\u0119d\u0105 cieszy\u0107 si\u0119 wolno\u015bci\u0105.<\/span><\/div>\r\n<div>\r\n<div style=\"text-align: justify;\">&nbsp;<\/div>\r\n<div style=\"text-align: right;\"><span style=\"font-size: 14pt;\">Alicja Dubaj &#8211; koordynatorka akcji<\/span><\/div>\r\n<\/div>\t\t\t\t\t\t\t\t<\/div>\n\t\t\t\t<div class=\"elementor-element elementor-element-98daf89 elementor-widget elementor-widget-image-gallery\" data-id=\"98daf89\" data-element_type=\"widget\" data-widget_type=\"image-gallery.default\">\n\t\t\t\t\t\t\t<div class=\"elementor-image-gallery\">\n\t\t\t\n\t\t<div id='gallery-1' class='gallery galleryid-13291 gallery-columns-4 gallery-size-thumbnail gallery1'><script type=\"text\/javascript\">\n\/\/ <![CDATA[\n\tjQuery(document).ready(function () {\n\t\tjQuery(\".gallery1 a\").attr(\"rel\",\"gallery1\");\t\n\t\tjQuery('a[rel=\"gallery1\"]').colorbox({title: function(){ return jQuery(this).children().attr(\"alt\"); }});\n\t});\n\/\/ ]]>\n<\/script>\n<dl class=\"gallery-item\">\n<dt class=\"gallery-icon\">\n<a href=\"https:\/\/www.spkatarzyna.pl\/wp-content\/uploads\/2024\/12\/IMG_20241205_082200-300x224.jpg\" title=\"\" rel=\"gallery1\" rel=\"lightbox[13291]\"><img decoding=\"async\" src=\"https:\/\/www.spkatarzyna.pl\/wp-content\/uploads\/2024\/12\/IMG_20241205_082200-150x150.jpg\" width=\"150\" height=\"150\" alt=\"\" \/><\/a>\n<\/dt><\/dl><dl class=\"gallery-item\">\n<dt class=\"gallery-icon\">\n<a href=\"https:\/\/www.spkatarzyna.pl\/wp-content\/uploads\/2024\/12\/IMG_20241206_082130-224x300.jpg\" title=\"\" rel=\"gallery1\" rel=\"lightbox[13291]\"><img decoding=\"async\" src=\"https:\/\/www.spkatarzyna.pl\/wp-content\/uploads\/2024\/12\/IMG_20241206_082130-150x150.jpg\" width=\"150\" height=\"150\" alt=\"\" \/><\/a>\n<\/dt><\/dl><dl class=\"gallery-item\">\n<dt class=\"gallery-icon\">\n<a href=\"https:\/\/www.spkatarzyna.pl\/wp-content\/uploads\/2024\/12\/IMG_20241204_123307_1-224x300.jpg\" title=\"\" rel=\"gallery1\" rel=\"lightbox[13291]\"><img decoding=\"async\" src=\"https:\/\/www.spkatarzyna.pl\/wp-content\/uploads\/2024\/12\/IMG_20241204_123307_1-150x150.jpg\" width=\"150\" height=\"150\" alt=\"\" \/><\/a>\n<\/dt><\/dl><dl class=\"gallery-item\">\n<dt class=\"gallery-icon\">\n<a href=\"https:\/\/www.spkatarzyna.pl\/wp-content\/uploads\/2024\/12\/IMG_20241205_082151_1-224x300.jpg\" title=\"\" rel=\"gallery1\" rel=\"lightbox[13291]\"><img loading=\"lazy\" decoding=\"async\" src=\"https:\/\/www.spkatarzyna.pl\/wp-content\/uploads\/2024\/12\/IMG_20241205_082151_1-150x150.jpg\" width=\"150\" height=\"150\" alt=\"\" \/><\/a>\n<\/dt><\/dl><br style=\"clear: both\" \/><dl class=\"gallery-item\">\n<dt class=\"gallery-icon\">\n<a href=\"https:\/\/www.spkatarzyna.pl\/wp-content\/uploads\/2024\/12\/IMG_20241204_123318-224x300.jpg\" title=\"\" rel=\"gallery1\" rel=\"lightbox[13291]\"><img loading=\"lazy\" decoding=\"async\" src=\"https:\/\/www.spkatarzyna.pl\/wp-content\/uploads\/2024\/12\/IMG_20241204_123318-150x150.jpg\" width=\"150\" height=\"150\" alt=\"\" \/><\/a>\n<\/dt><\/dl><dl class=\"gallery-item\">\n<dt class=\"gallery-icon\">\n<a href=\"https:\/\/www.spkatarzyna.pl\/wp-content\/uploads\/2024\/12\/IMG_20241203_123838-224x300.jpg\" title=\"\" rel=\"gallery1\" rel=\"lightbox[13291]\"><img loading=\"lazy\" decoding=\"async\" src=\"https:\/\/www.spkatarzyna.pl\/wp-content\/uploads\/2024\/12\/IMG_20241203_123838-150x150.jpg\" width=\"150\" height=\"150\" alt=\"\" \/><\/a>\n<\/dt><\/dl><dl class=\"gallery-item\">\n<dt class=\"gallery-icon\">\n<a href=\"https:\/\/www.spkatarzyna.pl\/wp-content\/uploads\/2024\/12\/IMG_20241203_123925-224x300.jpg\" title=\"\" rel=\"gallery1\" rel=\"lightbox[13291]\"><img loading=\"lazy\" decoding=\"async\" src=\"https:\/\/www.spkatarzyna.pl\/wp-content\/uploads\/2024\/12\/IMG_20241203_123925-150x150.jpg\" width=\"150\" height=\"150\" alt=\"\" \/><\/a>\n<\/dt><\/dl><dl class=\"gallery-item\">\n<dt class=\"gallery-icon\">\n<a href=\"https:\/\/www.spkatarzyna.pl\/wp-content\/uploads\/2024\/12\/part000001-224x300.jpg\" title=\"\" rel=\"gallery1\" rel=\"lightbox[13291]\"><img loading=\"lazy\" decoding=\"async\" src=\"https:\/\/www.spkatarzyna.pl\/wp-content\/uploads\/2024\/12\/part000001-150x150.jpg\" width=\"150\" height=\"150\" alt=\"\" \/><\/a>\n<\/dt><\/dl><br style=\"clear: both\" \/><br style=\"clear: both\" \/><\/div>\t\t<\/div>\n\t\t\t\t\t\t<\/div>\n\t\t\t\t\t<\/div>\n\t\t<\/div>\n\t\t\t\t\t<\/div>\n\t\t<\/section>\n\t\t\t\t<\/div>\n\t\t","protected":false},"excerpt":{"rendered":"<p>W dniach 3-5 grudnia 2024 r. w naszej szkole odby\u0142 si\u0119 Maraton Pisania List\u00f3w organizowany przez Amnesty International. W tym roku pisali\u015bmy listy w obronie Neth Nahary, kt\u00f3ra trafi\u0142a do wi\u0119zienia za skrytykowanie prezydenta Angoli na swoim kanale na TikToku oraz Okby Haszada z Egiptu, kt\u00f3ry znajduje si\u0119 w areszcie [&hellip;]<\/p>\n","protected":false},"author":6,"featured_media":13292,"comment_status":"open","ping_status":"open","sticky":false,"template":"","format":"standard","meta":{"om_disable_all_campaigns":false,"_monsterinsights_skip_tracking":false,"ngg_post_thumbnail":0,"footnotes":""},"categories":[1],"tags":[],"class_list":["post-13291","post","type-post","status-publish","format-standard","has-post-thumbnail","hentry","category-uncategorized"],"aioseo_notices":[],"aioseo_head":"\n\t\t<!-- All in One SEO 5.0.1.1 - aioseo.com -->\n\t<meta name=\"description\" content=\"W dniach 3-5 grudnia 2024 r. w naszej szkole odby\u0142 si\u0119 Maraton Pisania List\u00f3w organizowany przez Amnesty International. W tym roku pisali\u015bmy listy w obronie Neth Nahary, kt\u00f3ra trafi\u0142a do wi\u0119zienia za skrytykowanie prezydenta Angoli na swoim kanale na TikToku oraz Okby Haszada z Egiptu, kt\u00f3ry znajduje si\u0119 w areszcie tymczasowym w odwecie za dzia\u0142alno\u015b\u0107\" \/>\n\t<meta name=\"robots\" content=\"max-image-preview:large\" \/>\n\t<meta name=\"author\" content=\"Redakcja\"\/>\n\t<link rel=\"canonical\" href=\"https:\/\/www.spkatarzyna.pl\/index.php\/2024\/12\/09\/maraton-pisania-listow\/\" \/>\n\t<meta name=\"generator\" content=\"All in One SEO (AIOSEO) 5.0.1.1\" \/>\n\t\t<meta property=\"og:locale\" content=\"pl_PL\" \/>\n\t\t<meta property=\"og:site_name\" content=\"SP Katarzyna - Publiczna Szko\u0142a Podstawowa w \u015awi\u0119tej Katarzynie\" \/>\n\t\t<meta property=\"og:type\" content=\"article\" \/>\n\t\t<meta property=\"og:title\" content=\"MARATON PISANIA LIST\u00d3W - SP Katarzyna\" \/>\n\t\t<meta property=\"og:description\" content=\"W dniach 3-5 grudnia 2024 r. w naszej szkole odby\u0142 si\u0119 Maraton Pisania List\u00f3w organizowany przez Amnesty International. W tym roku pisali\u015bmy listy w obronie Neth Nahary, kt\u00f3ra trafi\u0142a do wi\u0119zienia za skrytykowanie prezydenta Angoli na swoim kanale na TikToku oraz Okby Haszada z Egiptu, kt\u00f3ry znajduje si\u0119 w areszcie tymczasowym w odwecie za dzia\u0142alno\u015b\u0107\" \/>\n\t\t<meta property=\"og:url\" content=\"https:\/\/www.spkatarzyna.pl\/index.php\/2024\/12\/09\/maraton-pisania-listow\/\" \/>\n\t\t<meta property=\"article:published_time\" content=\"2024-12-09T20:41:20+00:00\" \/>\n\t\t<meta property=\"article:modified_time\" content=\"2024-12-09T20:47:36+00:00\" \/>\n\t\t<meta name=\"twitter:card\" content=\"summary_large_image\" \/>\n\t\t<meta name=\"twitter:title\" content=\"MARATON PISANIA LIST\u00d3W - SP Katarzyna\" \/>\n\t\t<meta name=\"twitter:description\" content=\"W dniach 3-5 grudnia 2024 r. w naszej szkole odby\u0142 si\u0119 Maraton Pisania List\u00f3w organizowany przez Amnesty International. W tym roku pisali\u015bmy listy w obronie Neth Nahary, kt\u00f3ra trafi\u0142a do wi\u0119zienia za skrytykowanie prezydenta Angoli na swoim kanale na TikToku oraz Okby Haszada z Egiptu, kt\u00f3ry znajduje si\u0119 w areszcie tymczasowym w odwecie za dzia\u0142alno\u015b\u0107\" \/>\n\t\t<script type=\"application\/ld+json\" class=\"aioseo-schema\">\n\t\t\t{\"@context\":\"https:\\\/\\\/schema.org\",\"@graph\":[{\"@type\":\"BlogPosting\",\"@id\":\"https:\\\/\\\/www.spkatarzyna.pl\\\/index.php\\\/2024\\\/12\\\/09\\\/maraton-pisania-listow\\\/#blogposting\",\"name\":\"MARATON PISANIA LIST\\u00d3W - SP Katarzyna\",\"headline\":\"MARATON PISANIA LIST\\u00d3W\",\"author\":{\"@id\":\"https:\\\/\\\/www.spkatarzyna.pl\\\/index.php\\\/author\\\/agatasafianspkatarzyna-pl\\\/#author\"},\"publisher\":{\"@id\":\"https:\\\/\\\/www.spkatarzyna.pl\\\/#organization\"},\"image\":{\"@type\":\"ImageObject\",\"url\":\"https:\\\/\\\/www.spkatarzyna.pl\\\/wp-content\\\/uploads\\\/2024\\\/12\\\/IMG_20241205_082200-2.jpg\",\"width\":360,\"height\":202},\"datePublished\":\"2024-12-09T20:41:20+01:00\",\"dateModified\":\"2024-12-09T20:47:36+01:00\",\"inLanguage\":\"pl-PL\",\"mainEntityOfPage\":{\"@id\":\"https:\\\/\\\/www.spkatarzyna.pl\\\/index.php\\\/2024\\\/12\\\/09\\\/maraton-pisania-listow\\\/#webpage\"},\"isPartOf\":{\"@id\":\"https:\\\/\\\/www.spkatarzyna.pl\\\/index.php\\\/2024\\\/12\\\/09\\\/maraton-pisania-listow\\\/#webpage\"},\"articleSection\":\"Uncategorized\"},{\"@type\":\"BreadcrumbList\",\"@id\":\"https:\\\/\\\/www.spkatarzyna.pl\\\/index.php\\\/2024\\\/12\\\/09\\\/maraton-pisania-listow\\\/#breadcrumblist\",\"itemListElement\":[{\"@type\":\"ListItem\",\"@id\":\"https:\\\/\\\/www.spkatarzyna.pl#listItem\",\"position\":1,\"name\":\"Dom\",\"item\":\"https:\\\/\\\/www.spkatarzyna.pl\",\"nextItem\":{\"@type\":\"ListItem\",\"@id\":\"https:\\\/\\\/www.spkatarzyna.pl\\\/index.php\\\/category\\\/uncategorized\\\/#listItem\",\"name\":\"Uncategorized\"}},{\"@type\":\"ListItem\",\"@id\":\"https:\\\/\\\/www.spkatarzyna.pl\\\/index.php\\\/category\\\/uncategorized\\\/#listItem\",\"position\":2,\"name\":\"Uncategorized\",\"item\":\"https:\\\/\\\/www.spkatarzyna.pl\\\/index.php\\\/category\\\/uncategorized\\\/\",\"nextItem\":{\"@type\":\"ListItem\",\"@id\":\"https:\\\/\\\/www.spkatarzyna.pl\\\/index.php\\\/2024\\\/12\\\/09\\\/maraton-pisania-listow\\\/#listItem\",\"name\":\"MARATON PISANIA LIST\\u00d3W\"},\"previousItem\":{\"@type\":\"ListItem\",\"@id\":\"https:\\\/\\\/www.spkatarzyna.pl#listItem\",\"name\":\"Dom\"}},{\"@type\":\"ListItem\",\"@id\":\"https:\\\/\\\/www.spkatarzyna.pl\\\/index.php\\\/2024\\\/12\\\/09\\\/maraton-pisania-listow\\\/#listItem\",\"position\":3,\"name\":\"MARATON PISANIA LIST\\u00d3W\",\"previousItem\":{\"@type\":\"ListItem\",\"@id\":\"https:\\\/\\\/www.spkatarzyna.pl\\\/index.php\\\/category\\\/uncategorized\\\/#listItem\",\"name\":\"Uncategorized\"}}]},{\"@type\":\"Organization\",\"@id\":\"https:\\\/\\\/www.spkatarzyna.pl\\\/#organization\",\"name\":\"SP Katarzyna\",\"description\":\"Publiczna Szko\\u0142a Podstawowa w \\u015awi\\u0119tej Katarzynie\",\"url\":\"https:\\\/\\\/www.spkatarzyna.pl\\\/\",\"telephone\":\"+48713116378\",\"sameAs\":[\"https:\\\/\\\/facebook.com\\\/\",\"https:\\\/\\\/x.com\\\/\",\"https:\\\/\\\/instagram.com\\\/\",\"https:\\\/\\\/pinterest.com\\\/\",\"https:\\\/\\\/youtube.com\\\/\",\"https:\\\/\\\/linkedin.com\\\/in\\\/\"]},{\"@type\":\"Person\",\"@id\":\"https:\\\/\\\/www.spkatarzyna.pl\\\/index.php\\\/author\\\/agatasafianspkatarzyna-pl\\\/#author\",\"url\":\"https:\\\/\\\/www.spkatarzyna.pl\\\/index.php\\\/author\\\/agatasafianspkatarzyna-pl\\\/\",\"name\":\"Redakcja\",\"image\":{\"@type\":\"ImageObject\",\"@id\":\"https:\\\/\\\/www.spkatarzyna.pl\\\/index.php\\\/2024\\\/12\\\/09\\\/maraton-pisania-listow\\\/#authorImage\",\"url\":\"https:\\\/\\\/secure.gravatar.com\\\/avatar\\\/765290513df94d442152250e92b42327?s=96&d=mm&r=g\",\"width\":96,\"height\":96,\"caption\":\"Redakcja\"}},{\"@type\":\"WebPage\",\"@id\":\"https:\\\/\\\/www.spkatarzyna.pl\\\/index.php\\\/2024\\\/12\\\/09\\\/maraton-pisania-listow\\\/#webpage\",\"url\":\"https:\\\/\\\/www.spkatarzyna.pl\\\/index.php\\\/2024\\\/12\\\/09\\\/maraton-pisania-listow\\\/\",\"name\":\"MARATON PISANIA LIST\\u00d3W - SP Katarzyna\",\"description\":\"W dniach 3-5 grudnia 2024 r. w naszej szkole odby\\u0142 si\\u0119 Maraton Pisania List\\u00f3w organizowany przez Amnesty International. W tym roku pisali\\u015bmy listy w obronie Neth Nahary, kt\\u00f3ra trafi\\u0142a do wi\\u0119zienia za skrytykowanie prezydenta Angoli na swoim kanale na TikToku oraz Okby Haszada z Egiptu, kt\\u00f3ry znajduje si\\u0119 w areszcie tymczasowym w odwecie za dzia\\u0142alno\\u015b\\u0107\",\"inLanguage\":\"pl-PL\",\"isPartOf\":{\"@id\":\"https:\\\/\\\/www.spkatarzyna.pl\\\/#website\"},\"breadcrumb\":{\"@id\":\"https:\\\/\\\/www.spkatarzyna.pl\\\/index.php\\\/2024\\\/12\\\/09\\\/maraton-pisania-listow\\\/#breadcrumblist\"},\"author\":{\"@id\":\"https:\\\/\\\/www.spkatarzyna.pl\\\/index.php\\\/author\\\/agatasafianspkatarzyna-pl\\\/#author\"},\"creator\":{\"@id\":\"https:\\\/\\\/www.spkatarzyna.pl\\\/index.php\\\/author\\\/agatasafianspkatarzyna-pl\\\/#author\"},\"image\":{\"@type\":\"ImageObject\",\"url\":\"https:\\\/\\\/www.spkatarzyna.pl\\\/wp-content\\\/uploads\\\/2024\\\/12\\\/IMG_20241205_082200-2.jpg\",\"@id\":\"https:\\\/\\\/www.spkatarzyna.pl\\\/index.php\\\/2024\\\/12\\\/09\\\/maraton-pisania-listow\\\/#mainImage\",\"width\":360,\"height\":202},\"primaryImageOfPage\":{\"@id\":\"https:\\\/\\\/www.spkatarzyna.pl\\\/index.php\\\/2024\\\/12\\\/09\\\/maraton-pisania-listow\\\/#mainImage\"},\"datePublished\":\"2024-12-09T20:41:20+01:00\",\"dateModified\":\"2024-12-09T20:47:36+01:00\"},{\"@type\":\"WebSite\",\"@id\":\"https:\\\/\\\/www.spkatarzyna.pl\\\/#website\",\"url\":\"https:\\\/\\\/www.spkatarzyna.pl\\\/\",\"name\":\"SP Katarzyna\",\"description\":\"Publiczna Szko\\u0142a Podstawowa w \\u015awi\\u0119tej Katarzynie\",\"inLanguage\":\"pl-PL\",\"publisher\":{\"@id\":\"https:\\\/\\\/www.spkatarzyna.pl\\\/#organization\"}}]}\n\t\t<\/script>\n\t\t<!-- All in One SEO -->\n\n","aioseo_head_json":{"title":"MARATON PISANIA LIST\u00d3W - SP Katarzyna","description":"W dniach 3-5 grudnia 2024 r. w naszej szkole odby\u0142 si\u0119 Maraton Pisania List\u00f3w organizowany przez Amnesty International. W tym roku pisali\u015bmy listy w obronie Neth Nahary, kt\u00f3ra trafi\u0142a do wi\u0119zienia za skrytykowanie prezydenta Angoli na swoim kanale na TikToku oraz Okby Haszada z Egiptu, kt\u00f3ry znajduje si\u0119 w areszcie tymczasowym w odwecie za dzia\u0142alno\u015b\u0107","canonical_url":"https:\/\/www.spkatarzyna.pl\/index.php\/2024\/12\/09\/maraton-pisania-listow\/","robots":"max-image-preview:large","keywords":"","webmasterTools":{"miscellaneous":""},"schema":{"@context":"https:\/\/schema.org","@graph":[{"@type":"BlogPosting","@id":"https:\/\/www.spkatarzyna.pl\/index.php\/2024\/12\/09\/maraton-pisania-listow\/#blogposting","name":"MARATON PISANIA LIST\u00d3W - SP Katarzyna","headline":"MARATON PISANIA LIST\u00d3W","author":{"@id":"https:\/\/www.spkatarzyna.pl\/index.php\/author\/agatasafianspkatarzyna-pl\/#author"},"publisher":{"@id":"https:\/\/www.spkatarzyna.pl\/#organization"},"image":{"@type":"ImageObject","url":"https:\/\/www.spkatarzyna.pl\/wp-content\/uploads\/2024\/12\/IMG_20241205_082200-2.jpg","width":360,"height":202},"datePublished":"2024-12-09T20:41:20+01:00","dateModified":"2024-12-09T20:47:36+01:00","inLanguage":"pl-PL","mainEntityOfPage":{"@id":"https:\/\/www.spkatarzyna.pl\/index.php\/2024\/12\/09\/maraton-pisania-listow\/#webpage"},"isPartOf":{"@id":"https:\/\/www.spkatarzyna.pl\/index.php\/2024\/12\/09\/maraton-pisania-listow\/#webpage"},"articleSection":"Uncategorized"},{"@type":"BreadcrumbList","@id":"https:\/\/www.spkatarzyna.pl\/index.php\/2024\/12\/09\/maraton-pisania-listow\/#breadcrumblist","itemListElement":[{"@type":"ListItem","@id":"https:\/\/www.spkatarzyna.pl#listItem","position":1,"name":"Dom","item":"https:\/\/www.spkatarzyna.pl","nextItem":{"@type":"ListItem","@id":"https:\/\/www.spkatarzyna.pl\/index.php\/category\/uncategorized\/#listItem","name":"Uncategorized"}},{"@type":"ListItem","@id":"https:\/\/www.spkatarzyna.pl\/index.php\/category\/uncategorized\/#listItem","position":2,"name":"Uncategorized","item":"https:\/\/www.spkatarzyna.pl\/index.php\/category\/uncategorized\/","nextItem":{"@type":"ListItem","@id":"https:\/\/www.spkatarzyna.pl\/index.php\/2024\/12\/09\/maraton-pisania-listow\/#listItem","name":"MARATON PISANIA LIST\u00d3W"},"previousItem":{"@type":"ListItem","@id":"https:\/\/www.spkatarzyna.pl#listItem","name":"Dom"}},{"@type":"ListItem","@id":"https:\/\/www.spkatarzyna.pl\/index.php\/2024\/12\/09\/maraton-pisania-listow\/#listItem","position":3,"name":"MARATON PISANIA LIST\u00d3W","previousItem":{"@type":"ListItem","@id":"https:\/\/www.spkatarzyna.pl\/index.php\/category\/uncategorized\/#listItem","name":"Uncategorized"}}]},{"@type":"Organization","@id":"https:\/\/www.spkatarzyna.pl\/#organization","name":"SP Katarzyna","description":"Publiczna Szko\u0142a Podstawowa w \u015awi\u0119tej Katarzynie","url":"https:\/\/www.spkatarzyna.pl\/","telephone":"+48713116378","sameAs":["https:\/\/facebook.com\/","https:\/\/x.com\/","https:\/\/instagram.com\/","https:\/\/pinterest.com\/","https:\/\/youtube.com\/","https:\/\/linkedin.com\/in\/"]},{"@type":"Person","@id":"https:\/\/www.spkatarzyna.pl\/index.php\/author\/agatasafianspkatarzyna-pl\/#author","url":"https:\/\/www.spkatarzyna.pl\/index.php\/author\/agatasafianspkatarzyna-pl\/","name":"Redakcja","image":{"@type":"ImageObject","@id":"https:\/\/www.spkatarzyna.pl\/index.php\/2024\/12\/09\/maraton-pisania-listow\/#authorImage","url":"https:\/\/secure.gravatar.com\/avatar\/765290513df94d442152250e92b42327?s=96&d=mm&r=g","width":96,"height":96,"caption":"Redakcja"}},{"@type":"WebPage","@id":"https:\/\/www.spkatarzyna.pl\/index.php\/2024\/12\/09\/maraton-pisania-listow\/#webpage","url":"https:\/\/www.spkatarzyna.pl\/index.php\/2024\/12\/09\/maraton-pisania-listow\/","name":"MARATON PISANIA LIST\u00d3W - SP Katarzyna","description":"W dniach 3-5 grudnia 2024 r. w naszej szkole odby\u0142 si\u0119 Maraton Pisania List\u00f3w organizowany przez Amnesty International. W tym roku pisali\u015bmy listy w obronie Neth Nahary, kt\u00f3ra trafi\u0142a do wi\u0119zienia za skrytykowanie prezydenta Angoli na swoim kanale na TikToku oraz Okby Haszada z Egiptu, kt\u00f3ry znajduje si\u0119 w areszcie tymczasowym w odwecie za dzia\u0142alno\u015b\u0107","inLanguage":"pl-PL","isPartOf":{"@id":"https:\/\/www.spkatarzyna.pl\/#website"},"breadcrumb":{"@id":"https:\/\/www.spkatarzyna.pl\/index.php\/2024\/12\/09\/maraton-pisania-listow\/#breadcrumblist"},"author":{"@id":"https:\/\/www.spkatarzyna.pl\/index.php\/author\/agatasafianspkatarzyna-pl\/#author"},"creator":{"@id":"https:\/\/www.spkatarzyna.pl\/index.php\/author\/agatasafianspkatarzyna-pl\/#author"},"image":{"@type":"ImageObject","url":"https:\/\/www.spkatarzyna.pl\/wp-content\/uploads\/2024\/12\/IMG_20241205_082200-2.jpg","@id":"https:\/\/www.spkatarzyna.pl\/index.php\/2024\/12\/09\/maraton-pisania-listow\/#mainImage","width":360,"height":202},"primaryImageOfPage":{"@id":"https:\/\/www.spkatarzyna.pl\/index.php\/2024\/12\/09\/maraton-pisania-listow\/#mainImage"},"datePublished":"2024-12-09T20:41:20+01:00","dateModified":"2024-12-09T20:47:36+01:00"},{"@type":"WebSite","@id":"https:\/\/www.spkatarzyna.pl\/#website","url":"https:\/\/www.spkatarzyna.pl\/","name":"SP Katarzyna","description":"Publiczna Szko\u0142a Podstawowa w \u015awi\u0119tej Katarzynie","inLanguage":"pl-PL","publisher":{"@id":"https:\/\/www.spkatarzyna.pl\/#organization"}}]},"og:locale":"pl_PL","og:site_name":"SP Katarzyna - Publiczna Szko\u0142a Podstawowa w \u015awi\u0119tej Katarzynie","og:type":"article","og:title":"MARATON PISANIA LIST\u00d3W - SP Katarzyna","og:description":"W dniach 3-5 grudnia 2024 r. w naszej szkole odby\u0142 si\u0119 Maraton Pisania List\u00f3w organizowany przez Amnesty International. W tym roku pisali\u015bmy listy w obronie Neth Nahary, kt\u00f3ra trafi\u0142a do wi\u0119zienia za skrytykowanie prezydenta Angoli na swoim kanale na TikToku oraz Okby Haszada z Egiptu, kt\u00f3ry znajduje si\u0119 w areszcie tymczasowym w odwecie za dzia\u0142alno\u015b\u0107","og:url":"https:\/\/www.spkatarzyna.pl\/index.php\/2024\/12\/09\/maraton-pisania-listow\/","article:published_time":"2024-12-09T20:41:20+00:00","article:modified_time":"2024-12-09T20:47:36+00:00","twitter:card":"summary_large_image","twitter:title":"MARATON PISANIA LIST\u00d3W - SP Katarzyna","twitter:description":"W dniach 3-5 grudnia 2024 r. w naszej szkole odby\u0142 si\u0119 Maraton Pisania List\u00f3w organizowany przez Amnesty International. W tym roku pisali\u015bmy listy w obronie Neth Nahary, kt\u00f3ra trafi\u0142a do wi\u0119zienia za skrytykowanie prezydenta Angoli na swoim kanale na TikToku oraz Okby Haszada z Egiptu, kt\u00f3ry znajduje si\u0119 w areszcie tymczasowym w odwecie za dzia\u0142alno\u015b\u0107"},"aioseo_meta_data":{"post_id":"13291","title":null,"description":null,"keywords":null,"keyphrases":{"focus":{"keyphrase":"","score":0,"analysis":{"keyphraseInTitle":{"score":0,"maxScore":9,"error":1}}},"additional":[]},"primary_term":null,"canonical_url":null,"og_title":null,"og_description":null,"og_object_type":"default","og_image_type":"default","og_image_url":null,"og_image_width":null,"og_image_height":null,"og_image_custom_url":null,"og_image_custom_fields":null,"og_video":"","og_custom_url":null,"og_article_section":null,"og_article_tags":null,"twitter_use_og":false,"twitter_card":"default","twitter_image_type":"default","twitter_image_url":null,"twitter_image_custom_url":null,"twitter_image_custom_fields":null,"twitter_title":null,"twitter_description":null,"schema":{"blockGraphs":[],"customGraphs":[],"default":{"data":{"Article":[],"Course":[],"Dataset":[],"FAQPage":[],"Movie":[],"Person":[],"Product":[],"ProductReview":[],"Car":[],"Recipe":[],"Service":[],"SoftwareApplication":[],"WebPage":[]},"graphName":"BlogPosting","isEnabled":true},"graphs":[]},"schema_type":"default","schema_type_options":null,"pillar_content":false,"robots_default":true,"robots_noindex":false,"robots_noarchive":false,"robots_nosnippet":false,"robots_nofollow":false,"robots_noimageindex":false,"robots_noodp":false,"robots_notranslate":false,"robots_max_snippet":"-1","robots_max_videopreview":"-1","robots_max_imagepreview":"large","priority":null,"frequency":"default","local_seo":null,"limit_modified_date":false,"created":"2024-12-09 20:41:20","updated":"2026-09-03 16:07:17","focus_keyword":null,"additional_keywords":null,"truseo_locale":null,"ai":null,"breadcrumb_settings":null,"seo_analyzer_scan_date":null},"aioseo_breadcrumb":"<div class=\"aioseo-breadcrumbs\"><span class=\"aioseo-breadcrumb\">\n\t\t\t<a href=\"https:\/\/www.spkatarzyna.pl\" title=\"Dom\">Dom<\/a>\n\t\t<\/span><span class=\"aioseo-breadcrumb-separator\">&raquo;<\/span><span class=\"aioseo-breadcrumb\">\n\t\t\t<a href=\"https:\/\/www.spkatarzyna.pl\/index.php\/category\/uncategorized\/\" title=\"Uncategorized\">Uncategorized<\/a>\n\t\t<\/span><span class=\"aioseo-breadcrumb-separator\">&raquo;<\/span><span class=\"aioseo-breadcrumb\">\n\t\t\tMARATON PISANIA LIST\u00d3W\n\t\t<\/span><\/div>","aioseo_breadcrumb_json":[{"label":"Dom","link":"https:\/\/www.spkatarzyna.pl"},{"label":"Uncategorized","link":"https:\/\/www.spkatarzyna.pl\/index.php\/category\/uncategorized\/"},{"label":"MARATON PISANIA LIST\u00d3W","link":"https:\/\/www.spkatarzyna.pl\/index.php\/2024\/12\/09\/maraton-pisania-listow\/"}],"_links":{"self":[{"href":"https:\/\/www.spkatarzyna.pl\/index.php\/wp-json\/wp\/v2\/posts\/13291","targetHints":{"allow":["GET"]}}],"collection":[{"href":"https:\/\/www.spkatarzyna.pl\/index.php\/wp-json\/wp\/v2\/posts"}],"about":[{"href":"https:\/\/www.spkatarzyna.pl\/index.php\/wp-json\/wp\/v2\/types\/post"}],"author":[{"embeddable":true,"href":"https:\/\/www.spkatarzyna.pl\/index.php\/wp-json\/wp\/v2\/users\/6"}],"replies":[{"embeddable":true,"href":"https:\/\/www.spkatarzyna.pl\/index.php\/wp-json\/wp\/v2\/comments?post=13291"}],"version-history":[{"count":4,"href":"https:\/\/www.spkatarzyna.pl\/index.php\/wp-json\/wp\/v2\/posts\/13291\/revisions"}],"predecessor-version":[{"id":13305,"href":"https:\/\/www.spkatarzyna.pl\/index.php\/wp-json\/wp\/v2\/posts\/13291\/revisions\/13305"}],"wp:featuredmedia":[{"embeddable":true,"href":"https:\/\/www.spkatarzyna.pl\/index.php\/wp-json\/wp\/v2\/media\/13292"}],"wp:attachment":[{"href":"https:\/\/www.spkatarzyna.pl\/index.php\/wp-json\/wp\/v2\/media?parent=13291"}],"wp:term":[{"taxonomy":"category","embeddable":true,"href":"https:\/\/www.spkatarzyna.pl\/index.php\/wp-json\/wp\/v2\/categories?post=13291"},{"taxonomy":"post_tag","embeddable":true,"href":"https:\/\/www.spkatarzyna.pl\/index.php\/wp-json\/wp\/v2\/tags?post=13291"}],"curies":[{"name":"wp","href":"https:\/\/api.w.org\/{rel}","templated":true}]}}