{"id":13306,"date":"2024-12-09T20:54:53","date_gmt":"2024-12-09T20:54:53","guid":{"rendered":"https:\/\/www.spkatarzyna.pl\/?p=13306"},"modified":"2024-12-09T20:57:46","modified_gmt":"2024-12-09T20:57:46","slug":"swiateczne-warsztaty","status":"publish","type":"post","link":"https:\/\/www.spkatarzyna.pl\/index.php\/2024\/12\/09\/swiateczne-warsztaty\/","title":{"rendered":"\u015aWI\u0104TECZNE WARSZTATY"},"content":{"rendered":"\t\t<div data-elementor-type=\"wp-post\" data-elementor-id=\"13306\" class=\"elementor elementor-13306\">\n\t\t\t\t\t\t<section class=\"elementor-section elementor-top-section elementor-element elementor-element-300db4d7 elementor-section-boxed elementor-section-height-default elementor-section-height-default\" data-id=\"300db4d7\" data-element_type=\"section\">\n\t\t\t\t\t\t<div class=\"elementor-container elementor-column-gap-default\">\n\t\t\t\t\t<div class=\"elementor-column elementor-col-100 elementor-top-column elementor-element elementor-element-312bb122\" data-id=\"312bb122\" data-element_type=\"column\">\n\t\t\t<div class=\"elementor-widget-wrap elementor-element-populated\">\n\t\t\t\t\t\t<div class=\"elementor-element elementor-element-1bd1d85c elementor-widget elementor-widget-text-editor\" data-id=\"1bd1d85c\" data-element_type=\"widget\" data-widget_type=\"text-editor.default\">\n\t\t\t\t\t\t\t\t\t<p style=\"text-align: justify;\"><span style=\"font-size: 14pt;\">9 grudnia,&nbsp; dzieci z kl 1c, wzi\u0119\u0142y udzia\u0142 w &#8221; warsztatach piernikowych&#8221;- pierniki ozdabiane lukrem kr\u00f3lewskim.<\/span> <span style=\"font-size: 14pt;\">Dzieci dekorowa\u0142y pierniki lukrem i posypkami w r\u00f3\u017cnych kolorach. Na piernikach powsta\u0142y wspania\u0142e i wymy\u015blne wzory. Ka\u017cdy piernik by\u0142 wyj\u0105tkowy. Dziedzi wykaza\u0142y si\u0119 wyj\u0105tkow\u0105 pomys\u0142owo\u015bci\u0105. Niekt\u00f3re z nich degustowa\u0142y w\u0142asne &#8221; dzie\u0142a&#8221;. Cz\u0119\u015b\u0107 piernik\u00f3w zosta\u0142a spakowana, i ka\u017cde dziecko zabra\u0142o swoje wypieki do domu. Dzieci by\u0142y zachwycone!<\/span><\/p>\r\n<p style=\"text-align: right;\"><span style=\"font-size: 14pt;\">Anna Kr\u00f3likowska<\/span><\/p>\t\t\t\t\t\t\t\t<\/div>\n\t\t\t\t<div class=\"elementor-element elementor-element-1e125d8 elementor-widget elementor-widget-image-gallery\" data-id=\"1e125d8\" data-element_type=\"widget\" data-widget_type=\"image-gallery.default\">\n\t\t\t\t\t\t\t<div class=\"elementor-image-gallery\">\n\t\t\t\n\t\t<div id='gallery-1' class='gallery galleryid-13306 gallery-columns-4 gallery-size-thumbnail gallery1'><script type=\"text\/javascript\">\n\/\/ <![CDATA[\n\tjQuery(document).ready(function () {\n\t\tjQuery(\".gallery1 a\").attr(\"rel\",\"gallery1\");\t\n\t\tjQuery('a[rel=\"gallery1\"]').colorbox({title: function(){ return jQuery(this).children().attr(\"alt\"); }});\n\t});\n\/\/ ]]>\n<\/script>\n<dl class=\"gallery-item\">\n<dt class=\"gallery-icon\">\n<a href=\"https:\/\/www.spkatarzyna.pl\/wp-content\/uploads\/2024\/12\/PHOTO-2024-12-09-18-30-14-300x300.jpg\" title=\"\" rel=\"gallery1\" rel=\"lightbox[13306]\"><img decoding=\"async\" src=\"https:\/\/www.spkatarzyna.pl\/wp-content\/uploads\/2024\/12\/PHOTO-2024-12-09-18-30-14-150x150.jpg\" width=\"150\" height=\"150\" alt=\"\" \/><\/a>\n<\/dt><\/dl><dl class=\"gallery-item\">\n<dt class=\"gallery-icon\">\n<a href=\"https:\/\/www.spkatarzyna.pl\/wp-content\/uploads\/2024\/12\/PHOTO-2024-12-09-18-31-32-2-300x300.jpg\" title=\"\" rel=\"gallery1\" rel=\"lightbox[13306]\"><img decoding=\"async\" src=\"https:\/\/www.spkatarzyna.pl\/wp-content\/uploads\/2024\/12\/PHOTO-2024-12-09-18-31-32-2-150x150.jpg\" width=\"150\" height=\"150\" alt=\"\" \/><\/a>\n<\/dt><\/dl><dl class=\"gallery-item\">\n<dt class=\"gallery-icon\">\n<a href=\"https:\/\/www.spkatarzyna.pl\/wp-content\/uploads\/2024\/12\/PHOTO-2024-12-09-18-31-32-300x300.jpg\" title=\"\" rel=\"gallery1\" rel=\"lightbox[13306]\"><img decoding=\"async\" src=\"https:\/\/www.spkatarzyna.pl\/wp-content\/uploads\/2024\/12\/PHOTO-2024-12-09-18-31-32-150x150.jpg\" width=\"150\" height=\"150\" alt=\"\" \/><\/a>\n<\/dt><\/dl><dl class=\"gallery-item\">\n<dt class=\"gallery-icon\">\n<a href=\"https:\/\/www.spkatarzyna.pl\/wp-content\/uploads\/2024\/12\/PHOTO-2024-12-09-18-31-31-2-300x300.jpg\" title=\"\" rel=\"gallery1\" rel=\"lightbox[13306]\"><img loading=\"lazy\" decoding=\"async\" src=\"https:\/\/www.spkatarzyna.pl\/wp-content\/uploads\/2024\/12\/PHOTO-2024-12-09-18-31-31-2-150x150.jpg\" width=\"150\" height=\"150\" alt=\"\" \/><\/a>\n<\/dt><\/dl><br style=\"clear: both\" \/><dl class=\"gallery-item\">\n<dt class=\"gallery-icon\">\n<a href=\"https:\/\/www.spkatarzyna.pl\/wp-content\/uploads\/2024\/12\/PHOTO-2024-12-09-18-31-31-300x300.jpg\" title=\"\" rel=\"gallery1\" rel=\"lightbox[13306]\"><img loading=\"lazy\" decoding=\"async\" src=\"https:\/\/www.spkatarzyna.pl\/wp-content\/uploads\/2024\/12\/PHOTO-2024-12-09-18-31-31-150x150.jpg\" width=\"150\" height=\"150\" alt=\"\" \/><\/a>\n<\/dt><\/dl><dl class=\"gallery-item\">\n<dt class=\"gallery-icon\">\n<a href=\"https:\/\/www.spkatarzyna.pl\/wp-content\/uploads\/2024\/12\/PHOTO-2024-12-09-18-31-10-300x300.jpg\" title=\"\" rel=\"gallery1\" rel=\"lightbox[13306]\"><img loading=\"lazy\" decoding=\"async\" src=\"https:\/\/www.spkatarzyna.pl\/wp-content\/uploads\/2024\/12\/PHOTO-2024-12-09-18-31-10-150x150.jpg\" width=\"150\" height=\"150\" alt=\"\" \/><\/a>\n<\/dt><\/dl><dl class=\"gallery-item\">\n<dt class=\"gallery-icon\">\n<a href=\"https:\/\/www.spkatarzyna.pl\/wp-content\/uploads\/2024\/12\/PHOTO-2024-12-09-18-31-08-300x300.jpg\" title=\"\" rel=\"gallery1\" rel=\"lightbox[13306]\"><img loading=\"lazy\" decoding=\"async\" src=\"https:\/\/www.spkatarzyna.pl\/wp-content\/uploads\/2024\/12\/PHOTO-2024-12-09-18-31-08-150x150.jpg\" width=\"150\" height=\"150\" alt=\"\" \/><\/a>\n<\/dt><\/dl><dl class=\"gallery-item\">\n<dt class=\"gallery-icon\">\n<a href=\"https:\/\/www.spkatarzyna.pl\/wp-content\/uploads\/2024\/12\/PHOTO-2024-12-09-18-30-57-300x300.jpg\" title=\"\" rel=\"gallery1\" rel=\"lightbox[13306]\"><img loading=\"lazy\" decoding=\"async\" src=\"https:\/\/www.spkatarzyna.pl\/wp-content\/uploads\/2024\/12\/PHOTO-2024-12-09-18-30-57-150x150.jpg\" width=\"150\" height=\"150\" alt=\"\" \/><\/a>\n<\/dt><\/dl><br style=\"clear: both\" \/><dl class=\"gallery-item\">\n<dt class=\"gallery-icon\">\n<a href=\"https:\/\/www.spkatarzyna.pl\/wp-content\/uploads\/2024\/12\/PHOTO-2024-12-09-18-30-56-300x300.jpg\" title=\"\" rel=\"gallery1\" rel=\"lightbox[13306]\"><img loading=\"lazy\" decoding=\"async\" src=\"https:\/\/www.spkatarzyna.pl\/wp-content\/uploads\/2024\/12\/PHOTO-2024-12-09-18-30-56-150x150.jpg\" width=\"150\" height=\"150\" alt=\"\" \/><\/a>\n<\/dt><\/dl><dl class=\"gallery-item\">\n<dt class=\"gallery-icon\">\n<a href=\"https:\/\/www.spkatarzyna.pl\/wp-content\/uploads\/2024\/12\/PHOTO-2024-12-09-18-30-53-300x300.jpg\" title=\"\" rel=\"gallery1\" rel=\"lightbox[13306]\"><img loading=\"lazy\" decoding=\"async\" src=\"https:\/\/www.spkatarzyna.pl\/wp-content\/uploads\/2024\/12\/PHOTO-2024-12-09-18-30-53-150x150.jpg\" width=\"150\" height=\"150\" alt=\"\" \/><\/a>\n<\/dt><\/dl><dl class=\"gallery-item\">\n<dt class=\"gallery-icon\">\n<a href=\"https:\/\/www.spkatarzyna.pl\/wp-content\/uploads\/2024\/12\/PHOTO-2024-12-09-18-30-51-300x300.jpg\" title=\"\" rel=\"gallery1\" rel=\"lightbox[13306]\"><img loading=\"lazy\" decoding=\"async\" src=\"https:\/\/www.spkatarzyna.pl\/wp-content\/uploads\/2024\/12\/PHOTO-2024-12-09-18-30-51-150x150.jpg\" width=\"150\" height=\"150\" alt=\"\" \/><\/a>\n<\/dt><\/dl><dl class=\"gallery-item\">\n<dt class=\"gallery-icon\">\n<a href=\"https:\/\/www.spkatarzyna.pl\/wp-content\/uploads\/2024\/12\/PHOTO-2024-12-09-18-30-49-300x300.jpg\" title=\"\" rel=\"gallery1\" rel=\"lightbox[13306]\"><img loading=\"lazy\" decoding=\"async\" src=\"https:\/\/www.spkatarzyna.pl\/wp-content\/uploads\/2024\/12\/PHOTO-2024-12-09-18-30-49-150x150.jpg\" width=\"150\" height=\"150\" alt=\"\" \/><\/a>\n<\/dt><\/dl><br style=\"clear: both\" \/><dl class=\"gallery-item\">\n<dt class=\"gallery-icon\">\n<a href=\"https:\/\/www.spkatarzyna.pl\/wp-content\/uploads\/2024\/12\/PHOTO-2024-12-09-18-30-47-300x300.jpg\" title=\"\" rel=\"gallery1\" rel=\"lightbox[13306]\"><img loading=\"lazy\" decoding=\"async\" src=\"https:\/\/www.spkatarzyna.pl\/wp-content\/uploads\/2024\/12\/PHOTO-2024-12-09-18-30-47-150x150.jpg\" width=\"150\" height=\"150\" alt=\"\" \/><\/a>\n<\/dt><\/dl><dl class=\"gallery-item\">\n<dt class=\"gallery-icon\">\n<a href=\"https:\/\/www.spkatarzyna.pl\/wp-content\/uploads\/2024\/12\/PHOTO-2024-12-09-18-30-45-300x300.jpg\" title=\"\" rel=\"gallery1\" rel=\"lightbox[13306]\"><img loading=\"lazy\" decoding=\"async\" src=\"https:\/\/www.spkatarzyna.pl\/wp-content\/uploads\/2024\/12\/PHOTO-2024-12-09-18-30-45-150x150.jpg\" width=\"150\" height=\"150\" alt=\"\" \/><\/a>\n<\/dt><\/dl><dl class=\"gallery-item\">\n<dt class=\"gallery-icon\">\n<a href=\"https:\/\/www.spkatarzyna.pl\/wp-content\/uploads\/2024\/12\/PHOTO-2024-12-09-18-30-43-300x300.jpg\" title=\"\" rel=\"gallery1\" rel=\"lightbox[13306]\"><img loading=\"lazy\" decoding=\"async\" src=\"https:\/\/www.spkatarzyna.pl\/wp-content\/uploads\/2024\/12\/PHOTO-2024-12-09-18-30-43-150x150.jpg\" width=\"150\" height=\"150\" alt=\"\" \/><\/a>\n<\/dt><\/dl><dl class=\"gallery-item\">\n<dt class=\"gallery-icon\">\n<a href=\"https:\/\/www.spkatarzyna.pl\/wp-content\/uploads\/2024\/12\/PHOTO-2024-12-09-18-30-41-300x300.jpg\" title=\"\" rel=\"gallery1\" rel=\"lightbox[13306]\"><img loading=\"lazy\" decoding=\"async\" src=\"https:\/\/www.spkatarzyna.pl\/wp-content\/uploads\/2024\/12\/PHOTO-2024-12-09-18-30-41-150x150.jpg\" width=\"150\" height=\"150\" alt=\"\" \/><\/a>\n<\/dt><\/dl><br style=\"clear: both\" \/><dl class=\"gallery-item\">\n<dt class=\"gallery-icon\">\n<a href=\"https:\/\/www.spkatarzyna.pl\/wp-content\/uploads\/2024\/12\/PHOTO-2024-12-09-18-30-39-300x300.jpg\" title=\"\" rel=\"gallery1\" rel=\"lightbox[13306]\"><img loading=\"lazy\" decoding=\"async\" src=\"https:\/\/www.spkatarzyna.pl\/wp-content\/uploads\/2024\/12\/PHOTO-2024-12-09-18-30-39-150x150.jpg\" width=\"150\" height=\"150\" alt=\"\" \/><\/a>\n<\/dt><\/dl><dl class=\"gallery-item\">\n<dt class=\"gallery-icon\">\n<a href=\"https:\/\/www.spkatarzyna.pl\/wp-content\/uploads\/2024\/12\/PHOTO-2024-12-09-18-30-37-300x300.jpg\" title=\"\" rel=\"gallery1\" rel=\"lightbox[13306]\"><img loading=\"lazy\" decoding=\"async\" src=\"https:\/\/www.spkatarzyna.pl\/wp-content\/uploads\/2024\/12\/PHOTO-2024-12-09-18-30-37-150x150.jpg\" width=\"150\" height=\"150\" alt=\"\" \/><\/a>\n<\/dt><\/dl><dl class=\"gallery-item\">\n<dt class=\"gallery-icon\">\n<a href=\"https:\/\/www.spkatarzyna.pl\/wp-content\/uploads\/2024\/12\/PHOTO-2024-12-09-18-30-35-300x300.jpg\" title=\"\" rel=\"gallery1\" rel=\"lightbox[13306]\"><img loading=\"lazy\" decoding=\"async\" src=\"https:\/\/www.spkatarzyna.pl\/wp-content\/uploads\/2024\/12\/PHOTO-2024-12-09-18-30-35-150x150.jpg\" width=\"150\" height=\"150\" alt=\"\" \/><\/a>\n<\/dt><\/dl><dl class=\"gallery-item\">\n<dt class=\"gallery-icon\">\n<a href=\"https:\/\/www.spkatarzyna.pl\/wp-content\/uploads\/2024\/12\/PHOTO-2024-12-09-18-30-33-300x300.jpg\" title=\"\" rel=\"gallery1\" rel=\"lightbox[13306]\"><img loading=\"lazy\" decoding=\"async\" src=\"https:\/\/www.spkatarzyna.pl\/wp-content\/uploads\/2024\/12\/PHOTO-2024-12-09-18-30-33-150x150.jpg\" width=\"150\" height=\"150\" alt=\"\" \/><\/a>\n<\/dt><\/dl><br style=\"clear: both\" \/><dl class=\"gallery-item\">\n<dt class=\"gallery-icon\">\n<a href=\"https:\/\/www.spkatarzyna.pl\/wp-content\/uploads\/2024\/12\/PHOTO-2024-12-09-18-30-30-300x300.jpg\" title=\"\" rel=\"gallery1\" rel=\"lightbox[13306]\"><img loading=\"lazy\" decoding=\"async\" src=\"https:\/\/www.spkatarzyna.pl\/wp-content\/uploads\/2024\/12\/PHOTO-2024-12-09-18-30-30-150x150.jpg\" width=\"150\" height=\"150\" alt=\"\" \/><\/a>\n<\/dt><\/dl><dl class=\"gallery-item\">\n<dt class=\"gallery-icon\">\n<a href=\"https:\/\/www.spkatarzyna.pl\/wp-content\/uploads\/2024\/12\/PHOTO-2024-12-09-18-30-29-300x300.jpg\" title=\"\" rel=\"gallery1\" rel=\"lightbox[13306]\"><img loading=\"lazy\" decoding=\"async\" src=\"https:\/\/www.spkatarzyna.pl\/wp-content\/uploads\/2024\/12\/PHOTO-2024-12-09-18-30-29-150x150.jpg\" width=\"150\" height=\"150\" alt=\"\" \/><\/a>\n<\/dt><\/dl><dl class=\"gallery-item\">\n<dt class=\"gallery-icon\">\n<a href=\"https:\/\/www.spkatarzyna.pl\/wp-content\/uploads\/2024\/12\/PHOTO-2024-12-09-18-30-26-300x300.jpg\" title=\"\" rel=\"gallery1\" rel=\"lightbox[13306]\"><img loading=\"lazy\" decoding=\"async\" src=\"https:\/\/www.spkatarzyna.pl\/wp-content\/uploads\/2024\/12\/PHOTO-2024-12-09-18-30-26-150x150.jpg\" width=\"150\" height=\"150\" alt=\"\" \/><\/a>\n<\/dt><\/dl><dl class=\"gallery-item\">\n<dt class=\"gallery-icon\">\n<a href=\"https:\/\/www.spkatarzyna.pl\/wp-content\/uploads\/2024\/12\/PHOTO-2024-12-09-18-30-24-300x300.jpg\" title=\"\" rel=\"gallery1\" rel=\"lightbox[13306]\"><img loading=\"lazy\" decoding=\"async\" src=\"https:\/\/www.spkatarzyna.pl\/wp-content\/uploads\/2024\/12\/PHOTO-2024-12-09-18-30-24-150x150.jpg\" width=\"150\" height=\"150\" alt=\"\" \/><\/a>\n<\/dt><\/dl><br style=\"clear: both\" \/><dl class=\"gallery-item\">\n<dt class=\"gallery-icon\">\n<a href=\"https:\/\/www.spkatarzyna.pl\/wp-content\/uploads\/2024\/12\/PHOTO-2024-12-09-18-30-22-300x300.jpg\" title=\"\" rel=\"gallery1\" rel=\"lightbox[13306]\"><img loading=\"lazy\" decoding=\"async\" src=\"https:\/\/www.spkatarzyna.pl\/wp-content\/uploads\/2024\/12\/PHOTO-2024-12-09-18-30-22-150x150.jpg\" width=\"150\" height=\"150\" alt=\"\" \/><\/a>\n<\/dt><\/dl><dl class=\"gallery-item\">\n<dt class=\"gallery-icon\">\n<a href=\"https:\/\/www.spkatarzyna.pl\/wp-content\/uploads\/2024\/12\/PHOTO-2024-12-09-18-30-20-300x300.jpg\" title=\"\" rel=\"gallery1\" rel=\"lightbox[13306]\"><img loading=\"lazy\" decoding=\"async\" src=\"https:\/\/www.spkatarzyna.pl\/wp-content\/uploads\/2024\/12\/PHOTO-2024-12-09-18-30-20-150x150.jpg\" width=\"150\" height=\"150\" alt=\"\" \/><\/a>\n<\/dt><\/dl><dl class=\"gallery-item\">\n<dt class=\"gallery-icon\">\n<a href=\"https:\/\/www.spkatarzyna.pl\/wp-content\/uploads\/2024\/12\/PHOTO-2024-12-09-18-30-18-300x300.jpg\" title=\"\" rel=\"gallery1\" rel=\"lightbox[13306]\"><img loading=\"lazy\" decoding=\"async\" src=\"https:\/\/www.spkatarzyna.pl\/wp-content\/uploads\/2024\/12\/PHOTO-2024-12-09-18-30-18-150x150.jpg\" width=\"150\" height=\"150\" alt=\"\" \/><\/a>\n<\/dt><\/dl><dl class=\"gallery-item\">\n<dt class=\"gallery-icon\">\n<a href=\"https:\/\/www.spkatarzyna.pl\/wp-content\/uploads\/2024\/12\/PHOTO-2024-12-09-18-30-16-300x300.jpg\" title=\"\" rel=\"gallery1\" rel=\"lightbox[13306]\"><img loading=\"lazy\" decoding=\"async\" src=\"https:\/\/www.spkatarzyna.pl\/wp-content\/uploads\/2024\/12\/PHOTO-2024-12-09-18-30-16-150x150.jpg\" width=\"150\" height=\"150\" alt=\"\" \/><\/a>\n<\/dt><\/dl><br style=\"clear: both\" \/><br style=\"clear: both\" \/><\/div>\t\t<\/div>\n\t\t\t\t\t\t<\/div>\n\t\t\t\t\t<\/div>\n\t\t<\/div>\n\t\t\t\t\t<\/div>\n\t\t<\/section>\n\t\t\t\t<\/div>\n\t\t","protected":false},"excerpt":{"rendered":"<p>9 grudnia,&nbsp; dzieci z kl 1c, wzi\u0119\u0142y udzia\u0142 w &#8221; warsztatach piernikowych&#8221;- pierniki ozdabiane lukrem kr\u00f3lewskim. Dzieci dekorowa\u0142y pierniki lukrem i posypkami w r\u00f3\u017cnych kolorach. Na piernikach powsta\u0142y wspania\u0142e i wymy\u015blne wzory. Ka\u017cdy piernik by\u0142 wyj\u0105tkowy. Dziedzi wykaza\u0142y si\u0119 wyj\u0105tkow\u0105 pomys\u0142owo\u015bci\u0105. Niekt\u00f3re z nich degustowa\u0142y w\u0142asne &#8221; dzie\u0142a&#8221;. Cz\u0119\u015b\u0107 piernik\u00f3w [&hellip;]<\/p>\n","protected":false},"author":6,"featured_media":13307,"comment_status":"open","ping_status":"open","sticky":false,"template":"","format":"standard","meta":{"om_disable_all_campaigns":false,"_monsterinsights_skip_tracking":false,"ngg_post_thumbnail":0,"footnotes":""},"categories":[1],"tags":[],"class_list":["post-13306","post","type-post","status-publish","format-standard","has-post-thumbnail","hentry","category-uncategorized"],"aioseo_notices":[],"aioseo_head":"\n\t\t<!-- All in One SEO 5.0.1.1 - aioseo.com -->\n\t<meta name=\"description\" content=\"9 grudnia, dzieci z kl 1c, wzi\u0119\u0142y udzia\u0142 w \u201d warsztatach piernikowych\u201d- pierniki ozdabiane lukrem kr\u00f3lewskim. Dzieci dekorowa\u0142y pierniki lukrem i posypkami w r\u00f3\u017cnych kolorach. Na piernikach powsta\u0142y wspania\u0142e i wymy\u015blne wzory. Ka\u017cdy piernik by\u0142 wyj\u0105tkowy. Dziedzi wykaza\u0142y si\u0119 wyj\u0105tkow\u0105 pomys\u0142owo\u015bci\u0105. Niekt\u00f3re z nich degustowa\u0142y w\u0142asne \u201d dzie\u0142a\u201d. Cz\u0119\u015b\u0107 piernik\u00f3w zosta\u0142a spakowana, i ka\u017cde dziecko\" \/>\n\t<meta name=\"robots\" content=\"max-image-preview:large\" \/>\n\t<meta name=\"author\" content=\"Redakcja\"\/>\n\t<link rel=\"canonical\" href=\"https:\/\/www.spkatarzyna.pl\/index.php\/2024\/12\/09\/swiateczne-warsztaty\/\" \/>\n\t<meta name=\"generator\" content=\"All in One SEO (AIOSEO) 5.0.1.1\" \/>\n\t\t<meta property=\"og:locale\" content=\"pl_PL\" \/>\n\t\t<meta property=\"og:site_name\" content=\"SP Katarzyna - Publiczna Szko\u0142a Podstawowa w \u015awi\u0119tej Katarzynie\" \/>\n\t\t<meta property=\"og:type\" content=\"article\" \/>\n\t\t<meta property=\"og:title\" content=\"\u015aWI\u0104TECZNE WARSZTATY - SP Katarzyna\" \/>\n\t\t<meta property=\"og:description\" content=\"9 grudnia, dzieci z kl 1c, wzi\u0119\u0142y udzia\u0142 w \u201d warsztatach piernikowych\u201d- pierniki ozdabiane lukrem kr\u00f3lewskim. Dzieci dekorowa\u0142y pierniki lukrem i posypkami w r\u00f3\u017cnych kolorach. Na piernikach powsta\u0142y wspania\u0142e i wymy\u015blne wzory. Ka\u017cdy piernik by\u0142 wyj\u0105tkowy. Dziedzi wykaza\u0142y si\u0119 wyj\u0105tkow\u0105 pomys\u0142owo\u015bci\u0105. Niekt\u00f3re z nich degustowa\u0142y w\u0142asne \u201d dzie\u0142a\u201d. Cz\u0119\u015b\u0107 piernik\u00f3w zosta\u0142a spakowana, i ka\u017cde dziecko\" \/>\n\t\t<meta property=\"og:url\" content=\"https:\/\/www.spkatarzyna.pl\/index.php\/2024\/12\/09\/swiateczne-warsztaty\/\" \/>\n\t\t<meta property=\"article:published_time\" content=\"2024-12-09T20:54:53+00:00\" \/>\n\t\t<meta property=\"article:modified_time\" content=\"2024-12-09T20:57:46+00:00\" \/>\n\t\t<meta name=\"twitter:card\" content=\"summary_large_image\" \/>\n\t\t<meta name=\"twitter:title\" content=\"\u015aWI\u0104TECZNE WARSZTATY - SP Katarzyna\" \/>\n\t\t<meta name=\"twitter:description\" content=\"9 grudnia, dzieci z kl 1c, wzi\u0119\u0142y udzia\u0142 w \u201d warsztatach piernikowych\u201d- pierniki ozdabiane lukrem kr\u00f3lewskim. Dzieci dekorowa\u0142y pierniki lukrem i posypkami w r\u00f3\u017cnych kolorach. Na piernikach powsta\u0142y wspania\u0142e i wymy\u015blne wzory. Ka\u017cdy piernik by\u0142 wyj\u0105tkowy. Dziedzi wykaza\u0142y si\u0119 wyj\u0105tkow\u0105 pomys\u0142owo\u015bci\u0105. Niekt\u00f3re z nich degustowa\u0142y w\u0142asne \u201d dzie\u0142a\u201d. Cz\u0119\u015b\u0107 piernik\u00f3w zosta\u0142a spakowana, i ka\u017cde dziecko\" \/>\n\t\t<script type=\"application\/ld+json\" class=\"aioseo-schema\">\n\t\t\t{\"@context\":\"https:\\\/\\\/schema.org\",\"@graph\":[{\"@type\":\"BlogPosting\",\"@id\":\"https:\\\/\\\/www.spkatarzyna.pl\\\/index.php\\\/2024\\\/12\\\/09\\\/swiateczne-warsztaty\\\/#blogposting\",\"name\":\"\\u015aWI\\u0104TECZNE WARSZTATY - SP Katarzyna\",\"headline\":\"\\u015aWI\\u0104TECZNE WARSZTATY\",\"author\":{\"@id\":\"https:\\\/\\\/www.spkatarzyna.pl\\\/index.php\\\/author\\\/agatasafianspkatarzyna-pl\\\/#author\"},\"publisher\":{\"@id\":\"https:\\\/\\\/www.spkatarzyna.pl\\\/#organization\"},\"image\":{\"@type\":\"ImageObject\",\"url\":\"https:\\\/\\\/www.spkatarzyna.pl\\\/wp-content\\\/uploads\\\/2024\\\/12\\\/PHOTO-2024-12-09-18-30-14-2.jpg\",\"width\":360,\"height\":202},\"datePublished\":\"2024-12-09T20:54:53+01:00\",\"dateModified\":\"2024-12-09T20:57:46+01:00\",\"inLanguage\":\"pl-PL\",\"mainEntityOfPage\":{\"@id\":\"https:\\\/\\\/www.spkatarzyna.pl\\\/index.php\\\/2024\\\/12\\\/09\\\/swiateczne-warsztaty\\\/#webpage\"},\"isPartOf\":{\"@id\":\"https:\\\/\\\/www.spkatarzyna.pl\\\/index.php\\\/2024\\\/12\\\/09\\\/swiateczne-warsztaty\\\/#webpage\"},\"articleSection\":\"Uncategorized\"},{\"@type\":\"BreadcrumbList\",\"@id\":\"https:\\\/\\\/www.spkatarzyna.pl\\\/index.php\\\/2024\\\/12\\\/09\\\/swiateczne-warsztaty\\\/#breadcrumblist\",\"itemListElement\":[{\"@type\":\"ListItem\",\"@id\":\"https:\\\/\\\/www.spkatarzyna.pl#listItem\",\"position\":1,\"name\":\"Dom\",\"item\":\"https:\\\/\\\/www.spkatarzyna.pl\",\"nextItem\":{\"@type\":\"ListItem\",\"@id\":\"https:\\\/\\\/www.spkatarzyna.pl\\\/index.php\\\/category\\\/uncategorized\\\/#listItem\",\"name\":\"Uncategorized\"}},{\"@type\":\"ListItem\",\"@id\":\"https:\\\/\\\/www.spkatarzyna.pl\\\/index.php\\\/category\\\/uncategorized\\\/#listItem\",\"position\":2,\"name\":\"Uncategorized\",\"item\":\"https:\\\/\\\/www.spkatarzyna.pl\\\/index.php\\\/category\\\/uncategorized\\\/\",\"nextItem\":{\"@type\":\"ListItem\",\"@id\":\"https:\\\/\\\/www.spkatarzyna.pl\\\/index.php\\\/2024\\\/12\\\/09\\\/swiateczne-warsztaty\\\/#listItem\",\"name\":\"\\u015aWI\\u0104TECZNE WARSZTATY\"},\"previousItem\":{\"@type\":\"ListItem\",\"@id\":\"https:\\\/\\\/www.spkatarzyna.pl#listItem\",\"name\":\"Dom\"}},{\"@type\":\"ListItem\",\"@id\":\"https:\\\/\\\/www.spkatarzyna.pl\\\/index.php\\\/2024\\\/12\\\/09\\\/swiateczne-warsztaty\\\/#listItem\",\"position\":3,\"name\":\"\\u015aWI\\u0104TECZNE WARSZTATY\",\"previousItem\":{\"@type\":\"ListItem\",\"@id\":\"https:\\\/\\\/www.spkatarzyna.pl\\\/index.php\\\/category\\\/uncategorized\\\/#listItem\",\"name\":\"Uncategorized\"}}]},{\"@type\":\"Organization\",\"@id\":\"https:\\\/\\\/www.spkatarzyna.pl\\\/#organization\",\"name\":\"SP Katarzyna\",\"description\":\"Publiczna Szko\\u0142a Podstawowa w \\u015awi\\u0119tej Katarzynie\",\"url\":\"https:\\\/\\\/www.spkatarzyna.pl\\\/\",\"telephone\":\"+48713116378\",\"sameAs\":[\"https:\\\/\\\/facebook.com\\\/\",\"https:\\\/\\\/x.com\\\/\",\"https:\\\/\\\/instagram.com\\\/\",\"https:\\\/\\\/pinterest.com\\\/\",\"https:\\\/\\\/youtube.com\\\/\",\"https:\\\/\\\/linkedin.com\\\/in\\\/\"]},{\"@type\":\"Person\",\"@id\":\"https:\\\/\\\/www.spkatarzyna.pl\\\/index.php\\\/author\\\/agatasafianspkatarzyna-pl\\\/#author\",\"url\":\"https:\\\/\\\/www.spkatarzyna.pl\\\/index.php\\\/author\\\/agatasafianspkatarzyna-pl\\\/\",\"name\":\"Redakcja\",\"image\":{\"@type\":\"ImageObject\",\"@id\":\"https:\\\/\\\/www.spkatarzyna.pl\\\/index.php\\\/2024\\\/12\\\/09\\\/swiateczne-warsztaty\\\/#authorImage\",\"url\":\"https:\\\/\\\/secure.gravatar.com\\\/avatar\\\/765290513df94d442152250e92b42327?s=96&d=mm&r=g\",\"width\":96,\"height\":96,\"caption\":\"Redakcja\"}},{\"@type\":\"WebPage\",\"@id\":\"https:\\\/\\\/www.spkatarzyna.pl\\\/index.php\\\/2024\\\/12\\\/09\\\/swiateczne-warsztaty\\\/#webpage\",\"url\":\"https:\\\/\\\/www.spkatarzyna.pl\\\/index.php\\\/2024\\\/12\\\/09\\\/swiateczne-warsztaty\\\/\",\"name\":\"\\u015aWI\\u0104TECZNE WARSZTATY - SP Katarzyna\",\"description\":\"9 grudnia, dzieci z kl 1c, wzi\\u0119\\u0142y udzia\\u0142 w \\u201d warsztatach piernikowych\\u201d- pierniki ozdabiane lukrem kr\\u00f3lewskim. Dzieci dekorowa\\u0142y pierniki lukrem i posypkami w r\\u00f3\\u017cnych kolorach. Na piernikach powsta\\u0142y wspania\\u0142e i wymy\\u015blne wzory. Ka\\u017cdy piernik by\\u0142 wyj\\u0105tkowy. Dziedzi wykaza\\u0142y si\\u0119 wyj\\u0105tkow\\u0105 pomys\\u0142owo\\u015bci\\u0105. Niekt\\u00f3re z nich degustowa\\u0142y w\\u0142asne \\u201d dzie\\u0142a\\u201d. Cz\\u0119\\u015b\\u0107 piernik\\u00f3w zosta\\u0142a spakowana, i ka\\u017cde dziecko\",\"inLanguage\":\"pl-PL\",\"isPartOf\":{\"@id\":\"https:\\\/\\\/www.spkatarzyna.pl\\\/#website\"},\"breadcrumb\":{\"@id\":\"https:\\\/\\\/www.spkatarzyna.pl\\\/index.php\\\/2024\\\/12\\\/09\\\/swiateczne-warsztaty\\\/#breadcrumblist\"},\"author\":{\"@id\":\"https:\\\/\\\/www.spkatarzyna.pl\\\/index.php\\\/author\\\/agatasafianspkatarzyna-pl\\\/#author\"},\"creator\":{\"@id\":\"https:\\\/\\\/www.spkatarzyna.pl\\\/index.php\\\/author\\\/agatasafianspkatarzyna-pl\\\/#author\"},\"image\":{\"@type\":\"ImageObject\",\"url\":\"https:\\\/\\\/www.spkatarzyna.pl\\\/wp-content\\\/uploads\\\/2024\\\/12\\\/PHOTO-2024-12-09-18-30-14-2.jpg\",\"@id\":\"https:\\\/\\\/www.spkatarzyna.pl\\\/index.php\\\/2024\\\/12\\\/09\\\/swiateczne-warsztaty\\\/#mainImage\",\"width\":360,\"height\":202},\"primaryImageOfPage\":{\"@id\":\"https:\\\/\\\/www.spkatarzyna.pl\\\/index.php\\\/2024\\\/12\\\/09\\\/swiateczne-warsztaty\\\/#mainImage\"},\"datePublished\":\"2024-12-09T20:54:53+01:00\",\"dateModified\":\"2024-12-09T20:57:46+01:00\"},{\"@type\":\"WebSite\",\"@id\":\"https:\\\/\\\/www.spkatarzyna.pl\\\/#website\",\"url\":\"https:\\\/\\\/www.spkatarzyna.pl\\\/\",\"name\":\"SP Katarzyna\",\"description\":\"Publiczna Szko\\u0142a Podstawowa w \\u015awi\\u0119tej Katarzynie\",\"inLanguage\":\"pl-PL\",\"publisher\":{\"@id\":\"https:\\\/\\\/www.spkatarzyna.pl\\\/#organization\"}}]}\n\t\t<\/script>\n\t\t<!-- All in One SEO -->\n\n","aioseo_head_json":{"title":"\u015aWI\u0104TECZNE WARSZTATY - SP Katarzyna","description":"9 grudnia, dzieci z kl 1c, wzi\u0119\u0142y udzia\u0142 w \u201d warsztatach piernikowych\u201d- pierniki ozdabiane lukrem kr\u00f3lewskim. Dzieci dekorowa\u0142y pierniki lukrem i posypkami w r\u00f3\u017cnych kolorach. Na piernikach powsta\u0142y wspania\u0142e i wymy\u015blne wzory. Ka\u017cdy piernik by\u0142 wyj\u0105tkowy. Dziedzi wykaza\u0142y si\u0119 wyj\u0105tkow\u0105 pomys\u0142owo\u015bci\u0105. Niekt\u00f3re z nich degustowa\u0142y w\u0142asne \u201d dzie\u0142a\u201d. Cz\u0119\u015b\u0107 piernik\u00f3w zosta\u0142a spakowana, i ka\u017cde dziecko","canonical_url":"https:\/\/www.spkatarzyna.pl\/index.php\/2024\/12\/09\/swiateczne-warsztaty\/","robots":"max-image-preview:large","keywords":"","webmasterTools":{"miscellaneous":""},"schema":{"@context":"https:\/\/schema.org","@graph":[{"@type":"BlogPosting","@id":"https:\/\/www.spkatarzyna.pl\/index.php\/2024\/12\/09\/swiateczne-warsztaty\/#blogposting","name":"\u015aWI\u0104TECZNE WARSZTATY - SP Katarzyna","headline":"\u015aWI\u0104TECZNE WARSZTATY","author":{"@id":"https:\/\/www.spkatarzyna.pl\/index.php\/author\/agatasafianspkatarzyna-pl\/#author"},"publisher":{"@id":"https:\/\/www.spkatarzyna.pl\/#organization"},"image":{"@type":"ImageObject","url":"https:\/\/www.spkatarzyna.pl\/wp-content\/uploads\/2024\/12\/PHOTO-2024-12-09-18-30-14-2.jpg","width":360,"height":202},"datePublished":"2024-12-09T20:54:53+01:00","dateModified":"2024-12-09T20:57:46+01:00","inLanguage":"pl-PL","mainEntityOfPage":{"@id":"https:\/\/www.spkatarzyna.pl\/index.php\/2024\/12\/09\/swiateczne-warsztaty\/#webpage"},"isPartOf":{"@id":"https:\/\/www.spkatarzyna.pl\/index.php\/2024\/12\/09\/swiateczne-warsztaty\/#webpage"},"articleSection":"Uncategorized"},{"@type":"BreadcrumbList","@id":"https:\/\/www.spkatarzyna.pl\/index.php\/2024\/12\/09\/swiateczne-warsztaty\/#breadcrumblist","itemListElement":[{"@type":"ListItem","@id":"https:\/\/www.spkatarzyna.pl#listItem","position":1,"name":"Dom","item":"https:\/\/www.spkatarzyna.pl","nextItem":{"@type":"ListItem","@id":"https:\/\/www.spkatarzyna.pl\/index.php\/category\/uncategorized\/#listItem","name":"Uncategorized"}},{"@type":"ListItem","@id":"https:\/\/www.spkatarzyna.pl\/index.php\/category\/uncategorized\/#listItem","position":2,"name":"Uncategorized","item":"https:\/\/www.spkatarzyna.pl\/index.php\/category\/uncategorized\/","nextItem":{"@type":"ListItem","@id":"https:\/\/www.spkatarzyna.pl\/index.php\/2024\/12\/09\/swiateczne-warsztaty\/#listItem","name":"\u015aWI\u0104TECZNE WARSZTATY"},"previousItem":{"@type":"ListItem","@id":"https:\/\/www.spkatarzyna.pl#listItem","name":"Dom"}},{"@type":"ListItem","@id":"https:\/\/www.spkatarzyna.pl\/index.php\/2024\/12\/09\/swiateczne-warsztaty\/#listItem","position":3,"name":"\u015aWI\u0104TECZNE WARSZTATY","previousItem":{"@type":"ListItem","@id":"https:\/\/www.spkatarzyna.pl\/index.php\/category\/uncategorized\/#listItem","name":"Uncategorized"}}]},{"@type":"Organization","@id":"https:\/\/www.spkatarzyna.pl\/#organization","name":"SP Katarzyna","description":"Publiczna Szko\u0142a Podstawowa w \u015awi\u0119tej Katarzynie","url":"https:\/\/www.spkatarzyna.pl\/","telephone":"+48713116378","sameAs":["https:\/\/facebook.com\/","https:\/\/x.com\/","https:\/\/instagram.com\/","https:\/\/pinterest.com\/","https:\/\/youtube.com\/","https:\/\/linkedin.com\/in\/"]},{"@type":"Person","@id":"https:\/\/www.spkatarzyna.pl\/index.php\/author\/agatasafianspkatarzyna-pl\/#author","url":"https:\/\/www.spkatarzyna.pl\/index.php\/author\/agatasafianspkatarzyna-pl\/","name":"Redakcja","image":{"@type":"ImageObject","@id":"https:\/\/www.spkatarzyna.pl\/index.php\/2024\/12\/09\/swiateczne-warsztaty\/#authorImage","url":"https:\/\/secure.gravatar.com\/avatar\/765290513df94d442152250e92b42327?s=96&d=mm&r=g","width":96,"height":96,"caption":"Redakcja"}},{"@type":"WebPage","@id":"https:\/\/www.spkatarzyna.pl\/index.php\/2024\/12\/09\/swiateczne-warsztaty\/#webpage","url":"https:\/\/www.spkatarzyna.pl\/index.php\/2024\/12\/09\/swiateczne-warsztaty\/","name":"\u015aWI\u0104TECZNE WARSZTATY - SP Katarzyna","description":"9 grudnia, dzieci z kl 1c, wzi\u0119\u0142y udzia\u0142 w \u201d warsztatach piernikowych\u201d- pierniki ozdabiane lukrem kr\u00f3lewskim. Dzieci dekorowa\u0142y pierniki lukrem i posypkami w r\u00f3\u017cnych kolorach. Na piernikach powsta\u0142y wspania\u0142e i wymy\u015blne wzory. Ka\u017cdy piernik by\u0142 wyj\u0105tkowy. Dziedzi wykaza\u0142y si\u0119 wyj\u0105tkow\u0105 pomys\u0142owo\u015bci\u0105. Niekt\u00f3re z nich degustowa\u0142y w\u0142asne \u201d dzie\u0142a\u201d. Cz\u0119\u015b\u0107 piernik\u00f3w zosta\u0142a spakowana, i ka\u017cde dziecko","inLanguage":"pl-PL","isPartOf":{"@id":"https:\/\/www.spkatarzyna.pl\/#website"},"breadcrumb":{"@id":"https:\/\/www.spkatarzyna.pl\/index.php\/2024\/12\/09\/swiateczne-warsztaty\/#breadcrumblist"},"author":{"@id":"https:\/\/www.spkatarzyna.pl\/index.php\/author\/agatasafianspkatarzyna-pl\/#author"},"creator":{"@id":"https:\/\/www.spkatarzyna.pl\/index.php\/author\/agatasafianspkatarzyna-pl\/#author"},"image":{"@type":"ImageObject","url":"https:\/\/www.spkatarzyna.pl\/wp-content\/uploads\/2024\/12\/PHOTO-2024-12-09-18-30-14-2.jpg","@id":"https:\/\/www.spkatarzyna.pl\/index.php\/2024\/12\/09\/swiateczne-warsztaty\/#mainImage","width":360,"height":202},"primaryImageOfPage":{"@id":"https:\/\/www.spkatarzyna.pl\/index.php\/2024\/12\/09\/swiateczne-warsztaty\/#mainImage"},"datePublished":"2024-12-09T20:54:53+01:00","dateModified":"2024-12-09T20:57:46+01:00"},{"@type":"WebSite","@id":"https:\/\/www.spkatarzyna.pl\/#website","url":"https:\/\/www.spkatarzyna.pl\/","name":"SP Katarzyna","description":"Publiczna Szko\u0142a Podstawowa w \u015awi\u0119tej Katarzynie","inLanguage":"pl-PL","publisher":{"@id":"https:\/\/www.spkatarzyna.pl\/#organization"}}]},"og:locale":"pl_PL","og:site_name":"SP Katarzyna - Publiczna Szko\u0142a Podstawowa w \u015awi\u0119tej Katarzynie","og:type":"article","og:title":"\u015aWI\u0104TECZNE WARSZTATY - SP Katarzyna","og:description":"9 grudnia, dzieci z kl 1c, wzi\u0119\u0142y udzia\u0142 w \u201d warsztatach piernikowych\u201d- pierniki ozdabiane lukrem kr\u00f3lewskim. Dzieci dekorowa\u0142y pierniki lukrem i posypkami w r\u00f3\u017cnych kolorach. Na piernikach powsta\u0142y wspania\u0142e i wymy\u015blne wzory. Ka\u017cdy piernik by\u0142 wyj\u0105tkowy. Dziedzi wykaza\u0142y si\u0119 wyj\u0105tkow\u0105 pomys\u0142owo\u015bci\u0105. Niekt\u00f3re z nich degustowa\u0142y w\u0142asne \u201d dzie\u0142a\u201d. Cz\u0119\u015b\u0107 piernik\u00f3w zosta\u0142a spakowana, i ka\u017cde dziecko","og:url":"https:\/\/www.spkatarzyna.pl\/index.php\/2024\/12\/09\/swiateczne-warsztaty\/","article:published_time":"2024-12-09T20:54:53+00:00","article:modified_time":"2024-12-09T20:57:46+00:00","twitter:card":"summary_large_image","twitter:title":"\u015aWI\u0104TECZNE WARSZTATY - SP Katarzyna","twitter:description":"9 grudnia, dzieci z kl 1c, wzi\u0119\u0142y udzia\u0142 w \u201d warsztatach piernikowych\u201d- pierniki ozdabiane lukrem kr\u00f3lewskim. Dzieci dekorowa\u0142y pierniki lukrem i posypkami w r\u00f3\u017cnych kolorach. Na piernikach powsta\u0142y wspania\u0142e i wymy\u015blne wzory. Ka\u017cdy piernik by\u0142 wyj\u0105tkowy. Dziedzi wykaza\u0142y si\u0119 wyj\u0105tkow\u0105 pomys\u0142owo\u015bci\u0105. Niekt\u00f3re z nich degustowa\u0142y w\u0142asne \u201d dzie\u0142a\u201d. Cz\u0119\u015b\u0107 piernik\u00f3w zosta\u0142a spakowana, i ka\u017cde dziecko"},"aioseo_meta_data":{"post_id":"13306","title":null,"description":null,"keywords":null,"keyphrases":{"focus":{"keyphrase":"","score":0,"analysis":{"keyphraseInTitle":{"score":0,"maxScore":9,"error":1}}},"additional":[]},"primary_term":null,"canonical_url":null,"og_title":null,"og_description":null,"og_object_type":"default","og_image_type":"default","og_image_url":null,"og_image_width":null,"og_image_height":null,"og_image_custom_url":null,"og_image_custom_fields":null,"og_video":"","og_custom_url":null,"og_article_section":null,"og_article_tags":null,"twitter_use_og":false,"twitter_card":"default","twitter_image_type":"default","twitter_image_url":null,"twitter_image_custom_url":null,"twitter_image_custom_fields":null,"twitter_title":null,"twitter_description":null,"schema":{"blockGraphs":[],"customGraphs":[],"default":{"data":{"Article":[],"Course":[],"Dataset":[],"FAQPage":[],"Movie":[],"Person":[],"Product":[],"ProductReview":[],"Car":[],"Recipe":[],"Service":[],"SoftwareApplication":[],"WebPage":[]},"graphName":"BlogPosting","isEnabled":true},"graphs":[]},"schema_type":"default","schema_type_options":null,"pillar_content":false,"robots_default":true,"robots_noindex":false,"robots_noarchive":false,"robots_nosnippet":false,"robots_nofollow":false,"robots_noimageindex":false,"robots_noodp":false,"robots_notranslate":false,"robots_max_snippet":"-1","robots_max_videopreview":"-1","robots_max_imagepreview":"large","priority":null,"frequency":"default","local_seo":null,"limit_modified_date":false,"created":"2024-12-09 20:54:53","updated":"2026-09-03 16:07:18","focus_keyword":null,"additional_keywords":null,"truseo_locale":null,"ai":null,"breadcrumb_settings":null,"seo_analyzer_scan_date":null},"aioseo_breadcrumb":"<div class=\"aioseo-breadcrumbs\"><span class=\"aioseo-breadcrumb\">\n\t\t\t<a href=\"https:\/\/www.spkatarzyna.pl\" title=\"Dom\">Dom<\/a>\n\t\t<\/span><span class=\"aioseo-breadcrumb-separator\">&raquo;<\/span><span class=\"aioseo-breadcrumb\">\n\t\t\t<a href=\"https:\/\/www.spkatarzyna.pl\/index.php\/category\/uncategorized\/\" title=\"Uncategorized\">Uncategorized<\/a>\n\t\t<\/span><span class=\"aioseo-breadcrumb-separator\">&raquo;<\/span><span class=\"aioseo-breadcrumb\">\n\t\t\t\u015aWI\u0104TECZNE WARSZTATY\n\t\t<\/span><\/div>","aioseo_breadcrumb_json":[{"label":"Dom","link":"https:\/\/www.spkatarzyna.pl"},{"label":"Uncategorized","link":"https:\/\/www.spkatarzyna.pl\/index.php\/category\/uncategorized\/"},{"label":"\u015aWI\u0104TECZNE WARSZTATY","link":"https:\/\/www.spkatarzyna.pl\/index.php\/2024\/12\/09\/swiateczne-warsztaty\/"}],"_links":{"self":[{"href":"https:\/\/www.spkatarzyna.pl\/index.php\/wp-json\/wp\/v2\/posts\/13306","targetHints":{"allow":["GET"]}}],"collection":[{"href":"https:\/\/www.spkatarzyna.pl\/index.php\/wp-json\/wp\/v2\/posts"}],"about":[{"href":"https:\/\/www.spkatarzyna.pl\/index.php\/wp-json\/wp\/v2\/types\/post"}],"author":[{"embeddable":true,"href":"https:\/\/www.spkatarzyna.pl\/index.php\/wp-json\/wp\/v2\/users\/6"}],"replies":[{"embeddable":true,"href":"https:\/\/www.spkatarzyna.pl\/index.php\/wp-json\/wp\/v2\/comments?post=13306"}],"version-history":[{"count":4,"href":"https:\/\/www.spkatarzyna.pl\/index.php\/wp-json\/wp\/v2\/posts\/13306\/revisions"}],"predecessor-version":[{"id":13340,"href":"https:\/\/www.spkatarzyna.pl\/index.php\/wp-json\/wp\/v2\/posts\/13306\/revisions\/13340"}],"wp:featuredmedia":[{"embeddable":true,"href":"https:\/\/www.spkatarzyna.pl\/index.php\/wp-json\/wp\/v2\/media\/13307"}],"wp:attachment":[{"href":"https:\/\/www.spkatarzyna.pl\/index.php\/wp-json\/wp\/v2\/media?parent=13306"}],"wp:term":[{"taxonomy":"category","embeddable":true,"href":"https:\/\/www.spkatarzyna.pl\/index.php\/wp-json\/wp\/v2\/categories?post=13306"},{"taxonomy":"post_tag","embeddable":true,"href":"https:\/\/www.spkatarzyna.pl\/index.php\/wp-json\/wp\/v2\/tags?post=13306"}],"curies":[{"name":"wp","href":"https:\/\/api.w.org\/{rel}","templated":true}]}}