{"id":13452,"date":"2024-12-15T13:07:27","date_gmt":"2024-12-15T13:07:27","guid":{"rendered":"https:\/\/www.spkatarzyna.pl\/?p=13452"},"modified":"2024-12-15T13:35:13","modified_gmt":"2024-12-15T13:35:13","slug":"warsztaty-kulinarne-w-kl-3b","status":"publish","type":"post","link":"https:\/\/www.spkatarzyna.pl\/index.php\/2024\/12\/15\/warsztaty-kulinarne-w-kl-3b\/","title":{"rendered":"Warsztaty kulinarne w kl. 3b"},"content":{"rendered":"\t\t<div data-elementor-type=\"wp-post\" data-elementor-id=\"13452\" class=\"elementor elementor-13452\">\n\t\t\t\t\t\t<section class=\"elementor-section elementor-top-section elementor-element elementor-element-5e563be8 elementor-section-boxed elementor-section-height-default elementor-section-height-default\" data-id=\"5e563be8\" data-element_type=\"section\">\n\t\t\t\t\t\t<div class=\"elementor-container elementor-column-gap-default\">\n\t\t\t\t\t<div class=\"elementor-column elementor-col-100 elementor-top-column elementor-element elementor-element-4e41b696\" data-id=\"4e41b696\" data-element_type=\"column\">\n\t\t\t<div class=\"elementor-widget-wrap elementor-element-populated\">\n\t\t\t\t\t\t<div class=\"elementor-element elementor-element-61d389a elementor-widget elementor-widget-text-editor\" data-id=\"61d389a\" data-element_type=\"widget\" data-widget_type=\"text-editor.default\">\n\t\t\t\t\t\t\t\t\t<p style=\"text-align: justify;\"><span style=\"font-size: 14pt;\">Klasa 3b uczestniczy\u0142a w \u015bwi\u0105tecznych warsztatach kulinarnych.&nbsp;Uczniowie przygotowali, upiekli a p\u00f3\u017aniej dekorowali muffinki. Poznali tajniki przepis\u00f3w oraz nauczyli si\u0119 precyzyjnie odmierza\u0107 sk\u0142adniki. By\u0142o bardzo smacznie!<\/span><\/p>\r\n<p style=\"text-align: right;\"><span style=\"font-size: 14pt;\">Weronika Kuszyk<\/span><\/p>\t\t\t\t\t\t\t\t<\/div>\n\t\t\t\t<div class=\"elementor-element elementor-element-619e0b5 elementor-widget elementor-widget-image-gallery\" data-id=\"619e0b5\" data-element_type=\"widget\" data-widget_type=\"image-gallery.default\">\n\t\t\t\t\t\t\t<div class=\"elementor-image-gallery\">\n\t\t\t\n\t\t<div id='gallery-1' class='gallery galleryid-13452 gallery-columns-2 gallery-size-thumbnail gallery1'><script type=\"text\/javascript\">\n\/\/ <![CDATA[\n\tjQuery(document).ready(function () {\n\t\tjQuery(\".gallery1 a\").attr(\"rel\",\"gallery1\");\t\n\t\tjQuery('a[rel=\"gallery1\"]').colorbox({title: function(){ return jQuery(this).children().attr(\"alt\"); }});\n\t});\n\/\/ ]]>\n<\/script>\n<dl class=\"gallery-item\">\n<dt class=\"gallery-icon\">\n<a href=\"https:\/\/www.spkatarzyna.pl\/wp-content\/uploads\/2024\/12\/20241210_120643-300x225.jpg\" title=\"\" rel=\"gallery1\" rel=\"lightbox[13452]\"><img decoding=\"async\" src=\"https:\/\/www.spkatarzyna.pl\/wp-content\/uploads\/2024\/12\/20241210_120643-scaled.jpg\" width=\"150\" height=\"113\" alt=\"\" \/><\/a>\n<\/dt><\/dl><dl class=\"gallery-item\">\n<dt class=\"gallery-icon\">\n<a href=\"https:\/\/www.spkatarzyna.pl\/wp-content\/uploads\/2024\/12\/20241210_111546-300x225.jpg\" title=\"\" rel=\"gallery1\" rel=\"lightbox[13452]\"><img decoding=\"async\" src=\"https:\/\/www.spkatarzyna.pl\/wp-content\/uploads\/2024\/12\/20241210_111546-scaled.jpg\" width=\"150\" height=\"113\" alt=\"\" \/><\/a>\n<\/dt><\/dl><br style=\"clear: both\" \/><br style=\"clear: both\" \/><\/div>\t\t<\/div>\n\t\t\t\t\t\t<\/div>\n\t\t\t\t\t<\/div>\n\t\t<\/div>\n\t\t\t\t\t<\/div>\n\t\t<\/section>\n\t\t\t\t<\/div>\n\t\t","protected":false},"excerpt":{"rendered":"<p>Klasa 3b uczestniczy\u0142a w \u015bwi\u0105tecznych warsztatach kulinarnych.&nbsp;Uczniowie przygotowali, upiekli a p\u00f3\u017aniej dekorowali muffinki. Poznali tajniki przepis\u00f3w oraz nauczyli si\u0119 precyzyjnie odmierza\u0107 sk\u0142adniki. By\u0142o bardzo smacznie! Weronika Kuszyk &nbsp;<\/p>\n","protected":false},"author":6,"featured_media":13453,"comment_status":"open","ping_status":"open","sticky":false,"template":"","format":"standard","meta":{"om_disable_all_campaigns":false,"_monsterinsights_skip_tracking":false,"ngg_post_thumbnail":0,"footnotes":""},"categories":[1],"tags":[],"class_list":["post-13452","post","type-post","status-publish","format-standard","has-post-thumbnail","hentry","category-uncategorized"],"aioseo_notices":[],"aioseo_head":"\n\t\t<!-- All in One SEO 5.0.1.1 - aioseo.com -->\n\t<meta name=\"description\" content=\"Klasa 3b uczestniczy\u0142a w \u015bwi\u0105tecznych warsztatach kulinarnych. Uczniowie przygotowali, upiekli a p\u00f3\u017aniej dekorowali muffinki. Poznali tajniki przepis\u00f3w oraz nauczyli si\u0119 precyzyjnie odmierza\u0107 sk\u0142adniki. By\u0142o bardzo smacznie! Weronika Kuszyk\" \/>\n\t<meta name=\"robots\" content=\"max-image-preview:large\" \/>\n\t<meta name=\"author\" content=\"Redakcja\"\/>\n\t<link rel=\"canonical\" href=\"https:\/\/www.spkatarzyna.pl\/index.php\/2024\/12\/15\/warsztaty-kulinarne-w-kl-3b\/\" \/>\n\t<meta name=\"generator\" content=\"All in One SEO (AIOSEO) 5.0.1.1\" \/>\n\t\t<meta property=\"og:locale\" content=\"pl_PL\" \/>\n\t\t<meta property=\"og:site_name\" content=\"SP Katarzyna - Publiczna Szko\u0142a Podstawowa w \u015awi\u0119tej Katarzynie\" \/>\n\t\t<meta property=\"og:type\" content=\"article\" \/>\n\t\t<meta property=\"og:title\" content=\"Warsztaty kulinarne w kl. 3b - SP Katarzyna\" \/>\n\t\t<meta property=\"og:description\" content=\"Klasa 3b uczestniczy\u0142a w \u015bwi\u0105tecznych warsztatach kulinarnych. Uczniowie przygotowali, upiekli a p\u00f3\u017aniej dekorowali muffinki. Poznali tajniki przepis\u00f3w oraz nauczyli si\u0119 precyzyjnie odmierza\u0107 sk\u0142adniki. By\u0142o bardzo smacznie! Weronika Kuszyk\" \/>\n\t\t<meta property=\"og:url\" content=\"https:\/\/www.spkatarzyna.pl\/index.php\/2024\/12\/15\/warsztaty-kulinarne-w-kl-3b\/\" \/>\n\t\t<meta property=\"article:published_time\" content=\"2024-12-15T13:07:27+00:00\" \/>\n\t\t<meta property=\"article:modified_time\" content=\"2024-12-15T13:35:13+00:00\" \/>\n\t\t<meta name=\"twitter:card\" content=\"summary_large_image\" \/>\n\t\t<meta name=\"twitter:title\" content=\"Warsztaty kulinarne w kl. 3b - SP Katarzyna\" \/>\n\t\t<meta name=\"twitter:description\" content=\"Klasa 3b uczestniczy\u0142a w \u015bwi\u0105tecznych warsztatach kulinarnych. Uczniowie przygotowali, upiekli a p\u00f3\u017aniej dekorowali muffinki. Poznali tajniki przepis\u00f3w oraz nauczyli si\u0119 precyzyjnie odmierza\u0107 sk\u0142adniki. By\u0142o bardzo smacznie! Weronika Kuszyk\" \/>\n\t\t<script type=\"application\/ld+json\" class=\"aioseo-schema\">\n\t\t\t{\"@context\":\"https:\\\/\\\/schema.org\",\"@graph\":[{\"@type\":\"BlogPosting\",\"@id\":\"https:\\\/\\\/www.spkatarzyna.pl\\\/index.php\\\/2024\\\/12\\\/15\\\/warsztaty-kulinarne-w-kl-3b\\\/#blogposting\",\"name\":\"Warsztaty kulinarne w kl. 3b - SP Katarzyna\",\"headline\":\"Warsztaty kulinarne w kl. 3b\",\"author\":{\"@id\":\"https:\\\/\\\/www.spkatarzyna.pl\\\/index.php\\\/author\\\/agatasafianspkatarzyna-pl\\\/#author\"},\"publisher\":{\"@id\":\"https:\\\/\\\/www.spkatarzyna.pl\\\/#organization\"},\"image\":{\"@type\":\"ImageObject\",\"url\":\"https:\\\/\\\/www.spkatarzyna.pl\\\/wp-content\\\/uploads\\\/2024\\\/12\\\/20241210_120653-2.jpg\",\"width\":360,\"height\":202},\"datePublished\":\"2024-12-15T13:07:27+01:00\",\"dateModified\":\"2024-12-15T13:35:13+01:00\",\"inLanguage\":\"pl-PL\",\"mainEntityOfPage\":{\"@id\":\"https:\\\/\\\/www.spkatarzyna.pl\\\/index.php\\\/2024\\\/12\\\/15\\\/warsztaty-kulinarne-w-kl-3b\\\/#webpage\"},\"isPartOf\":{\"@id\":\"https:\\\/\\\/www.spkatarzyna.pl\\\/index.php\\\/2024\\\/12\\\/15\\\/warsztaty-kulinarne-w-kl-3b\\\/#webpage\"},\"articleSection\":\"Uncategorized\"},{\"@type\":\"BreadcrumbList\",\"@id\":\"https:\\\/\\\/www.spkatarzyna.pl\\\/index.php\\\/2024\\\/12\\\/15\\\/warsztaty-kulinarne-w-kl-3b\\\/#breadcrumblist\",\"itemListElement\":[{\"@type\":\"ListItem\",\"@id\":\"https:\\\/\\\/www.spkatarzyna.pl#listItem\",\"position\":1,\"name\":\"Dom\",\"item\":\"https:\\\/\\\/www.spkatarzyna.pl\",\"nextItem\":{\"@type\":\"ListItem\",\"@id\":\"https:\\\/\\\/www.spkatarzyna.pl\\\/index.php\\\/category\\\/uncategorized\\\/#listItem\",\"name\":\"Uncategorized\"}},{\"@type\":\"ListItem\",\"@id\":\"https:\\\/\\\/www.spkatarzyna.pl\\\/index.php\\\/category\\\/uncategorized\\\/#listItem\",\"position\":2,\"name\":\"Uncategorized\",\"item\":\"https:\\\/\\\/www.spkatarzyna.pl\\\/index.php\\\/category\\\/uncategorized\\\/\",\"nextItem\":{\"@type\":\"ListItem\",\"@id\":\"https:\\\/\\\/www.spkatarzyna.pl\\\/index.php\\\/2024\\\/12\\\/15\\\/warsztaty-kulinarne-w-kl-3b\\\/#listItem\",\"name\":\"Warsztaty kulinarne w kl. 3b\"},\"previousItem\":{\"@type\":\"ListItem\",\"@id\":\"https:\\\/\\\/www.spkatarzyna.pl#listItem\",\"name\":\"Dom\"}},{\"@type\":\"ListItem\",\"@id\":\"https:\\\/\\\/www.spkatarzyna.pl\\\/index.php\\\/2024\\\/12\\\/15\\\/warsztaty-kulinarne-w-kl-3b\\\/#listItem\",\"position\":3,\"name\":\"Warsztaty kulinarne w kl. 3b\",\"previousItem\":{\"@type\":\"ListItem\",\"@id\":\"https:\\\/\\\/www.spkatarzyna.pl\\\/index.php\\\/category\\\/uncategorized\\\/#listItem\",\"name\":\"Uncategorized\"}}]},{\"@type\":\"Organization\",\"@id\":\"https:\\\/\\\/www.spkatarzyna.pl\\\/#organization\",\"name\":\"SP Katarzyna\",\"description\":\"Publiczna Szko\\u0142a Podstawowa w \\u015awi\\u0119tej Katarzynie\",\"url\":\"https:\\\/\\\/www.spkatarzyna.pl\\\/\",\"telephone\":\"+48713116378\",\"sameAs\":[\"https:\\\/\\\/facebook.com\\\/\",\"https:\\\/\\\/x.com\\\/\",\"https:\\\/\\\/instagram.com\\\/\",\"https:\\\/\\\/pinterest.com\\\/\",\"https:\\\/\\\/youtube.com\\\/\",\"https:\\\/\\\/linkedin.com\\\/in\\\/\"]},{\"@type\":\"Person\",\"@id\":\"https:\\\/\\\/www.spkatarzyna.pl\\\/index.php\\\/author\\\/agatasafianspkatarzyna-pl\\\/#author\",\"url\":\"https:\\\/\\\/www.spkatarzyna.pl\\\/index.php\\\/author\\\/agatasafianspkatarzyna-pl\\\/\",\"name\":\"Redakcja\",\"image\":{\"@type\":\"ImageObject\",\"@id\":\"https:\\\/\\\/www.spkatarzyna.pl\\\/index.php\\\/2024\\\/12\\\/15\\\/warsztaty-kulinarne-w-kl-3b\\\/#authorImage\",\"url\":\"https:\\\/\\\/secure.gravatar.com\\\/avatar\\\/765290513df94d442152250e92b42327?s=96&d=mm&r=g\",\"width\":96,\"height\":96,\"caption\":\"Redakcja\"}},{\"@type\":\"WebPage\",\"@id\":\"https:\\\/\\\/www.spkatarzyna.pl\\\/index.php\\\/2024\\\/12\\\/15\\\/warsztaty-kulinarne-w-kl-3b\\\/#webpage\",\"url\":\"https:\\\/\\\/www.spkatarzyna.pl\\\/index.php\\\/2024\\\/12\\\/15\\\/warsztaty-kulinarne-w-kl-3b\\\/\",\"name\":\"Warsztaty kulinarne w kl. 3b - SP Katarzyna\",\"description\":\"Klasa 3b uczestniczy\\u0142a w \\u015bwi\\u0105tecznych warsztatach kulinarnych. Uczniowie przygotowali, upiekli a p\\u00f3\\u017aniej dekorowali muffinki. Poznali tajniki przepis\\u00f3w oraz nauczyli si\\u0119 precyzyjnie odmierza\\u0107 sk\\u0142adniki. By\\u0142o bardzo smacznie! Weronika Kuszyk\",\"inLanguage\":\"pl-PL\",\"isPartOf\":{\"@id\":\"https:\\\/\\\/www.spkatarzyna.pl\\\/#website\"},\"breadcrumb\":{\"@id\":\"https:\\\/\\\/www.spkatarzyna.pl\\\/index.php\\\/2024\\\/12\\\/15\\\/warsztaty-kulinarne-w-kl-3b\\\/#breadcrumblist\"},\"author\":{\"@id\":\"https:\\\/\\\/www.spkatarzyna.pl\\\/index.php\\\/author\\\/agatasafianspkatarzyna-pl\\\/#author\"},\"creator\":{\"@id\":\"https:\\\/\\\/www.spkatarzyna.pl\\\/index.php\\\/author\\\/agatasafianspkatarzyna-pl\\\/#author\"},\"image\":{\"@type\":\"ImageObject\",\"url\":\"https:\\\/\\\/www.spkatarzyna.pl\\\/wp-content\\\/uploads\\\/2024\\\/12\\\/20241210_120653-2.jpg\",\"@id\":\"https:\\\/\\\/www.spkatarzyna.pl\\\/index.php\\\/2024\\\/12\\\/15\\\/warsztaty-kulinarne-w-kl-3b\\\/#mainImage\",\"width\":360,\"height\":202},\"primaryImageOfPage\":{\"@id\":\"https:\\\/\\\/www.spkatarzyna.pl\\\/index.php\\\/2024\\\/12\\\/15\\\/warsztaty-kulinarne-w-kl-3b\\\/#mainImage\"},\"datePublished\":\"2024-12-15T13:07:27+01:00\",\"dateModified\":\"2024-12-15T13:35:13+01:00\"},{\"@type\":\"WebSite\",\"@id\":\"https:\\\/\\\/www.spkatarzyna.pl\\\/#website\",\"url\":\"https:\\\/\\\/www.spkatarzyna.pl\\\/\",\"name\":\"SP Katarzyna\",\"description\":\"Publiczna Szko\\u0142a Podstawowa w \\u015awi\\u0119tej Katarzynie\",\"inLanguage\":\"pl-PL\",\"publisher\":{\"@id\":\"https:\\\/\\\/www.spkatarzyna.pl\\\/#organization\"}}]}\n\t\t<\/script>\n\t\t<!-- All in One SEO -->\n\n","aioseo_head_json":{"title":"Warsztaty kulinarne w kl. 3b - SP Katarzyna","description":"Klasa 3b uczestniczy\u0142a w \u015bwi\u0105tecznych warsztatach kulinarnych. Uczniowie przygotowali, upiekli a p\u00f3\u017aniej dekorowali muffinki. Poznali tajniki przepis\u00f3w oraz nauczyli si\u0119 precyzyjnie odmierza\u0107 sk\u0142adniki. By\u0142o bardzo smacznie! Weronika Kuszyk","canonical_url":"https:\/\/www.spkatarzyna.pl\/index.php\/2024\/12\/15\/warsztaty-kulinarne-w-kl-3b\/","robots":"max-image-preview:large","keywords":"","webmasterTools":{"miscellaneous":""},"schema":{"@context":"https:\/\/schema.org","@graph":[{"@type":"BlogPosting","@id":"https:\/\/www.spkatarzyna.pl\/index.php\/2024\/12\/15\/warsztaty-kulinarne-w-kl-3b\/#blogposting","name":"Warsztaty kulinarne w kl. 3b - SP Katarzyna","headline":"Warsztaty kulinarne w kl. 3b","author":{"@id":"https:\/\/www.spkatarzyna.pl\/index.php\/author\/agatasafianspkatarzyna-pl\/#author"},"publisher":{"@id":"https:\/\/www.spkatarzyna.pl\/#organization"},"image":{"@type":"ImageObject","url":"https:\/\/www.spkatarzyna.pl\/wp-content\/uploads\/2024\/12\/20241210_120653-2.jpg","width":360,"height":202},"datePublished":"2024-12-15T13:07:27+01:00","dateModified":"2024-12-15T13:35:13+01:00","inLanguage":"pl-PL","mainEntityOfPage":{"@id":"https:\/\/www.spkatarzyna.pl\/index.php\/2024\/12\/15\/warsztaty-kulinarne-w-kl-3b\/#webpage"},"isPartOf":{"@id":"https:\/\/www.spkatarzyna.pl\/index.php\/2024\/12\/15\/warsztaty-kulinarne-w-kl-3b\/#webpage"},"articleSection":"Uncategorized"},{"@type":"BreadcrumbList","@id":"https:\/\/www.spkatarzyna.pl\/index.php\/2024\/12\/15\/warsztaty-kulinarne-w-kl-3b\/#breadcrumblist","itemListElement":[{"@type":"ListItem","@id":"https:\/\/www.spkatarzyna.pl#listItem","position":1,"name":"Dom","item":"https:\/\/www.spkatarzyna.pl","nextItem":{"@type":"ListItem","@id":"https:\/\/www.spkatarzyna.pl\/index.php\/category\/uncategorized\/#listItem","name":"Uncategorized"}},{"@type":"ListItem","@id":"https:\/\/www.spkatarzyna.pl\/index.php\/category\/uncategorized\/#listItem","position":2,"name":"Uncategorized","item":"https:\/\/www.spkatarzyna.pl\/index.php\/category\/uncategorized\/","nextItem":{"@type":"ListItem","@id":"https:\/\/www.spkatarzyna.pl\/index.php\/2024\/12\/15\/warsztaty-kulinarne-w-kl-3b\/#listItem","name":"Warsztaty kulinarne w kl. 3b"},"previousItem":{"@type":"ListItem","@id":"https:\/\/www.spkatarzyna.pl#listItem","name":"Dom"}},{"@type":"ListItem","@id":"https:\/\/www.spkatarzyna.pl\/index.php\/2024\/12\/15\/warsztaty-kulinarne-w-kl-3b\/#listItem","position":3,"name":"Warsztaty kulinarne w kl. 3b","previousItem":{"@type":"ListItem","@id":"https:\/\/www.spkatarzyna.pl\/index.php\/category\/uncategorized\/#listItem","name":"Uncategorized"}}]},{"@type":"Organization","@id":"https:\/\/www.spkatarzyna.pl\/#organization","name":"SP Katarzyna","description":"Publiczna Szko\u0142a Podstawowa w \u015awi\u0119tej Katarzynie","url":"https:\/\/www.spkatarzyna.pl\/","telephone":"+48713116378","sameAs":["https:\/\/facebook.com\/","https:\/\/x.com\/","https:\/\/instagram.com\/","https:\/\/pinterest.com\/","https:\/\/youtube.com\/","https:\/\/linkedin.com\/in\/"]},{"@type":"Person","@id":"https:\/\/www.spkatarzyna.pl\/index.php\/author\/agatasafianspkatarzyna-pl\/#author","url":"https:\/\/www.spkatarzyna.pl\/index.php\/author\/agatasafianspkatarzyna-pl\/","name":"Redakcja","image":{"@type":"ImageObject","@id":"https:\/\/www.spkatarzyna.pl\/index.php\/2024\/12\/15\/warsztaty-kulinarne-w-kl-3b\/#authorImage","url":"https:\/\/secure.gravatar.com\/avatar\/765290513df94d442152250e92b42327?s=96&d=mm&r=g","width":96,"height":96,"caption":"Redakcja"}},{"@type":"WebPage","@id":"https:\/\/www.spkatarzyna.pl\/index.php\/2024\/12\/15\/warsztaty-kulinarne-w-kl-3b\/#webpage","url":"https:\/\/www.spkatarzyna.pl\/index.php\/2024\/12\/15\/warsztaty-kulinarne-w-kl-3b\/","name":"Warsztaty kulinarne w kl. 3b - SP Katarzyna","description":"Klasa 3b uczestniczy\u0142a w \u015bwi\u0105tecznych warsztatach kulinarnych. Uczniowie przygotowali, upiekli a p\u00f3\u017aniej dekorowali muffinki. Poznali tajniki przepis\u00f3w oraz nauczyli si\u0119 precyzyjnie odmierza\u0107 sk\u0142adniki. By\u0142o bardzo smacznie! Weronika Kuszyk","inLanguage":"pl-PL","isPartOf":{"@id":"https:\/\/www.spkatarzyna.pl\/#website"},"breadcrumb":{"@id":"https:\/\/www.spkatarzyna.pl\/index.php\/2024\/12\/15\/warsztaty-kulinarne-w-kl-3b\/#breadcrumblist"},"author":{"@id":"https:\/\/www.spkatarzyna.pl\/index.php\/author\/agatasafianspkatarzyna-pl\/#author"},"creator":{"@id":"https:\/\/www.spkatarzyna.pl\/index.php\/author\/agatasafianspkatarzyna-pl\/#author"},"image":{"@type":"ImageObject","url":"https:\/\/www.spkatarzyna.pl\/wp-content\/uploads\/2024\/12\/20241210_120653-2.jpg","@id":"https:\/\/www.spkatarzyna.pl\/index.php\/2024\/12\/15\/warsztaty-kulinarne-w-kl-3b\/#mainImage","width":360,"height":202},"primaryImageOfPage":{"@id":"https:\/\/www.spkatarzyna.pl\/index.php\/2024\/12\/15\/warsztaty-kulinarne-w-kl-3b\/#mainImage"},"datePublished":"2024-12-15T13:07:27+01:00","dateModified":"2024-12-15T13:35:13+01:00"},{"@type":"WebSite","@id":"https:\/\/www.spkatarzyna.pl\/#website","url":"https:\/\/www.spkatarzyna.pl\/","name":"SP Katarzyna","description":"Publiczna Szko\u0142a Podstawowa w \u015awi\u0119tej Katarzynie","inLanguage":"pl-PL","publisher":{"@id":"https:\/\/www.spkatarzyna.pl\/#organization"}}]},"og:locale":"pl_PL","og:site_name":"SP Katarzyna - Publiczna Szko\u0142a Podstawowa w \u015awi\u0119tej Katarzynie","og:type":"article","og:title":"Warsztaty kulinarne w kl. 3b - SP Katarzyna","og:description":"Klasa 3b uczestniczy\u0142a w \u015bwi\u0105tecznych warsztatach kulinarnych. Uczniowie przygotowali, upiekli a p\u00f3\u017aniej dekorowali muffinki. Poznali tajniki przepis\u00f3w oraz nauczyli si\u0119 precyzyjnie odmierza\u0107 sk\u0142adniki. By\u0142o bardzo smacznie! Weronika Kuszyk","og:url":"https:\/\/www.spkatarzyna.pl\/index.php\/2024\/12\/15\/warsztaty-kulinarne-w-kl-3b\/","article:published_time":"2024-12-15T13:07:27+00:00","article:modified_time":"2024-12-15T13:35:13+00:00","twitter:card":"summary_large_image","twitter:title":"Warsztaty kulinarne w kl. 3b - SP Katarzyna","twitter:description":"Klasa 3b uczestniczy\u0142a w \u015bwi\u0105tecznych warsztatach kulinarnych. Uczniowie przygotowali, upiekli a p\u00f3\u017aniej dekorowali muffinki. Poznali tajniki przepis\u00f3w oraz nauczyli si\u0119 precyzyjnie odmierza\u0107 sk\u0142adniki. By\u0142o bardzo smacznie! Weronika Kuszyk"},"aioseo_meta_data":{"post_id":"13452","title":null,"description":null,"keywords":null,"keyphrases":{"focus":{"keyphrase":"","score":0,"analysis":{"keyphraseInTitle":{"score":0,"maxScore":9,"error":1}}},"additional":[]},"primary_term":null,"canonical_url":null,"og_title":null,"og_description":null,"og_object_type":"default","og_image_type":"default","og_image_url":null,"og_image_width":null,"og_image_height":null,"og_image_custom_url":null,"og_image_custom_fields":null,"og_video":"","og_custom_url":null,"og_article_section":null,"og_article_tags":null,"twitter_use_og":false,"twitter_card":"default","twitter_image_type":"default","twitter_image_url":null,"twitter_image_custom_url":null,"twitter_image_custom_fields":null,"twitter_title":null,"twitter_description":null,"schema":{"blockGraphs":[],"customGraphs":[],"default":{"data":{"Article":[],"Course":[],"Dataset":[],"FAQPage":[],"Movie":[],"Person":[],"Product":[],"ProductReview":[],"Car":[],"Recipe":[],"Service":[],"SoftwareApplication":[],"WebPage":[]},"graphName":"BlogPosting","isEnabled":true},"graphs":[]},"schema_type":"default","schema_type_options":null,"pillar_content":false,"robots_default":true,"robots_noindex":false,"robots_noarchive":false,"robots_nosnippet":false,"robots_nofollow":false,"robots_noimageindex":false,"robots_noodp":false,"robots_notranslate":false,"robots_max_snippet":"-1","robots_max_videopreview":"-1","robots_max_imagepreview":"large","priority":null,"frequency":"default","local_seo":null,"limit_modified_date":false,"created":"2024-12-15 13:09:27","updated":"2026-09-03 16:07:19","focus_keyword":null,"additional_keywords":null,"truseo_locale":null,"ai":null,"breadcrumb_settings":null,"seo_analyzer_scan_date":null},"aioseo_breadcrumb":"<div class=\"aioseo-breadcrumbs\"><span class=\"aioseo-breadcrumb\">\n\t\t\t<a href=\"https:\/\/www.spkatarzyna.pl\" title=\"Dom\">Dom<\/a>\n\t\t<\/span><span class=\"aioseo-breadcrumb-separator\">&raquo;<\/span><span class=\"aioseo-breadcrumb\">\n\t\t\t<a href=\"https:\/\/www.spkatarzyna.pl\/index.php\/category\/uncategorized\/\" title=\"Uncategorized\">Uncategorized<\/a>\n\t\t<\/span><span class=\"aioseo-breadcrumb-separator\">&raquo;<\/span><span class=\"aioseo-breadcrumb\">\n\t\t\tWarsztaty kulinarne w kl. 3b\n\t\t<\/span><\/div>","aioseo_breadcrumb_json":[{"label":"Dom","link":"https:\/\/www.spkatarzyna.pl"},{"label":"Uncategorized","link":"https:\/\/www.spkatarzyna.pl\/index.php\/category\/uncategorized\/"},{"label":"Warsztaty kulinarne w kl. 3b","link":"https:\/\/www.spkatarzyna.pl\/index.php\/2024\/12\/15\/warsztaty-kulinarne-w-kl-3b\/"}],"_links":{"self":[{"href":"https:\/\/www.spkatarzyna.pl\/index.php\/wp-json\/wp\/v2\/posts\/13452","targetHints":{"allow":["GET"]}}],"collection":[{"href":"https:\/\/www.spkatarzyna.pl\/index.php\/wp-json\/wp\/v2\/posts"}],"about":[{"href":"https:\/\/www.spkatarzyna.pl\/index.php\/wp-json\/wp\/v2\/types\/post"}],"author":[{"embeddable":true,"href":"https:\/\/www.spkatarzyna.pl\/index.php\/wp-json\/wp\/v2\/users\/6"}],"replies":[{"embeddable":true,"href":"https:\/\/www.spkatarzyna.pl\/index.php\/wp-json\/wp\/v2\/comments?post=13452"}],"version-history":[{"count":5,"href":"https:\/\/www.spkatarzyna.pl\/index.php\/wp-json\/wp\/v2\/posts\/13452\/revisions"}],"predecessor-version":[{"id":13465,"href":"https:\/\/www.spkatarzyna.pl\/index.php\/wp-json\/wp\/v2\/posts\/13452\/revisions\/13465"}],"wp:featuredmedia":[{"embeddable":true,"href":"https:\/\/www.spkatarzyna.pl\/index.php\/wp-json\/wp\/v2\/media\/13453"}],"wp:attachment":[{"href":"https:\/\/www.spkatarzyna.pl\/index.php\/wp-json\/wp\/v2\/media?parent=13452"}],"wp:term":[{"taxonomy":"category","embeddable":true,"href":"https:\/\/www.spkatarzyna.pl\/index.php\/wp-json\/wp\/v2\/categories?post=13452"},{"taxonomy":"post_tag","embeddable":true,"href":"https:\/\/www.spkatarzyna.pl\/index.php\/wp-json\/wp\/v2\/tags?post=13452"}],"curies":[{"name":"wp","href":"https:\/\/api.w.org\/{rel}","templated":true}]}}