{"id":13462,"date":"2024-12-15T13:08:24","date_gmt":"2024-12-15T13:08:24","guid":{"rendered":"https:\/\/www.spkatarzyna.pl\/?p=13462"},"modified":"2024-12-15T13:39:24","modified_gmt":"2024-12-15T13:39:24","slug":"swiateczny-dkf","status":"publish","type":"post","link":"https:\/\/www.spkatarzyna.pl\/index.php\/2024\/12\/15\/swiateczny-dkf\/","title":{"rendered":"\u015awi\u0105teczny DKF"},"content":{"rendered":"\t\t<div data-elementor-type=\"wp-post\" data-elementor-id=\"13462\" class=\"elementor elementor-13462\">\n\t\t\t\t\t\t<section class=\"elementor-section elementor-top-section elementor-element elementor-element-4a29acbb elementor-section-boxed elementor-section-height-default elementor-section-height-default\" data-id=\"4a29acbb\" data-element_type=\"section\">\n\t\t\t\t\t\t<div class=\"elementor-container elementor-column-gap-default\">\n\t\t\t\t\t<div class=\"elementor-column elementor-col-100 elementor-top-column elementor-element elementor-element-6bbcbbc8\" data-id=\"6bbcbbc8\" data-element_type=\"column\">\n\t\t\t<div class=\"elementor-widget-wrap elementor-element-populated\">\n\t\t\t\t\t\t<div class=\"elementor-element elementor-element-75e89e53 elementor-widget elementor-widget-text-editor\" data-id=\"75e89e53\" data-element_type=\"widget\" data-widget_type=\"text-editor.default\">\n\t\t\t\t\t\t\t\t\t<p dir=\"ltr\" style=\"text-align: justify;\"><span style=\"font-size: 14pt;\">13 grudnia odby\u0142o si\u0119 spotkanie DKF, razem zobaczyli\u015bmy \u015bwi\u0105teczny klasyk \u201cOpowie\u015b\u0107 wigilijn\u0105\u201d w re\u017cyserii Roberta Zameckisa. To ponadczasowa ba\u015b\u0144&nbsp; o mi\u0142o\u015bci, nadziei i o tym, jak wa\u017cne jest drugiemu cz\u0142owiekowi okaza\u0107 dobro\u0107. Duchy przesz\u0142ej, obecnej i przysz\u0142ej Wigilii przypominaj\u0105 Scroogowi, i\u017c najwa\u017cniejsze s\u0105 warto\u015bci duchowe.<\/span><\/p>\r\n<p dir=\"ltr\" style=\"text-align: justify;\"><span style=\"font-size: 14pt;\">Pyszne s\u0142odko\u015bci oraz zimowe kadry XIX wiecznego Londynu wprowadzi\u0142y nas w \u015bwi\u0105teczny nastr\u00f3j.&nbsp;<\/span><\/p>\r\n<p style=\"text-align: justify;\">&nbsp;<\/p>\r\n<p dir=\"ltr\" style=\"text-align: right;\"><em><span style=\"font-size: 12pt;\">&nbsp;&#8222;A na zako\u0144czenie powt\u00f3rz\u0119 za Male\u0144kim Timem:&nbsp;<\/span><\/em><\/p>\r\n<p dir=\"ltr\" style=\"text-align: right;\"><em><span style=\"font-size: 12pt;\">niech nam B\u00f3g b\u0142ogos\u0142awi, ka\u017cdemu z nas.&#8221;&nbsp;<\/span><\/em><\/p>\r\n<p dir=\"ltr\" style=\"text-align: right;\"><span style=\"font-size: 12pt;\">Ch. Dickens<\/span><\/p>\r\n\r\n<div class=\"yj6qo\" style=\"text-align: justify;\">&nbsp;<\/div>\t\t\t\t\t\t\t\t<\/div>\n\t\t\t\t<div class=\"elementor-element elementor-element-c2d180f elementor-widget elementor-widget-image-gallery\" data-id=\"c2d180f\" data-element_type=\"widget\" data-widget_type=\"image-gallery.default\">\n\t\t\t\t\t\t\t<div class=\"elementor-image-gallery\">\n\t\t\t\n\t\t<div id='gallery-1' class='gallery galleryid-13462 gallery-columns-2 gallery-size-thumbnail gallery1'><script type=\"text\/javascript\">\n\/\/ <![CDATA[\n\tjQuery(document).ready(function () {\n\t\tjQuery(\".gallery1 a\").attr(\"rel\",\"gallery1\");\t\n\t\tjQuery('a[rel=\"gallery1\"]').colorbox({title: function(){ return jQuery(this).children().attr(\"alt\"); }});\n\t});\n\/\/ ]]>\n<\/script>\n<dl class=\"gallery-item\">\n<dt class=\"gallery-icon\">\n<a href=\"https:\/\/www.spkatarzyna.pl\/wp-content\/uploads\/2024\/12\/PHOTO-2024-12-14-12-49-21-2-1-300x225.jpg\" title=\"\" rel=\"gallery1\" rel=\"lightbox[13462]\"><img decoding=\"async\" src=\"https:\/\/www.spkatarzyna.pl\/wp-content\/uploads\/2024\/12\/PHOTO-2024-12-14-12-49-21-2-1-scaled.jpg\" width=\"150\" height=\"113\" alt=\"\" \/><\/a>\n<\/dt><\/dl><dl class=\"gallery-item\">\n<dt class=\"gallery-icon\">\n<a href=\"https:\/\/www.spkatarzyna.pl\/wp-content\/uploads\/2024\/12\/PHOTO-2024-12-14-12-49-21-2-2-300x225.jpg\" title=\"\" rel=\"gallery1\" rel=\"lightbox[13462]\"><img decoding=\"async\" src=\"https:\/\/www.spkatarzyna.pl\/wp-content\/uploads\/2024\/12\/PHOTO-2024-12-14-12-49-21-2-2-scaled.jpg\" width=\"150\" height=\"113\" alt=\"\" \/><\/a>\n<\/dt><\/dl><br style=\"clear: both\" \/><br style=\"clear: both\" \/><\/div>\t\t<\/div>\n\t\t\t\t\t\t<\/div>\n\t\t\t\t\t<\/div>\n\t\t<\/div>\n\t\t\t\t\t<\/div>\n\t\t<\/section>\n\t\t\t\t<\/div>\n\t\t","protected":false},"excerpt":{"rendered":"<p>13 grudnia odby\u0142o si\u0119 spotkanie DKF, razem zobaczyli\u015bmy \u015bwi\u0105teczny klasyk \u201cOpowie\u015b\u0107 wigilijn\u0105\u201d w re\u017cyserii Roberta Zameckisa. To ponadczasowa ba\u015b\u0144&nbsp; o mi\u0142o\u015bci, nadziei i o tym, jak wa\u017cne jest drugiemu cz\u0142owiekowi okaza\u0107 dobro\u0107. Duchy przesz\u0142ej, obecnej i przysz\u0142ej Wigilii przypominaj\u0105 Scroogowi, i\u017c najwa\u017cniejsze s\u0105 warto\u015bci duchowe. Pyszne s\u0142odko\u015bci oraz zimowe kadry [&hellip;]<\/p>\n","protected":false},"author":6,"featured_media":13463,"comment_status":"open","ping_status":"open","sticky":false,"template":"","format":"standard","meta":{"om_disable_all_campaigns":false,"_monsterinsights_skip_tracking":false,"ngg_post_thumbnail":0,"footnotes":""},"categories":[1],"tags":[],"class_list":["post-13462","post","type-post","status-publish","format-standard","has-post-thumbnail","hentry","category-uncategorized"],"aioseo_notices":[],"aioseo_head":"\n\t\t<!-- All in One SEO 5.0.1.1 - aioseo.com -->\n\t<meta name=\"description\" content=\"13 grudnia odby\u0142o si\u0119 spotkanie DKF, razem zobaczyli\u015bmy \u015bwi\u0105teczny klasyk \u201cOpowie\u015b\u0107 wigilijn\u0105\u201d w re\u017cyserii Roberta Zameckisa. To ponadczasowa ba\u015b\u0144 o mi\u0142o\u015bci, nadziei i o tym, jak wa\u017cne jest drugiemu cz\u0142owiekowi okaza\u0107 dobro\u0107. Duchy przesz\u0142ej, obecnej i przysz\u0142ej Wigilii przypominaj\u0105 Scroogowi, i\u017c najwa\u017cniejsze s\u0105 warto\u015bci duchowe. Pyszne s\u0142odko\u015bci oraz zimowe kadry XIX wiecznego Londynu wprowadzi\u0142y nas\" \/>\n\t<meta name=\"robots\" content=\"max-image-preview:large\" \/>\n\t<meta name=\"author\" content=\"Redakcja\"\/>\n\t<link rel=\"canonical\" href=\"https:\/\/www.spkatarzyna.pl\/index.php\/2024\/12\/15\/swiateczny-dkf\/\" \/>\n\t<meta name=\"generator\" content=\"All in One SEO (AIOSEO) 5.0.1.1\" \/>\n\t\t<meta property=\"og:locale\" content=\"pl_PL\" \/>\n\t\t<meta property=\"og:site_name\" content=\"SP Katarzyna - Publiczna Szko\u0142a Podstawowa w \u015awi\u0119tej Katarzynie\" \/>\n\t\t<meta property=\"og:type\" content=\"article\" \/>\n\t\t<meta property=\"og:title\" content=\"\u015awi\u0105teczny DKF - SP Katarzyna\" \/>\n\t\t<meta property=\"og:description\" content=\"13 grudnia odby\u0142o si\u0119 spotkanie DKF, razem zobaczyli\u015bmy \u015bwi\u0105teczny klasyk \u201cOpowie\u015b\u0107 wigilijn\u0105\u201d w re\u017cyserii Roberta Zameckisa. To ponadczasowa ba\u015b\u0144 o mi\u0142o\u015bci, nadziei i o tym, jak wa\u017cne jest drugiemu cz\u0142owiekowi okaza\u0107 dobro\u0107. Duchy przesz\u0142ej, obecnej i przysz\u0142ej Wigilii przypominaj\u0105 Scroogowi, i\u017c najwa\u017cniejsze s\u0105 warto\u015bci duchowe. Pyszne s\u0142odko\u015bci oraz zimowe kadry XIX wiecznego Londynu wprowadzi\u0142y nas\" \/>\n\t\t<meta property=\"og:url\" content=\"https:\/\/www.spkatarzyna.pl\/index.php\/2024\/12\/15\/swiateczny-dkf\/\" \/>\n\t\t<meta property=\"article:published_time\" content=\"2024-12-15T13:08:24+00:00\" \/>\n\t\t<meta property=\"article:modified_time\" content=\"2024-12-15T13:39:24+00:00\" \/>\n\t\t<meta name=\"twitter:card\" content=\"summary_large_image\" \/>\n\t\t<meta name=\"twitter:title\" content=\"\u015awi\u0105teczny DKF - SP Katarzyna\" \/>\n\t\t<meta name=\"twitter:description\" content=\"13 grudnia odby\u0142o si\u0119 spotkanie DKF, razem zobaczyli\u015bmy \u015bwi\u0105teczny klasyk \u201cOpowie\u015b\u0107 wigilijn\u0105\u201d w re\u017cyserii Roberta Zameckisa. To ponadczasowa ba\u015b\u0144 o mi\u0142o\u015bci, nadziei i o tym, jak wa\u017cne jest drugiemu cz\u0142owiekowi okaza\u0107 dobro\u0107. Duchy przesz\u0142ej, obecnej i przysz\u0142ej Wigilii przypominaj\u0105 Scroogowi, i\u017c najwa\u017cniejsze s\u0105 warto\u015bci duchowe. Pyszne s\u0142odko\u015bci oraz zimowe kadry XIX wiecznego Londynu wprowadzi\u0142y nas\" \/>\n\t\t<script type=\"application\/ld+json\" class=\"aioseo-schema\">\n\t\t\t{\"@context\":\"https:\\\/\\\/schema.org\",\"@graph\":[{\"@type\":\"BlogPosting\",\"@id\":\"https:\\\/\\\/www.spkatarzyna.pl\\\/index.php\\\/2024\\\/12\\\/15\\\/swiateczny-dkf\\\/#blogposting\",\"name\":\"\\u015awi\\u0105teczny DKF - SP Katarzyna\",\"headline\":\"\\u015awi\\u0105teczny DKF\",\"author\":{\"@id\":\"https:\\\/\\\/www.spkatarzyna.pl\\\/index.php\\\/author\\\/agatasafianspkatarzyna-pl\\\/#author\"},\"publisher\":{\"@id\":\"https:\\\/\\\/www.spkatarzyna.pl\\\/#organization\"},\"image\":{\"@type\":\"ImageObject\",\"url\":\"https:\\\/\\\/www.spkatarzyna.pl\\\/wp-content\\\/uploads\\\/2024\\\/12\\\/PHOTO-2024-12-14-12-49-21-2.jpg\",\"width\":360,\"height\":202},\"datePublished\":\"2024-12-15T13:08:24+01:00\",\"dateModified\":\"2024-12-15T13:39:24+01:00\",\"inLanguage\":\"pl-PL\",\"mainEntityOfPage\":{\"@id\":\"https:\\\/\\\/www.spkatarzyna.pl\\\/index.php\\\/2024\\\/12\\\/15\\\/swiateczny-dkf\\\/#webpage\"},\"isPartOf\":{\"@id\":\"https:\\\/\\\/www.spkatarzyna.pl\\\/index.php\\\/2024\\\/12\\\/15\\\/swiateczny-dkf\\\/#webpage\"},\"articleSection\":\"Uncategorized\"},{\"@type\":\"BreadcrumbList\",\"@id\":\"https:\\\/\\\/www.spkatarzyna.pl\\\/index.php\\\/2024\\\/12\\\/15\\\/swiateczny-dkf\\\/#breadcrumblist\",\"itemListElement\":[{\"@type\":\"ListItem\",\"@id\":\"https:\\\/\\\/www.spkatarzyna.pl#listItem\",\"position\":1,\"name\":\"Dom\",\"item\":\"https:\\\/\\\/www.spkatarzyna.pl\",\"nextItem\":{\"@type\":\"ListItem\",\"@id\":\"https:\\\/\\\/www.spkatarzyna.pl\\\/index.php\\\/category\\\/uncategorized\\\/#listItem\",\"name\":\"Uncategorized\"}},{\"@type\":\"ListItem\",\"@id\":\"https:\\\/\\\/www.spkatarzyna.pl\\\/index.php\\\/category\\\/uncategorized\\\/#listItem\",\"position\":2,\"name\":\"Uncategorized\",\"item\":\"https:\\\/\\\/www.spkatarzyna.pl\\\/index.php\\\/category\\\/uncategorized\\\/\",\"nextItem\":{\"@type\":\"ListItem\",\"@id\":\"https:\\\/\\\/www.spkatarzyna.pl\\\/index.php\\\/2024\\\/12\\\/15\\\/swiateczny-dkf\\\/#listItem\",\"name\":\"\\u015awi\\u0105teczny DKF\"},\"previousItem\":{\"@type\":\"ListItem\",\"@id\":\"https:\\\/\\\/www.spkatarzyna.pl#listItem\",\"name\":\"Dom\"}},{\"@type\":\"ListItem\",\"@id\":\"https:\\\/\\\/www.spkatarzyna.pl\\\/index.php\\\/2024\\\/12\\\/15\\\/swiateczny-dkf\\\/#listItem\",\"position\":3,\"name\":\"\\u015awi\\u0105teczny DKF\",\"previousItem\":{\"@type\":\"ListItem\",\"@id\":\"https:\\\/\\\/www.spkatarzyna.pl\\\/index.php\\\/category\\\/uncategorized\\\/#listItem\",\"name\":\"Uncategorized\"}}]},{\"@type\":\"Organization\",\"@id\":\"https:\\\/\\\/www.spkatarzyna.pl\\\/#organization\",\"name\":\"SP Katarzyna\",\"description\":\"Publiczna Szko\\u0142a Podstawowa w \\u015awi\\u0119tej Katarzynie\",\"url\":\"https:\\\/\\\/www.spkatarzyna.pl\\\/\",\"telephone\":\"+48713116378\",\"sameAs\":[\"https:\\\/\\\/facebook.com\\\/\",\"https:\\\/\\\/x.com\\\/\",\"https:\\\/\\\/instagram.com\\\/\",\"https:\\\/\\\/pinterest.com\\\/\",\"https:\\\/\\\/youtube.com\\\/\",\"https:\\\/\\\/linkedin.com\\\/in\\\/\"]},{\"@type\":\"Person\",\"@id\":\"https:\\\/\\\/www.spkatarzyna.pl\\\/index.php\\\/author\\\/agatasafianspkatarzyna-pl\\\/#author\",\"url\":\"https:\\\/\\\/www.spkatarzyna.pl\\\/index.php\\\/author\\\/agatasafianspkatarzyna-pl\\\/\",\"name\":\"Redakcja\",\"image\":{\"@type\":\"ImageObject\",\"@id\":\"https:\\\/\\\/www.spkatarzyna.pl\\\/index.php\\\/2024\\\/12\\\/15\\\/swiateczny-dkf\\\/#authorImage\",\"url\":\"https:\\\/\\\/secure.gravatar.com\\\/avatar\\\/765290513df94d442152250e92b42327?s=96&d=mm&r=g\",\"width\":96,\"height\":96,\"caption\":\"Redakcja\"}},{\"@type\":\"WebPage\",\"@id\":\"https:\\\/\\\/www.spkatarzyna.pl\\\/index.php\\\/2024\\\/12\\\/15\\\/swiateczny-dkf\\\/#webpage\",\"url\":\"https:\\\/\\\/www.spkatarzyna.pl\\\/index.php\\\/2024\\\/12\\\/15\\\/swiateczny-dkf\\\/\",\"name\":\"\\u015awi\\u0105teczny DKF - SP Katarzyna\",\"description\":\"13 grudnia odby\\u0142o si\\u0119 spotkanie DKF, razem zobaczyli\\u015bmy \\u015bwi\\u0105teczny klasyk \\u201cOpowie\\u015b\\u0107 wigilijn\\u0105\\u201d w re\\u017cyserii Roberta Zameckisa. To ponadczasowa ba\\u015b\\u0144 o mi\\u0142o\\u015bci, nadziei i o tym, jak wa\\u017cne jest drugiemu cz\\u0142owiekowi okaza\\u0107 dobro\\u0107. Duchy przesz\\u0142ej, obecnej i przysz\\u0142ej Wigilii przypominaj\\u0105 Scroogowi, i\\u017c najwa\\u017cniejsze s\\u0105 warto\\u015bci duchowe. Pyszne s\\u0142odko\\u015bci oraz zimowe kadry XIX wiecznego Londynu wprowadzi\\u0142y nas\",\"inLanguage\":\"pl-PL\",\"isPartOf\":{\"@id\":\"https:\\\/\\\/www.spkatarzyna.pl\\\/#website\"},\"breadcrumb\":{\"@id\":\"https:\\\/\\\/www.spkatarzyna.pl\\\/index.php\\\/2024\\\/12\\\/15\\\/swiateczny-dkf\\\/#breadcrumblist\"},\"author\":{\"@id\":\"https:\\\/\\\/www.spkatarzyna.pl\\\/index.php\\\/author\\\/agatasafianspkatarzyna-pl\\\/#author\"},\"creator\":{\"@id\":\"https:\\\/\\\/www.spkatarzyna.pl\\\/index.php\\\/author\\\/agatasafianspkatarzyna-pl\\\/#author\"},\"image\":{\"@type\":\"ImageObject\",\"url\":\"https:\\\/\\\/www.spkatarzyna.pl\\\/wp-content\\\/uploads\\\/2024\\\/12\\\/PHOTO-2024-12-14-12-49-21-2.jpg\",\"@id\":\"https:\\\/\\\/www.spkatarzyna.pl\\\/index.php\\\/2024\\\/12\\\/15\\\/swiateczny-dkf\\\/#mainImage\",\"width\":360,\"height\":202},\"primaryImageOfPage\":{\"@id\":\"https:\\\/\\\/www.spkatarzyna.pl\\\/index.php\\\/2024\\\/12\\\/15\\\/swiateczny-dkf\\\/#mainImage\"},\"datePublished\":\"2024-12-15T13:08:24+01:00\",\"dateModified\":\"2024-12-15T13:39:24+01:00\"},{\"@type\":\"WebSite\",\"@id\":\"https:\\\/\\\/www.spkatarzyna.pl\\\/#website\",\"url\":\"https:\\\/\\\/www.spkatarzyna.pl\\\/\",\"name\":\"SP Katarzyna\",\"description\":\"Publiczna Szko\\u0142a Podstawowa w \\u015awi\\u0119tej Katarzynie\",\"inLanguage\":\"pl-PL\",\"publisher\":{\"@id\":\"https:\\\/\\\/www.spkatarzyna.pl\\\/#organization\"}}]}\n\t\t<\/script>\n\t\t<!-- All in One SEO -->\n\n","aioseo_head_json":{"title":"\u015awi\u0105teczny DKF - SP Katarzyna","description":"13 grudnia odby\u0142o si\u0119 spotkanie DKF, razem zobaczyli\u015bmy \u015bwi\u0105teczny klasyk \u201cOpowie\u015b\u0107 wigilijn\u0105\u201d w re\u017cyserii Roberta Zameckisa. To ponadczasowa ba\u015b\u0144 o mi\u0142o\u015bci, nadziei i o tym, jak wa\u017cne jest drugiemu cz\u0142owiekowi okaza\u0107 dobro\u0107. Duchy przesz\u0142ej, obecnej i przysz\u0142ej Wigilii przypominaj\u0105 Scroogowi, i\u017c najwa\u017cniejsze s\u0105 warto\u015bci duchowe. Pyszne s\u0142odko\u015bci oraz zimowe kadry XIX wiecznego Londynu wprowadzi\u0142y nas","canonical_url":"https:\/\/www.spkatarzyna.pl\/index.php\/2024\/12\/15\/swiateczny-dkf\/","robots":"max-image-preview:large","keywords":"","webmasterTools":{"miscellaneous":""},"schema":{"@context":"https:\/\/schema.org","@graph":[{"@type":"BlogPosting","@id":"https:\/\/www.spkatarzyna.pl\/index.php\/2024\/12\/15\/swiateczny-dkf\/#blogposting","name":"\u015awi\u0105teczny DKF - SP Katarzyna","headline":"\u015awi\u0105teczny DKF","author":{"@id":"https:\/\/www.spkatarzyna.pl\/index.php\/author\/agatasafianspkatarzyna-pl\/#author"},"publisher":{"@id":"https:\/\/www.spkatarzyna.pl\/#organization"},"image":{"@type":"ImageObject","url":"https:\/\/www.spkatarzyna.pl\/wp-content\/uploads\/2024\/12\/PHOTO-2024-12-14-12-49-21-2.jpg","width":360,"height":202},"datePublished":"2024-12-15T13:08:24+01:00","dateModified":"2024-12-15T13:39:24+01:00","inLanguage":"pl-PL","mainEntityOfPage":{"@id":"https:\/\/www.spkatarzyna.pl\/index.php\/2024\/12\/15\/swiateczny-dkf\/#webpage"},"isPartOf":{"@id":"https:\/\/www.spkatarzyna.pl\/index.php\/2024\/12\/15\/swiateczny-dkf\/#webpage"},"articleSection":"Uncategorized"},{"@type":"BreadcrumbList","@id":"https:\/\/www.spkatarzyna.pl\/index.php\/2024\/12\/15\/swiateczny-dkf\/#breadcrumblist","itemListElement":[{"@type":"ListItem","@id":"https:\/\/www.spkatarzyna.pl#listItem","position":1,"name":"Dom","item":"https:\/\/www.spkatarzyna.pl","nextItem":{"@type":"ListItem","@id":"https:\/\/www.spkatarzyna.pl\/index.php\/category\/uncategorized\/#listItem","name":"Uncategorized"}},{"@type":"ListItem","@id":"https:\/\/www.spkatarzyna.pl\/index.php\/category\/uncategorized\/#listItem","position":2,"name":"Uncategorized","item":"https:\/\/www.spkatarzyna.pl\/index.php\/category\/uncategorized\/","nextItem":{"@type":"ListItem","@id":"https:\/\/www.spkatarzyna.pl\/index.php\/2024\/12\/15\/swiateczny-dkf\/#listItem","name":"\u015awi\u0105teczny DKF"},"previousItem":{"@type":"ListItem","@id":"https:\/\/www.spkatarzyna.pl#listItem","name":"Dom"}},{"@type":"ListItem","@id":"https:\/\/www.spkatarzyna.pl\/index.php\/2024\/12\/15\/swiateczny-dkf\/#listItem","position":3,"name":"\u015awi\u0105teczny DKF","previousItem":{"@type":"ListItem","@id":"https:\/\/www.spkatarzyna.pl\/index.php\/category\/uncategorized\/#listItem","name":"Uncategorized"}}]},{"@type":"Organization","@id":"https:\/\/www.spkatarzyna.pl\/#organization","name":"SP Katarzyna","description":"Publiczna Szko\u0142a Podstawowa w \u015awi\u0119tej Katarzynie","url":"https:\/\/www.spkatarzyna.pl\/","telephone":"+48713116378","sameAs":["https:\/\/facebook.com\/","https:\/\/x.com\/","https:\/\/instagram.com\/","https:\/\/pinterest.com\/","https:\/\/youtube.com\/","https:\/\/linkedin.com\/in\/"]},{"@type":"Person","@id":"https:\/\/www.spkatarzyna.pl\/index.php\/author\/agatasafianspkatarzyna-pl\/#author","url":"https:\/\/www.spkatarzyna.pl\/index.php\/author\/agatasafianspkatarzyna-pl\/","name":"Redakcja","image":{"@type":"ImageObject","@id":"https:\/\/www.spkatarzyna.pl\/index.php\/2024\/12\/15\/swiateczny-dkf\/#authorImage","url":"https:\/\/secure.gravatar.com\/avatar\/765290513df94d442152250e92b42327?s=96&d=mm&r=g","width":96,"height":96,"caption":"Redakcja"}},{"@type":"WebPage","@id":"https:\/\/www.spkatarzyna.pl\/index.php\/2024\/12\/15\/swiateczny-dkf\/#webpage","url":"https:\/\/www.spkatarzyna.pl\/index.php\/2024\/12\/15\/swiateczny-dkf\/","name":"\u015awi\u0105teczny DKF - SP Katarzyna","description":"13 grudnia odby\u0142o si\u0119 spotkanie DKF, razem zobaczyli\u015bmy \u015bwi\u0105teczny klasyk \u201cOpowie\u015b\u0107 wigilijn\u0105\u201d w re\u017cyserii Roberta Zameckisa. To ponadczasowa ba\u015b\u0144 o mi\u0142o\u015bci, nadziei i o tym, jak wa\u017cne jest drugiemu cz\u0142owiekowi okaza\u0107 dobro\u0107. Duchy przesz\u0142ej, obecnej i przysz\u0142ej Wigilii przypominaj\u0105 Scroogowi, i\u017c najwa\u017cniejsze s\u0105 warto\u015bci duchowe. Pyszne s\u0142odko\u015bci oraz zimowe kadry XIX wiecznego Londynu wprowadzi\u0142y nas","inLanguage":"pl-PL","isPartOf":{"@id":"https:\/\/www.spkatarzyna.pl\/#website"},"breadcrumb":{"@id":"https:\/\/www.spkatarzyna.pl\/index.php\/2024\/12\/15\/swiateczny-dkf\/#breadcrumblist"},"author":{"@id":"https:\/\/www.spkatarzyna.pl\/index.php\/author\/agatasafianspkatarzyna-pl\/#author"},"creator":{"@id":"https:\/\/www.spkatarzyna.pl\/index.php\/author\/agatasafianspkatarzyna-pl\/#author"},"image":{"@type":"ImageObject","url":"https:\/\/www.spkatarzyna.pl\/wp-content\/uploads\/2024\/12\/PHOTO-2024-12-14-12-49-21-2.jpg","@id":"https:\/\/www.spkatarzyna.pl\/index.php\/2024\/12\/15\/swiateczny-dkf\/#mainImage","width":360,"height":202},"primaryImageOfPage":{"@id":"https:\/\/www.spkatarzyna.pl\/index.php\/2024\/12\/15\/swiateczny-dkf\/#mainImage"},"datePublished":"2024-12-15T13:08:24+01:00","dateModified":"2024-12-15T13:39:24+01:00"},{"@type":"WebSite","@id":"https:\/\/www.spkatarzyna.pl\/#website","url":"https:\/\/www.spkatarzyna.pl\/","name":"SP Katarzyna","description":"Publiczna Szko\u0142a Podstawowa w \u015awi\u0119tej Katarzynie","inLanguage":"pl-PL","publisher":{"@id":"https:\/\/www.spkatarzyna.pl\/#organization"}}]},"og:locale":"pl_PL","og:site_name":"SP Katarzyna - Publiczna Szko\u0142a Podstawowa w \u015awi\u0119tej Katarzynie","og:type":"article","og:title":"\u015awi\u0105teczny DKF - SP Katarzyna","og:description":"13 grudnia odby\u0142o si\u0119 spotkanie DKF, razem zobaczyli\u015bmy \u015bwi\u0105teczny klasyk \u201cOpowie\u015b\u0107 wigilijn\u0105\u201d w re\u017cyserii Roberta Zameckisa. To ponadczasowa ba\u015b\u0144 o mi\u0142o\u015bci, nadziei i o tym, jak wa\u017cne jest drugiemu cz\u0142owiekowi okaza\u0107 dobro\u0107. Duchy przesz\u0142ej, obecnej i przysz\u0142ej Wigilii przypominaj\u0105 Scroogowi, i\u017c najwa\u017cniejsze s\u0105 warto\u015bci duchowe. Pyszne s\u0142odko\u015bci oraz zimowe kadry XIX wiecznego Londynu wprowadzi\u0142y nas","og:url":"https:\/\/www.spkatarzyna.pl\/index.php\/2024\/12\/15\/swiateczny-dkf\/","article:published_time":"2024-12-15T13:08:24+00:00","article:modified_time":"2024-12-15T13:39:24+00:00","twitter:card":"summary_large_image","twitter:title":"\u015awi\u0105teczny DKF - SP Katarzyna","twitter:description":"13 grudnia odby\u0142o si\u0119 spotkanie DKF, razem zobaczyli\u015bmy \u015bwi\u0105teczny klasyk \u201cOpowie\u015b\u0107 wigilijn\u0105\u201d w re\u017cyserii Roberta Zameckisa. To ponadczasowa ba\u015b\u0144 o mi\u0142o\u015bci, nadziei i o tym, jak wa\u017cne jest drugiemu cz\u0142owiekowi okaza\u0107 dobro\u0107. Duchy przesz\u0142ej, obecnej i przysz\u0142ej Wigilii przypominaj\u0105 Scroogowi, i\u017c najwa\u017cniejsze s\u0105 warto\u015bci duchowe. Pyszne s\u0142odko\u015bci oraz zimowe kadry XIX wiecznego Londynu wprowadzi\u0142y nas"},"aioseo_meta_data":{"post_id":"13462","title":null,"description":null,"keywords":null,"keyphrases":{"focus":{"keyphrase":"","score":0,"analysis":{"keyphraseInTitle":{"score":0,"maxScore":9,"error":1}}},"additional":[]},"primary_term":null,"canonical_url":null,"og_title":null,"og_description":null,"og_object_type":"default","og_image_type":"default","og_image_url":null,"og_image_width":null,"og_image_height":null,"og_image_custom_url":null,"og_image_custom_fields":null,"og_video":"","og_custom_url":null,"og_article_section":null,"og_article_tags":null,"twitter_use_og":false,"twitter_card":"default","twitter_image_type":"default","twitter_image_url":null,"twitter_image_custom_url":null,"twitter_image_custom_fields":null,"twitter_title":null,"twitter_description":null,"schema":{"blockGraphs":[],"customGraphs":[],"default":{"data":{"Article":[],"Course":[],"Dataset":[],"FAQPage":[],"Movie":[],"Person":[],"Product":[],"ProductReview":[],"Car":[],"Recipe":[],"Service":[],"SoftwareApplication":[],"WebPage":[]},"graphName":"BlogPosting","isEnabled":true},"graphs":[]},"schema_type":"default","schema_type_options":null,"pillar_content":false,"robots_default":true,"robots_noindex":false,"robots_noarchive":false,"robots_nosnippet":false,"robots_nofollow":false,"robots_noimageindex":false,"robots_noodp":false,"robots_notranslate":false,"robots_max_snippet":"-1","robots_max_videopreview":"-1","robots_max_imagepreview":"large","priority":null,"frequency":"default","local_seo":null,"limit_modified_date":false,"created":"2024-12-15 13:33:48","updated":"2026-09-03 16:07:19","focus_keyword":null,"additional_keywords":null,"truseo_locale":null,"ai":null,"breadcrumb_settings":null,"seo_analyzer_scan_date":null},"aioseo_breadcrumb":"<div class=\"aioseo-breadcrumbs\"><span class=\"aioseo-breadcrumb\">\n\t\t\t<a href=\"https:\/\/www.spkatarzyna.pl\" title=\"Dom\">Dom<\/a>\n\t\t<\/span><span class=\"aioseo-breadcrumb-separator\">&raquo;<\/span><span class=\"aioseo-breadcrumb\">\n\t\t\t<a href=\"https:\/\/www.spkatarzyna.pl\/index.php\/category\/uncategorized\/\" title=\"Uncategorized\">Uncategorized<\/a>\n\t\t<\/span><span class=\"aioseo-breadcrumb-separator\">&raquo;<\/span><span class=\"aioseo-breadcrumb\">\n\t\t\t\u015awi\u0105teczny DKF\n\t\t<\/span><\/div>","aioseo_breadcrumb_json":[{"label":"Dom","link":"https:\/\/www.spkatarzyna.pl"},{"label":"Uncategorized","link":"https:\/\/www.spkatarzyna.pl\/index.php\/category\/uncategorized\/"},{"label":"\u015awi\u0105teczny DKF","link":"https:\/\/www.spkatarzyna.pl\/index.php\/2024\/12\/15\/swiateczny-dkf\/"}],"_links":{"self":[{"href":"https:\/\/www.spkatarzyna.pl\/index.php\/wp-json\/wp\/v2\/posts\/13462","targetHints":{"allow":["GET"]}}],"collection":[{"href":"https:\/\/www.spkatarzyna.pl\/index.php\/wp-json\/wp\/v2\/posts"}],"about":[{"href":"https:\/\/www.spkatarzyna.pl\/index.php\/wp-json\/wp\/v2\/types\/post"}],"author":[{"embeddable":true,"href":"https:\/\/www.spkatarzyna.pl\/index.php\/wp-json\/wp\/v2\/users\/6"}],"replies":[{"embeddable":true,"href":"https:\/\/www.spkatarzyna.pl\/index.php\/wp-json\/wp\/v2\/comments?post=13462"}],"version-history":[{"count":4,"href":"https:\/\/www.spkatarzyna.pl\/index.php\/wp-json\/wp\/v2\/posts\/13462\/revisions"}],"predecessor-version":[{"id":13471,"href":"https:\/\/www.spkatarzyna.pl\/index.php\/wp-json\/wp\/v2\/posts\/13462\/revisions\/13471"}],"wp:featuredmedia":[{"embeddable":true,"href":"https:\/\/www.spkatarzyna.pl\/index.php\/wp-json\/wp\/v2\/media\/13463"}],"wp:attachment":[{"href":"https:\/\/www.spkatarzyna.pl\/index.php\/wp-json\/wp\/v2\/media?parent=13462"}],"wp:term":[{"taxonomy":"category","embeddable":true,"href":"https:\/\/www.spkatarzyna.pl\/index.php\/wp-json\/wp\/v2\/categories?post=13462"},{"taxonomy":"post_tag","embeddable":true,"href":"https:\/\/www.spkatarzyna.pl\/index.php\/wp-json\/wp\/v2\/tags?post=13462"}],"curies":[{"name":"wp","href":"https:\/\/api.w.org\/{rel}","templated":true}]}}