{"id":13480,"date":"2024-12-17T17:12:14","date_gmt":"2024-12-17T17:12:14","guid":{"rendered":"https:\/\/www.spkatarzyna.pl\/?p=13480"},"modified":"2024-12-17T17:13:56","modified_gmt":"2024-12-17T17:13:56","slug":"xxviii-powiatowy-konkurs-poetycki","status":"publish","type":"post","link":"https:\/\/www.spkatarzyna.pl\/index.php\/2024\/12\/17\/xxviii-powiatowy-konkurs-poetycki\/","title":{"rendered":"XXVIII Powiatowy Konkurs Poetycki"},"content":{"rendered":"\t\t<div data-elementor-type=\"wp-post\" data-elementor-id=\"13480\" class=\"elementor elementor-13480\">\n\t\t\t\t\t\t<section class=\"elementor-section elementor-top-section elementor-element elementor-element-6cf9bc53 elementor-section-boxed elementor-section-height-default elementor-section-height-default\" data-id=\"6cf9bc53\" data-element_type=\"section\">\n\t\t\t\t\t\t<div class=\"elementor-container elementor-column-gap-default\">\n\t\t\t\t\t<div class=\"elementor-column elementor-col-100 elementor-top-column elementor-element elementor-element-320ff011\" data-id=\"320ff011\" data-element_type=\"column\">\n\t\t\t<div class=\"elementor-widget-wrap elementor-element-populated\">\n\t\t\t\t\t\t<div class=\"elementor-element elementor-element-3cf100b6 elementor-widget elementor-widget-text-editor\" data-id=\"3cf100b6\" data-element_type=\"widget\" data-widget_type=\"text-editor.default\">\n\t\t\t\t\t\t\t\t\t<p style=\"text-align: justify;\"><span style=\"font-size: 14pt;\">Z rado\u015bci\u0105 informujemy, \u017ce w XXVIII edycji Powiatowego Konkursu Poetyckiego pt. &#8222;M\u00f3j \u015bwiat, moja poezja&#8221; Oliwia Ga\u0142an zaj\u0119\u0142a I miejsce, Hanna Mikulina II miejsce (kategoria klasy IV-VI S.P.).<\/span><\/p>\r\n<p style=\"text-align: right;\"><span style=\"font-size: 14pt;\">Gratulujemy!<\/span><\/p>\r\n<p style=\"text-align: right;\"><span style=\"font-size: 14pt;\">Zesp\u00f3\u0142 Polonist\u00f3w<\/span><\/p>\t\t\t\t\t\t\t\t<\/div>\n\t\t\t\t<div class=\"elementor-element elementor-element-f4f5033 elementor-widget elementor-widget-image-gallery\" data-id=\"f4f5033\" data-element_type=\"widget\" data-widget_type=\"image-gallery.default\">\n\t\t\t\t\t\t\t<div class=\"elementor-image-gallery\">\n\t\t\t\n\t\t<div id='gallery-1' class='gallery galleryid-13480 gallery-columns-3 gallery-size-thumbnail gallery1'><script type=\"text\/javascript\">\n\/\/ <![CDATA[\n\tjQuery(document).ready(function () {\n\t\tjQuery(\".gallery1 a\").attr(\"rel\",\"gallery1\");\t\n\t\tjQuery('a[rel=\"gallery1\"]').colorbox({title: function(){ return jQuery(this).children().attr(\"alt\"); }});\n\t});\n\/\/ ]]>\n<\/script>\n<dl class=\"gallery-item\">\n<dt class=\"gallery-icon\">\n<a href=\"https:\/\/www.spkatarzyna.pl\/wp-content\/uploads\/2024\/12\/0d4d864f-886b-48ab-bd74-ccb8088945d7-300x225.jpg\" title=\"\" rel=\"gallery1\" rel=\"lightbox[13480]\"><img decoding=\"async\" src=\"https:\/\/www.spkatarzyna.pl\/wp-content\/uploads\/2024\/12\/0d4d864f-886b-48ab-bd74-ccb8088945d7-150x150.jpg\" width=\"150\" height=\"150\" alt=\"\" \/><\/a>\n<\/dt><\/dl><dl class=\"gallery-item\">\n<dt class=\"gallery-icon\">\n<a href=\"https:\/\/www.spkatarzyna.pl\/wp-content\/uploads\/2024\/12\/4caa7a22-0d59-46d9-8637-6cde83d13856-300x210.jpg\" title=\"\" rel=\"gallery1\" rel=\"lightbox[13480]\"><img decoding=\"async\" src=\"https:\/\/www.spkatarzyna.pl\/wp-content\/uploads\/2024\/12\/4caa7a22-0d59-46d9-8637-6cde83d13856-150x150.jpg\" width=\"150\" height=\"150\" alt=\"\" \/><\/a>\n<\/dt><\/dl><dl class=\"gallery-item\">\n<dt class=\"gallery-icon\">\n<a href=\"https:\/\/www.spkatarzyna.pl\/wp-content\/uploads\/2024\/12\/506ad936-81fe-44a6-9b17-524881c574eb-300x200.jpg\" title=\"\" rel=\"gallery1\" rel=\"lightbox[13480]\"><img decoding=\"async\" src=\"https:\/\/www.spkatarzyna.pl\/wp-content\/uploads\/2024\/12\/506ad936-81fe-44a6-9b17-524881c574eb-150x150.jpg\" width=\"150\" height=\"150\" alt=\"\" \/><\/a>\n<\/dt><\/dl><br style=\"clear: both\" \/><dl class=\"gallery-item\">\n<dt class=\"gallery-icon\">\n<a href=\"https:\/\/www.spkatarzyna.pl\/wp-content\/uploads\/2024\/12\/599ea2cb-534d-45cb-97d8-c128cb004408-300x203.jpg\" title=\"\" rel=\"gallery1\" rel=\"lightbox[13480]\"><img loading=\"lazy\" decoding=\"async\" src=\"https:\/\/www.spkatarzyna.pl\/wp-content\/uploads\/2024\/12\/599ea2cb-534d-45cb-97d8-c128cb004408-150x150.jpg\" width=\"150\" height=\"150\" alt=\"\" \/><\/a>\n<\/dt><\/dl><dl class=\"gallery-item\">\n<dt class=\"gallery-icon\">\n<a href=\"https:\/\/www.spkatarzyna.pl\/wp-content\/uploads\/2024\/12\/a28b9693-90a2-49d8-b303-aa2c96ae9777-300x261.jpg\" title=\"\" rel=\"gallery1\" rel=\"lightbox[13480]\"><img loading=\"lazy\" decoding=\"async\" src=\"https:\/\/www.spkatarzyna.pl\/wp-content\/uploads\/2024\/12\/a28b9693-90a2-49d8-b303-aa2c96ae9777-150x150.jpg\" width=\"150\" height=\"150\" alt=\"\" \/><\/a>\n<\/dt><\/dl><dl class=\"gallery-item\">\n<dt class=\"gallery-icon\">\n<a href=\"https:\/\/www.spkatarzyna.pl\/wp-content\/uploads\/2024\/12\/0589223b-77b9-485b-bd6c-389ec929edfe-300x200.jpg\" title=\"\" rel=\"gallery1\" rel=\"lightbox[13480]\"><img loading=\"lazy\" decoding=\"async\" src=\"https:\/\/www.spkatarzyna.pl\/wp-content\/uploads\/2024\/12\/0589223b-77b9-485b-bd6c-389ec929edfe-150x150.jpg\" width=\"150\" height=\"150\" alt=\"\" \/><\/a>\n<\/dt><\/dl><br style=\"clear: both\" \/><br style=\"clear: both\" \/><\/div>\t\t<\/div>\n\t\t\t\t\t\t<\/div>\n\t\t\t\t\t<\/div>\n\t\t<\/div>\n\t\t\t\t\t<\/div>\n\t\t<\/section>\n\t\t\t\t<\/div>\n\t\t","protected":false},"excerpt":{"rendered":"<p>Z rado\u015bci\u0105 informujemy, \u017ce w XXVIII edycji Powiatowego Konkursu Poetyckiego pt. &#8222;M\u00f3j \u015bwiat, moja poezja&#8221; Oliwia Ga\u0142an zaj\u0119\u0142a I miejsce, Hanna Mikulina II miejsce (kategoria klasy IV-VI S.P.). Gratulujemy! Zesp\u00f3\u0142 Polonist\u00f3w<\/p>\n","protected":false},"author":6,"featured_media":13481,"comment_status":"open","ping_status":"open","sticky":false,"template":"","format":"standard","meta":{"om_disable_all_campaigns":false,"_monsterinsights_skip_tracking":false,"ngg_post_thumbnail":0,"footnotes":""},"categories":[1],"tags":[],"class_list":["post-13480","post","type-post","status-publish","format-standard","has-post-thumbnail","hentry","category-uncategorized"],"aioseo_notices":[],"aioseo_head":"\n\t\t<!-- All in One SEO 5.0.1.1 - aioseo.com -->\n\t<meta name=\"description\" content=\"Z rado\u015bci\u0105 informujemy, \u017ce w XXVIII edycji Powiatowego Konkursu Poetyckiego pt. \u201eM\u00f3j \u015bwiat, moja poezja\u201d Oliwia Ga\u0142an zaj\u0119\u0142a I miejsce, Hanna Mikulina II miejsce (kategoria klasy IV-VI S.P.). Gratulujemy! Zesp\u00f3\u0142 Polonist\u00f3w\" \/>\n\t<meta name=\"robots\" content=\"max-image-preview:large\" \/>\n\t<meta name=\"author\" content=\"Redakcja\"\/>\n\t<link rel=\"canonical\" href=\"https:\/\/www.spkatarzyna.pl\/index.php\/2024\/12\/17\/xxviii-powiatowy-konkurs-poetycki\/\" \/>\n\t<meta name=\"generator\" content=\"All in One SEO (AIOSEO) 5.0.1.1\" \/>\n\t\t<meta property=\"og:locale\" content=\"pl_PL\" \/>\n\t\t<meta property=\"og:site_name\" content=\"SP Katarzyna - Publiczna Szko\u0142a Podstawowa w \u015awi\u0119tej Katarzynie\" \/>\n\t\t<meta property=\"og:type\" content=\"article\" \/>\n\t\t<meta property=\"og:title\" content=\"XXVIII Powiatowy Konkurs Poetycki - SP Katarzyna\" \/>\n\t\t<meta property=\"og:description\" content=\"Z rado\u015bci\u0105 informujemy, \u017ce w XXVIII edycji Powiatowego Konkursu Poetyckiego pt. \u201eM\u00f3j \u015bwiat, moja poezja\u201d Oliwia Ga\u0142an zaj\u0119\u0142a I miejsce, Hanna Mikulina II miejsce (kategoria klasy IV-VI S.P.). Gratulujemy! Zesp\u00f3\u0142 Polonist\u00f3w\" \/>\n\t\t<meta property=\"og:url\" content=\"https:\/\/www.spkatarzyna.pl\/index.php\/2024\/12\/17\/xxviii-powiatowy-konkurs-poetycki\/\" \/>\n\t\t<meta property=\"article:published_time\" content=\"2024-12-17T17:12:14+00:00\" \/>\n\t\t<meta property=\"article:modified_time\" content=\"2024-12-17T17:13:56+00:00\" \/>\n\t\t<meta name=\"twitter:card\" content=\"summary_large_image\" \/>\n\t\t<meta name=\"twitter:title\" content=\"XXVIII Powiatowy Konkurs Poetycki - SP Katarzyna\" \/>\n\t\t<meta name=\"twitter:description\" content=\"Z rado\u015bci\u0105 informujemy, \u017ce w XXVIII edycji Powiatowego Konkursu Poetyckiego pt. \u201eM\u00f3j \u015bwiat, moja poezja\u201d Oliwia Ga\u0142an zaj\u0119\u0142a I miejsce, Hanna Mikulina II miejsce (kategoria klasy IV-VI S.P.). Gratulujemy! Zesp\u00f3\u0142 Polonist\u00f3w\" \/>\n\t\t<script type=\"application\/ld+json\" class=\"aioseo-schema\">\n\t\t\t{\"@context\":\"https:\\\/\\\/schema.org\",\"@graph\":[{\"@type\":\"BlogPosting\",\"@id\":\"https:\\\/\\\/www.spkatarzyna.pl\\\/index.php\\\/2024\\\/12\\\/17\\\/xxviii-powiatowy-konkurs-poetycki\\\/#blogposting\",\"name\":\"XXVIII Powiatowy Konkurs Poetycki - SP Katarzyna\",\"headline\":\"XXVIII Powiatowy Konkurs Poetycki\",\"author\":{\"@id\":\"https:\\\/\\\/www.spkatarzyna.pl\\\/index.php\\\/author\\\/agatasafianspkatarzyna-pl\\\/#author\"},\"publisher\":{\"@id\":\"https:\\\/\\\/www.spkatarzyna.pl\\\/#organization\"},\"image\":{\"@type\":\"ImageObject\",\"url\":\"https:\\\/\\\/www.spkatarzyna.pl\\\/wp-content\\\/uploads\\\/2024\\\/12\\\/0589223b-77b9-485b-bd6c-389ec929.jpg\",\"width\":360,\"height\":202},\"datePublished\":\"2024-12-17T17:12:14+01:00\",\"dateModified\":\"2024-12-17T17:13:56+01:00\",\"inLanguage\":\"pl-PL\",\"mainEntityOfPage\":{\"@id\":\"https:\\\/\\\/www.spkatarzyna.pl\\\/index.php\\\/2024\\\/12\\\/17\\\/xxviii-powiatowy-konkurs-poetycki\\\/#webpage\"},\"isPartOf\":{\"@id\":\"https:\\\/\\\/www.spkatarzyna.pl\\\/index.php\\\/2024\\\/12\\\/17\\\/xxviii-powiatowy-konkurs-poetycki\\\/#webpage\"},\"articleSection\":\"Uncategorized\"},{\"@type\":\"BreadcrumbList\",\"@id\":\"https:\\\/\\\/www.spkatarzyna.pl\\\/index.php\\\/2024\\\/12\\\/17\\\/xxviii-powiatowy-konkurs-poetycki\\\/#breadcrumblist\",\"itemListElement\":[{\"@type\":\"ListItem\",\"@id\":\"https:\\\/\\\/www.spkatarzyna.pl#listItem\",\"position\":1,\"name\":\"Dom\",\"item\":\"https:\\\/\\\/www.spkatarzyna.pl\",\"nextItem\":{\"@type\":\"ListItem\",\"@id\":\"https:\\\/\\\/www.spkatarzyna.pl\\\/index.php\\\/category\\\/uncategorized\\\/#listItem\",\"name\":\"Uncategorized\"}},{\"@type\":\"ListItem\",\"@id\":\"https:\\\/\\\/www.spkatarzyna.pl\\\/index.php\\\/category\\\/uncategorized\\\/#listItem\",\"position\":2,\"name\":\"Uncategorized\",\"item\":\"https:\\\/\\\/www.spkatarzyna.pl\\\/index.php\\\/category\\\/uncategorized\\\/\",\"nextItem\":{\"@type\":\"ListItem\",\"@id\":\"https:\\\/\\\/www.spkatarzyna.pl\\\/index.php\\\/2024\\\/12\\\/17\\\/xxviii-powiatowy-konkurs-poetycki\\\/#listItem\",\"name\":\"XXVIII Powiatowy Konkurs Poetycki\"},\"previousItem\":{\"@type\":\"ListItem\",\"@id\":\"https:\\\/\\\/www.spkatarzyna.pl#listItem\",\"name\":\"Dom\"}},{\"@type\":\"ListItem\",\"@id\":\"https:\\\/\\\/www.spkatarzyna.pl\\\/index.php\\\/2024\\\/12\\\/17\\\/xxviii-powiatowy-konkurs-poetycki\\\/#listItem\",\"position\":3,\"name\":\"XXVIII Powiatowy Konkurs Poetycki\",\"previousItem\":{\"@type\":\"ListItem\",\"@id\":\"https:\\\/\\\/www.spkatarzyna.pl\\\/index.php\\\/category\\\/uncategorized\\\/#listItem\",\"name\":\"Uncategorized\"}}]},{\"@type\":\"Organization\",\"@id\":\"https:\\\/\\\/www.spkatarzyna.pl\\\/#organization\",\"name\":\"SP Katarzyna\",\"description\":\"Publiczna Szko\\u0142a Podstawowa w \\u015awi\\u0119tej Katarzynie\",\"url\":\"https:\\\/\\\/www.spkatarzyna.pl\\\/\",\"telephone\":\"+48713116378\",\"sameAs\":[\"https:\\\/\\\/facebook.com\\\/\",\"https:\\\/\\\/x.com\\\/\",\"https:\\\/\\\/instagram.com\\\/\",\"https:\\\/\\\/pinterest.com\\\/\",\"https:\\\/\\\/youtube.com\\\/\",\"https:\\\/\\\/linkedin.com\\\/in\\\/\"]},{\"@type\":\"Person\",\"@id\":\"https:\\\/\\\/www.spkatarzyna.pl\\\/index.php\\\/author\\\/agatasafianspkatarzyna-pl\\\/#author\",\"url\":\"https:\\\/\\\/www.spkatarzyna.pl\\\/index.php\\\/author\\\/agatasafianspkatarzyna-pl\\\/\",\"name\":\"Redakcja\",\"image\":{\"@type\":\"ImageObject\",\"@id\":\"https:\\\/\\\/www.spkatarzyna.pl\\\/index.php\\\/2024\\\/12\\\/17\\\/xxviii-powiatowy-konkurs-poetycki\\\/#authorImage\",\"url\":\"https:\\\/\\\/secure.gravatar.com\\\/avatar\\\/765290513df94d442152250e92b42327?s=96&d=mm&r=g\",\"width\":96,\"height\":96,\"caption\":\"Redakcja\"}},{\"@type\":\"WebPage\",\"@id\":\"https:\\\/\\\/www.spkatarzyna.pl\\\/index.php\\\/2024\\\/12\\\/17\\\/xxviii-powiatowy-konkurs-poetycki\\\/#webpage\",\"url\":\"https:\\\/\\\/www.spkatarzyna.pl\\\/index.php\\\/2024\\\/12\\\/17\\\/xxviii-powiatowy-konkurs-poetycki\\\/\",\"name\":\"XXVIII Powiatowy Konkurs Poetycki - SP Katarzyna\",\"description\":\"Z rado\\u015bci\\u0105 informujemy, \\u017ce w XXVIII edycji Powiatowego Konkursu Poetyckiego pt. \\u201eM\\u00f3j \\u015bwiat, moja poezja\\u201d Oliwia Ga\\u0142an zaj\\u0119\\u0142a I miejsce, Hanna Mikulina II miejsce (kategoria klasy IV-VI S.P.). Gratulujemy! Zesp\\u00f3\\u0142 Polonist\\u00f3w\",\"inLanguage\":\"pl-PL\",\"isPartOf\":{\"@id\":\"https:\\\/\\\/www.spkatarzyna.pl\\\/#website\"},\"breadcrumb\":{\"@id\":\"https:\\\/\\\/www.spkatarzyna.pl\\\/index.php\\\/2024\\\/12\\\/17\\\/xxviii-powiatowy-konkurs-poetycki\\\/#breadcrumblist\"},\"author\":{\"@id\":\"https:\\\/\\\/www.spkatarzyna.pl\\\/index.php\\\/author\\\/agatasafianspkatarzyna-pl\\\/#author\"},\"creator\":{\"@id\":\"https:\\\/\\\/www.spkatarzyna.pl\\\/index.php\\\/author\\\/agatasafianspkatarzyna-pl\\\/#author\"},\"image\":{\"@type\":\"ImageObject\",\"url\":\"https:\\\/\\\/www.spkatarzyna.pl\\\/wp-content\\\/uploads\\\/2024\\\/12\\\/0589223b-77b9-485b-bd6c-389ec929.jpg\",\"@id\":\"https:\\\/\\\/www.spkatarzyna.pl\\\/index.php\\\/2024\\\/12\\\/17\\\/xxviii-powiatowy-konkurs-poetycki\\\/#mainImage\",\"width\":360,\"height\":202},\"primaryImageOfPage\":{\"@id\":\"https:\\\/\\\/www.spkatarzyna.pl\\\/index.php\\\/2024\\\/12\\\/17\\\/xxviii-powiatowy-konkurs-poetycki\\\/#mainImage\"},\"datePublished\":\"2024-12-17T17:12:14+01:00\",\"dateModified\":\"2024-12-17T17:13:56+01:00\"},{\"@type\":\"WebSite\",\"@id\":\"https:\\\/\\\/www.spkatarzyna.pl\\\/#website\",\"url\":\"https:\\\/\\\/www.spkatarzyna.pl\\\/\",\"name\":\"SP Katarzyna\",\"description\":\"Publiczna Szko\\u0142a Podstawowa w \\u015awi\\u0119tej Katarzynie\",\"inLanguage\":\"pl-PL\",\"publisher\":{\"@id\":\"https:\\\/\\\/www.spkatarzyna.pl\\\/#organization\"}}]}\n\t\t<\/script>\n\t\t<!-- All in One SEO -->\n\n","aioseo_head_json":{"title":"XXVIII Powiatowy Konkurs Poetycki - SP Katarzyna","description":"Z rado\u015bci\u0105 informujemy, \u017ce w XXVIII edycji Powiatowego Konkursu Poetyckiego pt. \u201eM\u00f3j \u015bwiat, moja poezja\u201d Oliwia Ga\u0142an zaj\u0119\u0142a I miejsce, Hanna Mikulina II miejsce (kategoria klasy IV-VI S.P.). Gratulujemy! Zesp\u00f3\u0142 Polonist\u00f3w","canonical_url":"https:\/\/www.spkatarzyna.pl\/index.php\/2024\/12\/17\/xxviii-powiatowy-konkurs-poetycki\/","robots":"max-image-preview:large","keywords":"","webmasterTools":{"miscellaneous":""},"schema":{"@context":"https:\/\/schema.org","@graph":[{"@type":"BlogPosting","@id":"https:\/\/www.spkatarzyna.pl\/index.php\/2024\/12\/17\/xxviii-powiatowy-konkurs-poetycki\/#blogposting","name":"XXVIII Powiatowy Konkurs Poetycki - SP Katarzyna","headline":"XXVIII Powiatowy Konkurs Poetycki","author":{"@id":"https:\/\/www.spkatarzyna.pl\/index.php\/author\/agatasafianspkatarzyna-pl\/#author"},"publisher":{"@id":"https:\/\/www.spkatarzyna.pl\/#organization"},"image":{"@type":"ImageObject","url":"https:\/\/www.spkatarzyna.pl\/wp-content\/uploads\/2024\/12\/0589223b-77b9-485b-bd6c-389ec929.jpg","width":360,"height":202},"datePublished":"2024-12-17T17:12:14+01:00","dateModified":"2024-12-17T17:13:56+01:00","inLanguage":"pl-PL","mainEntityOfPage":{"@id":"https:\/\/www.spkatarzyna.pl\/index.php\/2024\/12\/17\/xxviii-powiatowy-konkurs-poetycki\/#webpage"},"isPartOf":{"@id":"https:\/\/www.spkatarzyna.pl\/index.php\/2024\/12\/17\/xxviii-powiatowy-konkurs-poetycki\/#webpage"},"articleSection":"Uncategorized"},{"@type":"BreadcrumbList","@id":"https:\/\/www.spkatarzyna.pl\/index.php\/2024\/12\/17\/xxviii-powiatowy-konkurs-poetycki\/#breadcrumblist","itemListElement":[{"@type":"ListItem","@id":"https:\/\/www.spkatarzyna.pl#listItem","position":1,"name":"Dom","item":"https:\/\/www.spkatarzyna.pl","nextItem":{"@type":"ListItem","@id":"https:\/\/www.spkatarzyna.pl\/index.php\/category\/uncategorized\/#listItem","name":"Uncategorized"}},{"@type":"ListItem","@id":"https:\/\/www.spkatarzyna.pl\/index.php\/category\/uncategorized\/#listItem","position":2,"name":"Uncategorized","item":"https:\/\/www.spkatarzyna.pl\/index.php\/category\/uncategorized\/","nextItem":{"@type":"ListItem","@id":"https:\/\/www.spkatarzyna.pl\/index.php\/2024\/12\/17\/xxviii-powiatowy-konkurs-poetycki\/#listItem","name":"XXVIII Powiatowy Konkurs Poetycki"},"previousItem":{"@type":"ListItem","@id":"https:\/\/www.spkatarzyna.pl#listItem","name":"Dom"}},{"@type":"ListItem","@id":"https:\/\/www.spkatarzyna.pl\/index.php\/2024\/12\/17\/xxviii-powiatowy-konkurs-poetycki\/#listItem","position":3,"name":"XXVIII Powiatowy Konkurs Poetycki","previousItem":{"@type":"ListItem","@id":"https:\/\/www.spkatarzyna.pl\/index.php\/category\/uncategorized\/#listItem","name":"Uncategorized"}}]},{"@type":"Organization","@id":"https:\/\/www.spkatarzyna.pl\/#organization","name":"SP Katarzyna","description":"Publiczna Szko\u0142a Podstawowa w \u015awi\u0119tej Katarzynie","url":"https:\/\/www.spkatarzyna.pl\/","telephone":"+48713116378","sameAs":["https:\/\/facebook.com\/","https:\/\/x.com\/","https:\/\/instagram.com\/","https:\/\/pinterest.com\/","https:\/\/youtube.com\/","https:\/\/linkedin.com\/in\/"]},{"@type":"Person","@id":"https:\/\/www.spkatarzyna.pl\/index.php\/author\/agatasafianspkatarzyna-pl\/#author","url":"https:\/\/www.spkatarzyna.pl\/index.php\/author\/agatasafianspkatarzyna-pl\/","name":"Redakcja","image":{"@type":"ImageObject","@id":"https:\/\/www.spkatarzyna.pl\/index.php\/2024\/12\/17\/xxviii-powiatowy-konkurs-poetycki\/#authorImage","url":"https:\/\/secure.gravatar.com\/avatar\/765290513df94d442152250e92b42327?s=96&d=mm&r=g","width":96,"height":96,"caption":"Redakcja"}},{"@type":"WebPage","@id":"https:\/\/www.spkatarzyna.pl\/index.php\/2024\/12\/17\/xxviii-powiatowy-konkurs-poetycki\/#webpage","url":"https:\/\/www.spkatarzyna.pl\/index.php\/2024\/12\/17\/xxviii-powiatowy-konkurs-poetycki\/","name":"XXVIII Powiatowy Konkurs Poetycki - SP Katarzyna","description":"Z rado\u015bci\u0105 informujemy, \u017ce w XXVIII edycji Powiatowego Konkursu Poetyckiego pt. \u201eM\u00f3j \u015bwiat, moja poezja\u201d Oliwia Ga\u0142an zaj\u0119\u0142a I miejsce, Hanna Mikulina II miejsce (kategoria klasy IV-VI S.P.). Gratulujemy! Zesp\u00f3\u0142 Polonist\u00f3w","inLanguage":"pl-PL","isPartOf":{"@id":"https:\/\/www.spkatarzyna.pl\/#website"},"breadcrumb":{"@id":"https:\/\/www.spkatarzyna.pl\/index.php\/2024\/12\/17\/xxviii-powiatowy-konkurs-poetycki\/#breadcrumblist"},"author":{"@id":"https:\/\/www.spkatarzyna.pl\/index.php\/author\/agatasafianspkatarzyna-pl\/#author"},"creator":{"@id":"https:\/\/www.spkatarzyna.pl\/index.php\/author\/agatasafianspkatarzyna-pl\/#author"},"image":{"@type":"ImageObject","url":"https:\/\/www.spkatarzyna.pl\/wp-content\/uploads\/2024\/12\/0589223b-77b9-485b-bd6c-389ec929.jpg","@id":"https:\/\/www.spkatarzyna.pl\/index.php\/2024\/12\/17\/xxviii-powiatowy-konkurs-poetycki\/#mainImage","width":360,"height":202},"primaryImageOfPage":{"@id":"https:\/\/www.spkatarzyna.pl\/index.php\/2024\/12\/17\/xxviii-powiatowy-konkurs-poetycki\/#mainImage"},"datePublished":"2024-12-17T17:12:14+01:00","dateModified":"2024-12-17T17:13:56+01:00"},{"@type":"WebSite","@id":"https:\/\/www.spkatarzyna.pl\/#website","url":"https:\/\/www.spkatarzyna.pl\/","name":"SP Katarzyna","description":"Publiczna Szko\u0142a Podstawowa w \u015awi\u0119tej Katarzynie","inLanguage":"pl-PL","publisher":{"@id":"https:\/\/www.spkatarzyna.pl\/#organization"}}]},"og:locale":"pl_PL","og:site_name":"SP Katarzyna - Publiczna Szko\u0142a Podstawowa w \u015awi\u0119tej Katarzynie","og:type":"article","og:title":"XXVIII Powiatowy Konkurs Poetycki - SP Katarzyna","og:description":"Z rado\u015bci\u0105 informujemy, \u017ce w XXVIII edycji Powiatowego Konkursu Poetyckiego pt. \u201eM\u00f3j \u015bwiat, moja poezja\u201d Oliwia Ga\u0142an zaj\u0119\u0142a I miejsce, Hanna Mikulina II miejsce (kategoria klasy IV-VI S.P.). Gratulujemy! Zesp\u00f3\u0142 Polonist\u00f3w","og:url":"https:\/\/www.spkatarzyna.pl\/index.php\/2024\/12\/17\/xxviii-powiatowy-konkurs-poetycki\/","article:published_time":"2024-12-17T17:12:14+00:00","article:modified_time":"2024-12-17T17:13:56+00:00","twitter:card":"summary_large_image","twitter:title":"XXVIII Powiatowy Konkurs Poetycki - SP Katarzyna","twitter:description":"Z rado\u015bci\u0105 informujemy, \u017ce w XXVIII edycji Powiatowego Konkursu Poetyckiego pt. \u201eM\u00f3j \u015bwiat, moja poezja\u201d Oliwia Ga\u0142an zaj\u0119\u0142a I miejsce, Hanna Mikulina II miejsce (kategoria klasy IV-VI S.P.). Gratulujemy! Zesp\u00f3\u0142 Polonist\u00f3w"},"aioseo_meta_data":{"post_id":"13480","title":null,"description":null,"keywords":null,"keyphrases":{"focus":{"keyphrase":"","score":0,"analysis":{"keyphraseInTitle":{"score":0,"maxScore":9,"error":1}}},"additional":[]},"primary_term":null,"canonical_url":null,"og_title":null,"og_description":null,"og_object_type":"default","og_image_type":"default","og_image_url":null,"og_image_width":null,"og_image_height":null,"og_image_custom_url":null,"og_image_custom_fields":null,"og_video":"","og_custom_url":null,"og_article_section":null,"og_article_tags":null,"twitter_use_og":false,"twitter_card":"default","twitter_image_type":"default","twitter_image_url":null,"twitter_image_custom_url":null,"twitter_image_custom_fields":null,"twitter_title":null,"twitter_description":null,"schema":{"blockGraphs":[],"customGraphs":[],"default":{"data":{"Article":[],"Course":[],"Dataset":[],"FAQPage":[],"Movie":[],"Person":[],"Product":[],"ProductReview":[],"Car":[],"Recipe":[],"Service":[],"SoftwareApplication":[],"WebPage":[]},"graphName":"BlogPosting","isEnabled":true},"graphs":[]},"schema_type":"default","schema_type_options":null,"pillar_content":false,"robots_default":true,"robots_noindex":false,"robots_noarchive":false,"robots_nosnippet":false,"robots_nofollow":false,"robots_noimageindex":false,"robots_noodp":false,"robots_notranslate":false,"robots_max_snippet":"-1","robots_max_videopreview":"-1","robots_max_imagepreview":"large","priority":null,"frequency":"default","local_seo":null,"limit_modified_date":false,"created":"2024-12-17 17:12:15","updated":"2026-09-03 16:12:08","focus_keyword":null,"additional_keywords":null,"truseo_locale":null,"ai":null,"breadcrumb_settings":null,"seo_analyzer_scan_date":null},"aioseo_breadcrumb":"<div class=\"aioseo-breadcrumbs\"><span class=\"aioseo-breadcrumb\">\n\t\t\t<a href=\"https:\/\/www.spkatarzyna.pl\" title=\"Dom\">Dom<\/a>\n\t\t<\/span><span class=\"aioseo-breadcrumb-separator\">&raquo;<\/span><span class=\"aioseo-breadcrumb\">\n\t\t\t<a href=\"https:\/\/www.spkatarzyna.pl\/index.php\/category\/uncategorized\/\" title=\"Uncategorized\">Uncategorized<\/a>\n\t\t<\/span><span class=\"aioseo-breadcrumb-separator\">&raquo;<\/span><span class=\"aioseo-breadcrumb\">\n\t\t\tXXVIII Powiatowy Konkurs Poetycki\n\t\t<\/span><\/div>","aioseo_breadcrumb_json":[{"label":"Dom","link":"https:\/\/www.spkatarzyna.pl"},{"label":"Uncategorized","link":"https:\/\/www.spkatarzyna.pl\/index.php\/category\/uncategorized\/"},{"label":"XXVIII Powiatowy Konkurs Poetycki","link":"https:\/\/www.spkatarzyna.pl\/index.php\/2024\/12\/17\/xxviii-powiatowy-konkurs-poetycki\/"}],"_links":{"self":[{"href":"https:\/\/www.spkatarzyna.pl\/index.php\/wp-json\/wp\/v2\/posts\/13480","targetHints":{"allow":["GET"]}}],"collection":[{"href":"https:\/\/www.spkatarzyna.pl\/index.php\/wp-json\/wp\/v2\/posts"}],"about":[{"href":"https:\/\/www.spkatarzyna.pl\/index.php\/wp-json\/wp\/v2\/types\/post"}],"author":[{"embeddable":true,"href":"https:\/\/www.spkatarzyna.pl\/index.php\/wp-json\/wp\/v2\/users\/6"}],"replies":[{"embeddable":true,"href":"https:\/\/www.spkatarzyna.pl\/index.php\/wp-json\/wp\/v2\/comments?post=13480"}],"version-history":[{"count":4,"href":"https:\/\/www.spkatarzyna.pl\/index.php\/wp-json\/wp\/v2\/posts\/13480\/revisions"}],"predecessor-version":[{"id":13491,"href":"https:\/\/www.spkatarzyna.pl\/index.php\/wp-json\/wp\/v2\/posts\/13480\/revisions\/13491"}],"wp:featuredmedia":[{"embeddable":true,"href":"https:\/\/www.spkatarzyna.pl\/index.php\/wp-json\/wp\/v2\/media\/13481"}],"wp:attachment":[{"href":"https:\/\/www.spkatarzyna.pl\/index.php\/wp-json\/wp\/v2\/media?parent=13480"}],"wp:term":[{"taxonomy":"category","embeddable":true,"href":"https:\/\/www.spkatarzyna.pl\/index.php\/wp-json\/wp\/v2\/categories?post=13480"},{"taxonomy":"post_tag","embeddable":true,"href":"https:\/\/www.spkatarzyna.pl\/index.php\/wp-json\/wp\/v2\/tags?post=13480"}],"curies":[{"name":"wp","href":"https:\/\/api.w.org\/{rel}","templated":true}]}}