{"id":13504,"date":"2024-12-19T14:51:15","date_gmt":"2024-12-19T14:51:15","guid":{"rendered":"https:\/\/www.spkatarzyna.pl\/?p=13504"},"modified":"2024-12-19T14:54:34","modified_gmt":"2024-12-19T14:54:34","slug":"uczniowie-odwiedzili-pensjonariuszy","status":"publish","type":"post","link":"https:\/\/www.spkatarzyna.pl\/index.php\/2024\/12\/19\/uczniowie-odwiedzili-pensjonariuszy\/","title":{"rendered":"Uczniowie odwiedzili pensjonariuszy"},"content":{"rendered":"\t\t<div data-elementor-type=\"wp-post\" data-elementor-id=\"13504\" class=\"elementor elementor-13504\">\n\t\t\t\t\t\t<section class=\"elementor-section elementor-top-section elementor-element elementor-element-3edf2ed6 elementor-section-boxed elementor-section-height-default elementor-section-height-default\" data-id=\"3edf2ed6\" data-element_type=\"section\">\n\t\t\t\t\t\t<div class=\"elementor-container elementor-column-gap-default\">\n\t\t\t\t\t<div class=\"elementor-column elementor-col-100 elementor-top-column elementor-element elementor-element-3de83a89\" data-id=\"3de83a89\" data-element_type=\"column\">\n\t\t\t<div class=\"elementor-widget-wrap elementor-element-populated\">\n\t\t\t\t\t\t<div class=\"elementor-element elementor-element-3fd5e5cf elementor-widget elementor-widget-text-editor\" data-id=\"3fd5e5cf\" data-element_type=\"widget\" data-widget_type=\"text-editor.default\">\n\t\t\t\t\t\t\t\t\t<p dir=\"ltr\" style=\"text-align: justify;\"><span style=\"font-size: 14pt;\">18 grudnia nasi uczniowie odwiedzili pensjonariuszy Zak\u0142adu Opieku\u0144czo Leczniczego w \u015awi\u0119tej Katarzynie. Dla m\u0142odych aktor\u00f3w nie by\u0142 to \u201ctylko\u201d wyst\u0119p, ale przede wszystkim szko\u0142a szacunku i wra\u017cliwo\u015bci. Przedstawienie przeplatane by\u0142o kol\u0119dami i pastora\u0142kami.&nbsp;<\/span><\/p>\r\n<p dir=\"ltr\" style=\"text-align: justify;\"><span style=\"font-size: 14pt;\">Na koniec wr\u0119czyli\u015bmy drobne upominki &#8211; w\u0142asnor\u0119cznie przygotowane anio\u0142y.<\/span><\/p>\r\n<p dir=\"ltr\" style=\"text-align: justify;\"><span style=\"font-size: 14pt;\">U\u015bmiech i wzruszenie na twarzach ogl\u0105daj\u0105cych by\u0142y najwspanialsz\u0105 nagrod\u0105 za trud w\u0142o\u017cony w przygotowanie jase\u0142ek.<\/span><\/p>\t\t\t\t\t\t\t\t<\/div>\n\t\t\t\t<div class=\"elementor-element elementor-element-bb53aa1 elementor-widget elementor-widget-image-gallery\" data-id=\"bb53aa1\" data-element_type=\"widget\" data-widget_type=\"image-gallery.default\">\n\t\t\t\t\t\t\t<div class=\"elementor-image-gallery\">\n\t\t\t\n\t\t<div id='gallery-1' class='gallery galleryid-13504 gallery-columns-4 gallery-size-thumbnail gallery1'><script type=\"text\/javascript\">\n\/\/ <![CDATA[\n\tjQuery(document).ready(function () {\n\t\tjQuery(\".gallery1 a\").attr(\"rel\",\"gallery1\");\t\n\t\tjQuery('a[rel=\"gallery1\"]').colorbox({title: function(){ return jQuery(this).children().attr(\"alt\"); }});\n\t});\n\/\/ ]]>\n<\/script>\n<dl class=\"gallery-item\">\n<dt class=\"gallery-icon\">\n<a href=\"https:\/\/www.spkatarzyna.pl\/wp-content\/uploads\/2024\/12\/PHOTO-2024-12-19-11-20-57-300x198.jpg\" title=\"\" rel=\"gallery1\" rel=\"lightbox[13504]\"><img decoding=\"async\" src=\"https:\/\/www.spkatarzyna.pl\/wp-content\/uploads\/2024\/12\/PHOTO-2024-12-19-11-20-57-150x150.jpg\" width=\"150\" height=\"150\" alt=\"\" \/><\/a>\n<\/dt><\/dl><dl class=\"gallery-item\">\n<dt class=\"gallery-icon\">\n<a href=\"https:\/\/www.spkatarzyna.pl\/wp-content\/uploads\/2024\/12\/PHOTO-2024-12-19-11-20-58-2-300x212.jpg\" title=\"\" rel=\"gallery1\" rel=\"lightbox[13504]\"><img decoding=\"async\" src=\"https:\/\/www.spkatarzyna.pl\/wp-content\/uploads\/2024\/12\/PHOTO-2024-12-19-11-20-58-2-150x150.jpg\" width=\"150\" height=\"150\" alt=\"\" \/><\/a>\n<\/dt><\/dl><dl class=\"gallery-item\">\n<dt class=\"gallery-icon\">\n<a href=\"https:\/\/www.spkatarzyna.pl\/wp-content\/uploads\/2024\/12\/PHOTO-2024-12-19-11-20-58-300x228.jpg\" title=\"\" rel=\"gallery1\" rel=\"lightbox[13504]\"><img decoding=\"async\" src=\"https:\/\/www.spkatarzyna.pl\/wp-content\/uploads\/2024\/12\/PHOTO-2024-12-19-11-20-58-150x150.jpg\" width=\"150\" height=\"150\" alt=\"\" \/><\/a>\n<\/dt><\/dl><dl class=\"gallery-item\">\n<dt class=\"gallery-icon\">\n<a href=\"https:\/\/www.spkatarzyna.pl\/wp-content\/uploads\/2024\/12\/PHOTO-2024-12-19-11-20-59-300x231.jpg\" title=\"\" rel=\"gallery1\" rel=\"lightbox[13504]\"><img loading=\"lazy\" decoding=\"async\" src=\"https:\/\/www.spkatarzyna.pl\/wp-content\/uploads\/2024\/12\/PHOTO-2024-12-19-11-20-59-150x150.jpg\" width=\"150\" height=\"150\" alt=\"\" \/><\/a>\n<\/dt><\/dl><br style=\"clear: both\" \/><br style=\"clear: both\" \/><\/div>\t\t<\/div>\n\t\t\t\t\t\t<\/div>\n\t\t\t\t\t<\/div>\n\t\t<\/div>\n\t\t\t\t\t<\/div>\n\t\t<\/section>\n\t\t\t\t<\/div>\n\t\t","protected":false},"excerpt":{"rendered":"<p>18 grudnia nasi uczniowie odwiedzili pensjonariuszy Zak\u0142adu Opieku\u0144czo Leczniczego w \u015awi\u0119tej Katarzynie. Dla m\u0142odych aktor\u00f3w nie by\u0142 to \u201ctylko\u201d wyst\u0119p, ale przede wszystkim szko\u0142a szacunku i wra\u017cliwo\u015bci. Przedstawienie przeplatane by\u0142o kol\u0119dami i pastora\u0142kami.&nbsp; Na koniec wr\u0119czyli\u015bmy drobne upominki &#8211; w\u0142asnor\u0119cznie przygotowane anio\u0142y. U\u015bmiech i wzruszenie na twarzach ogl\u0105daj\u0105cych by\u0142y najwspanialsz\u0105 [&hellip;]<\/p>\n","protected":false},"author":6,"featured_media":13505,"comment_status":"open","ping_status":"open","sticky":false,"template":"","format":"standard","meta":{"om_disable_all_campaigns":false,"_monsterinsights_skip_tracking":false,"ngg_post_thumbnail":0,"footnotes":""},"categories":[1],"tags":[],"class_list":["post-13504","post","type-post","status-publish","format-standard","has-post-thumbnail","hentry","category-uncategorized"],"aioseo_notices":[],"aioseo_head":"\n\t\t<!-- All in One SEO 5.0.1.1 - aioseo.com -->\n\t<meta name=\"description\" content=\"18 grudnia nasi uczniowie odwiedzili pensjonariuszy Zak\u0142adu Opieku\u0144czo Leczniczego w \u015awi\u0119tej Katarzynie. Dla m\u0142odych aktor\u00f3w nie by\u0142 to \u201ctylko\u201d wyst\u0119p, ale przede wszystkim szko\u0142a szacunku i wra\u017cliwo\u015bci. Przedstawienie przeplatane by\u0142o kol\u0119dami i pastora\u0142kami. Na koniec wr\u0119czyli\u015bmy drobne upominki \u2013 w\u0142asnor\u0119cznie przygotowane anio\u0142y. U\u015bmiech i wzruszenie na twarzach ogl\u0105daj\u0105cych by\u0142y najwspanialsz\u0105 nagrod\u0105 za trud w\u0142o\u017cony w\" \/>\n\t<meta name=\"robots\" content=\"max-image-preview:large\" \/>\n\t<meta name=\"author\" content=\"Redakcja\"\/>\n\t<link rel=\"canonical\" href=\"https:\/\/www.spkatarzyna.pl\/index.php\/2024\/12\/19\/uczniowie-odwiedzili-pensjonariuszy\/\" \/>\n\t<meta name=\"generator\" content=\"All in One SEO (AIOSEO) 5.0.1.1\" \/>\n\t\t<meta property=\"og:locale\" content=\"pl_PL\" \/>\n\t\t<meta property=\"og:site_name\" content=\"SP Katarzyna - Publiczna Szko\u0142a Podstawowa w \u015awi\u0119tej Katarzynie\" \/>\n\t\t<meta property=\"og:type\" content=\"article\" \/>\n\t\t<meta property=\"og:title\" content=\"Uczniowie odwiedzili pensjonariuszy - SP Katarzyna\" \/>\n\t\t<meta property=\"og:description\" content=\"18 grudnia nasi uczniowie odwiedzili pensjonariuszy Zak\u0142adu Opieku\u0144czo Leczniczego w \u015awi\u0119tej Katarzynie. Dla m\u0142odych aktor\u00f3w nie by\u0142 to \u201ctylko\u201d wyst\u0119p, ale przede wszystkim szko\u0142a szacunku i wra\u017cliwo\u015bci. Przedstawienie przeplatane by\u0142o kol\u0119dami i pastora\u0142kami. Na koniec wr\u0119czyli\u015bmy drobne upominki \u2013 w\u0142asnor\u0119cznie przygotowane anio\u0142y. U\u015bmiech i wzruszenie na twarzach ogl\u0105daj\u0105cych by\u0142y najwspanialsz\u0105 nagrod\u0105 za trud w\u0142o\u017cony w\" \/>\n\t\t<meta property=\"og:url\" content=\"https:\/\/www.spkatarzyna.pl\/index.php\/2024\/12\/19\/uczniowie-odwiedzili-pensjonariuszy\/\" \/>\n\t\t<meta property=\"article:published_time\" content=\"2024-12-19T14:51:15+00:00\" \/>\n\t\t<meta property=\"article:modified_time\" content=\"2024-12-19T14:54:34+00:00\" \/>\n\t\t<meta name=\"twitter:card\" content=\"summary_large_image\" \/>\n\t\t<meta name=\"twitter:title\" content=\"Uczniowie odwiedzili pensjonariuszy - SP Katarzyna\" \/>\n\t\t<meta name=\"twitter:description\" content=\"18 grudnia nasi uczniowie odwiedzili pensjonariuszy Zak\u0142adu Opieku\u0144czo Leczniczego w \u015awi\u0119tej Katarzynie. Dla m\u0142odych aktor\u00f3w nie by\u0142 to \u201ctylko\u201d wyst\u0119p, ale przede wszystkim szko\u0142a szacunku i wra\u017cliwo\u015bci. Przedstawienie przeplatane by\u0142o kol\u0119dami i pastora\u0142kami. Na koniec wr\u0119czyli\u015bmy drobne upominki \u2013 w\u0142asnor\u0119cznie przygotowane anio\u0142y. U\u015bmiech i wzruszenie na twarzach ogl\u0105daj\u0105cych by\u0142y najwspanialsz\u0105 nagrod\u0105 za trud w\u0142o\u017cony w\" \/>\n\t\t<script type=\"application\/ld+json\" class=\"aioseo-schema\">\n\t\t\t{\"@context\":\"https:\\\/\\\/schema.org\",\"@graph\":[{\"@type\":\"BlogPosting\",\"@id\":\"https:\\\/\\\/www.spkatarzyna.pl\\\/index.php\\\/2024\\\/12\\\/19\\\/uczniowie-odwiedzili-pensjonariuszy\\\/#blogposting\",\"name\":\"Uczniowie odwiedzili pensjonariuszy - SP Katarzyna\",\"headline\":\"Uczniowie odwiedzili pensjonariuszy\",\"author\":{\"@id\":\"https:\\\/\\\/www.spkatarzyna.pl\\\/index.php\\\/author\\\/agatasafianspkatarzyna-pl\\\/#author\"},\"publisher\":{\"@id\":\"https:\\\/\\\/www.spkatarzyna.pl\\\/#organization\"},\"image\":{\"@type\":\"ImageObject\",\"url\":\"https:\\\/\\\/www.spkatarzyna.pl\\\/wp-content\\\/uploads\\\/2024\\\/12\\\/PHOTO-2024-12-19-11-20-59-2.jpg\",\"width\":360,\"height\":202},\"datePublished\":\"2024-12-19T14:51:15+01:00\",\"dateModified\":\"2024-12-19T14:54:34+01:00\",\"inLanguage\":\"pl-PL\",\"mainEntityOfPage\":{\"@id\":\"https:\\\/\\\/www.spkatarzyna.pl\\\/index.php\\\/2024\\\/12\\\/19\\\/uczniowie-odwiedzili-pensjonariuszy\\\/#webpage\"},\"isPartOf\":{\"@id\":\"https:\\\/\\\/www.spkatarzyna.pl\\\/index.php\\\/2024\\\/12\\\/19\\\/uczniowie-odwiedzili-pensjonariuszy\\\/#webpage\"},\"articleSection\":\"Uncategorized\"},{\"@type\":\"BreadcrumbList\",\"@id\":\"https:\\\/\\\/www.spkatarzyna.pl\\\/index.php\\\/2024\\\/12\\\/19\\\/uczniowie-odwiedzili-pensjonariuszy\\\/#breadcrumblist\",\"itemListElement\":[{\"@type\":\"ListItem\",\"@id\":\"https:\\\/\\\/www.spkatarzyna.pl#listItem\",\"position\":1,\"name\":\"Dom\",\"item\":\"https:\\\/\\\/www.spkatarzyna.pl\",\"nextItem\":{\"@type\":\"ListItem\",\"@id\":\"https:\\\/\\\/www.spkatarzyna.pl\\\/index.php\\\/category\\\/uncategorized\\\/#listItem\",\"name\":\"Uncategorized\"}},{\"@type\":\"ListItem\",\"@id\":\"https:\\\/\\\/www.spkatarzyna.pl\\\/index.php\\\/category\\\/uncategorized\\\/#listItem\",\"position\":2,\"name\":\"Uncategorized\",\"item\":\"https:\\\/\\\/www.spkatarzyna.pl\\\/index.php\\\/category\\\/uncategorized\\\/\",\"nextItem\":{\"@type\":\"ListItem\",\"@id\":\"https:\\\/\\\/www.spkatarzyna.pl\\\/index.php\\\/2024\\\/12\\\/19\\\/uczniowie-odwiedzili-pensjonariuszy\\\/#listItem\",\"name\":\"Uczniowie odwiedzili pensjonariuszy\"},\"previousItem\":{\"@type\":\"ListItem\",\"@id\":\"https:\\\/\\\/www.spkatarzyna.pl#listItem\",\"name\":\"Dom\"}},{\"@type\":\"ListItem\",\"@id\":\"https:\\\/\\\/www.spkatarzyna.pl\\\/index.php\\\/2024\\\/12\\\/19\\\/uczniowie-odwiedzili-pensjonariuszy\\\/#listItem\",\"position\":3,\"name\":\"Uczniowie odwiedzili pensjonariuszy\",\"previousItem\":{\"@type\":\"ListItem\",\"@id\":\"https:\\\/\\\/www.spkatarzyna.pl\\\/index.php\\\/category\\\/uncategorized\\\/#listItem\",\"name\":\"Uncategorized\"}}]},{\"@type\":\"Organization\",\"@id\":\"https:\\\/\\\/www.spkatarzyna.pl\\\/#organization\",\"name\":\"SP Katarzyna\",\"description\":\"Publiczna Szko\\u0142a Podstawowa w \\u015awi\\u0119tej Katarzynie\",\"url\":\"https:\\\/\\\/www.spkatarzyna.pl\\\/\",\"telephone\":\"+48713116378\",\"sameAs\":[\"https:\\\/\\\/facebook.com\\\/\",\"https:\\\/\\\/x.com\\\/\",\"https:\\\/\\\/instagram.com\\\/\",\"https:\\\/\\\/pinterest.com\\\/\",\"https:\\\/\\\/youtube.com\\\/\",\"https:\\\/\\\/linkedin.com\\\/in\\\/\"]},{\"@type\":\"Person\",\"@id\":\"https:\\\/\\\/www.spkatarzyna.pl\\\/index.php\\\/author\\\/agatasafianspkatarzyna-pl\\\/#author\",\"url\":\"https:\\\/\\\/www.spkatarzyna.pl\\\/index.php\\\/author\\\/agatasafianspkatarzyna-pl\\\/\",\"name\":\"Redakcja\",\"image\":{\"@type\":\"ImageObject\",\"@id\":\"https:\\\/\\\/www.spkatarzyna.pl\\\/index.php\\\/2024\\\/12\\\/19\\\/uczniowie-odwiedzili-pensjonariuszy\\\/#authorImage\",\"url\":\"https:\\\/\\\/secure.gravatar.com\\\/avatar\\\/765290513df94d442152250e92b42327?s=96&d=mm&r=g\",\"width\":96,\"height\":96,\"caption\":\"Redakcja\"}},{\"@type\":\"WebPage\",\"@id\":\"https:\\\/\\\/www.spkatarzyna.pl\\\/index.php\\\/2024\\\/12\\\/19\\\/uczniowie-odwiedzili-pensjonariuszy\\\/#webpage\",\"url\":\"https:\\\/\\\/www.spkatarzyna.pl\\\/index.php\\\/2024\\\/12\\\/19\\\/uczniowie-odwiedzili-pensjonariuszy\\\/\",\"name\":\"Uczniowie odwiedzili pensjonariuszy - SP Katarzyna\",\"description\":\"18 grudnia nasi uczniowie odwiedzili pensjonariuszy Zak\\u0142adu Opieku\\u0144czo Leczniczego w \\u015awi\\u0119tej Katarzynie. Dla m\\u0142odych aktor\\u00f3w nie by\\u0142 to \\u201ctylko\\u201d wyst\\u0119p, ale przede wszystkim szko\\u0142a szacunku i wra\\u017cliwo\\u015bci. Przedstawienie przeplatane by\\u0142o kol\\u0119dami i pastora\\u0142kami. Na koniec wr\\u0119czyli\\u015bmy drobne upominki \\u2013 w\\u0142asnor\\u0119cznie przygotowane anio\\u0142y. U\\u015bmiech i wzruszenie na twarzach ogl\\u0105daj\\u0105cych by\\u0142y najwspanialsz\\u0105 nagrod\\u0105 za trud w\\u0142o\\u017cony w\",\"inLanguage\":\"pl-PL\",\"isPartOf\":{\"@id\":\"https:\\\/\\\/www.spkatarzyna.pl\\\/#website\"},\"breadcrumb\":{\"@id\":\"https:\\\/\\\/www.spkatarzyna.pl\\\/index.php\\\/2024\\\/12\\\/19\\\/uczniowie-odwiedzili-pensjonariuszy\\\/#breadcrumblist\"},\"author\":{\"@id\":\"https:\\\/\\\/www.spkatarzyna.pl\\\/index.php\\\/author\\\/agatasafianspkatarzyna-pl\\\/#author\"},\"creator\":{\"@id\":\"https:\\\/\\\/www.spkatarzyna.pl\\\/index.php\\\/author\\\/agatasafianspkatarzyna-pl\\\/#author\"},\"image\":{\"@type\":\"ImageObject\",\"url\":\"https:\\\/\\\/www.spkatarzyna.pl\\\/wp-content\\\/uploads\\\/2024\\\/12\\\/PHOTO-2024-12-19-11-20-59-2.jpg\",\"@id\":\"https:\\\/\\\/www.spkatarzyna.pl\\\/index.php\\\/2024\\\/12\\\/19\\\/uczniowie-odwiedzili-pensjonariuszy\\\/#mainImage\",\"width\":360,\"height\":202},\"primaryImageOfPage\":{\"@id\":\"https:\\\/\\\/www.spkatarzyna.pl\\\/index.php\\\/2024\\\/12\\\/19\\\/uczniowie-odwiedzili-pensjonariuszy\\\/#mainImage\"},\"datePublished\":\"2024-12-19T14:51:15+01:00\",\"dateModified\":\"2024-12-19T14:54:34+01:00\"},{\"@type\":\"WebSite\",\"@id\":\"https:\\\/\\\/www.spkatarzyna.pl\\\/#website\",\"url\":\"https:\\\/\\\/www.spkatarzyna.pl\\\/\",\"name\":\"SP Katarzyna\",\"description\":\"Publiczna Szko\\u0142a Podstawowa w \\u015awi\\u0119tej Katarzynie\",\"inLanguage\":\"pl-PL\",\"publisher\":{\"@id\":\"https:\\\/\\\/www.spkatarzyna.pl\\\/#organization\"}}]}\n\t\t<\/script>\n\t\t<!-- All in One SEO -->\n\n","aioseo_head_json":{"title":"Uczniowie odwiedzili pensjonariuszy - SP Katarzyna","description":"18 grudnia nasi uczniowie odwiedzili pensjonariuszy Zak\u0142adu Opieku\u0144czo Leczniczego w \u015awi\u0119tej Katarzynie. Dla m\u0142odych aktor\u00f3w nie by\u0142 to \u201ctylko\u201d wyst\u0119p, ale przede wszystkim szko\u0142a szacunku i wra\u017cliwo\u015bci. Przedstawienie przeplatane by\u0142o kol\u0119dami i pastora\u0142kami. Na koniec wr\u0119czyli\u015bmy drobne upominki \u2013 w\u0142asnor\u0119cznie przygotowane anio\u0142y. U\u015bmiech i wzruszenie na twarzach ogl\u0105daj\u0105cych by\u0142y najwspanialsz\u0105 nagrod\u0105 za trud w\u0142o\u017cony w","canonical_url":"https:\/\/www.spkatarzyna.pl\/index.php\/2024\/12\/19\/uczniowie-odwiedzili-pensjonariuszy\/","robots":"max-image-preview:large","keywords":"","webmasterTools":{"miscellaneous":""},"schema":{"@context":"https:\/\/schema.org","@graph":[{"@type":"BlogPosting","@id":"https:\/\/www.spkatarzyna.pl\/index.php\/2024\/12\/19\/uczniowie-odwiedzili-pensjonariuszy\/#blogposting","name":"Uczniowie odwiedzili pensjonariuszy - SP Katarzyna","headline":"Uczniowie odwiedzili pensjonariuszy","author":{"@id":"https:\/\/www.spkatarzyna.pl\/index.php\/author\/agatasafianspkatarzyna-pl\/#author"},"publisher":{"@id":"https:\/\/www.spkatarzyna.pl\/#organization"},"image":{"@type":"ImageObject","url":"https:\/\/www.spkatarzyna.pl\/wp-content\/uploads\/2024\/12\/PHOTO-2024-12-19-11-20-59-2.jpg","width":360,"height":202},"datePublished":"2024-12-19T14:51:15+01:00","dateModified":"2024-12-19T14:54:34+01:00","inLanguage":"pl-PL","mainEntityOfPage":{"@id":"https:\/\/www.spkatarzyna.pl\/index.php\/2024\/12\/19\/uczniowie-odwiedzili-pensjonariuszy\/#webpage"},"isPartOf":{"@id":"https:\/\/www.spkatarzyna.pl\/index.php\/2024\/12\/19\/uczniowie-odwiedzili-pensjonariuszy\/#webpage"},"articleSection":"Uncategorized"},{"@type":"BreadcrumbList","@id":"https:\/\/www.spkatarzyna.pl\/index.php\/2024\/12\/19\/uczniowie-odwiedzili-pensjonariuszy\/#breadcrumblist","itemListElement":[{"@type":"ListItem","@id":"https:\/\/www.spkatarzyna.pl#listItem","position":1,"name":"Dom","item":"https:\/\/www.spkatarzyna.pl","nextItem":{"@type":"ListItem","@id":"https:\/\/www.spkatarzyna.pl\/index.php\/category\/uncategorized\/#listItem","name":"Uncategorized"}},{"@type":"ListItem","@id":"https:\/\/www.spkatarzyna.pl\/index.php\/category\/uncategorized\/#listItem","position":2,"name":"Uncategorized","item":"https:\/\/www.spkatarzyna.pl\/index.php\/category\/uncategorized\/","nextItem":{"@type":"ListItem","@id":"https:\/\/www.spkatarzyna.pl\/index.php\/2024\/12\/19\/uczniowie-odwiedzili-pensjonariuszy\/#listItem","name":"Uczniowie odwiedzili pensjonariuszy"},"previousItem":{"@type":"ListItem","@id":"https:\/\/www.spkatarzyna.pl#listItem","name":"Dom"}},{"@type":"ListItem","@id":"https:\/\/www.spkatarzyna.pl\/index.php\/2024\/12\/19\/uczniowie-odwiedzili-pensjonariuszy\/#listItem","position":3,"name":"Uczniowie odwiedzili pensjonariuszy","previousItem":{"@type":"ListItem","@id":"https:\/\/www.spkatarzyna.pl\/index.php\/category\/uncategorized\/#listItem","name":"Uncategorized"}}]},{"@type":"Organization","@id":"https:\/\/www.spkatarzyna.pl\/#organization","name":"SP Katarzyna","description":"Publiczna Szko\u0142a Podstawowa w \u015awi\u0119tej Katarzynie","url":"https:\/\/www.spkatarzyna.pl\/","telephone":"+48713116378","sameAs":["https:\/\/facebook.com\/","https:\/\/x.com\/","https:\/\/instagram.com\/","https:\/\/pinterest.com\/","https:\/\/youtube.com\/","https:\/\/linkedin.com\/in\/"]},{"@type":"Person","@id":"https:\/\/www.spkatarzyna.pl\/index.php\/author\/agatasafianspkatarzyna-pl\/#author","url":"https:\/\/www.spkatarzyna.pl\/index.php\/author\/agatasafianspkatarzyna-pl\/","name":"Redakcja","image":{"@type":"ImageObject","@id":"https:\/\/www.spkatarzyna.pl\/index.php\/2024\/12\/19\/uczniowie-odwiedzili-pensjonariuszy\/#authorImage","url":"https:\/\/secure.gravatar.com\/avatar\/765290513df94d442152250e92b42327?s=96&d=mm&r=g","width":96,"height":96,"caption":"Redakcja"}},{"@type":"WebPage","@id":"https:\/\/www.spkatarzyna.pl\/index.php\/2024\/12\/19\/uczniowie-odwiedzili-pensjonariuszy\/#webpage","url":"https:\/\/www.spkatarzyna.pl\/index.php\/2024\/12\/19\/uczniowie-odwiedzili-pensjonariuszy\/","name":"Uczniowie odwiedzili pensjonariuszy - SP Katarzyna","description":"18 grudnia nasi uczniowie odwiedzili pensjonariuszy Zak\u0142adu Opieku\u0144czo Leczniczego w \u015awi\u0119tej Katarzynie. Dla m\u0142odych aktor\u00f3w nie by\u0142 to \u201ctylko\u201d wyst\u0119p, ale przede wszystkim szko\u0142a szacunku i wra\u017cliwo\u015bci. Przedstawienie przeplatane by\u0142o kol\u0119dami i pastora\u0142kami. Na koniec wr\u0119czyli\u015bmy drobne upominki \u2013 w\u0142asnor\u0119cznie przygotowane anio\u0142y. U\u015bmiech i wzruszenie na twarzach ogl\u0105daj\u0105cych by\u0142y najwspanialsz\u0105 nagrod\u0105 za trud w\u0142o\u017cony w","inLanguage":"pl-PL","isPartOf":{"@id":"https:\/\/www.spkatarzyna.pl\/#website"},"breadcrumb":{"@id":"https:\/\/www.spkatarzyna.pl\/index.php\/2024\/12\/19\/uczniowie-odwiedzili-pensjonariuszy\/#breadcrumblist"},"author":{"@id":"https:\/\/www.spkatarzyna.pl\/index.php\/author\/agatasafianspkatarzyna-pl\/#author"},"creator":{"@id":"https:\/\/www.spkatarzyna.pl\/index.php\/author\/agatasafianspkatarzyna-pl\/#author"},"image":{"@type":"ImageObject","url":"https:\/\/www.spkatarzyna.pl\/wp-content\/uploads\/2024\/12\/PHOTO-2024-12-19-11-20-59-2.jpg","@id":"https:\/\/www.spkatarzyna.pl\/index.php\/2024\/12\/19\/uczniowie-odwiedzili-pensjonariuszy\/#mainImage","width":360,"height":202},"primaryImageOfPage":{"@id":"https:\/\/www.spkatarzyna.pl\/index.php\/2024\/12\/19\/uczniowie-odwiedzili-pensjonariuszy\/#mainImage"},"datePublished":"2024-12-19T14:51:15+01:00","dateModified":"2024-12-19T14:54:34+01:00"},{"@type":"WebSite","@id":"https:\/\/www.spkatarzyna.pl\/#website","url":"https:\/\/www.spkatarzyna.pl\/","name":"SP Katarzyna","description":"Publiczna Szko\u0142a Podstawowa w \u015awi\u0119tej Katarzynie","inLanguage":"pl-PL","publisher":{"@id":"https:\/\/www.spkatarzyna.pl\/#organization"}}]},"og:locale":"pl_PL","og:site_name":"SP Katarzyna - Publiczna Szko\u0142a Podstawowa w \u015awi\u0119tej Katarzynie","og:type":"article","og:title":"Uczniowie odwiedzili pensjonariuszy - SP Katarzyna","og:description":"18 grudnia nasi uczniowie odwiedzili pensjonariuszy Zak\u0142adu Opieku\u0144czo Leczniczego w \u015awi\u0119tej Katarzynie. Dla m\u0142odych aktor\u00f3w nie by\u0142 to \u201ctylko\u201d wyst\u0119p, ale przede wszystkim szko\u0142a szacunku i wra\u017cliwo\u015bci. Przedstawienie przeplatane by\u0142o kol\u0119dami i pastora\u0142kami. Na koniec wr\u0119czyli\u015bmy drobne upominki \u2013 w\u0142asnor\u0119cznie przygotowane anio\u0142y. U\u015bmiech i wzruszenie na twarzach ogl\u0105daj\u0105cych by\u0142y najwspanialsz\u0105 nagrod\u0105 za trud w\u0142o\u017cony w","og:url":"https:\/\/www.spkatarzyna.pl\/index.php\/2024\/12\/19\/uczniowie-odwiedzili-pensjonariuszy\/","article:published_time":"2024-12-19T14:51:15+00:00","article:modified_time":"2024-12-19T14:54:34+00:00","twitter:card":"summary_large_image","twitter:title":"Uczniowie odwiedzili pensjonariuszy - SP Katarzyna","twitter:description":"18 grudnia nasi uczniowie odwiedzili pensjonariuszy Zak\u0142adu Opieku\u0144czo Leczniczego w \u015awi\u0119tej Katarzynie. Dla m\u0142odych aktor\u00f3w nie by\u0142 to \u201ctylko\u201d wyst\u0119p, ale przede wszystkim szko\u0142a szacunku i wra\u017cliwo\u015bci. Przedstawienie przeplatane by\u0142o kol\u0119dami i pastora\u0142kami. Na koniec wr\u0119czyli\u015bmy drobne upominki \u2013 w\u0142asnor\u0119cznie przygotowane anio\u0142y. U\u015bmiech i wzruszenie na twarzach ogl\u0105daj\u0105cych by\u0142y najwspanialsz\u0105 nagrod\u0105 za trud w\u0142o\u017cony w"},"aioseo_meta_data":{"post_id":"13504","title":null,"description":null,"keywords":null,"keyphrases":{"focus":{"keyphrase":"","score":0,"analysis":{"keyphraseInTitle":{"score":0,"maxScore":9,"error":1}}},"additional":[]},"primary_term":null,"canonical_url":null,"og_title":null,"og_description":null,"og_object_type":"default","og_image_type":"default","og_image_url":null,"og_image_width":null,"og_image_height":null,"og_image_custom_url":null,"og_image_custom_fields":null,"og_video":"","og_custom_url":null,"og_article_section":null,"og_article_tags":null,"twitter_use_og":false,"twitter_card":"default","twitter_image_type":"default","twitter_image_url":null,"twitter_image_custom_url":null,"twitter_image_custom_fields":null,"twitter_title":null,"twitter_description":null,"schema":{"blockGraphs":[],"customGraphs":[],"default":{"data":{"Article":[],"Course":[],"Dataset":[],"FAQPage":[],"Movie":[],"Person":[],"Product":[],"ProductReview":[],"Car":[],"Recipe":[],"Service":[],"SoftwareApplication":[],"WebPage":[]},"graphName":"BlogPosting","isEnabled":true},"graphs":[]},"schema_type":"default","schema_type_options":null,"pillar_content":false,"robots_default":true,"robots_noindex":false,"robots_noarchive":false,"robots_nosnippet":false,"robots_nofollow":false,"robots_noimageindex":false,"robots_noodp":false,"robots_notranslate":false,"robots_max_snippet":"-1","robots_max_videopreview":"-1","robots_max_imagepreview":"large","priority":null,"frequency":"default","local_seo":null,"limit_modified_date":false,"created":"2024-12-19 14:51:15","updated":"2026-09-03 16:12:08","focus_keyword":null,"additional_keywords":null,"truseo_locale":null,"ai":null,"breadcrumb_settings":null,"seo_analyzer_scan_date":null},"aioseo_breadcrumb":"<div class=\"aioseo-breadcrumbs\"><span class=\"aioseo-breadcrumb\">\n\t\t\t<a href=\"https:\/\/www.spkatarzyna.pl\" title=\"Dom\">Dom<\/a>\n\t\t<\/span><span class=\"aioseo-breadcrumb-separator\">&raquo;<\/span><span class=\"aioseo-breadcrumb\">\n\t\t\t<a href=\"https:\/\/www.spkatarzyna.pl\/index.php\/category\/uncategorized\/\" title=\"Uncategorized\">Uncategorized<\/a>\n\t\t<\/span><span class=\"aioseo-breadcrumb-separator\">&raquo;<\/span><span class=\"aioseo-breadcrumb\">\n\t\t\tUczniowie odwiedzili pensjonariuszy\n\t\t<\/span><\/div>","aioseo_breadcrumb_json":[{"label":"Dom","link":"https:\/\/www.spkatarzyna.pl"},{"label":"Uncategorized","link":"https:\/\/www.spkatarzyna.pl\/index.php\/category\/uncategorized\/"},{"label":"Uczniowie odwiedzili pensjonariuszy","link":"https:\/\/www.spkatarzyna.pl\/index.php\/2024\/12\/19\/uczniowie-odwiedzili-pensjonariuszy\/"}],"_links":{"self":[{"href":"https:\/\/www.spkatarzyna.pl\/index.php\/wp-json\/wp\/v2\/posts\/13504","targetHints":{"allow":["GET"]}}],"collection":[{"href":"https:\/\/www.spkatarzyna.pl\/index.php\/wp-json\/wp\/v2\/posts"}],"about":[{"href":"https:\/\/www.spkatarzyna.pl\/index.php\/wp-json\/wp\/v2\/types\/post"}],"author":[{"embeddable":true,"href":"https:\/\/www.spkatarzyna.pl\/index.php\/wp-json\/wp\/v2\/users\/6"}],"replies":[{"embeddable":true,"href":"https:\/\/www.spkatarzyna.pl\/index.php\/wp-json\/wp\/v2\/comments?post=13504"}],"version-history":[{"count":4,"href":"https:\/\/www.spkatarzyna.pl\/index.php\/wp-json\/wp\/v2\/posts\/13504\/revisions"}],"predecessor-version":[{"id":13514,"href":"https:\/\/www.spkatarzyna.pl\/index.php\/wp-json\/wp\/v2\/posts\/13504\/revisions\/13514"}],"wp:featuredmedia":[{"embeddable":true,"href":"https:\/\/www.spkatarzyna.pl\/index.php\/wp-json\/wp\/v2\/media\/13505"}],"wp:attachment":[{"href":"https:\/\/www.spkatarzyna.pl\/index.php\/wp-json\/wp\/v2\/media?parent=13504"}],"wp:term":[{"taxonomy":"category","embeddable":true,"href":"https:\/\/www.spkatarzyna.pl\/index.php\/wp-json\/wp\/v2\/categories?post=13504"},{"taxonomy":"post_tag","embeddable":true,"href":"https:\/\/www.spkatarzyna.pl\/index.php\/wp-json\/wp\/v2\/tags?post=13504"}],"curies":[{"name":"wp","href":"https:\/\/api.w.org\/{rel}","templated":true}]}}