{"id":13530,"date":"2024-12-23T21:45:37","date_gmt":"2024-12-23T21:45:37","guid":{"rendered":"https:\/\/www.spkatarzyna.pl\/?p=13530"},"modified":"2024-12-30T08:01:35","modified_gmt":"2024-12-30T08:01:35","slug":"jaselka-2024","status":"publish","type":"post","link":"https:\/\/www.spkatarzyna.pl\/index.php\/2024\/12\/23\/jaselka-2024\/","title":{"rendered":"Jase\u0142ka 2024"},"content":{"rendered":"\t\t<div data-elementor-type=\"wp-post\" data-elementor-id=\"13530\" class=\"elementor elementor-13530\">\n\t\t\t\t\t\t<section class=\"elementor-section elementor-top-section elementor-element elementor-element-55d25da9 elementor-section-boxed elementor-section-height-default elementor-section-height-default\" data-id=\"55d25da9\" data-element_type=\"section\">\n\t\t\t\t\t\t<div class=\"elementor-container elementor-column-gap-default\">\n\t\t\t\t\t<div class=\"elementor-column elementor-col-100 elementor-top-column elementor-element elementor-element-c960895\" data-id=\"c960895\" data-element_type=\"column\">\n\t\t\t<div class=\"elementor-widget-wrap elementor-element-populated\">\n\t\t\t\t\t\t<div class=\"elementor-element elementor-element-773f276 elementor-widget elementor-widget-video\" data-id=\"773f276\" data-element_type=\"widget\" data-settings=\"{&quot;youtube_url&quot;:&quot;https:\\\/\\\/youtu.be\\\/ZxcD6oMv7-E?si=cQYJ8zL9bxmztyLt&quot;,&quot;video_type&quot;:&quot;youtube&quot;,&quot;controls&quot;:&quot;yes&quot;}\" data-widget_type=\"video.default\">\n\t\t\t\t\t\t\t<div class=\"elementor-wrapper elementor-open-inline\">\n\t\t\t<div class=\"elementor-video\"><\/div>\t\t<\/div>\n\t\t\t\t\t\t<\/div>\n\t\t\t\t<div class=\"elementor-element elementor-element-77dd66a1 elementor-widget elementor-widget-text-editor\" data-id=\"77dd66a1\" data-element_type=\"widget\" data-widget_type=\"text-editor.default\">\n\t\t\t\t\t\t\t\t\t<p style=\"text-align: justify;\"><span style=\"font-weight: 400; font-size: 14pt;\">Jase\u0142ka swym pocz\u0105tkiem si\u0119gaj\u0105 ju\u017c XII wieku i wywodz\u0105 si\u0119 z franciszka\u0144skiej kultury budowania groty betlejemskiej, ustawiania figur w ko\u015bciele. Zwyczaj odgrywania scen biblijnych zwi\u0105zanych z Narodzeniem Pa\u0144skim na sta\u0142e wpisa\u0142 si\u0119 w nasz\u0105 tradycj\u0119.<\/span><\/p>\n<p style=\"text-align: justify;\"><span style=\"font-weight: 400; font-size: 14pt;\">Uczniowie naszej szko\u0142y rok w rok podejmuj\u0105 pr\u00f3by interpretacji tego niezwyk\u0142ego wydarzenia. W pi\u0105tek 20 grudnia ca\u0142a spo\u0142eczno\u015b\u0107 naszej szko\u0142y zebra\u0142a si\u0119 na hali gimnastycznej, aby wsp\u00f3lnie pos\u0142ucha\u0107 fragment\u00f3w Pisma \u015awi\u0119tego. Symbolicznym dope\u0142nieniem by\u0142 taniec anio\u0142\u00f3w oraz wsp\u00f3lnie za\u015bpiewane kol\u0119dy.&nbsp;<\/span><\/p>\n<p style=\"text-align: justify;\"><span style=\"font-weight: 400; font-size: 14pt;\">Wyst\u0119p zako\u0144czyli\u015bmy pastora\u0142k\u0105 \u201cOd serca do ucha\u201d, obwieszczaj\u0105c\u0105 radosn\u0105 nowin\u0119.&nbsp;<\/span><\/p>\n<p style=\"text-align: justify;\"><span style=\"font-weight: 400; font-size: 14pt;\">Tego samego dnia Pani Dyrektor wr\u0119czy\u0142a stypendia szkolne za rok 2023\/2024.&nbsp;<\/span><\/p>\n<p style=\"text-align: justify;\"><span style=\"font-weight: 400; font-size: 14pt;\">Uhonorowani zostali:<\/span><\/p>\n<p style=\"text-align: justify;\"><span style=\"font-weight: 400; font-size: 14pt;\">1.Liwia Domaga\u0142a uczennica klasy 8b- za znacz\u0105ce osi\u0105gni\u0119cia edukacyjne &nbsp;<\/span><\/p>\n<p style=\"text-align: justify;\"><span style=\"font-size: 14pt;\">2.Barbara D\u0105browska uczennica klasy 8a &#8211; za znacz\u0105ce osi\u0105gni\u0119cia edukacyjne&nbsp;<\/span><\/p>\n<p style=\"text-align: justify;\"><span style=\"font-weight: 400; font-size: 14pt;\">3.Jakub \u0141ukasz\u00f3w ucze\u0144 klasy 8b- za osi\u0105gni\u0119cia sportowe<\/span><\/p>\n<p style=\"text-align: justify;\"><span style=\"font-size: 14pt;\">4.Bruno Zalewski ucze\u0144 klasy 8a \u2013 za osi\u0105gni\u0119cia artystyczne&nbsp;<\/span><\/p>\n<p style=\"text-align: justify;\"><span style=\"font-weight: 400; font-size: 14pt;\">5.Jan Kozielski ucze\u0144 klasy 7b \u2013 za osi\u0105gni\u0119cia edukacyjne <\/span><\/p>\n<p style=\"text-align: justify;\"><span style=\"font-size: 14pt;\">6.Hanna Zatopia\u0144ska uczennica klasy 7b \u2013 za osi\u0105gni\u0119cia edukacyjne&nbsp;<\/span><\/p>\n<p style=\"text-align: justify;\"><span style=\"font-weight: 400; font-size: 14pt;\">7.Tadeusz Kozik ucze\u0144 klasy 6a \u2013 za osi\u0105gni\u0119cia edukacyjne<\/span><\/p>\n<p style=\"text-align: justify;\"><span style=\"font-weight: 400; font-size: 14pt;\">8.Jakub Herbu\u015b ucze\u0144 klasy 6b \u2013 za osi\u0105gni\u0119cia edukacyjne&nbsp;&nbsp;<\/span><\/p>\n<p style=\"text-align: justify;\"><span style=\"font-weight: 400; font-size: 14pt;\">9.Miko\u0142aj Kurylczyk ucze\u0144 klasy 8b \u2013 za osi\u0105gni\u0119cia edukacyjne <\/span><\/p>\n<p style=\"text-align: justify;\"><span style=\"font-size: 14pt;\">10.Szymon S\u0142awek ucze\u0144 klasy 6c \u2013 za osi\u0105gni\u0119cia edukacyjne&nbsp;<\/span><\/p>\n<p style=\"text-align: justify;\"><span style=\"font-weight: 400; font-size: 14pt;\">11.Wojciech Jasi\u0144ski ucze\u0144 klasy 7c &#8211; za osi\u0105gni\u0119cia edukacyjne <\/span><\/p>\n<p style=\"text-align: justify;\"><span style=\"font-size: 14pt;\">12.Zuzanna Ma\u0142ecka&nbsp; uczennica klasy 7c- za&nbsp; osi\u0105gni\u0119cia edukacyjne&nbsp;<\/span><\/p>\n<p style=\"text-align: justify;\"><span style=\"font-weight: 400; font-size: 14pt;\">13.Oliwia Matkowska&nbsp; uczennica klasy 5c- za osi\u0105gni\u0119cia edukacyjne&nbsp;<\/span><\/p>\n<p style=\"text-align: justify;\"><span style=\"font-weight: 400; font-size: 14pt;\">14.Bruno Staniewski&nbsp; ucze\u0144 klasy 6c \u2013 za osi\u0105gni\u0119cia edukacyjne&nbsp;<\/span><\/p>\n<p style=\"text-align: justify;\"><span style=\"font-weight: 400; font-size: 14pt;\">15.Hanna Szyba&nbsp; uczennica klasy 7a- za osi\u0105gni\u0119cia edukacyjne <\/span><\/p>\n<p style=\"text-align: justify;\"><span style=\"font-size: 14pt;\">16.Weronika Jancyk uczennica klasy 6b &#8211; za osi\u0105gni\u0119cia edukacyjne&nbsp;<\/span><\/p>\n<p style=\"text-align: justify;\"><span style=\"font-weight: 400; font-size: 14pt;\">17.Laura Bana\u015b&nbsp; uczennica klasy 5a-&nbsp; za osi\u0105gni\u0119cia edukacyjne&nbsp;<\/span><\/p>\n<p style=\"text-align: justify;\"><span style=\"font-weight: 400; font-size: 14pt;\">Gratulujemy!&nbsp;<\/span><\/p>\t\t\t\t\t\t\t\t<\/div>\n\t\t\t\t<div class=\"elementor-element elementor-element-a3c64c1 elementor-widget elementor-widget-image-gallery\" data-id=\"a3c64c1\" data-element_type=\"widget\" data-widget_type=\"image-gallery.default\">\n\t\t\t\t\t\t\t<div class=\"elementor-image-gallery\">\n\t\t\t\n\t\t<div id='gallery-1' class='gallery galleryid-13530 gallery-columns-4 gallery-size-thumbnail gallery1'><script type=\"text\/javascript\">\n\/\/ <![CDATA[\n\tjQuery(document).ready(function () {\n\t\tjQuery(\".gallery1 a\").attr(\"rel\",\"gallery1\");\t\n\t\tjQuery('a[rel=\"gallery1\"]').colorbox({title: function(){ return jQuery(this).children().attr(\"alt\"); }});\n\t});\n\/\/ ]]>\n<\/script>\n<dl class=\"gallery-item\">\n<dt class=\"gallery-icon\">\n<a href=\"https:\/\/www.spkatarzyna.pl\/wp-content\/uploads\/2024\/12\/IMG_1816-300x200.jpg\" title=\"\" rel=\"gallery1\" rel=\"lightbox[13530]\"><img decoding=\"async\" src=\"https:\/\/www.spkatarzyna.pl\/wp-content\/uploads\/2024\/12\/IMG_1816-150x150.jpg\" width=\"150\" height=\"150\" alt=\"\" \/><\/a>\n<\/dt><\/dl><dl class=\"gallery-item\">\n<dt class=\"gallery-icon\">\n<a href=\"https:\/\/www.spkatarzyna.pl\/wp-content\/uploads\/2024\/12\/IMG_1828-300x200.jpg\" title=\"\" rel=\"gallery1\" rel=\"lightbox[13530]\"><img decoding=\"async\" src=\"https:\/\/www.spkatarzyna.pl\/wp-content\/uploads\/2024\/12\/IMG_1828-150x150.jpg\" width=\"150\" height=\"150\" alt=\"\" \/><\/a>\n<\/dt><\/dl><dl class=\"gallery-item\">\n<dt class=\"gallery-icon\">\n<a href=\"https:\/\/www.spkatarzyna.pl\/wp-content\/uploads\/2024\/12\/IMG_1830-300x200.jpg\" title=\"\" rel=\"gallery1\" rel=\"lightbox[13530]\"><img decoding=\"async\" src=\"https:\/\/www.spkatarzyna.pl\/wp-content\/uploads\/2024\/12\/IMG_1830-150x150.jpg\" width=\"150\" height=\"150\" alt=\"\" \/><\/a>\n<\/dt><\/dl><dl class=\"gallery-item\">\n<dt class=\"gallery-icon\">\n<a href=\"https:\/\/www.spkatarzyna.pl\/wp-content\/uploads\/2024\/12\/IMG_1834-300x200.jpg\" title=\"\" rel=\"gallery1\" rel=\"lightbox[13530]\"><img loading=\"lazy\" decoding=\"async\" src=\"https:\/\/www.spkatarzyna.pl\/wp-content\/uploads\/2024\/12\/IMG_1834-150x150.jpg\" width=\"150\" height=\"150\" alt=\"\" \/><\/a>\n<\/dt><\/dl><br style=\"clear: both\" \/><dl class=\"gallery-item\">\n<dt class=\"gallery-icon\">\n<a href=\"https:\/\/www.spkatarzyna.pl\/wp-content\/uploads\/2024\/12\/IMG_1833-300x200.jpg\" title=\"\" rel=\"gallery1\" rel=\"lightbox[13530]\"><img loading=\"lazy\" decoding=\"async\" src=\"https:\/\/www.spkatarzyna.pl\/wp-content\/uploads\/2024\/12\/IMG_1833-150x150.jpg\" width=\"150\" height=\"150\" alt=\"\" \/><\/a>\n<\/dt><\/dl><dl class=\"gallery-item\">\n<dt class=\"gallery-icon\">\n<a href=\"https:\/\/www.spkatarzyna.pl\/wp-content\/uploads\/2024\/12\/IMG_1837-300x200.jpg\" title=\"\" rel=\"gallery1\" rel=\"lightbox[13530]\"><img loading=\"lazy\" decoding=\"async\" src=\"https:\/\/www.spkatarzyna.pl\/wp-content\/uploads\/2024\/12\/IMG_1837-150x150.jpg\" width=\"150\" height=\"150\" alt=\"\" \/><\/a>\n<\/dt><\/dl><dl class=\"gallery-item\">\n<dt class=\"gallery-icon\">\n<a href=\"https:\/\/www.spkatarzyna.pl\/wp-content\/uploads\/2024\/12\/IMG_1839-300x200.jpg\" title=\"\" rel=\"gallery1\" rel=\"lightbox[13530]\"><img loading=\"lazy\" decoding=\"async\" src=\"https:\/\/www.spkatarzyna.pl\/wp-content\/uploads\/2024\/12\/IMG_1839-150x150.jpg\" width=\"150\" height=\"150\" alt=\"\" \/><\/a>\n<\/dt><\/dl><dl class=\"gallery-item\">\n<dt class=\"gallery-icon\">\n<a href=\"https:\/\/www.spkatarzyna.pl\/wp-content\/uploads\/2024\/12\/IMG_1840-300x200.jpg\" title=\"\" rel=\"gallery1\" rel=\"lightbox[13530]\"><img loading=\"lazy\" decoding=\"async\" src=\"https:\/\/www.spkatarzyna.pl\/wp-content\/uploads\/2024\/12\/IMG_1840-150x150.jpg\" width=\"150\" height=\"150\" alt=\"\" \/><\/a>\n<\/dt><\/dl><br style=\"clear: both\" \/><dl class=\"gallery-item\">\n<dt class=\"gallery-icon\">\n<a href=\"https:\/\/www.spkatarzyna.pl\/wp-content\/uploads\/2024\/12\/IMG_1842-300x200.jpg\" title=\"\" rel=\"gallery1\" rel=\"lightbox[13530]\"><img loading=\"lazy\" decoding=\"async\" src=\"https:\/\/www.spkatarzyna.pl\/wp-content\/uploads\/2024\/12\/IMG_1842-150x150.jpg\" width=\"150\" height=\"150\" alt=\"\" \/><\/a>\n<\/dt><\/dl><dl class=\"gallery-item\">\n<dt class=\"gallery-icon\">\n<a href=\"https:\/\/www.spkatarzyna.pl\/wp-content\/uploads\/2024\/12\/IMG_1843-300x200.jpg\" title=\"\" rel=\"gallery1\" rel=\"lightbox[13530]\"><img loading=\"lazy\" decoding=\"async\" src=\"https:\/\/www.spkatarzyna.pl\/wp-content\/uploads\/2024\/12\/IMG_1843-150x150.jpg\" width=\"150\" height=\"150\" alt=\"\" \/><\/a>\n<\/dt><\/dl><dl class=\"gallery-item\">\n<dt class=\"gallery-icon\">\n<a href=\"https:\/\/www.spkatarzyna.pl\/wp-content\/uploads\/2024\/12\/IMG_1848-300x200.jpg\" title=\"\" rel=\"gallery1\" rel=\"lightbox[13530]\"><img loading=\"lazy\" decoding=\"async\" src=\"https:\/\/www.spkatarzyna.pl\/wp-content\/uploads\/2024\/12\/IMG_1848-150x150.jpg\" width=\"150\" height=\"150\" alt=\"\" \/><\/a>\n<\/dt><\/dl><dl class=\"gallery-item\">\n<dt class=\"gallery-icon\">\n<a href=\"https:\/\/www.spkatarzyna.pl\/wp-content\/uploads\/2024\/12\/IMG_1854-300x200.jpg\" title=\"\" rel=\"gallery1\" rel=\"lightbox[13530]\"><img loading=\"lazy\" decoding=\"async\" src=\"https:\/\/www.spkatarzyna.pl\/wp-content\/uploads\/2024\/12\/IMG_1854-150x150.jpg\" width=\"150\" height=\"150\" alt=\"\" \/><\/a>\n<\/dt><\/dl><br style=\"clear: both\" \/><br style=\"clear: both\" \/><\/div>\t\t<\/div>\n\t\t\t\t\t\t<\/div>\n\t\t\t\t\t<\/div>\n\t\t<\/div>\n\t\t\t\t\t<\/div>\n\t\t<\/section>\n\t\t\t\t<\/div>\n\t\t","protected":false},"excerpt":{"rendered":"<p>https:\/\/youtu.be\/ZxcD6oMv7-E?si=cQYJ8zL9bxmztyLt Jase\u0142ka swym pocz\u0105tkiem si\u0119gaj\u0105 ju\u017c XII wieku i wywodz\u0105 si\u0119 z franciszka\u0144skiej kultury budowania groty betlejemskiej, ustawiania figur w ko\u015bciele. Zwyczaj odgrywania scen biblijnych zwi\u0105zanych z Narodzeniem Pa\u0144skim na sta\u0142e wpisa\u0142 si\u0119 w nasz\u0105 tradycj\u0119. Uczniowie naszej szko\u0142y rok w rok podejmuj\u0105 pr\u00f3by interpretacji tego niezwyk\u0142ego wydarzenia. W pi\u0105tek [&hellip;]<\/p>\n","protected":false},"author":6,"featured_media":13531,"comment_status":"open","ping_status":"open","sticky":false,"template":"","format":"standard","meta":{"om_disable_all_campaigns":false,"_monsterinsights_skip_tracking":false,"ngg_post_thumbnail":0,"footnotes":""},"categories":[1],"tags":[],"class_list":["post-13530","post","type-post","status-publish","format-standard","has-post-thumbnail","hentry","category-uncategorized"],"aioseo_notices":[],"aioseo_head":"\n\t\t<!-- All in One SEO 5.0.1.1 - aioseo.com -->\n\t<meta name=\"description\" content=\"Jase\u0142ka swym pocz\u0105tkiem si\u0119gaj\u0105 ju\u017c XII wieku i wywodz\u0105 si\u0119 z franciszka\u0144skiej kultury budowania groty betlejemskiej, ustawiania figur w ko\u015bciele. Zwyczaj odgrywania scen biblijnych zwi\u0105zanych z Narodzeniem Pa\u0144skim na sta\u0142e wpisa\u0142 si\u0119 w nasz\u0105 tradycj\u0119. Uczniowie naszej szko\u0142y rok w rok podejmuj\u0105 pr\u00f3by interpretacji tego niezwyk\u0142ego wydarzenia. W pi\u0105tek 20 grudnia ca\u0142a spo\u0142eczno\u015b\u0107 naszej szko\u0142y\" \/>\n\t<meta name=\"robots\" content=\"max-image-preview:large\" \/>\n\t<meta name=\"author\" content=\"Redakcja\"\/>\n\t<link rel=\"canonical\" href=\"https:\/\/www.spkatarzyna.pl\/index.php\/2024\/12\/23\/jaselka-2024\/\" \/>\n\t<meta name=\"generator\" content=\"All in One SEO (AIOSEO) 5.0.1.1\" \/>\n\t\t<meta property=\"og:locale\" content=\"pl_PL\" \/>\n\t\t<meta property=\"og:site_name\" content=\"SP Katarzyna - Publiczna Szko\u0142a Podstawowa w \u015awi\u0119tej Katarzynie\" \/>\n\t\t<meta property=\"og:type\" content=\"article\" \/>\n\t\t<meta property=\"og:title\" content=\"Jase\u0142ka 2024 - SP Katarzyna\" \/>\n\t\t<meta property=\"og:description\" content=\"Jase\u0142ka swym pocz\u0105tkiem si\u0119gaj\u0105 ju\u017c XII wieku i wywodz\u0105 si\u0119 z franciszka\u0144skiej kultury budowania groty betlejemskiej, ustawiania figur w ko\u015bciele. Zwyczaj odgrywania scen biblijnych zwi\u0105zanych z Narodzeniem Pa\u0144skim na sta\u0142e wpisa\u0142 si\u0119 w nasz\u0105 tradycj\u0119. Uczniowie naszej szko\u0142y rok w rok podejmuj\u0105 pr\u00f3by interpretacji tego niezwyk\u0142ego wydarzenia. W pi\u0105tek 20 grudnia ca\u0142a spo\u0142eczno\u015b\u0107 naszej szko\u0142y\" \/>\n\t\t<meta property=\"og:url\" content=\"https:\/\/www.spkatarzyna.pl\/index.php\/2024\/12\/23\/jaselka-2024\/\" \/>\n\t\t<meta property=\"article:published_time\" content=\"2024-12-23T21:45:37+00:00\" \/>\n\t\t<meta property=\"article:modified_time\" content=\"2024-12-30T08:01:35+00:00\" \/>\n\t\t<meta name=\"twitter:card\" content=\"summary_large_image\" \/>\n\t\t<meta name=\"twitter:title\" content=\"Jase\u0142ka 2024 - SP Katarzyna\" \/>\n\t\t<meta name=\"twitter:description\" content=\"Jase\u0142ka swym pocz\u0105tkiem si\u0119gaj\u0105 ju\u017c XII wieku i wywodz\u0105 si\u0119 z franciszka\u0144skiej kultury budowania groty betlejemskiej, ustawiania figur w ko\u015bciele. Zwyczaj odgrywania scen biblijnych zwi\u0105zanych z Narodzeniem Pa\u0144skim na sta\u0142e wpisa\u0142 si\u0119 w nasz\u0105 tradycj\u0119. Uczniowie naszej szko\u0142y rok w rok podejmuj\u0105 pr\u00f3by interpretacji tego niezwyk\u0142ego wydarzenia. W pi\u0105tek 20 grudnia ca\u0142a spo\u0142eczno\u015b\u0107 naszej szko\u0142y\" \/>\n\t\t<script type=\"application\/ld+json\" class=\"aioseo-schema\">\n\t\t\t{\"@context\":\"https:\\\/\\\/schema.org\",\"@graph\":[{\"@type\":\"BlogPosting\",\"@id\":\"https:\\\/\\\/www.spkatarzyna.pl\\\/index.php\\\/2024\\\/12\\\/23\\\/jaselka-2024\\\/#blogposting\",\"name\":\"Jase\\u0142ka 2024 - SP Katarzyna\",\"headline\":\"Jase\\u0142ka 2024\",\"author\":{\"@id\":\"https:\\\/\\\/www.spkatarzyna.pl\\\/index.php\\\/author\\\/agatasafianspkatarzyna-pl\\\/#author\"},\"publisher\":{\"@id\":\"https:\\\/\\\/www.spkatarzyna.pl\\\/#organization\"},\"image\":{\"@type\":\"ImageObject\",\"url\":\"https:\\\/\\\/www.spkatarzyna.pl\\\/wp-content\\\/uploads\\\/2024\\\/12\\\/Zrzut-ekranu-2024-12-24-o-22.43.png\",\"width\":360,\"height\":202},\"datePublished\":\"2024-12-23T21:45:37+01:00\",\"dateModified\":\"2024-12-30T08:01:35+01:00\",\"inLanguage\":\"pl-PL\",\"mainEntityOfPage\":{\"@id\":\"https:\\\/\\\/www.spkatarzyna.pl\\\/index.php\\\/2024\\\/12\\\/23\\\/jaselka-2024\\\/#webpage\"},\"isPartOf\":{\"@id\":\"https:\\\/\\\/www.spkatarzyna.pl\\\/index.php\\\/2024\\\/12\\\/23\\\/jaselka-2024\\\/#webpage\"},\"articleSection\":\"Uncategorized\"},{\"@type\":\"BreadcrumbList\",\"@id\":\"https:\\\/\\\/www.spkatarzyna.pl\\\/index.php\\\/2024\\\/12\\\/23\\\/jaselka-2024\\\/#breadcrumblist\",\"itemListElement\":[{\"@type\":\"ListItem\",\"@id\":\"https:\\\/\\\/www.spkatarzyna.pl#listItem\",\"position\":1,\"name\":\"Dom\",\"item\":\"https:\\\/\\\/www.spkatarzyna.pl\",\"nextItem\":{\"@type\":\"ListItem\",\"@id\":\"https:\\\/\\\/www.spkatarzyna.pl\\\/index.php\\\/category\\\/uncategorized\\\/#listItem\",\"name\":\"Uncategorized\"}},{\"@type\":\"ListItem\",\"@id\":\"https:\\\/\\\/www.spkatarzyna.pl\\\/index.php\\\/category\\\/uncategorized\\\/#listItem\",\"position\":2,\"name\":\"Uncategorized\",\"item\":\"https:\\\/\\\/www.spkatarzyna.pl\\\/index.php\\\/category\\\/uncategorized\\\/\",\"nextItem\":{\"@type\":\"ListItem\",\"@id\":\"https:\\\/\\\/www.spkatarzyna.pl\\\/index.php\\\/2024\\\/12\\\/23\\\/jaselka-2024\\\/#listItem\",\"name\":\"Jase\\u0142ka 2024\"},\"previousItem\":{\"@type\":\"ListItem\",\"@id\":\"https:\\\/\\\/www.spkatarzyna.pl#listItem\",\"name\":\"Dom\"}},{\"@type\":\"ListItem\",\"@id\":\"https:\\\/\\\/www.spkatarzyna.pl\\\/index.php\\\/2024\\\/12\\\/23\\\/jaselka-2024\\\/#listItem\",\"position\":3,\"name\":\"Jase\\u0142ka 2024\",\"previousItem\":{\"@type\":\"ListItem\",\"@id\":\"https:\\\/\\\/www.spkatarzyna.pl\\\/index.php\\\/category\\\/uncategorized\\\/#listItem\",\"name\":\"Uncategorized\"}}]},{\"@type\":\"Organization\",\"@id\":\"https:\\\/\\\/www.spkatarzyna.pl\\\/#organization\",\"name\":\"SP Katarzyna\",\"description\":\"Publiczna Szko\\u0142a Podstawowa w \\u015awi\\u0119tej Katarzynie\",\"url\":\"https:\\\/\\\/www.spkatarzyna.pl\\\/\",\"telephone\":\"+48713116378\",\"sameAs\":[\"https:\\\/\\\/facebook.com\\\/\",\"https:\\\/\\\/x.com\\\/\",\"https:\\\/\\\/instagram.com\\\/\",\"https:\\\/\\\/pinterest.com\\\/\",\"https:\\\/\\\/youtube.com\\\/\",\"https:\\\/\\\/linkedin.com\\\/in\\\/\"]},{\"@type\":\"Person\",\"@id\":\"https:\\\/\\\/www.spkatarzyna.pl\\\/index.php\\\/author\\\/agatasafianspkatarzyna-pl\\\/#author\",\"url\":\"https:\\\/\\\/www.spkatarzyna.pl\\\/index.php\\\/author\\\/agatasafianspkatarzyna-pl\\\/\",\"name\":\"Redakcja\",\"image\":{\"@type\":\"ImageObject\",\"@id\":\"https:\\\/\\\/www.spkatarzyna.pl\\\/index.php\\\/2024\\\/12\\\/23\\\/jaselka-2024\\\/#authorImage\",\"url\":\"https:\\\/\\\/secure.gravatar.com\\\/avatar\\\/765290513df94d442152250e92b42327?s=96&d=mm&r=g\",\"width\":96,\"height\":96,\"caption\":\"Redakcja\"}},{\"@type\":\"WebPage\",\"@id\":\"https:\\\/\\\/www.spkatarzyna.pl\\\/index.php\\\/2024\\\/12\\\/23\\\/jaselka-2024\\\/#webpage\",\"url\":\"https:\\\/\\\/www.spkatarzyna.pl\\\/index.php\\\/2024\\\/12\\\/23\\\/jaselka-2024\\\/\",\"name\":\"Jase\\u0142ka 2024 - SP Katarzyna\",\"description\":\"Jase\\u0142ka swym pocz\\u0105tkiem si\\u0119gaj\\u0105 ju\\u017c XII wieku i wywodz\\u0105 si\\u0119 z franciszka\\u0144skiej kultury budowania groty betlejemskiej, ustawiania figur w ko\\u015bciele. Zwyczaj odgrywania scen biblijnych zwi\\u0105zanych z Narodzeniem Pa\\u0144skim na sta\\u0142e wpisa\\u0142 si\\u0119 w nasz\\u0105 tradycj\\u0119. Uczniowie naszej szko\\u0142y rok w rok podejmuj\\u0105 pr\\u00f3by interpretacji tego niezwyk\\u0142ego wydarzenia. W pi\\u0105tek 20 grudnia ca\\u0142a spo\\u0142eczno\\u015b\\u0107 naszej szko\\u0142y\",\"inLanguage\":\"pl-PL\",\"isPartOf\":{\"@id\":\"https:\\\/\\\/www.spkatarzyna.pl\\\/#website\"},\"breadcrumb\":{\"@id\":\"https:\\\/\\\/www.spkatarzyna.pl\\\/index.php\\\/2024\\\/12\\\/23\\\/jaselka-2024\\\/#breadcrumblist\"},\"author\":{\"@id\":\"https:\\\/\\\/www.spkatarzyna.pl\\\/index.php\\\/author\\\/agatasafianspkatarzyna-pl\\\/#author\"},\"creator\":{\"@id\":\"https:\\\/\\\/www.spkatarzyna.pl\\\/index.php\\\/author\\\/agatasafianspkatarzyna-pl\\\/#author\"},\"image\":{\"@type\":\"ImageObject\",\"url\":\"https:\\\/\\\/www.spkatarzyna.pl\\\/wp-content\\\/uploads\\\/2024\\\/12\\\/Zrzut-ekranu-2024-12-24-o-22.43.png\",\"@id\":\"https:\\\/\\\/www.spkatarzyna.pl\\\/index.php\\\/2024\\\/12\\\/23\\\/jaselka-2024\\\/#mainImage\",\"width\":360,\"height\":202},\"primaryImageOfPage\":{\"@id\":\"https:\\\/\\\/www.spkatarzyna.pl\\\/index.php\\\/2024\\\/12\\\/23\\\/jaselka-2024\\\/#mainImage\"},\"datePublished\":\"2024-12-23T21:45:37+01:00\",\"dateModified\":\"2024-12-30T08:01:35+01:00\"},{\"@type\":\"WebSite\",\"@id\":\"https:\\\/\\\/www.spkatarzyna.pl\\\/#website\",\"url\":\"https:\\\/\\\/www.spkatarzyna.pl\\\/\",\"name\":\"SP Katarzyna\",\"description\":\"Publiczna Szko\\u0142a Podstawowa w \\u015awi\\u0119tej Katarzynie\",\"inLanguage\":\"pl-PL\",\"publisher\":{\"@id\":\"https:\\\/\\\/www.spkatarzyna.pl\\\/#organization\"}}]}\n\t\t<\/script>\n\t\t<!-- All in One SEO -->\n\n","aioseo_head_json":{"title":"Jase\u0142ka 2024 - SP Katarzyna","description":"Jase\u0142ka swym pocz\u0105tkiem si\u0119gaj\u0105 ju\u017c XII wieku i wywodz\u0105 si\u0119 z franciszka\u0144skiej kultury budowania groty betlejemskiej, ustawiania figur w ko\u015bciele. Zwyczaj odgrywania scen biblijnych zwi\u0105zanych z Narodzeniem Pa\u0144skim na sta\u0142e wpisa\u0142 si\u0119 w nasz\u0105 tradycj\u0119. Uczniowie naszej szko\u0142y rok w rok podejmuj\u0105 pr\u00f3by interpretacji tego niezwyk\u0142ego wydarzenia. W pi\u0105tek 20 grudnia ca\u0142a spo\u0142eczno\u015b\u0107 naszej szko\u0142y","canonical_url":"https:\/\/www.spkatarzyna.pl\/index.php\/2024\/12\/23\/jaselka-2024\/","robots":"max-image-preview:large","keywords":"","webmasterTools":{"miscellaneous":""},"schema":{"@context":"https:\/\/schema.org","@graph":[{"@type":"BlogPosting","@id":"https:\/\/www.spkatarzyna.pl\/index.php\/2024\/12\/23\/jaselka-2024\/#blogposting","name":"Jase\u0142ka 2024 - SP Katarzyna","headline":"Jase\u0142ka 2024","author":{"@id":"https:\/\/www.spkatarzyna.pl\/index.php\/author\/agatasafianspkatarzyna-pl\/#author"},"publisher":{"@id":"https:\/\/www.spkatarzyna.pl\/#organization"},"image":{"@type":"ImageObject","url":"https:\/\/www.spkatarzyna.pl\/wp-content\/uploads\/2024\/12\/Zrzut-ekranu-2024-12-24-o-22.43.png","width":360,"height":202},"datePublished":"2024-12-23T21:45:37+01:00","dateModified":"2024-12-30T08:01:35+01:00","inLanguage":"pl-PL","mainEntityOfPage":{"@id":"https:\/\/www.spkatarzyna.pl\/index.php\/2024\/12\/23\/jaselka-2024\/#webpage"},"isPartOf":{"@id":"https:\/\/www.spkatarzyna.pl\/index.php\/2024\/12\/23\/jaselka-2024\/#webpage"},"articleSection":"Uncategorized"},{"@type":"BreadcrumbList","@id":"https:\/\/www.spkatarzyna.pl\/index.php\/2024\/12\/23\/jaselka-2024\/#breadcrumblist","itemListElement":[{"@type":"ListItem","@id":"https:\/\/www.spkatarzyna.pl#listItem","position":1,"name":"Dom","item":"https:\/\/www.spkatarzyna.pl","nextItem":{"@type":"ListItem","@id":"https:\/\/www.spkatarzyna.pl\/index.php\/category\/uncategorized\/#listItem","name":"Uncategorized"}},{"@type":"ListItem","@id":"https:\/\/www.spkatarzyna.pl\/index.php\/category\/uncategorized\/#listItem","position":2,"name":"Uncategorized","item":"https:\/\/www.spkatarzyna.pl\/index.php\/category\/uncategorized\/","nextItem":{"@type":"ListItem","@id":"https:\/\/www.spkatarzyna.pl\/index.php\/2024\/12\/23\/jaselka-2024\/#listItem","name":"Jase\u0142ka 2024"},"previousItem":{"@type":"ListItem","@id":"https:\/\/www.spkatarzyna.pl#listItem","name":"Dom"}},{"@type":"ListItem","@id":"https:\/\/www.spkatarzyna.pl\/index.php\/2024\/12\/23\/jaselka-2024\/#listItem","position":3,"name":"Jase\u0142ka 2024","previousItem":{"@type":"ListItem","@id":"https:\/\/www.spkatarzyna.pl\/index.php\/category\/uncategorized\/#listItem","name":"Uncategorized"}}]},{"@type":"Organization","@id":"https:\/\/www.spkatarzyna.pl\/#organization","name":"SP Katarzyna","description":"Publiczna Szko\u0142a Podstawowa w \u015awi\u0119tej Katarzynie","url":"https:\/\/www.spkatarzyna.pl\/","telephone":"+48713116378","sameAs":["https:\/\/facebook.com\/","https:\/\/x.com\/","https:\/\/instagram.com\/","https:\/\/pinterest.com\/","https:\/\/youtube.com\/","https:\/\/linkedin.com\/in\/"]},{"@type":"Person","@id":"https:\/\/www.spkatarzyna.pl\/index.php\/author\/agatasafianspkatarzyna-pl\/#author","url":"https:\/\/www.spkatarzyna.pl\/index.php\/author\/agatasafianspkatarzyna-pl\/","name":"Redakcja","image":{"@type":"ImageObject","@id":"https:\/\/www.spkatarzyna.pl\/index.php\/2024\/12\/23\/jaselka-2024\/#authorImage","url":"https:\/\/secure.gravatar.com\/avatar\/765290513df94d442152250e92b42327?s=96&d=mm&r=g","width":96,"height":96,"caption":"Redakcja"}},{"@type":"WebPage","@id":"https:\/\/www.spkatarzyna.pl\/index.php\/2024\/12\/23\/jaselka-2024\/#webpage","url":"https:\/\/www.spkatarzyna.pl\/index.php\/2024\/12\/23\/jaselka-2024\/","name":"Jase\u0142ka 2024 - SP Katarzyna","description":"Jase\u0142ka swym pocz\u0105tkiem si\u0119gaj\u0105 ju\u017c XII wieku i wywodz\u0105 si\u0119 z franciszka\u0144skiej kultury budowania groty betlejemskiej, ustawiania figur w ko\u015bciele. Zwyczaj odgrywania scen biblijnych zwi\u0105zanych z Narodzeniem Pa\u0144skim na sta\u0142e wpisa\u0142 si\u0119 w nasz\u0105 tradycj\u0119. Uczniowie naszej szko\u0142y rok w rok podejmuj\u0105 pr\u00f3by interpretacji tego niezwyk\u0142ego wydarzenia. W pi\u0105tek 20 grudnia ca\u0142a spo\u0142eczno\u015b\u0107 naszej szko\u0142y","inLanguage":"pl-PL","isPartOf":{"@id":"https:\/\/www.spkatarzyna.pl\/#website"},"breadcrumb":{"@id":"https:\/\/www.spkatarzyna.pl\/index.php\/2024\/12\/23\/jaselka-2024\/#breadcrumblist"},"author":{"@id":"https:\/\/www.spkatarzyna.pl\/index.php\/author\/agatasafianspkatarzyna-pl\/#author"},"creator":{"@id":"https:\/\/www.spkatarzyna.pl\/index.php\/author\/agatasafianspkatarzyna-pl\/#author"},"image":{"@type":"ImageObject","url":"https:\/\/www.spkatarzyna.pl\/wp-content\/uploads\/2024\/12\/Zrzut-ekranu-2024-12-24-o-22.43.png","@id":"https:\/\/www.spkatarzyna.pl\/index.php\/2024\/12\/23\/jaselka-2024\/#mainImage","width":360,"height":202},"primaryImageOfPage":{"@id":"https:\/\/www.spkatarzyna.pl\/index.php\/2024\/12\/23\/jaselka-2024\/#mainImage"},"datePublished":"2024-12-23T21:45:37+01:00","dateModified":"2024-12-30T08:01:35+01:00"},{"@type":"WebSite","@id":"https:\/\/www.spkatarzyna.pl\/#website","url":"https:\/\/www.spkatarzyna.pl\/","name":"SP Katarzyna","description":"Publiczna Szko\u0142a Podstawowa w \u015awi\u0119tej Katarzynie","inLanguage":"pl-PL","publisher":{"@id":"https:\/\/www.spkatarzyna.pl\/#organization"}}]},"og:locale":"pl_PL","og:site_name":"SP Katarzyna - Publiczna Szko\u0142a Podstawowa w \u015awi\u0119tej Katarzynie","og:type":"article","og:title":"Jase\u0142ka 2024 - SP Katarzyna","og:description":"Jase\u0142ka swym pocz\u0105tkiem si\u0119gaj\u0105 ju\u017c XII wieku i wywodz\u0105 si\u0119 z franciszka\u0144skiej kultury budowania groty betlejemskiej, ustawiania figur w ko\u015bciele. Zwyczaj odgrywania scen biblijnych zwi\u0105zanych z Narodzeniem Pa\u0144skim na sta\u0142e wpisa\u0142 si\u0119 w nasz\u0105 tradycj\u0119. Uczniowie naszej szko\u0142y rok w rok podejmuj\u0105 pr\u00f3by interpretacji tego niezwyk\u0142ego wydarzenia. W pi\u0105tek 20 grudnia ca\u0142a spo\u0142eczno\u015b\u0107 naszej szko\u0142y","og:url":"https:\/\/www.spkatarzyna.pl\/index.php\/2024\/12\/23\/jaselka-2024\/","article:published_time":"2024-12-23T21:45:37+00:00","article:modified_time":"2024-12-30T08:01:35+00:00","twitter:card":"summary_large_image","twitter:title":"Jase\u0142ka 2024 - SP Katarzyna","twitter:description":"Jase\u0142ka swym pocz\u0105tkiem si\u0119gaj\u0105 ju\u017c XII wieku i wywodz\u0105 si\u0119 z franciszka\u0144skiej kultury budowania groty betlejemskiej, ustawiania figur w ko\u015bciele. Zwyczaj odgrywania scen biblijnych zwi\u0105zanych z Narodzeniem Pa\u0144skim na sta\u0142e wpisa\u0142 si\u0119 w nasz\u0105 tradycj\u0119. Uczniowie naszej szko\u0142y rok w rok podejmuj\u0105 pr\u00f3by interpretacji tego niezwyk\u0142ego wydarzenia. W pi\u0105tek 20 grudnia ca\u0142a spo\u0142eczno\u015b\u0107 naszej szko\u0142y"},"aioseo_meta_data":{"post_id":"13530","title":null,"description":null,"keywords":null,"keyphrases":{"focus":{"keyphrase":"","score":0,"analysis":{"keyphraseInTitle":{"score":0,"maxScore":9,"error":1}}},"additional":[]},"primary_term":null,"canonical_url":null,"og_title":null,"og_description":null,"og_object_type":"default","og_image_type":"default","og_image_url":null,"og_image_width":null,"og_image_height":null,"og_image_custom_url":null,"og_image_custom_fields":null,"og_video":"","og_custom_url":null,"og_article_section":null,"og_article_tags":null,"twitter_use_og":false,"twitter_card":"default","twitter_image_type":"default","twitter_image_url":null,"twitter_image_custom_url":null,"twitter_image_custom_fields":null,"twitter_title":null,"twitter_description":null,"schema":{"blockGraphs":[],"customGraphs":[],"default":{"data":{"Article":[],"Course":[],"Dataset":[],"FAQPage":[],"Movie":[],"Person":[],"Product":[],"ProductReview":[],"Car":[],"Recipe":[],"Service":[],"SoftwareApplication":[],"WebPage":[]},"graphName":"BlogPosting","isEnabled":true},"graphs":[]},"schema_type":"default","schema_type_options":null,"pillar_content":false,"robots_default":true,"robots_noindex":false,"robots_noarchive":false,"robots_nosnippet":false,"robots_nofollow":false,"robots_noimageindex":false,"robots_noodp":false,"robots_notranslate":false,"robots_max_snippet":"-1","robots_max_videopreview":"-1","robots_max_imagepreview":"large","priority":null,"frequency":"default","local_seo":null,"limit_modified_date":false,"created":"2024-12-24 21:45:37","updated":"2026-09-03 16:12:09","focus_keyword":null,"additional_keywords":null,"truseo_locale":null,"ai":null,"breadcrumb_settings":null,"seo_analyzer_scan_date":null},"aioseo_breadcrumb":"<div class=\"aioseo-breadcrumbs\"><span class=\"aioseo-breadcrumb\">\n\t\t\t<a href=\"https:\/\/www.spkatarzyna.pl\" title=\"Dom\">Dom<\/a>\n\t\t<\/span><span class=\"aioseo-breadcrumb-separator\">&raquo;<\/span><span class=\"aioseo-breadcrumb\">\n\t\t\t<a href=\"https:\/\/www.spkatarzyna.pl\/index.php\/category\/uncategorized\/\" title=\"Uncategorized\">Uncategorized<\/a>\n\t\t<\/span><span class=\"aioseo-breadcrumb-separator\">&raquo;<\/span><span class=\"aioseo-breadcrumb\">\n\t\t\tJase\u0142ka 2024\n\t\t<\/span><\/div>","aioseo_breadcrumb_json":[{"label":"Dom","link":"https:\/\/www.spkatarzyna.pl"},{"label":"Uncategorized","link":"https:\/\/www.spkatarzyna.pl\/index.php\/category\/uncategorized\/"},{"label":"Jase\u0142ka 2024","link":"https:\/\/www.spkatarzyna.pl\/index.php\/2024\/12\/23\/jaselka-2024\/"}],"_links":{"self":[{"href":"https:\/\/www.spkatarzyna.pl\/index.php\/wp-json\/wp\/v2\/posts\/13530","targetHints":{"allow":["GET"]}}],"collection":[{"href":"https:\/\/www.spkatarzyna.pl\/index.php\/wp-json\/wp\/v2\/posts"}],"about":[{"href":"https:\/\/www.spkatarzyna.pl\/index.php\/wp-json\/wp\/v2\/types\/post"}],"author":[{"embeddable":true,"href":"https:\/\/www.spkatarzyna.pl\/index.php\/wp-json\/wp\/v2\/users\/6"}],"replies":[{"embeddable":true,"href":"https:\/\/www.spkatarzyna.pl\/index.php\/wp-json\/wp\/v2\/comments?post=13530"}],"version-history":[{"count":17,"href":"https:\/\/www.spkatarzyna.pl\/index.php\/wp-json\/wp\/v2\/posts\/13530\/revisions"}],"predecessor-version":[{"id":13587,"href":"https:\/\/www.spkatarzyna.pl\/index.php\/wp-json\/wp\/v2\/posts\/13530\/revisions\/13587"}],"wp:featuredmedia":[{"embeddable":true,"href":"https:\/\/www.spkatarzyna.pl\/index.php\/wp-json\/wp\/v2\/media\/13531"}],"wp:attachment":[{"href":"https:\/\/www.spkatarzyna.pl\/index.php\/wp-json\/wp\/v2\/media?parent=13530"}],"wp:term":[{"taxonomy":"category","embeddable":true,"href":"https:\/\/www.spkatarzyna.pl\/index.php\/wp-json\/wp\/v2\/categories?post=13530"},{"taxonomy":"post_tag","embeddable":true,"href":"https:\/\/www.spkatarzyna.pl\/index.php\/wp-json\/wp\/v2\/tags?post=13530"}],"curies":[{"name":"wp","href":"https:\/\/api.w.org\/{rel}","templated":true}]}}