{"id":13630,"date":"2025-01-03T17:24:07","date_gmt":"2025-01-03T17:24:07","guid":{"rendered":"https:\/\/www.spkatarzyna.pl\/?p=13630"},"modified":"2025-01-06T19:11:08","modified_gmt":"2025-01-06T19:11:08","slug":"mole-w-bibliotece","status":"publish","type":"post","link":"https:\/\/www.spkatarzyna.pl\/index.php\/2025\/01\/03\/mole-w-bibliotece\/","title":{"rendered":"Mole w bibliotece?"},"content":{"rendered":"\t\t<div data-elementor-type=\"wp-post\" data-elementor-id=\"13630\" class=\"elementor elementor-13630\">\n\t\t\t\t\t\t<section class=\"elementor-section elementor-top-section elementor-element elementor-element-57396c28 elementor-section-boxed elementor-section-height-default elementor-section-height-default\" data-id=\"57396c28\" data-element_type=\"section\">\n\t\t\t\t\t\t<div class=\"elementor-container elementor-column-gap-default\">\n\t\t\t\t\t<div class=\"elementor-column elementor-col-100 elementor-top-column elementor-element elementor-element-6b72cb08\" data-id=\"6b72cb08\" data-element_type=\"column\">\n\t\t\t<div class=\"elementor-widget-wrap elementor-element-populated\">\n\t\t\t\t\t\t<div class=\"elementor-element elementor-element-702f6be5 elementor-widget elementor-widget-text-editor\" data-id=\"702f6be5\" data-element_type=\"widget\" data-widget_type=\"text-editor.default\">\n\t\t\t\t\t\t\t\t\t<p style=\"text-align: justify;\"><span style=\"font-weight: 400; font-size: 14pt;\">W pewien grudniowy poniedzia\u0142ek i wtorek (16-17.12.24) w szkolnej bibliotece pojawi\u0142y si\u0119 Mole.\u00a0<\/span><\/p><p style=\"text-align: justify;\"><span style=\"font-weight: 400; font-size: 14pt;\">A raczej\u00a0 przesympatyczne Moliki z klasy 2a, kt\u00f3re wprowadzi\u0142y naszych pierwszoklasist\u00f3w w niezwyk\u0142y \u015bwiat ksi\u0105\u017cek. Opowiedzia\u0142y o zasadach panuj\u0105cych w bibliotece, pokaza\u0142y jak dba\u0107 o ksi\u0105\u017cki, zach\u0119ci\u0142y do czytania. Pani Bo\u017cenka- nasza szkolna bibliotekarka \u2013 przeoogromn\u0105 ksi\u0119g\u0105 pasowa\u0142a pierwszoklasist\u00f3w na czytelnik\u00f3w. Pierwszaki przyrzek\u0142y, \u017ce b\u0119d\u0105 szanowa\u0107 ksi\u0105\u017cki i b\u0119d\u0105 przestrzega\u0107 regulaminu szkolnej biblioteki.\u00a0<\/span><\/p><p style=\"text-align: justify;\"><span style=\"font-weight: 400; font-size: 14pt;\">W prezencie otrzyma\u0142y ksi\u0105\u017ceczki \u201eWnuczka antykwariusza\u201d i dzi\u0119ki karcie bibliotecznej po raz pierwszy mog\u0142y wypo\u017cyczy\u0107 interesuj\u0105c\u0105 ich lektur\u0119.<\/span><\/p><p style=\"text-align: justify;\"><span style=\"font-weight: 400; font-size: 14pt;\">Podczas przerwy lekcyjnej wszystkie pierwszaki z zaci\u0119to\u015bci\u0105 godn\u0105 mola ksi\u0105\u017ckowego po\u017cera\u0142y wypo\u017cyczone ksi\u0105\u017cki.\u00a0<\/span><\/p><p style=\"text-align: justify;\"><span style=\"font-weight: 400; font-size: 14pt;\">Moliki i pani Bo\u017cenka p\u0119ka\u0142y z dumy.\u00a0<\/span><\/p><p style=\"text-align: justify;\"><span style=\"font-weight: 400; font-size: 14pt;\">W tajemnicy powiem, \u017ce wychowawcy klas pierwszych te\u017c.<\/span><\/p><p style=\"text-align: justify;\">\u00a0<\/p><p style=\"text-align: right;\"><span style=\"font-weight: 400; font-size: 14pt;\">Joanna Sokalska \u2013 wychowawczyni klasy 1a<\/span><\/p><p style=\"text-align: justify;\">\u00a0<\/p>\t\t\t\t\t\t\t\t<\/div>\n\t\t\t\t<div class=\"elementor-element elementor-element-c94a4ed elementor-widget elementor-widget-video\" data-id=\"c94a4ed\" data-element_type=\"widget\" data-settings=\"{&quot;video_type&quot;:&quot;hosted&quot;,&quot;controls&quot;:&quot;yes&quot;}\" data-widget_type=\"video.default\">\n\t\t\t\t\t\t\t<div class=\"e-hosted-video elementor-wrapper elementor-open-inline\">\n\t\t\t\t\t<video class=\"elementor-video\" src=\"https:\/\/www.spkatarzyna.pl\/wp-content\/uploads\/2025\/01\/Pasowanie-na-czytelnika-1-online-video-cutter.com_.mp4\" controls=\"\" preload=\"metadata\" controlsList=\"nodownload\"><\/video>\n\t\t\t\t<\/div>\n\t\t\t\t\t\t<\/div>\n\t\t\t\t\t<\/div>\n\t\t<\/div>\n\t\t\t\t\t<\/div>\n\t\t<\/section>\n\t\t\t\t<\/div>\n\t\t","protected":false},"excerpt":{"rendered":"<p>W pewien grudniowy poniedzia\u0142ek i wtorek (16-17.12.24) w szkolnej bibliotece pojawi\u0142y si\u0119 Mole.\u00a0 A raczej\u00a0 przesympatyczne Moliki z klasy 2a, kt\u00f3re wprowadzi\u0142y naszych pierwszoklasist\u00f3w w niezwyk\u0142y \u015bwiat ksi\u0105\u017cek. Opowiedzia\u0142y o zasadach panuj\u0105cych w bibliotece, pokaza\u0142y jak dba\u0107 o ksi\u0105\u017cki, zach\u0119ci\u0142y do czytania. Pani Bo\u017cenka- nasza szkolna bibliotekarka \u2013 przeoogromn\u0105 ksi\u0119g\u0105 [&hellip;]<\/p>\n","protected":false},"author":6,"featured_media":13615,"comment_status":"open","ping_status":"open","sticky":false,"template":"","format":"standard","meta":{"om_disable_all_campaigns":false,"_monsterinsights_skip_tracking":false,"_monsterinsights_sitenote_active":false,"_monsterinsights_sitenote_note":"","_monsterinsights_sitenote_category":0,"ngg_post_thumbnail":0,"footnotes":""},"categories":[1],"tags":[],"class_list":["post-13630","post","type-post","status-publish","format-standard","has-post-thumbnail","hentry","category-uncategorized"],"aioseo_notices":[],"_links":{"self":[{"href":"https:\/\/www.spkatarzyna.pl\/index.php\/wp-json\/wp\/v2\/posts\/13630","targetHints":{"allow":["GET"]}}],"collection":[{"href":"https:\/\/www.spkatarzyna.pl\/index.php\/wp-json\/wp\/v2\/posts"}],"about":[{"href":"https:\/\/www.spkatarzyna.pl\/index.php\/wp-json\/wp\/v2\/types\/post"}],"author":[{"embeddable":true,"href":"https:\/\/www.spkatarzyna.pl\/index.php\/wp-json\/wp\/v2\/users\/6"}],"replies":[{"embeddable":true,"href":"https:\/\/www.spkatarzyna.pl\/index.php\/wp-json\/wp\/v2\/comments?post=13630"}],"version-history":[{"count":28,"href":"https:\/\/www.spkatarzyna.pl\/index.php\/wp-json\/wp\/v2\/posts\/13630\/revisions"}],"predecessor-version":[{"id":13700,"href":"https:\/\/www.spkatarzyna.pl\/index.php\/wp-json\/wp\/v2\/posts\/13630\/revisions\/13700"}],"wp:featuredmedia":[{"embeddable":true,"href":"https:\/\/www.spkatarzyna.pl\/index.php\/wp-json\/wp\/v2\/media\/13615"}],"wp:attachment":[{"href":"https:\/\/www.spkatarzyna.pl\/index.php\/wp-json\/wp\/v2\/media?parent=13630"}],"wp:term":[{"taxonomy":"category","embeddable":true,"href":"https:\/\/www.spkatarzyna.pl\/index.php\/wp-json\/wp\/v2\/categories?post=13630"},{"taxonomy":"post_tag","embeddable":true,"href":"https:\/\/www.spkatarzyna.pl\/index.php\/wp-json\/wp\/v2\/tags?post=13630"}],"curies":[{"name":"wp","href":"https:\/\/api.w.org\/{rel}","templated":true}]}}