{"id":13752,"date":"2025-01-10T13:56:49","date_gmt":"2025-01-10T13:56:49","guid":{"rendered":"https:\/\/www.spkatarzyna.pl\/?p=13752"},"modified":"2025-01-10T13:56:49","modified_gmt":"2025-01-10T13:56:49","slug":"ferie-zimowe","status":"publish","type":"post","link":"https:\/\/www.spkatarzyna.pl\/index.php\/2025\/01\/10\/ferie-zimowe\/","title":{"rendered":"Ferie zimowe"},"content":{"rendered":"<p><span style=\"font-size: 14pt;\">Zapraszamy do zapoznania si\u0119 z informacj\u0105 przes\u0142an\u0105 przez Gminny O\u015brodek Pomocy Spo\u0142ecznej w Siechnicach w sprawie organizacji ferii zimowych.<\/span><\/p>\n<p><span style=\"font-size: 14pt;\">Ferie zimowe na sportowo 2025 z elementami programu profilaktyki uzale\u017cnie\u0144<\/span><br \/>\n<span style=\"font-size: 14pt;\">dla uczni\u00f3w klas V &#8211; VIII zamieszkuj\u0105cych na terenie Gminy Siechnice, ucz\u0119szczaj\u0105cych do szk\u00f3\u0142 podstawowych w: Siechnicach, Radwanicach, \u015awi\u0119tej Katarzynie, \u017bernikach Wroc\u0142awskich,<\/span><br \/>\n<span style=\"font-size: 14pt;\">Kotowicach.<\/span><\/p>\n<p><span style=\"font-size: 14pt;\">I tydzie\u0144 ferii \u2013 03 &#8211; 07.02.2025 r. &#8211; 2 grupy po 20 os\u00f3b<\/span><\/p>\n<p><span style=\"font-size: 14pt;\">Zaj\u0119cia b\u0119d\u0105 odbywa\u0107 si\u0119 w godzinach od 08:00 do 16:00 w Szkole Podstawowej nr 2 w Siechnicach (stary budynek, Hala sportowa przy Ksi\u0119\u017cnej Anny z Przemy\u015blid\u00f3w 6)<\/span><\/p>\n<p><span style=\"font-size: 14pt;\">Uczestnicy zaj\u0119\u0107 maj\u0105 zapewnion\u0105 opiek\u0119 wychowawc\u00f3w\/profilaktyk\u00f3w (nauczyciele SP2 w<\/span><br \/>\n<span style=\"font-size: 14pt;\">Siechnicach), zaj\u0119cia rekreacyjno \u2013 sportowe prowadzone przez nauczycieli wychowania<\/span><br \/>\n<span style=\"font-size: 14pt;\">fizycznego, dwa posi\u0142ki oraz wycieczki do Aquaparku we Wroc\u0142awiu, na kr\u0119gle i do Jump World, oraz do kina.<\/span><\/p>\n<p><span style=\"font-size: 14pt;\">Op\u0142ata za udzia\u0142 w zaj\u0119ciach wynosi 300 z\u0142.<\/span><\/p>\n<p><span style=\"font-size: 14pt;\">! Zg\u0142oszenia b\u0119d\u0105 przyjmowane wy\u0142\u0105cznie w formie papierowej w dniu 16.01.2025 r. w godz. 7:00 \u2013 10:00 w Szkole Podstawowej nr 2<\/span><br \/>\n<span style=\"font-size: 14pt;\">w Siechnicach, ul. Osiedlowa 2 (wej\u015bcie od sali gimnastycznej)<\/span><\/p>\n<p><span style=\"font-size: 14pt;\">Wymagane dokumenty:<\/span><br \/>\n<span style=\"font-size: 14pt;\">1. Karta kwalifikacyjna<\/span><br \/>\n<span style=\"font-size: 14pt;\">2. Regulamin ferii zimowych<\/span><br \/>\n<span style=\"font-size: 14pt;\">3. Klauzula informacyjna<\/span><\/p>\n<p><span style=\"font-size: 14pt;\">Warunki naboru uczestnik\u00f3w, w\/w dokumenty do pobrania oraz wi\u0119cej szczeg\u00f3\u0142\u00f3w<\/span><br \/>\n<span style=\"font-size: 14pt;\">dotycz\u0105cych udzia\u0142u w zaj\u0119ciach, na stronie: www.gops-siechnice.org.pl, pod nr tel. 71&nbsp;311 39 68 w. 109, lub pod nr tel. Kierownika ferii zimowych: 796&nbsp;232&nbsp;805<\/span><\/p>\n<p><span style=\"font-size: 14pt;\">Prosimy o zapoznanie si\u0119 z Warunkami naboru uczestnik\u00f3w<\/span><\/p>\n<p><span style=\"font-size: 14pt;\">Decyduje kolejno\u015b\u0107 zg\u0142osze\u0144.<\/span><\/p>\n","protected":false},"excerpt":{"rendered":"<p>Zapraszamy do zapoznania si\u0119 z informacj\u0105 przes\u0142an\u0105 przez Gminny O\u015brodek Pomocy Spo\u0142ecznej w Siechnicach w sprawie organizacji ferii zimowych. Ferie zimowe na sportowo 2025 z elementami programu profilaktyki uzale\u017cnie\u0144 dla uczni\u00f3w klas V &#8211; VIII zamieszkuj\u0105cych na terenie Gminy Siechnice, ucz\u0119szczaj\u0105cych do szk\u00f3\u0142 podstawowych w: Siechnicach, Radwanicach, \u015awi\u0119tej Katarzynie, \u017bernikach [&hellip;]<\/p>\n","protected":false},"author":6,"featured_media":13753,"comment_status":"open","ping_status":"open","sticky":false,"template":"","format":"standard","meta":{"om_disable_all_campaigns":false,"_monsterinsights_skip_tracking":false,"_monsterinsights_sitenote_active":false,"_monsterinsights_sitenote_note":"","_monsterinsights_sitenote_category":0,"ngg_post_thumbnail":0,"footnotes":""},"categories":[1],"tags":[],"class_list":["post-13752","post","type-post","status-publish","format-standard","has-post-thumbnail","hentry","category-uncategorized"],"aioseo_notices":[],"_links":{"self":[{"href":"https:\/\/www.spkatarzyna.pl\/index.php\/wp-json\/wp\/v2\/posts\/13752","targetHints":{"allow":["GET"]}}],"collection":[{"href":"https:\/\/www.spkatarzyna.pl\/index.php\/wp-json\/wp\/v2\/posts"}],"about":[{"href":"https:\/\/www.spkatarzyna.pl\/index.php\/wp-json\/wp\/v2\/types\/post"}],"author":[{"embeddable":true,"href":"https:\/\/www.spkatarzyna.pl\/index.php\/wp-json\/wp\/v2\/users\/6"}],"replies":[{"embeddable":true,"href":"https:\/\/www.spkatarzyna.pl\/index.php\/wp-json\/wp\/v2\/comments?post=13752"}],"version-history":[{"count":1,"href":"https:\/\/www.spkatarzyna.pl\/index.php\/wp-json\/wp\/v2\/posts\/13752\/revisions"}],"predecessor-version":[{"id":13754,"href":"https:\/\/www.spkatarzyna.pl\/index.php\/wp-json\/wp\/v2\/posts\/13752\/revisions\/13754"}],"wp:featuredmedia":[{"embeddable":true,"href":"https:\/\/www.spkatarzyna.pl\/index.php\/wp-json\/wp\/v2\/media\/13753"}],"wp:attachment":[{"href":"https:\/\/www.spkatarzyna.pl\/index.php\/wp-json\/wp\/v2\/media?parent=13752"}],"wp:term":[{"taxonomy":"category","embeddable":true,"href":"https:\/\/www.spkatarzyna.pl\/index.php\/wp-json\/wp\/v2\/categories?post=13752"},{"taxonomy":"post_tag","embeddable":true,"href":"https:\/\/www.spkatarzyna.pl\/index.php\/wp-json\/wp\/v2\/tags?post=13752"}],"curies":[{"name":"wp","href":"https:\/\/api.w.org\/{rel}","templated":true}]}}