{"id":15010,"date":"2025-03-25T07:57:10","date_gmt":"2025-03-25T07:57:10","guid":{"rendered":"https:\/\/www.spkatarzyna.pl\/?p=15010"},"modified":"2025-03-25T07:57:10","modified_gmt":"2025-03-25T07:57:10","slug":"konkurs-fotograficzno-czytelniczy","status":"publish","type":"post","link":"https:\/\/www.spkatarzyna.pl\/index.php\/2025\/03\/25\/konkurs-fotograficzno-czytelniczy\/","title":{"rendered":"KONKURS FOTOGRAFICZNO- CZYTELNICZY"},"content":{"rendered":"<p style=\"text-align: center;\"><img decoding=\"async\" class=\"an1 CToWUd\" draggable=\"false\" src=\"https:\/\/fonts.gstatic.com\/s\/e\/notoemoji\/16.0\/1f4e2\/72.png\" alt=\"\ud83d\udce2\" data-emoji=\"\ud83d\udce2\" aria-label=\"\ud83d\udce2\" data-bit=\"iit\"> <span style=\"font-size: 14pt;\"><strong>Konkurs &#8222;\u017bywa ok\u0142adka&#8221; \u2013 zapraszamy do udzia\u0142u!<\/strong><\/span><\/p>\n<p style=\"text-align: justify;\"><span style=\"font-size: 14pt;\">Czy marzyli\u015bcie kiedy\u015b, aby wcieli\u0107 si\u0119 w posta\u0107 z ulubionej ksi\u0105\u017cki? Teraz macie tak\u0105 mo\u017cliwo\u015b\u0107! Biblioteka szkolna zaprasza wszystkich uczni\u00f3w do udzia\u0142u w konkursie &#8222;\u017bywa ok\u0142adka&#8221;. Waszym zadaniem jest odtworzenie wybranej ok\u0142adki ksi\u0105\u017cki poprzez kreatywne ustawienie si\u0119 do zdj\u0119cia. Mo\u017cecie pracowa\u0107 indywidualnie lub w grupach.<\/span><\/p>\n<p style=\"text-align: justify;\"><span style=\"font-size: 14pt;\">Regulamin znajduje si\u0119 w bibliotece szkolnej.<\/span><\/p>\n<p style=\"text-align: justify;\"><span style=\"font-size: 14pt;\"><strong>Termin dostarczenia prac:<\/strong> 14.04.2025 r. <\/span><\/p>\n<p style=\"text-align: justify;\"><span style=\"font-size: 14pt;\"><strong>Gdzie dostarczy\u0107 zdj\u0119cie?<\/strong> Do biblioteki szkolnej&nbsp; lub p. El\u017cbiety Procyk (s.nr 127)<\/span><\/p>\n<p style=\"text-align: justify;\"><span style=\"font-size: 14pt;\"><strong>Kryteria oceny:<\/strong> wierno\u015b\u0107 ok\u0142adce, kreatywno\u015b\u0107 i staranno\u015b\u0107 wykonania<\/span><\/p>\n<p style=\"text-align: justify;\"><span style=\"font-size: 14pt;\">&nbsp;<img decoding=\"async\" class=\"an1 CToWUd\" draggable=\"false\" src=\"https:\/\/fonts.gstatic.com\/s\/e\/notoemoji\/16.0\/1f3c6\/72.png\" alt=\"\ud83c\udfc6\" data-emoji=\"\ud83c\udfc6\" aria-label=\"\ud83c\udfc6\" data-bit=\"iit\"> <strong>Nagrody:<\/strong> Najlepsze prace zostan\u0105 nagrodzone i zaprezentowane na szkolnym korytarzu oraz stronie internetowej!<\/span><\/p>\n<p style=\"text-align: justify;\"><span style=\"font-size: 14pt;\">Nie czekajcie, dajcie si\u0119 ponie\u015b\u0107 wyobra\u017ani i stw\u00f3rzcie swoje &#8222;\u017bywe ok\u0142adki&#8221;!&nbsp;<\/span><\/p>\n","protected":false},"excerpt":{"rendered":"<p>Konkurs &#8222;\u017bywa ok\u0142adka&#8221; \u2013 zapraszamy do udzia\u0142u! Czy marzyli\u015bcie kiedy\u015b, aby wcieli\u0107 si\u0119 w posta\u0107 z ulubionej ksi\u0105\u017cki? Teraz macie tak\u0105 mo\u017cliwo\u015b\u0107! Biblioteka szkolna zaprasza wszystkich uczni\u00f3w do udzia\u0142u w konkursie &#8222;\u017bywa ok\u0142adka&#8221;. Waszym zadaniem jest odtworzenie wybranej ok\u0142adki ksi\u0105\u017cki poprzez kreatywne ustawienie si\u0119 do zdj\u0119cia. Mo\u017cecie pracowa\u0107 indywidualnie lub [&hellip;]<\/p>\n","protected":false},"author":6,"featured_media":15011,"comment_status":"open","ping_status":"open","sticky":false,"template":"","format":"standard","meta":{"om_disable_all_campaigns":false,"_monsterinsights_skip_tracking":false,"_monsterinsights_sitenote_active":false,"_monsterinsights_sitenote_note":"","_monsterinsights_sitenote_category":0,"ngg_post_thumbnail":0,"footnotes":""},"categories":[1],"tags":[],"class_list":["post-15010","post","type-post","status-publish","format-standard","has-post-thumbnail","hentry","category-uncategorized"],"aioseo_notices":[],"_links":{"self":[{"href":"https:\/\/www.spkatarzyna.pl\/index.php\/wp-json\/wp\/v2\/posts\/15010","targetHints":{"allow":["GET"]}}],"collection":[{"href":"https:\/\/www.spkatarzyna.pl\/index.php\/wp-json\/wp\/v2\/posts"}],"about":[{"href":"https:\/\/www.spkatarzyna.pl\/index.php\/wp-json\/wp\/v2\/types\/post"}],"author":[{"embeddable":true,"href":"https:\/\/www.spkatarzyna.pl\/index.php\/wp-json\/wp\/v2\/users\/6"}],"replies":[{"embeddable":true,"href":"https:\/\/www.spkatarzyna.pl\/index.php\/wp-json\/wp\/v2\/comments?post=15010"}],"version-history":[{"count":1,"href":"https:\/\/www.spkatarzyna.pl\/index.php\/wp-json\/wp\/v2\/posts\/15010\/revisions"}],"predecessor-version":[{"id":15012,"href":"https:\/\/www.spkatarzyna.pl\/index.php\/wp-json\/wp\/v2\/posts\/15010\/revisions\/15012"}],"wp:featuredmedia":[{"embeddable":true,"href":"https:\/\/www.spkatarzyna.pl\/index.php\/wp-json\/wp\/v2\/media\/15011"}],"wp:attachment":[{"href":"https:\/\/www.spkatarzyna.pl\/index.php\/wp-json\/wp\/v2\/media?parent=15010"}],"wp:term":[{"taxonomy":"category","embeddable":true,"href":"https:\/\/www.spkatarzyna.pl\/index.php\/wp-json\/wp\/v2\/categories?post=15010"},{"taxonomy":"post_tag","embeddable":true,"href":"https:\/\/www.spkatarzyna.pl\/index.php\/wp-json\/wp\/v2\/tags?post=15010"}],"curies":[{"name":"wp","href":"https:\/\/api.w.org\/{rel}","templated":true}]}}