{"id":15107,"date":"2025-04-02T11:06:39","date_gmt":"2025-04-02T11:06:39","guid":{"rendered":"https:\/\/www.spkatarzyna.pl\/?p=15107"},"modified":"2025-04-02T11:16:16","modified_gmt":"2025-04-02T11:16:16","slug":"nauczyciel-miesiaca-marzec","status":"publish","type":"post","link":"https:\/\/www.spkatarzyna.pl\/index.php\/2025\/04\/02\/nauczyciel-miesiaca-marzec\/","title":{"rendered":"Nauczyciel Miesi\u0105ca Marzec"},"content":{"rendered":"\t\t<div data-elementor-type=\"wp-post\" data-elementor-id=\"15107\" class=\"elementor elementor-15107\">\n\t\t\t\t<div class=\"elementor-element elementor-element-6eef0225 e-flex e-con-boxed e-con e-parent\" data-id=\"6eef0225\" data-element_type=\"container\">\n\t\t\t\t\t<div class=\"e-con-inner\">\n\t\t\t\t<div class=\"elementor-element elementor-element-4cc4f4f4 elementor-widget elementor-widget-text-editor\" data-id=\"4cc4f4f4\" data-element_type=\"widget\" data-widget_type=\"text-editor.default\">\n\t\t\t\t\t\t\t\t\t<div class=\"gmail_quote\" dir=\"auto\" style=\"text-align: justify;\"><span style=\"font-size: 14pt;\">Pani Daria Bie\u0144kowska wygra\u0142a w marcu plebiscyt na Nauczyciela Miesi\u0105ca. P. Daria otrzyma\u0142a 22 g\u0142osy od uczni\u00f3w klas 4-8. Gratulujemy wygranej!&nbsp;<\/span><\/div>\r\n<div class=\"gmail_quote\" dir=\"auto\" style=\"text-align: justify;\"><span style=\"font-size: 14pt;\">Dzi\u0119kujemy za wsp\u00f3ln\u0105 zabaw\u0119 i przypominamy, \u017ce kolejne g\u0142osowanie na Nauczyciela Miesi\u0105ca odb\u0119dzie si\u0119 w ostatnim tygodniu kwietnia.&nbsp;<\/span><\/div>\r\n<div class=\"gmail_quote\" dir=\"auto\" style=\"text-align: justify;\">&nbsp;<\/div>\r\n<div class=\"gmail_quote\" dir=\"auto\" style=\"text-align: right;\"><span style=\"font-size: 14pt;\">Samorz\u0105d Uczniowski&nbsp;<\/span><\/div>\t\t\t\t\t\t\t\t<\/div>\n\t\t\t\t<div class=\"elementor-element elementor-element-cbe0259 elementor-widget elementor-widget-image\" data-id=\"cbe0259\" data-element_type=\"widget\" data-widget_type=\"image.default\">\n\t\t\t\t\t\t\t\t\t\t\t\t\t\t\t<img fetchpriority=\"high\" decoding=\"async\" width=\"768\" height=\"1086\" src=\"https:\/\/www.spkatarzyna.pl\/wp-content\/uploads\/2025\/04\/Welcome-Students-768x1086.png\" class=\"attachment-medium_large size-medium_large wp-image-15108\" alt=\"\" srcset=\"https:\/\/www.spkatarzyna.pl\/wp-content\/uploads\/2025\/04\/Welcome-Students-768x1086.png 768w, https:\/\/www.spkatarzyna.pl\/wp-content\/uploads\/2025\/04\/Welcome-Students-212x300.png 212w, https:\/\/www.spkatarzyna.pl\/wp-content\/uploads\/2025\/04\/Welcome-Students-724x1024.png 724w, https:\/\/www.spkatarzyna.pl\/wp-content\/uploads\/2025\/04\/Welcome-Students-1086x1536.png 1086w, https:\/\/www.spkatarzyna.pl\/wp-content\/uploads\/2025\/04\/Welcome-Students-1448x2048.png 1448w, https:\/\/www.spkatarzyna.pl\/wp-content\/uploads\/2025\/04\/Welcome-Students.png 1587w\" sizes=\"(max-width: 768px) 100vw, 768px\" \/>\t\t\t\t\t\t\t\t\t\t\t\t\t\t\t<\/div>\n\t\t\t\t\t<\/div>\n\t\t\t\t<\/div>\n\t\t\t\t<\/div>\n\t\t","protected":false},"excerpt":{"rendered":"<p>Pani Daria Bie\u0144kowska wygra\u0142a w marcu plebiscyt na Nauczyciela Miesi\u0105ca. P. Daria otrzyma\u0142a 22 g\u0142osy od uczni\u00f3w klas 4-8. Gratulujemy wygranej!&nbsp; Dzi\u0119kujemy za wsp\u00f3ln\u0105 zabaw\u0119 i przypominamy, \u017ce kolejne g\u0142osowanie na Nauczyciela Miesi\u0105ca odb\u0119dzie si\u0119 w ostatnim tygodniu kwietnia.&nbsp; &nbsp; Samorz\u0105d Uczniowski&nbsp;<\/p>\n","protected":false},"author":6,"featured_media":15109,"comment_status":"open","ping_status":"open","sticky":false,"template":"","format":"standard","meta":{"om_disable_all_campaigns":false,"_monsterinsights_skip_tracking":false,"_monsterinsights_sitenote_active":false,"_monsterinsights_sitenote_note":"","_monsterinsights_sitenote_category":0,"ngg_post_thumbnail":0,"footnotes":""},"categories":[1],"tags":[],"class_list":["post-15107","post","type-post","status-publish","format-standard","has-post-thumbnail","hentry","category-uncategorized"],"aioseo_notices":[],"_links":{"self":[{"href":"https:\/\/www.spkatarzyna.pl\/index.php\/wp-json\/wp\/v2\/posts\/15107","targetHints":{"allow":["GET"]}}],"collection":[{"href":"https:\/\/www.spkatarzyna.pl\/index.php\/wp-json\/wp\/v2\/posts"}],"about":[{"href":"https:\/\/www.spkatarzyna.pl\/index.php\/wp-json\/wp\/v2\/types\/post"}],"author":[{"embeddable":true,"href":"https:\/\/www.spkatarzyna.pl\/index.php\/wp-json\/wp\/v2\/users\/6"}],"replies":[{"embeddable":true,"href":"https:\/\/www.spkatarzyna.pl\/index.php\/wp-json\/wp\/v2\/comments?post=15107"}],"version-history":[{"count":10,"href":"https:\/\/www.spkatarzyna.pl\/index.php\/wp-json\/wp\/v2\/posts\/15107\/revisions"}],"predecessor-version":[{"id":15122,"href":"https:\/\/www.spkatarzyna.pl\/index.php\/wp-json\/wp\/v2\/posts\/15107\/revisions\/15122"}],"wp:featuredmedia":[{"embeddable":true,"href":"https:\/\/www.spkatarzyna.pl\/index.php\/wp-json\/wp\/v2\/media\/15109"}],"wp:attachment":[{"href":"https:\/\/www.spkatarzyna.pl\/index.php\/wp-json\/wp\/v2\/media?parent=15107"}],"wp:term":[{"taxonomy":"category","embeddable":true,"href":"https:\/\/www.spkatarzyna.pl\/index.php\/wp-json\/wp\/v2\/categories?post=15107"},{"taxonomy":"post_tag","embeddable":true,"href":"https:\/\/www.spkatarzyna.pl\/index.php\/wp-json\/wp\/v2\/tags?post=15107"}],"curies":[{"name":"wp","href":"https:\/\/api.w.org\/{rel}","templated":true}]}}