{"id":15177,"date":"2025-04-06T17:51:06","date_gmt":"2025-04-06T17:51:06","guid":{"rendered":"https:\/\/www.spkatarzyna.pl\/?p=15177"},"modified":"2025-04-06T17:55:34","modified_gmt":"2025-04-06T17:55:34","slug":"wycieczka-kl-2b-i-2c","status":"publish","type":"post","link":"https:\/\/www.spkatarzyna.pl\/index.php\/2025\/04\/06\/wycieczka-kl-2b-i-2c\/","title":{"rendered":"Wycieczka do Teatru lalek kl. 2b i 2c"},"content":{"rendered":"\t\t<div data-elementor-type=\"wp-post\" data-elementor-id=\"15177\" class=\"elementor elementor-15177\">\n\t\t\t\t<div class=\"elementor-element elementor-element-4afb44ee e-flex e-con-boxed e-con e-parent\" data-id=\"4afb44ee\" data-element_type=\"container\">\n\t\t\t\t\t<div class=\"e-con-inner\">\n\t\t\t\t<div class=\"elementor-element elementor-element-12860a17 elementor-widget elementor-widget-text-editor\" data-id=\"12860a17\" data-element_type=\"widget\" data-widget_type=\"text-editor.default\">\n\t\t\t\t\t\t\t\t\t<p style=\"font-weight: 400; text-align: justify;\"><span style=\"font-size: 14pt;\">W &nbsp;pi\u0105tek 4.04.25 r.&nbsp; uczniowie z klasy 2b i 2c wraz z nauczycielkami pojechali na wycieczk\u0119 klasow\u0105 do Teatru Lalek &nbsp;we Wroc\u0142awiu na spektakl \u201eKarolcia\u201d.<\/span><\/p>\r\n<p style=\"font-weight: 400; text-align: justify;\"><span style=\"font-size: 14pt;\">Przedstawienie nawi\u0105zywa\u0142o do lektury szkolnej. &#8222;Karolcia&#8221; Marii Kr\u00fcger to od ponad sze\u015b\u0107dziesi\u0119ciu lat jedna z najpopularniejszych polskich ksi\u0105\u017cek dla dzieci: wznawiana, ekranizowana i inscenizowana, a przede wszystkim wci\u0105\u017c ch\u0119tnie czytana.<\/span><\/p>\r\n<p style=\"text-align: right;\"><span style=\"font-size: 14pt;\">Paulina Witkowska<\/span><\/p>\t\t\t\t\t\t\t\t<\/div>\n\t\t\t\t<div class=\"elementor-element elementor-element-bfeb68e elementor-widget elementor-widget-image-gallery\" data-id=\"bfeb68e\" data-element_type=\"widget\" data-widget_type=\"image-gallery.default\">\n\t\t\t\t\t\t\t<div class=\"elementor-image-gallery\">\n\t\t\t<div id='gallery-1' class='gallery galleryid-15177 gallery-columns-4 gallery-size-thumbnail'><dl class='gallery-item'>\n\t\t\t<dt class='gallery-icon portrait'>\n\t\t\t\t<a data-elementor-open-lightbox=\"yes\" data-elementor-lightbox-slideshow=\"bfeb68e\" data-e-action-hash=\"#elementor-action%3Aaction%3Dlightbox%26settings%3DeyJpZCI6MTUxODIsInVybCI6Imh0dHBzOlwvXC93d3cuc3BrYXRhcnp5bmEucGxcL3dwLWNvbnRlbnRcL3VwbG9hZHNcLzIwMjVcLzA0XC8yMDI1MDQwNF8wOTU2MjMtc2NhbGVkLmpwZyIsInNsaWRlc2hvdyI6ImJmZWI2OGUifQ%3D%3D\" href='https:\/\/www.spkatarzyna.pl\/wp-content\/uploads\/2025\/04\/20250404_095623-scaled.jpg'><img decoding=\"async\" width=\"150\" height=\"150\" src=\"https:\/\/www.spkatarzyna.pl\/wp-content\/uploads\/2025\/04\/20250404_095623-150x150.jpg\" class=\"attachment-thumbnail size-thumbnail\" alt=\"\" srcset=\"https:\/\/www.spkatarzyna.pl\/wp-content\/uploads\/2025\/04\/20250404_095623-150x150.jpg 150w, https:\/\/www.spkatarzyna.pl\/wp-content\/uploads\/2025\/04\/20250404_095623-90x90.jpg 90w, https:\/\/www.spkatarzyna.pl\/wp-content\/uploads\/2025\/04\/20250404_095623-670x670.jpg 670w\" sizes=\"(max-width: 150px) 100vw, 150px\" \/><\/a>\n\t\t\t<\/dt><\/dl><dl class='gallery-item'>\n\t\t\t<dt class='gallery-icon landscape'>\n\t\t\t\t<a data-elementor-open-lightbox=\"yes\" data-elementor-lightbox-slideshow=\"bfeb68e\" data-e-action-hash=\"#elementor-action%3Aaction%3Dlightbox%26settings%3DeyJpZCI6MTUxODMsInVybCI6Imh0dHBzOlwvXC93d3cuc3BrYXRhcnp5bmEucGxcL3dwLWNvbnRlbnRcL3VwbG9hZHNcLzIwMjVcLzA0XC8yMDI1MDQwNF8xMTU4MDctc2NhbGVkLmpwZyIsInNsaWRlc2hvdyI6ImJmZWI2OGUifQ%3D%3D\" href='https:\/\/www.spkatarzyna.pl\/wp-content\/uploads\/2025\/04\/20250404_115807-scaled.jpg'><img decoding=\"async\" width=\"150\" height=\"150\" src=\"https:\/\/www.spkatarzyna.pl\/wp-content\/uploads\/2025\/04\/20250404_115807-150x150.jpg\" class=\"attachment-thumbnail size-thumbnail\" alt=\"\" srcset=\"https:\/\/www.spkatarzyna.pl\/wp-content\/uploads\/2025\/04\/20250404_115807-150x150.jpg 150w, https:\/\/www.spkatarzyna.pl\/wp-content\/uploads\/2025\/04\/20250404_115807-90x90.jpg 90w, https:\/\/www.spkatarzyna.pl\/wp-content\/uploads\/2025\/04\/20250404_115807-670x670.jpg 670w\" sizes=\"(max-width: 150px) 100vw, 150px\" \/><\/a>\n\t\t\t<\/dt><\/dl><dl class='gallery-item'>\n\t\t\t<dt class='gallery-icon landscape'>\n\t\t\t\t<a data-elementor-open-lightbox=\"yes\" data-elementor-lightbox-slideshow=\"bfeb68e\" data-e-action-hash=\"#elementor-action%3Aaction%3Dlightbox%26settings%3DeyJpZCI6MTUxODQsInVybCI6Imh0dHBzOlwvXC93d3cuc3BrYXRhcnp5bmEucGxcL3dwLWNvbnRlbnRcL3VwbG9hZHNcLzIwMjVcLzA0XC8yMDI1MDQwNF8xMTU5MDkuanBnIiwic2xpZGVzaG93IjoiYmZlYjY4ZSJ9\" href='https:\/\/www.spkatarzyna.pl\/wp-content\/uploads\/2025\/04\/20250404_115909.jpg'><img decoding=\"async\" width=\"150\" height=\"150\" src=\"https:\/\/www.spkatarzyna.pl\/wp-content\/uploads\/2025\/04\/20250404_115909-150x150.jpg\" class=\"attachment-thumbnail size-thumbnail\" alt=\"\" srcset=\"https:\/\/www.spkatarzyna.pl\/wp-content\/uploads\/2025\/04\/20250404_115909-150x150.jpg 150w, https:\/\/www.spkatarzyna.pl\/wp-content\/uploads\/2025\/04\/20250404_115909-90x90.jpg 90w, https:\/\/www.spkatarzyna.pl\/wp-content\/uploads\/2025\/04\/20250404_115909-670x670.jpg 670w\" sizes=\"(max-width: 150px) 100vw, 150px\" \/><\/a>\n\t\t\t<\/dt><\/dl><dl class='gallery-item'>\n\t\t\t<dt class='gallery-icon portrait'>\n\t\t\t\t<a data-elementor-open-lightbox=\"yes\" data-elementor-lightbox-slideshow=\"bfeb68e\" data-e-action-hash=\"#elementor-action%3Aaction%3Dlightbox%26settings%3DeyJpZCI6MTUxODUsInVybCI6Imh0dHBzOlwvXC93d3cuc3BrYXRhcnp5bmEucGxcL3dwLWNvbnRlbnRcL3VwbG9hZHNcLzIwMjVcLzA0XC8yMDI1MDQwNF8xMjA4MTAtc2NhbGVkLmpwZyIsInNsaWRlc2hvdyI6ImJmZWI2OGUifQ%3D%3D\" href='https:\/\/www.spkatarzyna.pl\/wp-content\/uploads\/2025\/04\/20250404_120810-scaled.jpg'><img loading=\"lazy\" decoding=\"async\" width=\"150\" height=\"150\" src=\"https:\/\/www.spkatarzyna.pl\/wp-content\/uploads\/2025\/04\/20250404_120810-150x150.jpg\" class=\"attachment-thumbnail size-thumbnail\" alt=\"\" srcset=\"https:\/\/www.spkatarzyna.pl\/wp-content\/uploads\/2025\/04\/20250404_120810-150x150.jpg 150w, https:\/\/www.spkatarzyna.pl\/wp-content\/uploads\/2025\/04\/20250404_120810-90x90.jpg 90w, https:\/\/www.spkatarzyna.pl\/wp-content\/uploads\/2025\/04\/20250404_120810-670x670.jpg 670w\" sizes=\"(max-width: 150px) 100vw, 150px\" \/><\/a>\n\t\t\t<\/dt><\/dl><br style=\"clear: both\" \/>\n\t\t<\/div>\n\t\t<\/div>\n\t\t\t\t\t\t<\/div>\n\t\t\t\t\t<\/div>\n\t\t\t\t<\/div>\n\t\t\t\t<\/div>\n\t\t","protected":false},"excerpt":{"rendered":"<p>W &nbsp;pi\u0105tek 4.04.25 r.&nbsp; uczniowie z klasy 2b i 2c wraz z nauczycielkami pojechali na wycieczk\u0119 klasow\u0105 do Teatru Lalek &nbsp;we Wroc\u0142awiu na spektakl \u201eKarolcia\u201d. Przedstawienie nawi\u0105zywa\u0142o do lektury szkolnej. &#8222;Karolcia&#8221; Marii Kr\u00fcger to od ponad sze\u015b\u0107dziesi\u0119ciu lat jedna z najpopularniejszych polskich ksi\u0105\u017cek dla dzieci: wznawiana, ekranizowana i inscenizowana, a [&hellip;]<\/p>\n","protected":false},"author":6,"featured_media":15178,"comment_status":"open","ping_status":"open","sticky":false,"template":"","format":"standard","meta":{"om_disable_all_campaigns":false,"_monsterinsights_skip_tracking":false,"_monsterinsights_sitenote_active":false,"_monsterinsights_sitenote_note":"","_monsterinsights_sitenote_category":0,"ngg_post_thumbnail":0,"footnotes":""},"categories":[1],"tags":[],"class_list":["post-15177","post","type-post","status-publish","format-standard","has-post-thumbnail","hentry","category-uncategorized"],"aioseo_notices":[],"_links":{"self":[{"href":"https:\/\/www.spkatarzyna.pl\/index.php\/wp-json\/wp\/v2\/posts\/15177","targetHints":{"allow":["GET"]}}],"collection":[{"href":"https:\/\/www.spkatarzyna.pl\/index.php\/wp-json\/wp\/v2\/posts"}],"about":[{"href":"https:\/\/www.spkatarzyna.pl\/index.php\/wp-json\/wp\/v2\/types\/post"}],"author":[{"embeddable":true,"href":"https:\/\/www.spkatarzyna.pl\/index.php\/wp-json\/wp\/v2\/users\/6"}],"replies":[{"embeddable":true,"href":"https:\/\/www.spkatarzyna.pl\/index.php\/wp-json\/wp\/v2\/comments?post=15177"}],"version-history":[{"count":6,"href":"https:\/\/www.spkatarzyna.pl\/index.php\/wp-json\/wp\/v2\/posts\/15177\/revisions"}],"predecessor-version":[{"id":15189,"href":"https:\/\/www.spkatarzyna.pl\/index.php\/wp-json\/wp\/v2\/posts\/15177\/revisions\/15189"}],"wp:featuredmedia":[{"embeddable":true,"href":"https:\/\/www.spkatarzyna.pl\/index.php\/wp-json\/wp\/v2\/media\/15178"}],"wp:attachment":[{"href":"https:\/\/www.spkatarzyna.pl\/index.php\/wp-json\/wp\/v2\/media?parent=15177"}],"wp:term":[{"taxonomy":"category","embeddable":true,"href":"https:\/\/www.spkatarzyna.pl\/index.php\/wp-json\/wp\/v2\/categories?post=15177"},{"taxonomy":"post_tag","embeddable":true,"href":"https:\/\/www.spkatarzyna.pl\/index.php\/wp-json\/wp\/v2\/tags?post=15177"}],"curies":[{"name":"wp","href":"https:\/\/api.w.org\/{rel}","templated":true}]}}