{"id":15277,"date":"2025-04-10T12:16:50","date_gmt":"2025-04-10T12:16:50","guid":{"rendered":"https:\/\/www.spkatarzyna.pl\/?p=15277"},"modified":"2025-04-10T20:42:54","modified_gmt":"2025-04-10T20:42:54","slug":"laureaci-konkursu-kolorowa-skarpetka-2","status":"publish","type":"post","link":"https:\/\/www.spkatarzyna.pl\/index.php\/2025\/04\/10\/laureaci-konkursu-kolorowa-skarpetka-2\/","title":{"rendered":"Konkurs KOLOROWA SKARPETKA"},"content":{"rendered":"\t\t<div data-elementor-type=\"wp-post\" data-elementor-id=\"15277\" class=\"elementor elementor-15277\">\n\t\t\t\t<div class=\"elementor-element elementor-element-3ab3144a e-flex e-con-boxed e-con e-parent\" data-id=\"3ab3144a\" data-element_type=\"container\">\n\t\t\t\t\t<div class=\"e-con-inner\">\n\t\t\t\t<div class=\"elementor-element elementor-element-37eecede elementor-widget elementor-widget-text-editor\" data-id=\"37eecede\" data-element_type=\"widget\" data-widget_type=\"text-editor.default\">\n\t\t\t\t\t\t\t\t\t<div id=\":17o\" class=\"ii gt\"><div id=\":17p\" class=\"a3s aiL \"><div><p><span style=\"color: #000000; font-size: 14pt;\">Z rado\u015bci\u0105 informujemy, \u017ce laureatami szkolnego konkursu \u201eKolorowa skarpetka\u201d zostali:<\/span><\/p><p><span style=\"color: #000000; font-size: 14pt;\">1 miejsce: Gustaw Walowski-Koprowski, 3b<\/span><br \/><span style=\"color: #000000; font-size: 14pt;\">2 miejsce: Szymon Maciejewski, 2b<\/span><br \/><span style=\"color: #000000; font-size: 14pt;\">3 miejsce: Julia Szykasiuk, 2b<\/span><\/p><p><span style=\"color: #000000; font-size: 14pt;\">Jury przyzna\u0142o r\u00f3wnie\u017c wyr\u00f3\u017cnienia:<\/span><br \/><span style=\"color: #000000; font-size: 14pt;\">Sara Kruze 1c,<\/span><br \/><span style=\"color: #000000; font-size: 14pt;\">Maja Bugajska 2b,<\/span><br \/><span style=\"color: #000000; font-size: 14pt;\">Micha\u0142 Milewski 2c,<\/span><br \/><span style=\"color: #000000; font-size: 14pt;\">Julia B\u0142aszczyszyn 5b,<\/span><br \/><span style=\"color: #000000; font-size: 14pt;\">Przemys\u0142aw Chru\u015bciel 5b<\/span><\/p><p><span style=\"color: #000000; font-size: 14pt;\">Gratulujemy i bardzo dzi\u0119kujemy wszystkim uczestnikom \ud83d\ude09<\/span><\/p><\/div><div style=\"text-align: right;\"><p><span style=\"font-size: 14pt;\">Katarzyna Ziobrowska-Or\u0142owska<\/span><br \/><span style=\"font-size: 14pt;\">Alicja Szczygie\u0142<\/span><br \/><span style=\"font-size: 14pt;\">Daniela Godlewska- Grucela<\/span><\/p><\/div><\/div><\/div>\t\t\t\t\t\t\t\t<\/div>\n\t\t\t\t<div class=\"elementor-element elementor-element-ea311f0 elementor-widget elementor-widget-image-gallery\" data-id=\"ea311f0\" data-element_type=\"widget\" data-widget_type=\"image-gallery.default\">\n\t\t\t\t\t\t\t<div class=\"elementor-image-gallery\">\n\t\t\t<div id='gallery-1' class='gallery galleryid-15277 gallery-columns-4 gallery-size-thumbnail'><dl class='gallery-item'>\n\t\t\t<dt class='gallery-icon portrait'>\n\t\t\t\t<a data-elementor-open-lightbox=\"yes\" data-elementor-lightbox-slideshow=\"ea311f0\" data-e-action-hash=\"#elementor-action%3Aaction%3Dlightbox%26settings%3DeyJpZCI6MTUyODEsInVybCI6Imh0dHBzOlwvXC93d3cuc3BrYXRhcnp5bmEucGxcL3dwLWNvbnRlbnRcL3VwbG9hZHNcLzIwMjVcLzA0XC9JTUdfMjAyNTA0MTBfMTEyMTAxXzU4MS53ZWJwIiwic2xpZGVzaG93IjoiZWEzMTFmMCJ9\" href='https:\/\/www.spkatarzyna.pl\/wp-content\/uploads\/2025\/04\/IMG_20250410_112101_581.webp'><img decoding=\"async\" width=\"150\" height=\"150\" src=\"https:\/\/www.spkatarzyna.pl\/wp-content\/uploads\/2025\/04\/IMG_20250410_112101_581-150x150.webp\" class=\"attachment-thumbnail size-thumbnail\" alt=\"\" srcset=\"https:\/\/www.spkatarzyna.pl\/wp-content\/uploads\/2025\/04\/IMG_20250410_112101_581-150x150.webp 150w, https:\/\/www.spkatarzyna.pl\/wp-content\/uploads\/2025\/04\/IMG_20250410_112101_581-90x90.webp 90w, https:\/\/www.spkatarzyna.pl\/wp-content\/uploads\/2025\/04\/IMG_20250410_112101_581-670x670.webp 670w\" sizes=\"(max-width: 150px) 100vw, 150px\" \/><\/a>\n\t\t\t<\/dt><\/dl><dl class='gallery-item'>\n\t\t\t<dt class='gallery-icon portrait'>\n\t\t\t\t<a data-elementor-open-lightbox=\"yes\" data-elementor-lightbox-slideshow=\"ea311f0\" data-e-action-hash=\"#elementor-action%3Aaction%3Dlightbox%26settings%3DeyJpZCI6MTUyODIsInVybCI6Imh0dHBzOlwvXC93d3cuc3BrYXRhcnp5bmEucGxcL3dwLWNvbnRlbnRcL3VwbG9hZHNcLzIwMjVcLzA0XC9JTUctMjAyNTA0MTAtV0EwMDAwLmpwZyIsInNsaWRlc2hvdyI6ImVhMzExZjAifQ%3D%3D\" href='https:\/\/www.spkatarzyna.pl\/wp-content\/uploads\/2025\/04\/IMG-20250410-WA0000.jpg'><img decoding=\"async\" width=\"150\" height=\"150\" src=\"https:\/\/www.spkatarzyna.pl\/wp-content\/uploads\/2025\/04\/IMG-20250410-WA0000-150x150.jpg\" class=\"attachment-thumbnail size-thumbnail\" alt=\"\" srcset=\"https:\/\/www.spkatarzyna.pl\/wp-content\/uploads\/2025\/04\/IMG-20250410-WA0000-150x150.jpg 150w, https:\/\/www.spkatarzyna.pl\/wp-content\/uploads\/2025\/04\/IMG-20250410-WA0000-90x90.jpg 90w, https:\/\/www.spkatarzyna.pl\/wp-content\/uploads\/2025\/04\/IMG-20250410-WA0000-670x670.jpg 670w\" sizes=\"(max-width: 150px) 100vw, 150px\" \/><\/a>\n\t\t\t<\/dt><\/dl><dl class='gallery-item'>\n\t\t\t<dt class='gallery-icon portrait'>\n\t\t\t\t<a data-elementor-open-lightbox=\"yes\" data-elementor-lightbox-slideshow=\"ea311f0\" data-e-action-hash=\"#elementor-action%3Aaction%3Dlightbox%26settings%3DeyJpZCI6MTUyODMsInVybCI6Imh0dHBzOlwvXC93d3cuc3BrYXRhcnp5bmEucGxcL3dwLWNvbnRlbnRcL3VwbG9hZHNcLzIwMjVcLzA0XC8yMDI1MDQwOV8xNDM4NTMtc2NhbGVkLmpwZyIsInNsaWRlc2hvdyI6ImVhMzExZjAifQ%3D%3D\" href='https:\/\/www.spkatarzyna.pl\/wp-content\/uploads\/2025\/04\/20250409_143853-scaled.jpg'><img decoding=\"async\" width=\"150\" height=\"150\" src=\"https:\/\/www.spkatarzyna.pl\/wp-content\/uploads\/2025\/04\/20250409_143853-150x150.jpg\" class=\"attachment-thumbnail size-thumbnail\" alt=\"\" srcset=\"https:\/\/www.spkatarzyna.pl\/wp-content\/uploads\/2025\/04\/20250409_143853-150x150.jpg 150w, https:\/\/www.spkatarzyna.pl\/wp-content\/uploads\/2025\/04\/20250409_143853-90x90.jpg 90w, https:\/\/www.spkatarzyna.pl\/wp-content\/uploads\/2025\/04\/20250409_143853-670x670.jpg 670w\" sizes=\"(max-width: 150px) 100vw, 150px\" \/><\/a>\n\t\t\t<\/dt><\/dl><dl class='gallery-item'>\n\t\t\t<dt class='gallery-icon portrait'>\n\t\t\t\t<a data-elementor-open-lightbox=\"yes\" data-elementor-lightbox-slideshow=\"ea311f0\" data-e-action-hash=\"#elementor-action%3Aaction%3Dlightbox%26settings%3DeyJpZCI6MTUyODQsInVybCI6Imh0dHBzOlwvXC93d3cuc3BrYXRhcnp5bmEucGxcL3dwLWNvbnRlbnRcL3VwbG9hZHNcLzIwMjVcLzA0XC8yMDI1MDQwOV8xMDIwMTEtc2NhbGVkLmpwZyIsInNsaWRlc2hvdyI6ImVhMzExZjAifQ%3D%3D\" href='https:\/\/www.spkatarzyna.pl\/wp-content\/uploads\/2025\/04\/20250409_102011-scaled.jpg'><img loading=\"lazy\" decoding=\"async\" width=\"150\" height=\"150\" src=\"https:\/\/www.spkatarzyna.pl\/wp-content\/uploads\/2025\/04\/20250409_102011-150x150.jpg\" class=\"attachment-thumbnail size-thumbnail\" alt=\"\" srcset=\"https:\/\/www.spkatarzyna.pl\/wp-content\/uploads\/2025\/04\/20250409_102011-150x150.jpg 150w, https:\/\/www.spkatarzyna.pl\/wp-content\/uploads\/2025\/04\/20250409_102011-90x90.jpg 90w, https:\/\/www.spkatarzyna.pl\/wp-content\/uploads\/2025\/04\/20250409_102011-670x670.jpg 670w\" sizes=\"(max-width: 150px) 100vw, 150px\" \/><\/a>\n\t\t\t<\/dt><\/dl><br style=\"clear: both\" \/>\n\t\t<\/div>\n\t\t<\/div>\n\t\t\t\t\t\t<\/div>\n\t\t\t\t\t<\/div>\n\t\t\t\t<\/div>\n\t\t\t\t<\/div>\n\t\t","protected":false},"excerpt":{"rendered":"<p>Z rado\u015bci\u0105 informujemy, \u017ce laureatami szkolnego konkursu \u201eKolorowa skarpetka\u201d zostali: 1 miejsce: Gustaw Walowski-Koprowski, 3b 2 miejsce: Szymon Maciejewski, 2b 3 miejsce: Julia Szykasiuk, 2b Jury przyzna\u0142o r\u00f3wnie\u017c wyr\u00f3\u017cnienia: Sara Kruze 1c, Maja Bugajska 2b, Micha\u0142 Milewski 2c, Julia B\u0142aszczyszyn 5b, Przemys\u0142aw Chru\u015bciel 5b Gratulujemy i bardzo dzi\u0119kujemy wszystkim uczestnikom [&hellip;]<\/p>\n","protected":false},"author":6,"featured_media":15278,"comment_status":"open","ping_status":"open","sticky":false,"template":"","format":"standard","meta":{"om_disable_all_campaigns":false,"_monsterinsights_skip_tracking":false,"_monsterinsights_sitenote_active":false,"_monsterinsights_sitenote_note":"","_monsterinsights_sitenote_category":0,"ngg_post_thumbnail":0,"footnotes":""},"categories":[1],"tags":[],"class_list":["post-15277","post","type-post","status-publish","format-standard","has-post-thumbnail","hentry","category-uncategorized"],"aioseo_notices":[],"_links":{"self":[{"href":"https:\/\/www.spkatarzyna.pl\/index.php\/wp-json\/wp\/v2\/posts\/15277","targetHints":{"allow":["GET"]}}],"collection":[{"href":"https:\/\/www.spkatarzyna.pl\/index.php\/wp-json\/wp\/v2\/posts"}],"about":[{"href":"https:\/\/www.spkatarzyna.pl\/index.php\/wp-json\/wp\/v2\/types\/post"}],"author":[{"embeddable":true,"href":"https:\/\/www.spkatarzyna.pl\/index.php\/wp-json\/wp\/v2\/users\/6"}],"replies":[{"embeddable":true,"href":"https:\/\/www.spkatarzyna.pl\/index.php\/wp-json\/wp\/v2\/comments?post=15277"}],"version-history":[{"count":6,"href":"https:\/\/www.spkatarzyna.pl\/index.php\/wp-json\/wp\/v2\/posts\/15277\/revisions"}],"predecessor-version":[{"id":15289,"href":"https:\/\/www.spkatarzyna.pl\/index.php\/wp-json\/wp\/v2\/posts\/15277\/revisions\/15289"}],"wp:featuredmedia":[{"embeddable":true,"href":"https:\/\/www.spkatarzyna.pl\/index.php\/wp-json\/wp\/v2\/media\/15278"}],"wp:attachment":[{"href":"https:\/\/www.spkatarzyna.pl\/index.php\/wp-json\/wp\/v2\/media?parent=15277"}],"wp:term":[{"taxonomy":"category","embeddable":true,"href":"https:\/\/www.spkatarzyna.pl\/index.php\/wp-json\/wp\/v2\/categories?post=15277"},{"taxonomy":"post_tag","embeddable":true,"href":"https:\/\/www.spkatarzyna.pl\/index.php\/wp-json\/wp\/v2\/tags?post=15277"}],"curies":[{"name":"wp","href":"https:\/\/api.w.org\/{rel}","templated":true}]}}