{"id":15316,"date":"2025-05-21T20:15:52","date_gmt":"2025-05-21T20:15:52","guid":{"rendered":"https:\/\/www.spkatarzyna.pl\/?p=15316"},"modified":"2025-05-21T20:16:35","modified_gmt":"2025-05-21T20:16:35","slug":"zarzadzenie-dyrektora","status":"publish","type":"post","link":"https:\/\/www.spkatarzyna.pl\/index.php\/2025\/05\/21\/zarzadzenie-dyrektora\/","title":{"rendered":"Zarz\u0105dzenia Dyrektora Szko\u0142y"},"content":{"rendered":"<ul>\n<li style=\"text-align: left;\"><a href=\"https:\/\/www.spkatarzyna.pl\/wp-content\/uploads\/2025\/04\/20250411115749-obrocony.pdf\"><span style=\"font-size: 14pt;\">Zarz\u0105dzenie Dyrektora Publicznej Szko\u0142y Podstawowej im. Stefana Kardyna\u0142a Wyszy\u0144skiego Prymasa Tysi\u0105clecia <\/span><span style=\"font-size: 14pt;\">w \u015awi\u0119tej Katarzynie w sprawie Zasad korzystania z placu zabaw przy Publicznej Szkole Podstawowej poza godzinami zaj\u0119\u0107 &nbsp;szkolnych<\/span><\/a><\/li>\n<\/ul>\n<p>&nbsp;<\/p>\n<ul>\n<li><a href=\"https:\/\/www.spkatarzyna.pl\/wp-content\/uploads\/2025\/04\/20250429134149-1-scaled.jpg\"><span style=\"font-size: 14pt;\">Zarz\u0105dzenie Dyrektora Publicznej Szko\u0142y Podstawowej im. Stefana Kardyna\u0142a Wyszy\u0144skiego Prymasa Tysi\u0105clecia w \u015awi\u0119tej Katarzynie w\/s 2 maja i 20 czerwca 2025 r.<\/span><\/a><\/li>\n<\/ul>\n","protected":false},"excerpt":{"rendered":"<p>Zarz\u0105dzenie Dyrektora Publicznej Szko\u0142y Podstawowej im. Stefana Kardyna\u0142a Wyszy\u0144skiego Prymasa Tysi\u0105clecia w \u015awi\u0119tej Katarzynie w sprawie Zasad korzystania z placu zabaw przy Publicznej Szkole Podstawowej poza godzinami zaj\u0119\u0107 &nbsp;szkolnych &nbsp; Zarz\u0105dzenie Dyrektora Publicznej Szko\u0142y Podstawowej im. Stefana Kardyna\u0142a Wyszy\u0144skiego Prymasa Tysi\u0105clecia w \u015awi\u0119tej Katarzynie w\/s 2 maja i 20 czerwca [&hellip;]<\/p>\n","protected":false},"author":6,"featured_media":2128,"comment_status":"open","ping_status":"open","sticky":false,"template":"","format":"standard","meta":{"om_disable_all_campaigns":false,"_monsterinsights_skip_tracking":false,"_monsterinsights_sitenote_active":false,"_monsterinsights_sitenote_note":"","_monsterinsights_sitenote_category":0,"ngg_post_thumbnail":0,"footnotes":""},"categories":[1],"tags":[],"class_list":["post-15316","post","type-post","status-publish","format-standard","has-post-thumbnail","hentry","category-uncategorized"],"aioseo_notices":[],"_links":{"self":[{"href":"https:\/\/www.spkatarzyna.pl\/index.php\/wp-json\/wp\/v2\/posts\/15316","targetHints":{"allow":["GET"]}}],"collection":[{"href":"https:\/\/www.spkatarzyna.pl\/index.php\/wp-json\/wp\/v2\/posts"}],"about":[{"href":"https:\/\/www.spkatarzyna.pl\/index.php\/wp-json\/wp\/v2\/types\/post"}],"author":[{"embeddable":true,"href":"https:\/\/www.spkatarzyna.pl\/index.php\/wp-json\/wp\/v2\/users\/6"}],"replies":[{"embeddable":true,"href":"https:\/\/www.spkatarzyna.pl\/index.php\/wp-json\/wp\/v2\/comments?post=15316"}],"version-history":[{"count":9,"href":"https:\/\/www.spkatarzyna.pl\/index.php\/wp-json\/wp\/v2\/posts\/15316\/revisions"}],"predecessor-version":[{"id":15686,"href":"https:\/\/www.spkatarzyna.pl\/index.php\/wp-json\/wp\/v2\/posts\/15316\/revisions\/15686"}],"wp:featuredmedia":[{"embeddable":true,"href":"https:\/\/www.spkatarzyna.pl\/index.php\/wp-json\/wp\/v2\/media\/2128"}],"wp:attachment":[{"href":"https:\/\/www.spkatarzyna.pl\/index.php\/wp-json\/wp\/v2\/media?parent=15316"}],"wp:term":[{"taxonomy":"category","embeddable":true,"href":"https:\/\/www.spkatarzyna.pl\/index.php\/wp-json\/wp\/v2\/categories?post=15316"},{"taxonomy":"post_tag","embeddable":true,"href":"https:\/\/www.spkatarzyna.pl\/index.php\/wp-json\/wp\/v2\/tags?post=15316"}],"curies":[{"name":"wp","href":"https:\/\/api.w.org\/{rel}","templated":true}]}}