{"id":15635,"date":"2025-05-16T18:40:59","date_gmt":"2025-05-16T18:40:59","guid":{"rendered":"https:\/\/www.spkatarzyna.pl\/?p=15635"},"modified":"2025-05-16T18:44:43","modified_gmt":"2025-05-16T18:44:43","slug":"1-a-w-teatrze-capitol-we-wroclawiu","status":"publish","type":"post","link":"https:\/\/www.spkatarzyna.pl\/index.php\/2025\/05\/16\/1-a-w-teatrze-capitol-we-wroclawiu\/","title":{"rendered":"1a w teatrze Capitol we Wroc\u0142awiu"},"content":{"rendered":"\t\t<div data-elementor-type=\"wp-post\" data-elementor-id=\"15635\" class=\"elementor elementor-15635\">\n\t\t\t\t<div class=\"elementor-element elementor-element-7b3b6521 e-flex e-con-boxed e-con e-parent\" data-id=\"7b3b6521\" data-element_type=\"container\">\n\t\t\t\t\t<div class=\"e-con-inner\">\n\t\t\t\t<div class=\"elementor-element elementor-element-55b2fa4e elementor-widget elementor-widget-text-editor\" data-id=\"55b2fa4e\" data-element_type=\"widget\" data-widget_type=\"text-editor.default\">\n\t\t\t\t\t\t\t\t\t<p style=\"text-align: justify;\"><span style=\"font-weight: 400; font-size: 14pt;\">No i pojechali\u015bmy. Do Wroc\u0142awia. Najpierw jechali\u015bmy autobusem podmiejskim a potem tramwajem. Pani Asia i pani Beatka przypomnia\u0142y nam zasady korzystania z komunikacji miejskiej i zasady zachowania si\u0119 w niej. Niekt\u00f3rzy z nas pierwszy raz jechali tramwajem. Egzamin z kulturalnego zachowania zdali\u015bmy celuj\u0105co.\u00a0<\/span><\/p><p style=\"text-align: justify;\"><span style=\"font-weight: 400; font-size: 14pt;\">Najpierw przywita\u0142 nas muzyczny przystanek tramwajowy i przemi\u0142e panie w szatni teatralnej. Weszli\u015bmy na widowni\u0119 i omal nie padli\u015bmy z zachwytu. Scenografia by\u0142a przepi\u0119kna. Zobaczyli\u015bmy przeogromny plac zabaw z hu\u015btawkami, zje\u017cd\u017calni\u0105, karuzel\u0105 i piaskownic\u0105 pe\u0142n\u0105 pi\u0142ek. Czekali\u015bmy z niecierpliwo\u015bci\u0105 na gong oznajmiaj\u0105cy rozpocz\u0119cie przedstawienia \u201eNasza mama czarodziejka\u201d. Pani czyta\u0142a nam fragmenty tej ksi\u0105\u017ceczki, wi\u0119c ciekawi byli\u015bmy jak aktorzy przedstawi\u0105 znajome nam opowiadania. Gong. I zacz\u0119\u0142a si\u0119 przygoda. Razem z bohaterami spektaklu pomogli\u015bmy odczarowa\u0107 wielkoluda, brali\u015bmy udzia\u0142 w ratowaniu dzwonnicy,\u00a0 z kapitanem statku od\u015bpiewali\u015bmy szant\u0119 i wyprali\u015bmy brudn\u0105 chmurk\u0119, kt\u00f3ra mog\u0142a spowodowa\u0107 burz\u0119. \u0141apali\u015bmy te\u017c ba\u0144ki mydlane i byli\u015bmy te\u017c detektywami. Przedstawienie by\u0142o bombastycznie wspania\u0142e. Polecamy je obejrze\u0107 dzieciakom z klas 0-2. B\u0119dziecie si\u0119 dobrze bawi\u0107.\u00a0<\/span><\/p><p style=\"text-align: right;\"><span style=\"font-weight: 400; font-size: 14pt;\">Dziewczyny i ch\u0142opaki z klasy 1a\u00a0<\/span><\/p>\t\t\t\t\t\t\t\t<\/div>\n\t\t\t\t<div class=\"elementor-element elementor-element-80d5f45 elementor-widget elementor-widget-video\" data-id=\"80d5f45\" data-element_type=\"widget\" data-settings=\"{&quot;video_type&quot;:&quot;hosted&quot;,&quot;controls&quot;:&quot;yes&quot;}\" data-widget_type=\"video.default\">\n\t\t\t\t\t\t\t<div class=\"e-hosted-video elementor-wrapper elementor-open-inline\">\n\t\t\t\t\t<video class=\"elementor-video\" src=\"https:\/\/www.spkatarzyna.pl\/wp-content\/uploads\/2025\/05\/1a-w-Capitolu-we-Wroclawiu-online-video-cutter.com_.mp4\" controls=\"\" preload=\"metadata\" controlsList=\"nodownload\"><\/video>\n\t\t\t\t<\/div>\n\t\t\t\t\t\t<\/div>\n\t\t\t\t<div class=\"elementor-element elementor-element-b3e9a32 elementor-widget elementor-widget-image-gallery\" data-id=\"b3e9a32\" data-element_type=\"widget\" data-widget_type=\"image-gallery.default\">\n\t\t\t\t\t\t\t<div class=\"elementor-image-gallery\">\n\t\t\t<div id='gallery-1' class='gallery galleryid-15635 gallery-columns-2 gallery-size-thumbnail'><dl class='gallery-item'>\n\t\t\t<dt class='gallery-icon landscape'>\n\t\t\t\t<a data-elementor-open-lightbox=\"yes\" data-elementor-lightbox-slideshow=\"b3e9a32\" data-e-action-hash=\"#elementor-action%3Aaction%3Dlightbox%26settings%3DeyJpZCI6MTU2NDAsInVybCI6Imh0dHBzOlwvXC93d3cuc3BrYXRhcnp5bmEucGxcL3dwLWNvbnRlbnRcL3VwbG9hZHNcLzIwMjVcLzA1XC9JTUdfNzU3OC0yLTEuanBnIiwic2xpZGVzaG93IjoiYjNlOWEzMiJ9\" href='https:\/\/www.spkatarzyna.pl\/wp-content\/uploads\/2025\/05\/IMG_7578-2-1.jpg'><img decoding=\"async\" width=\"150\" height=\"150\" src=\"https:\/\/www.spkatarzyna.pl\/wp-content\/uploads\/2025\/05\/IMG_7578-2-1-150x150.jpg\" class=\"attachment-thumbnail size-thumbnail\" alt=\"\" srcset=\"https:\/\/www.spkatarzyna.pl\/wp-content\/uploads\/2025\/05\/IMG_7578-2-1-150x150.jpg 150w, https:\/\/www.spkatarzyna.pl\/wp-content\/uploads\/2025\/05\/IMG_7578-2-1-90x90.jpg 90w\" sizes=\"(max-width: 150px) 100vw, 150px\" \/><\/a>\n\t\t\t<\/dt><\/dl><dl class='gallery-item'>\n\t\t\t<dt class='gallery-icon landscape'>\n\t\t\t\t<a data-elementor-open-lightbox=\"yes\" data-elementor-lightbox-slideshow=\"b3e9a32\" data-e-action-hash=\"#elementor-action%3Aaction%3Dlightbox%26settings%3DeyJpZCI6MTU2NDEsInVybCI6Imh0dHBzOlwvXC93d3cuc3BrYXRhcnp5bmEucGxcL3dwLWNvbnRlbnRcL3VwbG9hZHNcLzIwMjVcLzA1XC9JTUdfNzU2Ny5qcGciLCJzbGlkZXNob3ciOiJiM2U5YTMyIn0%3D\" href='https:\/\/www.spkatarzyna.pl\/wp-content\/uploads\/2025\/05\/IMG_7567.jpg'><img decoding=\"async\" width=\"150\" height=\"150\" src=\"https:\/\/www.spkatarzyna.pl\/wp-content\/uploads\/2025\/05\/IMG_7567-150x150.jpg\" class=\"attachment-thumbnail size-thumbnail\" alt=\"\" srcset=\"https:\/\/www.spkatarzyna.pl\/wp-content\/uploads\/2025\/05\/IMG_7567-150x150.jpg 150w, https:\/\/www.spkatarzyna.pl\/wp-content\/uploads\/2025\/05\/IMG_7567-90x90.jpg 90w\" sizes=\"(max-width: 150px) 100vw, 150px\" \/><\/a>\n\t\t\t<\/dt><\/dl><br style=\"clear: both\" \/>\n\t\t<\/div>\n\t\t<\/div>\n\t\t\t\t\t\t<\/div>\n\t\t\t\t\t<\/div>\n\t\t\t\t<\/div>\n\t\t\t\t<\/div>\n\t\t","protected":false},"excerpt":{"rendered":"<p>No i pojechali\u015bmy. Do Wroc\u0142awia. Najpierw jechali\u015bmy autobusem podmiejskim a potem tramwajem. Pani Asia i pani Beatka przypomnia\u0142y nam zasady korzystania z komunikacji miejskiej i zasady zachowania si\u0119 w niej. Niekt\u00f3rzy z nas pierwszy raz jechali tramwajem. Egzamin z kulturalnego zachowania zdali\u015bmy celuj\u0105co.\u00a0 Najpierw przywita\u0142 nas muzyczny przystanek tramwajowy i [&hellip;]<\/p>\n","protected":false},"author":6,"featured_media":15636,"comment_status":"open","ping_status":"open","sticky":false,"template":"","format":"standard","meta":{"om_disable_all_campaigns":false,"_monsterinsights_skip_tracking":false,"_monsterinsights_sitenote_active":false,"_monsterinsights_sitenote_note":"","_monsterinsights_sitenote_category":0,"ngg_post_thumbnail":0,"footnotes":""},"categories":[1],"tags":[],"class_list":["post-15635","post","type-post","status-publish","format-standard","has-post-thumbnail","hentry","category-uncategorized"],"aioseo_notices":[],"_links":{"self":[{"href":"https:\/\/www.spkatarzyna.pl\/index.php\/wp-json\/wp\/v2\/posts\/15635","targetHints":{"allow":["GET"]}}],"collection":[{"href":"https:\/\/www.spkatarzyna.pl\/index.php\/wp-json\/wp\/v2\/posts"}],"about":[{"href":"https:\/\/www.spkatarzyna.pl\/index.php\/wp-json\/wp\/v2\/types\/post"}],"author":[{"embeddable":true,"href":"https:\/\/www.spkatarzyna.pl\/index.php\/wp-json\/wp\/v2\/users\/6"}],"replies":[{"embeddable":true,"href":"https:\/\/www.spkatarzyna.pl\/index.php\/wp-json\/wp\/v2\/comments?post=15635"}],"version-history":[{"count":11,"href":"https:\/\/www.spkatarzyna.pl\/index.php\/wp-json\/wp\/v2\/posts\/15635\/revisions"}],"predecessor-version":[{"id":15651,"href":"https:\/\/www.spkatarzyna.pl\/index.php\/wp-json\/wp\/v2\/posts\/15635\/revisions\/15651"}],"wp:featuredmedia":[{"embeddable":true,"href":"https:\/\/www.spkatarzyna.pl\/index.php\/wp-json\/wp\/v2\/media\/15636"}],"wp:attachment":[{"href":"https:\/\/www.spkatarzyna.pl\/index.php\/wp-json\/wp\/v2\/media?parent=15635"}],"wp:term":[{"taxonomy":"category","embeddable":true,"href":"https:\/\/www.spkatarzyna.pl\/index.php\/wp-json\/wp\/v2\/categories?post=15635"},{"taxonomy":"post_tag","embeddable":true,"href":"https:\/\/www.spkatarzyna.pl\/index.php\/wp-json\/wp\/v2\/tags?post=15635"}],"curies":[{"name":"wp","href":"https:\/\/api.w.org\/{rel}","templated":true}]}}