{"id":15655,"date":"2025-05-19T18:49:11","date_gmt":"2025-05-19T18:49:11","guid":{"rendered":"https:\/\/www.spkatarzyna.pl\/?p=15655"},"modified":"2025-05-19T18:54:00","modified_gmt":"2025-05-19T18:54:00","slug":"konkurs-ortograficzny-dla-kl-i-iii","status":"publish","type":"post","link":"https:\/\/www.spkatarzyna.pl\/index.php\/2025\/05\/19\/konkurs-ortograficzny-dla-kl-i-iii\/","title":{"rendered":"konkurs ortograficzny dla kl. I-III"},"content":{"rendered":"\t\t<div data-elementor-type=\"wp-post\" data-elementor-id=\"15655\" class=\"elementor elementor-15655\">\n\t\t\t\t<div class=\"elementor-element elementor-element-9b4023c e-flex e-con-boxed e-con e-parent\" data-id=\"9b4023c\" data-element_type=\"container\">\n\t\t\t\t\t<div class=\"e-con-inner\">\n\t\t\t\t<div class=\"elementor-element elementor-element-20ef02d5 elementor-widget elementor-widget-text-editor\" data-id=\"20ef02d5\" data-element_type=\"widget\" data-widget_type=\"text-editor.default\">\n\t\t\t\t\t\t\t\t\t<p><span style=\"font-weight: 400; font-size: 14pt;\">Dnia 9 maja zosta\u0142 rozstrzygni\u0119ty konkurs ortograficzny dla klas I-III, kt\u00f3ry polega\u0142 na stworzeniu w\u0142asnego ortografu.<\/span><\/p><p><span style=\"font-weight: 400; font-size: 14pt;\">Oto zwyci\u0119zcy:<\/span><\/p><p><span style=\"font-size: 14pt;\"><strong>I miejsce:\u00a0<\/strong><\/span><\/p><p><span style=\"font-weight: 400; font-size: 14pt;\">Jagoda Kowalska 1a<\/span><\/p><p><span style=\"font-weight: 400; font-size: 14pt;\">Maciej \u017beberski 2a<\/span><\/p><p><span style=\"font-size: 14pt;\"><strong>II miejsce:\u00a0<\/strong><\/span><\/p><p><span style=\"font-weight: 400; font-size: 14pt;\">Aleksandra Wronecka 2d<\/span><\/p><p><span style=\"font-size: 14pt;\"><strong>III miejsce:\u00a0<\/strong><\/span><\/p><p><span style=\"font-weight: 400; font-size: 14pt;\">Kalina Kazimierska 2b<\/span><\/p><p><span style=\"font-weight: 400; font-size: 14pt;\">Pola Grzesiak 3b<\/span><\/p><p><strong><span style=\"font-size: 14pt;\">Wyr\u00f3\u017cnienie:\u00a0<\/span><\/strong><\/p><p><span style=\"font-weight: 400; font-size: 14pt;\">Aleksandra Ca\u0142us 1a<\/span><\/p><p><span style=\"font-weight: 400; font-size: 14pt;\">Gratulujemy serdecznie zwyci\u0119zcom i wszystkim uczestnikom oraz dzi\u0119kujemy za udzia\u0142 w konkursie!<\/span><\/p><p style=\"text-align: right;\"><span style=\"font-weight: 400; font-size: 14pt;\">Organizatorzy:<\/span><\/p><p style=\"text-align: right;\"><span style=\"font-weight: 400; font-size: 14pt;\">Karolina K\u0119dzierska, <\/span><span style=\"font-weight: 400; font-size: 14pt;\">Paulina Ko\u0142odziej-Czy\u017c, <\/span><span style=\"font-weight: 400; font-size: 14pt;\">Paulina Witkowska<\/span><\/p>\t\t\t\t\t\t\t\t<\/div>\n\t\t\t\t<div class=\"elementor-element elementor-element-df4e817 elementor-widget elementor-widget-image-gallery\" data-id=\"df4e817\" data-element_type=\"widget\" data-widget_type=\"image-gallery.default\">\n\t\t\t\t\t\t\t<div class=\"elementor-image-gallery\">\n\t\t\t<div id='gallery-1' class='gallery galleryid-15655 gallery-columns-1 gallery-size-thumbnail'><dl class='gallery-item'>\n\t\t\t<dt class='gallery-icon portrait'>\n\t\t\t\t<a data-elementor-open-lightbox=\"yes\" data-elementor-lightbox-slideshow=\"df4e817\" data-e-action-hash=\"#elementor-action%3Aaction%3Dlightbox%26settings%3DeyJpZCI6MTU2NjUsInVybCI6Imh0dHBzOlwvXC93d3cuc3BrYXRhcnp5bmEucGxcL3dwLWNvbnRlbnRcL3VwbG9hZHNcLzIwMjVcLzA1XC9yZWNlaXZlZF81OTQzMDcxODAzNDYxNjAuanBlZyIsInNsaWRlc2hvdyI6ImRmNGU4MTcifQ%3D%3D\" href='https:\/\/www.spkatarzyna.pl\/wp-content\/uploads\/2025\/05\/received_594307180346160.jpeg'><img decoding=\"async\" width=\"150\" height=\"150\" src=\"https:\/\/www.spkatarzyna.pl\/wp-content\/uploads\/2025\/05\/received_594307180346160-150x150.jpeg\" class=\"attachment-thumbnail size-thumbnail\" alt=\"\" srcset=\"https:\/\/www.spkatarzyna.pl\/wp-content\/uploads\/2025\/05\/received_594307180346160-150x150.jpeg 150w, https:\/\/www.spkatarzyna.pl\/wp-content\/uploads\/2025\/05\/received_594307180346160-90x90.jpeg 90w, https:\/\/www.spkatarzyna.pl\/wp-content\/uploads\/2025\/05\/received_594307180346160-670x670.jpeg 670w\" sizes=\"(max-width: 150px) 100vw, 150px\" \/><\/a>\n\t\t\t<\/dt><\/dl><br style=\"clear: both\" \/>\n\t\t<\/div>\n\t\t<\/div>\n\t\t\t\t\t\t<\/div>\n\t\t\t\t\t<\/div>\n\t\t\t\t<\/div>\n\t\t\t\t<\/div>\n\t\t","protected":false},"excerpt":{"rendered":"<p>Dnia 9 maja zosta\u0142 rozstrzygni\u0119ty konkurs ortograficzny dla klas I-III, kt\u00f3ry polega\u0142 na stworzeniu w\u0142asnego ortografu. Oto zwyci\u0119zcy: I miejsce:\u00a0 Jagoda Kowalska 1a Maciej \u017beberski 2a II miejsce:\u00a0 Aleksandra Wronecka 2d III miejsce:\u00a0 Kalina Kazimierska 2b Pola Grzesiak 3b Wyr\u00f3\u017cnienie:\u00a0 Aleksandra Ca\u0142us 1a Gratulujemy serdecznie zwyci\u0119zcom i wszystkim uczestnikom oraz [&hellip;]<\/p>\n","protected":false},"author":6,"featured_media":15656,"comment_status":"open","ping_status":"open","sticky":false,"template":"","format":"standard","meta":{"om_disable_all_campaigns":false,"_monsterinsights_skip_tracking":false,"_monsterinsights_sitenote_active":false,"_monsterinsights_sitenote_note":"","_monsterinsights_sitenote_category":0,"ngg_post_thumbnail":0,"footnotes":""},"categories":[1],"tags":[],"class_list":["post-15655","post","type-post","status-publish","format-standard","has-post-thumbnail","hentry","category-uncategorized"],"aioseo_notices":[],"_links":{"self":[{"href":"https:\/\/www.spkatarzyna.pl\/index.php\/wp-json\/wp\/v2\/posts\/15655","targetHints":{"allow":["GET"]}}],"collection":[{"href":"https:\/\/www.spkatarzyna.pl\/index.php\/wp-json\/wp\/v2\/posts"}],"about":[{"href":"https:\/\/www.spkatarzyna.pl\/index.php\/wp-json\/wp\/v2\/types\/post"}],"author":[{"embeddable":true,"href":"https:\/\/www.spkatarzyna.pl\/index.php\/wp-json\/wp\/v2\/users\/6"}],"replies":[{"embeddable":true,"href":"https:\/\/www.spkatarzyna.pl\/index.php\/wp-json\/wp\/v2\/comments?post=15655"}],"version-history":[{"count":13,"href":"https:\/\/www.spkatarzyna.pl\/index.php\/wp-json\/wp\/v2\/posts\/15655\/revisions"}],"predecessor-version":[{"id":15671,"href":"https:\/\/www.spkatarzyna.pl\/index.php\/wp-json\/wp\/v2\/posts\/15655\/revisions\/15671"}],"wp:featuredmedia":[{"embeddable":true,"href":"https:\/\/www.spkatarzyna.pl\/index.php\/wp-json\/wp\/v2\/media\/15656"}],"wp:attachment":[{"href":"https:\/\/www.spkatarzyna.pl\/index.php\/wp-json\/wp\/v2\/media?parent=15655"}],"wp:term":[{"taxonomy":"category","embeddable":true,"href":"https:\/\/www.spkatarzyna.pl\/index.php\/wp-json\/wp\/v2\/categories?post=15655"},{"taxonomy":"post_tag","embeddable":true,"href":"https:\/\/www.spkatarzyna.pl\/index.php\/wp-json\/wp\/v2\/tags?post=15655"}],"curies":[{"name":"wp","href":"https:\/\/api.w.org\/{rel}","templated":true}]}}