{"id":15672,"date":"2025-05-20T17:39:31","date_gmt":"2025-05-20T17:39:31","guid":{"rendered":"https:\/\/www.spkatarzyna.pl\/?p=15672"},"modified":"2025-05-20T17:44:51","modified_gmt":"2025-05-20T17:44:51","slug":"final-konkursu-powiatowego","status":"publish","type":"post","link":"https:\/\/www.spkatarzyna.pl\/index.php\/2025\/05\/20\/final-konkursu-powiatowego\/","title":{"rendered":"Fina\u0142 konkursu powiatowego"},"content":{"rendered":"\t\t<div data-elementor-type=\"wp-post\" data-elementor-id=\"15672\" class=\"elementor elementor-15672\">\n\t\t\t\t<div class=\"elementor-element elementor-element-c2e2dcc e-flex e-con-boxed e-con e-parent\" data-id=\"c2e2dcc\" data-element_type=\"container\">\n\t\t\t\t\t<div class=\"e-con-inner\">\n\t\t\t\t<div class=\"elementor-element elementor-element-7a7180f4 elementor-widget elementor-widget-text-editor\" data-id=\"7a7180f4\" data-element_type=\"widget\" data-widget_type=\"text-editor.default\">\n\t\t\t\t\t\t\t\t\t<p style=\"text-align: justify;\"><span style=\"font-weight: 400; font-size: 14pt;\">20 maja odby\u0142 si\u0119 fina\u0142 13 edycji konkursu \u201ePrzyroda wok\u00f3\u0142 nas\u201d organizowanego przez Starostwo Powiatowe we Wroc\u0142awiu i\u00a0Dolno\u015bl\u0105ski Zesp\u00f3\u0142 Park\u00f3w Krajobrazowych. Do rywalizacji na\u00a0etapie szkolnym przyst\u0105pi\u0142o\u00a0 ponad 800 uczni\u00f3w klas pi\u0105tych ze zg\u0142oszonych\u00a0 22 \u00a0szk\u00f3\u0142\u00a0 z\u00a0terenu powiatu wroc\u0142awskiego.\u00a0W finale znalaz\u0142o si\u0119 10 najlepszych szk\u00f3\u0142 z terenu powiatu, w tym nasi uczniowie. W ostatecznej rozgrywce nasze uczennice: Hanna Hasik, Jagoda Chr\u0105chol, Hanna Pokorny i Anna Diduszko zaj\u0119\u0142y wysokie 4 miejsce. Du\u017ce brawa!<\/span><\/p><p style=\"text-align: justify;\"><span style=\"font-weight: 400; font-size: 14pt;\">Zach\u0119cam do obejrzenia kr\u00f3tkiego reporta\u017cu z przebiegu konkursu:<\/span><\/p><p style=\"text-align: right;\"><span style=\"font-weight: 400; font-size: 14pt;\">Joanna Szreter<\/span><\/p>\t\t\t\t\t\t\t\t<\/div>\n\t\t\t\t<div class=\"elementor-element elementor-element-a8f820e elementor-widget elementor-widget-video\" data-id=\"a8f820e\" data-element_type=\"widget\" data-settings=\"{&quot;youtube_url&quot;:&quot;https:\\\/\\\/www.youtube.com\\\/watch?v=3roiRauuUio&quot;,&quot;video_type&quot;:&quot;youtube&quot;,&quot;controls&quot;:&quot;yes&quot;}\" data-widget_type=\"video.default\">\n\t\t\t\t\t\t\t<div class=\"elementor-wrapper elementor-open-inline\">\n\t\t\t<div class=\"elementor-video\"><\/div>\t\t<\/div>\n\t\t\t\t\t\t<\/div>\n\t\t\t\t<div class=\"elementor-element elementor-element-383c87f elementor-widget elementor-widget-image-gallery\" data-id=\"383c87f\" data-element_type=\"widget\" data-widget_type=\"image-gallery.default\">\n\t\t\t\t\t\t\t<div class=\"elementor-image-gallery\">\n\t\t\t<div id='gallery-1' class='gallery galleryid-15672 gallery-columns-3 gallery-size-thumbnail'><dl class='gallery-item'>\n\t\t\t<dt class='gallery-icon landscape'>\n\t\t\t\t<a data-elementor-open-lightbox=\"yes\" data-elementor-lightbox-slideshow=\"383c87f\" data-e-action-hash=\"#elementor-action%3Aaction%3Dlightbox%26settings%3DeyJpZCI6MTU2NzYsInVybCI6Imh0dHBzOlwvXC93d3cuc3BrYXRhcnp5bmEucGxcL3dwLWNvbnRlbnRcL3VwbG9hZHNcLzIwMjVcLzA1XC9JTUdfOTM5NS5qcGciLCJzbGlkZXNob3ciOiIzODNjODdmIn0%3D\" href='https:\/\/www.spkatarzyna.pl\/wp-content\/uploads\/2025\/05\/IMG_9395.jpg'><img decoding=\"async\" width=\"150\" height=\"150\" src=\"https:\/\/www.spkatarzyna.pl\/wp-content\/uploads\/2025\/05\/IMG_9395-150x150.jpg\" class=\"attachment-thumbnail size-thumbnail\" alt=\"\" srcset=\"https:\/\/www.spkatarzyna.pl\/wp-content\/uploads\/2025\/05\/IMG_9395-150x150.jpg 150w, https:\/\/www.spkatarzyna.pl\/wp-content\/uploads\/2025\/05\/IMG_9395-90x90.jpg 90w\" sizes=\"(max-width: 150px) 100vw, 150px\" \/><\/a>\n\t\t\t<\/dt><\/dl><dl class='gallery-item'>\n\t\t\t<dt class='gallery-icon portrait'>\n\t\t\t\t<a data-elementor-open-lightbox=\"yes\" data-elementor-lightbox-slideshow=\"383c87f\" data-e-action-hash=\"#elementor-action%3Aaction%3Dlightbox%26settings%3DeyJpZCI6MTU2NzcsInVybCI6Imh0dHBzOlwvXC93d3cuc3BrYXRhcnp5bmEucGxcL3dwLWNvbnRlbnRcL3VwbG9hZHNcLzIwMjVcLzA1XC9JTUdfOTM5OS1yb3RhdGVkLmpwZyIsInNsaWRlc2hvdyI6IjM4M2M4N2YifQ%3D%3D\" href='https:\/\/www.spkatarzyna.pl\/wp-content\/uploads\/2025\/05\/IMG_9399-rotated.jpg'><img decoding=\"async\" width=\"150\" height=\"150\" src=\"https:\/\/www.spkatarzyna.pl\/wp-content\/uploads\/2025\/05\/IMG_9399-150x150.jpg\" class=\"attachment-thumbnail size-thumbnail\" alt=\"\" srcset=\"https:\/\/www.spkatarzyna.pl\/wp-content\/uploads\/2025\/05\/IMG_9399-150x150.jpg 150w, https:\/\/www.spkatarzyna.pl\/wp-content\/uploads\/2025\/05\/IMG_9399-480x480.jpg 480w, https:\/\/www.spkatarzyna.pl\/wp-content\/uploads\/2025\/05\/IMG_9399-90x90.jpg 90w\" sizes=\"(max-width: 150px) 100vw, 150px\" \/><\/a>\n\t\t\t<\/dt><\/dl><dl class='gallery-item'>\n\t\t\t<dt class='gallery-icon landscape'>\n\t\t\t\t<a data-elementor-open-lightbox=\"yes\" data-elementor-lightbox-slideshow=\"383c87f\" data-e-action-hash=\"#elementor-action%3Aaction%3Dlightbox%26settings%3DeyJpZCI6MTU2NzgsInVybCI6Imh0dHBzOlwvXC93d3cuc3BrYXRhcnp5bmEucGxcL3dwLWNvbnRlbnRcL3VwbG9hZHNcLzIwMjVcLzA1XC9JTUdfOTQwNC5qcGciLCJzbGlkZXNob3ciOiIzODNjODdmIn0%3D\" href='https:\/\/www.spkatarzyna.pl\/wp-content\/uploads\/2025\/05\/IMG_9404.jpg'><img decoding=\"async\" width=\"150\" height=\"150\" src=\"https:\/\/www.spkatarzyna.pl\/wp-content\/uploads\/2025\/05\/IMG_9404-150x150.jpg\" class=\"attachment-thumbnail size-thumbnail\" alt=\"\" srcset=\"https:\/\/www.spkatarzyna.pl\/wp-content\/uploads\/2025\/05\/IMG_9404-150x150.jpg 150w, https:\/\/www.spkatarzyna.pl\/wp-content\/uploads\/2025\/05\/IMG_9404-90x90.jpg 90w\" sizes=\"(max-width: 150px) 100vw, 150px\" \/><\/a>\n\t\t\t<\/dt><\/dl><br style=\"clear: both\" \/>\n\t\t<\/div>\n\t\t<\/div>\n\t\t\t\t\t\t<\/div>\n\t\t\t\t\t<\/div>\n\t\t\t\t<\/div>\n\t\t\t\t<\/div>\n\t\t","protected":false},"excerpt":{"rendered":"<p>20 maja odby\u0142 si\u0119 fina\u0142 13 edycji konkursu \u201ePrzyroda wok\u00f3\u0142 nas\u201d organizowanego przez Starostwo Powiatowe we Wroc\u0142awiu i\u00a0Dolno\u015bl\u0105ski Zesp\u00f3\u0142 Park\u00f3w Krajobrazowych. Do rywalizacji na\u00a0etapie szkolnym przyst\u0105pi\u0142o\u00a0 ponad 800 uczni\u00f3w klas pi\u0105tych ze zg\u0142oszonych\u00a0 22 \u00a0szk\u00f3\u0142\u00a0 z\u00a0terenu powiatu wroc\u0142awskiego.\u00a0W finale znalaz\u0142o si\u0119 10 najlepszych szk\u00f3\u0142 z terenu powiatu, w tym nasi [&hellip;]<\/p>\n","protected":false},"author":6,"featured_media":15673,"comment_status":"open","ping_status":"open","sticky":false,"template":"","format":"standard","meta":{"om_disable_all_campaigns":false,"_monsterinsights_skip_tracking":false,"_monsterinsights_sitenote_active":false,"_monsterinsights_sitenote_note":"","_monsterinsights_sitenote_category":0,"ngg_post_thumbnail":0,"footnotes":""},"categories":[1],"tags":[],"class_list":["post-15672","post","type-post","status-publish","format-standard","has-post-thumbnail","hentry","category-uncategorized"],"aioseo_notices":[],"_links":{"self":[{"href":"https:\/\/www.spkatarzyna.pl\/index.php\/wp-json\/wp\/v2\/posts\/15672","targetHints":{"allow":["GET"]}}],"collection":[{"href":"https:\/\/www.spkatarzyna.pl\/index.php\/wp-json\/wp\/v2\/posts"}],"about":[{"href":"https:\/\/www.spkatarzyna.pl\/index.php\/wp-json\/wp\/v2\/types\/post"}],"author":[{"embeddable":true,"href":"https:\/\/www.spkatarzyna.pl\/index.php\/wp-json\/wp\/v2\/users\/6"}],"replies":[{"embeddable":true,"href":"https:\/\/www.spkatarzyna.pl\/index.php\/wp-json\/wp\/v2\/comments?post=15672"}],"version-history":[{"count":7,"href":"https:\/\/www.spkatarzyna.pl\/index.php\/wp-json\/wp\/v2\/posts\/15672\/revisions"}],"predecessor-version":[{"id":15685,"href":"https:\/\/www.spkatarzyna.pl\/index.php\/wp-json\/wp\/v2\/posts\/15672\/revisions\/15685"}],"wp:featuredmedia":[{"embeddable":true,"href":"https:\/\/www.spkatarzyna.pl\/index.php\/wp-json\/wp\/v2\/media\/15673"}],"wp:attachment":[{"href":"https:\/\/www.spkatarzyna.pl\/index.php\/wp-json\/wp\/v2\/media?parent=15672"}],"wp:term":[{"taxonomy":"category","embeddable":true,"href":"https:\/\/www.spkatarzyna.pl\/index.php\/wp-json\/wp\/v2\/categories?post=15672"},{"taxonomy":"post_tag","embeddable":true,"href":"https:\/\/www.spkatarzyna.pl\/index.php\/wp-json\/wp\/v2\/tags?post=15672"}],"curies":[{"name":"wp","href":"https:\/\/api.w.org\/{rel}","templated":true}]}}