{"id":15707,"date":"2025-05-21T20:14:26","date_gmt":"2025-05-21T20:14:26","guid":{"rendered":"https:\/\/www.spkatarzyna.pl\/?p=15707"},"modified":"2025-05-21T20:15:42","modified_gmt":"2025-05-21T20:15:42","slug":"uroczyste-wreczenie-dotacji","status":"publish","type":"post","link":"https:\/\/www.spkatarzyna.pl\/index.php\/2025\/05\/21\/uroczyste-wreczenie-dotacji\/","title":{"rendered":"Uroczyste wr\u0119czenie dotacji"},"content":{"rendered":"\t\t<div data-elementor-type=\"wp-post\" data-elementor-id=\"15707\" class=\"elementor elementor-15707\">\n\t\t\t\t<div class=\"elementor-element elementor-element-19580648 e-flex e-con-boxed e-con e-parent\" data-id=\"19580648\" data-element_type=\"container\">\n\t\t\t\t\t<div class=\"e-con-inner\">\n\t\t\t\t<div class=\"elementor-element elementor-element-1fa3c34a elementor-widget elementor-widget-text-editor\" data-id=\"1fa3c34a\" data-element_type=\"widget\" data-widget_type=\"text-editor.default\">\n\t\t\t\t\t\t\t\t\t<div>\r\n<div dir=\"auto\"><span style=\"font-size: 14pt; color: #000000;\">W poniedzia\u0142ek, 12 maja 2025 r., odby\u0142o si\u0119 uroczyste wr\u0119czenie dotacji zadania pod nazw\u0105: \u201eBudowa, przebudowa oraz modernizacja obiekt\u00f3w sportowych przy ul. Parkowej w \u015awi\u0119tej Katarzynie wraz z towarzysz\u0105c\u0105 infrastruktur\u0105 techniczn\u0105\u201d w ramach Programu Rozwoju Infrastruktury Sportowej w Wojew\u00f3dztwie Dolno\u015bl\u0105skim.<\/span><\/div>\r\n<\/div>\r\n<div>\r\n<div dir=\"auto\"><span style=\"font-size: 14pt; color: #000000;\"><img decoding=\"async\" class=\"CToWUd\" src=\"https:\/\/ci3.googleusercontent.com\/meips\/ADKq_NbkrJh0NVvEW2O_USwHGkuTzWWmgZZfEy5hUrgIQzPTVZcvFJjS303hWxg1CfsHaw7lgc19J2GfwDK0l9AHtrna_V8N8eBQqBQC7eQ3GoK-B1QAMjSC7lY=s0-d-e1-ft#https:\/\/static.xx.fbcdn.net\/images\/emoji.php\/v9\/tac\/2\/16\/1f4bc.png\" alt=\"\ud83d\udcbc\" width=\"16\" height=\"16\" data-bit=\"iit\"> Symboliczne odebranie dofinansowania z r\u0105k @<a style=\"color: #000000;\" role=\"link\" href=\"https:\/\/www.facebook.com\/profile.php?id=61550644447398&amp;__cft__[0]=AZVD35e6iz1Olw54ZQAIFIBIBd1apyd22QnLxhUqm7ecTGCSlMQx8FQ-QKORZa7bHw6E_Ep4WguVErEqJnh9xiwK6II89UmIaiCkWAZGXFxs0g8VyA9mVG4IG7qEr02kVpWWeXu-avzq8r-OYWgkB5pHeXoUoKh3_XEqPCV334ryWNkKl6HGeg9iGwrIXpQxvDNdxsqSHAWbenszlmoHRjNoJA1FoMPqtZbQKAMqsIrc1A&amp;__tn__=-]K-y-R\" target=\"_blank\" rel=\"noopener\" data-saferedirecturl=\"https:\/\/www.google.com\/url?q=https:\/\/www.facebook.com\/profile.php?id%3D61550644447398%26__cft__%5B0%5D%3DAZVD35e6iz1Olw54ZQAIFIBIBd1apyd22QnLxhUqm7ecTGCSlMQx8FQ-QKORZa7bHw6E_Ep4WguVErEqJnh9xiwK6II89UmIaiCkWAZGXFxs0g8VyA9mVG4IG7qEr02kVpWWeXu-avzq8r-OYWgkB5pHeXoUoKh3_XEqPCV334ryWNkKl6HGeg9iGwrIXpQxvDNdxsqSHAWbenszlmoHRjNoJA1FoMPqtZbQKAMqsIrc1A%26__tn__%3D-%5DK-y-R&amp;source=gmail&amp;ust=1747941970596000&amp;usg=AOvVaw2itDIO9-1JmYjPwRu8IsKM\">Wojciech Bochnak &#8211; Wicemarsza\u0142ek Wojew\u00f3dztwa Dolno\u015bl\u0105skiego<\/a> dokona\u0142 @<a style=\"color: #000000;\" role=\"link\" href=\"https:\/\/www.facebook.com\/profile.php?id=61556560286011&amp;__cft__[0]=AZVD35e6iz1Olw54ZQAIFIBIBd1apyd22QnLxhUqm7ecTGCSlMQx8FQ-QKORZa7bHw6E_Ep4WguVErEqJnh9xiwK6II89UmIaiCkWAZGXFxs0g8VyA9mVG4IG7qEr02kVpWWeXu-avzq8r-OYWgkB5pHeXoUoKh3_XEqPCV334ryWNkKl6HGeg9iGwrIXpQxvDNdxsqSHAWbenszlmoHRjNoJA1FoMPqtZbQKAMqsIrc1A&amp;__tn__=-]K-y-R\" target=\"_blank\" rel=\"noopener\" data-saferedirecturl=\"https:\/\/www.google.com\/url?q=https:\/\/www.facebook.com\/profile.php?id%3D61556560286011%26__cft__%5B0%5D%3DAZVD35e6iz1Olw54ZQAIFIBIBd1apyd22QnLxhUqm7ecTGCSlMQx8FQ-QKORZa7bHw6E_Ep4WguVErEqJnh9xiwK6II89UmIaiCkWAZGXFxs0g8VyA9mVG4IG7qEr02kVpWWeXu-avzq8r-OYWgkB5pHeXoUoKh3_XEqPCV334ryWNkKl6HGeg9iGwrIXpQxvDNdxsqSHAWbenszlmoHRjNoJA1FoMPqtZbQKAMqsIrc1A%26__tn__%3D-%5DK-y-R&amp;source=gmail&amp;ust=1747941970596000&amp;usg=AOvVaw0IHuorPa9dS6SIRaAE_0L9\">Pawe\u0142 Jasi\u0119ga &#8211; Zast\u0119pca Burmistrza Siechnic<\/a>.<\/span><\/div>\r\n<\/div>\r\n<div>\r\n<div dir=\"auto\"><span style=\"font-size: 14pt; color: #000000;\">W spotkaniu uczestniczyli r\u00f3wnie\u017c:<\/span><\/div>\r\n<div dir=\"auto\"><span style=\"font-size: 14pt; color: #000000;\">Magdalena Nowik-Kochan \u2013 Dyrektor Szko\u0142y Podstawowej w \u015awi\u0119tej Katarzynie<\/span><\/div>\r\n<div dir=\"auto\"><span style=\"font-size: 14pt; color: #000000;\">Dominik Makowski \u2013 nauczyciel wychowania fizycznego<\/span><\/div>\r\n<\/div>\r\n<div>\r\n<div dir=\"auto\"><span style=\"font-size: 14pt; color: #000000;\"><img decoding=\"async\" class=\"CToWUd\" src=\"https:\/\/ci3.googleusercontent.com\/meips\/ADKq_NZmnbAb12A0VlPmfhUaJSDFnc9yGosGOUnCGDmNFfF0dtqYQirJHi6cWXNIxRFI9e5ZRh3Xio08TBzXmWXxw22E_CQkFdCtbYTESUDIBx6a44ipLI0OYws=s0-d-e1-ft#https:\/\/static.xx.fbcdn.net\/images\/emoji.php\/v9\/tf1\/2\/16\/1f527.png\" alt=\"\ud83d\udd27\" width=\"16\" height=\"16\" data-bit=\"iit\"> Zakres inwestycji obejmuje m.in.:<\/span><\/div>\r\n<div dir=\"auto\"><span style=\"font-size: 14pt; color: #000000;\"><img decoding=\"async\" class=\"CToWUd\" src=\"https:\/\/ci3.googleusercontent.com\/meips\/ADKq_NbZ-M514MYrPNVhcjurPOkHZD6CPgR-gTl7rMQuDj1X1QJ3Z5bXlbnhMgWb8-WH3ebzNLiuezcX7h6-KV4HHMC00Vs0XWU92fejWILm6ikDBexsFuE9vQ=s0-d-e1-ft#https:\/\/static.xx.fbcdn.net\/images\/emoji.php\/v9\/tcd\/2\/16\/25aa.png\" alt=\"\u25aa\" width=\"16\" height=\"16\" data-bit=\"iit\"> przebudow\u0119 boiska wielofunkcyjnego w tym demonta\u017c starej nawierzchni, wykonanie drena\u017cu, nowej podbudowy oraz nawierzchni poliuretanowej EPDM,<\/span><\/div>\r\n<div dir=\"auto\"><span style=\"font-size: 14pt; color: #000000;\"><img decoding=\"async\" class=\"CToWUd\" src=\"https:\/\/ci3.googleusercontent.com\/meips\/ADKq_NbZ-M514MYrPNVhcjurPOkHZD6CPgR-gTl7rMQuDj1X1QJ3Z5bXlbnhMgWb8-WH3ebzNLiuezcX7h6-KV4HHMC00Vs0XWU92fejWILm6ikDBexsFuE9vQ=s0-d-e1-ft#https:\/\/static.xx.fbcdn.net\/images\/emoji.php\/v9\/tcd\/2\/16\/25aa.png\" alt=\"\u25aa\" width=\"16\" height=\"16\" data-bit=\"iit\"> modernizacj\u0119 o\u015bwietlenia, monitoringu, punkt\u00f3w Wi-Fi, a tak\u017ce wymian\u0119 ogrodzenia, bram i furtek,<\/span><\/div>\r\n<div dir=\"auto\"><span style=\"font-size: 14pt; color: #000000;\"><img decoding=\"async\" class=\"CToWUd\" src=\"https:\/\/ci3.googleusercontent.com\/meips\/ADKq_NbZ-M514MYrPNVhcjurPOkHZD6CPgR-gTl7rMQuDj1X1QJ3Z5bXlbnhMgWb8-WH3ebzNLiuezcX7h6-KV4HHMC00Vs0XWU92fejWILm6ikDBexsFuE9vQ=s0-d-e1-ft#https:\/\/static.xx.fbcdn.net\/images\/emoji.php\/v9\/tcd\/2\/16\/25aa.png\" alt=\"\u25aa\" width=\"16\" height=\"16\" data-bit=\"iit\"> budow\u0119 boisk do badmintona i pola do disc golfa,<\/span><\/div>\r\n<div dir=\"auto\"><span style=\"font-size: 14pt; color: #000000;\"><img decoding=\"async\" class=\"CToWUd\" src=\"https:\/\/ci3.googleusercontent.com\/meips\/ADKq_NbZ-M514MYrPNVhcjurPOkHZD6CPgR-gTl7rMQuDj1X1QJ3Z5bXlbnhMgWb8-WH3ebzNLiuezcX7h6-KV4HHMC00Vs0XWU92fejWILm6ikDBexsFuE9vQ=s0-d-e1-ft#https:\/\/static.xx.fbcdn.net\/images\/emoji.php\/v9\/tcd\/2\/16\/25aa.png\" alt=\"\u25aa\" width=\"16\" height=\"16\" data-bit=\"iit\"> monta\u017c element\u00f3w ma\u0142ej architektury,<\/span><\/div>\r\n<div dir=\"auto\"><span style=\"font-size: 14pt; color: #000000;\"><img decoding=\"async\" class=\"CToWUd\" src=\"https:\/\/ci3.googleusercontent.com\/meips\/ADKq_NbZ-M514MYrPNVhcjurPOkHZD6CPgR-gTl7rMQuDj1X1QJ3Z5bXlbnhMgWb8-WH3ebzNLiuezcX7h6-KV4HHMC00Vs0XWU92fejWILm6ikDBexsFuE9vQ=s0-d-e1-ft#https:\/\/static.xx.fbcdn.net\/images\/emoji.php\/v9\/tcd\/2\/16\/25aa.png\" alt=\"\u25aa\" width=\"16\" height=\"16\" data-bit=\"iit\"> wykonanie dokumentacji projektowej oraz nadz\u00f3r inwestorski.<\/span><\/div>\r\n<\/div>\r\n<div>\r\n<div dir=\"auto\"><span style=\"font-size: 14pt; color: #000000;\">Dzi\u0119ki realizacji inwestycji mieszka\u0144cy \u015awi\u0119tej Katarzyny \u2013 zar\u00f3wno dzieci i m\u0142odzie\u017c szkolna, jak i doro\u015bli \u2013 zyskaj\u0105 nowoczesn\u0105 przestrze\u0144 do uprawiania sportu i aktywnego wypoczynku.<\/span><\/div>\r\n<\/div>\r\n<div>\r\n<div dir=\"auto\"><span style=\"font-size: 14pt; color: #000000;\">Zadanie wsp\u00f3\u0142finansowane jest z Bud\u017cetu Wojew\u00f3dztwa Dolno\u015bl\u0105skiego w ramach Programu Rozwoju Infrastruktury Sportowej w Wojew\u00f3dztwie Dolno\u015bl\u0105skim.<\/span><\/div>\r\n<\/div>\t\t\t\t\t\t\t\t<\/div>\n\t\t\t\t<div class=\"elementor-element elementor-element-4048ee0 elementor-widget elementor-widget-image-gallery\" data-id=\"4048ee0\" data-element_type=\"widget\" data-widget_type=\"image-gallery.default\">\n\t\t\t\t\t\t\t<div class=\"elementor-image-gallery\">\n\t\t\t<div id='gallery-1' class='gallery galleryid-15707 gallery-columns-1 gallery-size-thumbnail'><dl class='gallery-item'>\n\t\t\t<dt class='gallery-icon portrait'>\n\t\t\t\t<a data-elementor-open-lightbox=\"yes\" data-elementor-lightbox-slideshow=\"4048ee0\" data-e-action-hash=\"#elementor-action%3Aaction%3Dlightbox%26settings%3DeyJpZCI6MTU3MTEsInVybCI6Imh0dHBzOlwvXC93d3cuc3BrYXRhcnp5bmEucGxcL3dwLWNvbnRlbnRcL3VwbG9hZHNcLzIwMjVcLzA1XC9pbWdfMV8xNzQ3ODU2MDE3NDUyLmpwZyIsInNsaWRlc2hvdyI6IjQwNDhlZTAifQ%3D%3D\" href='https:\/\/www.spkatarzyna.pl\/wp-content\/uploads\/2025\/05\/img_1_1747856017452.jpg'><img loading=\"lazy\" decoding=\"async\" width=\"150\" height=\"150\" src=\"https:\/\/www.spkatarzyna.pl\/wp-content\/uploads\/2025\/05\/img_1_1747856017452-150x150.jpg\" class=\"attachment-thumbnail size-thumbnail\" alt=\"\" srcset=\"https:\/\/www.spkatarzyna.pl\/wp-content\/uploads\/2025\/05\/img_1_1747856017452-150x150.jpg 150w, https:\/\/www.spkatarzyna.pl\/wp-content\/uploads\/2025\/05\/img_1_1747856017452-90x90.jpg 90w, https:\/\/www.spkatarzyna.pl\/wp-content\/uploads\/2025\/05\/img_1_1747856017452-670x670.jpg 670w\" sizes=\"(max-width: 150px) 100vw, 150px\" \/><\/a>\n\t\t\t<\/dt><\/dl><br style=\"clear: both\" \/>\n\t\t<\/div>\n\t\t<\/div>\n\t\t\t\t\t\t<\/div>\n\t\t\t\t\t<\/div>\n\t\t\t\t<\/div>\n\t\t\t\t<\/div>\n\t\t","protected":false},"excerpt":{"rendered":"<p>W poniedzia\u0142ek, 12 maja 2025 r., odby\u0142o si\u0119 uroczyste wr\u0119czenie dotacji zadania pod nazw\u0105: \u201eBudowa, przebudowa oraz modernizacja obiekt\u00f3w sportowych przy ul. Parkowej w \u015awi\u0119tej Katarzynie wraz z towarzysz\u0105c\u0105 infrastruktur\u0105 techniczn\u0105\u201d w ramach Programu Rozwoju Infrastruktury Sportowej w Wojew\u00f3dztwie Dolno\u015bl\u0105skim. Symboliczne odebranie dofinansowania z r\u0105k @Wojciech Bochnak &#8211; Wicemarsza\u0142ek Wojew\u00f3dztwa [&hellip;]<\/p>\n","protected":false},"author":6,"featured_media":15708,"comment_status":"open","ping_status":"open","sticky":false,"template":"","format":"standard","meta":{"om_disable_all_campaigns":false,"_monsterinsights_skip_tracking":false,"_monsterinsights_sitenote_active":false,"_monsterinsights_sitenote_note":"","_monsterinsights_sitenote_category":0,"ngg_post_thumbnail":0,"footnotes":""},"categories":[1],"tags":[],"class_list":["post-15707","post","type-post","status-publish","format-standard","has-post-thumbnail","hentry","category-uncategorized"],"aioseo_notices":[],"_links":{"self":[{"href":"https:\/\/www.spkatarzyna.pl\/index.php\/wp-json\/wp\/v2\/posts\/15707","targetHints":{"allow":["GET"]}}],"collection":[{"href":"https:\/\/www.spkatarzyna.pl\/index.php\/wp-json\/wp\/v2\/posts"}],"about":[{"href":"https:\/\/www.spkatarzyna.pl\/index.php\/wp-json\/wp\/v2\/types\/post"}],"author":[{"embeddable":true,"href":"https:\/\/www.spkatarzyna.pl\/index.php\/wp-json\/wp\/v2\/users\/6"}],"replies":[{"embeddable":true,"href":"https:\/\/www.spkatarzyna.pl\/index.php\/wp-json\/wp\/v2\/comments?post=15707"}],"version-history":[{"count":4,"href":"https:\/\/www.spkatarzyna.pl\/index.php\/wp-json\/wp\/v2\/posts\/15707\/revisions"}],"predecessor-version":[{"id":15714,"href":"https:\/\/www.spkatarzyna.pl\/index.php\/wp-json\/wp\/v2\/posts\/15707\/revisions\/15714"}],"wp:featuredmedia":[{"embeddable":true,"href":"https:\/\/www.spkatarzyna.pl\/index.php\/wp-json\/wp\/v2\/media\/15708"}],"wp:attachment":[{"href":"https:\/\/www.spkatarzyna.pl\/index.php\/wp-json\/wp\/v2\/media?parent=15707"}],"wp:term":[{"taxonomy":"category","embeddable":true,"href":"https:\/\/www.spkatarzyna.pl\/index.php\/wp-json\/wp\/v2\/categories?post=15707"},{"taxonomy":"post_tag","embeddable":true,"href":"https:\/\/www.spkatarzyna.pl\/index.php\/wp-json\/wp\/v2\/tags?post=15707"}],"curies":[{"name":"wp","href":"https:\/\/api.w.org\/{rel}","templated":true}]}}