{"id":15718,"date":"2025-05-26T13:02:15","date_gmt":"2025-05-26T13:02:15","guid":{"rendered":"https:\/\/www.spkatarzyna.pl\/?p=15718"},"modified":"2025-05-26T13:02:15","modified_gmt":"2025-05-26T13:02:15","slug":"swieto-patrona-szkoly","status":"publish","type":"post","link":"https:\/\/www.spkatarzyna.pl\/index.php\/2025\/05\/26\/swieto-patrona-szkoly\/","title":{"rendered":"\u015awi\u0119to Patrona Szko\u0142y"},"content":{"rendered":"<p><span style=\"font-size: 14pt;\"><strong>Szanowni Pa\u0144stwo,<\/strong><\/span><\/p>\n<p><span style=\"font-size: 14pt;\">w dniu&nbsp;<strong>1 czerwca 2025 r.<\/strong>&nbsp;o godzinie&nbsp;<strong>11.00<\/strong>&nbsp;w ko\u015bciele pw. \u015aw. Katarzyny Aleksandryjskiej w \u015awi\u0119tej Katarzynie odb\u0119dzie si\u0119&nbsp;<strong>Msza \u015awi\u0119ta<\/strong>&nbsp;z okazji&nbsp;<strong>\u015awi\u0119ta Patrona Szko\u0142y<\/strong>&nbsp;b\u0142ogos\u0142awionego Stefana Kardyna\u0142a Wyszy\u0144skiego \u2013 Prymasa Tysi\u0105clecia.<\/span><\/p>\n<p><span style=\"font-size: 14pt;\">Serdecznie zapraszamy wszystkich uczni\u00f3w, rodzic\u00f3w oraz przyjaci\u00f3\u0142 naszej szko\u0142y.<\/span><br \/>\n<span style=\"font-size: 14pt;\"><strong>Dyrekcja wraz z Gronem Pedagogicznym<\/strong><\/span><\/p>\n","protected":false},"excerpt":{"rendered":"<p>Szanowni Pa\u0144stwo, w dniu&nbsp;1 czerwca 2025 r.&nbsp;o godzinie&nbsp;11.00&nbsp;w ko\u015bciele pw. \u015aw. Katarzyny Aleksandryjskiej w \u015awi\u0119tej Katarzynie odb\u0119dzie si\u0119&nbsp;Msza \u015awi\u0119ta&nbsp;z okazji&nbsp;\u015awi\u0119ta Patrona Szko\u0142y&nbsp;b\u0142ogos\u0142awionego Stefana Kardyna\u0142a Wyszy\u0144skiego \u2013 Prymasa Tysi\u0105clecia. Serdecznie zapraszamy wszystkich uczni\u00f3w, rodzic\u00f3w oraz przyjaci\u00f3\u0142 naszej szko\u0142y. Dyrekcja wraz z Gronem Pedagogicznym<\/p>\n","protected":false},"author":6,"featured_media":13879,"comment_status":"open","ping_status":"open","sticky":false,"template":"","format":"standard","meta":{"om_disable_all_campaigns":false,"_monsterinsights_skip_tracking":false,"_monsterinsights_sitenote_active":false,"_monsterinsights_sitenote_note":"","_monsterinsights_sitenote_category":0,"ngg_post_thumbnail":0,"footnotes":""},"categories":[1],"tags":[],"class_list":["post-15718","post","type-post","status-publish","format-standard","has-post-thumbnail","hentry","category-uncategorized"],"aioseo_notices":[],"_links":{"self":[{"href":"https:\/\/www.spkatarzyna.pl\/index.php\/wp-json\/wp\/v2\/posts\/15718","targetHints":{"allow":["GET"]}}],"collection":[{"href":"https:\/\/www.spkatarzyna.pl\/index.php\/wp-json\/wp\/v2\/posts"}],"about":[{"href":"https:\/\/www.spkatarzyna.pl\/index.php\/wp-json\/wp\/v2\/types\/post"}],"author":[{"embeddable":true,"href":"https:\/\/www.spkatarzyna.pl\/index.php\/wp-json\/wp\/v2\/users\/6"}],"replies":[{"embeddable":true,"href":"https:\/\/www.spkatarzyna.pl\/index.php\/wp-json\/wp\/v2\/comments?post=15718"}],"version-history":[{"count":1,"href":"https:\/\/www.spkatarzyna.pl\/index.php\/wp-json\/wp\/v2\/posts\/15718\/revisions"}],"predecessor-version":[{"id":15719,"href":"https:\/\/www.spkatarzyna.pl\/index.php\/wp-json\/wp\/v2\/posts\/15718\/revisions\/15719"}],"wp:featuredmedia":[{"embeddable":true,"href":"https:\/\/www.spkatarzyna.pl\/index.php\/wp-json\/wp\/v2\/media\/13879"}],"wp:attachment":[{"href":"https:\/\/www.spkatarzyna.pl\/index.php\/wp-json\/wp\/v2\/media?parent=15718"}],"wp:term":[{"taxonomy":"category","embeddable":true,"href":"https:\/\/www.spkatarzyna.pl\/index.php\/wp-json\/wp\/v2\/categories?post=15718"},{"taxonomy":"post_tag","embeddable":true,"href":"https:\/\/www.spkatarzyna.pl\/index.php\/wp-json\/wp\/v2\/tags?post=15718"}],"curies":[{"name":"wp","href":"https:\/\/api.w.org\/{rel}","templated":true}]}}