{"id":15803,"date":"2025-06-02T10:24:13","date_gmt":"2025-06-02T10:24:13","guid":{"rendered":"https:\/\/www.spkatarzyna.pl\/?p=15803"},"modified":"2025-06-02T10:25:37","modified_gmt":"2025-06-02T10:25:37","slug":"uroczysta-msza-swieta","status":"publish","type":"post","link":"https:\/\/www.spkatarzyna.pl\/index.php\/2025\/06\/02\/uroczysta-msza-swieta\/","title":{"rendered":"Uroczysta Msza \u015awi\u0119ta"},"content":{"rendered":"\t\t<div data-elementor-type=\"wp-post\" data-elementor-id=\"15803\" class=\"elementor elementor-15803\">\n\t\t\t\t<div class=\"elementor-element elementor-element-3493dd2d e-flex e-con-boxed e-con e-parent\" data-id=\"3493dd2d\" data-element_type=\"container\">\n\t\t\t\t\t<div class=\"e-con-inner\">\n\t\t\t\t<div class=\"elementor-element elementor-element-463bc6ed elementor-widget elementor-widget-text-editor\" data-id=\"463bc6ed\" data-element_type=\"widget\" data-widget_type=\"text-editor.default\">\n\t\t\t\t\t\t\t\t\t<div dir=\"auto\" style=\"text-align: justify;\"><span style=\"font-size: 14pt;\">Pierwszego czerwca nasi uczniowie, absolwenci i rodzice pod przewodnictwem Pani dyrektor uczestniczyli wraz z pocztem sztandarowym w uroczystej Mszy \u015awi\u0119tej w ko\u015bciele w \u015awi\u0119tej Katarzynie. Wspomnienie naszego patrona &#8211; kardyna\u0142a Stefana Wyszy\u0144skiego, sta\u0142o si\u0119 okazj\u0105, by ogarn\u0105\u0107 modlitw\u0105 ca\u0142\u0105 nasz\u0105 spo\u0142eczno\u015b\u0107 &#8211; nauczycieli , uczni\u00f3w, rodzic\u00f3w i absolwent\u00f3w.<\/span><\/div>\r\n<div style=\"text-align: justify;\"><span style=\"font-size: 14pt;\">To by\u0142 pocz\u0105tek naszego \u015bwi\u0119towania, kt\u00f3re b\u0119dzie mia\u0142o swoj\u0105 kontynuacj\u0119 w szkole w najbli\u017cszy poniedzia\u0142ek.&nbsp;<\/span><\/div>\r\n<div style=\"text-align: justify;\"><span style=\"font-size: 14pt;\">Dzi\u0119kujemy Wam za tak liczn\u0105 obecno\u015b\u0107.<\/span><\/div>\r\n<div dir=\"auto\" style=\"text-align: right;\"><span style=\"font-size: 14pt;\">Tomasz Wilczak&nbsp;<\/span><\/div>\t\t\t\t\t\t\t\t<\/div>\n\t\t\t\t<div class=\"elementor-element elementor-element-8cd6cfc elementor-widget elementor-widget-image-gallery\" data-id=\"8cd6cfc\" data-element_type=\"widget\" data-widget_type=\"image-gallery.default\">\n\t\t\t\t\t\t\t<div class=\"elementor-image-gallery\">\n\t\t\t<div id='gallery-1' class='gallery galleryid-15803 gallery-columns-2 gallery-size-thumbnail'><dl class='gallery-item'>\n\t\t\t<dt class='gallery-icon landscape'>\n\t\t\t\t<a data-elementor-open-lightbox=\"yes\" data-elementor-lightbox-slideshow=\"8cd6cfc\" data-e-action-hash=\"#elementor-action%3Aaction%3Dlightbox%26settings%3DeyJpZCI6MTU4MDcsInVybCI6Imh0dHBzOlwvXC93d3cuc3BrYXRhcnp5bmEucGxcL3dwLWNvbnRlbnRcL3VwbG9hZHNcLzIwMjVcLzA2XC8xMDAwMDEwOTAwLXNjYWxlZC5qcGciLCJzbGlkZXNob3ciOiI4Y2Q2Y2ZjIn0%3D\" href='https:\/\/www.spkatarzyna.pl\/wp-content\/uploads\/2025\/06\/1000010900-scaled.jpg'><img decoding=\"async\" width=\"150\" height=\"150\" src=\"https:\/\/www.spkatarzyna.pl\/wp-content\/uploads\/2025\/06\/1000010900-150x150.jpg\" class=\"attachment-thumbnail size-thumbnail\" alt=\"\" srcset=\"https:\/\/www.spkatarzyna.pl\/wp-content\/uploads\/2025\/06\/1000010900-150x150.jpg 150w, https:\/\/www.spkatarzyna.pl\/wp-content\/uploads\/2025\/06\/1000010900-90x90.jpg 90w, https:\/\/www.spkatarzyna.pl\/wp-content\/uploads\/2025\/06\/1000010900-670x670.jpg 670w\" sizes=\"(max-width: 150px) 100vw, 150px\" \/><\/a>\n\t\t\t<\/dt><\/dl><dl class='gallery-item'>\n\t\t\t<dt class='gallery-icon landscape'>\n\t\t\t\t<a data-elementor-open-lightbox=\"yes\" data-elementor-lightbox-slideshow=\"8cd6cfc\" data-e-action-hash=\"#elementor-action%3Aaction%3Dlightbox%26settings%3DeyJpZCI6MTU4MDgsInVybCI6Imh0dHBzOlwvXC93d3cuc3BrYXRhcnp5bmEucGxcL3dwLWNvbnRlbnRcL3VwbG9hZHNcLzIwMjVcLzA2XC8xMDAwMDEwOTA0LXNjYWxlZC5qcGciLCJzbGlkZXNob3ciOiI4Y2Q2Y2ZjIn0%3D\" href='https:\/\/www.spkatarzyna.pl\/wp-content\/uploads\/2025\/06\/1000010904-scaled.jpg'><img decoding=\"async\" width=\"150\" height=\"150\" src=\"https:\/\/www.spkatarzyna.pl\/wp-content\/uploads\/2025\/06\/1000010904-150x150.jpg\" class=\"attachment-thumbnail size-thumbnail\" alt=\"\" srcset=\"https:\/\/www.spkatarzyna.pl\/wp-content\/uploads\/2025\/06\/1000010904-150x150.jpg 150w, https:\/\/www.spkatarzyna.pl\/wp-content\/uploads\/2025\/06\/1000010904-90x90.jpg 90w, https:\/\/www.spkatarzyna.pl\/wp-content\/uploads\/2025\/06\/1000010904-670x670.jpg 670w\" sizes=\"(max-width: 150px) 100vw, 150px\" \/><\/a>\n\t\t\t<\/dt><\/dl><br style=\"clear: both\" \/>\n\t\t<\/div>\n\t\t<\/div>\n\t\t\t\t\t\t<\/div>\n\t\t\t\t\t<\/div>\n\t\t\t\t<\/div>\n\t\t\t\t<\/div>\n\t\t","protected":false},"excerpt":{"rendered":"<p>Pierwszego czerwca nasi uczniowie, absolwenci i rodzice pod przewodnictwem Pani dyrektor uczestniczyli wraz z pocztem sztandarowym w uroczystej Mszy \u015awi\u0119tej w ko\u015bciele w \u015awi\u0119tej Katarzynie. Wspomnienie naszego patrona &#8211; kardyna\u0142a Stefana Wyszy\u0144skiego, sta\u0142o si\u0119 okazj\u0105, by ogarn\u0105\u0107 modlitw\u0105 ca\u0142\u0105 nasz\u0105 spo\u0142eczno\u015b\u0107 &#8211; nauczycieli , uczni\u00f3w, rodzic\u00f3w i absolwent\u00f3w. To by\u0142 [&hellip;]<\/p>\n","protected":false},"author":6,"featured_media":15804,"comment_status":"open","ping_status":"open","sticky":false,"template":"","format":"standard","meta":{"om_disable_all_campaigns":false,"_monsterinsights_skip_tracking":false,"_monsterinsights_sitenote_active":false,"_monsterinsights_sitenote_note":"","_monsterinsights_sitenote_category":0,"ngg_post_thumbnail":0,"footnotes":""},"categories":[1],"tags":[],"class_list":["post-15803","post","type-post","status-publish","format-standard","has-post-thumbnail","hentry","category-uncategorized"],"aioseo_notices":[],"_links":{"self":[{"href":"https:\/\/www.spkatarzyna.pl\/index.php\/wp-json\/wp\/v2\/posts\/15803","targetHints":{"allow":["GET"]}}],"collection":[{"href":"https:\/\/www.spkatarzyna.pl\/index.php\/wp-json\/wp\/v2\/posts"}],"about":[{"href":"https:\/\/www.spkatarzyna.pl\/index.php\/wp-json\/wp\/v2\/types\/post"}],"author":[{"embeddable":true,"href":"https:\/\/www.spkatarzyna.pl\/index.php\/wp-json\/wp\/v2\/users\/6"}],"replies":[{"embeddable":true,"href":"https:\/\/www.spkatarzyna.pl\/index.php\/wp-json\/wp\/v2\/comments?post=15803"}],"version-history":[{"count":4,"href":"https:\/\/www.spkatarzyna.pl\/index.php\/wp-json\/wp\/v2\/posts\/15803\/revisions"}],"predecessor-version":[{"id":15811,"href":"https:\/\/www.spkatarzyna.pl\/index.php\/wp-json\/wp\/v2\/posts\/15803\/revisions\/15811"}],"wp:featuredmedia":[{"embeddable":true,"href":"https:\/\/www.spkatarzyna.pl\/index.php\/wp-json\/wp\/v2\/media\/15804"}],"wp:attachment":[{"href":"https:\/\/www.spkatarzyna.pl\/index.php\/wp-json\/wp\/v2\/media?parent=15803"}],"wp:term":[{"taxonomy":"category","embeddable":true,"href":"https:\/\/www.spkatarzyna.pl\/index.php\/wp-json\/wp\/v2\/categories?post=15803"},{"taxonomy":"post_tag","embeddable":true,"href":"https:\/\/www.spkatarzyna.pl\/index.php\/wp-json\/wp\/v2\/tags?post=15803"}],"curies":[{"name":"wp","href":"https:\/\/api.w.org\/{rel}","templated":true}]}}