{"id":15812,"date":"2025-06-02T10:24:12","date_gmt":"2025-06-02T10:24:12","guid":{"rendered":"https:\/\/www.spkatarzyna.pl\/?p=15812"},"modified":"2025-06-02T20:38:56","modified_gmt":"2025-06-02T20:38:56","slug":"noc-w-szkole-klasy-1a-i-2c","status":"publish","type":"post","link":"https:\/\/www.spkatarzyna.pl\/index.php\/2025\/06\/02\/noc-w-szkole-klasy-1a-i-2c\/","title":{"rendered":"Noc w szkole klasy 1a i 2c"},"content":{"rendered":"\t\t<div data-elementor-type=\"wp-post\" data-elementor-id=\"15812\" class=\"elementor elementor-15812\">\n\t\t\t\t<div class=\"elementor-element elementor-element-76fcdd94 e-flex e-con-boxed e-con e-parent\" data-id=\"76fcdd94\" data-element_type=\"container\">\n\t\t\t\t\t<div class=\"e-con-inner\">\n\t\t\t\t<div class=\"elementor-element elementor-element-268d122 elementor-widget elementor-widget-text-editor\" data-id=\"268d122\" data-element_type=\"widget\" data-widget_type=\"text-editor.default\">\n\t\t\t\t\t\t\t\t\t<p style=\"text-align: justify;\"><span style=\"font-size: 14pt;\"><b>Noc w szkole<\/b><span style=\"font-weight: 400;\">, kt\u00f3ra odby\u0142a si\u0119 z 30 na 31 maja by\u0142a niezwyk\u0142ym wydarzeniem&nbsp;<\/span><\/span><span style=\"font-weight: 400; font-size: 14pt;\">dla dzieci z klas 1a i 2c, nauczycieli bior\u0105cych udzia\u0142 w tym przedsi\u0119wzi\u0119ciu oraz rodzic\u00f3w, kt\u00f3rzy musieli sobie poradzi\u0107 z brakiem swych pociech.<\/span><\/p>\r\n<p style=\"text-align: justify;\"><span style=\"font-weight: 400; font-size: 14pt;\">O godzinie 18.00 dzieciarnia uca\u0142owa\u0142a rodzic\u00f3w, ulokowa\u0142a si\u0119 na materacach i zaakceptowa\u0142a regulamin nocowania w szkole, bo ka\u017cdy ucze\u0144 wie, \u017ce bezpiecze\u0144stwo to podstawa. A potem nast\u0105pi\u0142a fala niecodziennych szkolnych zaj\u0119\u0107: ta\u0144ce integracyjne, afryka\u0144ska gra w klasy, malowanie kred\u0105 po szkolnym chodniku, gra terenowa, poszukiwanie w parku nietoperzy, nocne podchody z latarkami a na koniec kino. Szko\u0142a noc\u0105 jest naprawd\u0119 niezwyk\u0142a. Utrudzeni nocnymi zabawami uczniowie smacznie spali do godziny 7.00. Rano powita\u0142o ich pyszne kakao i pachn\u0105ca cha\u0142ka przygotowane przez st\u0119sknionych rodzic\u00f3w.&nbsp;<\/span><\/p>\r\n<p style=\"text-align: justify;\"><span style=\"font-weight: 400; font-size: 14pt;\">Dzi\u0119kujemy wszystkim, kt\u00f3rzy z nami byli i nam pomogli w przygotowaniu nocowania w szkole.<\/span><\/p>\r\n<span style=\"font-weight: 400; font-size: 14pt;\">W imieniu dzieciak\u00f3w Joanna Sokalska<\/span>\r\n\r\n<br style=\"font-weight: 400;\"><br style=\"font-weight: 400;\">\t\t\t\t\t\t\t\t<\/div>\n\t\t\t\t<div class=\"elementor-element elementor-element-89d2984 elementor-widget elementor-widget-video\" data-id=\"89d2984\" data-element_type=\"widget\" data-settings=\"{&quot;video_type&quot;:&quot;hosted&quot;,&quot;controls&quot;:&quot;yes&quot;}\" data-widget_type=\"video.default\">\n\t\t\t\t\t\t\t<div class=\"e-hosted-video elementor-wrapper elementor-open-inline\">\n\t\t\t\t\t<video class=\"elementor-video\" src=\"https:\/\/www.spkatarzyna.pl\/wp-content\/uploads\/2025\/06\/Noc-w-szkole-online-video-cutter.com_.mp4\" controls=\"\" preload=\"metadata\" controlsList=\"nodownload\"><\/video>\n\t\t\t\t<\/div>\n\t\t\t\t\t\t<\/div>\n\t\t\t\t\t<\/div>\n\t\t\t\t<\/div>\n\t\t\t\t<\/div>\n\t\t","protected":false},"excerpt":{"rendered":"<p>Noc w szkole, kt\u00f3ra odby\u0142a si\u0119 z 30 na 31 maja by\u0142a niezwyk\u0142ym wydarzeniem&nbsp;dla dzieci z klas 1a i 2c, nauczycieli bior\u0105cych udzia\u0142 w tym przedsi\u0119wzi\u0119ciu oraz rodzic\u00f3w, kt\u00f3rzy musieli sobie poradzi\u0107 z brakiem swych pociech. O godzinie 18.00 dzieciarnia uca\u0142owa\u0142a rodzic\u00f3w, ulokowa\u0142a si\u0119 na materacach i zaakceptowa\u0142a regulamin nocowania [&hellip;]<\/p>\n","protected":false},"author":6,"featured_media":15813,"comment_status":"open","ping_status":"open","sticky":false,"template":"","format":"standard","meta":{"om_disable_all_campaigns":false,"_monsterinsights_skip_tracking":false,"_monsterinsights_sitenote_active":false,"_monsterinsights_sitenote_note":"","_monsterinsights_sitenote_category":0,"ngg_post_thumbnail":0,"footnotes":""},"categories":[1],"tags":[],"class_list":["post-15812","post","type-post","status-publish","format-standard","has-post-thumbnail","hentry","category-uncategorized"],"aioseo_notices":[],"_links":{"self":[{"href":"https:\/\/www.spkatarzyna.pl\/index.php\/wp-json\/wp\/v2\/posts\/15812","targetHints":{"allow":["GET"]}}],"collection":[{"href":"https:\/\/www.spkatarzyna.pl\/index.php\/wp-json\/wp\/v2\/posts"}],"about":[{"href":"https:\/\/www.spkatarzyna.pl\/index.php\/wp-json\/wp\/v2\/types\/post"}],"author":[{"embeddable":true,"href":"https:\/\/www.spkatarzyna.pl\/index.php\/wp-json\/wp\/v2\/users\/6"}],"replies":[{"embeddable":true,"href":"https:\/\/www.spkatarzyna.pl\/index.php\/wp-json\/wp\/v2\/comments?post=15812"}],"version-history":[{"count":4,"href":"https:\/\/www.spkatarzyna.pl\/index.php\/wp-json\/wp\/v2\/posts\/15812\/revisions"}],"predecessor-version":[{"id":15819,"href":"https:\/\/www.spkatarzyna.pl\/index.php\/wp-json\/wp\/v2\/posts\/15812\/revisions\/15819"}],"wp:featuredmedia":[{"embeddable":true,"href":"https:\/\/www.spkatarzyna.pl\/index.php\/wp-json\/wp\/v2\/media\/15813"}],"wp:attachment":[{"href":"https:\/\/www.spkatarzyna.pl\/index.php\/wp-json\/wp\/v2\/media?parent=15812"}],"wp:term":[{"taxonomy":"category","embeddable":true,"href":"https:\/\/www.spkatarzyna.pl\/index.php\/wp-json\/wp\/v2\/categories?post=15812"},{"taxonomy":"post_tag","embeddable":true,"href":"https:\/\/www.spkatarzyna.pl\/index.php\/wp-json\/wp\/v2\/tags?post=15812"}],"curies":[{"name":"wp","href":"https:\/\/api.w.org\/{rel}","templated":true}]}}