{"id":15822,"date":"2025-06-04T10:23:55","date_gmt":"2025-06-04T10:23:55","guid":{"rendered":"https:\/\/www.spkatarzyna.pl\/?p=15822"},"modified":"2025-06-04T13:30:48","modified_gmt":"2025-06-04T13:30:48","slug":"swieto-patrona-i-dzien-dziecka","status":"publish","type":"post","link":"https:\/\/www.spkatarzyna.pl\/index.php\/2025\/06\/04\/swieto-patrona-i-dzien-dziecka\/","title":{"rendered":"\u015awi\u0119to Patrona i Dzie\u0144 Dziecka"},"content":{"rendered":"\t\t<div data-elementor-type=\"wp-post\" data-elementor-id=\"15822\" class=\"elementor elementor-15822\">\n\t\t\t\t<div class=\"elementor-element elementor-element-52ac20a e-flex e-con-boxed e-con e-parent\" data-id=\"52ac20a\" data-element_type=\"container\">\n\t\t\t\t\t<div class=\"e-con-inner\">\n\t\t\t\t<div class=\"elementor-element elementor-element-1735883b elementor-widget elementor-widget-text-editor\" data-id=\"1735883b\" data-element_type=\"widget\" data-widget_type=\"text-editor.default\">\n\t\t\t\t\t\t\t\t\t<p style=\"text-align: justify;\"><span style=\"font-weight: 400; font-size: 14pt;\">W tym roku, 2 czerwca, w naszej szkole&nbsp; celebrowali\u015bmy jednocze\u015bnie Dzie\u0144 Patrona i Dzie\u0144 Dziecka. <\/span><span style=\"font-weight: 400; font-size: 14pt;\">Na pocz\u0105tku wszyscy uczniowie&nbsp; uczestniczyli w uroczystej akademii, podczas kt\u00f3rej przybli\u017cyli\u015bmy sylwetk\u0119 wielkiego Polaka, Kardyna\u0142a Stefana Wyszy\u0144skiego. <\/span><span style=\"font-weight: 400; font-size: 14pt;\">Recytacja i \u015bpiew&nbsp; w wykonaniu uczennic klasy 4d \u2013 Oliwii Grze\u015bkowiak i Zuzanny Maszy\u0144skiej &#8211; u\u015bwietni\u0142y program artystyczny, do czego przyczyni\u0142y si\u0119 r\u00f3wnie\u017c m\u0142odsze dzieci, kt\u00f3re&nbsp; za\u015bpiewa\u0142y &nbsp;hymn o patronie naszej szko\u0142y.<\/span><\/p>\r\n<p style=\"text-align: justify;\"><span style=\"font-weight: 400; font-size: 14pt;\">Podczas apelu&nbsp; siostra Immakulata wr\u0119czy\u0142a nagrody laureatom konkurs\u00f3w zwi\u0105zanych z postaci\u0105 kardyna\u0142a Wyszy\u0144skiego.<\/span><\/p>\r\n<p style=\"text-align: justify;\"><span style=\"font-weight: 400; font-size: 14pt;\">Uwie\u0144czeniem programu artystycznego by\u0142 polonez, kt\u00f3ry na pocz\u0105tku zata\u0144czyli &nbsp; \u00f3smoklasi\u015bci, a nast\u0119pnie do ta\u0144ca do\u0142\u0105czyli wszyscy uczniowie szko\u0142y. <\/span><span style=\"font-weight: 400; font-size: 14pt;\">Wsp\u00f3lny polonez to &nbsp; nawi\u0105zanie&nbsp; tegorocznych obchod\u00f3w&nbsp; Tysi\u0105clecia Kr\u00f3lestwa Polskiego, wielkiego jubileuszu obchodzonego&nbsp; w roku 2025 przez Polak\u00f3w w kraju i zagranic\u0105.<\/span><\/p>\r\n<p style=\"text-align: right;\"><span style=\"font-weight: 400; font-size: 14pt;\">Ma\u0142gorzata Ptak<\/span><\/p>\r\n<br style=\"font-weight: 400;\"><br style=\"font-weight: 400;\">\t\t\t\t\t\t\t\t<\/div>\n\t\t\t\t<div class=\"elementor-element elementor-element-ffd880b elementor-widget elementor-widget-video\" data-id=\"ffd880b\" data-element_type=\"widget\" data-settings=\"{&quot;youtube_url&quot;:&quot;https:\\\/\\\/www.youtube.com\\\/watch?app=desktop&amp;v=YI3mSMNABVk&quot;,&quot;start&quot;:0,&quot;video_type&quot;:&quot;youtube&quot;,&quot;controls&quot;:&quot;yes&quot;}\" data-widget_type=\"video.default\">\n\t\t\t\t\t\t\t<div class=\"elementor-wrapper elementor-open-inline\">\n\t\t\t<div class=\"elementor-video\"><\/div>\t\t<\/div>\n\t\t\t\t\t\t<\/div>\n\t\t\t\t<div class=\"elementor-element elementor-element-4f36c4c elementor-widget elementor-widget-image-gallery\" data-id=\"4f36c4c\" data-element_type=\"widget\" data-widget_type=\"image-gallery.default\">\n\t\t\t\t\t\t\t<div class=\"elementor-image-gallery\">\n\t\t\t<div id='gallery-1' class='gallery galleryid-15822 gallery-columns-5 gallery-size-thumbnail'><dl class='gallery-item'>\n\t\t\t<dt class='gallery-icon landscape'>\n\t\t\t\t<a data-elementor-open-lightbox=\"yes\" data-elementor-lightbox-slideshow=\"4f36c4c\" data-e-action-hash=\"#elementor-action%3Aaction%3Dlightbox%26settings%3DeyJpZCI6MTU4MjcsInVybCI6Imh0dHBzOlwvXC93d3cuc3BrYXRhcnp5bmEucGxcL3dwLWNvbnRlbnRcL3VwbG9hZHNcLzIwMjVcLzA2XC9JTUdfMDYxNy5qcGciLCJzbGlkZXNob3ciOiI0ZjM2YzRjIn0%3D\" href='https:\/\/www.spkatarzyna.pl\/wp-content\/uploads\/2025\/06\/IMG_0617.jpg'><img decoding=\"async\" width=\"150\" height=\"150\" src=\"https:\/\/www.spkatarzyna.pl\/wp-content\/uploads\/2025\/06\/IMG_0617-150x150.jpg\" class=\"attachment-thumbnail size-thumbnail\" alt=\"\" srcset=\"https:\/\/www.spkatarzyna.pl\/wp-content\/uploads\/2025\/06\/IMG_0617-150x150.jpg 150w, https:\/\/www.spkatarzyna.pl\/wp-content\/uploads\/2025\/06\/IMG_0617-90x90.jpg 90w, https:\/\/www.spkatarzyna.pl\/wp-content\/uploads\/2025\/06\/IMG_0617-670x670.jpg 670w\" sizes=\"(max-width: 150px) 100vw, 150px\" \/><\/a>\n\t\t\t<\/dt><\/dl><dl class='gallery-item'>\n\t\t\t<dt class='gallery-icon landscape'>\n\t\t\t\t<a data-elementor-open-lightbox=\"yes\" data-elementor-lightbox-slideshow=\"4f36c4c\" data-e-action-hash=\"#elementor-action%3Aaction%3Dlightbox%26settings%3DeyJpZCI6MTU4MjgsInVybCI6Imh0dHBzOlwvXC93d3cuc3BrYXRhcnp5bmEucGxcL3dwLWNvbnRlbnRcL3VwbG9hZHNcLzIwMjVcLzA2XC9JTUdfMDYyNi5qcGciLCJzbGlkZXNob3ciOiI0ZjM2YzRjIn0%3D\" href='https:\/\/www.spkatarzyna.pl\/wp-content\/uploads\/2025\/06\/IMG_0626.jpg'><img decoding=\"async\" width=\"150\" height=\"150\" src=\"https:\/\/www.spkatarzyna.pl\/wp-content\/uploads\/2025\/06\/IMG_0626-150x150.jpg\" class=\"attachment-thumbnail size-thumbnail\" alt=\"\" srcset=\"https:\/\/www.spkatarzyna.pl\/wp-content\/uploads\/2025\/06\/IMG_0626-150x150.jpg 150w, https:\/\/www.spkatarzyna.pl\/wp-content\/uploads\/2025\/06\/IMG_0626-90x90.jpg 90w, https:\/\/www.spkatarzyna.pl\/wp-content\/uploads\/2025\/06\/IMG_0626-670x670.jpg 670w\" sizes=\"(max-width: 150px) 100vw, 150px\" \/><\/a>\n\t\t\t<\/dt><\/dl><dl class='gallery-item'>\n\t\t\t<dt class='gallery-icon landscape'>\n\t\t\t\t<a data-elementor-open-lightbox=\"yes\" data-elementor-lightbox-slideshow=\"4f36c4c\" data-e-action-hash=\"#elementor-action%3Aaction%3Dlightbox%26settings%3DeyJpZCI6MTU4MjksInVybCI6Imh0dHBzOlwvXC93d3cuc3BrYXRhcnp5bmEucGxcL3dwLWNvbnRlbnRcL3VwbG9hZHNcLzIwMjVcLzA2XC9JTUdfMDYzMy5qcGciLCJzbGlkZXNob3ciOiI0ZjM2YzRjIn0%3D\" href='https:\/\/www.spkatarzyna.pl\/wp-content\/uploads\/2025\/06\/IMG_0633.jpg'><img decoding=\"async\" width=\"150\" height=\"150\" src=\"https:\/\/www.spkatarzyna.pl\/wp-content\/uploads\/2025\/06\/IMG_0633-150x150.jpg\" class=\"attachment-thumbnail size-thumbnail\" alt=\"\" srcset=\"https:\/\/www.spkatarzyna.pl\/wp-content\/uploads\/2025\/06\/IMG_0633-150x150.jpg 150w, https:\/\/www.spkatarzyna.pl\/wp-content\/uploads\/2025\/06\/IMG_0633-90x90.jpg 90w, https:\/\/www.spkatarzyna.pl\/wp-content\/uploads\/2025\/06\/IMG_0633-670x670.jpg 670w\" sizes=\"(max-width: 150px) 100vw, 150px\" \/><\/a>\n\t\t\t<\/dt><\/dl><dl class='gallery-item'>\n\t\t\t<dt class='gallery-icon landscape'>\n\t\t\t\t<a data-elementor-open-lightbox=\"yes\" data-elementor-lightbox-slideshow=\"4f36c4c\" data-e-action-hash=\"#elementor-action%3Aaction%3Dlightbox%26settings%3DeyJpZCI6MTU4MzAsInVybCI6Imh0dHBzOlwvXC93d3cuc3BrYXRhcnp5bmEucGxcL3dwLWNvbnRlbnRcL3VwbG9hZHNcLzIwMjVcLzA2XC9JTUdfMDY1MC5qcGciLCJzbGlkZXNob3ciOiI0ZjM2YzRjIn0%3D\" href='https:\/\/www.spkatarzyna.pl\/wp-content\/uploads\/2025\/06\/IMG_0650.jpg'><img loading=\"lazy\" decoding=\"async\" width=\"150\" height=\"150\" src=\"https:\/\/www.spkatarzyna.pl\/wp-content\/uploads\/2025\/06\/IMG_0650-150x150.jpg\" class=\"attachment-thumbnail size-thumbnail\" alt=\"\" srcset=\"https:\/\/www.spkatarzyna.pl\/wp-content\/uploads\/2025\/06\/IMG_0650-150x150.jpg 150w, https:\/\/www.spkatarzyna.pl\/wp-content\/uploads\/2025\/06\/IMG_0650-90x90.jpg 90w, https:\/\/www.spkatarzyna.pl\/wp-content\/uploads\/2025\/06\/IMG_0650-670x670.jpg 670w\" sizes=\"(max-width: 150px) 100vw, 150px\" \/><\/a>\n\t\t\t<\/dt><\/dl><dl class='gallery-item'>\n\t\t\t<dt class='gallery-icon landscape'>\n\t\t\t\t<a data-elementor-open-lightbox=\"yes\" data-elementor-lightbox-slideshow=\"4f36c4c\" data-e-action-hash=\"#elementor-action%3Aaction%3Dlightbox%26settings%3DeyJpZCI6MTU4MzEsInVybCI6Imh0dHBzOlwvXC93d3cuc3BrYXRhcnp5bmEucGxcL3dwLWNvbnRlbnRcL3VwbG9hZHNcLzIwMjVcLzA2XC9JTUdfMDY1Ni5qcGciLCJzbGlkZXNob3ciOiI0ZjM2YzRjIn0%3D\" href='https:\/\/www.spkatarzyna.pl\/wp-content\/uploads\/2025\/06\/IMG_0656.jpg'><img loading=\"lazy\" decoding=\"async\" width=\"150\" height=\"150\" src=\"https:\/\/www.spkatarzyna.pl\/wp-content\/uploads\/2025\/06\/IMG_0656-150x150.jpg\" class=\"attachment-thumbnail size-thumbnail\" alt=\"\" srcset=\"https:\/\/www.spkatarzyna.pl\/wp-content\/uploads\/2025\/06\/IMG_0656-150x150.jpg 150w, https:\/\/www.spkatarzyna.pl\/wp-content\/uploads\/2025\/06\/IMG_0656-90x90.jpg 90w, https:\/\/www.spkatarzyna.pl\/wp-content\/uploads\/2025\/06\/IMG_0656-670x670.jpg 670w\" sizes=\"(max-width: 150px) 100vw, 150px\" \/><\/a>\n\t\t\t<\/dt><\/dl><br style=\"clear: both\" \/><dl class='gallery-item'>\n\t\t\t<dt class='gallery-icon landscape'>\n\t\t\t\t<a data-elementor-open-lightbox=\"yes\" data-elementor-lightbox-slideshow=\"4f36c4c\" data-e-action-hash=\"#elementor-action%3Aaction%3Dlightbox%26settings%3DeyJpZCI6MTU4MzIsInVybCI6Imh0dHBzOlwvXC93d3cuc3BrYXRhcnp5bmEucGxcL3dwLWNvbnRlbnRcL3VwbG9hZHNcLzIwMjVcLzA2XC9JTUdfMDY2NC0xLmpwZyIsInNsaWRlc2hvdyI6IjRmMzZjNGMifQ%3D%3D\" href='https:\/\/www.spkatarzyna.pl\/wp-content\/uploads\/2025\/06\/IMG_0664-1.jpg'><img loading=\"lazy\" decoding=\"async\" width=\"150\" height=\"150\" src=\"https:\/\/www.spkatarzyna.pl\/wp-content\/uploads\/2025\/06\/IMG_0664-1-150x150.jpg\" class=\"attachment-thumbnail size-thumbnail\" alt=\"\" srcset=\"https:\/\/www.spkatarzyna.pl\/wp-content\/uploads\/2025\/06\/IMG_0664-1-150x150.jpg 150w, https:\/\/www.spkatarzyna.pl\/wp-content\/uploads\/2025\/06\/IMG_0664-1-90x90.jpg 90w, https:\/\/www.spkatarzyna.pl\/wp-content\/uploads\/2025\/06\/IMG_0664-1-670x670.jpg 670w\" sizes=\"(max-width: 150px) 100vw, 150px\" \/><\/a>\n\t\t\t<\/dt><\/dl><dl class='gallery-item'>\n\t\t\t<dt class='gallery-icon landscape'>\n\t\t\t\t<a data-elementor-open-lightbox=\"yes\" data-elementor-lightbox-slideshow=\"4f36c4c\" data-e-action-hash=\"#elementor-action%3Aaction%3Dlightbox%26settings%3DeyJpZCI6MTU4MzMsInVybCI6Imh0dHBzOlwvXC93d3cuc3BrYXRhcnp5bmEucGxcL3dwLWNvbnRlbnRcL3VwbG9hZHNcLzIwMjVcLzA2XC9JTUdfMDY4OS5qcGciLCJzbGlkZXNob3ciOiI0ZjM2YzRjIn0%3D\" href='https:\/\/www.spkatarzyna.pl\/wp-content\/uploads\/2025\/06\/IMG_0689.jpg'><img loading=\"lazy\" decoding=\"async\" width=\"150\" height=\"150\" src=\"https:\/\/www.spkatarzyna.pl\/wp-content\/uploads\/2025\/06\/IMG_0689-150x150.jpg\" class=\"attachment-thumbnail size-thumbnail\" alt=\"\" srcset=\"https:\/\/www.spkatarzyna.pl\/wp-content\/uploads\/2025\/06\/IMG_0689-150x150.jpg 150w, https:\/\/www.spkatarzyna.pl\/wp-content\/uploads\/2025\/06\/IMG_0689-90x90.jpg 90w, https:\/\/www.spkatarzyna.pl\/wp-content\/uploads\/2025\/06\/IMG_0689-670x670.jpg 670w\" sizes=\"(max-width: 150px) 100vw, 150px\" \/><\/a>\n\t\t\t<\/dt><\/dl><dl class='gallery-item'>\n\t\t\t<dt class='gallery-icon landscape'>\n\t\t\t\t<a data-elementor-open-lightbox=\"yes\" data-elementor-lightbox-slideshow=\"4f36c4c\" data-e-action-hash=\"#elementor-action%3Aaction%3Dlightbox%26settings%3DeyJpZCI6MTU4MzQsInVybCI6Imh0dHBzOlwvXC93d3cuc3BrYXRhcnp5bmEucGxcL3dwLWNvbnRlbnRcL3VwbG9hZHNcLzIwMjVcLzA2XC9JTUdfMDczNC5qcGciLCJzbGlkZXNob3ciOiI0ZjM2YzRjIn0%3D\" href='https:\/\/www.spkatarzyna.pl\/wp-content\/uploads\/2025\/06\/IMG_0734.jpg'><img loading=\"lazy\" decoding=\"async\" width=\"150\" height=\"150\" src=\"https:\/\/www.spkatarzyna.pl\/wp-content\/uploads\/2025\/06\/IMG_0734-150x150.jpg\" class=\"attachment-thumbnail size-thumbnail\" alt=\"\" srcset=\"https:\/\/www.spkatarzyna.pl\/wp-content\/uploads\/2025\/06\/IMG_0734-150x150.jpg 150w, https:\/\/www.spkatarzyna.pl\/wp-content\/uploads\/2025\/06\/IMG_0734-90x90.jpg 90w, https:\/\/www.spkatarzyna.pl\/wp-content\/uploads\/2025\/06\/IMG_0734-670x670.jpg 670w\" sizes=\"(max-width: 150px) 100vw, 150px\" \/><\/a>\n\t\t\t<\/dt><\/dl><dl class='gallery-item'>\n\t\t\t<dt class='gallery-icon landscape'>\n\t\t\t\t<a data-elementor-open-lightbox=\"yes\" data-elementor-lightbox-slideshow=\"4f36c4c\" data-e-action-hash=\"#elementor-action%3Aaction%3Dlightbox%26settings%3DeyJpZCI6MTU4MzUsInVybCI6Imh0dHBzOlwvXC93d3cuc3BrYXRhcnp5bmEucGxcL3dwLWNvbnRlbnRcL3VwbG9hZHNcLzIwMjVcLzA2XC9JTUdfMDc1Ny5qcGciLCJzbGlkZXNob3ciOiI0ZjM2YzRjIn0%3D\" href='https:\/\/www.spkatarzyna.pl\/wp-content\/uploads\/2025\/06\/IMG_0757.jpg'><img loading=\"lazy\" decoding=\"async\" width=\"150\" height=\"150\" src=\"https:\/\/www.spkatarzyna.pl\/wp-content\/uploads\/2025\/06\/IMG_0757-150x150.jpg\" class=\"attachment-thumbnail size-thumbnail\" alt=\"\" srcset=\"https:\/\/www.spkatarzyna.pl\/wp-content\/uploads\/2025\/06\/IMG_0757-150x150.jpg 150w, https:\/\/www.spkatarzyna.pl\/wp-content\/uploads\/2025\/06\/IMG_0757-90x90.jpg 90w, https:\/\/www.spkatarzyna.pl\/wp-content\/uploads\/2025\/06\/IMG_0757-670x670.jpg 670w\" sizes=\"(max-width: 150px) 100vw, 150px\" \/><\/a>\n\t\t\t<\/dt><\/dl><dl class='gallery-item'>\n\t\t\t<dt class='gallery-icon landscape'>\n\t\t\t\t<a data-elementor-open-lightbox=\"yes\" data-elementor-lightbox-slideshow=\"4f36c4c\" data-e-action-hash=\"#elementor-action%3Aaction%3Dlightbox%26settings%3DeyJpZCI6MTU4MzYsInVybCI6Imh0dHBzOlwvXC93d3cuc3BrYXRhcnp5bmEucGxcL3dwLWNvbnRlbnRcL3VwbG9hZHNcLzIwMjVcLzA2XC9JTUdfMDgzOC5qcGciLCJzbGlkZXNob3ciOiI0ZjM2YzRjIn0%3D\" href='https:\/\/www.spkatarzyna.pl\/wp-content\/uploads\/2025\/06\/IMG_0838.jpg'><img loading=\"lazy\" decoding=\"async\" width=\"150\" height=\"150\" src=\"https:\/\/www.spkatarzyna.pl\/wp-content\/uploads\/2025\/06\/IMG_0838-150x150.jpg\" class=\"attachment-thumbnail size-thumbnail\" alt=\"\" srcset=\"https:\/\/www.spkatarzyna.pl\/wp-content\/uploads\/2025\/06\/IMG_0838-150x150.jpg 150w, https:\/\/www.spkatarzyna.pl\/wp-content\/uploads\/2025\/06\/IMG_0838-90x90.jpg 90w, https:\/\/www.spkatarzyna.pl\/wp-content\/uploads\/2025\/06\/IMG_0838-670x670.jpg 670w\" sizes=\"(max-width: 150px) 100vw, 150px\" \/><\/a>\n\t\t\t<\/dt><\/dl><br style=\"clear: both\" \/>\n\t\t<\/div>\n\t\t<\/div>\n\t\t\t\t\t\t<\/div>\n\t\t\t\t\t<\/div>\n\t\t\t\t<\/div>\n\t\t\t\t<\/div>\n\t\t","protected":false},"excerpt":{"rendered":"<p>W tym roku, 2 czerwca, w naszej szkole&nbsp; celebrowali\u015bmy jednocze\u015bnie Dzie\u0144 Patrona i Dzie\u0144 Dziecka. Na pocz\u0105tku wszyscy uczniowie&nbsp; uczestniczyli w uroczystej akademii, podczas kt\u00f3rej przybli\u017cyli\u015bmy sylwetk\u0119 wielkiego Polaka, Kardyna\u0142a Stefana Wyszy\u0144skiego. Recytacja i \u015bpiew&nbsp; w wykonaniu uczennic klasy 4d \u2013 Oliwii Grze\u015bkowiak i Zuzanny Maszy\u0144skiej &#8211; u\u015bwietni\u0142y program artystyczny, [&hellip;]<\/p>\n","protected":false},"author":6,"featured_media":15823,"comment_status":"open","ping_status":"open","sticky":false,"template":"","format":"standard","meta":{"om_disable_all_campaigns":false,"_monsterinsights_skip_tracking":false,"_monsterinsights_sitenote_active":false,"_monsterinsights_sitenote_note":"","_monsterinsights_sitenote_category":0,"ngg_post_thumbnail":0,"footnotes":""},"categories":[1],"tags":[],"class_list":["post-15822","post","type-post","status-publish","format-standard","has-post-thumbnail","hentry","category-uncategorized"],"aioseo_notices":[],"_links":{"self":[{"href":"https:\/\/www.spkatarzyna.pl\/index.php\/wp-json\/wp\/v2\/posts\/15822","targetHints":{"allow":["GET"]}}],"collection":[{"href":"https:\/\/www.spkatarzyna.pl\/index.php\/wp-json\/wp\/v2\/posts"}],"about":[{"href":"https:\/\/www.spkatarzyna.pl\/index.php\/wp-json\/wp\/v2\/types\/post"}],"author":[{"embeddable":true,"href":"https:\/\/www.spkatarzyna.pl\/index.php\/wp-json\/wp\/v2\/users\/6"}],"replies":[{"embeddable":true,"href":"https:\/\/www.spkatarzyna.pl\/index.php\/wp-json\/wp\/v2\/comments?post=15822"}],"version-history":[{"count":11,"href":"https:\/\/www.spkatarzyna.pl\/index.php\/wp-json\/wp\/v2\/posts\/15822\/revisions"}],"predecessor-version":[{"id":15871,"href":"https:\/\/www.spkatarzyna.pl\/index.php\/wp-json\/wp\/v2\/posts\/15822\/revisions\/15871"}],"wp:featuredmedia":[{"embeddable":true,"href":"https:\/\/www.spkatarzyna.pl\/index.php\/wp-json\/wp\/v2\/media\/15823"}],"wp:attachment":[{"href":"https:\/\/www.spkatarzyna.pl\/index.php\/wp-json\/wp\/v2\/media?parent=15822"}],"wp:term":[{"taxonomy":"category","embeddable":true,"href":"https:\/\/www.spkatarzyna.pl\/index.php\/wp-json\/wp\/v2\/categories?post=15822"},{"taxonomy":"post_tag","embeddable":true,"href":"https:\/\/www.spkatarzyna.pl\/index.php\/wp-json\/wp\/v2\/tags?post=15822"}],"curies":[{"name":"wp","href":"https:\/\/api.w.org\/{rel}","templated":true}]}}