{"id":15998,"date":"2025-06-05T20:34:38","date_gmt":"2025-06-05T20:34:38","guid":{"rendered":"https:\/\/www.spkatarzyna.pl\/?p=15998"},"modified":"2025-06-09T20:40:58","modified_gmt":"2025-06-09T20:40:58","slug":"wyjazd-na-zielona-szkole-kl-ii-a-i-ii-d","status":"publish","type":"post","link":"https:\/\/www.spkatarzyna.pl\/index.php\/2025\/06\/05\/wyjazd-na-zielona-szkole-kl-ii-a-i-ii-d\/","title":{"rendered":"Wyjazd na Zielon\u0105 Szko\u0142\u0119 kl. II a I II d\u00a0"},"content":{"rendered":"\t\t<div data-elementor-type=\"wp-post\" data-elementor-id=\"15998\" class=\"elementor elementor-15998\">\n\t\t\t\t<div class=\"elementor-element elementor-element-73ef7136 e-flex e-con-boxed e-con e-parent\" data-id=\"73ef7136\" data-element_type=\"container\">\n\t\t\t\t\t<div class=\"e-con-inner\">\n\t\t\t\t<div class=\"elementor-element elementor-element-5be87dc2 elementor-widget elementor-widget-text-editor\" data-id=\"5be87dc2\" data-element_type=\"widget\" data-widget_type=\"text-editor.default\">\n\t\t\t\t\t\t\t\t\t<span style=\"color: #000000; font-size: 14pt; text-align: justify;\">W dniach 26\u201330 maja 2025 r. uczniowie klas 2a i 2d wzi\u0119li udzia\u0142 w zielonej szkole w G\u0142ucho\u0142azach. By\u0142 to czas pe\u0142en nauki, integracji, przyg\u00f3d i niezapomnianych wra\u017ce\u0144.<\/span>\r\n<div>\r\n<p style=\"text-align: justify;\"><span style=\"color: #000000; font-size: 14pt;\">Podczas pobytu uczniowie realizowali szereg zaj\u0119\u0107 edukacyjnych, kt\u00f3rych tematem przewodnim by\u0142a Polska. Uczniowie poznawali ciekawostki o naszym kraju, tworzyli albumy tematyczne oraz wykonywali makiety polskich park\u00f3w narodowych. Zaj\u0119cia te rozwija\u0142y wiedz\u0119 przyrodnicz\u0105, geograficzn\u0105 i plastyczne umiej\u0119tno\u015bci uczestnik\u00f3w.<\/span><\/p>\r\n<p style=\"text-align: justify;\"><span style=\"color: #000000; font-size: 14pt;\">Nie zabrak\u0142o r\u00f3wnie\u017c aktywno\u015bci integracyjnych i rekreacyjnych. Dzieci bra\u0142y udzia\u0142 w licznych zabawach integracyjnych, kt\u00f3re sprzyja\u0142y budowaniu relacji oraz rozwijaniu wsp\u00f3\u0142pracy w grupie. Jednym z najbardziej emocjonuj\u0105cych punkt\u00f3w programu by\u0142o poszukiwanie z\u0142ota \u2013 spotkanie z przewodnikiem, kt\u00f3ry przybli\u017cy\u0142 uczniom histori\u0119 regionu i poprowadzi\u0142 warsztaty terenowe.<\/span><\/p>\r\n<p style=\"text-align: justify;\"><span style=\"color: #000000; font-size: 14pt;\">Zwiedzili\u015bmy r\u00f3wnie\u017c G\u0142ucho\u0142azy, poznaj\u0105c jego najciekawsze zak\u0105tki. Kolejnym wa\u017cnym punktem programu by\u0142a wycieczka do Mosznej i Nysy. W Mosznej uczniowie mieli okazj\u0119 zwiedzi\u0107 s\u0142ynny zamek oraz wzi\u0105\u0107 udzia\u0142 w wyj\u0105tkowej lekcji magii. W Nysie dzieci zobaczy\u0142y &nbsp;skarbiec, a tak\u017ce podziwia\u0142y panoram\u0119 miasta z jednego z punkt\u00f3w widokowych.<\/span><\/p>\r\n<p style=\"text-align: justify;\"><span style=\"color: #000000; font-size: 14pt;\">Zielona szko\u0142a by\u0142a dla uczni\u00f3w nie tylko okazj\u0105 do zdobycia wiedzy w niecodzienny spos\u00f3b, ale tak\u017ce szans\u0105 na lepsze poznanie siebie nawzajem, integracj\u0119 i wsp\u00f3lne prze\u017cywanie wielu przyg\u00f3d. Wszyscy wr\u00f3cili do dom\u00f3w bogatsi o nowe do\u015bwiadczenia, wiedz\u0119 i pi\u0119kne wspomnienia.<\/span><\/p>\r\n<p style=\"text-align: right;\"><span style=\"font-size: 14pt;\">Ma\u0142gorzata Bia\u0142as<\/span><\/p>\r\n\r\n<\/div>\t\t\t\t\t\t\t\t<\/div>\n\t\t\t\t<div class=\"elementor-element elementor-element-e34993c elementor-widget elementor-widget-image-gallery\" data-id=\"e34993c\" data-element_type=\"widget\" data-widget_type=\"image-gallery.default\">\n\t\t\t\t\t\t\t<div class=\"elementor-image-gallery\">\n\t\t\t<div id='gallery-1' class='gallery galleryid-15998 gallery-columns-5 gallery-size-thumbnail'><dl class='gallery-item'>\n\t\t\t<dt class='gallery-icon landscape'>\n\t\t\t\t<a data-elementor-open-lightbox=\"yes\" data-elementor-lightbox-slideshow=\"e34993c\" data-e-action-hash=\"#elementor-action%3Aaction%3Dlightbox%26settings%3DeyJpZCI6MTYwMDIsInVybCI6Imh0dHBzOlwvXC93d3cuc3BrYXRhcnp5bmEucGxcL3dwLWNvbnRlbnRcL3VwbG9hZHNcLzIwMjVcLzA2XC9QSE9UTy0yMDI1LTA2LTA5LTE5LTE3LTUyLmpwZyIsInNsaWRlc2hvdyI6ImUzNDk5M2MifQ%3D%3D\" href='https:\/\/www.spkatarzyna.pl\/wp-content\/uploads\/2025\/06\/PHOTO-2025-06-09-19-17-52.jpg'><img decoding=\"async\" width=\"150\" height=\"150\" src=\"https:\/\/www.spkatarzyna.pl\/wp-content\/uploads\/2025\/06\/PHOTO-2025-06-09-19-17-52-150x150.jpg\" class=\"attachment-thumbnail size-thumbnail\" alt=\"\" srcset=\"https:\/\/www.spkatarzyna.pl\/wp-content\/uploads\/2025\/06\/PHOTO-2025-06-09-19-17-52-150x150.jpg 150w, https:\/\/www.spkatarzyna.pl\/wp-content\/uploads\/2025\/06\/PHOTO-2025-06-09-19-17-52-90x90.jpg 90w, https:\/\/www.spkatarzyna.pl\/wp-content\/uploads\/2025\/06\/PHOTO-2025-06-09-19-17-52-670x670.jpg 670w\" sizes=\"(max-width: 150px) 100vw, 150px\" \/><\/a>\n\t\t\t<\/dt><\/dl><dl class='gallery-item'>\n\t\t\t<dt class='gallery-icon landscape'>\n\t\t\t\t<a data-elementor-open-lightbox=\"yes\" data-elementor-lightbox-slideshow=\"e34993c\" data-e-action-hash=\"#elementor-action%3Aaction%3Dlightbox%26settings%3DeyJpZCI6MTYwMDMsInVybCI6Imh0dHBzOlwvXC93d3cuc3BrYXRhcnp5bmEucGxcL3dwLWNvbnRlbnRcL3VwbG9hZHNcLzIwMjVcLzA2XC9QSE9UTy0yMDI1LTA2LTA5LTE5LTE3LTUyLTUuanBnIiwic2xpZGVzaG93IjoiZTM0OTkzYyJ9\" href='https:\/\/www.spkatarzyna.pl\/wp-content\/uploads\/2025\/06\/PHOTO-2025-06-09-19-17-52-5.jpg'><img decoding=\"async\" width=\"150\" height=\"150\" src=\"https:\/\/www.spkatarzyna.pl\/wp-content\/uploads\/2025\/06\/PHOTO-2025-06-09-19-17-52-5-150x150.jpg\" class=\"attachment-thumbnail size-thumbnail\" alt=\"\" srcset=\"https:\/\/www.spkatarzyna.pl\/wp-content\/uploads\/2025\/06\/PHOTO-2025-06-09-19-17-52-5-150x150.jpg 150w, https:\/\/www.spkatarzyna.pl\/wp-content\/uploads\/2025\/06\/PHOTO-2025-06-09-19-17-52-5-90x90.jpg 90w, https:\/\/www.spkatarzyna.pl\/wp-content\/uploads\/2025\/06\/PHOTO-2025-06-09-19-17-52-5-670x670.jpg 670w\" sizes=\"(max-width: 150px) 100vw, 150px\" \/><\/a>\n\t\t\t<\/dt><\/dl><dl class='gallery-item'>\n\t\t\t<dt class='gallery-icon landscape'>\n\t\t\t\t<a data-elementor-open-lightbox=\"yes\" data-elementor-lightbox-slideshow=\"e34993c\" data-e-action-hash=\"#elementor-action%3Aaction%3Dlightbox%26settings%3DeyJpZCI6MTYwMDQsInVybCI6Imh0dHBzOlwvXC93d3cuc3BrYXRhcnp5bmEucGxcL3dwLWNvbnRlbnRcL3VwbG9hZHNcLzIwMjVcLzA2XC9QSE9UTy0yMDI1LTA2LTA5LTE5LTE3LTUyLTQuanBnIiwic2xpZGVzaG93IjoiZTM0OTkzYyJ9\" href='https:\/\/www.spkatarzyna.pl\/wp-content\/uploads\/2025\/06\/PHOTO-2025-06-09-19-17-52-4.jpg'><img decoding=\"async\" width=\"150\" height=\"150\" src=\"https:\/\/www.spkatarzyna.pl\/wp-content\/uploads\/2025\/06\/PHOTO-2025-06-09-19-17-52-4-150x150.jpg\" class=\"attachment-thumbnail size-thumbnail\" alt=\"\" srcset=\"https:\/\/www.spkatarzyna.pl\/wp-content\/uploads\/2025\/06\/PHOTO-2025-06-09-19-17-52-4-150x150.jpg 150w, https:\/\/www.spkatarzyna.pl\/wp-content\/uploads\/2025\/06\/PHOTO-2025-06-09-19-17-52-4-90x90.jpg 90w, https:\/\/www.spkatarzyna.pl\/wp-content\/uploads\/2025\/06\/PHOTO-2025-06-09-19-17-52-4-670x670.jpg 670w\" sizes=\"(max-width: 150px) 100vw, 150px\" \/><\/a>\n\t\t\t<\/dt><\/dl><dl class='gallery-item'>\n\t\t\t<dt class='gallery-icon landscape'>\n\t\t\t\t<a data-elementor-open-lightbox=\"yes\" data-elementor-lightbox-slideshow=\"e34993c\" data-e-action-hash=\"#elementor-action%3Aaction%3Dlightbox%26settings%3DeyJpZCI6MTYwMDUsInVybCI6Imh0dHBzOlwvXC93d3cuc3BrYXRhcnp5bmEucGxcL3dwLWNvbnRlbnRcL3VwbG9hZHNcLzIwMjVcLzA2XC9QSE9UTy0yMDI1LTA2LTA5LTE5LTE3LTUyLTMuanBnIiwic2xpZGVzaG93IjoiZTM0OTkzYyJ9\" href='https:\/\/www.spkatarzyna.pl\/wp-content\/uploads\/2025\/06\/PHOTO-2025-06-09-19-17-52-3.jpg'><img loading=\"lazy\" decoding=\"async\" width=\"150\" height=\"150\" src=\"https:\/\/www.spkatarzyna.pl\/wp-content\/uploads\/2025\/06\/PHOTO-2025-06-09-19-17-52-3-150x150.jpg\" class=\"attachment-thumbnail size-thumbnail\" alt=\"\" srcset=\"https:\/\/www.spkatarzyna.pl\/wp-content\/uploads\/2025\/06\/PHOTO-2025-06-09-19-17-52-3-150x150.jpg 150w, https:\/\/www.spkatarzyna.pl\/wp-content\/uploads\/2025\/06\/PHOTO-2025-06-09-19-17-52-3-90x90.jpg 90w, https:\/\/www.spkatarzyna.pl\/wp-content\/uploads\/2025\/06\/PHOTO-2025-06-09-19-17-52-3-670x670.jpg 670w\" sizes=\"(max-width: 150px) 100vw, 150px\" \/><\/a>\n\t\t\t<\/dt><\/dl><dl class='gallery-item'>\n\t\t\t<dt class='gallery-icon portrait'>\n\t\t\t\t<a data-elementor-open-lightbox=\"yes\" data-elementor-lightbox-slideshow=\"e34993c\" data-e-action-hash=\"#elementor-action%3Aaction%3Dlightbox%26settings%3DeyJpZCI6MTYwMDYsInVybCI6Imh0dHBzOlwvXC93d3cuc3BrYXRhcnp5bmEucGxcL3dwLWNvbnRlbnRcL3VwbG9hZHNcLzIwMjVcLzA2XC9QSE9UTy0yMDI1LTA2LTA5LTE5LTE3LTQ1LTIuanBnIiwic2xpZGVzaG93IjoiZTM0OTkzYyJ9\" href='https:\/\/www.spkatarzyna.pl\/wp-content\/uploads\/2025\/06\/PHOTO-2025-06-09-19-17-45-2.jpg'><img loading=\"lazy\" decoding=\"async\" width=\"150\" height=\"150\" src=\"https:\/\/www.spkatarzyna.pl\/wp-content\/uploads\/2025\/06\/PHOTO-2025-06-09-19-17-45-2-150x150.jpg\" class=\"attachment-thumbnail size-thumbnail\" alt=\"\" srcset=\"https:\/\/www.spkatarzyna.pl\/wp-content\/uploads\/2025\/06\/PHOTO-2025-06-09-19-17-45-2-150x150.jpg 150w, https:\/\/www.spkatarzyna.pl\/wp-content\/uploads\/2025\/06\/PHOTO-2025-06-09-19-17-45-2-90x90.jpg 90w, https:\/\/www.spkatarzyna.pl\/wp-content\/uploads\/2025\/06\/PHOTO-2025-06-09-19-17-45-2-670x670.jpg 670w\" sizes=\"(max-width: 150px) 100vw, 150px\" \/><\/a>\n\t\t\t<\/dt><\/dl><br style=\"clear: both\" \/><dl class='gallery-item'>\n\t\t\t<dt class='gallery-icon landscape'>\n\t\t\t\t<a data-elementor-open-lightbox=\"yes\" data-elementor-lightbox-slideshow=\"e34993c\" data-e-action-hash=\"#elementor-action%3Aaction%3Dlightbox%26settings%3DeyJpZCI6MTYwMDgsInVybCI6Imh0dHBzOlwvXC93d3cuc3BrYXRhcnp5bmEucGxcL3dwLWNvbnRlbnRcL3VwbG9hZHNcLzIwMjVcLzA2XC9QSE9UTy0yMDI1LTA2LTA5LTE5LTE3LTUwLmpwZyIsInNsaWRlc2hvdyI6ImUzNDk5M2MifQ%3D%3D\" href='https:\/\/www.spkatarzyna.pl\/wp-content\/uploads\/2025\/06\/PHOTO-2025-06-09-19-17-50.jpg'><img loading=\"lazy\" decoding=\"async\" width=\"150\" height=\"150\" src=\"https:\/\/www.spkatarzyna.pl\/wp-content\/uploads\/2025\/06\/PHOTO-2025-06-09-19-17-50-150x150.jpg\" class=\"attachment-thumbnail size-thumbnail\" alt=\"\" srcset=\"https:\/\/www.spkatarzyna.pl\/wp-content\/uploads\/2025\/06\/PHOTO-2025-06-09-19-17-50-150x150.jpg 150w, https:\/\/www.spkatarzyna.pl\/wp-content\/uploads\/2025\/06\/PHOTO-2025-06-09-19-17-50-90x90.jpg 90w, https:\/\/www.spkatarzyna.pl\/wp-content\/uploads\/2025\/06\/PHOTO-2025-06-09-19-17-50-670x670.jpg 670w\" sizes=\"(max-width: 150px) 100vw, 150px\" \/><\/a>\n\t\t\t<\/dt><\/dl><dl class='gallery-item'>\n\t\t\t<dt class='gallery-icon landscape'>\n\t\t\t\t<a data-elementor-open-lightbox=\"yes\" data-elementor-lightbox-slideshow=\"e34993c\" data-e-action-hash=\"#elementor-action%3Aaction%3Dlightbox%26settings%3DeyJpZCI6MTYwMDksInVybCI6Imh0dHBzOlwvXC93d3cuc3BrYXRhcnp5bmEucGxcL3dwLWNvbnRlbnRcL3VwbG9hZHNcLzIwMjVcLzA2XC9QSE9UTy0yMDI1LTA2LTA5LTE5LTE3LTUxLTIuanBnIiwic2xpZGVzaG93IjoiZTM0OTkzYyJ9\" href='https:\/\/www.spkatarzyna.pl\/wp-content\/uploads\/2025\/06\/PHOTO-2025-06-09-19-17-51-2.jpg'><img loading=\"lazy\" decoding=\"async\" width=\"150\" height=\"150\" src=\"https:\/\/www.spkatarzyna.pl\/wp-content\/uploads\/2025\/06\/PHOTO-2025-06-09-19-17-51-2-150x150.jpg\" class=\"attachment-thumbnail size-thumbnail\" alt=\"\" srcset=\"https:\/\/www.spkatarzyna.pl\/wp-content\/uploads\/2025\/06\/PHOTO-2025-06-09-19-17-51-2-150x150.jpg 150w, https:\/\/www.spkatarzyna.pl\/wp-content\/uploads\/2025\/06\/PHOTO-2025-06-09-19-17-51-2-90x90.jpg 90w, https:\/\/www.spkatarzyna.pl\/wp-content\/uploads\/2025\/06\/PHOTO-2025-06-09-19-17-51-2-670x670.jpg 670w\" sizes=\"(max-width: 150px) 100vw, 150px\" \/><\/a>\n\t\t\t<\/dt><\/dl><dl class='gallery-item'>\n\t\t\t<dt class='gallery-icon landscape'>\n\t\t\t\t<a data-elementor-open-lightbox=\"yes\" data-elementor-lightbox-slideshow=\"e34993c\" data-e-action-hash=\"#elementor-action%3Aaction%3Dlightbox%26settings%3DeyJpZCI6MTYwMTAsInVybCI6Imh0dHBzOlwvXC93d3cuc3BrYXRhcnp5bmEucGxcL3dwLWNvbnRlbnRcL3VwbG9hZHNcLzIwMjVcLzA2XC9QSE9UTy0yMDI1LTA2LTA5LTE5LTE3LTUxLTMuanBnIiwic2xpZGVzaG93IjoiZTM0OTkzYyJ9\" href='https:\/\/www.spkatarzyna.pl\/wp-content\/uploads\/2025\/06\/PHOTO-2025-06-09-19-17-51-3.jpg'><img loading=\"lazy\" decoding=\"async\" width=\"150\" height=\"150\" src=\"https:\/\/www.spkatarzyna.pl\/wp-content\/uploads\/2025\/06\/PHOTO-2025-06-09-19-17-51-3-150x150.jpg\" class=\"attachment-thumbnail size-thumbnail\" alt=\"\" srcset=\"https:\/\/www.spkatarzyna.pl\/wp-content\/uploads\/2025\/06\/PHOTO-2025-06-09-19-17-51-3-150x150.jpg 150w, https:\/\/www.spkatarzyna.pl\/wp-content\/uploads\/2025\/06\/PHOTO-2025-06-09-19-17-51-3-90x90.jpg 90w, https:\/\/www.spkatarzyna.pl\/wp-content\/uploads\/2025\/06\/PHOTO-2025-06-09-19-17-51-3-670x670.jpg 670w\" sizes=\"(max-width: 150px) 100vw, 150px\" \/><\/a>\n\t\t\t<\/dt><\/dl><dl class='gallery-item'>\n\t\t\t<dt class='gallery-icon landscape'>\n\t\t\t\t<a data-elementor-open-lightbox=\"yes\" data-elementor-lightbox-slideshow=\"e34993c\" data-e-action-hash=\"#elementor-action%3Aaction%3Dlightbox%26settings%3DeyJpZCI6MTYwMTEsInVybCI6Imh0dHBzOlwvXC93d3cuc3BrYXRhcnp5bmEucGxcL3dwLWNvbnRlbnRcL3VwbG9hZHNcLzIwMjVcLzA2XC9QSE9UTy0yMDI1LTA2LTA5LTE5LTE3LTUxLmpwZyIsInNsaWRlc2hvdyI6ImUzNDk5M2MifQ%3D%3D\" href='https:\/\/www.spkatarzyna.pl\/wp-content\/uploads\/2025\/06\/PHOTO-2025-06-09-19-17-51.jpg'><img loading=\"lazy\" decoding=\"async\" width=\"150\" height=\"150\" src=\"https:\/\/www.spkatarzyna.pl\/wp-content\/uploads\/2025\/06\/PHOTO-2025-06-09-19-17-51-150x150.jpg\" class=\"attachment-thumbnail size-thumbnail\" alt=\"\" srcset=\"https:\/\/www.spkatarzyna.pl\/wp-content\/uploads\/2025\/06\/PHOTO-2025-06-09-19-17-51-150x150.jpg 150w, https:\/\/www.spkatarzyna.pl\/wp-content\/uploads\/2025\/06\/PHOTO-2025-06-09-19-17-51-90x90.jpg 90w, https:\/\/www.spkatarzyna.pl\/wp-content\/uploads\/2025\/06\/PHOTO-2025-06-09-19-17-51-670x670.jpg 670w\" sizes=\"(max-width: 150px) 100vw, 150px\" \/><\/a>\n\t\t\t<\/dt><\/dl><dl class='gallery-item'>\n\t\t\t<dt class='gallery-icon landscape'>\n\t\t\t\t<a data-elementor-open-lightbox=\"yes\" data-elementor-lightbox-slideshow=\"e34993c\" data-e-action-hash=\"#elementor-action%3Aaction%3Dlightbox%26settings%3DeyJpZCI6MTYwMTIsInVybCI6Imh0dHBzOlwvXC93d3cuc3BrYXRhcnp5bmEucGxcL3dwLWNvbnRlbnRcL3VwbG9hZHNcLzIwMjVcLzA2XC9QSE9UTy0yMDI1LTA2LTA5LTE5LTE3LTUyLTItMS5qcGciLCJzbGlkZXNob3ciOiJlMzQ5OTNjIn0%3D\" href='https:\/\/www.spkatarzyna.pl\/wp-content\/uploads\/2025\/06\/PHOTO-2025-06-09-19-17-52-2-1.jpg'><img loading=\"lazy\" decoding=\"async\" width=\"150\" height=\"150\" src=\"https:\/\/www.spkatarzyna.pl\/wp-content\/uploads\/2025\/06\/PHOTO-2025-06-09-19-17-52-2-1-150x150.jpg\" class=\"attachment-thumbnail size-thumbnail\" alt=\"\" srcset=\"https:\/\/www.spkatarzyna.pl\/wp-content\/uploads\/2025\/06\/PHOTO-2025-06-09-19-17-52-2-1-150x150.jpg 150w, https:\/\/www.spkatarzyna.pl\/wp-content\/uploads\/2025\/06\/PHOTO-2025-06-09-19-17-52-2-1-90x90.jpg 90w, https:\/\/www.spkatarzyna.pl\/wp-content\/uploads\/2025\/06\/PHOTO-2025-06-09-19-17-52-2-1-670x670.jpg 670w\" sizes=\"(max-width: 150px) 100vw, 150px\" \/><\/a>\n\t\t\t<\/dt><\/dl><br style=\"clear: both\" \/>\n\t\t<\/div>\n\t\t<\/div>\n\t\t\t\t\t\t<\/div>\n\t\t\t\t\t<\/div>\n\t\t\t\t<\/div>\n\t\t\t\t<\/div>\n\t\t","protected":false},"excerpt":{"rendered":"<p>W dniach 26\u201330 maja 2025 r. uczniowie klas 2a i 2d wzi\u0119li udzia\u0142 w zielonej szkole w G\u0142ucho\u0142azach. By\u0142 to czas pe\u0142en nauki, integracji, przyg\u00f3d i niezapomnianych wra\u017ce\u0144. Podczas pobytu uczniowie realizowali szereg zaj\u0119\u0107 edukacyjnych, kt\u00f3rych tematem przewodnim by\u0142a Polska. Uczniowie poznawali ciekawostki o naszym kraju, tworzyli albumy tematyczne oraz [&hellip;]<\/p>\n","protected":false},"author":6,"featured_media":15999,"comment_status":"open","ping_status":"open","sticky":false,"template":"","format":"standard","meta":{"om_disable_all_campaigns":false,"_monsterinsights_skip_tracking":false,"_monsterinsights_sitenote_active":false,"_monsterinsights_sitenote_note":"","_monsterinsights_sitenote_category":0,"ngg_post_thumbnail":0,"footnotes":""},"categories":[1],"tags":[],"class_list":["post-15998","post","type-post","status-publish","format-standard","has-post-thumbnail","hentry","category-uncategorized"],"aioseo_notices":[],"_links":{"self":[{"href":"https:\/\/www.spkatarzyna.pl\/index.php\/wp-json\/wp\/v2\/posts\/15998","targetHints":{"allow":["GET"]}}],"collection":[{"href":"https:\/\/www.spkatarzyna.pl\/index.php\/wp-json\/wp\/v2\/posts"}],"about":[{"href":"https:\/\/www.spkatarzyna.pl\/index.php\/wp-json\/wp\/v2\/types\/post"}],"author":[{"embeddable":true,"href":"https:\/\/www.spkatarzyna.pl\/index.php\/wp-json\/wp\/v2\/users\/6"}],"replies":[{"embeddable":true,"href":"https:\/\/www.spkatarzyna.pl\/index.php\/wp-json\/wp\/v2\/comments?post=15998"}],"version-history":[{"count":4,"href":"https:\/\/www.spkatarzyna.pl\/index.php\/wp-json\/wp\/v2\/posts\/15998\/revisions"}],"predecessor-version":[{"id":16015,"href":"https:\/\/www.spkatarzyna.pl\/index.php\/wp-json\/wp\/v2\/posts\/15998\/revisions\/16015"}],"wp:featuredmedia":[{"embeddable":true,"href":"https:\/\/www.spkatarzyna.pl\/index.php\/wp-json\/wp\/v2\/media\/15999"}],"wp:attachment":[{"href":"https:\/\/www.spkatarzyna.pl\/index.php\/wp-json\/wp\/v2\/media?parent=15998"}],"wp:term":[{"taxonomy":"category","embeddable":true,"href":"https:\/\/www.spkatarzyna.pl\/index.php\/wp-json\/wp\/v2\/categories?post=15998"},{"taxonomy":"post_tag","embeddable":true,"href":"https:\/\/www.spkatarzyna.pl\/index.php\/wp-json\/wp\/v2\/tags?post=15998"}],"curies":[{"name":"wp","href":"https:\/\/api.w.org\/{rel}","templated":true}]}}