{"id":16016,"date":"2025-06-09T20:18:32","date_gmt":"2025-06-09T20:18:32","guid":{"rendered":"https:\/\/www.spkatarzyna.pl\/?p=16016"},"modified":"2025-06-09T20:53:41","modified_gmt":"2025-06-09T20:53:41","slug":"zajecia-z-pierwszej-pomocy-w-kl-ii-a","status":"publish","type":"post","link":"https:\/\/www.spkatarzyna.pl\/index.php\/2025\/06\/09\/zajecia-z-pierwszej-pomocy-w-kl-ii-a\/","title":{"rendered":"Zaj\u0119cia z pierwszej pomocy w kl. II a"},"content":{"rendered":"\t\t<div data-elementor-type=\"wp-post\" data-elementor-id=\"16016\" class=\"elementor elementor-16016\">\n\t\t\t\t<div class=\"elementor-element elementor-element-2ab4be55 e-flex e-con-boxed e-con e-parent\" data-id=\"2ab4be55\" data-element_type=\"container\">\n\t\t\t\t\t<div class=\"e-con-inner\">\n\t\t\t\t<div class=\"elementor-element elementor-element-5c635500 elementor-widget elementor-widget-text-editor\" data-id=\"5c635500\" data-element_type=\"widget\" data-widget_type=\"text-editor.default\">\n\t\t\t\t\t\t\t\t\t<p style=\"text-align: justify;\"><span style=\"color: #000000; font-size: 14pt;\">W dniu 9 czerwca 2025 roku uczennice z klasy&nbsp;VIII b&nbsp;przeprowadzi\u0142y w klasie&nbsp;II a&nbsp;wyj\u0105tkowe zaj\u0119cia dotycz\u0105ce&nbsp;udzielania pierwszej pomocy. Na pocz\u0105tku spotkania zaprezentowa\u0142y przygotowan\u0105 przez siebie&nbsp;prezentacj\u0119 multimedialn\u0105, w kt\u00f3rej wyja\u015bni\u0142y, jak wa\u017cne jest szybkie i w\u0142a\u015bciwe reagowanie w sytuacjach zagro\u017cenia \u017cycia.<\/span><\/p>\r\n<p style=\"text-align: justify;\"><span style=\"color: #000000; font-size: 14pt;\">Nast\u0119pnie uczniowie klasy II a wzi\u0119li udzia\u0142 w&nbsp;zaj\u0119ciach praktycznych. \u0106wiczyli m.in.&nbsp;uk\u0142adanie osoby poszkodowanej w pozycji bezpiecznej&nbsp;oraz wykonywali&nbsp;resuscytacj\u0119 kr\u0105\u017ceniowo-oddechow\u0105&nbsp;na fantomie.<\/span><\/p>\r\n<p style=\"text-align: justify;\"><span style=\"color: #000000; font-size: 14pt;\">By\u0142y to&nbsp;ciekawe i pe\u0142ne wra\u017ce\u0144 zaj\u0119cia, kt\u00f3re bardzo zaanga\u017cowa\u0142y m\u0142odszych uczestnik\u00f3w. Uczniowie poczuli si\u0119 jak&nbsp;mali ratownicy, gotowi nie\u015b\u0107 pomoc innym w razie potrzeby.<\/span><\/p>\r\n<p style=\"text-align: justify;\"><span style=\"color: #000000; font-size: 14pt;\">Serdecznie dzi\u0119kujemy uczennicom klasy VIII b za zaanga\u017cowanie i podzielenie si\u0119 wiedz\u0105!<\/span><\/p>\t\t\t\t\t\t\t\t<\/div>\n\t\t\t\t<div class=\"elementor-element elementor-element-1b5bbf9 elementor-widget elementor-widget-image-gallery\" data-id=\"1b5bbf9\" data-element_type=\"widget\" data-widget_type=\"image-gallery.default\">\n\t\t\t\t\t\t\t<div class=\"elementor-image-gallery\">\n\t\t\t<div id='gallery-1' class='gallery galleryid-16016 gallery-columns-3 gallery-size-thumbnail'><dl class='gallery-item'>\n\t\t\t<dt class='gallery-icon portrait'>\n\t\t\t\t<a data-elementor-open-lightbox=\"yes\" data-elementor-lightbox-slideshow=\"1b5bbf9\" data-e-action-hash=\"#elementor-action%3Aaction%3Dlightbox%26settings%3DeyJpZCI6MTYwMjAsInVybCI6Imh0dHBzOlwvXC93d3cuc3BrYXRhcnp5bmEucGxcL3dwLWNvbnRlbnRcL3VwbG9hZHNcLzIwMjVcLzA2XC9QSE9UTy0yMDI1LTA2LTA5LTIwLTEwLTExLTUuanBnIiwic2xpZGVzaG93IjoiMWI1YmJmOSJ9\" href='https:\/\/www.spkatarzyna.pl\/wp-content\/uploads\/2025\/06\/PHOTO-2025-06-09-20-10-11-5.jpg'><img decoding=\"async\" width=\"150\" height=\"150\" src=\"https:\/\/www.spkatarzyna.pl\/wp-content\/uploads\/2025\/06\/PHOTO-2025-06-09-20-10-11-5-150x150.jpg\" class=\"attachment-thumbnail size-thumbnail\" alt=\"\" srcset=\"https:\/\/www.spkatarzyna.pl\/wp-content\/uploads\/2025\/06\/PHOTO-2025-06-09-20-10-11-5-150x150.jpg 150w, https:\/\/www.spkatarzyna.pl\/wp-content\/uploads\/2025\/06\/PHOTO-2025-06-09-20-10-11-5-90x90.jpg 90w, https:\/\/www.spkatarzyna.pl\/wp-content\/uploads\/2025\/06\/PHOTO-2025-06-09-20-10-11-5-670x670.jpg 670w\" sizes=\"(max-width: 150px) 100vw, 150px\" \/><\/a>\n\t\t\t<\/dt><\/dl><dl class='gallery-item'>\n\t\t\t<dt class='gallery-icon portrait'>\n\t\t\t\t<a data-elementor-open-lightbox=\"yes\" data-elementor-lightbox-slideshow=\"1b5bbf9\" data-e-action-hash=\"#elementor-action%3Aaction%3Dlightbox%26settings%3DeyJpZCI6MTYwMjEsInVybCI6Imh0dHBzOlwvXC93d3cuc3BrYXRhcnp5bmEucGxcL3dwLWNvbnRlbnRcL3VwbG9hZHNcLzIwMjVcLzA2XC9QSE9UTy0yMDI1LTA2LTA5LTIwLTEwLTExLTYuanBnIiwic2xpZGVzaG93IjoiMWI1YmJmOSJ9\" data-elementor-lightbox-title=\"-11 6\" href='https:\/\/www.spkatarzyna.pl\/wp-content\/uploads\/2025\/06\/PHOTO-2025-06-09-20-10-11-6.jpg'><img decoding=\"async\" width=\"150\" height=\"150\" src=\"https:\/\/www.spkatarzyna.pl\/wp-content\/uploads\/2025\/06\/PHOTO-2025-06-09-20-10-11-6-150x150.jpg\" class=\"attachment-thumbnail size-thumbnail\" alt=\"\" srcset=\"https:\/\/www.spkatarzyna.pl\/wp-content\/uploads\/2025\/06\/PHOTO-2025-06-09-20-10-11-6-150x150.jpg 150w, https:\/\/www.spkatarzyna.pl\/wp-content\/uploads\/2025\/06\/PHOTO-2025-06-09-20-10-11-6-90x90.jpg 90w, https:\/\/www.spkatarzyna.pl\/wp-content\/uploads\/2025\/06\/PHOTO-2025-06-09-20-10-11-6-670x670.jpg 670w\" sizes=\"(max-width: 150px) 100vw, 150px\" \/><\/a>\n\t\t\t<\/dt><\/dl><dl class='gallery-item'>\n\t\t\t<dt class='gallery-icon portrait'>\n\t\t\t\t<a data-elementor-open-lightbox=\"yes\" data-elementor-lightbox-slideshow=\"1b5bbf9\" data-e-action-hash=\"#elementor-action%3Aaction%3Dlightbox%26settings%3DeyJpZCI6MTYwMjIsInVybCI6Imh0dHBzOlwvXC93d3cuc3BrYXRhcnp5bmEucGxcL3dwLWNvbnRlbnRcL3VwbG9hZHNcLzIwMjVcLzA2XC9QSE9UTy0yMDI1LTA2LTA5LTIwLTEwLTExLTcuanBnIiwic2xpZGVzaG93IjoiMWI1YmJmOSJ9\" data-elementor-lightbox-title=\"-11 6\" href='https:\/\/www.spkatarzyna.pl\/wp-content\/uploads\/2025\/06\/PHOTO-2025-06-09-20-10-11-7.jpg'><img decoding=\"async\" width=\"150\" height=\"150\" src=\"https:\/\/www.spkatarzyna.pl\/wp-content\/uploads\/2025\/06\/PHOTO-2025-06-09-20-10-11-7-150x150.jpg\" class=\"attachment-thumbnail size-thumbnail\" alt=\"\" srcset=\"https:\/\/www.spkatarzyna.pl\/wp-content\/uploads\/2025\/06\/PHOTO-2025-06-09-20-10-11-7-150x150.jpg 150w, https:\/\/www.spkatarzyna.pl\/wp-content\/uploads\/2025\/06\/PHOTO-2025-06-09-20-10-11-7-90x90.jpg 90w, https:\/\/www.spkatarzyna.pl\/wp-content\/uploads\/2025\/06\/PHOTO-2025-06-09-20-10-11-7-670x670.jpg 670w\" sizes=\"(max-width: 150px) 100vw, 150px\" \/><\/a>\n\t\t\t<\/dt><\/dl><br style=\"clear: both\" \/><dl class='gallery-item'>\n\t\t\t<dt class='gallery-icon portrait'>\n\t\t\t\t<a data-elementor-open-lightbox=\"yes\" data-elementor-lightbox-slideshow=\"1b5bbf9\" data-e-action-hash=\"#elementor-action%3Aaction%3Dlightbox%26settings%3DeyJpZCI6MTYwMjMsInVybCI6Imh0dHBzOlwvXC93d3cuc3BrYXRhcnp5bmEucGxcL3dwLWNvbnRlbnRcL3VwbG9hZHNcLzIwMjVcLzA2XC9QSE9UTy0yMDI1LTA2LTA5LTIwLTEwLTEzLTIuanBnIiwic2xpZGVzaG93IjoiMWI1YmJmOSJ9\" data-elementor-lightbox-title=\"-11 6\" href='https:\/\/www.spkatarzyna.pl\/wp-content\/uploads\/2025\/06\/PHOTO-2025-06-09-20-10-13-2.jpg'><img loading=\"lazy\" decoding=\"async\" width=\"150\" height=\"150\" src=\"https:\/\/www.spkatarzyna.pl\/wp-content\/uploads\/2025\/06\/PHOTO-2025-06-09-20-10-13-2-150x150.jpg\" class=\"attachment-thumbnail size-thumbnail\" alt=\"\" srcset=\"https:\/\/www.spkatarzyna.pl\/wp-content\/uploads\/2025\/06\/PHOTO-2025-06-09-20-10-13-2-150x150.jpg 150w, https:\/\/www.spkatarzyna.pl\/wp-content\/uploads\/2025\/06\/PHOTO-2025-06-09-20-10-13-2-90x90.jpg 90w, https:\/\/www.spkatarzyna.pl\/wp-content\/uploads\/2025\/06\/PHOTO-2025-06-09-20-10-13-2-670x670.jpg 670w\" sizes=\"(max-width: 150px) 100vw, 150px\" \/><\/a>\n\t\t\t<\/dt><\/dl><dl class='gallery-item'>\n\t\t\t<dt class='gallery-icon portrait'>\n\t\t\t\t<a data-elementor-open-lightbox=\"yes\" data-elementor-lightbox-slideshow=\"1b5bbf9\" data-e-action-hash=\"#elementor-action%3Aaction%3Dlightbox%26settings%3DeyJpZCI6MTYwMjQsInVybCI6Imh0dHBzOlwvXC93d3cuc3BrYXRhcnp5bmEucGxcL3dwLWNvbnRlbnRcL3VwbG9hZHNcLzIwMjVcLzA2XC9QSE9UTy0yMDI1LTA2LTA5LTIwLTEwLTEzLTMuanBnIiwic2xpZGVzaG93IjoiMWI1YmJmOSJ9\" data-elementor-lightbox-title=\"-11 6\" href='https:\/\/www.spkatarzyna.pl\/wp-content\/uploads\/2025\/06\/PHOTO-2025-06-09-20-10-13-3.jpg'><img loading=\"lazy\" decoding=\"async\" width=\"150\" height=\"150\" src=\"https:\/\/www.spkatarzyna.pl\/wp-content\/uploads\/2025\/06\/PHOTO-2025-06-09-20-10-13-3-150x150.jpg\" class=\"attachment-thumbnail size-thumbnail\" alt=\"\" srcset=\"https:\/\/www.spkatarzyna.pl\/wp-content\/uploads\/2025\/06\/PHOTO-2025-06-09-20-10-13-3-150x150.jpg 150w, https:\/\/www.spkatarzyna.pl\/wp-content\/uploads\/2025\/06\/PHOTO-2025-06-09-20-10-13-3-90x90.jpg 90w, https:\/\/www.spkatarzyna.pl\/wp-content\/uploads\/2025\/06\/PHOTO-2025-06-09-20-10-13-3-670x670.jpg 670w\" sizes=\"(max-width: 150px) 100vw, 150px\" \/><\/a>\n\t\t\t<\/dt><\/dl><dl class='gallery-item'>\n\t\t\t<dt class='gallery-icon portrait'>\n\t\t\t\t<a data-elementor-open-lightbox=\"yes\" data-elementor-lightbox-slideshow=\"1b5bbf9\" data-e-action-hash=\"#elementor-action%3Aaction%3Dlightbox%26settings%3DeyJpZCI6MTYwMjUsInVybCI6Imh0dHBzOlwvXC93d3cuc3BrYXRhcnp5bmEucGxcL3dwLWNvbnRlbnRcL3VwbG9hZHNcLzIwMjVcLzA2XC9QSE9UTy0yMDI1LTA2LTA5LTIwLTEwLTEzLmpwZyIsInNsaWRlc2hvdyI6IjFiNWJiZjkifQ%3D%3D\" data-elementor-lightbox-title=\"-11 6\" href='https:\/\/www.spkatarzyna.pl\/wp-content\/uploads\/2025\/06\/PHOTO-2025-06-09-20-10-13.jpg'><img loading=\"lazy\" decoding=\"async\" width=\"150\" height=\"150\" src=\"https:\/\/www.spkatarzyna.pl\/wp-content\/uploads\/2025\/06\/PHOTO-2025-06-09-20-10-13-150x150.jpg\" class=\"attachment-thumbnail size-thumbnail\" alt=\"\" srcset=\"https:\/\/www.spkatarzyna.pl\/wp-content\/uploads\/2025\/06\/PHOTO-2025-06-09-20-10-13-150x150.jpg 150w, https:\/\/www.spkatarzyna.pl\/wp-content\/uploads\/2025\/06\/PHOTO-2025-06-09-20-10-13-90x90.jpg 90w, https:\/\/www.spkatarzyna.pl\/wp-content\/uploads\/2025\/06\/PHOTO-2025-06-09-20-10-13-670x670.jpg 670w\" sizes=\"(max-width: 150px) 100vw, 150px\" \/><\/a>\n\t\t\t<\/dt><\/dl><br style=\"clear: both\" \/>\n\t\t<\/div>\n\t\t<\/div>\n\t\t\t\t\t\t<\/div>\n\t\t\t\t\t<\/div>\n\t\t\t\t<\/div>\n\t\t\t\t<\/div>\n\t\t","protected":false},"excerpt":{"rendered":"<p>W dniu 9 czerwca 2025 roku uczennice z klasy&nbsp;VIII b&nbsp;przeprowadzi\u0142y w klasie&nbsp;II a&nbsp;wyj\u0105tkowe zaj\u0119cia dotycz\u0105ce&nbsp;udzielania pierwszej pomocy. Na pocz\u0105tku spotkania zaprezentowa\u0142y przygotowan\u0105 przez siebie&nbsp;prezentacj\u0119 multimedialn\u0105, w kt\u00f3rej wyja\u015bni\u0142y, jak wa\u017cne jest szybkie i w\u0142a\u015bciwe reagowanie w sytuacjach zagro\u017cenia \u017cycia. Nast\u0119pnie uczniowie klasy II a wzi\u0119li udzia\u0142 w&nbsp;zaj\u0119ciach praktycznych. \u0106wiczyli m.in.&nbsp;uk\u0142adanie [&hellip;]<\/p>\n","protected":false},"author":6,"featured_media":16017,"comment_status":"open","ping_status":"open","sticky":false,"template":"","format":"standard","meta":{"om_disable_all_campaigns":false,"_monsterinsights_skip_tracking":false,"_monsterinsights_sitenote_active":false,"_monsterinsights_sitenote_note":"","_monsterinsights_sitenote_category":0,"ngg_post_thumbnail":0,"footnotes":""},"categories":[1],"tags":[],"class_list":["post-16016","post","type-post","status-publish","format-standard","has-post-thumbnail","hentry","category-uncategorized"],"aioseo_notices":[],"_links":{"self":[{"href":"https:\/\/www.spkatarzyna.pl\/index.php\/wp-json\/wp\/v2\/posts\/16016","targetHints":{"allow":["GET"]}}],"collection":[{"href":"https:\/\/www.spkatarzyna.pl\/index.php\/wp-json\/wp\/v2\/posts"}],"about":[{"href":"https:\/\/www.spkatarzyna.pl\/index.php\/wp-json\/wp\/v2\/types\/post"}],"author":[{"embeddable":true,"href":"https:\/\/www.spkatarzyna.pl\/index.php\/wp-json\/wp\/v2\/users\/6"}],"replies":[{"embeddable":true,"href":"https:\/\/www.spkatarzyna.pl\/index.php\/wp-json\/wp\/v2\/comments?post=16016"}],"version-history":[{"count":4,"href":"https:\/\/www.spkatarzyna.pl\/index.php\/wp-json\/wp\/v2\/posts\/16016\/revisions"}],"predecessor-version":[{"id":16028,"href":"https:\/\/www.spkatarzyna.pl\/index.php\/wp-json\/wp\/v2\/posts\/16016\/revisions\/16028"}],"wp:featuredmedia":[{"embeddable":true,"href":"https:\/\/www.spkatarzyna.pl\/index.php\/wp-json\/wp\/v2\/media\/16017"}],"wp:attachment":[{"href":"https:\/\/www.spkatarzyna.pl\/index.php\/wp-json\/wp\/v2\/media?parent=16016"}],"wp:term":[{"taxonomy":"category","embeddable":true,"href":"https:\/\/www.spkatarzyna.pl\/index.php\/wp-json\/wp\/v2\/categories?post=16016"},{"taxonomy":"post_tag","embeddable":true,"href":"https:\/\/www.spkatarzyna.pl\/index.php\/wp-json\/wp\/v2\/tags?post=16016"}],"curies":[{"name":"wp","href":"https:\/\/api.w.org\/{rel}","templated":true}]}}