{"id":16030,"date":"2025-06-11T09:57:36","date_gmt":"2025-06-11T09:57:36","guid":{"rendered":"https:\/\/www.spkatarzyna.pl\/?p=16030"},"modified":"2025-06-11T10:07:22","modified_gmt":"2025-06-11T10:07:22","slug":"laureatka-konkursu-dzieli-nas-pol-wieku","status":"publish","type":"post","link":"https:\/\/www.spkatarzyna.pl\/index.php\/2025\/06\/11\/laureatka-konkursu-dzieli-nas-pol-wieku\/","title":{"rendered":"Laureatka konkursu &#8222;Dzieli nas p\u00f3\u0142 wieku&#8221;"},"content":{"rendered":"\t\t<div data-elementor-type=\"wp-post\" data-elementor-id=\"16030\" class=\"elementor elementor-16030\">\n\t\t\t\t<div class=\"elementor-element elementor-element-47fed266 e-flex e-con-boxed e-con e-parent\" data-id=\"47fed266\" data-element_type=\"container\">\n\t\t\t\t\t<div class=\"e-con-inner\">\n\t\t\t\t<div class=\"elementor-element elementor-element-35ec49b elementor-widget elementor-widget-text-editor\" data-id=\"35ec49b\" data-element_type=\"widget\" data-widget_type=\"text-editor.default\">\n\t\t\t\t\t\t\t\t\t<p style=\"text-align: justify;\"><span style=\"font-size: 14pt;\"><strong>Z rado\u015bci\u0105 informujemy, \u017ce uczennica klasy Vc, Oliwia Matkowska, zdoby\u0142a III miejsce w XX edycji mi\u0119dzyszkolnego konkursu &#8222;Dzieli nas p\u00f3\u0142 wieku&#8221;, organizowanego przez XII Liceum Og\u00f3lnokszta\u0142c\u0105ce we Wroc\u0142awiu.<\/strong><\/span><\/p>\r\n\r\n<div>\r\n<p style=\"text-align: justify;\"><span style=\"font-size: 14pt;\">W konkursie, kt\u00f3rego celem jest promowanie mi\u0119dzypokoleniowego dialogu i refleksji nad zmieniaj\u0105cym si\u0119 \u015bwiatem, Oliwia zaprezentowa\u0142a sw\u00f3j talent literacki, tworz\u0105c poruszaj\u0105cy portret literacki. Jej praca zosta\u0142a doceniona przez jury za dojrza\u0142o\u015b\u0107, wra\u017cliwo\u015b\u0107 i oryginalne uj\u0119cie tematu.<\/span><\/p>\r\n<p style=\"text-align: justify;\"><span style=\"font-size: 14pt;\"><strong>Serdecznie gratulujemy Oliwii tego wspania\u0142ego osi\u0105gni\u0119cia i \u017cyczymy dalszych sukces\u00f3w na literackiej \u015bcie\u017cce!<\/strong><\/span><\/p>\r\n<p style=\"text-align: right;\"><span style=\"font-size: 14pt;\"><strong>Zesp\u00f3\u0142 polonist\u00f3w<\/strong><\/span><\/p>\r\n\r\n<\/div>\t\t\t\t\t\t\t\t<\/div>\n\t\t\t\t<div class=\"elementor-element elementor-element-45c3343 elementor-widget elementor-widget-image-gallery\" data-id=\"45c3343\" data-element_type=\"widget\" data-widget_type=\"image-gallery.default\">\n\t\t\t\t\t\t\t<div class=\"elementor-image-gallery\">\n\t\t\t<div id='gallery-1' class='gallery galleryid-16030 gallery-columns-3 gallery-size-thumbnail'><dl class='gallery-item'>\n\t\t\t<dt class='gallery-icon landscape'>\n\t\t\t\t<a data-elementor-open-lightbox=\"yes\" data-elementor-lightbox-slideshow=\"45c3343\" data-e-action-hash=\"#elementor-action%3Aaction%3Dlightbox%26settings%3DeyJpZCI6MTYwMzQsInVybCI6Imh0dHBzOlwvXC93d3cuc3BrYXRhcnp5bmEucGxcL3dwLWNvbnRlbnRcL3VwbG9hZHNcLzIwMjVcLzA2XC9JTUdfMDU3Mi1zY2FsZWQuanBnIiwic2xpZGVzaG93IjoiNDVjMzM0MyJ9\" href='https:\/\/www.spkatarzyna.pl\/wp-content\/uploads\/2025\/06\/IMG_0572-scaled.jpg'><img decoding=\"async\" width=\"150\" height=\"150\" src=\"https:\/\/www.spkatarzyna.pl\/wp-content\/uploads\/2025\/06\/IMG_0572-150x150.jpg\" class=\"attachment-thumbnail size-thumbnail\" alt=\"\" srcset=\"https:\/\/www.spkatarzyna.pl\/wp-content\/uploads\/2025\/06\/IMG_0572-150x150.jpg 150w, https:\/\/www.spkatarzyna.pl\/wp-content\/uploads\/2025\/06\/IMG_0572-90x90.jpg 90w, https:\/\/www.spkatarzyna.pl\/wp-content\/uploads\/2025\/06\/IMG_0572-670x670.jpg 670w\" sizes=\"(max-width: 150px) 100vw, 150px\" \/><\/a>\n\t\t\t<\/dt><\/dl><dl class='gallery-item'>\n\t\t\t<dt class='gallery-icon landscape'>\n\t\t\t\t<a data-elementor-open-lightbox=\"yes\" data-elementor-lightbox-slideshow=\"45c3343\" data-e-action-hash=\"#elementor-action%3Aaction%3Dlightbox%26settings%3DeyJpZCI6MTYwMzUsInVybCI6Imh0dHBzOlwvXC93d3cuc3BrYXRhcnp5bmEucGxcL3dwLWNvbnRlbnRcL3VwbG9hZHNcLzIwMjVcLzA2XC9JTUdfMDU3NS1zY2FsZWQuanBnIiwic2xpZGVzaG93IjoiNDVjMzM0MyJ9\" href='https:\/\/www.spkatarzyna.pl\/wp-content\/uploads\/2025\/06\/IMG_0575-scaled.jpg'><img decoding=\"async\" width=\"150\" height=\"150\" src=\"https:\/\/www.spkatarzyna.pl\/wp-content\/uploads\/2025\/06\/IMG_0575-150x150.jpg\" class=\"attachment-thumbnail size-thumbnail\" alt=\"\" srcset=\"https:\/\/www.spkatarzyna.pl\/wp-content\/uploads\/2025\/06\/IMG_0575-150x150.jpg 150w, https:\/\/www.spkatarzyna.pl\/wp-content\/uploads\/2025\/06\/IMG_0575-90x90.jpg 90w, https:\/\/www.spkatarzyna.pl\/wp-content\/uploads\/2025\/06\/IMG_0575-670x670.jpg 670w\" sizes=\"(max-width: 150px) 100vw, 150px\" \/><\/a>\n\t\t\t<\/dt><\/dl><dl class='gallery-item'>\n\t\t\t<dt class='gallery-icon landscape'>\n\t\t\t\t<a data-elementor-open-lightbox=\"yes\" data-elementor-lightbox-slideshow=\"45c3343\" data-e-action-hash=\"#elementor-action%3Aaction%3Dlightbox%26settings%3DeyJpZCI6MTYwMzYsInVybCI6Imh0dHBzOlwvXC93d3cuc3BrYXRhcnp5bmEucGxcL3dwLWNvbnRlbnRcL3VwbG9hZHNcLzIwMjVcLzA2XC9JTUdfMDU3Ny1zY2FsZWQuanBnIiwic2xpZGVzaG93IjoiNDVjMzM0MyJ9\" href='https:\/\/www.spkatarzyna.pl\/wp-content\/uploads\/2025\/06\/IMG_0577-scaled.jpg'><img decoding=\"async\" width=\"150\" height=\"150\" src=\"https:\/\/www.spkatarzyna.pl\/wp-content\/uploads\/2025\/06\/IMG_0577-150x150.jpg\" class=\"attachment-thumbnail size-thumbnail\" alt=\"\" srcset=\"https:\/\/www.spkatarzyna.pl\/wp-content\/uploads\/2025\/06\/IMG_0577-150x150.jpg 150w, https:\/\/www.spkatarzyna.pl\/wp-content\/uploads\/2025\/06\/IMG_0577-90x90.jpg 90w, https:\/\/www.spkatarzyna.pl\/wp-content\/uploads\/2025\/06\/IMG_0577-670x670.jpg 670w\" sizes=\"(max-width: 150px) 100vw, 150px\" \/><\/a>\n\t\t\t<\/dt><\/dl><br style=\"clear: both\" \/>\n\t\t<\/div>\n\t\t<\/div>\n\t\t\t\t\t\t<\/div>\n\t\t\t\t\t<\/div>\n\t\t\t\t<\/div>\n\t\t\t\t<\/div>\n\t\t","protected":false},"excerpt":{"rendered":"<p>Z rado\u015bci\u0105 informujemy, \u017ce uczennica klasy Vc, Oliwia Matkowska, zdoby\u0142a III miejsce w XX edycji mi\u0119dzyszkolnego konkursu &#8222;Dzieli nas p\u00f3\u0142 wieku&#8221;, organizowanego przez XII Liceum Og\u00f3lnokszta\u0142c\u0105ce we Wroc\u0142awiu. W konkursie, kt\u00f3rego celem jest promowanie mi\u0119dzypokoleniowego dialogu i refleksji nad zmieniaj\u0105cym si\u0119 \u015bwiatem, Oliwia zaprezentowa\u0142a sw\u00f3j talent literacki, tworz\u0105c poruszaj\u0105cy portret [&hellip;]<\/p>\n","protected":false},"author":6,"featured_media":16031,"comment_status":"open","ping_status":"open","sticky":false,"template":"","format":"standard","meta":{"om_disable_all_campaigns":false,"_monsterinsights_skip_tracking":false,"_monsterinsights_sitenote_active":false,"_monsterinsights_sitenote_note":"","_monsterinsights_sitenote_category":0,"ngg_post_thumbnail":0,"footnotes":""},"categories":[1],"tags":[],"class_list":["post-16030","post","type-post","status-publish","format-standard","has-post-thumbnail","hentry","category-uncategorized"],"aioseo_notices":[],"_links":{"self":[{"href":"https:\/\/www.spkatarzyna.pl\/index.php\/wp-json\/wp\/v2\/posts\/16030","targetHints":{"allow":["GET"]}}],"collection":[{"href":"https:\/\/www.spkatarzyna.pl\/index.php\/wp-json\/wp\/v2\/posts"}],"about":[{"href":"https:\/\/www.spkatarzyna.pl\/index.php\/wp-json\/wp\/v2\/types\/post"}],"author":[{"embeddable":true,"href":"https:\/\/www.spkatarzyna.pl\/index.php\/wp-json\/wp\/v2\/users\/6"}],"replies":[{"embeddable":true,"href":"https:\/\/www.spkatarzyna.pl\/index.php\/wp-json\/wp\/v2\/comments?post=16030"}],"version-history":[{"count":4,"href":"https:\/\/www.spkatarzyna.pl\/index.php\/wp-json\/wp\/v2\/posts\/16030\/revisions"}],"predecessor-version":[{"id":16039,"href":"https:\/\/www.spkatarzyna.pl\/index.php\/wp-json\/wp\/v2\/posts\/16030\/revisions\/16039"}],"wp:featuredmedia":[{"embeddable":true,"href":"https:\/\/www.spkatarzyna.pl\/index.php\/wp-json\/wp\/v2\/media\/16031"}],"wp:attachment":[{"href":"https:\/\/www.spkatarzyna.pl\/index.php\/wp-json\/wp\/v2\/media?parent=16030"}],"wp:term":[{"taxonomy":"category","embeddable":true,"href":"https:\/\/www.spkatarzyna.pl\/index.php\/wp-json\/wp\/v2\/categories?post=16030"},{"taxonomy":"post_tag","embeddable":true,"href":"https:\/\/www.spkatarzyna.pl\/index.php\/wp-json\/wp\/v2\/tags?post=16030"}],"curies":[{"name":"wp","href":"https:\/\/api.w.org\/{rel}","templated":true}]}}