{"id":16186,"date":"2025-06-30T09:21:22","date_gmt":"2025-06-30T09:21:22","guid":{"rendered":"https:\/\/www.spkatarzyna.pl\/?p=16186"},"modified":"2025-06-30T09:24:03","modified_gmt":"2025-06-30T09:24:03","slug":"zakonczenie-roku-kl-0-3","status":"publish","type":"post","link":"https:\/\/www.spkatarzyna.pl\/index.php\/2025\/06\/30\/zakonczenie-roku-kl-0-3\/","title":{"rendered":"Zako\u0144czenie roku szkolnego kl. 0-3"},"content":{"rendered":"\t\t<div data-elementor-type=\"wp-post\" data-elementor-id=\"16186\" class=\"elementor elementor-16186\">\n\t\t\t\t<div class=\"elementor-element elementor-element-3839d138 e-flex e-con-boxed e-con e-parent\" data-id=\"3839d138\" data-element_type=\"container\">\n\t\t\t\t\t<div class=\"e-con-inner\">\n\t\t\t\t<div class=\"elementor-element elementor-element-710280da elementor-widget elementor-widget-text-editor\" data-id=\"710280da\" data-element_type=\"widget\" data-widget_type=\"text-editor.default\">\n\t\t\t\t\t\t\t\t\t<p style=\"text-align: justify;\"><span style=\"font-size: 14pt;\">Dnia 27 czerwca odby\u0142o si\u0119 uroczyste zako\u0144czenie roku szkolnego klas 0-3. Uczniowie wraz z rodzicami zgromadzili si\u0119 przed szko\u0142\u0105. Poniewa\u017c wakacje kojarz\u0105 si\u0119 z podr\u00f3\u017cami i my na chwil\u0119 wyruszyli\u015bmy zwiedza\u0107 \u015bwiat. Zabrali\u015bmy ze sob\u0105 r\u00f3wnie\u017c Pani\u0105 Dyrektor Magdalen\u0119 Kochan -Nowik, Pani\u0105 Wicedyrektor Magdalen\u0119 Zato\u0144 i Pana zast\u0119pc\u0119 burmistrza Paw\u0142a Jasi\u0119g\u0119. Zajechali\u015bmy do Polski i Niemiec, polecieli\u015bmy do W\u0142och, Hiszpanii i Francji, podr\u00f3\u017c zako\u0144czyli\u015bmy w Ameryce. By\u0142o kolorowo, smacznie, tanecznie i weso\u0142o. Weso\u0142ych i bezpiecznych wakacji pe\u0142nych ciekawych podr\u00f3\u017cy. Do zobaczenia 1 wrze\u015bnia.<\/span>\r\n\r\n<\/p>\r\n<p style=\"text-align: right;\"><span style=\"font-size: 14pt;\">Iwona Wierzbicka<\/span><\/p>\t\t\t\t\t\t\t\t<\/div>\n\t\t\t\t<div class=\"elementor-element elementor-element-c01fd2b elementor-widget elementor-widget-video\" data-id=\"c01fd2b\" data-element_type=\"widget\" data-settings=\"{&quot;youtube_url&quot;:&quot;https:\\\/\\\/www.youtube.com\\\/watch?v=3RbUZWwzxYk&quot;,&quot;start&quot;:0,&quot;video_type&quot;:&quot;youtube&quot;,&quot;controls&quot;:&quot;yes&quot;}\" data-widget_type=\"video.default\">\n\t\t\t\t\t\t\t<div class=\"elementor-wrapper elementor-open-inline\">\n\t\t\t<div class=\"elementor-video\"><\/div>\t\t<\/div>\n\t\t\t\t\t\t<\/div>\n\t\t\t\t\t<\/div>\n\t\t\t\t<\/div>\n\t\t\t\t<\/div>\n\t\t","protected":false},"excerpt":{"rendered":"<p>Dnia 27 czerwca odby\u0142o si\u0119 uroczyste zako\u0144czenie roku szkolnego klas 0-3. Uczniowie wraz z rodzicami zgromadzili si\u0119 przed szko\u0142\u0105. Poniewa\u017c wakacje kojarz\u0105 si\u0119 z podr\u00f3\u017cami i my na chwil\u0119 wyruszyli\u015bmy zwiedza\u0107 \u015bwiat. Zabrali\u015bmy ze sob\u0105 r\u00f3wnie\u017c Pani\u0105 Dyrektor Magdalen\u0119 Kochan -Nowik, Pani\u0105 Wicedyrektor Magdalen\u0119 Zato\u0144 i Pana zast\u0119pc\u0119 burmistrza Paw\u0142a [&hellip;]<\/p>\n","protected":false},"author":6,"featured_media":16187,"comment_status":"open","ping_status":"open","sticky":false,"template":"","format":"standard","meta":{"om_disable_all_campaigns":false,"_monsterinsights_skip_tracking":false,"_monsterinsights_sitenote_active":false,"_monsterinsights_sitenote_note":"","_monsterinsights_sitenote_category":0,"ngg_post_thumbnail":0,"footnotes":""},"categories":[1],"tags":[],"class_list":["post-16186","post","type-post","status-publish","format-standard","has-post-thumbnail","hentry","category-uncategorized"],"aioseo_notices":[],"_links":{"self":[{"href":"https:\/\/www.spkatarzyna.pl\/index.php\/wp-json\/wp\/v2\/posts\/16186","targetHints":{"allow":["GET"]}}],"collection":[{"href":"https:\/\/www.spkatarzyna.pl\/index.php\/wp-json\/wp\/v2\/posts"}],"about":[{"href":"https:\/\/www.spkatarzyna.pl\/index.php\/wp-json\/wp\/v2\/types\/post"}],"author":[{"embeddable":true,"href":"https:\/\/www.spkatarzyna.pl\/index.php\/wp-json\/wp\/v2\/users\/6"}],"replies":[{"embeddable":true,"href":"https:\/\/www.spkatarzyna.pl\/index.php\/wp-json\/wp\/v2\/comments?post=16186"}],"version-history":[{"count":8,"href":"https:\/\/www.spkatarzyna.pl\/index.php\/wp-json\/wp\/v2\/posts\/16186\/revisions"}],"predecessor-version":[{"id":16196,"href":"https:\/\/www.spkatarzyna.pl\/index.php\/wp-json\/wp\/v2\/posts\/16186\/revisions\/16196"}],"wp:featuredmedia":[{"embeddable":true,"href":"https:\/\/www.spkatarzyna.pl\/index.php\/wp-json\/wp\/v2\/media\/16187"}],"wp:attachment":[{"href":"https:\/\/www.spkatarzyna.pl\/index.php\/wp-json\/wp\/v2\/media?parent=16186"}],"wp:term":[{"taxonomy":"category","embeddable":true,"href":"https:\/\/www.spkatarzyna.pl\/index.php\/wp-json\/wp\/v2\/categories?post=16186"},{"taxonomy":"post_tag","embeddable":true,"href":"https:\/\/www.spkatarzyna.pl\/index.php\/wp-json\/wp\/v2\/tags?post=16186"}],"curies":[{"name":"wp","href":"https:\/\/api.w.org\/{rel}","templated":true}]}}