{"id":16378,"date":"2025-09-01T19:33:29","date_gmt":"2025-09-01T19:33:29","guid":{"rendered":"https:\/\/www.spkatarzyna.pl\/?p=16378"},"modified":"2025-09-01T19:34:29","modified_gmt":"2025-09-01T19:34:29","slug":"podziekowania-dla-rodzicow-oraz-wladz-samorzadowych","status":"publish","type":"post","link":"https:\/\/www.spkatarzyna.pl\/index.php\/2025\/09\/01\/podziekowania-dla-rodzicow-oraz-wladz-samorzadowych\/","title":{"rendered":"Podzi\u0119kowania"},"content":{"rendered":"<p style=\"text-align: justify;\"><span style=\"font-size: 14pt;\">Szanowni Pa\u0144stwo,<\/span><\/p>\n<p style=\"text-align: justify;\"><span style=\"font-size: 14pt;\">W imieniu Dyrekcji oraz ca\u0142ej spo\u0142eczno\u015bci szkolnej pragniemy serdecznie podzi\u0119kowa\u0107 wszystkim osobom, kt\u00f3re w ostatnim czasie aktywnie zaanga\u017cowa\u0142y si\u0119 w prace na rzecz estetyki i wyposa\u017cenia naszej szko\u0142y.<\/span><\/p>\n<p style=\"text-align: justify;\"><span style=\"font-size: 14pt;\">Szczeg\u00f3lne wyrazy wdzi\u0119czno\u015bci kierujemy do:<\/span><\/p>\n<ul style=\"text-align: justify;\">\n<li><span style=\"font-size: 14pt;\"><strong>Pana Micha\u0142a Majki<\/strong>&nbsp;\u2013 za zorganizowanie farb do pomalowania drzwi w szkole,<\/span><\/li>\n<li><span style=\"font-size: 14pt;\"><strong>Pani Anny Ma\u0142eckiej<\/strong>&nbsp;\u2013 za finansowe wsparcie w postaci wp\u0142aty na zakup farb,<\/span><\/li>\n<li><span style=\"font-size: 14pt;\"><strong>Pa\u0144: Aleksandry Czapskiej-Janczury, Agnieszki Herman oraz Joanny \u015alipko<\/strong>&nbsp;\u2013 za osobiste zaanga\u017cowanie i pomoc w malowaniu drzwi,<\/span><\/li>\n<li><span style=\"font-size: 14pt;\"><strong>Pani Olgi Cechol-Kuriaty<\/strong>&nbsp;\u2013 za skr\u0119cenie mebli do sali lekcyjnej nr 106.<\/span><\/li>\n<\/ul>\n<p style=\"text-align: justify;\"><span style=\"font-size: 14pt;\">Dodatkowo pragniemy wyrazi\u0107 g\u0142\u0119bok\u0105 wdzi\u0119czno\u015b\u0107 Rodzicom uczni\u00f3w klasy 3d za pomalowanie sali lekcyjnej nr 105.<\/span><\/p>\n<p style=\"text-align: justify;\"><span style=\"font-size: 14pt;\"><strong>Dzi\u0119kujemy Panu Paw\u0142owi Jasi\u0119dze<\/strong>, Zast\u0119pcy Burmistrza Siechnic, za przekazanie w imieniu Gminy Siechnice kwoty&nbsp;<strong>1300 z\u0142<\/strong>&nbsp;przeznaczonej na zakup farb do pomalowania holu naszej szko\u0142y.<\/span><\/p>\n<p style=\"text-align: justify;\"><span style=\"font-size: 14pt;\">Ca\u0142o\u015b\u0107 prac zwi\u0105zanych z odmalowaniem szkolnego holu zosta\u0142a przeprowadzona przez naszego konserwatora szkolnego, przy aktywnym udziale Dyrekcji oraz nauczycieli:&nbsp;<strong>Pana Dominika Makowskiego, Pani Magdaleny Zato\u0144, Pani Eweliny Weps-Duffy, &nbsp;Pani Agaty Gwizd-Leszczy\u0144skiej oraz pracownik\u00f3w administracji i obs\u0142ugi Pani Magdaleny Grodowskiej&nbsp;&#8211; Hasik, Pani Marioli Marczak, Pani Doroty Bagi\u0144skiej i Pani Beaty Jab\u0142onki.&nbsp;<\/strong><\/span><\/p>\n<p style=\"text-align: justify;\"><span style=\"font-size: 14pt;\">Dzi\u0119ki Pa\u0144stwa zaanga\u017cowaniu i bezinteresownej pomocy, nasza szko\u0142a zyska\u0142a nowe, przyjazne oblicze, kt\u00f3re b\u0119dzie s\u0142u\u017cy\u0142o zar\u00f3wno uczniom, jak i pracownikom plac\u00f3wki.<\/span><\/p>\n<p style=\"text-align: justify;\"><span style=\"font-size: 14pt;\">Z wyrazami szacunku i wdzi\u0119czno\u015bci,<\/span><br \/>\n<span style=\"font-size: 14pt;\"><strong>Dyrekcja Szko\u0142y<\/strong><\/span><\/p>\n","protected":false},"excerpt":{"rendered":"<p>Szanowni Pa\u0144stwo, W imieniu Dyrekcji oraz ca\u0142ej spo\u0142eczno\u015bci szkolnej pragniemy serdecznie podzi\u0119kowa\u0107 wszystkim osobom, kt\u00f3re w ostatnim czasie aktywnie zaanga\u017cowa\u0142y si\u0119 w prace na rzecz estetyki i wyposa\u017cenia naszej szko\u0142y. Szczeg\u00f3lne wyrazy wdzi\u0119czno\u015bci kierujemy do: Pana Micha\u0142a Majki&nbsp;\u2013 za zorganizowanie farb do pomalowania drzwi w szkole, Pani Anny Ma\u0142eckiej&nbsp;\u2013 za [&hellip;]<\/p>\n","protected":false},"author":6,"featured_media":16379,"comment_status":"open","ping_status":"open","sticky":false,"template":"","format":"standard","meta":{"om_disable_all_campaigns":false,"_monsterinsights_skip_tracking":false,"_monsterinsights_sitenote_active":false,"_monsterinsights_sitenote_note":"","_monsterinsights_sitenote_category":0,"ngg_post_thumbnail":0,"footnotes":""},"categories":[1],"tags":[],"class_list":["post-16378","post","type-post","status-publish","format-standard","has-post-thumbnail","hentry","category-uncategorized"],"aioseo_notices":[],"_links":{"self":[{"href":"https:\/\/www.spkatarzyna.pl\/index.php\/wp-json\/wp\/v2\/posts\/16378","targetHints":{"allow":["GET"]}}],"collection":[{"href":"https:\/\/www.spkatarzyna.pl\/index.php\/wp-json\/wp\/v2\/posts"}],"about":[{"href":"https:\/\/www.spkatarzyna.pl\/index.php\/wp-json\/wp\/v2\/types\/post"}],"author":[{"embeddable":true,"href":"https:\/\/www.spkatarzyna.pl\/index.php\/wp-json\/wp\/v2\/users\/6"}],"replies":[{"embeddable":true,"href":"https:\/\/www.spkatarzyna.pl\/index.php\/wp-json\/wp\/v2\/comments?post=16378"}],"version-history":[{"count":2,"href":"https:\/\/www.spkatarzyna.pl\/index.php\/wp-json\/wp\/v2\/posts\/16378\/revisions"}],"predecessor-version":[{"id":16381,"href":"https:\/\/www.spkatarzyna.pl\/index.php\/wp-json\/wp\/v2\/posts\/16378\/revisions\/16381"}],"wp:featuredmedia":[{"embeddable":true,"href":"https:\/\/www.spkatarzyna.pl\/index.php\/wp-json\/wp\/v2\/media\/16379"}],"wp:attachment":[{"href":"https:\/\/www.spkatarzyna.pl\/index.php\/wp-json\/wp\/v2\/media?parent=16378"}],"wp:term":[{"taxonomy":"category","embeddable":true,"href":"https:\/\/www.spkatarzyna.pl\/index.php\/wp-json\/wp\/v2\/categories?post=16378"},{"taxonomy":"post_tag","embeddable":true,"href":"https:\/\/www.spkatarzyna.pl\/index.php\/wp-json\/wp\/v2\/tags?post=16378"}],"curies":[{"name":"wp","href":"https:\/\/api.w.org\/{rel}","templated":true}]}}