{"id":17150,"date":"2025-10-21T20:48:35","date_gmt":"2025-10-21T20:48:35","guid":{"rendered":"https:\/\/www.spkatarzyna.pl\/?p=17150"},"modified":"2025-10-21T20:51:46","modified_gmt":"2025-10-21T20:51:46","slug":"konkurs-gminna-kartka-swiateczna","status":"publish","type":"post","link":"https:\/\/www.spkatarzyna.pl\/index.php\/2025\/10\/21\/konkurs-gminna-kartka-swiateczna\/","title":{"rendered":"Konkurs \u201eGminna\u00a0 Kartka \u015awi\u0105teczna\u201d"},"content":{"rendered":"<p style=\"text-align: justify;\"><span style=\"font-weight: 400; font-size: 14pt; color: #000000;\">Szanowni Pa\u0144stwo,&nbsp;<\/span><\/p>\n<p style=\"text-align: justify;\"><span style=\"font-weight: 400; font-size: 14pt; color: #000000;\">Ka\u017cdego roku z okazji \u015awi\u0105t Bo\u017cego Narodzenia z Urz\u0119du Miejskiego w Siechnicach&nbsp; wysy\u0142ane s\u0105 kartki pocztowe z \u017cyczeniami \u015bwi\u0105tecznymi Burmistrza Siechnic&nbsp; i Przewodnicz\u0105cego Rady Miejskiej w Siechnicach.&nbsp;&nbsp;<\/span><\/p>\n<p style=\"text-align: justify;\"><span style=\"font-weight: 400; font-size: 14pt; color: #000000;\">Sta\u0142o si\u0119 nasz\u0105 tradycj\u0105, \u017ce gminna kartka \u015bwi\u0105teczna wy\u0142aniana jest w konkursie&nbsp; skierowanym do uczni\u00f3w szk\u00f3\u0142 podstawowych z terenu gminy Siechnice, dlatego te\u017c i w tym&nbsp; roku zapraszamy uczni\u00f3w Pa\u0144stwa szko\u0142y do udzia\u0142u w konkursie plastycznym \u201eGminna&nbsp; Kartka \u015awi\u0105teczna\u201d.&nbsp;&nbsp;<\/span><\/p>\n<p style=\"text-align: justify;\"><span style=\"font-weight: 400; font-size: 14pt; color: #000000;\">&nbsp;Zwyci\u0119ski projekt zostanie oficjaln\u0105 \u015bwi\u0105teczn\u0105 poczt\u00f3wk\u0105 gminy Siechnice w 2025 roku. Poczt\u00f3wk\u0119 wydrukujemy i wy\u015blemy wraz ze \u015bwi\u0105tecznymi \u017cyczeniami do wielu&nbsp; samorz\u0105d\u00f3w oraz instytucji na terenie ca\u0142ej Polski, a zwyci\u0119zc\u0119 nagrodzimy.&nbsp;<\/span><\/p>\n<p style=\"font-weight: 400; text-align: justify;\"><span style=\"font-size: 14pt; color: #000000;\"><strong>Termin dostarczenia prac:<\/strong> do <strong>6 listopada 2025 r.<\/strong> (do godz. 15:00) do Urz\u0119du Miejskiego w Siechnicach, pok\u00f3j 303.<\/span><br \/>\n<span style=\"font-size: 14pt; color: #000000;\"><strong>Rozstrzygni\u0119cie konkursu:<\/strong> 24 listopada 2025 r.<\/span><\/p>\n<p style=\"font-weight: 400; text-align: justify;\"><span style=\"font-size: 14pt; color: #000000;\">W razie pyta\u0144 prosimy o kontakt z Zespo\u0142em Wsp\u00f3\u0142pracy i Spo\u0142ecze\u0144stwa Obywatelskiego Urz\u0119du Miejskiego w Siechnicach \u2013 tel. 71 786 09 47 92.<\/span><\/p>\n<p style=\"text-align: justify;\">&nbsp;<\/p>\n<p><span style=\"font-size: 14pt;\"><a href=\"https:\/\/www.spkatarzyna.pl\/wp-content\/uploads\/2025\/10\/Regulamin-konkursu-Gminna-Kartka-Swiateczna-2025.pdf\">Regulamin konkursu Gminna Kartka \u015awi\u0105teczna 2025<\/a><\/span><\/p>\n<p><span style=\"font-size: 14pt;\"><a href=\"https:\/\/www.spkatarzyna.pl\/wp-content\/uploads\/2025\/10\/Zalacznik-nr-1-Klauzula-RODO-dla-uczestnikow-Konkursu-Plastycznego-Gminna-kartka-swiateczna-2025.pdf\">Za\u0142\u0105cznik nr 1 &#8211; Klauzula RODO dla uczestnik\u00f3w Konkursu Plastycznego Gminna kartka \u015bwi\u0105teczna 2025<\/a><\/span><\/p>\n<p><a href=\"https:\/\/www.spkatarzyna.pl\/wp-content\/uploads\/2025\/10\/Zalacznik-nr-2-Pisemne-oswiadczenie-Autora-dotyczace-przeniesienia-na-rzecz-Gminy-Siechnice-autorskich-praw-majatkowych.pdf\"><span style=\"font-size: 14pt;\">Za\u0142\u0105cznik nr 2 &#8211; Pisemne o\u015bwiadczenie Autora dotycz\u0105ce przeniesienia na rzecz Gminy Siechnice autorskich praw maj\u0105tkowych<\/span><\/a><\/p>\n<p style=\"text-align: justify;\"><br style=\"font-weight: 400;\"><br style=\"font-weight: 400;\"><\/p>\n","protected":false},"excerpt":{"rendered":"<p>Szanowni Pa\u0144stwo,&nbsp; Ka\u017cdego roku z okazji \u015awi\u0105t Bo\u017cego Narodzenia z Urz\u0119du Miejskiego w Siechnicach&nbsp; wysy\u0142ane s\u0105 kartki pocztowe z \u017cyczeniami \u015bwi\u0105tecznymi Burmistrza Siechnic&nbsp; i Przewodnicz\u0105cego Rady Miejskiej w Siechnicach.&nbsp;&nbsp; Sta\u0142o si\u0119 nasz\u0105 tradycj\u0105, \u017ce gminna kartka \u015bwi\u0105teczna wy\u0142aniana jest w konkursie&nbsp; skierowanym do uczni\u00f3w szk\u00f3\u0142 podstawowych z terenu gminy Siechnice, [&hellip;]<\/p>\n","protected":false},"author":6,"featured_media":16384,"comment_status":"open","ping_status":"open","sticky":false,"template":"","format":"standard","meta":{"om_disable_all_campaigns":false,"_monsterinsights_skip_tracking":false,"_monsterinsights_sitenote_active":false,"_monsterinsights_sitenote_note":"","_monsterinsights_sitenote_category":0,"ngg_post_thumbnail":0,"footnotes":""},"categories":[1],"tags":[],"class_list":["post-17150","post","type-post","status-publish","format-standard","has-post-thumbnail","hentry","category-uncategorized"],"aioseo_notices":[],"_links":{"self":[{"href":"https:\/\/www.spkatarzyna.pl\/index.php\/wp-json\/wp\/v2\/posts\/17150","targetHints":{"allow":["GET"]}}],"collection":[{"href":"https:\/\/www.spkatarzyna.pl\/index.php\/wp-json\/wp\/v2\/posts"}],"about":[{"href":"https:\/\/www.spkatarzyna.pl\/index.php\/wp-json\/wp\/v2\/types\/post"}],"author":[{"embeddable":true,"href":"https:\/\/www.spkatarzyna.pl\/index.php\/wp-json\/wp\/v2\/users\/6"}],"replies":[{"embeddable":true,"href":"https:\/\/www.spkatarzyna.pl\/index.php\/wp-json\/wp\/v2\/comments?post=17150"}],"version-history":[{"count":2,"href":"https:\/\/www.spkatarzyna.pl\/index.php\/wp-json\/wp\/v2\/posts\/17150\/revisions"}],"predecessor-version":[{"id":17155,"href":"https:\/\/www.spkatarzyna.pl\/index.php\/wp-json\/wp\/v2\/posts\/17150\/revisions\/17155"}],"wp:featuredmedia":[{"embeddable":true,"href":"https:\/\/www.spkatarzyna.pl\/index.php\/wp-json\/wp\/v2\/media\/16384"}],"wp:attachment":[{"href":"https:\/\/www.spkatarzyna.pl\/index.php\/wp-json\/wp\/v2\/media?parent=17150"}],"wp:term":[{"taxonomy":"category","embeddable":true,"href":"https:\/\/www.spkatarzyna.pl\/index.php\/wp-json\/wp\/v2\/categories?post=17150"},{"taxonomy":"post_tag","embeddable":true,"href":"https:\/\/www.spkatarzyna.pl\/index.php\/wp-json\/wp\/v2\/tags?post=17150"}],"curies":[{"name":"wp","href":"https:\/\/api.w.org\/{rel}","templated":true}]}}