{"id":18124,"date":"2026-01-04T11:32:13","date_gmt":"2026-01-04T11:32:13","guid":{"rendered":"https:\/\/www.spkatarzyna.pl\/?p=18124"},"modified":"2026-01-04T11:49:34","modified_gmt":"2026-01-04T11:49:34","slug":"jaselka-w-naszej-szkole","status":"publish","type":"post","link":"https:\/\/www.spkatarzyna.pl\/index.php\/2026\/01\/04\/jaselka-w-naszej-szkole\/","title":{"rendered":"Jase\u0142ka w naszej szkole"},"content":{"rendered":"\t\t<div data-elementor-type=\"wp-post\" data-elementor-id=\"18124\" class=\"elementor elementor-18124\">\n\t\t\t\t<div class=\"elementor-element elementor-element-7931d362 e-flex e-con-boxed e-con e-parent\" data-id=\"7931d362\" data-element_type=\"container\">\n\t\t\t\t\t<div class=\"e-con-inner\">\n\t\t\t\t<div class=\"elementor-element elementor-element-2c165cfa elementor-widget elementor-widget-text-editor\" data-id=\"2c165cfa\" data-element_type=\"widget\" data-widget_type=\"text-editor.default\">\n\t\t\t\t\t\t\t\t\t<p style=\"text-align: justify;\"><span style=\"font-weight: 400; font-size: 14pt;\">19 grudnia w naszej szkole odby\u0142y si\u0119&nbsp; jase\u0142ka, kt\u00f3re wprowadzi\u0142y ca\u0142\u0105 spo\u0142eczno\u015b\u0107 szkoln\u0105 w \u015bwi\u0105teczny nastr\u00f3j. W wydarzeniu uczestniczyli uczniowie, nauczyciele, pracownicy szko\u0142y oraz zaproszeni go\u015bcie, wsp\u00f3lnie celebruj\u0105c nadchodz\u0105cy czas&nbsp; Bo\u017cego Narodzenia.<\/span><\/p>\r\n<p style=\"text-align: justify;\"><span style=\"font-weight: 400; font-size: 14pt;\">Uroczysto\u015b\u0107 sk\u0142ada\u0142a si\u0119 z dw\u00f3ch cz\u0119\u015bci. Pierwsz\u0105 z nich by\u0142o tradycyjne przedstawienie w kt\u00f3rym uczniowie zaprezentowali biblijne sceny narodzin Jezusa. M\u0142odzi aktorzy z du\u017cym zaanga\u017cowaniem i wra\u017cliwo\u015bci\u0105 oddali sens i przes\u0142anie \u015bwi\u0105t, a ca\u0142o\u015b\u0107 dope\u0142nia\u0142y pi\u0119kne dekoracje oraz nastrojowa oprawa muzyczna. Druga cz\u0119\u015b\u0107 wydarzenia mia\u0142a charakter wsp\u00f3lnego kol\u0119dowania.<\/span><\/p>\r\n<p style=\"text-align: justify;\"><span style=\"font-weight: 400; font-size: 14pt;\">Szkolne jase\u0142ka sta\u0142y si\u0119 pi\u0119knym podsumowaniem roku oraz okazj\u0105 do refleksji, wdzi\u0119czno\u015bci i wsp\u00f3lnego prze\u017cywania \u015bwi\u0105t. Dzi\u0119kujemy wszystkim uczniom i nauczycielom za przygotowanie tego wyj\u0105tkowego wydarzenia.<\/span><\/p>\r\n<p style=\"text-align: justify;\"><span style=\"font-weight: 400; font-size: 14pt;\">Tego dnia Pani Dyrektor wr\u0119czy\u0142a r\u00f3wnie\u017c stypendia naukowe, sportowe oraz artystyczne uczniom, kt\u00f3rzy w minionym roku szkolnym wyr\u00f3\u017cnili si\u0119 szczeg\u00f3lnymi osi\u0105gni\u0119ciami.&nbsp;<\/span><\/p>\r\n<p style=\"text-align: justify;\"><span style=\"font-weight: 400; font-size: 14pt;\">Stypendia przyznano nast\u0119puj\u0105cym uczniom:<\/span><\/p>\r\n<p style=\"text-align: justify;\"><span style=\"font-weight: 400; font-size: 14pt;\">Hanna Szyba uczennica klas 8a &#8211; za osi\u0105gni\u0119cia edukacyjne<\/span><\/p>\r\n<p style=\"text-align: justify;\"><span style=\"font-weight: 400; font-size: 14pt;\">Maria Kami\u0144ska uczennica klasy 8a &#8211;&nbsp; za osi\u0105gni\u0119cia edukacyjne&nbsp;<\/span><\/p>\r\n<p style=\"text-align: justify;\"><span style=\"font-weight: 400; font-size: 14pt;\">Tymoteusz Chodzi\u0144ski ucze\u0144 klasy 8a &#8211;&nbsp; za osi\u0105gni\u0119cia edukacyjne<\/span><\/p>\r\n<p style=\"text-align: justify;\"><span style=\"font-weight: 400; font-size: 14pt;\">Hanna Zatopia\u0144ska uczennica klasy 8b \u2013 za osi\u0105gni\u0119cia edukacyjne&nbsp;<\/span><\/p>\r\n<p style=\"text-align: justify;\"><span style=\"font-weight: 400; font-size: 14pt;\">Jan Kozielski ucze\u0144 klasy 8b \u2013 za osi\u0105gni\u0119cia edukacyjne&nbsp;<\/span><\/p>\r\n<p style=\"text-align: justify;\"><span style=\"font-weight: 400; font-size: 14pt;\">Wojciech Jasi\u0144ski ucze\u0144 klasy 8c &#8211; za osi\u0105gni\u0119cia edukacyjne&nbsp;<\/span><\/p>\r\n<p style=\"text-align: justify;\"><span style=\"font-weight: 400; font-size: 14pt;\">Weronika Jancyk uczennica 7b &#8211; za osi\u0105gni\u0119cia edukacyjne&nbsp;<\/span><\/p>\r\n<p style=\"text-align: justify;\"><span style=\"font-weight: 400; font-size: 14pt;\">Szymon S\u0142awek ucze\u0144 klasy 7c \u2013 za osi\u0105gni\u0119cia edukacyjne&nbsp;<\/span><\/p>\r\n<p style=\"text-align: justify;\"><span style=\"font-weight: 400; font-size: 14pt;\">Oliwia Matkowska&nbsp; uczennica klasy 6c &#8211; za osi\u0105gni\u0119cia edukacyjne&nbsp;<\/span><\/p>\r\n<p style=\"text-align: justify;\"><span style=\"font-weight: 400; font-size: 14pt;\">Anna Diduszko uczennica klasy 6c &#8211; za osi\u0105gni\u0119cia edukacyjne<\/span><\/p>\r\n<p style=\"text-align: justify;\"><span style=\"font-weight: 400; font-size: 14pt;\">Oliwia Ga\u0142an&nbsp; uczennica klasy 6c- za osi\u0105gni\u0119cia edukacyjne&nbsp;<\/span><\/p>\r\n<p style=\"text-align: justify;\"><span style=\"font-weight: 400; font-size: 14pt;\">Wiktoria Jancyk uczennica klasy 5b &#8211;&nbsp; za osi\u0105gni\u0119cia edukacyjne&nbsp;<\/span><\/p>\r\n<p style=\"text-align: justify;\"><span style=\"font-weight: 400; font-size: 14pt;\">Jakub Herbu\u015b ucze\u0144 klasy 7b \u2013 za osi\u0105gni\u0119cia sportowe<\/span><\/p>\r\n<p style=\"text-align: justify;\"><span style=\"font-weight: 400; font-size: 14pt;\">\u0141ukasz Wawrzyniak ucze\u0144 klasy 7b \u2013 za osi\u0105gni\u0119cia sportowe&nbsp;<\/span><\/p>\r\n<p style=\"text-align: justify;\"><span style=\"font-weight: 400; font-size: 14pt;\">Kamil Cyryngier ucze\u0144 klasy 7c \u2013 za osi\u0105gni\u0119cia sportowe&nbsp;<\/span><\/p>\r\n<p style=\"text-align: justify;\"><span style=\"font-weight: 400; font-size: 14pt;\">Laura Bana\u015b&nbsp; uczennica klasy 6a &#8211;&nbsp; za osi\u0105gni\u0119cia sportowe&nbsp;<\/span><\/p>\r\n<p style=\"text-align: justify;\"><span style=\"font-weight: 400; font-size: 14pt;\">Borys Jaczy\u0144ski&nbsp; ucze\u0144 klasy 5d \u2013 za osi\u0105gni\u0119cia sportowe&nbsp;<\/span><\/p>\r\n<p style=\"text-align: justify;\"><span style=\"font-weight: 400; font-size: 14pt;\">Kacper Kuczaj&nbsp; ucze\u0144 klasy 5d \u2013 za osi\u0105gni\u0119cia sportowe<\/span><\/p>\r\n<p style=\"text-align: justify;\"><span style=\"font-weight: 400; font-size: 14pt;\">Jan B\u0142o\u0144ski-Trapero ucze\u0144 klasy 5a \u2013 za osi\u0105gni\u0119cia artystyczne&nbsp;&nbsp;<\/span><\/p>\r\n\r\n<br style=\"font-weight: 400;\">\t\t\t\t\t\t\t\t<\/div>\n\t\t\t\t<div class=\"elementor-element elementor-element-485463a elementor-widget elementor-widget-image-gallery\" data-id=\"485463a\" data-element_type=\"widget\" data-widget_type=\"image-gallery.default\">\n\t\t\t\t\t\t\t<div class=\"elementor-image-gallery\">\n\t\t\t\n\t\t<div id='gallery-1' class='gallery galleryid-18124 gallery-columns-4 gallery-size-thumbnail gallery1'><script type=\"text\/javascript\">\n\/\/ <![CDATA[\n\tjQuery(document).ready(function () {\n\t\tjQuery(\".gallery1 a\").attr(\"rel\",\"gallery1\");\t\n\t\tjQuery('a[rel=\"gallery1\"]').colorbox({title: function(){ return jQuery(this).children().attr(\"alt\"); }});\n\t});\n\/\/ ]]>\n<\/script>\n<dl class=\"gallery-item\">\n<dt class=\"gallery-icon\">\n<a href=\"https:\/\/www.spkatarzyna.pl\/wp-content\/uploads\/2026\/01\/IMG_2821-300x200.jpg\" title=\"\" rel=\"gallery1\" rel=\"lightbox[18124]\"><img decoding=\"async\" src=\"https:\/\/www.spkatarzyna.pl\/wp-content\/uploads\/2026\/01\/IMG_2821-150x150.jpg\" width=\"150\" height=\"150\" alt=\"\" \/><\/a>\n<\/dt><\/dl><dl class=\"gallery-item\">\n<dt class=\"gallery-icon\">\n<a href=\"https:\/\/www.spkatarzyna.pl\/wp-content\/uploads\/2026\/01\/IMG_2874-300x200.jpg\" title=\"\" rel=\"gallery1\" rel=\"lightbox[18124]\"><img decoding=\"async\" src=\"https:\/\/www.spkatarzyna.pl\/wp-content\/uploads\/2026\/01\/IMG_2874-150x150.jpg\" width=\"150\" height=\"150\" alt=\"\" \/><\/a>\n<\/dt><\/dl><dl class=\"gallery-item\">\n<dt class=\"gallery-icon\">\n<a href=\"https:\/\/www.spkatarzyna.pl\/wp-content\/uploads\/2026\/01\/IMG_2877-300x200.jpg\" title=\"\" rel=\"gallery1\" rel=\"lightbox[18124]\"><img decoding=\"async\" src=\"https:\/\/www.spkatarzyna.pl\/wp-content\/uploads\/2026\/01\/IMG_2877-150x150.jpg\" width=\"150\" height=\"150\" alt=\"\" \/><\/a>\n<\/dt><\/dl><dl class=\"gallery-item\">\n<dt class=\"gallery-icon\">\n<a href=\"https:\/\/www.spkatarzyna.pl\/wp-content\/uploads\/2026\/01\/IMG_2757-1-300x200.jpg\" title=\"\" rel=\"gallery1\" rel=\"lightbox[18124]\"><img loading=\"lazy\" decoding=\"async\" src=\"https:\/\/www.spkatarzyna.pl\/wp-content\/uploads\/2026\/01\/IMG_2757-1-150x150.jpg\" width=\"150\" height=\"150\" alt=\"\" \/><\/a>\n<\/dt><\/dl><br style=\"clear: both\" \/><dl class=\"gallery-item\">\n<dt class=\"gallery-icon\">\n<a href=\"https:\/\/www.spkatarzyna.pl\/wp-content\/uploads\/2026\/01\/IMG_2755-300x200.jpg\" title=\"\" rel=\"gallery1\" rel=\"lightbox[18124]\"><img loading=\"lazy\" decoding=\"async\" src=\"https:\/\/www.spkatarzyna.pl\/wp-content\/uploads\/2026\/01\/IMG_2755-150x150.jpg\" width=\"150\" height=\"150\" alt=\"\" \/><\/a>\n<\/dt><\/dl><dl class=\"gallery-item\">\n<dt class=\"gallery-icon\">\n<a href=\"https:\/\/www.spkatarzyna.pl\/wp-content\/uploads\/2026\/01\/IMG_2758-300x200.jpg\" title=\"\" rel=\"gallery1\" rel=\"lightbox[18124]\"><img loading=\"lazy\" decoding=\"async\" src=\"https:\/\/www.spkatarzyna.pl\/wp-content\/uploads\/2026\/01\/IMG_2758-150x150.jpg\" width=\"150\" height=\"150\" alt=\"\" \/><\/a>\n<\/dt><\/dl><dl class=\"gallery-item\">\n<dt class=\"gallery-icon\">\n<a href=\"https:\/\/www.spkatarzyna.pl\/wp-content\/uploads\/2026\/01\/IMG_2761-300x200.jpg\" title=\"\" rel=\"gallery1\" rel=\"lightbox[18124]\"><img loading=\"lazy\" decoding=\"async\" src=\"https:\/\/www.spkatarzyna.pl\/wp-content\/uploads\/2026\/01\/IMG_2761-150x150.jpg\" width=\"150\" height=\"150\" alt=\"\" \/><\/a>\n<\/dt><\/dl><dl class=\"gallery-item\">\n<dt class=\"gallery-icon\">\n<a href=\"https:\/\/www.spkatarzyna.pl\/wp-content\/uploads\/2026\/01\/IMG_2759-300x200.jpg\" title=\"\" rel=\"gallery1\" rel=\"lightbox[18124]\"><img loading=\"lazy\" decoding=\"async\" src=\"https:\/\/www.spkatarzyna.pl\/wp-content\/uploads\/2026\/01\/IMG_2759-150x150.jpg\" width=\"150\" height=\"150\" alt=\"\" \/><\/a>\n<\/dt><\/dl><br style=\"clear: both\" \/><dl class=\"gallery-item\">\n<dt class=\"gallery-icon\">\n<a href=\"https:\/\/www.spkatarzyna.pl\/wp-content\/uploads\/2026\/01\/IMG_2738-300x200.jpg\" title=\"\" rel=\"gallery1\" rel=\"lightbox[18124]\"><img loading=\"lazy\" decoding=\"async\" src=\"https:\/\/www.spkatarzyna.pl\/wp-content\/uploads\/2026\/01\/IMG_2738-150x150.jpg\" width=\"150\" height=\"150\" alt=\"\" \/><\/a>\n<\/dt><\/dl><dl class=\"gallery-item\">\n<dt class=\"gallery-icon\">\n<a href=\"https:\/\/www.spkatarzyna.pl\/wp-content\/uploads\/2026\/01\/IMG_2731-300x200.jpg\" title=\"\" rel=\"gallery1\" rel=\"lightbox[18124]\"><img loading=\"lazy\" decoding=\"async\" src=\"https:\/\/www.spkatarzyna.pl\/wp-content\/uploads\/2026\/01\/IMG_2731-150x150.jpg\" width=\"150\" height=\"150\" alt=\"\" \/><\/a>\n<\/dt><\/dl><dl class=\"gallery-item\">\n<dt class=\"gallery-icon\">\n<a href=\"https:\/\/www.spkatarzyna.pl\/wp-content\/uploads\/2026\/01\/IMG_2730-300x200.jpg\" title=\"\" rel=\"gallery1\" rel=\"lightbox[18124]\"><img loading=\"lazy\" decoding=\"async\" src=\"https:\/\/www.spkatarzyna.pl\/wp-content\/uploads\/2026\/01\/IMG_2730-150x150.jpg\" width=\"150\" height=\"150\" alt=\"\" \/><\/a>\n<\/dt><\/dl><dl class=\"gallery-item\">\n<dt class=\"gallery-icon\">\n<a href=\"https:\/\/www.spkatarzyna.pl\/wp-content\/uploads\/2026\/01\/IMG_2869-300x200.jpg\" title=\"\" rel=\"gallery1\" rel=\"lightbox[18124]\"><img loading=\"lazy\" decoding=\"async\" src=\"https:\/\/www.spkatarzyna.pl\/wp-content\/uploads\/2026\/01\/IMG_2869-150x150.jpg\" width=\"150\" height=\"150\" alt=\"\" \/><\/a>\n<\/dt><\/dl><br style=\"clear: both\" \/><dl class=\"gallery-item\">\n<dt class=\"gallery-icon\">\n<a href=\"https:\/\/www.spkatarzyna.pl\/wp-content\/uploads\/2026\/01\/IMG_2772-300x200.jpg\" title=\"\" rel=\"gallery1\" rel=\"lightbox[18124]\"><img loading=\"lazy\" decoding=\"async\" src=\"https:\/\/www.spkatarzyna.pl\/wp-content\/uploads\/2026\/01\/IMG_2772-150x150.jpg\" width=\"150\" height=\"150\" alt=\"\" \/><\/a>\n<\/dt><\/dl><dl class=\"gallery-item\">\n<dt class=\"gallery-icon\">\n<a href=\"https:\/\/www.spkatarzyna.pl\/wp-content\/uploads\/2026\/01\/IMG_2766-300x200.jpg\" title=\"\" rel=\"gallery1\" rel=\"lightbox[18124]\"><img loading=\"lazy\" decoding=\"async\" src=\"https:\/\/www.spkatarzyna.pl\/wp-content\/uploads\/2026\/01\/IMG_2766-150x150.jpg\" width=\"150\" height=\"150\" alt=\"\" \/><\/a>\n<\/dt><\/dl><dl class=\"gallery-item\">\n<dt class=\"gallery-icon\">\n<a href=\"https:\/\/www.spkatarzyna.pl\/wp-content\/uploads\/2026\/01\/IMG_2779-300x200.jpg\" title=\"\" rel=\"gallery1\" rel=\"lightbox[18124]\"><img loading=\"lazy\" decoding=\"async\" src=\"https:\/\/www.spkatarzyna.pl\/wp-content\/uploads\/2026\/01\/IMG_2779-150x150.jpg\" width=\"150\" height=\"150\" alt=\"\" \/><\/a>\n<\/dt><\/dl><dl class=\"gallery-item\">\n<dt class=\"gallery-icon\">\n<a href=\"https:\/\/www.spkatarzyna.pl\/wp-content\/uploads\/2026\/01\/IMG_2783-300x200.jpg\" title=\"\" rel=\"gallery1\" rel=\"lightbox[18124]\"><img loading=\"lazy\" decoding=\"async\" src=\"https:\/\/www.spkatarzyna.pl\/wp-content\/uploads\/2026\/01\/IMG_2783-150x150.jpg\" width=\"150\" height=\"150\" alt=\"\" \/><\/a>\n<\/dt><\/dl><br style=\"clear: both\" \/><dl class=\"gallery-item\">\n<dt class=\"gallery-icon\">\n<a href=\"https:\/\/www.spkatarzyna.pl\/wp-content\/uploads\/2026\/01\/IMG_2787-300x200.jpg\" title=\"\" rel=\"gallery1\" rel=\"lightbox[18124]\"><img loading=\"lazy\" decoding=\"async\" src=\"https:\/\/www.spkatarzyna.pl\/wp-content\/uploads\/2026\/01\/IMG_2787-150x150.jpg\" width=\"150\" height=\"150\" alt=\"\" \/><\/a>\n<\/dt><\/dl><dl class=\"gallery-item\">\n<dt class=\"gallery-icon\">\n<a href=\"https:\/\/www.spkatarzyna.pl\/wp-content\/uploads\/2026\/01\/IMG_2778-300x200.jpg\" title=\"\" rel=\"gallery1\" rel=\"lightbox[18124]\"><img loading=\"lazy\" decoding=\"async\" src=\"https:\/\/www.spkatarzyna.pl\/wp-content\/uploads\/2026\/01\/IMG_2778-150x150.jpg\" width=\"150\" height=\"150\" alt=\"\" \/><\/a>\n<\/dt><\/dl><dl class=\"gallery-item\">\n<dt class=\"gallery-icon\">\n<a href=\"https:\/\/www.spkatarzyna.pl\/wp-content\/uploads\/2026\/01\/IMG_2799-300x200.jpg\" title=\"\" rel=\"gallery1\" rel=\"lightbox[18124]\"><img loading=\"lazy\" decoding=\"async\" src=\"https:\/\/www.spkatarzyna.pl\/wp-content\/uploads\/2026\/01\/IMG_2799-150x150.jpg\" width=\"150\" height=\"150\" alt=\"\" \/><\/a>\n<\/dt><\/dl><dl class=\"gallery-item\">\n<dt class=\"gallery-icon\">\n<a href=\"https:\/\/www.spkatarzyna.pl\/wp-content\/uploads\/2026\/01\/IMG_2801-300x200.jpg\" title=\"\" rel=\"gallery1\" rel=\"lightbox[18124]\"><img loading=\"lazy\" decoding=\"async\" src=\"https:\/\/www.spkatarzyna.pl\/wp-content\/uploads\/2026\/01\/IMG_2801-150x150.jpg\" width=\"150\" height=\"150\" alt=\"\" \/><\/a>\n<\/dt><\/dl><br style=\"clear: both\" \/><br style=\"clear: both\" \/><\/div>\t\t<\/div>\n\t\t\t\t\t\t<\/div>\n\t\t\t\t\t<\/div>\n\t\t\t\t<\/div>\n\t\t\t\t<\/div>\n\t\t","protected":false},"excerpt":{"rendered":"<p>19 grudnia w naszej szkole odby\u0142y si\u0119&nbsp; jase\u0142ka, kt\u00f3re wprowadzi\u0142y ca\u0142\u0105 spo\u0142eczno\u015b\u0107 szkoln\u0105 w \u015bwi\u0105teczny nastr\u00f3j. W wydarzeniu uczestniczyli uczniowie, nauczyciele, pracownicy szko\u0142y oraz zaproszeni go\u015bcie, wsp\u00f3lnie celebruj\u0105c nadchodz\u0105cy czas&nbsp; Bo\u017cego Narodzenia. Uroczysto\u015b\u0107 sk\u0142ada\u0142a si\u0119 z dw\u00f3ch cz\u0119\u015bci. Pierwsz\u0105 z nich by\u0142o tradycyjne przedstawienie w kt\u00f3rym uczniowie zaprezentowali biblijne sceny [&hellip;]<\/p>\n","protected":false},"author":6,"featured_media":18125,"comment_status":"open","ping_status":"open","sticky":false,"template":"","format":"standard","meta":{"om_disable_all_campaigns":false,"_monsterinsights_skip_tracking":false,"ngg_post_thumbnail":0,"footnotes":""},"categories":[1],"tags":[],"class_list":["post-18124","post","type-post","status-publish","format-standard","has-post-thumbnail","hentry","category-uncategorized"],"aioseo_notices":[],"aioseo_head":"\n\t\t<!-- All in One SEO 5.0.1.1 - aioseo.com -->\n\t<meta name=\"description\" content=\"19 grudnia w naszej szkole odby\u0142y si\u0119 jase\u0142ka, kt\u00f3re wprowadzi\u0142y ca\u0142\u0105 spo\u0142eczno\u015b\u0107 szkoln\u0105 w \u015bwi\u0105teczny nastr\u00f3j. W wydarzeniu uczestniczyli uczniowie, nauczyciele, pracownicy szko\u0142y oraz zaproszeni go\u015bcie, wsp\u00f3lnie celebruj\u0105c nadchodz\u0105cy czas Bo\u017cego Narodzenia. Uroczysto\u015b\u0107 sk\u0142ada\u0142a si\u0119 z dw\u00f3ch cz\u0119\u015bci. Pierwsz\u0105 z nich by\u0142o tradycyjne przedstawienie w kt\u00f3rym uczniowie zaprezentowali biblijne sceny narodzin Jezusa. M\u0142odzi aktorzy z\" \/>\n\t<meta name=\"robots\" content=\"max-image-preview:large\" \/>\n\t<meta name=\"author\" content=\"Redakcja\"\/>\n\t<link rel=\"canonical\" href=\"https:\/\/www.spkatarzyna.pl\/index.php\/2026\/01\/04\/jaselka-w-naszej-szkole\/\" \/>\n\t<meta name=\"generator\" content=\"All in One SEO (AIOSEO) 5.0.1.1\" \/>\n\t\t<meta property=\"og:locale\" content=\"pl_PL\" \/>\n\t\t<meta property=\"og:site_name\" content=\"SP Katarzyna - Publiczna Szko\u0142a Podstawowa w \u015awi\u0119tej Katarzynie\" \/>\n\t\t<meta property=\"og:type\" content=\"article\" \/>\n\t\t<meta property=\"og:title\" content=\"Jase\u0142ka w naszej szkole - SP Katarzyna\" \/>\n\t\t<meta property=\"og:description\" content=\"19 grudnia w naszej szkole odby\u0142y si\u0119 jase\u0142ka, kt\u00f3re wprowadzi\u0142y ca\u0142\u0105 spo\u0142eczno\u015b\u0107 szkoln\u0105 w \u015bwi\u0105teczny nastr\u00f3j. W wydarzeniu uczestniczyli uczniowie, nauczyciele, pracownicy szko\u0142y oraz zaproszeni go\u015bcie, wsp\u00f3lnie celebruj\u0105c nadchodz\u0105cy czas Bo\u017cego Narodzenia. Uroczysto\u015b\u0107 sk\u0142ada\u0142a si\u0119 z dw\u00f3ch cz\u0119\u015bci. Pierwsz\u0105 z nich by\u0142o tradycyjne przedstawienie w kt\u00f3rym uczniowie zaprezentowali biblijne sceny narodzin Jezusa. M\u0142odzi aktorzy z\" \/>\n\t\t<meta property=\"og:url\" content=\"https:\/\/www.spkatarzyna.pl\/index.php\/2026\/01\/04\/jaselka-w-naszej-szkole\/\" \/>\n\t\t<meta property=\"article:published_time\" content=\"2026-01-04T11:32:13+00:00\" \/>\n\t\t<meta property=\"article:modified_time\" content=\"2026-01-04T11:49:34+00:00\" \/>\n\t\t<meta name=\"twitter:card\" content=\"summary_large_image\" \/>\n\t\t<meta name=\"twitter:title\" content=\"Jase\u0142ka w naszej szkole - SP Katarzyna\" \/>\n\t\t<meta name=\"twitter:description\" content=\"19 grudnia w naszej szkole odby\u0142y si\u0119 jase\u0142ka, kt\u00f3re wprowadzi\u0142y ca\u0142\u0105 spo\u0142eczno\u015b\u0107 szkoln\u0105 w \u015bwi\u0105teczny nastr\u00f3j. W wydarzeniu uczestniczyli uczniowie, nauczyciele, pracownicy szko\u0142y oraz zaproszeni go\u015bcie, wsp\u00f3lnie celebruj\u0105c nadchodz\u0105cy czas Bo\u017cego Narodzenia. Uroczysto\u015b\u0107 sk\u0142ada\u0142a si\u0119 z dw\u00f3ch cz\u0119\u015bci. Pierwsz\u0105 z nich by\u0142o tradycyjne przedstawienie w kt\u00f3rym uczniowie zaprezentowali biblijne sceny narodzin Jezusa. M\u0142odzi aktorzy z\" \/>\n\t\t<script type=\"application\/ld+json\" class=\"aioseo-schema\">\n\t\t\t{\"@context\":\"https:\\\/\\\/schema.org\",\"@graph\":[{\"@type\":\"BlogPosting\",\"@id\":\"https:\\\/\\\/www.spkatarzyna.pl\\\/index.php\\\/2026\\\/01\\\/04\\\/jaselka-w-naszej-szkole\\\/#blogposting\",\"name\":\"Jase\\u0142ka w naszej szkole - SP Katarzyna\",\"headline\":\"Jase\\u0142ka w naszej szkole\",\"author\":{\"@id\":\"https:\\\/\\\/www.spkatarzyna.pl\\\/index.php\\\/author\\\/agatasafianspkatarzyna-pl\\\/#author\"},\"publisher\":{\"@id\":\"https:\\\/\\\/www.spkatarzyna.pl\\\/#organization\"},\"image\":{\"@type\":\"ImageObject\",\"url\":\"https:\\\/\\\/www.spkatarzyna.pl\\\/wp-content\\\/uploads\\\/2026\\\/01\\\/IMG_2757.jpg\",\"width\":360,\"height\":202},\"datePublished\":\"2026-01-04T11:32:13+01:00\",\"dateModified\":\"2026-01-04T11:49:34+01:00\",\"inLanguage\":\"pl-PL\",\"mainEntityOfPage\":{\"@id\":\"https:\\\/\\\/www.spkatarzyna.pl\\\/index.php\\\/2026\\\/01\\\/04\\\/jaselka-w-naszej-szkole\\\/#webpage\"},\"isPartOf\":{\"@id\":\"https:\\\/\\\/www.spkatarzyna.pl\\\/index.php\\\/2026\\\/01\\\/04\\\/jaselka-w-naszej-szkole\\\/#webpage\"},\"articleSection\":\"Uncategorized\"},{\"@type\":\"BreadcrumbList\",\"@id\":\"https:\\\/\\\/www.spkatarzyna.pl\\\/index.php\\\/2026\\\/01\\\/04\\\/jaselka-w-naszej-szkole\\\/#breadcrumblist\",\"itemListElement\":[{\"@type\":\"ListItem\",\"@id\":\"https:\\\/\\\/www.spkatarzyna.pl#listItem\",\"position\":1,\"name\":\"Dom\",\"item\":\"https:\\\/\\\/www.spkatarzyna.pl\",\"nextItem\":{\"@type\":\"ListItem\",\"@id\":\"https:\\\/\\\/www.spkatarzyna.pl\\\/index.php\\\/category\\\/uncategorized\\\/#listItem\",\"name\":\"Uncategorized\"}},{\"@type\":\"ListItem\",\"@id\":\"https:\\\/\\\/www.spkatarzyna.pl\\\/index.php\\\/category\\\/uncategorized\\\/#listItem\",\"position\":2,\"name\":\"Uncategorized\",\"item\":\"https:\\\/\\\/www.spkatarzyna.pl\\\/index.php\\\/category\\\/uncategorized\\\/\",\"nextItem\":{\"@type\":\"ListItem\",\"@id\":\"https:\\\/\\\/www.spkatarzyna.pl\\\/index.php\\\/2026\\\/01\\\/04\\\/jaselka-w-naszej-szkole\\\/#listItem\",\"name\":\"Jase\\u0142ka w naszej szkole\"},\"previousItem\":{\"@type\":\"ListItem\",\"@id\":\"https:\\\/\\\/www.spkatarzyna.pl#listItem\",\"name\":\"Dom\"}},{\"@type\":\"ListItem\",\"@id\":\"https:\\\/\\\/www.spkatarzyna.pl\\\/index.php\\\/2026\\\/01\\\/04\\\/jaselka-w-naszej-szkole\\\/#listItem\",\"position\":3,\"name\":\"Jase\\u0142ka w naszej szkole\",\"previousItem\":{\"@type\":\"ListItem\",\"@id\":\"https:\\\/\\\/www.spkatarzyna.pl\\\/index.php\\\/category\\\/uncategorized\\\/#listItem\",\"name\":\"Uncategorized\"}}]},{\"@type\":\"Organization\",\"@id\":\"https:\\\/\\\/www.spkatarzyna.pl\\\/#organization\",\"name\":\"SP Katarzyna\",\"description\":\"Publiczna Szko\\u0142a Podstawowa w \\u015awi\\u0119tej Katarzynie\",\"url\":\"https:\\\/\\\/www.spkatarzyna.pl\\\/\",\"telephone\":\"+48713116378\",\"sameAs\":[\"https:\\\/\\\/facebook.com\\\/\",\"https:\\\/\\\/x.com\\\/\",\"https:\\\/\\\/instagram.com\\\/\",\"https:\\\/\\\/pinterest.com\\\/\",\"https:\\\/\\\/youtube.com\\\/\",\"https:\\\/\\\/linkedin.com\\\/in\\\/\"]},{\"@type\":\"Person\",\"@id\":\"https:\\\/\\\/www.spkatarzyna.pl\\\/index.php\\\/author\\\/agatasafianspkatarzyna-pl\\\/#author\",\"url\":\"https:\\\/\\\/www.spkatarzyna.pl\\\/index.php\\\/author\\\/agatasafianspkatarzyna-pl\\\/\",\"name\":\"Redakcja\",\"image\":{\"@type\":\"ImageObject\",\"@id\":\"https:\\\/\\\/www.spkatarzyna.pl\\\/index.php\\\/2026\\\/01\\\/04\\\/jaselka-w-naszej-szkole\\\/#authorImage\",\"url\":\"https:\\\/\\\/secure.gravatar.com\\\/avatar\\\/765290513df94d442152250e92b42327?s=96&d=mm&r=g\",\"width\":96,\"height\":96,\"caption\":\"Redakcja\"}},{\"@type\":\"WebPage\",\"@id\":\"https:\\\/\\\/www.spkatarzyna.pl\\\/index.php\\\/2026\\\/01\\\/04\\\/jaselka-w-naszej-szkole\\\/#webpage\",\"url\":\"https:\\\/\\\/www.spkatarzyna.pl\\\/index.php\\\/2026\\\/01\\\/04\\\/jaselka-w-naszej-szkole\\\/\",\"name\":\"Jase\\u0142ka w naszej szkole - SP Katarzyna\",\"description\":\"19 grudnia w naszej szkole odby\\u0142y si\\u0119 jase\\u0142ka, kt\\u00f3re wprowadzi\\u0142y ca\\u0142\\u0105 spo\\u0142eczno\\u015b\\u0107 szkoln\\u0105 w \\u015bwi\\u0105teczny nastr\\u00f3j. W wydarzeniu uczestniczyli uczniowie, nauczyciele, pracownicy szko\\u0142y oraz zaproszeni go\\u015bcie, wsp\\u00f3lnie celebruj\\u0105c nadchodz\\u0105cy czas Bo\\u017cego Narodzenia. Uroczysto\\u015b\\u0107 sk\\u0142ada\\u0142a si\\u0119 z dw\\u00f3ch cz\\u0119\\u015bci. Pierwsz\\u0105 z nich by\\u0142o tradycyjne przedstawienie w kt\\u00f3rym uczniowie zaprezentowali biblijne sceny narodzin Jezusa. M\\u0142odzi aktorzy z\",\"inLanguage\":\"pl-PL\",\"isPartOf\":{\"@id\":\"https:\\\/\\\/www.spkatarzyna.pl\\\/#website\"},\"breadcrumb\":{\"@id\":\"https:\\\/\\\/www.spkatarzyna.pl\\\/index.php\\\/2026\\\/01\\\/04\\\/jaselka-w-naszej-szkole\\\/#breadcrumblist\"},\"author\":{\"@id\":\"https:\\\/\\\/www.spkatarzyna.pl\\\/index.php\\\/author\\\/agatasafianspkatarzyna-pl\\\/#author\"},\"creator\":{\"@id\":\"https:\\\/\\\/www.spkatarzyna.pl\\\/index.php\\\/author\\\/agatasafianspkatarzyna-pl\\\/#author\"},\"image\":{\"@type\":\"ImageObject\",\"url\":\"https:\\\/\\\/www.spkatarzyna.pl\\\/wp-content\\\/uploads\\\/2026\\\/01\\\/IMG_2757.jpg\",\"@id\":\"https:\\\/\\\/www.spkatarzyna.pl\\\/index.php\\\/2026\\\/01\\\/04\\\/jaselka-w-naszej-szkole\\\/#mainImage\",\"width\":360,\"height\":202},\"primaryImageOfPage\":{\"@id\":\"https:\\\/\\\/www.spkatarzyna.pl\\\/index.php\\\/2026\\\/01\\\/04\\\/jaselka-w-naszej-szkole\\\/#mainImage\"},\"datePublished\":\"2026-01-04T11:32:13+01:00\",\"dateModified\":\"2026-01-04T11:49:34+01:00\"},{\"@type\":\"WebSite\",\"@id\":\"https:\\\/\\\/www.spkatarzyna.pl\\\/#website\",\"url\":\"https:\\\/\\\/www.spkatarzyna.pl\\\/\",\"name\":\"SP Katarzyna\",\"description\":\"Publiczna Szko\\u0142a Podstawowa w \\u015awi\\u0119tej Katarzynie\",\"inLanguage\":\"pl-PL\",\"publisher\":{\"@id\":\"https:\\\/\\\/www.spkatarzyna.pl\\\/#organization\"}}]}\n\t\t<\/script>\n\t\t<!-- All in One SEO -->\n\n","aioseo_head_json":{"title":"Jase\u0142ka w naszej szkole - SP Katarzyna","description":"19 grudnia w naszej szkole odby\u0142y si\u0119 jase\u0142ka, kt\u00f3re wprowadzi\u0142y ca\u0142\u0105 spo\u0142eczno\u015b\u0107 szkoln\u0105 w \u015bwi\u0105teczny nastr\u00f3j. W wydarzeniu uczestniczyli uczniowie, nauczyciele, pracownicy szko\u0142y oraz zaproszeni go\u015bcie, wsp\u00f3lnie celebruj\u0105c nadchodz\u0105cy czas Bo\u017cego Narodzenia. Uroczysto\u015b\u0107 sk\u0142ada\u0142a si\u0119 z dw\u00f3ch cz\u0119\u015bci. Pierwsz\u0105 z nich by\u0142o tradycyjne przedstawienie w kt\u00f3rym uczniowie zaprezentowali biblijne sceny narodzin Jezusa. M\u0142odzi aktorzy z","canonical_url":"https:\/\/www.spkatarzyna.pl\/index.php\/2026\/01\/04\/jaselka-w-naszej-szkole\/","robots":"max-image-preview:large","keywords":"","webmasterTools":{"miscellaneous":""},"schema":{"@context":"https:\/\/schema.org","@graph":[{"@type":"BlogPosting","@id":"https:\/\/www.spkatarzyna.pl\/index.php\/2026\/01\/04\/jaselka-w-naszej-szkole\/#blogposting","name":"Jase\u0142ka w naszej szkole - SP Katarzyna","headline":"Jase\u0142ka w naszej szkole","author":{"@id":"https:\/\/www.spkatarzyna.pl\/index.php\/author\/agatasafianspkatarzyna-pl\/#author"},"publisher":{"@id":"https:\/\/www.spkatarzyna.pl\/#organization"},"image":{"@type":"ImageObject","url":"https:\/\/www.spkatarzyna.pl\/wp-content\/uploads\/2026\/01\/IMG_2757.jpg","width":360,"height":202},"datePublished":"2026-01-04T11:32:13+01:00","dateModified":"2026-01-04T11:49:34+01:00","inLanguage":"pl-PL","mainEntityOfPage":{"@id":"https:\/\/www.spkatarzyna.pl\/index.php\/2026\/01\/04\/jaselka-w-naszej-szkole\/#webpage"},"isPartOf":{"@id":"https:\/\/www.spkatarzyna.pl\/index.php\/2026\/01\/04\/jaselka-w-naszej-szkole\/#webpage"},"articleSection":"Uncategorized"},{"@type":"BreadcrumbList","@id":"https:\/\/www.spkatarzyna.pl\/index.php\/2026\/01\/04\/jaselka-w-naszej-szkole\/#breadcrumblist","itemListElement":[{"@type":"ListItem","@id":"https:\/\/www.spkatarzyna.pl#listItem","position":1,"name":"Dom","item":"https:\/\/www.spkatarzyna.pl","nextItem":{"@type":"ListItem","@id":"https:\/\/www.spkatarzyna.pl\/index.php\/category\/uncategorized\/#listItem","name":"Uncategorized"}},{"@type":"ListItem","@id":"https:\/\/www.spkatarzyna.pl\/index.php\/category\/uncategorized\/#listItem","position":2,"name":"Uncategorized","item":"https:\/\/www.spkatarzyna.pl\/index.php\/category\/uncategorized\/","nextItem":{"@type":"ListItem","@id":"https:\/\/www.spkatarzyna.pl\/index.php\/2026\/01\/04\/jaselka-w-naszej-szkole\/#listItem","name":"Jase\u0142ka w naszej szkole"},"previousItem":{"@type":"ListItem","@id":"https:\/\/www.spkatarzyna.pl#listItem","name":"Dom"}},{"@type":"ListItem","@id":"https:\/\/www.spkatarzyna.pl\/index.php\/2026\/01\/04\/jaselka-w-naszej-szkole\/#listItem","position":3,"name":"Jase\u0142ka w naszej szkole","previousItem":{"@type":"ListItem","@id":"https:\/\/www.spkatarzyna.pl\/index.php\/category\/uncategorized\/#listItem","name":"Uncategorized"}}]},{"@type":"Organization","@id":"https:\/\/www.spkatarzyna.pl\/#organization","name":"SP Katarzyna","description":"Publiczna Szko\u0142a Podstawowa w \u015awi\u0119tej Katarzynie","url":"https:\/\/www.spkatarzyna.pl\/","telephone":"+48713116378","sameAs":["https:\/\/facebook.com\/","https:\/\/x.com\/","https:\/\/instagram.com\/","https:\/\/pinterest.com\/","https:\/\/youtube.com\/","https:\/\/linkedin.com\/in\/"]},{"@type":"Person","@id":"https:\/\/www.spkatarzyna.pl\/index.php\/author\/agatasafianspkatarzyna-pl\/#author","url":"https:\/\/www.spkatarzyna.pl\/index.php\/author\/agatasafianspkatarzyna-pl\/","name":"Redakcja","image":{"@type":"ImageObject","@id":"https:\/\/www.spkatarzyna.pl\/index.php\/2026\/01\/04\/jaselka-w-naszej-szkole\/#authorImage","url":"https:\/\/secure.gravatar.com\/avatar\/765290513df94d442152250e92b42327?s=96&d=mm&r=g","width":96,"height":96,"caption":"Redakcja"}},{"@type":"WebPage","@id":"https:\/\/www.spkatarzyna.pl\/index.php\/2026\/01\/04\/jaselka-w-naszej-szkole\/#webpage","url":"https:\/\/www.spkatarzyna.pl\/index.php\/2026\/01\/04\/jaselka-w-naszej-szkole\/","name":"Jase\u0142ka w naszej szkole - SP Katarzyna","description":"19 grudnia w naszej szkole odby\u0142y si\u0119 jase\u0142ka, kt\u00f3re wprowadzi\u0142y ca\u0142\u0105 spo\u0142eczno\u015b\u0107 szkoln\u0105 w \u015bwi\u0105teczny nastr\u00f3j. W wydarzeniu uczestniczyli uczniowie, nauczyciele, pracownicy szko\u0142y oraz zaproszeni go\u015bcie, wsp\u00f3lnie celebruj\u0105c nadchodz\u0105cy czas Bo\u017cego Narodzenia. Uroczysto\u015b\u0107 sk\u0142ada\u0142a si\u0119 z dw\u00f3ch cz\u0119\u015bci. Pierwsz\u0105 z nich by\u0142o tradycyjne przedstawienie w kt\u00f3rym uczniowie zaprezentowali biblijne sceny narodzin Jezusa. M\u0142odzi aktorzy z","inLanguage":"pl-PL","isPartOf":{"@id":"https:\/\/www.spkatarzyna.pl\/#website"},"breadcrumb":{"@id":"https:\/\/www.spkatarzyna.pl\/index.php\/2026\/01\/04\/jaselka-w-naszej-szkole\/#breadcrumblist"},"author":{"@id":"https:\/\/www.spkatarzyna.pl\/index.php\/author\/agatasafianspkatarzyna-pl\/#author"},"creator":{"@id":"https:\/\/www.spkatarzyna.pl\/index.php\/author\/agatasafianspkatarzyna-pl\/#author"},"image":{"@type":"ImageObject","url":"https:\/\/www.spkatarzyna.pl\/wp-content\/uploads\/2026\/01\/IMG_2757.jpg","@id":"https:\/\/www.spkatarzyna.pl\/index.php\/2026\/01\/04\/jaselka-w-naszej-szkole\/#mainImage","width":360,"height":202},"primaryImageOfPage":{"@id":"https:\/\/www.spkatarzyna.pl\/index.php\/2026\/01\/04\/jaselka-w-naszej-szkole\/#mainImage"},"datePublished":"2026-01-04T11:32:13+01:00","dateModified":"2026-01-04T11:49:34+01:00"},{"@type":"WebSite","@id":"https:\/\/www.spkatarzyna.pl\/#website","url":"https:\/\/www.spkatarzyna.pl\/","name":"SP Katarzyna","description":"Publiczna Szko\u0142a Podstawowa w \u015awi\u0119tej Katarzynie","inLanguage":"pl-PL","publisher":{"@id":"https:\/\/www.spkatarzyna.pl\/#organization"}}]},"og:locale":"pl_PL","og:site_name":"SP Katarzyna - Publiczna Szko\u0142a Podstawowa w \u015awi\u0119tej Katarzynie","og:type":"article","og:title":"Jase\u0142ka w naszej szkole - SP Katarzyna","og:description":"19 grudnia w naszej szkole odby\u0142y si\u0119 jase\u0142ka, kt\u00f3re wprowadzi\u0142y ca\u0142\u0105 spo\u0142eczno\u015b\u0107 szkoln\u0105 w \u015bwi\u0105teczny nastr\u00f3j. W wydarzeniu uczestniczyli uczniowie, nauczyciele, pracownicy szko\u0142y oraz zaproszeni go\u015bcie, wsp\u00f3lnie celebruj\u0105c nadchodz\u0105cy czas Bo\u017cego Narodzenia. Uroczysto\u015b\u0107 sk\u0142ada\u0142a si\u0119 z dw\u00f3ch cz\u0119\u015bci. Pierwsz\u0105 z nich by\u0142o tradycyjne przedstawienie w kt\u00f3rym uczniowie zaprezentowali biblijne sceny narodzin Jezusa. M\u0142odzi aktorzy z","og:url":"https:\/\/www.spkatarzyna.pl\/index.php\/2026\/01\/04\/jaselka-w-naszej-szkole\/","article:published_time":"2026-01-04T11:32:13+00:00","article:modified_time":"2026-01-04T11:49:34+00:00","twitter:card":"summary_large_image","twitter:title":"Jase\u0142ka w naszej szkole - SP Katarzyna","twitter:description":"19 grudnia w naszej szkole odby\u0142y si\u0119 jase\u0142ka, kt\u00f3re wprowadzi\u0142y ca\u0142\u0105 spo\u0142eczno\u015b\u0107 szkoln\u0105 w \u015bwi\u0105teczny nastr\u00f3j. W wydarzeniu uczestniczyli uczniowie, nauczyciele, pracownicy szko\u0142y oraz zaproszeni go\u015bcie, wsp\u00f3lnie celebruj\u0105c nadchodz\u0105cy czas Bo\u017cego Narodzenia. Uroczysto\u015b\u0107 sk\u0142ada\u0142a si\u0119 z dw\u00f3ch cz\u0119\u015bci. Pierwsz\u0105 z nich by\u0142o tradycyjne przedstawienie w kt\u00f3rym uczniowie zaprezentowali biblijne sceny narodzin Jezusa. M\u0142odzi aktorzy z"},"aioseo_meta_data":{"post_id":"18124","title":null,"description":null,"keywords":null,"keyphrases":{"focus":{"keyphrase":"","score":0,"analysis":{"keyphraseInTitle":{"score":0,"maxScore":9,"error":1}}},"additional":[]},"primary_term":null,"canonical_url":null,"og_title":null,"og_description":null,"og_object_type":"default","og_image_type":"default","og_image_url":null,"og_image_width":null,"og_image_height":null,"og_image_custom_url":null,"og_image_custom_fields":null,"og_video":"","og_custom_url":null,"og_article_section":null,"og_article_tags":null,"twitter_use_og":false,"twitter_card":"default","twitter_image_type":"default","twitter_image_url":null,"twitter_image_custom_url":null,"twitter_image_custom_fields":null,"twitter_title":null,"twitter_description":null,"schema":{"blockGraphs":[],"customGraphs":[],"default":{"data":{"Article":[],"Course":[],"Dataset":[],"FAQPage":[],"Movie":[],"Person":[],"Product":[],"ProductReview":[],"Car":[],"Recipe":[],"Service":[],"SoftwareApplication":[],"WebPage":[]},"graphName":"BlogPosting","isEnabled":true},"graphs":[]},"schema_type":"default","schema_type_options":null,"pillar_content":false,"robots_default":true,"robots_noindex":false,"robots_noarchive":false,"robots_nosnippet":false,"robots_nofollow":false,"robots_noimageindex":false,"robots_noodp":false,"robots_notranslate":false,"robots_max_snippet":"-1","robots_max_videopreview":"-1","robots_max_imagepreview":"large","priority":null,"frequency":"default","local_seo":null,"limit_modified_date":false,"created":"2026-01-04 11:32:13","updated":"2026-09-03 17:37:15","focus_keyword":null,"additional_keywords":null,"truseo_locale":null,"ai":null,"breadcrumb_settings":null,"seo_analyzer_scan_date":null},"aioseo_breadcrumb":"<div class=\"aioseo-breadcrumbs\"><span class=\"aioseo-breadcrumb\">\n\t\t\t<a href=\"https:\/\/www.spkatarzyna.pl\" title=\"Dom\">Dom<\/a>\n\t\t<\/span><span class=\"aioseo-breadcrumb-separator\">&raquo;<\/span><span class=\"aioseo-breadcrumb\">\n\t\t\t<a href=\"https:\/\/www.spkatarzyna.pl\/index.php\/category\/uncategorized\/\" title=\"Uncategorized\">Uncategorized<\/a>\n\t\t<\/span><span class=\"aioseo-breadcrumb-separator\">&raquo;<\/span><span class=\"aioseo-breadcrumb\">\n\t\t\tJase\u0142ka w naszej szkole\n\t\t<\/span><\/div>","aioseo_breadcrumb_json":[{"label":"Dom","link":"https:\/\/www.spkatarzyna.pl"},{"label":"Uncategorized","link":"https:\/\/www.spkatarzyna.pl\/index.php\/category\/uncategorized\/"},{"label":"Jase\u0142ka w naszej szkole","link":"https:\/\/www.spkatarzyna.pl\/index.php\/2026\/01\/04\/jaselka-w-naszej-szkole\/"}],"_links":{"self":[{"href":"https:\/\/www.spkatarzyna.pl\/index.php\/wp-json\/wp\/v2\/posts\/18124","targetHints":{"allow":["GET"]}}],"collection":[{"href":"https:\/\/www.spkatarzyna.pl\/index.php\/wp-json\/wp\/v2\/posts"}],"about":[{"href":"https:\/\/www.spkatarzyna.pl\/index.php\/wp-json\/wp\/v2\/types\/post"}],"author":[{"embeddable":true,"href":"https:\/\/www.spkatarzyna.pl\/index.php\/wp-json\/wp\/v2\/users\/6"}],"replies":[{"embeddable":true,"href":"https:\/\/www.spkatarzyna.pl\/index.php\/wp-json\/wp\/v2\/comments?post=18124"}],"version-history":[{"count":10,"href":"https:\/\/www.spkatarzyna.pl\/index.php\/wp-json\/wp\/v2\/posts\/18124\/revisions"}],"predecessor-version":[{"id":18163,"href":"https:\/\/www.spkatarzyna.pl\/index.php\/wp-json\/wp\/v2\/posts\/18124\/revisions\/18163"}],"wp:featuredmedia":[{"embeddable":true,"href":"https:\/\/www.spkatarzyna.pl\/index.php\/wp-json\/wp\/v2\/media\/18125"}],"wp:attachment":[{"href":"https:\/\/www.spkatarzyna.pl\/index.php\/wp-json\/wp\/v2\/media?parent=18124"}],"wp:term":[{"taxonomy":"category","embeddable":true,"href":"https:\/\/www.spkatarzyna.pl\/index.php\/wp-json\/wp\/v2\/categories?post=18124"},{"taxonomy":"post_tag","embeddable":true,"href":"https:\/\/www.spkatarzyna.pl\/index.php\/wp-json\/wp\/v2\/tags?post=18124"}],"curies":[{"name":"wp","href":"https:\/\/api.w.org\/{rel}","templated":true}]}}