{"id":18165,"date":"2026-01-10T08:21:13","date_gmt":"2026-01-10T08:21:13","guid":{"rendered":"https:\/\/www.spkatarzyna.pl\/?p=18165"},"modified":"2026-01-11T14:22:21","modified_gmt":"2026-01-11T14:22:21","slug":"wystep-teatralny-w-gminnym-centrum","status":"publish","type":"post","link":"https:\/\/www.spkatarzyna.pl\/index.php\/2026\/01\/10\/wystep-teatralny-w-gminnym-centrum\/","title":{"rendered":"Wyst\u0119p teatralny 7c w GCK w Siechnicach"},"content":{"rendered":"\t\t<div data-elementor-type=\"wp-post\" data-elementor-id=\"18165\" class=\"elementor elementor-18165\">\n\t\t\t\t<div class=\"elementor-element elementor-element-14dddd7b e-flex e-con-boxed e-con e-parent\" data-id=\"14dddd7b\" data-element_type=\"container\">\n\t\t\t\t\t<div class=\"e-con-inner\">\n\t\t\t\t<div class=\"elementor-element elementor-element-4a615b0a elementor-widget elementor-widget-text-editor\" data-id=\"4a615b0a\" data-element_type=\"widget\" data-widget_type=\"text-editor.default\">\n\t\t\t\t\t\t\t\t\t<p style=\"text-align: justify;\"><span style=\"font-size: 14pt;\"><span style=\"font-weight: 400;\">\u00a0 \u00a0 \u00a0 <\/span><\/span><span style=\"font-size: 14pt;\">9 stycznia 2026 roku uczniowie z klasy 7c wraz z Igorem ( 6c)\u00a0 i Zuzi\u0105 (5d ) zaprezentowali\u00a0 na forum Gminy Siechnice scenk\u0119\u00a0 <em>Lekcja j\u0119zyka polskiego<\/em>, inspirowan\u0105\u00a0 znan\u0105 powie\u015bci\u0105\u00a0pt. <em>Ferdydurke<\/em>. Wydarzenie tym bardziej by\u0142o donios\u0142e, gdy\u017c wyst\u0119py artyst\u00f3w po\u0142\u0105czone zosta\u0142y z akcj\u0105 charytatywn\u0105 na rzecz poszkodowanego dziecka. Publiczno\u015b\u0107\u00a0 gromkimi brawami doceni\u0142a gr\u0119 naszych szkolnych aktor\u00f3w. Uczniowie zostali przygotowani przez Pani\u0105 Dorot\u0119 Bronowick\u0105, nauczycielk\u0119 j\u0119zyka polskiego.<\/span><\/p>\t\t\t\t\t\t\t\t<\/div>\n\t\t\t\t<div class=\"elementor-element elementor-element-cd20cfe elementor-widget elementor-widget-image-gallery\" data-id=\"cd20cfe\" data-element_type=\"widget\" data-widget_type=\"image-gallery.default\">\n\t\t\t\t\t\t\t<div class=\"elementor-image-gallery\">\n\t\t\t\n\t\t<div id='gallery-1' class='gallery galleryid-18165 gallery-columns-3 gallery-size-thumbnail gallery1'><script type=\"text\/javascript\">\n\/\/ <![CDATA[\n\tjQuery(document).ready(function () {\n\t\tjQuery(\".gallery1 a\").attr(\"rel\",\"gallery1\");\t\n\t\tjQuery('a[rel=\"gallery1\"]').colorbox({title: function(){ return jQuery(this).children().attr(\"alt\"); }});\n\t});\n\/\/ ]]>\n<\/script>\n<dl class=\"gallery-item\">\n<dt class=\"gallery-icon\">\n<a href=\"https:\/\/www.spkatarzyna.pl\/wp-content\/uploads\/2026\/01\/PHOTO-2026-01-10-08-11-35-2-300x135.jpg\" title=\"\" rel=\"gallery1\" rel=\"lightbox[18165]\"><img decoding=\"async\" src=\"https:\/\/www.spkatarzyna.pl\/wp-content\/uploads\/2026\/01\/PHOTO-2026-01-10-08-11-35-2-150x150.jpg\" width=\"150\" height=\"150\" alt=\"\" \/><\/a>\n<\/dt><\/dl><dl class=\"gallery-item\">\n<dt class=\"gallery-icon\">\n<a href=\"https:\/\/www.spkatarzyna.pl\/wp-content\/uploads\/2026\/01\/PHOTO-2026-01-10-08-11-35-3-300x135.jpg\" title=\"\" rel=\"gallery1\" rel=\"lightbox[18165]\"><img decoding=\"async\" src=\"https:\/\/www.spkatarzyna.pl\/wp-content\/uploads\/2026\/01\/PHOTO-2026-01-10-08-11-35-3-150x150.jpg\" width=\"150\" height=\"150\" alt=\"\" \/><\/a>\n<\/dt><\/dl><dl class=\"gallery-item\">\n<dt class=\"gallery-icon\">\n<a href=\"https:\/\/www.spkatarzyna.pl\/wp-content\/uploads\/2026\/01\/PHOTO-2026-01-10-08-11-35-4-300x135.jpg\" title=\"\" rel=\"gallery1\" rel=\"lightbox[18165]\"><img decoding=\"async\" src=\"https:\/\/www.spkatarzyna.pl\/wp-content\/uploads\/2026\/01\/PHOTO-2026-01-10-08-11-35-4-150x150.jpg\" width=\"150\" height=\"150\" alt=\"\" \/><\/a>\n<\/dt><\/dl><br style=\"clear: both\" \/><dl class=\"gallery-item\">\n<dt class=\"gallery-icon\">\n<a href=\"https:\/\/www.spkatarzyna.pl\/wp-content\/uploads\/2026\/01\/PHOTO-2026-01-10-08-11-35-5-300x135.jpg\" title=\"\" rel=\"gallery1\" rel=\"lightbox[18165]\"><img loading=\"lazy\" decoding=\"async\" src=\"https:\/\/www.spkatarzyna.pl\/wp-content\/uploads\/2026\/01\/PHOTO-2026-01-10-08-11-35-5-150x150.jpg\" width=\"150\" height=\"150\" alt=\"\" \/><\/a>\n<\/dt><\/dl><dl class=\"gallery-item\">\n<dt class=\"gallery-icon\">\n<a href=\"https:\/\/www.spkatarzyna.pl\/wp-content\/uploads\/2026\/01\/PHOTO-2026-01-10-08-11-35-6-300x169.jpg\" title=\"\" rel=\"gallery1\" rel=\"lightbox[18165]\"><img loading=\"lazy\" decoding=\"async\" src=\"https:\/\/www.spkatarzyna.pl\/wp-content\/uploads\/2026\/01\/PHOTO-2026-01-10-08-11-35-6-150x150.jpg\" width=\"150\" height=\"150\" alt=\"\" \/><\/a>\n<\/dt><\/dl><dl class=\"gallery-item\">\n<dt class=\"gallery-icon\">\n<a href=\"https:\/\/www.spkatarzyna.pl\/wp-content\/uploads\/2026\/01\/PHOTO-2026-01-10-08-11-35-300x135.jpg\" title=\"\" rel=\"gallery1\" rel=\"lightbox[18165]\"><img loading=\"lazy\" decoding=\"async\" src=\"https:\/\/www.spkatarzyna.pl\/wp-content\/uploads\/2026\/01\/PHOTO-2026-01-10-08-11-35-150x150.jpg\" width=\"150\" height=\"150\" alt=\"\" \/><\/a>\n<\/dt><\/dl><br style=\"clear: both\" \/><br style=\"clear: both\" \/><\/div>\t\t<\/div>\n\t\t\t\t\t\t<\/div>\n\t\t\t\t\t<\/div>\n\t\t\t\t<\/div>\n\t\t\t\t<\/div>\n\t\t","protected":false},"excerpt":{"rendered":"<p>\u00a0 \u00a0 \u00a0 9 stycznia 2026 roku uczniowie z klasy 7c wraz z Igorem ( 6c)\u00a0 i Zuzi\u0105 (5d ) zaprezentowali\u00a0 na forum Gminy Siechnice scenk\u0119\u00a0 Lekcja j\u0119zyka polskiego, inspirowan\u0105\u00a0 znan\u0105 powie\u015bci\u0105\u00a0pt. Ferdydurke. Wydarzenie tym bardziej by\u0142o donios\u0142e, gdy\u017c wyst\u0119py artyst\u00f3w po\u0142\u0105czone zosta\u0142y z akcj\u0105 charytatywn\u0105 na rzecz poszkodowanego dziecka. [&hellip;]<\/p>\n","protected":false},"author":6,"featured_media":18166,"comment_status":"open","ping_status":"open","sticky":false,"template":"","format":"standard","meta":{"om_disable_all_campaigns":false,"_monsterinsights_skip_tracking":false,"ngg_post_thumbnail":0,"footnotes":""},"categories":[1],"tags":[],"class_list":["post-18165","post","type-post","status-publish","format-standard","has-post-thumbnail","hentry","category-uncategorized"],"aioseo_notices":[],"aioseo_head":"\n\t\t<!-- All in One SEO 5.0.1.1 - aioseo.com -->\n\t<meta name=\"description\" content=\"9 stycznia 2026 roku uczniowie z klasy 7c wraz z Igorem ( 6c) i Zuzi\u0105 (5d ) zaprezentowali na forum Gminy Siechnice scenk\u0119 Lekcja j\u0119zyka polskiego, inspirowan\u0105 znan\u0105 powie\u015bci\u0105 pt. Ferdydurke. Wydarzenie tym bardziej by\u0142o donios\u0142e, gdy\u017c wyst\u0119py artyst\u00f3w po\u0142\u0105czone zosta\u0142y z akcj\u0105 charytatywn\u0105 na rzecz poszkodowanego dziecka. Publiczno\u015b\u0107 gromkimi brawami doceni\u0142a gr\u0119\" \/>\n\t<meta name=\"robots\" content=\"max-image-preview:large\" \/>\n\t<meta name=\"author\" content=\"Redakcja\"\/>\n\t<link rel=\"canonical\" href=\"https:\/\/www.spkatarzyna.pl\/index.php\/2026\/01\/10\/wystep-teatralny-w-gminnym-centrum\/\" \/>\n\t<meta name=\"generator\" content=\"All in One SEO (AIOSEO) 5.0.1.1\" \/>\n\t\t<meta property=\"og:locale\" content=\"pl_PL\" \/>\n\t\t<meta property=\"og:site_name\" content=\"SP Katarzyna - Publiczna Szko\u0142a Podstawowa w \u015awi\u0119tej Katarzynie\" \/>\n\t\t<meta property=\"og:type\" content=\"article\" \/>\n\t\t<meta property=\"og:title\" content=\"Wyst\u0119p teatralny 7c w GCK w Siechnicach - SP Katarzyna\" \/>\n\t\t<meta property=\"og:description\" content=\"9 stycznia 2026 roku uczniowie z klasy 7c wraz z Igorem ( 6c) i Zuzi\u0105 (5d ) zaprezentowali na forum Gminy Siechnice scenk\u0119 Lekcja j\u0119zyka polskiego, inspirowan\u0105 znan\u0105 powie\u015bci\u0105 pt. Ferdydurke. Wydarzenie tym bardziej by\u0142o donios\u0142e, gdy\u017c wyst\u0119py artyst\u00f3w po\u0142\u0105czone zosta\u0142y z akcj\u0105 charytatywn\u0105 na rzecz poszkodowanego dziecka. Publiczno\u015b\u0107 gromkimi brawami doceni\u0142a gr\u0119\" \/>\n\t\t<meta property=\"og:url\" content=\"https:\/\/www.spkatarzyna.pl\/index.php\/2026\/01\/10\/wystep-teatralny-w-gminnym-centrum\/\" \/>\n\t\t<meta property=\"article:published_time\" content=\"2026-01-10T08:21:13+00:00\" \/>\n\t\t<meta property=\"article:modified_time\" content=\"2026-01-11T14:22:21+00:00\" \/>\n\t\t<meta name=\"twitter:card\" content=\"summary_large_image\" \/>\n\t\t<meta name=\"twitter:title\" content=\"Wyst\u0119p teatralny 7c w GCK w Siechnicach - SP Katarzyna\" \/>\n\t\t<meta name=\"twitter:description\" content=\"9 stycznia 2026 roku uczniowie z klasy 7c wraz z Igorem ( 6c) i Zuzi\u0105 (5d ) zaprezentowali na forum Gminy Siechnice scenk\u0119 Lekcja j\u0119zyka polskiego, inspirowan\u0105 znan\u0105 powie\u015bci\u0105 pt. Ferdydurke. Wydarzenie tym bardziej by\u0142o donios\u0142e, gdy\u017c wyst\u0119py artyst\u00f3w po\u0142\u0105czone zosta\u0142y z akcj\u0105 charytatywn\u0105 na rzecz poszkodowanego dziecka. Publiczno\u015b\u0107 gromkimi brawami doceni\u0142a gr\u0119\" \/>\n\t\t<script type=\"application\/ld+json\" class=\"aioseo-schema\">\n\t\t\t{\"@context\":\"https:\\\/\\\/schema.org\",\"@graph\":[{\"@type\":\"BlogPosting\",\"@id\":\"https:\\\/\\\/www.spkatarzyna.pl\\\/index.php\\\/2026\\\/01\\\/10\\\/wystep-teatralny-w-gminnym-centrum\\\/#blogposting\",\"name\":\"Wyst\\u0119p teatralny 7c w GCK w Siechnicach - SP Katarzyna\",\"headline\":\"Wyst\\u0119p teatralny 7c w GCK w Siechnicach\",\"author\":{\"@id\":\"https:\\\/\\\/www.spkatarzyna.pl\\\/index.php\\\/author\\\/agatasafianspkatarzyna-pl\\\/#author\"},\"publisher\":{\"@id\":\"https:\\\/\\\/www.spkatarzyna.pl\\\/#organization\"},\"image\":{\"@type\":\"ImageObject\",\"url\":\"https:\\\/\\\/www.spkatarzyna.pl\\\/wp-content\\\/uploads\\\/2026\\\/01\\\/PHOTO-2026-01-10-08-11-35-6-2.jpg\",\"width\":360,\"height\":202},\"datePublished\":\"2026-01-10T08:21:13+01:00\",\"dateModified\":\"2026-01-11T14:22:21+01:00\",\"inLanguage\":\"pl-PL\",\"mainEntityOfPage\":{\"@id\":\"https:\\\/\\\/www.spkatarzyna.pl\\\/index.php\\\/2026\\\/01\\\/10\\\/wystep-teatralny-w-gminnym-centrum\\\/#webpage\"},\"isPartOf\":{\"@id\":\"https:\\\/\\\/www.spkatarzyna.pl\\\/index.php\\\/2026\\\/01\\\/10\\\/wystep-teatralny-w-gminnym-centrum\\\/#webpage\"},\"articleSection\":\"Uncategorized\"},{\"@type\":\"BreadcrumbList\",\"@id\":\"https:\\\/\\\/www.spkatarzyna.pl\\\/index.php\\\/2026\\\/01\\\/10\\\/wystep-teatralny-w-gminnym-centrum\\\/#breadcrumblist\",\"itemListElement\":[{\"@type\":\"ListItem\",\"@id\":\"https:\\\/\\\/www.spkatarzyna.pl#listItem\",\"position\":1,\"name\":\"Dom\",\"item\":\"https:\\\/\\\/www.spkatarzyna.pl\",\"nextItem\":{\"@type\":\"ListItem\",\"@id\":\"https:\\\/\\\/www.spkatarzyna.pl\\\/index.php\\\/category\\\/uncategorized\\\/#listItem\",\"name\":\"Uncategorized\"}},{\"@type\":\"ListItem\",\"@id\":\"https:\\\/\\\/www.spkatarzyna.pl\\\/index.php\\\/category\\\/uncategorized\\\/#listItem\",\"position\":2,\"name\":\"Uncategorized\",\"item\":\"https:\\\/\\\/www.spkatarzyna.pl\\\/index.php\\\/category\\\/uncategorized\\\/\",\"nextItem\":{\"@type\":\"ListItem\",\"@id\":\"https:\\\/\\\/www.spkatarzyna.pl\\\/index.php\\\/2026\\\/01\\\/10\\\/wystep-teatralny-w-gminnym-centrum\\\/#listItem\",\"name\":\"Wyst\\u0119p teatralny 7c w GCK w Siechnicach\"},\"previousItem\":{\"@type\":\"ListItem\",\"@id\":\"https:\\\/\\\/www.spkatarzyna.pl#listItem\",\"name\":\"Dom\"}},{\"@type\":\"ListItem\",\"@id\":\"https:\\\/\\\/www.spkatarzyna.pl\\\/index.php\\\/2026\\\/01\\\/10\\\/wystep-teatralny-w-gminnym-centrum\\\/#listItem\",\"position\":3,\"name\":\"Wyst\\u0119p teatralny 7c w GCK w Siechnicach\",\"previousItem\":{\"@type\":\"ListItem\",\"@id\":\"https:\\\/\\\/www.spkatarzyna.pl\\\/index.php\\\/category\\\/uncategorized\\\/#listItem\",\"name\":\"Uncategorized\"}}]},{\"@type\":\"Organization\",\"@id\":\"https:\\\/\\\/www.spkatarzyna.pl\\\/#organization\",\"name\":\"SP Katarzyna\",\"description\":\"Publiczna Szko\\u0142a Podstawowa w \\u015awi\\u0119tej Katarzynie\",\"url\":\"https:\\\/\\\/www.spkatarzyna.pl\\\/\",\"telephone\":\"+48713116378\",\"sameAs\":[\"https:\\\/\\\/facebook.com\\\/\",\"https:\\\/\\\/x.com\\\/\",\"https:\\\/\\\/instagram.com\\\/\",\"https:\\\/\\\/pinterest.com\\\/\",\"https:\\\/\\\/youtube.com\\\/\",\"https:\\\/\\\/linkedin.com\\\/in\\\/\"]},{\"@type\":\"Person\",\"@id\":\"https:\\\/\\\/www.spkatarzyna.pl\\\/index.php\\\/author\\\/agatasafianspkatarzyna-pl\\\/#author\",\"url\":\"https:\\\/\\\/www.spkatarzyna.pl\\\/index.php\\\/author\\\/agatasafianspkatarzyna-pl\\\/\",\"name\":\"Redakcja\",\"image\":{\"@type\":\"ImageObject\",\"@id\":\"https:\\\/\\\/www.spkatarzyna.pl\\\/index.php\\\/2026\\\/01\\\/10\\\/wystep-teatralny-w-gminnym-centrum\\\/#authorImage\",\"url\":\"https:\\\/\\\/secure.gravatar.com\\\/avatar\\\/765290513df94d442152250e92b42327?s=96&d=mm&r=g\",\"width\":96,\"height\":96,\"caption\":\"Redakcja\"}},{\"@type\":\"WebPage\",\"@id\":\"https:\\\/\\\/www.spkatarzyna.pl\\\/index.php\\\/2026\\\/01\\\/10\\\/wystep-teatralny-w-gminnym-centrum\\\/#webpage\",\"url\":\"https:\\\/\\\/www.spkatarzyna.pl\\\/index.php\\\/2026\\\/01\\\/10\\\/wystep-teatralny-w-gminnym-centrum\\\/\",\"name\":\"Wyst\\u0119p teatralny 7c w GCK w Siechnicach - SP Katarzyna\",\"description\":\"9 stycznia 2026 roku uczniowie z klasy 7c wraz z Igorem ( 6c) i Zuzi\\u0105 (5d ) zaprezentowali na forum Gminy Siechnice scenk\\u0119 Lekcja j\\u0119zyka polskiego, inspirowan\\u0105 znan\\u0105 powie\\u015bci\\u0105 pt. Ferdydurke. Wydarzenie tym bardziej by\\u0142o donios\\u0142e, gdy\\u017c wyst\\u0119py artyst\\u00f3w po\\u0142\\u0105czone zosta\\u0142y z akcj\\u0105 charytatywn\\u0105 na rzecz poszkodowanego dziecka. Publiczno\\u015b\\u0107 gromkimi brawami doceni\\u0142a gr\\u0119\",\"inLanguage\":\"pl-PL\",\"isPartOf\":{\"@id\":\"https:\\\/\\\/www.spkatarzyna.pl\\\/#website\"},\"breadcrumb\":{\"@id\":\"https:\\\/\\\/www.spkatarzyna.pl\\\/index.php\\\/2026\\\/01\\\/10\\\/wystep-teatralny-w-gminnym-centrum\\\/#breadcrumblist\"},\"author\":{\"@id\":\"https:\\\/\\\/www.spkatarzyna.pl\\\/index.php\\\/author\\\/agatasafianspkatarzyna-pl\\\/#author\"},\"creator\":{\"@id\":\"https:\\\/\\\/www.spkatarzyna.pl\\\/index.php\\\/author\\\/agatasafianspkatarzyna-pl\\\/#author\"},\"image\":{\"@type\":\"ImageObject\",\"url\":\"https:\\\/\\\/www.spkatarzyna.pl\\\/wp-content\\\/uploads\\\/2026\\\/01\\\/PHOTO-2026-01-10-08-11-35-6-2.jpg\",\"@id\":\"https:\\\/\\\/www.spkatarzyna.pl\\\/index.php\\\/2026\\\/01\\\/10\\\/wystep-teatralny-w-gminnym-centrum\\\/#mainImage\",\"width\":360,\"height\":202},\"primaryImageOfPage\":{\"@id\":\"https:\\\/\\\/www.spkatarzyna.pl\\\/index.php\\\/2026\\\/01\\\/10\\\/wystep-teatralny-w-gminnym-centrum\\\/#mainImage\"},\"datePublished\":\"2026-01-10T08:21:13+01:00\",\"dateModified\":\"2026-01-11T14:22:21+01:00\"},{\"@type\":\"WebSite\",\"@id\":\"https:\\\/\\\/www.spkatarzyna.pl\\\/#website\",\"url\":\"https:\\\/\\\/www.spkatarzyna.pl\\\/\",\"name\":\"SP Katarzyna\",\"description\":\"Publiczna Szko\\u0142a Podstawowa w \\u015awi\\u0119tej Katarzynie\",\"inLanguage\":\"pl-PL\",\"publisher\":{\"@id\":\"https:\\\/\\\/www.spkatarzyna.pl\\\/#organization\"}}]}\n\t\t<\/script>\n\t\t<!-- All in One SEO -->\n\n","aioseo_head_json":{"title":"Wyst\u0119p teatralny 7c w GCK w Siechnicach - SP Katarzyna","description":"9 stycznia 2026 roku uczniowie z klasy 7c wraz z Igorem ( 6c) i Zuzi\u0105 (5d ) zaprezentowali na forum Gminy Siechnice scenk\u0119 Lekcja j\u0119zyka polskiego, inspirowan\u0105 znan\u0105 powie\u015bci\u0105 pt. Ferdydurke. Wydarzenie tym bardziej by\u0142o donios\u0142e, gdy\u017c wyst\u0119py artyst\u00f3w po\u0142\u0105czone zosta\u0142y z akcj\u0105 charytatywn\u0105 na rzecz poszkodowanego dziecka. Publiczno\u015b\u0107 gromkimi brawami doceni\u0142a gr\u0119","canonical_url":"https:\/\/www.spkatarzyna.pl\/index.php\/2026\/01\/10\/wystep-teatralny-w-gminnym-centrum\/","robots":"max-image-preview:large","keywords":"","webmasterTools":{"miscellaneous":""},"schema":{"@context":"https:\/\/schema.org","@graph":[{"@type":"BlogPosting","@id":"https:\/\/www.spkatarzyna.pl\/index.php\/2026\/01\/10\/wystep-teatralny-w-gminnym-centrum\/#blogposting","name":"Wyst\u0119p teatralny 7c w GCK w Siechnicach - SP Katarzyna","headline":"Wyst\u0119p teatralny 7c w GCK w Siechnicach","author":{"@id":"https:\/\/www.spkatarzyna.pl\/index.php\/author\/agatasafianspkatarzyna-pl\/#author"},"publisher":{"@id":"https:\/\/www.spkatarzyna.pl\/#organization"},"image":{"@type":"ImageObject","url":"https:\/\/www.spkatarzyna.pl\/wp-content\/uploads\/2026\/01\/PHOTO-2026-01-10-08-11-35-6-2.jpg","width":360,"height":202},"datePublished":"2026-01-10T08:21:13+01:00","dateModified":"2026-01-11T14:22:21+01:00","inLanguage":"pl-PL","mainEntityOfPage":{"@id":"https:\/\/www.spkatarzyna.pl\/index.php\/2026\/01\/10\/wystep-teatralny-w-gminnym-centrum\/#webpage"},"isPartOf":{"@id":"https:\/\/www.spkatarzyna.pl\/index.php\/2026\/01\/10\/wystep-teatralny-w-gminnym-centrum\/#webpage"},"articleSection":"Uncategorized"},{"@type":"BreadcrumbList","@id":"https:\/\/www.spkatarzyna.pl\/index.php\/2026\/01\/10\/wystep-teatralny-w-gminnym-centrum\/#breadcrumblist","itemListElement":[{"@type":"ListItem","@id":"https:\/\/www.spkatarzyna.pl#listItem","position":1,"name":"Dom","item":"https:\/\/www.spkatarzyna.pl","nextItem":{"@type":"ListItem","@id":"https:\/\/www.spkatarzyna.pl\/index.php\/category\/uncategorized\/#listItem","name":"Uncategorized"}},{"@type":"ListItem","@id":"https:\/\/www.spkatarzyna.pl\/index.php\/category\/uncategorized\/#listItem","position":2,"name":"Uncategorized","item":"https:\/\/www.spkatarzyna.pl\/index.php\/category\/uncategorized\/","nextItem":{"@type":"ListItem","@id":"https:\/\/www.spkatarzyna.pl\/index.php\/2026\/01\/10\/wystep-teatralny-w-gminnym-centrum\/#listItem","name":"Wyst\u0119p teatralny 7c w GCK w Siechnicach"},"previousItem":{"@type":"ListItem","@id":"https:\/\/www.spkatarzyna.pl#listItem","name":"Dom"}},{"@type":"ListItem","@id":"https:\/\/www.spkatarzyna.pl\/index.php\/2026\/01\/10\/wystep-teatralny-w-gminnym-centrum\/#listItem","position":3,"name":"Wyst\u0119p teatralny 7c w GCK w Siechnicach","previousItem":{"@type":"ListItem","@id":"https:\/\/www.spkatarzyna.pl\/index.php\/category\/uncategorized\/#listItem","name":"Uncategorized"}}]},{"@type":"Organization","@id":"https:\/\/www.spkatarzyna.pl\/#organization","name":"SP Katarzyna","description":"Publiczna Szko\u0142a Podstawowa w \u015awi\u0119tej Katarzynie","url":"https:\/\/www.spkatarzyna.pl\/","telephone":"+48713116378","sameAs":["https:\/\/facebook.com\/","https:\/\/x.com\/","https:\/\/instagram.com\/","https:\/\/pinterest.com\/","https:\/\/youtube.com\/","https:\/\/linkedin.com\/in\/"]},{"@type":"Person","@id":"https:\/\/www.spkatarzyna.pl\/index.php\/author\/agatasafianspkatarzyna-pl\/#author","url":"https:\/\/www.spkatarzyna.pl\/index.php\/author\/agatasafianspkatarzyna-pl\/","name":"Redakcja","image":{"@type":"ImageObject","@id":"https:\/\/www.spkatarzyna.pl\/index.php\/2026\/01\/10\/wystep-teatralny-w-gminnym-centrum\/#authorImage","url":"https:\/\/secure.gravatar.com\/avatar\/765290513df94d442152250e92b42327?s=96&d=mm&r=g","width":96,"height":96,"caption":"Redakcja"}},{"@type":"WebPage","@id":"https:\/\/www.spkatarzyna.pl\/index.php\/2026\/01\/10\/wystep-teatralny-w-gminnym-centrum\/#webpage","url":"https:\/\/www.spkatarzyna.pl\/index.php\/2026\/01\/10\/wystep-teatralny-w-gminnym-centrum\/","name":"Wyst\u0119p teatralny 7c w GCK w Siechnicach - SP Katarzyna","description":"9 stycznia 2026 roku uczniowie z klasy 7c wraz z Igorem ( 6c) i Zuzi\u0105 (5d ) zaprezentowali na forum Gminy Siechnice scenk\u0119 Lekcja j\u0119zyka polskiego, inspirowan\u0105 znan\u0105 powie\u015bci\u0105 pt. Ferdydurke. Wydarzenie tym bardziej by\u0142o donios\u0142e, gdy\u017c wyst\u0119py artyst\u00f3w po\u0142\u0105czone zosta\u0142y z akcj\u0105 charytatywn\u0105 na rzecz poszkodowanego dziecka. Publiczno\u015b\u0107 gromkimi brawami doceni\u0142a gr\u0119","inLanguage":"pl-PL","isPartOf":{"@id":"https:\/\/www.spkatarzyna.pl\/#website"},"breadcrumb":{"@id":"https:\/\/www.spkatarzyna.pl\/index.php\/2026\/01\/10\/wystep-teatralny-w-gminnym-centrum\/#breadcrumblist"},"author":{"@id":"https:\/\/www.spkatarzyna.pl\/index.php\/author\/agatasafianspkatarzyna-pl\/#author"},"creator":{"@id":"https:\/\/www.spkatarzyna.pl\/index.php\/author\/agatasafianspkatarzyna-pl\/#author"},"image":{"@type":"ImageObject","url":"https:\/\/www.spkatarzyna.pl\/wp-content\/uploads\/2026\/01\/PHOTO-2026-01-10-08-11-35-6-2.jpg","@id":"https:\/\/www.spkatarzyna.pl\/index.php\/2026\/01\/10\/wystep-teatralny-w-gminnym-centrum\/#mainImage","width":360,"height":202},"primaryImageOfPage":{"@id":"https:\/\/www.spkatarzyna.pl\/index.php\/2026\/01\/10\/wystep-teatralny-w-gminnym-centrum\/#mainImage"},"datePublished":"2026-01-10T08:21:13+01:00","dateModified":"2026-01-11T14:22:21+01:00"},{"@type":"WebSite","@id":"https:\/\/www.spkatarzyna.pl\/#website","url":"https:\/\/www.spkatarzyna.pl\/","name":"SP Katarzyna","description":"Publiczna Szko\u0142a Podstawowa w \u015awi\u0119tej Katarzynie","inLanguage":"pl-PL","publisher":{"@id":"https:\/\/www.spkatarzyna.pl\/#organization"}}]},"og:locale":"pl_PL","og:site_name":"SP Katarzyna - Publiczna Szko\u0142a Podstawowa w \u015awi\u0119tej Katarzynie","og:type":"article","og:title":"Wyst\u0119p teatralny 7c w GCK w Siechnicach - SP Katarzyna","og:description":"9 stycznia 2026 roku uczniowie z klasy 7c wraz z Igorem ( 6c) i Zuzi\u0105 (5d ) zaprezentowali na forum Gminy Siechnice scenk\u0119 Lekcja j\u0119zyka polskiego, inspirowan\u0105 znan\u0105 powie\u015bci\u0105 pt. Ferdydurke. Wydarzenie tym bardziej by\u0142o donios\u0142e, gdy\u017c wyst\u0119py artyst\u00f3w po\u0142\u0105czone zosta\u0142y z akcj\u0105 charytatywn\u0105 na rzecz poszkodowanego dziecka. Publiczno\u015b\u0107 gromkimi brawami doceni\u0142a gr\u0119","og:url":"https:\/\/www.spkatarzyna.pl\/index.php\/2026\/01\/10\/wystep-teatralny-w-gminnym-centrum\/","article:published_time":"2026-01-10T08:21:13+00:00","article:modified_time":"2026-01-11T14:22:21+00:00","twitter:card":"summary_large_image","twitter:title":"Wyst\u0119p teatralny 7c w GCK w Siechnicach - SP Katarzyna","twitter:description":"9 stycznia 2026 roku uczniowie z klasy 7c wraz z Igorem ( 6c) i Zuzi\u0105 (5d ) zaprezentowali na forum Gminy Siechnice scenk\u0119 Lekcja j\u0119zyka polskiego, inspirowan\u0105 znan\u0105 powie\u015bci\u0105 pt. Ferdydurke. Wydarzenie tym bardziej by\u0142o donios\u0142e, gdy\u017c wyst\u0119py artyst\u00f3w po\u0142\u0105czone zosta\u0142y z akcj\u0105 charytatywn\u0105 na rzecz poszkodowanego dziecka. Publiczno\u015b\u0107 gromkimi brawami doceni\u0142a gr\u0119"},"aioseo_meta_data":{"post_id":"18165","title":null,"description":null,"keywords":null,"keyphrases":{"focus":{"keyphrase":"","score":0,"analysis":{"keyphraseInTitle":{"score":0,"maxScore":9,"error":1}}},"additional":[]},"primary_term":null,"canonical_url":null,"og_title":null,"og_description":null,"og_object_type":"default","og_image_type":"default","og_image_url":null,"og_image_width":null,"og_image_height":null,"og_image_custom_url":null,"og_image_custom_fields":null,"og_video":"","og_custom_url":null,"og_article_section":null,"og_article_tags":null,"twitter_use_og":false,"twitter_card":"default","twitter_image_type":"default","twitter_image_url":null,"twitter_image_custom_url":null,"twitter_image_custom_fields":null,"twitter_title":null,"twitter_description":null,"schema":{"blockGraphs":[],"customGraphs":[],"default":{"data":{"Article":[],"Course":[],"Dataset":[],"FAQPage":[],"Movie":[],"Person":[],"Product":[],"ProductReview":[],"Car":[],"Recipe":[],"Service":[],"SoftwareApplication":[],"WebPage":[]},"graphName":"BlogPosting","isEnabled":true},"graphs":[]},"schema_type":"default","schema_type_options":null,"pillar_content":false,"robots_default":true,"robots_noindex":false,"robots_noarchive":false,"robots_nosnippet":false,"robots_nofollow":false,"robots_noimageindex":false,"robots_noodp":false,"robots_notranslate":false,"robots_max_snippet":"-1","robots_max_videopreview":"-1","robots_max_imagepreview":"large","priority":null,"frequency":"default","local_seo":null,"limit_modified_date":false,"created":"2026-01-10 08:21:13","updated":"2026-09-03 17:37:15","focus_keyword":null,"additional_keywords":null,"truseo_locale":null,"ai":null,"breadcrumb_settings":null,"seo_analyzer_scan_date":null},"aioseo_breadcrumb":"<div class=\"aioseo-breadcrumbs\"><span class=\"aioseo-breadcrumb\">\n\t\t\t<a href=\"https:\/\/www.spkatarzyna.pl\" title=\"Dom\">Dom<\/a>\n\t\t<\/span><span class=\"aioseo-breadcrumb-separator\">&raquo;<\/span><span class=\"aioseo-breadcrumb\">\n\t\t\t<a href=\"https:\/\/www.spkatarzyna.pl\/index.php\/category\/uncategorized\/\" title=\"Uncategorized\">Uncategorized<\/a>\n\t\t<\/span><span class=\"aioseo-breadcrumb-separator\">&raquo;<\/span><span class=\"aioseo-breadcrumb\">\n\t\t\tWyst\u0119p teatralny 7c w GCK w Siechnicach\n\t\t<\/span><\/div>","aioseo_breadcrumb_json":[{"label":"Dom","link":"https:\/\/www.spkatarzyna.pl"},{"label":"Uncategorized","link":"https:\/\/www.spkatarzyna.pl\/index.php\/category\/uncategorized\/"},{"label":"Wyst\u0119p teatralny 7c w GCK w Siechnicach","link":"https:\/\/www.spkatarzyna.pl\/index.php\/2026\/01\/10\/wystep-teatralny-w-gminnym-centrum\/"}],"_links":{"self":[{"href":"https:\/\/www.spkatarzyna.pl\/index.php\/wp-json\/wp\/v2\/posts\/18165","targetHints":{"allow":["GET"]}}],"collection":[{"href":"https:\/\/www.spkatarzyna.pl\/index.php\/wp-json\/wp\/v2\/posts"}],"about":[{"href":"https:\/\/www.spkatarzyna.pl\/index.php\/wp-json\/wp\/v2\/types\/post"}],"author":[{"embeddable":true,"href":"https:\/\/www.spkatarzyna.pl\/index.php\/wp-json\/wp\/v2\/users\/6"}],"replies":[{"embeddable":true,"href":"https:\/\/www.spkatarzyna.pl\/index.php\/wp-json\/wp\/v2\/comments?post=18165"}],"version-history":[{"count":21,"href":"https:\/\/www.spkatarzyna.pl\/index.php\/wp-json\/wp\/v2\/posts\/18165\/revisions"}],"predecessor-version":[{"id":18203,"href":"https:\/\/www.spkatarzyna.pl\/index.php\/wp-json\/wp\/v2\/posts\/18165\/revisions\/18203"}],"wp:featuredmedia":[{"embeddable":true,"href":"https:\/\/www.spkatarzyna.pl\/index.php\/wp-json\/wp\/v2\/media\/18166"}],"wp:attachment":[{"href":"https:\/\/www.spkatarzyna.pl\/index.php\/wp-json\/wp\/v2\/media?parent=18165"}],"wp:term":[{"taxonomy":"category","embeddable":true,"href":"https:\/\/www.spkatarzyna.pl\/index.php\/wp-json\/wp\/v2\/categories?post=18165"},{"taxonomy":"post_tag","embeddable":true,"href":"https:\/\/www.spkatarzyna.pl\/index.php\/wp-json\/wp\/v2\/tags?post=18165"}],"curies":[{"name":"wp","href":"https:\/\/api.w.org\/{rel}","templated":true}]}}