{"id":18234,"date":"2026-01-16T13:52:41","date_gmt":"2026-01-16T13:52:41","guid":{"rendered":"https:\/\/www.spkatarzyna.pl\/?p=18234"},"modified":"2026-01-16T13:55:04","modified_gmt":"2026-01-16T13:55:04","slug":"spotkania-profilaktyczne","status":"publish","type":"post","link":"https:\/\/www.spkatarzyna.pl\/index.php\/2026\/01\/16\/spotkania-profilaktyczne\/","title":{"rendered":"Spotkania profilaktyczne"},"content":{"rendered":"\t\t<div data-elementor-type=\"wp-post\" data-elementor-id=\"18234\" class=\"elementor elementor-18234\">\n\t\t\t\t<div class=\"elementor-element elementor-element-76fa6146 e-flex e-con-boxed e-con e-parent\" data-id=\"76fa6146\" data-element_type=\"container\">\n\t\t\t\t\t<div class=\"e-con-inner\">\n\t\t\t\t<div class=\"elementor-element elementor-element-af1d7af elementor-widget elementor-widget-text-editor\" data-id=\"af1d7af\" data-element_type=\"widget\" data-widget_type=\"text-editor.default\">\n\t\t\t\t\t\t\t\t\t<p style=\"text-align: justify;\"><span style=\"font-size: 14pt;\">W dniu 14.01.2026r. odby\u0142o si\u0119 spotkanie uczni\u00f3w kl. 7a, 7b, 7c z funkcjonariuszem Komendy Miejskiej Policji we Wroc\u0142awiu. Celem spotkania by\u0142o podniesienie \u015bwiadomo\u015bci m\u0142odzie\u017cy na temat bezpiecze\u0144stwa oraz odpowiedzialnych zachowa\u0144 w \u017cyciu codziennym.<\/span><\/p>\r\n<p style=\"text-align: justify;\"><span style=\"font-size: 14pt;\">Podczas prelekcji funkcjonariusz om\u00f3wi\u0142 m.in. odpowiedzialno\u015b\u0107 prawn\u0105 nieletnich, zagro\u017cenia wynikaj\u0105ce z cyberprzemocy oraz sposoby reagowania w sytuacjach niebezpiecznych. Uczniowie mieli r\u00f3wnie\u017c mo\u017cliwo\u015b\u0107 zadawania pyta\u0144 i dzielenia si\u0119 swoimi spostrze\u017ceniami.<\/span><\/p>\r\n<p style=\"text-align: justify;\"><span style=\"font-size: 14pt;\">Spotkanie przebieg\u0142o w mi\u0142ej i rzeczowej atmosferze, a przekazane informacje z pewno\u015bci\u0105 przyczyni\u0105 si\u0119 do zwi\u0119kszenia bezpiecze\u0144stwa oraz kszta\u0142towania w\u0142a\u015bciwych postaw w\u015br\u00f3d uczni\u00f3w.&nbsp;<\/span><\/p>\r\n<p style=\"text-align: justify;\"><span style=\"font-size: 14pt;\">Dzi\u0119kujemy funkcjonariuszowi Policji za po\u015bwi\u0119cony czas i warto\u015bciow\u0105 lekcj\u0119.<\/span><\/p>\t\t\t\t\t\t\t\t<\/div>\n\t\t\t\t<div class=\"elementor-element elementor-element-5b23050 elementor-widget elementor-widget-image-gallery\" data-id=\"5b23050\" data-element_type=\"widget\" data-widget_type=\"image-gallery.default\">\n\t\t\t\t\t\t\t<div class=\"elementor-image-gallery\">\n\t\t\t\n\t\t<div id='gallery-1' class='gallery galleryid-18234 gallery-columns-2 gallery-size-thumbnail gallery1'><script type=\"text\/javascript\">\n\/\/ <![CDATA[\n\tjQuery(document).ready(function () {\n\t\tjQuery(\".gallery1 a\").attr(\"rel\",\"gallery1\");\t\n\t\tjQuery('a[rel=\"gallery1\"]').colorbox({title: function(){ return jQuery(this).children().attr(\"alt\"); }});\n\t});\n\/\/ ]]>\n<\/script>\n<dl class=\"gallery-item\">\n<dt class=\"gallery-icon\">\n<a href=\"https:\/\/www.spkatarzyna.pl\/wp-content\/uploads\/2026\/01\/IMG-20260114-WA0002-300x225.jpg\" title=\"\" rel=\"gallery1\" rel=\"lightbox[18234]\"><img decoding=\"async\" src=\"https:\/\/www.spkatarzyna.pl\/wp-content\/uploads\/2026\/01\/IMG-20260114-WA0002-150x150.jpg\" width=\"150\" height=\"150\" alt=\"\" \/><\/a>\n<\/dt><\/dl><dl class=\"gallery-item\">\n<dt class=\"gallery-icon\">\n<a href=\"https:\/\/www.spkatarzyna.pl\/wp-content\/uploads\/2026\/01\/IMG-20260114-WA0003-300x225.jpg\" title=\"\" rel=\"gallery1\" rel=\"lightbox[18234]\"><img decoding=\"async\" src=\"https:\/\/www.spkatarzyna.pl\/wp-content\/uploads\/2026\/01\/IMG-20260114-WA0003-150x150.jpg\" width=\"150\" height=\"150\" alt=\"\" \/><\/a>\n<\/dt><\/dl><br style=\"clear: both\" \/><br style=\"clear: both\" \/><\/div>\t\t<\/div>\n\t\t\t\t\t\t<\/div>\n\t\t\t\t\t<\/div>\n\t\t\t\t<\/div>\n\t\t\t\t<\/div>\n\t\t","protected":false},"excerpt":{"rendered":"<p>W dniu 14.01.2026r. odby\u0142o si\u0119 spotkanie uczni\u00f3w kl. 7a, 7b, 7c z funkcjonariuszem Komendy Miejskiej Policji we Wroc\u0142awiu. Celem spotkania by\u0142o podniesienie \u015bwiadomo\u015bci m\u0142odzie\u017cy na temat bezpiecze\u0144stwa oraz odpowiedzialnych zachowa\u0144 w \u017cyciu codziennym. Podczas prelekcji funkcjonariusz om\u00f3wi\u0142 m.in. odpowiedzialno\u015b\u0107 prawn\u0105 nieletnich, zagro\u017cenia wynikaj\u0105ce z cyberprzemocy oraz sposoby reagowania w sytuacjach [&hellip;]<\/p>\n","protected":false},"author":6,"featured_media":18235,"comment_status":"open","ping_status":"open","sticky":false,"template":"","format":"standard","meta":{"om_disable_all_campaigns":false,"_monsterinsights_skip_tracking":false,"ngg_post_thumbnail":0,"footnotes":""},"categories":[1],"tags":[],"class_list":["post-18234","post","type-post","status-publish","format-standard","has-post-thumbnail","hentry","category-uncategorized"],"aioseo_notices":[],"aioseo_head":"\n\t\t<!-- All in One SEO 5.0.1.1 - aioseo.com -->\n\t<meta name=\"description\" content=\"W dniu 14.01.2026r. odby\u0142o si\u0119 spotkanie uczni\u00f3w kl. 7a, 7b, 7c z funkcjonariuszem Komendy Miejskiej Policji we Wroc\u0142awiu. Celem spotkania by\u0142o podniesienie \u015bwiadomo\u015bci m\u0142odzie\u017cy na temat bezpiecze\u0144stwa oraz odpowiedzialnych zachowa\u0144 w \u017cyciu codziennym. Podczas prelekcji funkcjonariusz om\u00f3wi\u0142 m.in. odpowiedzialno\u015b\u0107 prawn\u0105 nieletnich, zagro\u017cenia wynikaj\u0105ce z cyberprzemocy oraz sposoby reagowania w sytuacjach niebezpiecznych. Uczniowie mieli r\u00f3wnie\u017c mo\u017cliwo\u015b\u0107\" \/>\n\t<meta name=\"robots\" content=\"max-image-preview:large\" \/>\n\t<meta name=\"author\" content=\"Redakcja\"\/>\n\t<link rel=\"canonical\" href=\"https:\/\/www.spkatarzyna.pl\/index.php\/2026\/01\/16\/spotkania-profilaktyczne\/\" \/>\n\t<meta name=\"generator\" content=\"All in One SEO (AIOSEO) 5.0.1.1\" \/>\n\t\t<meta property=\"og:locale\" content=\"pl_PL\" \/>\n\t\t<meta property=\"og:site_name\" content=\"SP Katarzyna - Publiczna Szko\u0142a Podstawowa w \u015awi\u0119tej Katarzynie\" \/>\n\t\t<meta property=\"og:type\" content=\"article\" \/>\n\t\t<meta property=\"og:title\" content=\"Spotkania profilaktyczne - SP Katarzyna\" \/>\n\t\t<meta property=\"og:description\" content=\"W dniu 14.01.2026r. odby\u0142o si\u0119 spotkanie uczni\u00f3w kl. 7a, 7b, 7c z funkcjonariuszem Komendy Miejskiej Policji we Wroc\u0142awiu. Celem spotkania by\u0142o podniesienie \u015bwiadomo\u015bci m\u0142odzie\u017cy na temat bezpiecze\u0144stwa oraz odpowiedzialnych zachowa\u0144 w \u017cyciu codziennym. Podczas prelekcji funkcjonariusz om\u00f3wi\u0142 m.in. odpowiedzialno\u015b\u0107 prawn\u0105 nieletnich, zagro\u017cenia wynikaj\u0105ce z cyberprzemocy oraz sposoby reagowania w sytuacjach niebezpiecznych. Uczniowie mieli r\u00f3wnie\u017c mo\u017cliwo\u015b\u0107\" \/>\n\t\t<meta property=\"og:url\" content=\"https:\/\/www.spkatarzyna.pl\/index.php\/2026\/01\/16\/spotkania-profilaktyczne\/\" \/>\n\t\t<meta property=\"article:published_time\" content=\"2026-01-16T13:52:41+00:00\" \/>\n\t\t<meta property=\"article:modified_time\" content=\"2026-01-16T13:55:04+00:00\" \/>\n\t\t<meta name=\"twitter:card\" content=\"summary_large_image\" \/>\n\t\t<meta name=\"twitter:title\" content=\"Spotkania profilaktyczne - SP Katarzyna\" \/>\n\t\t<meta name=\"twitter:description\" content=\"W dniu 14.01.2026r. odby\u0142o si\u0119 spotkanie uczni\u00f3w kl. 7a, 7b, 7c z funkcjonariuszem Komendy Miejskiej Policji we Wroc\u0142awiu. Celem spotkania by\u0142o podniesienie \u015bwiadomo\u015bci m\u0142odzie\u017cy na temat bezpiecze\u0144stwa oraz odpowiedzialnych zachowa\u0144 w \u017cyciu codziennym. Podczas prelekcji funkcjonariusz om\u00f3wi\u0142 m.in. odpowiedzialno\u015b\u0107 prawn\u0105 nieletnich, zagro\u017cenia wynikaj\u0105ce z cyberprzemocy oraz sposoby reagowania w sytuacjach niebezpiecznych. Uczniowie mieli r\u00f3wnie\u017c mo\u017cliwo\u015b\u0107\" \/>\n\t\t<script type=\"application\/ld+json\" class=\"aioseo-schema\">\n\t\t\t{\"@context\":\"https:\\\/\\\/schema.org\",\"@graph\":[{\"@type\":\"BlogPosting\",\"@id\":\"https:\\\/\\\/www.spkatarzyna.pl\\\/index.php\\\/2026\\\/01\\\/16\\\/spotkania-profilaktyczne\\\/#blogposting\",\"name\":\"Spotkania profilaktyczne - SP Katarzyna\",\"headline\":\"Spotkania profilaktyczne\",\"author\":{\"@id\":\"https:\\\/\\\/www.spkatarzyna.pl\\\/index.php\\\/author\\\/agatasafianspkatarzyna-pl\\\/#author\"},\"publisher\":{\"@id\":\"https:\\\/\\\/www.spkatarzyna.pl\\\/#organization\"},\"image\":{\"@type\":\"ImageObject\",\"url\":\"https:\\\/\\\/www.spkatarzyna.pl\\\/wp-content\\\/uploads\\\/2026\\\/01\\\/IMG-20260114-WA0002-2.jpg\",\"width\":360,\"height\":202},\"datePublished\":\"2026-01-16T13:52:41+01:00\",\"dateModified\":\"2026-01-16T13:55:04+01:00\",\"inLanguage\":\"pl-PL\",\"mainEntityOfPage\":{\"@id\":\"https:\\\/\\\/www.spkatarzyna.pl\\\/index.php\\\/2026\\\/01\\\/16\\\/spotkania-profilaktyczne\\\/#webpage\"},\"isPartOf\":{\"@id\":\"https:\\\/\\\/www.spkatarzyna.pl\\\/index.php\\\/2026\\\/01\\\/16\\\/spotkania-profilaktyczne\\\/#webpage\"},\"articleSection\":\"Uncategorized\"},{\"@type\":\"BreadcrumbList\",\"@id\":\"https:\\\/\\\/www.spkatarzyna.pl\\\/index.php\\\/2026\\\/01\\\/16\\\/spotkania-profilaktyczne\\\/#breadcrumblist\",\"itemListElement\":[{\"@type\":\"ListItem\",\"@id\":\"https:\\\/\\\/www.spkatarzyna.pl#listItem\",\"position\":1,\"name\":\"Dom\",\"item\":\"https:\\\/\\\/www.spkatarzyna.pl\",\"nextItem\":{\"@type\":\"ListItem\",\"@id\":\"https:\\\/\\\/www.spkatarzyna.pl\\\/index.php\\\/category\\\/uncategorized\\\/#listItem\",\"name\":\"Uncategorized\"}},{\"@type\":\"ListItem\",\"@id\":\"https:\\\/\\\/www.spkatarzyna.pl\\\/index.php\\\/category\\\/uncategorized\\\/#listItem\",\"position\":2,\"name\":\"Uncategorized\",\"item\":\"https:\\\/\\\/www.spkatarzyna.pl\\\/index.php\\\/category\\\/uncategorized\\\/\",\"nextItem\":{\"@type\":\"ListItem\",\"@id\":\"https:\\\/\\\/www.spkatarzyna.pl\\\/index.php\\\/2026\\\/01\\\/16\\\/spotkania-profilaktyczne\\\/#listItem\",\"name\":\"Spotkania profilaktyczne\"},\"previousItem\":{\"@type\":\"ListItem\",\"@id\":\"https:\\\/\\\/www.spkatarzyna.pl#listItem\",\"name\":\"Dom\"}},{\"@type\":\"ListItem\",\"@id\":\"https:\\\/\\\/www.spkatarzyna.pl\\\/index.php\\\/2026\\\/01\\\/16\\\/spotkania-profilaktyczne\\\/#listItem\",\"position\":3,\"name\":\"Spotkania profilaktyczne\",\"previousItem\":{\"@type\":\"ListItem\",\"@id\":\"https:\\\/\\\/www.spkatarzyna.pl\\\/index.php\\\/category\\\/uncategorized\\\/#listItem\",\"name\":\"Uncategorized\"}}]},{\"@type\":\"Organization\",\"@id\":\"https:\\\/\\\/www.spkatarzyna.pl\\\/#organization\",\"name\":\"SP Katarzyna\",\"description\":\"Publiczna Szko\\u0142a Podstawowa w \\u015awi\\u0119tej Katarzynie\",\"url\":\"https:\\\/\\\/www.spkatarzyna.pl\\\/\",\"telephone\":\"+48713116378\",\"sameAs\":[\"https:\\\/\\\/facebook.com\\\/\",\"https:\\\/\\\/x.com\\\/\",\"https:\\\/\\\/instagram.com\\\/\",\"https:\\\/\\\/pinterest.com\\\/\",\"https:\\\/\\\/youtube.com\\\/\",\"https:\\\/\\\/linkedin.com\\\/in\\\/\"]},{\"@type\":\"Person\",\"@id\":\"https:\\\/\\\/www.spkatarzyna.pl\\\/index.php\\\/author\\\/agatasafianspkatarzyna-pl\\\/#author\",\"url\":\"https:\\\/\\\/www.spkatarzyna.pl\\\/index.php\\\/author\\\/agatasafianspkatarzyna-pl\\\/\",\"name\":\"Redakcja\",\"image\":{\"@type\":\"ImageObject\",\"@id\":\"https:\\\/\\\/www.spkatarzyna.pl\\\/index.php\\\/2026\\\/01\\\/16\\\/spotkania-profilaktyczne\\\/#authorImage\",\"url\":\"https:\\\/\\\/secure.gravatar.com\\\/avatar\\\/765290513df94d442152250e92b42327?s=96&d=mm&r=g\",\"width\":96,\"height\":96,\"caption\":\"Redakcja\"}},{\"@type\":\"WebPage\",\"@id\":\"https:\\\/\\\/www.spkatarzyna.pl\\\/index.php\\\/2026\\\/01\\\/16\\\/spotkania-profilaktyczne\\\/#webpage\",\"url\":\"https:\\\/\\\/www.spkatarzyna.pl\\\/index.php\\\/2026\\\/01\\\/16\\\/spotkania-profilaktyczne\\\/\",\"name\":\"Spotkania profilaktyczne - SP Katarzyna\",\"description\":\"W dniu 14.01.2026r. odby\\u0142o si\\u0119 spotkanie uczni\\u00f3w kl. 7a, 7b, 7c z funkcjonariuszem Komendy Miejskiej Policji we Wroc\\u0142awiu. Celem spotkania by\\u0142o podniesienie \\u015bwiadomo\\u015bci m\\u0142odzie\\u017cy na temat bezpiecze\\u0144stwa oraz odpowiedzialnych zachowa\\u0144 w \\u017cyciu codziennym. Podczas prelekcji funkcjonariusz om\\u00f3wi\\u0142 m.in. odpowiedzialno\\u015b\\u0107 prawn\\u0105 nieletnich, zagro\\u017cenia wynikaj\\u0105ce z cyberprzemocy oraz sposoby reagowania w sytuacjach niebezpiecznych. Uczniowie mieli r\\u00f3wnie\\u017c mo\\u017cliwo\\u015b\\u0107\",\"inLanguage\":\"pl-PL\",\"isPartOf\":{\"@id\":\"https:\\\/\\\/www.spkatarzyna.pl\\\/#website\"},\"breadcrumb\":{\"@id\":\"https:\\\/\\\/www.spkatarzyna.pl\\\/index.php\\\/2026\\\/01\\\/16\\\/spotkania-profilaktyczne\\\/#breadcrumblist\"},\"author\":{\"@id\":\"https:\\\/\\\/www.spkatarzyna.pl\\\/index.php\\\/author\\\/agatasafianspkatarzyna-pl\\\/#author\"},\"creator\":{\"@id\":\"https:\\\/\\\/www.spkatarzyna.pl\\\/index.php\\\/author\\\/agatasafianspkatarzyna-pl\\\/#author\"},\"image\":{\"@type\":\"ImageObject\",\"url\":\"https:\\\/\\\/www.spkatarzyna.pl\\\/wp-content\\\/uploads\\\/2026\\\/01\\\/IMG-20260114-WA0002-2.jpg\",\"@id\":\"https:\\\/\\\/www.spkatarzyna.pl\\\/index.php\\\/2026\\\/01\\\/16\\\/spotkania-profilaktyczne\\\/#mainImage\",\"width\":360,\"height\":202},\"primaryImageOfPage\":{\"@id\":\"https:\\\/\\\/www.spkatarzyna.pl\\\/index.php\\\/2026\\\/01\\\/16\\\/spotkania-profilaktyczne\\\/#mainImage\"},\"datePublished\":\"2026-01-16T13:52:41+01:00\",\"dateModified\":\"2026-01-16T13:55:04+01:00\"},{\"@type\":\"WebSite\",\"@id\":\"https:\\\/\\\/www.spkatarzyna.pl\\\/#website\",\"url\":\"https:\\\/\\\/www.spkatarzyna.pl\\\/\",\"name\":\"SP Katarzyna\",\"description\":\"Publiczna Szko\\u0142a Podstawowa w \\u015awi\\u0119tej Katarzynie\",\"inLanguage\":\"pl-PL\",\"publisher\":{\"@id\":\"https:\\\/\\\/www.spkatarzyna.pl\\\/#organization\"}}]}\n\t\t<\/script>\n\t\t<!-- All in One SEO -->\n\n","aioseo_head_json":{"title":"Spotkania profilaktyczne - SP Katarzyna","description":"W dniu 14.01.2026r. odby\u0142o si\u0119 spotkanie uczni\u00f3w kl. 7a, 7b, 7c z funkcjonariuszem Komendy Miejskiej Policji we Wroc\u0142awiu. Celem spotkania by\u0142o podniesienie \u015bwiadomo\u015bci m\u0142odzie\u017cy na temat bezpiecze\u0144stwa oraz odpowiedzialnych zachowa\u0144 w \u017cyciu codziennym. Podczas prelekcji funkcjonariusz om\u00f3wi\u0142 m.in. odpowiedzialno\u015b\u0107 prawn\u0105 nieletnich, zagro\u017cenia wynikaj\u0105ce z cyberprzemocy oraz sposoby reagowania w sytuacjach niebezpiecznych. Uczniowie mieli r\u00f3wnie\u017c mo\u017cliwo\u015b\u0107","canonical_url":"https:\/\/www.spkatarzyna.pl\/index.php\/2026\/01\/16\/spotkania-profilaktyczne\/","robots":"max-image-preview:large","keywords":"","webmasterTools":{"miscellaneous":""},"schema":{"@context":"https:\/\/schema.org","@graph":[{"@type":"BlogPosting","@id":"https:\/\/www.spkatarzyna.pl\/index.php\/2026\/01\/16\/spotkania-profilaktyczne\/#blogposting","name":"Spotkania profilaktyczne - SP Katarzyna","headline":"Spotkania profilaktyczne","author":{"@id":"https:\/\/www.spkatarzyna.pl\/index.php\/author\/agatasafianspkatarzyna-pl\/#author"},"publisher":{"@id":"https:\/\/www.spkatarzyna.pl\/#organization"},"image":{"@type":"ImageObject","url":"https:\/\/www.spkatarzyna.pl\/wp-content\/uploads\/2026\/01\/IMG-20260114-WA0002-2.jpg","width":360,"height":202},"datePublished":"2026-01-16T13:52:41+01:00","dateModified":"2026-01-16T13:55:04+01:00","inLanguage":"pl-PL","mainEntityOfPage":{"@id":"https:\/\/www.spkatarzyna.pl\/index.php\/2026\/01\/16\/spotkania-profilaktyczne\/#webpage"},"isPartOf":{"@id":"https:\/\/www.spkatarzyna.pl\/index.php\/2026\/01\/16\/spotkania-profilaktyczne\/#webpage"},"articleSection":"Uncategorized"},{"@type":"BreadcrumbList","@id":"https:\/\/www.spkatarzyna.pl\/index.php\/2026\/01\/16\/spotkania-profilaktyczne\/#breadcrumblist","itemListElement":[{"@type":"ListItem","@id":"https:\/\/www.spkatarzyna.pl#listItem","position":1,"name":"Dom","item":"https:\/\/www.spkatarzyna.pl","nextItem":{"@type":"ListItem","@id":"https:\/\/www.spkatarzyna.pl\/index.php\/category\/uncategorized\/#listItem","name":"Uncategorized"}},{"@type":"ListItem","@id":"https:\/\/www.spkatarzyna.pl\/index.php\/category\/uncategorized\/#listItem","position":2,"name":"Uncategorized","item":"https:\/\/www.spkatarzyna.pl\/index.php\/category\/uncategorized\/","nextItem":{"@type":"ListItem","@id":"https:\/\/www.spkatarzyna.pl\/index.php\/2026\/01\/16\/spotkania-profilaktyczne\/#listItem","name":"Spotkania profilaktyczne"},"previousItem":{"@type":"ListItem","@id":"https:\/\/www.spkatarzyna.pl#listItem","name":"Dom"}},{"@type":"ListItem","@id":"https:\/\/www.spkatarzyna.pl\/index.php\/2026\/01\/16\/spotkania-profilaktyczne\/#listItem","position":3,"name":"Spotkania profilaktyczne","previousItem":{"@type":"ListItem","@id":"https:\/\/www.spkatarzyna.pl\/index.php\/category\/uncategorized\/#listItem","name":"Uncategorized"}}]},{"@type":"Organization","@id":"https:\/\/www.spkatarzyna.pl\/#organization","name":"SP Katarzyna","description":"Publiczna Szko\u0142a Podstawowa w \u015awi\u0119tej Katarzynie","url":"https:\/\/www.spkatarzyna.pl\/","telephone":"+48713116378","sameAs":["https:\/\/facebook.com\/","https:\/\/x.com\/","https:\/\/instagram.com\/","https:\/\/pinterest.com\/","https:\/\/youtube.com\/","https:\/\/linkedin.com\/in\/"]},{"@type":"Person","@id":"https:\/\/www.spkatarzyna.pl\/index.php\/author\/agatasafianspkatarzyna-pl\/#author","url":"https:\/\/www.spkatarzyna.pl\/index.php\/author\/agatasafianspkatarzyna-pl\/","name":"Redakcja","image":{"@type":"ImageObject","@id":"https:\/\/www.spkatarzyna.pl\/index.php\/2026\/01\/16\/spotkania-profilaktyczne\/#authorImage","url":"https:\/\/secure.gravatar.com\/avatar\/765290513df94d442152250e92b42327?s=96&d=mm&r=g","width":96,"height":96,"caption":"Redakcja"}},{"@type":"WebPage","@id":"https:\/\/www.spkatarzyna.pl\/index.php\/2026\/01\/16\/spotkania-profilaktyczne\/#webpage","url":"https:\/\/www.spkatarzyna.pl\/index.php\/2026\/01\/16\/spotkania-profilaktyczne\/","name":"Spotkania profilaktyczne - SP Katarzyna","description":"W dniu 14.01.2026r. odby\u0142o si\u0119 spotkanie uczni\u00f3w kl. 7a, 7b, 7c z funkcjonariuszem Komendy Miejskiej Policji we Wroc\u0142awiu. Celem spotkania by\u0142o podniesienie \u015bwiadomo\u015bci m\u0142odzie\u017cy na temat bezpiecze\u0144stwa oraz odpowiedzialnych zachowa\u0144 w \u017cyciu codziennym. Podczas prelekcji funkcjonariusz om\u00f3wi\u0142 m.in. odpowiedzialno\u015b\u0107 prawn\u0105 nieletnich, zagro\u017cenia wynikaj\u0105ce z cyberprzemocy oraz sposoby reagowania w sytuacjach niebezpiecznych. Uczniowie mieli r\u00f3wnie\u017c mo\u017cliwo\u015b\u0107","inLanguage":"pl-PL","isPartOf":{"@id":"https:\/\/www.spkatarzyna.pl\/#website"},"breadcrumb":{"@id":"https:\/\/www.spkatarzyna.pl\/index.php\/2026\/01\/16\/spotkania-profilaktyczne\/#breadcrumblist"},"author":{"@id":"https:\/\/www.spkatarzyna.pl\/index.php\/author\/agatasafianspkatarzyna-pl\/#author"},"creator":{"@id":"https:\/\/www.spkatarzyna.pl\/index.php\/author\/agatasafianspkatarzyna-pl\/#author"},"image":{"@type":"ImageObject","url":"https:\/\/www.spkatarzyna.pl\/wp-content\/uploads\/2026\/01\/IMG-20260114-WA0002-2.jpg","@id":"https:\/\/www.spkatarzyna.pl\/index.php\/2026\/01\/16\/spotkania-profilaktyczne\/#mainImage","width":360,"height":202},"primaryImageOfPage":{"@id":"https:\/\/www.spkatarzyna.pl\/index.php\/2026\/01\/16\/spotkania-profilaktyczne\/#mainImage"},"datePublished":"2026-01-16T13:52:41+01:00","dateModified":"2026-01-16T13:55:04+01:00"},{"@type":"WebSite","@id":"https:\/\/www.spkatarzyna.pl\/#website","url":"https:\/\/www.spkatarzyna.pl\/","name":"SP Katarzyna","description":"Publiczna Szko\u0142a Podstawowa w \u015awi\u0119tej Katarzynie","inLanguage":"pl-PL","publisher":{"@id":"https:\/\/www.spkatarzyna.pl\/#organization"}}]},"og:locale":"pl_PL","og:site_name":"SP Katarzyna - Publiczna Szko\u0142a Podstawowa w \u015awi\u0119tej Katarzynie","og:type":"article","og:title":"Spotkania profilaktyczne - SP Katarzyna","og:description":"W dniu 14.01.2026r. odby\u0142o si\u0119 spotkanie uczni\u00f3w kl. 7a, 7b, 7c z funkcjonariuszem Komendy Miejskiej Policji we Wroc\u0142awiu. Celem spotkania by\u0142o podniesienie \u015bwiadomo\u015bci m\u0142odzie\u017cy na temat bezpiecze\u0144stwa oraz odpowiedzialnych zachowa\u0144 w \u017cyciu codziennym. Podczas prelekcji funkcjonariusz om\u00f3wi\u0142 m.in. odpowiedzialno\u015b\u0107 prawn\u0105 nieletnich, zagro\u017cenia wynikaj\u0105ce z cyberprzemocy oraz sposoby reagowania w sytuacjach niebezpiecznych. Uczniowie mieli r\u00f3wnie\u017c mo\u017cliwo\u015b\u0107","og:url":"https:\/\/www.spkatarzyna.pl\/index.php\/2026\/01\/16\/spotkania-profilaktyczne\/","article:published_time":"2026-01-16T13:52:41+00:00","article:modified_time":"2026-01-16T13:55:04+00:00","twitter:card":"summary_large_image","twitter:title":"Spotkania profilaktyczne - SP Katarzyna","twitter:description":"W dniu 14.01.2026r. odby\u0142o si\u0119 spotkanie uczni\u00f3w kl. 7a, 7b, 7c z funkcjonariuszem Komendy Miejskiej Policji we Wroc\u0142awiu. Celem spotkania by\u0142o podniesienie \u015bwiadomo\u015bci m\u0142odzie\u017cy na temat bezpiecze\u0144stwa oraz odpowiedzialnych zachowa\u0144 w \u017cyciu codziennym. Podczas prelekcji funkcjonariusz om\u00f3wi\u0142 m.in. odpowiedzialno\u015b\u0107 prawn\u0105 nieletnich, zagro\u017cenia wynikaj\u0105ce z cyberprzemocy oraz sposoby reagowania w sytuacjach niebezpiecznych. Uczniowie mieli r\u00f3wnie\u017c mo\u017cliwo\u015b\u0107"},"aioseo_meta_data":{"post_id":"18234","title":null,"description":null,"keywords":null,"keyphrases":{"focus":{"keyphrase":"","score":0,"analysis":{"keyphraseInTitle":{"score":0,"maxScore":9,"error":1}}},"additional":[]},"primary_term":null,"canonical_url":null,"og_title":null,"og_description":null,"og_object_type":"default","og_image_type":"default","og_image_url":null,"og_image_width":null,"og_image_height":null,"og_image_custom_url":null,"og_image_custom_fields":null,"og_video":"","og_custom_url":null,"og_article_section":null,"og_article_tags":null,"twitter_use_og":false,"twitter_card":"default","twitter_image_type":"default","twitter_image_url":null,"twitter_image_custom_url":null,"twitter_image_custom_fields":null,"twitter_title":null,"twitter_description":null,"schema":{"blockGraphs":[],"customGraphs":[],"default":{"data":{"Article":[],"Course":[],"Dataset":[],"FAQPage":[],"Movie":[],"Person":[],"Product":[],"ProductReview":[],"Car":[],"Recipe":[],"Service":[],"SoftwareApplication":[],"WebPage":[]},"graphName":"BlogPosting","isEnabled":true},"graphs":[]},"schema_type":"default","schema_type_options":null,"pillar_content":false,"robots_default":true,"robots_noindex":false,"robots_noarchive":false,"robots_nosnippet":false,"robots_nofollow":false,"robots_noimageindex":false,"robots_noodp":false,"robots_notranslate":false,"robots_max_snippet":"-1","robots_max_videopreview":"-1","robots_max_imagepreview":"large","priority":null,"frequency":"default","local_seo":null,"limit_modified_date":false,"created":"2026-01-16 13:52:41","updated":"2026-09-03 17:37:16","focus_keyword":null,"additional_keywords":null,"truseo_locale":null,"ai":null,"breadcrumb_settings":null,"seo_analyzer_scan_date":null},"aioseo_breadcrumb":"<div class=\"aioseo-breadcrumbs\"><span class=\"aioseo-breadcrumb\">\n\t\t\t<a href=\"https:\/\/www.spkatarzyna.pl\" title=\"Dom\">Dom<\/a>\n\t\t<\/span><span class=\"aioseo-breadcrumb-separator\">&raquo;<\/span><span class=\"aioseo-breadcrumb\">\n\t\t\t<a href=\"https:\/\/www.spkatarzyna.pl\/index.php\/category\/uncategorized\/\" title=\"Uncategorized\">Uncategorized<\/a>\n\t\t<\/span><span class=\"aioseo-breadcrumb-separator\">&raquo;<\/span><span class=\"aioseo-breadcrumb\">\n\t\t\tSpotkania profilaktyczne\n\t\t<\/span><\/div>","aioseo_breadcrumb_json":[{"label":"Dom","link":"https:\/\/www.spkatarzyna.pl"},{"label":"Uncategorized","link":"https:\/\/www.spkatarzyna.pl\/index.php\/category\/uncategorized\/"},{"label":"Spotkania profilaktyczne","link":"https:\/\/www.spkatarzyna.pl\/index.php\/2026\/01\/16\/spotkania-profilaktyczne\/"}],"_links":{"self":[{"href":"https:\/\/www.spkatarzyna.pl\/index.php\/wp-json\/wp\/v2\/posts\/18234","targetHints":{"allow":["GET"]}}],"collection":[{"href":"https:\/\/www.spkatarzyna.pl\/index.php\/wp-json\/wp\/v2\/posts"}],"about":[{"href":"https:\/\/www.spkatarzyna.pl\/index.php\/wp-json\/wp\/v2\/types\/post"}],"author":[{"embeddable":true,"href":"https:\/\/www.spkatarzyna.pl\/index.php\/wp-json\/wp\/v2\/users\/6"}],"replies":[{"embeddable":true,"href":"https:\/\/www.spkatarzyna.pl\/index.php\/wp-json\/wp\/v2\/comments?post=18234"}],"version-history":[{"count":4,"href":"https:\/\/www.spkatarzyna.pl\/index.php\/wp-json\/wp\/v2\/posts\/18234\/revisions"}],"predecessor-version":[{"id":18242,"href":"https:\/\/www.spkatarzyna.pl\/index.php\/wp-json\/wp\/v2\/posts\/18234\/revisions\/18242"}],"wp:featuredmedia":[{"embeddable":true,"href":"https:\/\/www.spkatarzyna.pl\/index.php\/wp-json\/wp\/v2\/media\/18235"}],"wp:attachment":[{"href":"https:\/\/www.spkatarzyna.pl\/index.php\/wp-json\/wp\/v2\/media?parent=18234"}],"wp:term":[{"taxonomy":"category","embeddable":true,"href":"https:\/\/www.spkatarzyna.pl\/index.php\/wp-json\/wp\/v2\/categories?post=18234"},{"taxonomy":"post_tag","embeddable":true,"href":"https:\/\/www.spkatarzyna.pl\/index.php\/wp-json\/wp\/v2\/tags?post=18234"}],"curies":[{"name":"wp","href":"https:\/\/api.w.org\/{rel}","templated":true}]}}