{"id":18287,"date":"2026-01-20T11:27:16","date_gmt":"2026-01-20T11:27:16","guid":{"rendered":"https:\/\/www.spkatarzyna.pl\/?p=18287"},"modified":"2026-01-20T12:57:00","modified_gmt":"2026-01-20T12:57:00","slug":"i-miejsce-w-gminnych-igrzyskach-mlodziezy-szkolnej","status":"publish","type":"post","link":"https:\/\/www.spkatarzyna.pl\/index.php\/2026\/01\/20\/i-miejsce-w-gminnych-igrzyskach-mlodziezy-szkolnej\/","title":{"rendered":"I miejsce w Gminnych Igrzyskach"},"content":{"rendered":"\t\t<div data-elementor-type=\"wp-post\" data-elementor-id=\"18287\" class=\"elementor elementor-18287\">\n\t\t\t\t<div class=\"elementor-element elementor-element-6394f372 e-flex e-con-boxed e-con e-parent\" data-id=\"6394f372\" data-element_type=\"container\">\n\t\t\t\t\t<div class=\"e-con-inner\">\n\t\t\t\t<div class=\"elementor-element elementor-element-1bd9f2fa elementor-widget elementor-widget-text-editor\" data-id=\"1bd9f2fa\" data-element_type=\"widget\" data-widget_type=\"text-editor.default\">\n\t\t\t\t\t\t\t\t\t<p style=\"text-align: justify;\"><span style=\"font-size: 14pt;\">Mi\u0142o nam poinformowa\u0107, \u017ce uczennice klas 7 i 8 zaj\u0119\u0142y I miejsce w Gminnych Igrzyskach M\u0142odzie\u017cy Szkolnej w Pi\u0142ce Siatkowej. Dziewczyny wygra\u0142y wszystkie mecze. <\/span>\r\n<span style=\"font-size: 14pt;\">Szko\u0142\u0119 reprezentowa\u0142y uczennice:<\/span>\r\n<span style=\"font-size: 14pt;\">Oliwia Marczyk, Anna Wi\u0119c\u0142aw, Julianna Wronecka, Zuzanna Ma\u0142ecka, Aleksandra Pi\u0119ta, Helena Tom, Julia Domaga\u0142a, Martyna Kopa\u0144ska, Emilia Kwaczy\u0144ska, Weronika \u0141ada, Kornelia Smyrak, Hanna Kalinowska, Karolina Korona, Aleksandra Krowi\u0144ska, Natalia Szreter.<\/span><\/p>\r\n<p style=\"text-align: right;\"><span style=\"font-size: 14pt;\">Gratulujemy zesp\u00f3\u0142 nauczycieli wychowania fizycznego.<\/span><\/p>\t\t\t\t\t\t\t\t<\/div>\n\t\t\t\t<div class=\"elementor-element elementor-element-6ccde78 elementor-widget elementor-widget-image-gallery\" data-id=\"6ccde78\" data-element_type=\"widget\" data-widget_type=\"image-gallery.default\">\n\t\t\t\t\t\t\t<div class=\"elementor-image-gallery\">\n\t\t\t\n\t\t<div id='gallery-1' class='gallery galleryid-18287 gallery-columns-7 gallery-size-thumbnail gallery1'><script type=\"text\/javascript\">\n\/\/ <![CDATA[\n\tjQuery(document).ready(function () {\n\t\tjQuery(\".gallery1 a\").attr(\"rel\",\"gallery1\");\t\n\t\tjQuery('a[rel=\"gallery1\"]').colorbox({title: function(){ return jQuery(this).children().attr(\"alt\"); }});\n\t});\n\/\/ ]]>\n<\/script>\n<dl class=\"gallery-item\">\n<dt class=\"gallery-icon\">\n<a href=\"https:\/\/www.spkatarzyna.pl\/wp-content\/uploads\/2026\/01\/PHOTO-2026-01-20-10-25-46-3-300x226.jpg\" title=\"\" rel=\"gallery1\" rel=\"lightbox[18287]\"><img decoding=\"async\" src=\"https:\/\/www.spkatarzyna.pl\/wp-content\/uploads\/2026\/01\/PHOTO-2026-01-20-10-25-46-3-150x150.jpg\" width=\"150\" height=\"150\" alt=\"\" \/><\/a>\n<\/dt><\/dl><dl class=\"gallery-item\">\n<dt class=\"gallery-icon\">\n<a href=\"https:\/\/www.spkatarzyna.pl\/wp-content\/uploads\/2026\/01\/PHOTO-2026-01-20-10-25-46-2-300x226.jpg\" title=\"\" rel=\"gallery1\" rel=\"lightbox[18287]\"><img decoding=\"async\" src=\"https:\/\/www.spkatarzyna.pl\/wp-content\/uploads\/2026\/01\/PHOTO-2026-01-20-10-25-46-2-150x150.jpg\" width=\"150\" height=\"150\" alt=\"\" \/><\/a>\n<\/dt><\/dl><dl class=\"gallery-item\">\n<dt class=\"gallery-icon\">\n<a href=\"https:\/\/www.spkatarzyna.pl\/wp-content\/uploads\/2026\/01\/PHOTO-2026-01-20-10-25-46-300x226.jpg\" title=\"\" rel=\"gallery1\" rel=\"lightbox[18287]\"><img decoding=\"async\" src=\"https:\/\/www.spkatarzyna.pl\/wp-content\/uploads\/2026\/01\/PHOTO-2026-01-20-10-25-46-150x150.jpg\" width=\"150\" height=\"150\" alt=\"\" \/><\/a>\n<\/dt><\/dl><dl class=\"gallery-item\">\n<dt class=\"gallery-icon\">\n<a href=\"https:\/\/www.spkatarzyna.pl\/wp-content\/uploads\/2026\/01\/PHOTO-2026-01-20-10-25-45-3-300x226.jpg\" title=\"\" rel=\"gallery1\" rel=\"lightbox[18287]\"><img loading=\"lazy\" decoding=\"async\" src=\"https:\/\/www.spkatarzyna.pl\/wp-content\/uploads\/2026\/01\/PHOTO-2026-01-20-10-25-45-3-150x150.jpg\" width=\"150\" height=\"150\" alt=\"\" \/><\/a>\n<\/dt><\/dl><dl class=\"gallery-item\">\n<dt class=\"gallery-icon\">\n<a href=\"https:\/\/www.spkatarzyna.pl\/wp-content\/uploads\/2026\/01\/PHOTO-2026-01-20-10-25-45-2-1-226x300.jpg\" title=\"\" rel=\"gallery1\" rel=\"lightbox[18287]\"><img loading=\"lazy\" decoding=\"async\" src=\"https:\/\/www.spkatarzyna.pl\/wp-content\/uploads\/2026\/01\/PHOTO-2026-01-20-10-25-45-2-1-150x150.jpg\" width=\"150\" height=\"150\" alt=\"\" \/><\/a>\n<\/dt><\/dl><dl class=\"gallery-item\">\n<dt class=\"gallery-icon\">\n<a href=\"https:\/\/www.spkatarzyna.pl\/wp-content\/uploads\/2026\/01\/PHOTO-2026-01-20-10-25-45-300x226.jpg\" title=\"\" rel=\"gallery1\" rel=\"lightbox[18287]\"><img loading=\"lazy\" decoding=\"async\" src=\"https:\/\/www.spkatarzyna.pl\/wp-content\/uploads\/2026\/01\/PHOTO-2026-01-20-10-25-45-150x150.jpg\" width=\"150\" height=\"150\" alt=\"\" \/><\/a>\n<\/dt><\/dl><dl class=\"gallery-item\">\n<dt class=\"gallery-icon\">\n<a href=\"https:\/\/www.spkatarzyna.pl\/wp-content\/uploads\/2026\/01\/PHOTO-2026-01-20-10-29-44-226x300.jpg\" title=\"\" rel=\"gallery1\" rel=\"lightbox[18287]\"><img loading=\"lazy\" decoding=\"async\" src=\"https:\/\/www.spkatarzyna.pl\/wp-content\/uploads\/2026\/01\/PHOTO-2026-01-20-10-29-44-150x150.jpg\" width=\"150\" height=\"150\" alt=\"\" \/><\/a>\n<\/dt><\/dl><br style=\"clear: both\" \/><br style=\"clear: both\" \/><\/div>\t\t<\/div>\n\t\t\t\t\t\t<\/div>\n\t\t\t\t\t<\/div>\n\t\t\t\t<\/div>\n\t\t\t\t<\/div>\n\t\t","protected":false},"excerpt":{"rendered":"<p>Mi\u0142o nam poinformowa\u0107, \u017ce uczennice klas 7 i 8 zaj\u0119\u0142y I miejsce w Gminnych Igrzyskach M\u0142odzie\u017cy Szkolnej w Pi\u0142ce Siatkowej. Dziewczyny wygra\u0142y wszystkie mecze. Szko\u0142\u0119 reprezentowa\u0142y uczennice: Oliwia Marczyk, Anna Wi\u0119c\u0142aw, Julianna Wronecka, Zuzanna Ma\u0142ecka, Aleksandra Pi\u0119ta, Helena Tom, Julia Domaga\u0142a, Martyna Kopa\u0144ska, Emilia Kwaczy\u0144ska, Weronika \u0141ada, Kornelia Smyrak, Hanna [&hellip;]<\/p>\n","protected":false},"author":6,"featured_media":18288,"comment_status":"open","ping_status":"open","sticky":false,"template":"","format":"standard","meta":{"om_disable_all_campaigns":false,"_monsterinsights_skip_tracking":false,"ngg_post_thumbnail":0,"footnotes":""},"categories":[1],"tags":[],"class_list":["post-18287","post","type-post","status-publish","format-standard","has-post-thumbnail","hentry","category-uncategorized"],"aioseo_notices":[],"aioseo_head":"\n\t\t<!-- All in One SEO 5.0.1.1 - aioseo.com -->\n\t<meta name=\"description\" content=\"Mi\u0142o nam poinformowa\u0107, \u017ce uczennice klas 7 i 8 zaj\u0119\u0142y I miejsce w Gminnych Igrzyskach M\u0142odzie\u017cy Szkolnej w Pi\u0142ce Siatkowej. Dziewczyny wygra\u0142y wszystkie mecze. Szko\u0142\u0119 reprezentowa\u0142y uczennice: Oliwia Marczyk, Anna Wi\u0119c\u0142aw, Julianna Wronecka, Zuzanna Ma\u0142ecka, Aleksandra Pi\u0119ta, Helena Tom, Julia Domaga\u0142a, Martyna Kopa\u0144ska, Emilia Kwaczy\u0144ska, Weronika \u0141ada, Kornelia Smyrak, Hanna Kalinowska, Karolina Korona, Aleksandra Krowi\u0144ska,\" \/>\n\t<meta name=\"robots\" content=\"max-image-preview:large\" \/>\n\t<meta name=\"author\" content=\"Redakcja\"\/>\n\t<link rel=\"canonical\" href=\"https:\/\/www.spkatarzyna.pl\/index.php\/2026\/01\/20\/i-miejsce-w-gminnych-igrzyskach-mlodziezy-szkolnej\/\" \/>\n\t<meta name=\"generator\" content=\"All in One SEO (AIOSEO) 5.0.1.1\" \/>\n\t\t<meta property=\"og:locale\" content=\"pl_PL\" \/>\n\t\t<meta property=\"og:site_name\" content=\"SP Katarzyna - Publiczna Szko\u0142a Podstawowa w \u015awi\u0119tej Katarzynie\" \/>\n\t\t<meta property=\"og:type\" content=\"article\" \/>\n\t\t<meta property=\"og:title\" content=\"I miejsce w Gminnych Igrzyskach - SP Katarzyna\" \/>\n\t\t<meta property=\"og:description\" content=\"Mi\u0142o nam poinformowa\u0107, \u017ce uczennice klas 7 i 8 zaj\u0119\u0142y I miejsce w Gminnych Igrzyskach M\u0142odzie\u017cy Szkolnej w Pi\u0142ce Siatkowej. Dziewczyny wygra\u0142y wszystkie mecze. Szko\u0142\u0119 reprezentowa\u0142y uczennice: Oliwia Marczyk, Anna Wi\u0119c\u0142aw, Julianna Wronecka, Zuzanna Ma\u0142ecka, Aleksandra Pi\u0119ta, Helena Tom, Julia Domaga\u0142a, Martyna Kopa\u0144ska, Emilia Kwaczy\u0144ska, Weronika \u0141ada, Kornelia Smyrak, Hanna Kalinowska, Karolina Korona, Aleksandra Krowi\u0144ska,\" \/>\n\t\t<meta property=\"og:url\" content=\"https:\/\/www.spkatarzyna.pl\/index.php\/2026\/01\/20\/i-miejsce-w-gminnych-igrzyskach-mlodziezy-szkolnej\/\" \/>\n\t\t<meta property=\"article:published_time\" content=\"2026-01-20T11:27:16+00:00\" \/>\n\t\t<meta property=\"article:modified_time\" content=\"2026-01-20T12:57:00+00:00\" \/>\n\t\t<meta name=\"twitter:card\" content=\"summary_large_image\" \/>\n\t\t<meta name=\"twitter:title\" content=\"I miejsce w Gminnych Igrzyskach - SP Katarzyna\" \/>\n\t\t<meta name=\"twitter:description\" content=\"Mi\u0142o nam poinformowa\u0107, \u017ce uczennice klas 7 i 8 zaj\u0119\u0142y I miejsce w Gminnych Igrzyskach M\u0142odzie\u017cy Szkolnej w Pi\u0142ce Siatkowej. Dziewczyny wygra\u0142y wszystkie mecze. Szko\u0142\u0119 reprezentowa\u0142y uczennice: Oliwia Marczyk, Anna Wi\u0119c\u0142aw, Julianna Wronecka, Zuzanna Ma\u0142ecka, Aleksandra Pi\u0119ta, Helena Tom, Julia Domaga\u0142a, Martyna Kopa\u0144ska, Emilia Kwaczy\u0144ska, Weronika \u0141ada, Kornelia Smyrak, Hanna Kalinowska, Karolina Korona, Aleksandra Krowi\u0144ska,\" \/>\n\t\t<script type=\"application\/ld+json\" class=\"aioseo-schema\">\n\t\t\t{\"@context\":\"https:\\\/\\\/schema.org\",\"@graph\":[{\"@type\":\"BlogPosting\",\"@id\":\"https:\\\/\\\/www.spkatarzyna.pl\\\/index.php\\\/2026\\\/01\\\/20\\\/i-miejsce-w-gminnych-igrzyskach-mlodziezy-szkolnej\\\/#blogposting\",\"name\":\"I miejsce w Gminnych Igrzyskach - SP Katarzyna\",\"headline\":\"I miejsce w Gminnych Igrzyskach\",\"author\":{\"@id\":\"https:\\\/\\\/www.spkatarzyna.pl\\\/index.php\\\/author\\\/agatasafianspkatarzyna-pl\\\/#author\"},\"publisher\":{\"@id\":\"https:\\\/\\\/www.spkatarzyna.pl\\\/#organization\"},\"image\":{\"@type\":\"ImageObject\",\"url\":\"https:\\\/\\\/www.spkatarzyna.pl\\\/wp-content\\\/uploads\\\/2026\\\/01\\\/PHOTO-2026-01-20-10-25-45-2.jpg\",\"width\":360,\"height\":202},\"datePublished\":\"2026-01-20T11:27:16+01:00\",\"dateModified\":\"2026-01-20T12:57:00+01:00\",\"inLanguage\":\"pl-PL\",\"mainEntityOfPage\":{\"@id\":\"https:\\\/\\\/www.spkatarzyna.pl\\\/index.php\\\/2026\\\/01\\\/20\\\/i-miejsce-w-gminnych-igrzyskach-mlodziezy-szkolnej\\\/#webpage\"},\"isPartOf\":{\"@id\":\"https:\\\/\\\/www.spkatarzyna.pl\\\/index.php\\\/2026\\\/01\\\/20\\\/i-miejsce-w-gminnych-igrzyskach-mlodziezy-szkolnej\\\/#webpage\"},\"articleSection\":\"Uncategorized\"},{\"@type\":\"BreadcrumbList\",\"@id\":\"https:\\\/\\\/www.spkatarzyna.pl\\\/index.php\\\/2026\\\/01\\\/20\\\/i-miejsce-w-gminnych-igrzyskach-mlodziezy-szkolnej\\\/#breadcrumblist\",\"itemListElement\":[{\"@type\":\"ListItem\",\"@id\":\"https:\\\/\\\/www.spkatarzyna.pl#listItem\",\"position\":1,\"name\":\"Dom\",\"item\":\"https:\\\/\\\/www.spkatarzyna.pl\",\"nextItem\":{\"@type\":\"ListItem\",\"@id\":\"https:\\\/\\\/www.spkatarzyna.pl\\\/index.php\\\/category\\\/uncategorized\\\/#listItem\",\"name\":\"Uncategorized\"}},{\"@type\":\"ListItem\",\"@id\":\"https:\\\/\\\/www.spkatarzyna.pl\\\/index.php\\\/category\\\/uncategorized\\\/#listItem\",\"position\":2,\"name\":\"Uncategorized\",\"item\":\"https:\\\/\\\/www.spkatarzyna.pl\\\/index.php\\\/category\\\/uncategorized\\\/\",\"nextItem\":{\"@type\":\"ListItem\",\"@id\":\"https:\\\/\\\/www.spkatarzyna.pl\\\/index.php\\\/2026\\\/01\\\/20\\\/i-miejsce-w-gminnych-igrzyskach-mlodziezy-szkolnej\\\/#listItem\",\"name\":\"I miejsce w Gminnych Igrzyskach\"},\"previousItem\":{\"@type\":\"ListItem\",\"@id\":\"https:\\\/\\\/www.spkatarzyna.pl#listItem\",\"name\":\"Dom\"}},{\"@type\":\"ListItem\",\"@id\":\"https:\\\/\\\/www.spkatarzyna.pl\\\/index.php\\\/2026\\\/01\\\/20\\\/i-miejsce-w-gminnych-igrzyskach-mlodziezy-szkolnej\\\/#listItem\",\"position\":3,\"name\":\"I miejsce w Gminnych Igrzyskach\",\"previousItem\":{\"@type\":\"ListItem\",\"@id\":\"https:\\\/\\\/www.spkatarzyna.pl\\\/index.php\\\/category\\\/uncategorized\\\/#listItem\",\"name\":\"Uncategorized\"}}]},{\"@type\":\"Organization\",\"@id\":\"https:\\\/\\\/www.spkatarzyna.pl\\\/#organization\",\"name\":\"SP Katarzyna\",\"description\":\"Publiczna Szko\\u0142a Podstawowa w \\u015awi\\u0119tej Katarzynie\",\"url\":\"https:\\\/\\\/www.spkatarzyna.pl\\\/\",\"telephone\":\"+48713116378\",\"sameAs\":[\"https:\\\/\\\/facebook.com\\\/\",\"https:\\\/\\\/x.com\\\/\",\"https:\\\/\\\/instagram.com\\\/\",\"https:\\\/\\\/pinterest.com\\\/\",\"https:\\\/\\\/youtube.com\\\/\",\"https:\\\/\\\/linkedin.com\\\/in\\\/\"]},{\"@type\":\"Person\",\"@id\":\"https:\\\/\\\/www.spkatarzyna.pl\\\/index.php\\\/author\\\/agatasafianspkatarzyna-pl\\\/#author\",\"url\":\"https:\\\/\\\/www.spkatarzyna.pl\\\/index.php\\\/author\\\/agatasafianspkatarzyna-pl\\\/\",\"name\":\"Redakcja\",\"image\":{\"@type\":\"ImageObject\",\"@id\":\"https:\\\/\\\/www.spkatarzyna.pl\\\/index.php\\\/2026\\\/01\\\/20\\\/i-miejsce-w-gminnych-igrzyskach-mlodziezy-szkolnej\\\/#authorImage\",\"url\":\"https:\\\/\\\/secure.gravatar.com\\\/avatar\\\/765290513df94d442152250e92b42327?s=96&d=mm&r=g\",\"width\":96,\"height\":96,\"caption\":\"Redakcja\"}},{\"@type\":\"WebPage\",\"@id\":\"https:\\\/\\\/www.spkatarzyna.pl\\\/index.php\\\/2026\\\/01\\\/20\\\/i-miejsce-w-gminnych-igrzyskach-mlodziezy-szkolnej\\\/#webpage\",\"url\":\"https:\\\/\\\/www.spkatarzyna.pl\\\/index.php\\\/2026\\\/01\\\/20\\\/i-miejsce-w-gminnych-igrzyskach-mlodziezy-szkolnej\\\/\",\"name\":\"I miejsce w Gminnych Igrzyskach - SP Katarzyna\",\"description\":\"Mi\\u0142o nam poinformowa\\u0107, \\u017ce uczennice klas 7 i 8 zaj\\u0119\\u0142y I miejsce w Gminnych Igrzyskach M\\u0142odzie\\u017cy Szkolnej w Pi\\u0142ce Siatkowej. Dziewczyny wygra\\u0142y wszystkie mecze. Szko\\u0142\\u0119 reprezentowa\\u0142y uczennice: Oliwia Marczyk, Anna Wi\\u0119c\\u0142aw, Julianna Wronecka, Zuzanna Ma\\u0142ecka, Aleksandra Pi\\u0119ta, Helena Tom, Julia Domaga\\u0142a, Martyna Kopa\\u0144ska, Emilia Kwaczy\\u0144ska, Weronika \\u0141ada, Kornelia Smyrak, Hanna Kalinowska, Karolina Korona, Aleksandra Krowi\\u0144ska,\",\"inLanguage\":\"pl-PL\",\"isPartOf\":{\"@id\":\"https:\\\/\\\/www.spkatarzyna.pl\\\/#website\"},\"breadcrumb\":{\"@id\":\"https:\\\/\\\/www.spkatarzyna.pl\\\/index.php\\\/2026\\\/01\\\/20\\\/i-miejsce-w-gminnych-igrzyskach-mlodziezy-szkolnej\\\/#breadcrumblist\"},\"author\":{\"@id\":\"https:\\\/\\\/www.spkatarzyna.pl\\\/index.php\\\/author\\\/agatasafianspkatarzyna-pl\\\/#author\"},\"creator\":{\"@id\":\"https:\\\/\\\/www.spkatarzyna.pl\\\/index.php\\\/author\\\/agatasafianspkatarzyna-pl\\\/#author\"},\"image\":{\"@type\":\"ImageObject\",\"url\":\"https:\\\/\\\/www.spkatarzyna.pl\\\/wp-content\\\/uploads\\\/2026\\\/01\\\/PHOTO-2026-01-20-10-25-45-2.jpg\",\"@id\":\"https:\\\/\\\/www.spkatarzyna.pl\\\/index.php\\\/2026\\\/01\\\/20\\\/i-miejsce-w-gminnych-igrzyskach-mlodziezy-szkolnej\\\/#mainImage\",\"width\":360,\"height\":202},\"primaryImageOfPage\":{\"@id\":\"https:\\\/\\\/www.spkatarzyna.pl\\\/index.php\\\/2026\\\/01\\\/20\\\/i-miejsce-w-gminnych-igrzyskach-mlodziezy-szkolnej\\\/#mainImage\"},\"datePublished\":\"2026-01-20T11:27:16+01:00\",\"dateModified\":\"2026-01-20T12:57:00+01:00\"},{\"@type\":\"WebSite\",\"@id\":\"https:\\\/\\\/www.spkatarzyna.pl\\\/#website\",\"url\":\"https:\\\/\\\/www.spkatarzyna.pl\\\/\",\"name\":\"SP Katarzyna\",\"description\":\"Publiczna Szko\\u0142a Podstawowa w \\u015awi\\u0119tej Katarzynie\",\"inLanguage\":\"pl-PL\",\"publisher\":{\"@id\":\"https:\\\/\\\/www.spkatarzyna.pl\\\/#organization\"}}]}\n\t\t<\/script>\n\t\t<!-- All in One SEO -->\n\n","aioseo_head_json":{"title":"I miejsce w Gminnych Igrzyskach - SP Katarzyna","description":"Mi\u0142o nam poinformowa\u0107, \u017ce uczennice klas 7 i 8 zaj\u0119\u0142y I miejsce w Gminnych Igrzyskach M\u0142odzie\u017cy Szkolnej w Pi\u0142ce Siatkowej. Dziewczyny wygra\u0142y wszystkie mecze. Szko\u0142\u0119 reprezentowa\u0142y uczennice: Oliwia Marczyk, Anna Wi\u0119c\u0142aw, Julianna Wronecka, Zuzanna Ma\u0142ecka, Aleksandra Pi\u0119ta, Helena Tom, Julia Domaga\u0142a, Martyna Kopa\u0144ska, Emilia Kwaczy\u0144ska, Weronika \u0141ada, Kornelia Smyrak, Hanna Kalinowska, Karolina Korona, Aleksandra Krowi\u0144ska,","canonical_url":"https:\/\/www.spkatarzyna.pl\/index.php\/2026\/01\/20\/i-miejsce-w-gminnych-igrzyskach-mlodziezy-szkolnej\/","robots":"max-image-preview:large","keywords":"","webmasterTools":{"miscellaneous":""},"schema":{"@context":"https:\/\/schema.org","@graph":[{"@type":"BlogPosting","@id":"https:\/\/www.spkatarzyna.pl\/index.php\/2026\/01\/20\/i-miejsce-w-gminnych-igrzyskach-mlodziezy-szkolnej\/#blogposting","name":"I miejsce w Gminnych Igrzyskach - SP Katarzyna","headline":"I miejsce w Gminnych Igrzyskach","author":{"@id":"https:\/\/www.spkatarzyna.pl\/index.php\/author\/agatasafianspkatarzyna-pl\/#author"},"publisher":{"@id":"https:\/\/www.spkatarzyna.pl\/#organization"},"image":{"@type":"ImageObject","url":"https:\/\/www.spkatarzyna.pl\/wp-content\/uploads\/2026\/01\/PHOTO-2026-01-20-10-25-45-2.jpg","width":360,"height":202},"datePublished":"2026-01-20T11:27:16+01:00","dateModified":"2026-01-20T12:57:00+01:00","inLanguage":"pl-PL","mainEntityOfPage":{"@id":"https:\/\/www.spkatarzyna.pl\/index.php\/2026\/01\/20\/i-miejsce-w-gminnych-igrzyskach-mlodziezy-szkolnej\/#webpage"},"isPartOf":{"@id":"https:\/\/www.spkatarzyna.pl\/index.php\/2026\/01\/20\/i-miejsce-w-gminnych-igrzyskach-mlodziezy-szkolnej\/#webpage"},"articleSection":"Uncategorized"},{"@type":"BreadcrumbList","@id":"https:\/\/www.spkatarzyna.pl\/index.php\/2026\/01\/20\/i-miejsce-w-gminnych-igrzyskach-mlodziezy-szkolnej\/#breadcrumblist","itemListElement":[{"@type":"ListItem","@id":"https:\/\/www.spkatarzyna.pl#listItem","position":1,"name":"Dom","item":"https:\/\/www.spkatarzyna.pl","nextItem":{"@type":"ListItem","@id":"https:\/\/www.spkatarzyna.pl\/index.php\/category\/uncategorized\/#listItem","name":"Uncategorized"}},{"@type":"ListItem","@id":"https:\/\/www.spkatarzyna.pl\/index.php\/category\/uncategorized\/#listItem","position":2,"name":"Uncategorized","item":"https:\/\/www.spkatarzyna.pl\/index.php\/category\/uncategorized\/","nextItem":{"@type":"ListItem","@id":"https:\/\/www.spkatarzyna.pl\/index.php\/2026\/01\/20\/i-miejsce-w-gminnych-igrzyskach-mlodziezy-szkolnej\/#listItem","name":"I miejsce w Gminnych Igrzyskach"},"previousItem":{"@type":"ListItem","@id":"https:\/\/www.spkatarzyna.pl#listItem","name":"Dom"}},{"@type":"ListItem","@id":"https:\/\/www.spkatarzyna.pl\/index.php\/2026\/01\/20\/i-miejsce-w-gminnych-igrzyskach-mlodziezy-szkolnej\/#listItem","position":3,"name":"I miejsce w Gminnych Igrzyskach","previousItem":{"@type":"ListItem","@id":"https:\/\/www.spkatarzyna.pl\/index.php\/category\/uncategorized\/#listItem","name":"Uncategorized"}}]},{"@type":"Organization","@id":"https:\/\/www.spkatarzyna.pl\/#organization","name":"SP Katarzyna","description":"Publiczna Szko\u0142a Podstawowa w \u015awi\u0119tej Katarzynie","url":"https:\/\/www.spkatarzyna.pl\/","telephone":"+48713116378","sameAs":["https:\/\/facebook.com\/","https:\/\/x.com\/","https:\/\/instagram.com\/","https:\/\/pinterest.com\/","https:\/\/youtube.com\/","https:\/\/linkedin.com\/in\/"]},{"@type":"Person","@id":"https:\/\/www.spkatarzyna.pl\/index.php\/author\/agatasafianspkatarzyna-pl\/#author","url":"https:\/\/www.spkatarzyna.pl\/index.php\/author\/agatasafianspkatarzyna-pl\/","name":"Redakcja","image":{"@type":"ImageObject","@id":"https:\/\/www.spkatarzyna.pl\/index.php\/2026\/01\/20\/i-miejsce-w-gminnych-igrzyskach-mlodziezy-szkolnej\/#authorImage","url":"https:\/\/secure.gravatar.com\/avatar\/765290513df94d442152250e92b42327?s=96&d=mm&r=g","width":96,"height":96,"caption":"Redakcja"}},{"@type":"WebPage","@id":"https:\/\/www.spkatarzyna.pl\/index.php\/2026\/01\/20\/i-miejsce-w-gminnych-igrzyskach-mlodziezy-szkolnej\/#webpage","url":"https:\/\/www.spkatarzyna.pl\/index.php\/2026\/01\/20\/i-miejsce-w-gminnych-igrzyskach-mlodziezy-szkolnej\/","name":"I miejsce w Gminnych Igrzyskach - SP Katarzyna","description":"Mi\u0142o nam poinformowa\u0107, \u017ce uczennice klas 7 i 8 zaj\u0119\u0142y I miejsce w Gminnych Igrzyskach M\u0142odzie\u017cy Szkolnej w Pi\u0142ce Siatkowej. Dziewczyny wygra\u0142y wszystkie mecze. Szko\u0142\u0119 reprezentowa\u0142y uczennice: Oliwia Marczyk, Anna Wi\u0119c\u0142aw, Julianna Wronecka, Zuzanna Ma\u0142ecka, Aleksandra Pi\u0119ta, Helena Tom, Julia Domaga\u0142a, Martyna Kopa\u0144ska, Emilia Kwaczy\u0144ska, Weronika \u0141ada, Kornelia Smyrak, Hanna Kalinowska, Karolina Korona, Aleksandra Krowi\u0144ska,","inLanguage":"pl-PL","isPartOf":{"@id":"https:\/\/www.spkatarzyna.pl\/#website"},"breadcrumb":{"@id":"https:\/\/www.spkatarzyna.pl\/index.php\/2026\/01\/20\/i-miejsce-w-gminnych-igrzyskach-mlodziezy-szkolnej\/#breadcrumblist"},"author":{"@id":"https:\/\/www.spkatarzyna.pl\/index.php\/author\/agatasafianspkatarzyna-pl\/#author"},"creator":{"@id":"https:\/\/www.spkatarzyna.pl\/index.php\/author\/agatasafianspkatarzyna-pl\/#author"},"image":{"@type":"ImageObject","url":"https:\/\/www.spkatarzyna.pl\/wp-content\/uploads\/2026\/01\/PHOTO-2026-01-20-10-25-45-2.jpg","@id":"https:\/\/www.spkatarzyna.pl\/index.php\/2026\/01\/20\/i-miejsce-w-gminnych-igrzyskach-mlodziezy-szkolnej\/#mainImage","width":360,"height":202},"primaryImageOfPage":{"@id":"https:\/\/www.spkatarzyna.pl\/index.php\/2026\/01\/20\/i-miejsce-w-gminnych-igrzyskach-mlodziezy-szkolnej\/#mainImage"},"datePublished":"2026-01-20T11:27:16+01:00","dateModified":"2026-01-20T12:57:00+01:00"},{"@type":"WebSite","@id":"https:\/\/www.spkatarzyna.pl\/#website","url":"https:\/\/www.spkatarzyna.pl\/","name":"SP Katarzyna","description":"Publiczna Szko\u0142a Podstawowa w \u015awi\u0119tej Katarzynie","inLanguage":"pl-PL","publisher":{"@id":"https:\/\/www.spkatarzyna.pl\/#organization"}}]},"og:locale":"pl_PL","og:site_name":"SP Katarzyna - Publiczna Szko\u0142a Podstawowa w \u015awi\u0119tej Katarzynie","og:type":"article","og:title":"I miejsce w Gminnych Igrzyskach - SP Katarzyna","og:description":"Mi\u0142o nam poinformowa\u0107, \u017ce uczennice klas 7 i 8 zaj\u0119\u0142y I miejsce w Gminnych Igrzyskach M\u0142odzie\u017cy Szkolnej w Pi\u0142ce Siatkowej. Dziewczyny wygra\u0142y wszystkie mecze. Szko\u0142\u0119 reprezentowa\u0142y uczennice: Oliwia Marczyk, Anna Wi\u0119c\u0142aw, Julianna Wronecka, Zuzanna Ma\u0142ecka, Aleksandra Pi\u0119ta, Helena Tom, Julia Domaga\u0142a, Martyna Kopa\u0144ska, Emilia Kwaczy\u0144ska, Weronika \u0141ada, Kornelia Smyrak, Hanna Kalinowska, Karolina Korona, Aleksandra Krowi\u0144ska,","og:url":"https:\/\/www.spkatarzyna.pl\/index.php\/2026\/01\/20\/i-miejsce-w-gminnych-igrzyskach-mlodziezy-szkolnej\/","article:published_time":"2026-01-20T11:27:16+00:00","article:modified_time":"2026-01-20T12:57:00+00:00","twitter:card":"summary_large_image","twitter:title":"I miejsce w Gminnych Igrzyskach - SP Katarzyna","twitter:description":"Mi\u0142o nam poinformowa\u0107, \u017ce uczennice klas 7 i 8 zaj\u0119\u0142y I miejsce w Gminnych Igrzyskach M\u0142odzie\u017cy Szkolnej w Pi\u0142ce Siatkowej. Dziewczyny wygra\u0142y wszystkie mecze. Szko\u0142\u0119 reprezentowa\u0142y uczennice: Oliwia Marczyk, Anna Wi\u0119c\u0142aw, Julianna Wronecka, Zuzanna Ma\u0142ecka, Aleksandra Pi\u0119ta, Helena Tom, Julia Domaga\u0142a, Martyna Kopa\u0144ska, Emilia Kwaczy\u0144ska, Weronika \u0141ada, Kornelia Smyrak, Hanna Kalinowska, Karolina Korona, Aleksandra Krowi\u0144ska,"},"aioseo_meta_data":{"post_id":"18287","title":null,"description":null,"keywords":null,"keyphrases":{"focus":{"keyphrase":"","score":0,"analysis":{"keyphraseInTitle":{"score":0,"maxScore":9,"error":1}}},"additional":[]},"primary_term":null,"canonical_url":null,"og_title":null,"og_description":null,"og_object_type":"default","og_image_type":"default","og_image_url":null,"og_image_width":null,"og_image_height":null,"og_image_custom_url":null,"og_image_custom_fields":null,"og_video":"","og_custom_url":null,"og_article_section":null,"og_article_tags":null,"twitter_use_og":false,"twitter_card":"default","twitter_image_type":"default","twitter_image_url":null,"twitter_image_custom_url":null,"twitter_image_custom_fields":null,"twitter_title":null,"twitter_description":null,"schema":{"blockGraphs":[],"customGraphs":[],"default":{"data":{"Article":[],"Course":[],"Dataset":[],"FAQPage":[],"Movie":[],"Person":[],"Product":[],"ProductReview":[],"Car":[],"Recipe":[],"Service":[],"SoftwareApplication":[],"WebPage":[]},"graphName":"BlogPosting","isEnabled":true},"graphs":[]},"schema_type":"default","schema_type_options":null,"pillar_content":false,"robots_default":true,"robots_noindex":false,"robots_noarchive":false,"robots_nosnippet":false,"robots_nofollow":false,"robots_noimageindex":false,"robots_noodp":false,"robots_notranslate":false,"robots_max_snippet":"-1","robots_max_videopreview":"-1","robots_max_imagepreview":"large","priority":null,"frequency":"default","local_seo":null,"limit_modified_date":false,"created":"2026-01-20 11:27:16","updated":"2026-09-03 17:37:16","focus_keyword":null,"additional_keywords":null,"truseo_locale":null,"ai":null,"breadcrumb_settings":null,"seo_analyzer_scan_date":null},"aioseo_breadcrumb":"<div class=\"aioseo-breadcrumbs\"><span class=\"aioseo-breadcrumb\">\n\t\t\t<a href=\"https:\/\/www.spkatarzyna.pl\" title=\"Dom\">Dom<\/a>\n\t\t<\/span><span class=\"aioseo-breadcrumb-separator\">&raquo;<\/span><span class=\"aioseo-breadcrumb\">\n\t\t\t<a href=\"https:\/\/www.spkatarzyna.pl\/index.php\/category\/uncategorized\/\" title=\"Uncategorized\">Uncategorized<\/a>\n\t\t<\/span><span class=\"aioseo-breadcrumb-separator\">&raquo;<\/span><span class=\"aioseo-breadcrumb\">\n\t\t\tI miejsce w Gminnych Igrzyskach\n\t\t<\/span><\/div>","aioseo_breadcrumb_json":[{"label":"Dom","link":"https:\/\/www.spkatarzyna.pl"},{"label":"Uncategorized","link":"https:\/\/www.spkatarzyna.pl\/index.php\/category\/uncategorized\/"},{"label":"I miejsce w Gminnych Igrzyskach","link":"https:\/\/www.spkatarzyna.pl\/index.php\/2026\/01\/20\/i-miejsce-w-gminnych-igrzyskach-mlodziezy-szkolnej\/"}],"_links":{"self":[{"href":"https:\/\/www.spkatarzyna.pl\/index.php\/wp-json\/wp\/v2\/posts\/18287","targetHints":{"allow":["GET"]}}],"collection":[{"href":"https:\/\/www.spkatarzyna.pl\/index.php\/wp-json\/wp\/v2\/posts"}],"about":[{"href":"https:\/\/www.spkatarzyna.pl\/index.php\/wp-json\/wp\/v2\/types\/post"}],"author":[{"embeddable":true,"href":"https:\/\/www.spkatarzyna.pl\/index.php\/wp-json\/wp\/v2\/users\/6"}],"replies":[{"embeddable":true,"href":"https:\/\/www.spkatarzyna.pl\/index.php\/wp-json\/wp\/v2\/comments?post=18287"}],"version-history":[{"count":6,"href":"https:\/\/www.spkatarzyna.pl\/index.php\/wp-json\/wp\/v2\/posts\/18287\/revisions"}],"predecessor-version":[{"id":18302,"href":"https:\/\/www.spkatarzyna.pl\/index.php\/wp-json\/wp\/v2\/posts\/18287\/revisions\/18302"}],"wp:featuredmedia":[{"embeddable":true,"href":"https:\/\/www.spkatarzyna.pl\/index.php\/wp-json\/wp\/v2\/media\/18288"}],"wp:attachment":[{"href":"https:\/\/www.spkatarzyna.pl\/index.php\/wp-json\/wp\/v2\/media?parent=18287"}],"wp:term":[{"taxonomy":"category","embeddable":true,"href":"https:\/\/www.spkatarzyna.pl\/index.php\/wp-json\/wp\/v2\/categories?post=18287"},{"taxonomy":"post_tag","embeddable":true,"href":"https:\/\/www.spkatarzyna.pl\/index.php\/wp-json\/wp\/v2\/tags?post=18287"}],"curies":[{"name":"wp","href":"https:\/\/api.w.org\/{rel}","templated":true}]}}