{"id":18319,"date":"2026-01-25T15:42:34","date_gmt":"2026-01-25T15:42:34","guid":{"rendered":"https:\/\/www.spkatarzyna.pl\/?p=18319"},"modified":"2026-01-25T15:48:54","modified_gmt":"2026-01-25T15:48:54","slug":"gminne-zawody-w-tenisie-stolowym-3","status":"publish","type":"post","link":"https:\/\/www.spkatarzyna.pl\/index.php\/2026\/01\/25\/gminne-zawody-w-tenisie-stolowym-3\/","title":{"rendered":"Gminne zawody w tenisie sto\u0142owym"},"content":{"rendered":"\t\t<div data-elementor-type=\"wp-post\" data-elementor-id=\"18319\" class=\"elementor elementor-18319\">\n\t\t\t\t<div class=\"elementor-element elementor-element-23815401 e-flex e-con-boxed e-con e-parent\" data-id=\"23815401\" data-element_type=\"container\">\n\t\t\t\t\t<div class=\"e-con-inner\">\n\t\t\t\t<div class=\"elementor-element elementor-element-159ac77e elementor-widget elementor-widget-text-editor\" data-id=\"159ac77e\" data-element_type=\"widget\" data-widget_type=\"text-editor.default\">\n\t\t\t\t\t\t\t\t\t<p style=\"text-align: justify;\"><span style=\"font-weight: 400;\"><span style=\"font-size: 14pt;\">22.01.2026 w naszej szkole zosta\u0142y rozegrane Gminne zawody w tenisie sto\u0142owym. Udzia\u0142 wzi\u0119\u0142o 5 szk\u00f3\u0142 z terenu gminy Siechnice. Turniej by\u0142 rozgrywany w kategoriach klas 4-6 dla dziewcz\u0105t i ch\u0142opc\u00f3w oraz w kategorii 7-8 dla dziewcz\u0105t i ch\u0142opc\u00f3w. Zawody odbywa\u0142y si\u0119 w przyjemnej, sportowej atmosferze.\u00a0<\/span><\/span><\/p><p style=\"text-align: justify;\"><span style=\"font-size: 14pt;\"><em><strong>Kadr\u0119 dziewcz\u0105t i ch\u0142opc\u00f3w w poszczeg\u00f3lnych kategoriach klasowych reprezentowali:<\/strong><\/em><\/span><\/p><p style=\"text-align: justify;\"><span style=\"text-decoration: underline;\"><span style=\"font-size: 14pt;\">Dziewcz\u0119ta klas 4-6:<\/span><\/span><\/p><p style=\"text-align: justify;\"><span style=\"font-weight: 400; font-size: 14pt;\">&#8211; Jagoda Przyszlak, Laura Bana\u015b, Gabriela Senftleben, Oliwia Grze\u015bkowiak, Marcelina Bujacz<\/span><\/p><p style=\"text-align: justify;\"><span style=\"text-decoration: underline;\"><span style=\"font-size: 14pt;\">Ch\u0142opcy klas 4-6:<\/span><\/span><\/p><p style=\"text-align: justify;\"><span style=\"font-weight: 400; font-size: 14pt;\">&#8211; Ivo Lendzion, Fabian Ka\u0142us<\/span><\/p><p style=\"text-align: justify;\"><span style=\"text-decoration: underline;\"><span style=\"font-size: 14pt;\">Dziewcz\u0119ta klas 7-8:<\/span><\/span><\/p><p style=\"text-align: justify;\"><span style=\"font-weight: 400; font-size: 14pt;\">&#8211; Jagoda W\u0142osowicz, Ola Krowi\u0144ska<\/span><\/p><p style=\"text-align: justify;\"><span style=\"text-decoration: underline;\"><span style=\"font-weight: 400; font-size: 14pt;\">Ch\u0142opcy klas 7-8:<\/span><\/span><\/p><p style=\"text-align: justify;\"><span style=\"font-weight: 400; font-size: 14pt;\">&#8211; Grzegorz Kaczor, Bartek D\u0105browski, Jakub Herbu\u015b, Szymon S\u0142awek<\/span><\/p><p><span style=\"font-weight: 400; font-size: 14pt;\">Gratulujemy zwyci\u0119zcom i dzi\u0119kujemy wszystkim za udzia\u0142. <\/span><\/p><p><span style=\"font-weight: 400; font-size: 14pt;\">Szczeg\u00f3lne podzi\u0119kowania kierujemy do kadry Wf-u za organizacj\u0119 i do naszych s\u0119dzi\u00f3w, dzi\u0119ki kt\u00f3rym turniej odby\u0142 si\u0119 bez zak\u0142\u00f3ce\u0144.<\/span><\/p><p style=\"text-align: right;\"><span style=\"font-size: 14pt;\">Jakub Herbu\u015b<\/span><\/p><p style=\"text-align: right;\"><span style=\"font-size: 14pt;\">ucze\u0144 klasy 7b<\/span><\/p><p style=\"text-align: justify;\"><br style=\"font-weight: 400;\" \/><br style=\"font-weight: 400;\" \/><\/p>\t\t\t\t\t\t\t\t<\/div>\n\t\t\t\t<div class=\"elementor-element elementor-element-888d9a7 elementor-widget elementor-widget-image-gallery\" data-id=\"888d9a7\" data-element_type=\"widget\" data-widget_type=\"image-gallery.default\">\n\t\t\t\t\t\t\t<div class=\"elementor-image-gallery\">\n\t\t\t\n\t\t<div id='gallery-1' class='gallery galleryid-18319 gallery-columns-8 gallery-size-thumbnail gallery1'><script type=\"text\/javascript\">\n\/\/ <![CDATA[\n\tjQuery(document).ready(function () {\n\t\tjQuery(\".gallery1 a\").attr(\"rel\",\"gallery1\");\t\n\t\tjQuery('a[rel=\"gallery1\"]').colorbox({title: function(){ return jQuery(this).children().attr(\"alt\"); }});\n\t});\n\/\/ ]]>\n<\/script>\n<dl class=\"gallery-item\">\n<dt class=\"gallery-icon\">\n<a href=\"https:\/\/www.spkatarzyna.pl\/wp-content\/uploads\/2026\/01\/PHOTO-2026-01-24-09-45-08-2-300x225.jpg\" title=\"\" rel=\"gallery1\" rel=\"lightbox[18319]\"><img decoding=\"async\" src=\"https:\/\/www.spkatarzyna.pl\/wp-content\/uploads\/2026\/01\/PHOTO-2026-01-24-09-45-08-2-150x150.jpg\" width=\"150\" height=\"150\" alt=\"\" \/><\/a>\n<\/dt><\/dl><dl class=\"gallery-item\">\n<dt class=\"gallery-icon\">\n<a href=\"https:\/\/www.spkatarzyna.pl\/wp-content\/uploads\/2026\/01\/PHOTO-2026-01-24-09-45-08-300x225.jpg\" title=\"\" rel=\"gallery1\" rel=\"lightbox[18319]\"><img decoding=\"async\" src=\"https:\/\/www.spkatarzyna.pl\/wp-content\/uploads\/2026\/01\/PHOTO-2026-01-24-09-45-08-150x150.jpg\" width=\"150\" height=\"150\" alt=\"\" \/><\/a>\n<\/dt><\/dl><dl class=\"gallery-item\">\n<dt class=\"gallery-icon\">\n<a href=\"https:\/\/www.spkatarzyna.pl\/wp-content\/uploads\/2026\/01\/PHOTO-2026-01-24-09-45-09-2-300x225.jpg\" title=\"\" rel=\"gallery1\" rel=\"lightbox[18319]\"><img decoding=\"async\" src=\"https:\/\/www.spkatarzyna.pl\/wp-content\/uploads\/2026\/01\/PHOTO-2026-01-24-09-45-09-2-150x150.jpg\" width=\"150\" height=\"150\" alt=\"\" \/><\/a>\n<\/dt><\/dl><dl class=\"gallery-item\">\n<dt class=\"gallery-icon\">\n<a href=\"https:\/\/www.spkatarzyna.pl\/wp-content\/uploads\/2026\/01\/PHOTO-2026-01-24-09-45-09-3-300x225.jpg\" title=\"\" rel=\"gallery1\" rel=\"lightbox[18319]\"><img loading=\"lazy\" decoding=\"async\" src=\"https:\/\/www.spkatarzyna.pl\/wp-content\/uploads\/2026\/01\/PHOTO-2026-01-24-09-45-09-3-150x150.jpg\" width=\"150\" height=\"150\" alt=\"\" \/><\/a>\n<\/dt><\/dl><dl class=\"gallery-item\">\n<dt class=\"gallery-icon\">\n<a href=\"https:\/\/www.spkatarzyna.pl\/wp-content\/uploads\/2026\/01\/PHOTO-2026-01-24-09-45-09-300x225.jpg\" title=\"\" rel=\"gallery1\" rel=\"lightbox[18319]\"><img loading=\"lazy\" decoding=\"async\" src=\"https:\/\/www.spkatarzyna.pl\/wp-content\/uploads\/2026\/01\/PHOTO-2026-01-24-09-45-09-150x150.jpg\" width=\"150\" height=\"150\" alt=\"\" \/><\/a>\n<\/dt><\/dl><dl class=\"gallery-item\">\n<dt class=\"gallery-icon\">\n<a href=\"https:\/\/www.spkatarzyna.pl\/wp-content\/uploads\/2026\/01\/PHOTO-2026-01-24-09-45-10-2-300x225.jpg\" title=\"\" rel=\"gallery1\" rel=\"lightbox[18319]\"><img loading=\"lazy\" decoding=\"async\" src=\"https:\/\/www.spkatarzyna.pl\/wp-content\/uploads\/2026\/01\/PHOTO-2026-01-24-09-45-10-2-150x150.jpg\" width=\"150\" height=\"150\" alt=\"\" \/><\/a>\n<\/dt><\/dl><dl class=\"gallery-item\">\n<dt class=\"gallery-icon\">\n<a href=\"https:\/\/www.spkatarzyna.pl\/wp-content\/uploads\/2026\/01\/PHOTO-2026-01-24-09-45-10-3-300x225.jpg\" title=\"\" rel=\"gallery1\" rel=\"lightbox[18319]\"><img loading=\"lazy\" decoding=\"async\" src=\"https:\/\/www.spkatarzyna.pl\/wp-content\/uploads\/2026\/01\/PHOTO-2026-01-24-09-45-10-3-150x150.jpg\" width=\"150\" height=\"150\" alt=\"\" \/><\/a>\n<\/dt><\/dl><dl class=\"gallery-item\">\n<dt class=\"gallery-icon\">\n<a href=\"https:\/\/www.spkatarzyna.pl\/wp-content\/uploads\/2026\/01\/PHOTO-2026-01-24-09-45-10-4-300x225.jpg\" title=\"\" rel=\"gallery1\" rel=\"lightbox[18319]\"><img loading=\"lazy\" decoding=\"async\" src=\"https:\/\/www.spkatarzyna.pl\/wp-content\/uploads\/2026\/01\/PHOTO-2026-01-24-09-45-10-4-150x150.jpg\" width=\"150\" height=\"150\" alt=\"\" \/><\/a>\n<\/dt><\/dl><br style=\"clear: both\" \/><dl class=\"gallery-item\">\n<dt class=\"gallery-icon\">\n<a href=\"https:\/\/www.spkatarzyna.pl\/wp-content\/uploads\/2026\/01\/PHOTO-2026-01-24-09-45-10-5-300x225.jpg\" title=\"\" rel=\"gallery1\" rel=\"lightbox[18319]\"><img loading=\"lazy\" decoding=\"async\" src=\"https:\/\/www.spkatarzyna.pl\/wp-content\/uploads\/2026\/01\/PHOTO-2026-01-24-09-45-10-5-150x150.jpg\" width=\"150\" height=\"150\" alt=\"\" \/><\/a>\n<\/dt><\/dl><dl class=\"gallery-item\">\n<dt class=\"gallery-icon\">\n<a href=\"https:\/\/www.spkatarzyna.pl\/wp-content\/uploads\/2026\/01\/PHOTO-2026-01-24-09-45-10-300x225.jpg\" title=\"\" rel=\"gallery1\" rel=\"lightbox[18319]\"><img loading=\"lazy\" decoding=\"async\" src=\"https:\/\/www.spkatarzyna.pl\/wp-content\/uploads\/2026\/01\/PHOTO-2026-01-24-09-45-10-150x150.jpg\" width=\"150\" height=\"150\" alt=\"\" \/><\/a>\n<\/dt><\/dl><dl class=\"gallery-item\">\n<dt class=\"gallery-icon\">\n<a href=\"https:\/\/www.spkatarzyna.pl\/wp-content\/uploads\/2026\/01\/PHOTO-2026-01-24-09-45-11-2-300x225.jpg\" title=\"\" rel=\"gallery1\" rel=\"lightbox[18319]\"><img loading=\"lazy\" decoding=\"async\" src=\"https:\/\/www.spkatarzyna.pl\/wp-content\/uploads\/2026\/01\/PHOTO-2026-01-24-09-45-11-2-150x150.jpg\" width=\"150\" height=\"150\" alt=\"\" \/><\/a>\n<\/dt><\/dl><dl class=\"gallery-item\">\n<dt class=\"gallery-icon\">\n<a href=\"https:\/\/www.spkatarzyna.pl\/wp-content\/uploads\/2026\/01\/PHOTO-2026-01-24-09-45-11-3-300x225.jpg\" title=\"\" rel=\"gallery1\" rel=\"lightbox[18319]\"><img loading=\"lazy\" decoding=\"async\" src=\"https:\/\/www.spkatarzyna.pl\/wp-content\/uploads\/2026\/01\/PHOTO-2026-01-24-09-45-11-3-150x150.jpg\" width=\"150\" height=\"150\" alt=\"\" \/><\/a>\n<\/dt><\/dl><dl class=\"gallery-item\">\n<dt class=\"gallery-icon\">\n<a href=\"https:\/\/www.spkatarzyna.pl\/wp-content\/uploads\/2026\/01\/PHOTO-2026-01-24-09-45-11-4-225x300.jpg\" title=\"\" rel=\"gallery1\" rel=\"lightbox[18319]\"><img loading=\"lazy\" decoding=\"async\" src=\"https:\/\/www.spkatarzyna.pl\/wp-content\/uploads\/2026\/01\/PHOTO-2026-01-24-09-45-11-4-150x150.jpg\" width=\"150\" height=\"150\" alt=\"\" \/><\/a>\n<\/dt><\/dl><dl class=\"gallery-item\">\n<dt class=\"gallery-icon\">\n<a href=\"https:\/\/www.spkatarzyna.pl\/wp-content\/uploads\/2026\/01\/PHOTO-2026-01-24-09-45-13-2-300x225.jpg\" title=\"\" rel=\"gallery1\" rel=\"lightbox[18319]\"><img loading=\"lazy\" decoding=\"async\" src=\"https:\/\/www.spkatarzyna.pl\/wp-content\/uploads\/2026\/01\/PHOTO-2026-01-24-09-45-13-2-150x150.jpg\" width=\"150\" height=\"150\" alt=\"\" \/><\/a>\n<\/dt><\/dl><dl class=\"gallery-item\">\n<dt class=\"gallery-icon\">\n<a href=\"https:\/\/www.spkatarzyna.pl\/wp-content\/uploads\/2026\/01\/PHOTO-2026-01-24-09-45-13-3-300x225.jpg\" title=\"\" rel=\"gallery1\" rel=\"lightbox[18319]\"><img loading=\"lazy\" decoding=\"async\" src=\"https:\/\/www.spkatarzyna.pl\/wp-content\/uploads\/2026\/01\/PHOTO-2026-01-24-09-45-13-3-150x150.jpg\" width=\"150\" height=\"150\" alt=\"\" \/><\/a>\n<\/dt><\/dl><dl class=\"gallery-item\">\n<dt class=\"gallery-icon\">\n<a href=\"https:\/\/www.spkatarzyna.pl\/wp-content\/uploads\/2026\/01\/PHOTO-2026-01-24-09-45-13-300x225.jpg\" title=\"\" rel=\"gallery1\" rel=\"lightbox[18319]\"><img loading=\"lazy\" decoding=\"async\" src=\"https:\/\/www.spkatarzyna.pl\/wp-content\/uploads\/2026\/01\/PHOTO-2026-01-24-09-45-13-150x150.jpg\" width=\"150\" height=\"150\" alt=\"\" \/><\/a>\n<\/dt><\/dl><br style=\"clear: both\" \/><br style=\"clear: both\" \/><\/div>\t\t<\/div>\n\t\t\t\t\t\t<\/div>\n\t\t\t\t\t<\/div>\n\t\t\t\t<\/div>\n\t\t\t\t<\/div>\n\t\t","protected":false},"excerpt":{"rendered":"<p>22.01.2026 w naszej szkole zosta\u0142y rozegrane Gminne zawody w tenisie sto\u0142owym. Udzia\u0142 wzi\u0119\u0142o 5 szk\u00f3\u0142 z terenu gminy Siechnice. Turniej by\u0142 rozgrywany w kategoriach klas 4-6 dla dziewcz\u0105t i ch\u0142opc\u00f3w oraz w kategorii 7-8 dla dziewcz\u0105t i ch\u0142opc\u00f3w. Zawody odbywa\u0142y si\u0119 w przyjemnej, sportowej atmosferze.\u00a0 Kadr\u0119 dziewcz\u0105t i ch\u0142opc\u00f3w w [&hellip;]<\/p>\n","protected":false},"author":6,"featured_media":18320,"comment_status":"open","ping_status":"open","sticky":false,"template":"","format":"standard","meta":{"om_disable_all_campaigns":false,"_monsterinsights_skip_tracking":false,"ngg_post_thumbnail":0,"footnotes":""},"categories":[1],"tags":[],"class_list":["post-18319","post","type-post","status-publish","format-standard","has-post-thumbnail","hentry","category-uncategorized"],"aioseo_notices":[],"aioseo_head":"\n\t\t<!-- All in One SEO 5.0.1.1 - aioseo.com -->\n\t<meta name=\"description\" content=\"22.01.2026 w naszej szkole zosta\u0142y rozegrane Gminne zawody w tenisie sto\u0142owym. Udzia\u0142 wzi\u0119\u0142o 5 szk\u00f3\u0142 z terenu gminy Siechnice. Turniej by\u0142 rozgrywany w kategoriach klas 4-6 dla dziewcz\u0105t i ch\u0142opc\u00f3w oraz w kategorii 7-8 dla dziewcz\u0105t i ch\u0142opc\u00f3w. Zawody odbywa\u0142y si\u0119 w przyjemnej, sportowej atmosferze. Kadr\u0119 dziewcz\u0105t i ch\u0142opc\u00f3w w poszczeg\u00f3lnych kategoriach klasowych reprezentowali:Dziewcz\u0119ta klas 4-6:\u2013\" \/>\n\t<meta name=\"robots\" content=\"max-image-preview:large\" \/>\n\t<meta name=\"author\" content=\"Redakcja\"\/>\n\t<link rel=\"canonical\" href=\"https:\/\/www.spkatarzyna.pl\/index.php\/2026\/01\/25\/gminne-zawody-w-tenisie-stolowym-3\/\" \/>\n\t<meta name=\"generator\" content=\"All in One SEO (AIOSEO) 5.0.1.1\" \/>\n\t\t<meta property=\"og:locale\" content=\"pl_PL\" \/>\n\t\t<meta property=\"og:site_name\" content=\"SP Katarzyna - Publiczna Szko\u0142a Podstawowa w \u015awi\u0119tej Katarzynie\" \/>\n\t\t<meta property=\"og:type\" content=\"article\" \/>\n\t\t<meta property=\"og:title\" content=\"Gminne zawody w tenisie sto\u0142owym - SP Katarzyna\" \/>\n\t\t<meta property=\"og:description\" content=\"22.01.2026 w naszej szkole zosta\u0142y rozegrane Gminne zawody w tenisie sto\u0142owym. Udzia\u0142 wzi\u0119\u0142o 5 szk\u00f3\u0142 z terenu gminy Siechnice. Turniej by\u0142 rozgrywany w kategoriach klas 4-6 dla dziewcz\u0105t i ch\u0142opc\u00f3w oraz w kategorii 7-8 dla dziewcz\u0105t i ch\u0142opc\u00f3w. Zawody odbywa\u0142y si\u0119 w przyjemnej, sportowej atmosferze. Kadr\u0119 dziewcz\u0105t i ch\u0142opc\u00f3w w poszczeg\u00f3lnych kategoriach klasowych reprezentowali:Dziewcz\u0119ta klas 4-6:\u2013\" \/>\n\t\t<meta property=\"og:url\" content=\"https:\/\/www.spkatarzyna.pl\/index.php\/2026\/01\/25\/gminne-zawody-w-tenisie-stolowym-3\/\" \/>\n\t\t<meta property=\"article:published_time\" content=\"2026-01-25T15:42:34+00:00\" \/>\n\t\t<meta property=\"article:modified_time\" content=\"2026-01-25T15:48:54+00:00\" \/>\n\t\t<meta name=\"twitter:card\" content=\"summary_large_image\" \/>\n\t\t<meta name=\"twitter:title\" content=\"Gminne zawody w tenisie sto\u0142owym - SP Katarzyna\" \/>\n\t\t<meta name=\"twitter:description\" content=\"22.01.2026 w naszej szkole zosta\u0142y rozegrane Gminne zawody w tenisie sto\u0142owym. Udzia\u0142 wzi\u0119\u0142o 5 szk\u00f3\u0142 z terenu gminy Siechnice. Turniej by\u0142 rozgrywany w kategoriach klas 4-6 dla dziewcz\u0105t i ch\u0142opc\u00f3w oraz w kategorii 7-8 dla dziewcz\u0105t i ch\u0142opc\u00f3w. Zawody odbywa\u0142y si\u0119 w przyjemnej, sportowej atmosferze. Kadr\u0119 dziewcz\u0105t i ch\u0142opc\u00f3w w poszczeg\u00f3lnych kategoriach klasowych reprezentowali:Dziewcz\u0119ta klas 4-6:\u2013\" \/>\n\t\t<script type=\"application\/ld+json\" class=\"aioseo-schema\">\n\t\t\t{\"@context\":\"https:\\\/\\\/schema.org\",\"@graph\":[{\"@type\":\"BlogPosting\",\"@id\":\"https:\\\/\\\/www.spkatarzyna.pl\\\/index.php\\\/2026\\\/01\\\/25\\\/gminne-zawody-w-tenisie-stolowym-3\\\/#blogposting\",\"name\":\"Gminne zawody w tenisie sto\\u0142owym - SP Katarzyna\",\"headline\":\"Gminne zawody w tenisie sto\\u0142owym\",\"author\":{\"@id\":\"https:\\\/\\\/www.spkatarzyna.pl\\\/index.php\\\/author\\\/agatasafianspkatarzyna-pl\\\/#author\"},\"publisher\":{\"@id\":\"https:\\\/\\\/www.spkatarzyna.pl\\\/#organization\"},\"image\":{\"@type\":\"ImageObject\",\"url\":\"https:\\\/\\\/www.spkatarzyna.pl\\\/wp-content\\\/uploads\\\/2026\\\/01\\\/PHOTO-2026-01-24-09-45-10-3-2.jpg\",\"width\":360,\"height\":202},\"datePublished\":\"2026-01-25T15:42:34+01:00\",\"dateModified\":\"2026-01-25T15:48:54+01:00\",\"inLanguage\":\"pl-PL\",\"mainEntityOfPage\":{\"@id\":\"https:\\\/\\\/www.spkatarzyna.pl\\\/index.php\\\/2026\\\/01\\\/25\\\/gminne-zawody-w-tenisie-stolowym-3\\\/#webpage\"},\"isPartOf\":{\"@id\":\"https:\\\/\\\/www.spkatarzyna.pl\\\/index.php\\\/2026\\\/01\\\/25\\\/gminne-zawody-w-tenisie-stolowym-3\\\/#webpage\"},\"articleSection\":\"Uncategorized\"},{\"@type\":\"BreadcrumbList\",\"@id\":\"https:\\\/\\\/www.spkatarzyna.pl\\\/index.php\\\/2026\\\/01\\\/25\\\/gminne-zawody-w-tenisie-stolowym-3\\\/#breadcrumblist\",\"itemListElement\":[{\"@type\":\"ListItem\",\"@id\":\"https:\\\/\\\/www.spkatarzyna.pl#listItem\",\"position\":1,\"name\":\"Dom\",\"item\":\"https:\\\/\\\/www.spkatarzyna.pl\",\"nextItem\":{\"@type\":\"ListItem\",\"@id\":\"https:\\\/\\\/www.spkatarzyna.pl\\\/index.php\\\/category\\\/uncategorized\\\/#listItem\",\"name\":\"Uncategorized\"}},{\"@type\":\"ListItem\",\"@id\":\"https:\\\/\\\/www.spkatarzyna.pl\\\/index.php\\\/category\\\/uncategorized\\\/#listItem\",\"position\":2,\"name\":\"Uncategorized\",\"item\":\"https:\\\/\\\/www.spkatarzyna.pl\\\/index.php\\\/category\\\/uncategorized\\\/\",\"nextItem\":{\"@type\":\"ListItem\",\"@id\":\"https:\\\/\\\/www.spkatarzyna.pl\\\/index.php\\\/2026\\\/01\\\/25\\\/gminne-zawody-w-tenisie-stolowym-3\\\/#listItem\",\"name\":\"Gminne zawody w tenisie sto\\u0142owym\"},\"previousItem\":{\"@type\":\"ListItem\",\"@id\":\"https:\\\/\\\/www.spkatarzyna.pl#listItem\",\"name\":\"Dom\"}},{\"@type\":\"ListItem\",\"@id\":\"https:\\\/\\\/www.spkatarzyna.pl\\\/index.php\\\/2026\\\/01\\\/25\\\/gminne-zawody-w-tenisie-stolowym-3\\\/#listItem\",\"position\":3,\"name\":\"Gminne zawody w tenisie sto\\u0142owym\",\"previousItem\":{\"@type\":\"ListItem\",\"@id\":\"https:\\\/\\\/www.spkatarzyna.pl\\\/index.php\\\/category\\\/uncategorized\\\/#listItem\",\"name\":\"Uncategorized\"}}]},{\"@type\":\"Organization\",\"@id\":\"https:\\\/\\\/www.spkatarzyna.pl\\\/#organization\",\"name\":\"SP Katarzyna\",\"description\":\"Publiczna Szko\\u0142a Podstawowa w \\u015awi\\u0119tej Katarzynie\",\"url\":\"https:\\\/\\\/www.spkatarzyna.pl\\\/\",\"telephone\":\"+48713116378\",\"sameAs\":[\"https:\\\/\\\/facebook.com\\\/\",\"https:\\\/\\\/x.com\\\/\",\"https:\\\/\\\/instagram.com\\\/\",\"https:\\\/\\\/pinterest.com\\\/\",\"https:\\\/\\\/youtube.com\\\/\",\"https:\\\/\\\/linkedin.com\\\/in\\\/\"]},{\"@type\":\"Person\",\"@id\":\"https:\\\/\\\/www.spkatarzyna.pl\\\/index.php\\\/author\\\/agatasafianspkatarzyna-pl\\\/#author\",\"url\":\"https:\\\/\\\/www.spkatarzyna.pl\\\/index.php\\\/author\\\/agatasafianspkatarzyna-pl\\\/\",\"name\":\"Redakcja\",\"image\":{\"@type\":\"ImageObject\",\"@id\":\"https:\\\/\\\/www.spkatarzyna.pl\\\/index.php\\\/2026\\\/01\\\/25\\\/gminne-zawody-w-tenisie-stolowym-3\\\/#authorImage\",\"url\":\"https:\\\/\\\/secure.gravatar.com\\\/avatar\\\/765290513df94d442152250e92b42327?s=96&d=mm&r=g\",\"width\":96,\"height\":96,\"caption\":\"Redakcja\"}},{\"@type\":\"WebPage\",\"@id\":\"https:\\\/\\\/www.spkatarzyna.pl\\\/index.php\\\/2026\\\/01\\\/25\\\/gminne-zawody-w-tenisie-stolowym-3\\\/#webpage\",\"url\":\"https:\\\/\\\/www.spkatarzyna.pl\\\/index.php\\\/2026\\\/01\\\/25\\\/gminne-zawody-w-tenisie-stolowym-3\\\/\",\"name\":\"Gminne zawody w tenisie sto\\u0142owym - SP Katarzyna\",\"description\":\"22.01.2026 w naszej szkole zosta\\u0142y rozegrane Gminne zawody w tenisie sto\\u0142owym. Udzia\\u0142 wzi\\u0119\\u0142o 5 szk\\u00f3\\u0142 z terenu gminy Siechnice. Turniej by\\u0142 rozgrywany w kategoriach klas 4-6 dla dziewcz\\u0105t i ch\\u0142opc\\u00f3w oraz w kategorii 7-8 dla dziewcz\\u0105t i ch\\u0142opc\\u00f3w. Zawody odbywa\\u0142y si\\u0119 w przyjemnej, sportowej atmosferze. Kadr\\u0119 dziewcz\\u0105t i ch\\u0142opc\\u00f3w w poszczeg\\u00f3lnych kategoriach klasowych reprezentowali:Dziewcz\\u0119ta klas 4-6:\\u2013\",\"inLanguage\":\"pl-PL\",\"isPartOf\":{\"@id\":\"https:\\\/\\\/www.spkatarzyna.pl\\\/#website\"},\"breadcrumb\":{\"@id\":\"https:\\\/\\\/www.spkatarzyna.pl\\\/index.php\\\/2026\\\/01\\\/25\\\/gminne-zawody-w-tenisie-stolowym-3\\\/#breadcrumblist\"},\"author\":{\"@id\":\"https:\\\/\\\/www.spkatarzyna.pl\\\/index.php\\\/author\\\/agatasafianspkatarzyna-pl\\\/#author\"},\"creator\":{\"@id\":\"https:\\\/\\\/www.spkatarzyna.pl\\\/index.php\\\/author\\\/agatasafianspkatarzyna-pl\\\/#author\"},\"image\":{\"@type\":\"ImageObject\",\"url\":\"https:\\\/\\\/www.spkatarzyna.pl\\\/wp-content\\\/uploads\\\/2026\\\/01\\\/PHOTO-2026-01-24-09-45-10-3-2.jpg\",\"@id\":\"https:\\\/\\\/www.spkatarzyna.pl\\\/index.php\\\/2026\\\/01\\\/25\\\/gminne-zawody-w-tenisie-stolowym-3\\\/#mainImage\",\"width\":360,\"height\":202},\"primaryImageOfPage\":{\"@id\":\"https:\\\/\\\/www.spkatarzyna.pl\\\/index.php\\\/2026\\\/01\\\/25\\\/gminne-zawody-w-tenisie-stolowym-3\\\/#mainImage\"},\"datePublished\":\"2026-01-25T15:42:34+01:00\",\"dateModified\":\"2026-01-25T15:48:54+01:00\"},{\"@type\":\"WebSite\",\"@id\":\"https:\\\/\\\/www.spkatarzyna.pl\\\/#website\",\"url\":\"https:\\\/\\\/www.spkatarzyna.pl\\\/\",\"name\":\"SP Katarzyna\",\"description\":\"Publiczna Szko\\u0142a Podstawowa w \\u015awi\\u0119tej Katarzynie\",\"inLanguage\":\"pl-PL\",\"publisher\":{\"@id\":\"https:\\\/\\\/www.spkatarzyna.pl\\\/#organization\"}}]}\n\t\t<\/script>\n\t\t<!-- All in One SEO -->\n\n","aioseo_head_json":{"title":"Gminne zawody w tenisie sto\u0142owym - SP Katarzyna","description":"22.01.2026 w naszej szkole zosta\u0142y rozegrane Gminne zawody w tenisie sto\u0142owym. Udzia\u0142 wzi\u0119\u0142o 5 szk\u00f3\u0142 z terenu gminy Siechnice. Turniej by\u0142 rozgrywany w kategoriach klas 4-6 dla dziewcz\u0105t i ch\u0142opc\u00f3w oraz w kategorii 7-8 dla dziewcz\u0105t i ch\u0142opc\u00f3w. Zawody odbywa\u0142y si\u0119 w przyjemnej, sportowej atmosferze. Kadr\u0119 dziewcz\u0105t i ch\u0142opc\u00f3w w poszczeg\u00f3lnych kategoriach klasowych reprezentowali:Dziewcz\u0119ta klas 4-6:\u2013","canonical_url":"https:\/\/www.spkatarzyna.pl\/index.php\/2026\/01\/25\/gminne-zawody-w-tenisie-stolowym-3\/","robots":"max-image-preview:large","keywords":"","webmasterTools":{"miscellaneous":""},"schema":{"@context":"https:\/\/schema.org","@graph":[{"@type":"BlogPosting","@id":"https:\/\/www.spkatarzyna.pl\/index.php\/2026\/01\/25\/gminne-zawody-w-tenisie-stolowym-3\/#blogposting","name":"Gminne zawody w tenisie sto\u0142owym - SP Katarzyna","headline":"Gminne zawody w tenisie sto\u0142owym","author":{"@id":"https:\/\/www.spkatarzyna.pl\/index.php\/author\/agatasafianspkatarzyna-pl\/#author"},"publisher":{"@id":"https:\/\/www.spkatarzyna.pl\/#organization"},"image":{"@type":"ImageObject","url":"https:\/\/www.spkatarzyna.pl\/wp-content\/uploads\/2026\/01\/PHOTO-2026-01-24-09-45-10-3-2.jpg","width":360,"height":202},"datePublished":"2026-01-25T15:42:34+01:00","dateModified":"2026-01-25T15:48:54+01:00","inLanguage":"pl-PL","mainEntityOfPage":{"@id":"https:\/\/www.spkatarzyna.pl\/index.php\/2026\/01\/25\/gminne-zawody-w-tenisie-stolowym-3\/#webpage"},"isPartOf":{"@id":"https:\/\/www.spkatarzyna.pl\/index.php\/2026\/01\/25\/gminne-zawody-w-tenisie-stolowym-3\/#webpage"},"articleSection":"Uncategorized"},{"@type":"BreadcrumbList","@id":"https:\/\/www.spkatarzyna.pl\/index.php\/2026\/01\/25\/gminne-zawody-w-tenisie-stolowym-3\/#breadcrumblist","itemListElement":[{"@type":"ListItem","@id":"https:\/\/www.spkatarzyna.pl#listItem","position":1,"name":"Dom","item":"https:\/\/www.spkatarzyna.pl","nextItem":{"@type":"ListItem","@id":"https:\/\/www.spkatarzyna.pl\/index.php\/category\/uncategorized\/#listItem","name":"Uncategorized"}},{"@type":"ListItem","@id":"https:\/\/www.spkatarzyna.pl\/index.php\/category\/uncategorized\/#listItem","position":2,"name":"Uncategorized","item":"https:\/\/www.spkatarzyna.pl\/index.php\/category\/uncategorized\/","nextItem":{"@type":"ListItem","@id":"https:\/\/www.spkatarzyna.pl\/index.php\/2026\/01\/25\/gminne-zawody-w-tenisie-stolowym-3\/#listItem","name":"Gminne zawody w tenisie sto\u0142owym"},"previousItem":{"@type":"ListItem","@id":"https:\/\/www.spkatarzyna.pl#listItem","name":"Dom"}},{"@type":"ListItem","@id":"https:\/\/www.spkatarzyna.pl\/index.php\/2026\/01\/25\/gminne-zawody-w-tenisie-stolowym-3\/#listItem","position":3,"name":"Gminne zawody w tenisie sto\u0142owym","previousItem":{"@type":"ListItem","@id":"https:\/\/www.spkatarzyna.pl\/index.php\/category\/uncategorized\/#listItem","name":"Uncategorized"}}]},{"@type":"Organization","@id":"https:\/\/www.spkatarzyna.pl\/#organization","name":"SP Katarzyna","description":"Publiczna Szko\u0142a Podstawowa w \u015awi\u0119tej Katarzynie","url":"https:\/\/www.spkatarzyna.pl\/","telephone":"+48713116378","sameAs":["https:\/\/facebook.com\/","https:\/\/x.com\/","https:\/\/instagram.com\/","https:\/\/pinterest.com\/","https:\/\/youtube.com\/","https:\/\/linkedin.com\/in\/"]},{"@type":"Person","@id":"https:\/\/www.spkatarzyna.pl\/index.php\/author\/agatasafianspkatarzyna-pl\/#author","url":"https:\/\/www.spkatarzyna.pl\/index.php\/author\/agatasafianspkatarzyna-pl\/","name":"Redakcja","image":{"@type":"ImageObject","@id":"https:\/\/www.spkatarzyna.pl\/index.php\/2026\/01\/25\/gminne-zawody-w-tenisie-stolowym-3\/#authorImage","url":"https:\/\/secure.gravatar.com\/avatar\/765290513df94d442152250e92b42327?s=96&d=mm&r=g","width":96,"height":96,"caption":"Redakcja"}},{"@type":"WebPage","@id":"https:\/\/www.spkatarzyna.pl\/index.php\/2026\/01\/25\/gminne-zawody-w-tenisie-stolowym-3\/#webpage","url":"https:\/\/www.spkatarzyna.pl\/index.php\/2026\/01\/25\/gminne-zawody-w-tenisie-stolowym-3\/","name":"Gminne zawody w tenisie sto\u0142owym - SP Katarzyna","description":"22.01.2026 w naszej szkole zosta\u0142y rozegrane Gminne zawody w tenisie sto\u0142owym. Udzia\u0142 wzi\u0119\u0142o 5 szk\u00f3\u0142 z terenu gminy Siechnice. Turniej by\u0142 rozgrywany w kategoriach klas 4-6 dla dziewcz\u0105t i ch\u0142opc\u00f3w oraz w kategorii 7-8 dla dziewcz\u0105t i ch\u0142opc\u00f3w. Zawody odbywa\u0142y si\u0119 w przyjemnej, sportowej atmosferze. Kadr\u0119 dziewcz\u0105t i ch\u0142opc\u00f3w w poszczeg\u00f3lnych kategoriach klasowych reprezentowali:Dziewcz\u0119ta klas 4-6:\u2013","inLanguage":"pl-PL","isPartOf":{"@id":"https:\/\/www.spkatarzyna.pl\/#website"},"breadcrumb":{"@id":"https:\/\/www.spkatarzyna.pl\/index.php\/2026\/01\/25\/gminne-zawody-w-tenisie-stolowym-3\/#breadcrumblist"},"author":{"@id":"https:\/\/www.spkatarzyna.pl\/index.php\/author\/agatasafianspkatarzyna-pl\/#author"},"creator":{"@id":"https:\/\/www.spkatarzyna.pl\/index.php\/author\/agatasafianspkatarzyna-pl\/#author"},"image":{"@type":"ImageObject","url":"https:\/\/www.spkatarzyna.pl\/wp-content\/uploads\/2026\/01\/PHOTO-2026-01-24-09-45-10-3-2.jpg","@id":"https:\/\/www.spkatarzyna.pl\/index.php\/2026\/01\/25\/gminne-zawody-w-tenisie-stolowym-3\/#mainImage","width":360,"height":202},"primaryImageOfPage":{"@id":"https:\/\/www.spkatarzyna.pl\/index.php\/2026\/01\/25\/gminne-zawody-w-tenisie-stolowym-3\/#mainImage"},"datePublished":"2026-01-25T15:42:34+01:00","dateModified":"2026-01-25T15:48:54+01:00"},{"@type":"WebSite","@id":"https:\/\/www.spkatarzyna.pl\/#website","url":"https:\/\/www.spkatarzyna.pl\/","name":"SP Katarzyna","description":"Publiczna Szko\u0142a Podstawowa w \u015awi\u0119tej Katarzynie","inLanguage":"pl-PL","publisher":{"@id":"https:\/\/www.spkatarzyna.pl\/#organization"}}]},"og:locale":"pl_PL","og:site_name":"SP Katarzyna - Publiczna Szko\u0142a Podstawowa w \u015awi\u0119tej Katarzynie","og:type":"article","og:title":"Gminne zawody w tenisie sto\u0142owym - SP Katarzyna","og:description":"22.01.2026 w naszej szkole zosta\u0142y rozegrane Gminne zawody w tenisie sto\u0142owym. Udzia\u0142 wzi\u0119\u0142o 5 szk\u00f3\u0142 z terenu gminy Siechnice. Turniej by\u0142 rozgrywany w kategoriach klas 4-6 dla dziewcz\u0105t i ch\u0142opc\u00f3w oraz w kategorii 7-8 dla dziewcz\u0105t i ch\u0142opc\u00f3w. Zawody odbywa\u0142y si\u0119 w przyjemnej, sportowej atmosferze. Kadr\u0119 dziewcz\u0105t i ch\u0142opc\u00f3w w poszczeg\u00f3lnych kategoriach klasowych reprezentowali:Dziewcz\u0119ta klas 4-6:\u2013","og:url":"https:\/\/www.spkatarzyna.pl\/index.php\/2026\/01\/25\/gminne-zawody-w-tenisie-stolowym-3\/","article:published_time":"2026-01-25T15:42:34+00:00","article:modified_time":"2026-01-25T15:48:54+00:00","twitter:card":"summary_large_image","twitter:title":"Gminne zawody w tenisie sto\u0142owym - SP Katarzyna","twitter:description":"22.01.2026 w naszej szkole zosta\u0142y rozegrane Gminne zawody w tenisie sto\u0142owym. Udzia\u0142 wzi\u0119\u0142o 5 szk\u00f3\u0142 z terenu gminy Siechnice. Turniej by\u0142 rozgrywany w kategoriach klas 4-6 dla dziewcz\u0105t i ch\u0142opc\u00f3w oraz w kategorii 7-8 dla dziewcz\u0105t i ch\u0142opc\u00f3w. Zawody odbywa\u0142y si\u0119 w przyjemnej, sportowej atmosferze. Kadr\u0119 dziewcz\u0105t i ch\u0142opc\u00f3w w poszczeg\u00f3lnych kategoriach klasowych reprezentowali:Dziewcz\u0119ta klas 4-6:\u2013"},"aioseo_meta_data":{"post_id":"18319","title":null,"description":null,"keywords":null,"keyphrases":{"focus":{"keyphrase":"","score":0,"analysis":{"keyphraseInTitle":{"score":0,"maxScore":9,"error":1}}},"additional":[]},"primary_term":null,"canonical_url":null,"og_title":null,"og_description":null,"og_object_type":"default","og_image_type":"default","og_image_url":null,"og_image_width":null,"og_image_height":null,"og_image_custom_url":null,"og_image_custom_fields":null,"og_video":"","og_custom_url":null,"og_article_section":null,"og_article_tags":null,"twitter_use_og":false,"twitter_card":"default","twitter_image_type":"default","twitter_image_url":null,"twitter_image_custom_url":null,"twitter_image_custom_fields":null,"twitter_title":null,"twitter_description":null,"schema":{"blockGraphs":[],"customGraphs":[],"default":{"data":{"Article":[],"Course":[],"Dataset":[],"FAQPage":[],"Movie":[],"Person":[],"Product":[],"ProductReview":[],"Car":[],"Recipe":[],"Service":[],"SoftwareApplication":[],"WebPage":[]},"graphName":"BlogPosting","isEnabled":true},"graphs":[]},"schema_type":"default","schema_type_options":null,"pillar_content":false,"robots_default":true,"robots_noindex":false,"robots_noarchive":false,"robots_nosnippet":false,"robots_nofollow":false,"robots_noimageindex":false,"robots_noodp":false,"robots_notranslate":false,"robots_max_snippet":"-1","robots_max_videopreview":"-1","robots_max_imagepreview":"large","priority":null,"frequency":"default","local_seo":null,"limit_modified_date":false,"created":"2026-01-25 15:42:34","updated":"2026-09-03 17:40:04","focus_keyword":null,"additional_keywords":null,"truseo_locale":null,"ai":null,"breadcrumb_settings":null,"seo_analyzer_scan_date":null},"aioseo_breadcrumb":"<div class=\"aioseo-breadcrumbs\"><span class=\"aioseo-breadcrumb\">\n\t\t\t<a href=\"https:\/\/www.spkatarzyna.pl\" title=\"Dom\">Dom<\/a>\n\t\t<\/span><span class=\"aioseo-breadcrumb-separator\">&raquo;<\/span><span class=\"aioseo-breadcrumb\">\n\t\t\t<a href=\"https:\/\/www.spkatarzyna.pl\/index.php\/category\/uncategorized\/\" title=\"Uncategorized\">Uncategorized<\/a>\n\t\t<\/span><span class=\"aioseo-breadcrumb-separator\">&raquo;<\/span><span class=\"aioseo-breadcrumb\">\n\t\t\tGminne zawody w tenisie sto\u0142owym\n\t\t<\/span><\/div>","aioseo_breadcrumb_json":[{"label":"Dom","link":"https:\/\/www.spkatarzyna.pl"},{"label":"Uncategorized","link":"https:\/\/www.spkatarzyna.pl\/index.php\/category\/uncategorized\/"},{"label":"Gminne zawody w tenisie sto\u0142owym","link":"https:\/\/www.spkatarzyna.pl\/index.php\/2026\/01\/25\/gminne-zawody-w-tenisie-stolowym-3\/"}],"_links":{"self":[{"href":"https:\/\/www.spkatarzyna.pl\/index.php\/wp-json\/wp\/v2\/posts\/18319","targetHints":{"allow":["GET"]}}],"collection":[{"href":"https:\/\/www.spkatarzyna.pl\/index.php\/wp-json\/wp\/v2\/posts"}],"about":[{"href":"https:\/\/www.spkatarzyna.pl\/index.php\/wp-json\/wp\/v2\/types\/post"}],"author":[{"embeddable":true,"href":"https:\/\/www.spkatarzyna.pl\/index.php\/wp-json\/wp\/v2\/users\/6"}],"replies":[{"embeddable":true,"href":"https:\/\/www.spkatarzyna.pl\/index.php\/wp-json\/wp\/v2\/comments?post=18319"}],"version-history":[{"count":6,"href":"https:\/\/www.spkatarzyna.pl\/index.php\/wp-json\/wp\/v2\/posts\/18319\/revisions"}],"predecessor-version":[{"id":18345,"href":"https:\/\/www.spkatarzyna.pl\/index.php\/wp-json\/wp\/v2\/posts\/18319\/revisions\/18345"}],"wp:featuredmedia":[{"embeddable":true,"href":"https:\/\/www.spkatarzyna.pl\/index.php\/wp-json\/wp\/v2\/media\/18320"}],"wp:attachment":[{"href":"https:\/\/www.spkatarzyna.pl\/index.php\/wp-json\/wp\/v2\/media?parent=18319"}],"wp:term":[{"taxonomy":"category","embeddable":true,"href":"https:\/\/www.spkatarzyna.pl\/index.php\/wp-json\/wp\/v2\/categories?post=18319"},{"taxonomy":"post_tag","embeddable":true,"href":"https:\/\/www.spkatarzyna.pl\/index.php\/wp-json\/wp\/v2\/tags?post=18319"}],"curies":[{"name":"wp","href":"https:\/\/api.w.org\/{rel}","templated":true}]}}