{"id":18393,"date":"2026-01-30T16:05:02","date_gmt":"2026-01-30T16:05:02","guid":{"rendered":"https:\/\/www.spkatarzyna.pl\/?p=18393"},"modified":"2026-01-30T16:18:41","modified_gmt":"2026-01-30T16:18:41","slug":"wycieczka-do-wroclawia","status":"publish","type":"post","link":"https:\/\/www.spkatarzyna.pl\/index.php\/2026\/01\/30\/wycieczka-do-wroclawia\/","title":{"rendered":"Wycieczka klas 5b, 6b i 6c"},"content":{"rendered":"\t\t<div data-elementor-type=\"wp-post\" data-elementor-id=\"18393\" class=\"elementor elementor-18393\">\n\t\t\t\t<div class=\"elementor-element elementor-element-57c56d62 e-flex e-con-boxed e-con e-parent\" data-id=\"57c56d62\" data-element_type=\"container\">\n\t\t\t\t\t<div class=\"e-con-inner\">\n\t\t\t\t<div class=\"elementor-element elementor-element-4ebfafeb elementor-widget elementor-widget-text-editor\" data-id=\"4ebfafeb\" data-element_type=\"widget\" data-widget_type=\"text-editor.default\">\n\t\t\t\t\t\t\t\t\t<p style=\"text-align: justify;\"><span style=\"font-size: 14pt; color: #000000;\">Dnia 30 stycznia 2026 r. uczniowie klas 5b, 6b oraz 6c wzi\u0119li udzia\u0142 w jednodniowej wycieczce do Wroc\u0142awia. G\u0142\u00f3wnym celem wyjazdu by\u0142a edukacja filmowa i film \u201ePsoty\u201d w re\u017cyserii K. Lisowskiego. Film porusza szereg zagadnie\u0144 istotnych dla m\u0142odego odbiorcy. Podejmuje temat samotno\u015bci nastolatki, relacji rodzinnych oraz odpowiedzialno\u015bci za zwierz\u0119ta. Zwraca r\u00f3wnie\u017c uwag\u0119 na rol\u0119 internetu jako narz\u0119dzia sprawczo\u015bci, kt\u00f3re mo\u017ce by\u0107 wykorzystywane zar\u00f3wno w pozytywny spos\u00f3b, jak i prowadzi\u0107 do wyrz\u0105dzania krzywdy. Udzia\u0142 w wycieczce stanowi\u0142 warto\u015bciowe do\u015bwiadczenie edukacyjne, sprzyjaj\u0105ce rozwijaniu wra\u017cliwo\u015bci spo\u0142ecznej oraz umiej\u0119tno\u015bci krytycznego odbioru dzie\u0142 filmowych.<\/span><\/p>\t\t\t\t\t\t\t\t<\/div>\n\t\t\t\t<div class=\"elementor-element elementor-element-2d02908 elementor-widget elementor-widget-image-gallery\" data-id=\"2d02908\" data-element_type=\"widget\" data-widget_type=\"image-gallery.default\">\n\t\t\t\t\t\t\t<div class=\"elementor-image-gallery\">\n\t\t\t\n\t\t<div id='gallery-1' class='gallery galleryid-18393 gallery-columns-2 gallery-size-thumbnail gallery1'><script type=\"text\/javascript\">\n\/\/ <![CDATA[\n\tjQuery(document).ready(function () {\n\t\tjQuery(\".gallery1 a\").attr(\"rel\",\"gallery1\");\t\n\t\tjQuery('a[rel=\"gallery1\"]').colorbox({title: function(){ return jQuery(this).children().attr(\"alt\"); }});\n\t});\n\/\/ ]]>\n<\/script>\n<dl class=\"gallery-item\">\n<dt class=\"gallery-icon\">\n<a href=\"https:\/\/www.spkatarzyna.pl\/wp-content\/uploads\/2026\/01\/IMG_8804-300x225.jpeg\" title=\"\" rel=\"gallery1\" rel=\"lightbox[18393]\"><img decoding=\"async\" src=\"https:\/\/www.spkatarzyna.pl\/wp-content\/uploads\/2026\/01\/IMG_8804-150x150.jpeg\" width=\"150\" height=\"150\" alt=\"\" \/><\/a>\n<\/dt><\/dl><dl class=\"gallery-item\">\n<dt class=\"gallery-icon\">\n<a href=\"https:\/\/www.spkatarzyna.pl\/wp-content\/uploads\/2026\/01\/IMG_8805-300x225.jpeg\" title=\"\" rel=\"gallery1\" rel=\"lightbox[18393]\"><img decoding=\"async\" src=\"https:\/\/www.spkatarzyna.pl\/wp-content\/uploads\/2026\/01\/IMG_8805-150x150.jpeg\" width=\"150\" height=\"150\" alt=\"\" \/><\/a>\n<\/dt><\/dl><br style=\"clear: both\" \/><br style=\"clear: both\" \/><\/div>\t\t<\/div>\n\t\t\t\t\t\t<\/div>\n\t\t\t\t\t<\/div>\n\t\t\t\t<\/div>\n\t\t\t\t<\/div>\n\t\t","protected":false},"excerpt":{"rendered":"<p>Dnia 30 stycznia 2026 r. uczniowie klas 5b, 6b oraz 6c wzi\u0119li udzia\u0142 w jednodniowej wycieczce do Wroc\u0142awia. G\u0142\u00f3wnym celem wyjazdu by\u0142a edukacja filmowa i film \u201ePsoty\u201d w re\u017cyserii K. Lisowskiego. Film porusza szereg zagadnie\u0144 istotnych dla m\u0142odego odbiorcy. Podejmuje temat samotno\u015bci nastolatki, relacji rodzinnych oraz odpowiedzialno\u015bci za zwierz\u0119ta. Zwraca [&hellip;]<\/p>\n","protected":false},"author":6,"featured_media":18394,"comment_status":"open","ping_status":"open","sticky":false,"template":"","format":"standard","meta":{"om_disable_all_campaigns":false,"_monsterinsights_skip_tracking":false,"ngg_post_thumbnail":0,"footnotes":""},"categories":[1],"tags":[],"class_list":["post-18393","post","type-post","status-publish","format-standard","has-post-thumbnail","hentry","category-uncategorized"],"aioseo_notices":[],"aioseo_head":"\n\t\t<!-- All in One SEO 5.0.1.1 - aioseo.com -->\n\t<meta name=\"description\" content=\"Dnia 30 stycznia 2026 r. uczniowie klas 5b, 6b oraz 6c wzi\u0119li udzia\u0142 w jednodniowej wycieczce do Wroc\u0142awia. G\u0142\u00f3wnym celem wyjazdu by\u0142a edukacja filmowa i film \u201ePsoty\u201d w re\u017cyserii K. Lisowskiego. Film porusza szereg zagadnie\u0144 istotnych dla m\u0142odego odbiorcy. Podejmuje temat samotno\u015bci nastolatki, relacji rodzinnych oraz odpowiedzialno\u015bci za zwierz\u0119ta. Zwraca r\u00f3wnie\u017c uwag\u0119 na rol\u0119 internetu\" \/>\n\t<meta name=\"robots\" content=\"max-image-preview:large\" \/>\n\t<meta name=\"author\" content=\"Redakcja\"\/>\n\t<link rel=\"canonical\" href=\"https:\/\/www.spkatarzyna.pl\/index.php\/2026\/01\/30\/wycieczka-do-wroclawia\/\" \/>\n\t<meta name=\"generator\" content=\"All in One SEO (AIOSEO) 5.0.1.1\" \/>\n\t\t<meta property=\"og:locale\" content=\"pl_PL\" \/>\n\t\t<meta property=\"og:site_name\" content=\"SP Katarzyna - Publiczna Szko\u0142a Podstawowa w \u015awi\u0119tej Katarzynie\" \/>\n\t\t<meta property=\"og:type\" content=\"article\" \/>\n\t\t<meta property=\"og:title\" content=\"Wycieczka klas 5b, 6b i 6c - SP Katarzyna\" \/>\n\t\t<meta property=\"og:description\" content=\"Dnia 30 stycznia 2026 r. uczniowie klas 5b, 6b oraz 6c wzi\u0119li udzia\u0142 w jednodniowej wycieczce do Wroc\u0142awia. G\u0142\u00f3wnym celem wyjazdu by\u0142a edukacja filmowa i film \u201ePsoty\u201d w re\u017cyserii K. Lisowskiego. Film porusza szereg zagadnie\u0144 istotnych dla m\u0142odego odbiorcy. Podejmuje temat samotno\u015bci nastolatki, relacji rodzinnych oraz odpowiedzialno\u015bci za zwierz\u0119ta. Zwraca r\u00f3wnie\u017c uwag\u0119 na rol\u0119 internetu\" \/>\n\t\t<meta property=\"og:url\" content=\"https:\/\/www.spkatarzyna.pl\/index.php\/2026\/01\/30\/wycieczka-do-wroclawia\/\" \/>\n\t\t<meta property=\"article:published_time\" content=\"2026-01-30T16:05:02+00:00\" \/>\n\t\t<meta property=\"article:modified_time\" content=\"2026-01-30T16:18:41+00:00\" \/>\n\t\t<meta name=\"twitter:card\" content=\"summary_large_image\" \/>\n\t\t<meta name=\"twitter:title\" content=\"Wycieczka klas 5b, 6b i 6c - SP Katarzyna\" \/>\n\t\t<meta name=\"twitter:description\" content=\"Dnia 30 stycznia 2026 r. uczniowie klas 5b, 6b oraz 6c wzi\u0119li udzia\u0142 w jednodniowej wycieczce do Wroc\u0142awia. G\u0142\u00f3wnym celem wyjazdu by\u0142a edukacja filmowa i film \u201ePsoty\u201d w re\u017cyserii K. Lisowskiego. Film porusza szereg zagadnie\u0144 istotnych dla m\u0142odego odbiorcy. Podejmuje temat samotno\u015bci nastolatki, relacji rodzinnych oraz odpowiedzialno\u015bci za zwierz\u0119ta. Zwraca r\u00f3wnie\u017c uwag\u0119 na rol\u0119 internetu\" \/>\n\t\t<script type=\"application\/ld+json\" class=\"aioseo-schema\">\n\t\t\t{\"@context\":\"https:\\\/\\\/schema.org\",\"@graph\":[{\"@type\":\"BlogPosting\",\"@id\":\"https:\\\/\\\/www.spkatarzyna.pl\\\/index.php\\\/2026\\\/01\\\/30\\\/wycieczka-do-wroclawia\\\/#blogposting\",\"name\":\"Wycieczka klas 5b, 6b i 6c - SP Katarzyna\",\"headline\":\"Wycieczka klas 5b, 6b i 6c\",\"author\":{\"@id\":\"https:\\\/\\\/www.spkatarzyna.pl\\\/index.php\\\/author\\\/agatasafianspkatarzyna-pl\\\/#author\"},\"publisher\":{\"@id\":\"https:\\\/\\\/www.spkatarzyna.pl\\\/#organization\"},\"image\":{\"@type\":\"ImageObject\",\"url\":\"https:\\\/\\\/www.spkatarzyna.pl\\\/wp-content\\\/uploads\\\/2026\\\/01\\\/IMG_8805.jpg\",\"width\":360,\"height\":202},\"datePublished\":\"2026-01-30T16:05:02+01:00\",\"dateModified\":\"2026-01-30T16:18:41+01:00\",\"inLanguage\":\"pl-PL\",\"mainEntityOfPage\":{\"@id\":\"https:\\\/\\\/www.spkatarzyna.pl\\\/index.php\\\/2026\\\/01\\\/30\\\/wycieczka-do-wroclawia\\\/#webpage\"},\"isPartOf\":{\"@id\":\"https:\\\/\\\/www.spkatarzyna.pl\\\/index.php\\\/2026\\\/01\\\/30\\\/wycieczka-do-wroclawia\\\/#webpage\"},\"articleSection\":\"Uncategorized\"},{\"@type\":\"BreadcrumbList\",\"@id\":\"https:\\\/\\\/www.spkatarzyna.pl\\\/index.php\\\/2026\\\/01\\\/30\\\/wycieczka-do-wroclawia\\\/#breadcrumblist\",\"itemListElement\":[{\"@type\":\"ListItem\",\"@id\":\"https:\\\/\\\/www.spkatarzyna.pl#listItem\",\"position\":1,\"name\":\"Dom\",\"item\":\"https:\\\/\\\/www.spkatarzyna.pl\",\"nextItem\":{\"@type\":\"ListItem\",\"@id\":\"https:\\\/\\\/www.spkatarzyna.pl\\\/index.php\\\/category\\\/uncategorized\\\/#listItem\",\"name\":\"Uncategorized\"}},{\"@type\":\"ListItem\",\"@id\":\"https:\\\/\\\/www.spkatarzyna.pl\\\/index.php\\\/category\\\/uncategorized\\\/#listItem\",\"position\":2,\"name\":\"Uncategorized\",\"item\":\"https:\\\/\\\/www.spkatarzyna.pl\\\/index.php\\\/category\\\/uncategorized\\\/\",\"nextItem\":{\"@type\":\"ListItem\",\"@id\":\"https:\\\/\\\/www.spkatarzyna.pl\\\/index.php\\\/2026\\\/01\\\/30\\\/wycieczka-do-wroclawia\\\/#listItem\",\"name\":\"Wycieczka klas 5b, 6b i 6c\"},\"previousItem\":{\"@type\":\"ListItem\",\"@id\":\"https:\\\/\\\/www.spkatarzyna.pl#listItem\",\"name\":\"Dom\"}},{\"@type\":\"ListItem\",\"@id\":\"https:\\\/\\\/www.spkatarzyna.pl\\\/index.php\\\/2026\\\/01\\\/30\\\/wycieczka-do-wroclawia\\\/#listItem\",\"position\":3,\"name\":\"Wycieczka klas 5b, 6b i 6c\",\"previousItem\":{\"@type\":\"ListItem\",\"@id\":\"https:\\\/\\\/www.spkatarzyna.pl\\\/index.php\\\/category\\\/uncategorized\\\/#listItem\",\"name\":\"Uncategorized\"}}]},{\"@type\":\"Organization\",\"@id\":\"https:\\\/\\\/www.spkatarzyna.pl\\\/#organization\",\"name\":\"SP Katarzyna\",\"description\":\"Publiczna Szko\\u0142a Podstawowa w \\u015awi\\u0119tej Katarzynie\",\"url\":\"https:\\\/\\\/www.spkatarzyna.pl\\\/\",\"telephone\":\"+48713116378\",\"sameAs\":[\"https:\\\/\\\/facebook.com\\\/\",\"https:\\\/\\\/x.com\\\/\",\"https:\\\/\\\/instagram.com\\\/\",\"https:\\\/\\\/pinterest.com\\\/\",\"https:\\\/\\\/youtube.com\\\/\",\"https:\\\/\\\/linkedin.com\\\/in\\\/\"]},{\"@type\":\"Person\",\"@id\":\"https:\\\/\\\/www.spkatarzyna.pl\\\/index.php\\\/author\\\/agatasafianspkatarzyna-pl\\\/#author\",\"url\":\"https:\\\/\\\/www.spkatarzyna.pl\\\/index.php\\\/author\\\/agatasafianspkatarzyna-pl\\\/\",\"name\":\"Redakcja\",\"image\":{\"@type\":\"ImageObject\",\"@id\":\"https:\\\/\\\/www.spkatarzyna.pl\\\/index.php\\\/2026\\\/01\\\/30\\\/wycieczka-do-wroclawia\\\/#authorImage\",\"url\":\"https:\\\/\\\/secure.gravatar.com\\\/avatar\\\/765290513df94d442152250e92b42327?s=96&d=mm&r=g\",\"width\":96,\"height\":96,\"caption\":\"Redakcja\"}},{\"@type\":\"WebPage\",\"@id\":\"https:\\\/\\\/www.spkatarzyna.pl\\\/index.php\\\/2026\\\/01\\\/30\\\/wycieczka-do-wroclawia\\\/#webpage\",\"url\":\"https:\\\/\\\/www.spkatarzyna.pl\\\/index.php\\\/2026\\\/01\\\/30\\\/wycieczka-do-wroclawia\\\/\",\"name\":\"Wycieczka klas 5b, 6b i 6c - SP Katarzyna\",\"description\":\"Dnia 30 stycznia 2026 r. uczniowie klas 5b, 6b oraz 6c wzi\\u0119li udzia\\u0142 w jednodniowej wycieczce do Wroc\\u0142awia. G\\u0142\\u00f3wnym celem wyjazdu by\\u0142a edukacja filmowa i film \\u201ePsoty\\u201d w re\\u017cyserii K. Lisowskiego. Film porusza szereg zagadnie\\u0144 istotnych dla m\\u0142odego odbiorcy. Podejmuje temat samotno\\u015bci nastolatki, relacji rodzinnych oraz odpowiedzialno\\u015bci za zwierz\\u0119ta. Zwraca r\\u00f3wnie\\u017c uwag\\u0119 na rol\\u0119 internetu\",\"inLanguage\":\"pl-PL\",\"isPartOf\":{\"@id\":\"https:\\\/\\\/www.spkatarzyna.pl\\\/#website\"},\"breadcrumb\":{\"@id\":\"https:\\\/\\\/www.spkatarzyna.pl\\\/index.php\\\/2026\\\/01\\\/30\\\/wycieczka-do-wroclawia\\\/#breadcrumblist\"},\"author\":{\"@id\":\"https:\\\/\\\/www.spkatarzyna.pl\\\/index.php\\\/author\\\/agatasafianspkatarzyna-pl\\\/#author\"},\"creator\":{\"@id\":\"https:\\\/\\\/www.spkatarzyna.pl\\\/index.php\\\/author\\\/agatasafianspkatarzyna-pl\\\/#author\"},\"image\":{\"@type\":\"ImageObject\",\"url\":\"https:\\\/\\\/www.spkatarzyna.pl\\\/wp-content\\\/uploads\\\/2026\\\/01\\\/IMG_8805.jpg\",\"@id\":\"https:\\\/\\\/www.spkatarzyna.pl\\\/index.php\\\/2026\\\/01\\\/30\\\/wycieczka-do-wroclawia\\\/#mainImage\",\"width\":360,\"height\":202},\"primaryImageOfPage\":{\"@id\":\"https:\\\/\\\/www.spkatarzyna.pl\\\/index.php\\\/2026\\\/01\\\/30\\\/wycieczka-do-wroclawia\\\/#mainImage\"},\"datePublished\":\"2026-01-30T16:05:02+01:00\",\"dateModified\":\"2026-01-30T16:18:41+01:00\"},{\"@type\":\"WebSite\",\"@id\":\"https:\\\/\\\/www.spkatarzyna.pl\\\/#website\",\"url\":\"https:\\\/\\\/www.spkatarzyna.pl\\\/\",\"name\":\"SP Katarzyna\",\"description\":\"Publiczna Szko\\u0142a Podstawowa w \\u015awi\\u0119tej Katarzynie\",\"inLanguage\":\"pl-PL\",\"publisher\":{\"@id\":\"https:\\\/\\\/www.spkatarzyna.pl\\\/#organization\"}}]}\n\t\t<\/script>\n\t\t<!-- All in One SEO -->\n\n","aioseo_head_json":{"title":"Wycieczka klas 5b, 6b i 6c - SP Katarzyna","description":"Dnia 30 stycznia 2026 r. uczniowie klas 5b, 6b oraz 6c wzi\u0119li udzia\u0142 w jednodniowej wycieczce do Wroc\u0142awia. G\u0142\u00f3wnym celem wyjazdu by\u0142a edukacja filmowa i film \u201ePsoty\u201d w re\u017cyserii K. Lisowskiego. Film porusza szereg zagadnie\u0144 istotnych dla m\u0142odego odbiorcy. Podejmuje temat samotno\u015bci nastolatki, relacji rodzinnych oraz odpowiedzialno\u015bci za zwierz\u0119ta. Zwraca r\u00f3wnie\u017c uwag\u0119 na rol\u0119 internetu","canonical_url":"https:\/\/www.spkatarzyna.pl\/index.php\/2026\/01\/30\/wycieczka-do-wroclawia\/","robots":"max-image-preview:large","keywords":"","webmasterTools":{"miscellaneous":""},"schema":{"@context":"https:\/\/schema.org","@graph":[{"@type":"BlogPosting","@id":"https:\/\/www.spkatarzyna.pl\/index.php\/2026\/01\/30\/wycieczka-do-wroclawia\/#blogposting","name":"Wycieczka klas 5b, 6b i 6c - SP Katarzyna","headline":"Wycieczka klas 5b, 6b i 6c","author":{"@id":"https:\/\/www.spkatarzyna.pl\/index.php\/author\/agatasafianspkatarzyna-pl\/#author"},"publisher":{"@id":"https:\/\/www.spkatarzyna.pl\/#organization"},"image":{"@type":"ImageObject","url":"https:\/\/www.spkatarzyna.pl\/wp-content\/uploads\/2026\/01\/IMG_8805.jpg","width":360,"height":202},"datePublished":"2026-01-30T16:05:02+01:00","dateModified":"2026-01-30T16:18:41+01:00","inLanguage":"pl-PL","mainEntityOfPage":{"@id":"https:\/\/www.spkatarzyna.pl\/index.php\/2026\/01\/30\/wycieczka-do-wroclawia\/#webpage"},"isPartOf":{"@id":"https:\/\/www.spkatarzyna.pl\/index.php\/2026\/01\/30\/wycieczka-do-wroclawia\/#webpage"},"articleSection":"Uncategorized"},{"@type":"BreadcrumbList","@id":"https:\/\/www.spkatarzyna.pl\/index.php\/2026\/01\/30\/wycieczka-do-wroclawia\/#breadcrumblist","itemListElement":[{"@type":"ListItem","@id":"https:\/\/www.spkatarzyna.pl#listItem","position":1,"name":"Dom","item":"https:\/\/www.spkatarzyna.pl","nextItem":{"@type":"ListItem","@id":"https:\/\/www.spkatarzyna.pl\/index.php\/category\/uncategorized\/#listItem","name":"Uncategorized"}},{"@type":"ListItem","@id":"https:\/\/www.spkatarzyna.pl\/index.php\/category\/uncategorized\/#listItem","position":2,"name":"Uncategorized","item":"https:\/\/www.spkatarzyna.pl\/index.php\/category\/uncategorized\/","nextItem":{"@type":"ListItem","@id":"https:\/\/www.spkatarzyna.pl\/index.php\/2026\/01\/30\/wycieczka-do-wroclawia\/#listItem","name":"Wycieczka klas 5b, 6b i 6c"},"previousItem":{"@type":"ListItem","@id":"https:\/\/www.spkatarzyna.pl#listItem","name":"Dom"}},{"@type":"ListItem","@id":"https:\/\/www.spkatarzyna.pl\/index.php\/2026\/01\/30\/wycieczka-do-wroclawia\/#listItem","position":3,"name":"Wycieczka klas 5b, 6b i 6c","previousItem":{"@type":"ListItem","@id":"https:\/\/www.spkatarzyna.pl\/index.php\/category\/uncategorized\/#listItem","name":"Uncategorized"}}]},{"@type":"Organization","@id":"https:\/\/www.spkatarzyna.pl\/#organization","name":"SP Katarzyna","description":"Publiczna Szko\u0142a Podstawowa w \u015awi\u0119tej Katarzynie","url":"https:\/\/www.spkatarzyna.pl\/","telephone":"+48713116378","sameAs":["https:\/\/facebook.com\/","https:\/\/x.com\/","https:\/\/instagram.com\/","https:\/\/pinterest.com\/","https:\/\/youtube.com\/","https:\/\/linkedin.com\/in\/"]},{"@type":"Person","@id":"https:\/\/www.spkatarzyna.pl\/index.php\/author\/agatasafianspkatarzyna-pl\/#author","url":"https:\/\/www.spkatarzyna.pl\/index.php\/author\/agatasafianspkatarzyna-pl\/","name":"Redakcja","image":{"@type":"ImageObject","@id":"https:\/\/www.spkatarzyna.pl\/index.php\/2026\/01\/30\/wycieczka-do-wroclawia\/#authorImage","url":"https:\/\/secure.gravatar.com\/avatar\/765290513df94d442152250e92b42327?s=96&d=mm&r=g","width":96,"height":96,"caption":"Redakcja"}},{"@type":"WebPage","@id":"https:\/\/www.spkatarzyna.pl\/index.php\/2026\/01\/30\/wycieczka-do-wroclawia\/#webpage","url":"https:\/\/www.spkatarzyna.pl\/index.php\/2026\/01\/30\/wycieczka-do-wroclawia\/","name":"Wycieczka klas 5b, 6b i 6c - SP Katarzyna","description":"Dnia 30 stycznia 2026 r. uczniowie klas 5b, 6b oraz 6c wzi\u0119li udzia\u0142 w jednodniowej wycieczce do Wroc\u0142awia. G\u0142\u00f3wnym celem wyjazdu by\u0142a edukacja filmowa i film \u201ePsoty\u201d w re\u017cyserii K. Lisowskiego. Film porusza szereg zagadnie\u0144 istotnych dla m\u0142odego odbiorcy. Podejmuje temat samotno\u015bci nastolatki, relacji rodzinnych oraz odpowiedzialno\u015bci za zwierz\u0119ta. Zwraca r\u00f3wnie\u017c uwag\u0119 na rol\u0119 internetu","inLanguage":"pl-PL","isPartOf":{"@id":"https:\/\/www.spkatarzyna.pl\/#website"},"breadcrumb":{"@id":"https:\/\/www.spkatarzyna.pl\/index.php\/2026\/01\/30\/wycieczka-do-wroclawia\/#breadcrumblist"},"author":{"@id":"https:\/\/www.spkatarzyna.pl\/index.php\/author\/agatasafianspkatarzyna-pl\/#author"},"creator":{"@id":"https:\/\/www.spkatarzyna.pl\/index.php\/author\/agatasafianspkatarzyna-pl\/#author"},"image":{"@type":"ImageObject","url":"https:\/\/www.spkatarzyna.pl\/wp-content\/uploads\/2026\/01\/IMG_8805.jpg","@id":"https:\/\/www.spkatarzyna.pl\/index.php\/2026\/01\/30\/wycieczka-do-wroclawia\/#mainImage","width":360,"height":202},"primaryImageOfPage":{"@id":"https:\/\/www.spkatarzyna.pl\/index.php\/2026\/01\/30\/wycieczka-do-wroclawia\/#mainImage"},"datePublished":"2026-01-30T16:05:02+01:00","dateModified":"2026-01-30T16:18:41+01:00"},{"@type":"WebSite","@id":"https:\/\/www.spkatarzyna.pl\/#website","url":"https:\/\/www.spkatarzyna.pl\/","name":"SP Katarzyna","description":"Publiczna Szko\u0142a Podstawowa w \u015awi\u0119tej Katarzynie","inLanguage":"pl-PL","publisher":{"@id":"https:\/\/www.spkatarzyna.pl\/#organization"}}]},"og:locale":"pl_PL","og:site_name":"SP Katarzyna - Publiczna Szko\u0142a Podstawowa w \u015awi\u0119tej Katarzynie","og:type":"article","og:title":"Wycieczka klas 5b, 6b i 6c - SP Katarzyna","og:description":"Dnia 30 stycznia 2026 r. uczniowie klas 5b, 6b oraz 6c wzi\u0119li udzia\u0142 w jednodniowej wycieczce do Wroc\u0142awia. G\u0142\u00f3wnym celem wyjazdu by\u0142a edukacja filmowa i film \u201ePsoty\u201d w re\u017cyserii K. Lisowskiego. Film porusza szereg zagadnie\u0144 istotnych dla m\u0142odego odbiorcy. Podejmuje temat samotno\u015bci nastolatki, relacji rodzinnych oraz odpowiedzialno\u015bci za zwierz\u0119ta. Zwraca r\u00f3wnie\u017c uwag\u0119 na rol\u0119 internetu","og:url":"https:\/\/www.spkatarzyna.pl\/index.php\/2026\/01\/30\/wycieczka-do-wroclawia\/","article:published_time":"2026-01-30T16:05:02+00:00","article:modified_time":"2026-01-30T16:18:41+00:00","twitter:card":"summary_large_image","twitter:title":"Wycieczka klas 5b, 6b i 6c - SP Katarzyna","twitter:description":"Dnia 30 stycznia 2026 r. uczniowie klas 5b, 6b oraz 6c wzi\u0119li udzia\u0142 w jednodniowej wycieczce do Wroc\u0142awia. G\u0142\u00f3wnym celem wyjazdu by\u0142a edukacja filmowa i film \u201ePsoty\u201d w re\u017cyserii K. Lisowskiego. Film porusza szereg zagadnie\u0144 istotnych dla m\u0142odego odbiorcy. Podejmuje temat samotno\u015bci nastolatki, relacji rodzinnych oraz odpowiedzialno\u015bci za zwierz\u0119ta. Zwraca r\u00f3wnie\u017c uwag\u0119 na rol\u0119 internetu"},"aioseo_meta_data":{"post_id":"18393","title":null,"description":null,"keywords":null,"keyphrases":{"focus":{"keyphrase":"","score":0,"analysis":{"keyphraseInTitle":{"score":0,"maxScore":9,"error":1}}},"additional":[]},"primary_term":null,"canonical_url":null,"og_title":null,"og_description":null,"og_object_type":"default","og_image_type":"default","og_image_url":null,"og_image_width":null,"og_image_height":null,"og_image_custom_url":null,"og_image_custom_fields":null,"og_video":"","og_custom_url":null,"og_article_section":null,"og_article_tags":null,"twitter_use_og":false,"twitter_card":"default","twitter_image_type":"default","twitter_image_url":null,"twitter_image_custom_url":null,"twitter_image_custom_fields":null,"twitter_title":null,"twitter_description":null,"schema":{"blockGraphs":[],"customGraphs":[],"default":{"data":{"Article":[],"Course":[],"Dataset":[],"FAQPage":[],"Movie":[],"Person":[],"Product":[],"ProductReview":[],"Car":[],"Recipe":[],"Service":[],"SoftwareApplication":[],"WebPage":[]},"graphName":"BlogPosting","isEnabled":true},"graphs":[]},"schema_type":"default","schema_type_options":null,"pillar_content":false,"robots_default":true,"robots_noindex":false,"robots_noarchive":false,"robots_nosnippet":false,"robots_nofollow":false,"robots_noimageindex":false,"robots_noodp":false,"robots_notranslate":false,"robots_max_snippet":"-1","robots_max_videopreview":"-1","robots_max_imagepreview":"large","priority":null,"frequency":"default","local_seo":null,"limit_modified_date":false,"created":"2026-01-30 15:49:02","updated":"2026-09-03 17:40:05","focus_keyword":null,"additional_keywords":null,"truseo_locale":null,"ai":null,"breadcrumb_settings":null,"seo_analyzer_scan_date":null},"aioseo_breadcrumb":"<div class=\"aioseo-breadcrumbs\"><span class=\"aioseo-breadcrumb\">\n\t\t\t<a href=\"https:\/\/www.spkatarzyna.pl\" title=\"Dom\">Dom<\/a>\n\t\t<\/span><span class=\"aioseo-breadcrumb-separator\">&raquo;<\/span><span class=\"aioseo-breadcrumb\">\n\t\t\t<a href=\"https:\/\/www.spkatarzyna.pl\/index.php\/category\/uncategorized\/\" title=\"Uncategorized\">Uncategorized<\/a>\n\t\t<\/span><span class=\"aioseo-breadcrumb-separator\">&raquo;<\/span><span class=\"aioseo-breadcrumb\">\n\t\t\tWycieczka klas 5b, 6b i 6c\n\t\t<\/span><\/div>","aioseo_breadcrumb_json":[{"label":"Dom","link":"https:\/\/www.spkatarzyna.pl"},{"label":"Uncategorized","link":"https:\/\/www.spkatarzyna.pl\/index.php\/category\/uncategorized\/"},{"label":"Wycieczka klas 5b, 6b i 6c","link":"https:\/\/www.spkatarzyna.pl\/index.php\/2026\/01\/30\/wycieczka-do-wroclawia\/"}],"_links":{"self":[{"href":"https:\/\/www.spkatarzyna.pl\/index.php\/wp-json\/wp\/v2\/posts\/18393","targetHints":{"allow":["GET"]}}],"collection":[{"href":"https:\/\/www.spkatarzyna.pl\/index.php\/wp-json\/wp\/v2\/posts"}],"about":[{"href":"https:\/\/www.spkatarzyna.pl\/index.php\/wp-json\/wp\/v2\/types\/post"}],"author":[{"embeddable":true,"href":"https:\/\/www.spkatarzyna.pl\/index.php\/wp-json\/wp\/v2\/users\/6"}],"replies":[{"embeddable":true,"href":"https:\/\/www.spkatarzyna.pl\/index.php\/wp-json\/wp\/v2\/comments?post=18393"}],"version-history":[{"count":6,"href":"https:\/\/www.spkatarzyna.pl\/index.php\/wp-json\/wp\/v2\/posts\/18393\/revisions"}],"predecessor-version":[{"id":18431,"href":"https:\/\/www.spkatarzyna.pl\/index.php\/wp-json\/wp\/v2\/posts\/18393\/revisions\/18431"}],"wp:featuredmedia":[{"embeddable":true,"href":"https:\/\/www.spkatarzyna.pl\/index.php\/wp-json\/wp\/v2\/media\/18394"}],"wp:attachment":[{"href":"https:\/\/www.spkatarzyna.pl\/index.php\/wp-json\/wp\/v2\/media?parent=18393"}],"wp:term":[{"taxonomy":"category","embeddable":true,"href":"https:\/\/www.spkatarzyna.pl\/index.php\/wp-json\/wp\/v2\/categories?post=18393"},{"taxonomy":"post_tag","embeddable":true,"href":"https:\/\/www.spkatarzyna.pl\/index.php\/wp-json\/wp\/v2\/tags?post=18393"}],"curies":[{"name":"wp","href":"https:\/\/api.w.org\/{rel}","templated":true}]}}