{"id":18464,"date":"2026-02-18T18:20:15","date_gmt":"2026-02-18T18:20:15","guid":{"rendered":"https:\/\/www.spkatarzyna.pl\/?p=18464"},"modified":"2026-02-18T18:25:31","modified_gmt":"2026-02-18T18:25:31","slug":"zimowa-wyprawa-do-lasu","status":"publish","type":"post","link":"https:\/\/www.spkatarzyna.pl\/index.php\/2026\/02\/18\/zimowa-wyprawa-do-lasu\/","title":{"rendered":"ZIMOWA WYPRAWA DO LASU"},"content":{"rendered":"\t\t<div data-elementor-type=\"wp-post\" data-elementor-id=\"18464\" class=\"elementor elementor-18464\">\n\t\t\t\t<div class=\"elementor-element elementor-element-1b955984 e-flex e-con-boxed e-con e-parent\" data-id=\"1b955984\" data-element_type=\"container\">\n\t\t\t\t\t<div class=\"e-con-inner\">\n\t\t\t\t<div class=\"elementor-element elementor-element-6a6fa70c elementor-widget elementor-widget-text-editor\" data-id=\"6a6fa70c\" data-element_type=\"widget\" data-widget_type=\"text-editor.default\">\n\t\t\t\t\t\t\t\t\t<p style=\"text-align: justify;\"><span style=\"font-size: 14pt;\"><span style=\"font-weight: 400;\">Klasa 1c wybra\u0142a si\u0119 dzi\u015b do lasu w Siechnicach w ramach projektu <\/span><b>Le\u015bna Banda<\/b><span style=\"font-weight: 400;\">. Razem z panem le\u015bnikiem tropili\u015bmy \u015blady zwierz\u0105t na \u015bniegu. Rozpalili\u015bmy ognisko i badali\u015bmy w\u0142a\u015bciwo\u015bci \u015bniegu, podgrzewaj\u0105c go w kocio\u0142ku. Zbudowali\u015bmy r\u00f3wnie\u017c wsp\u00f3lny sza\u0142as, po czym przysz\u0142a pora na zimowe szale\u0144stwa \u2013 turlali\u015bmy si\u0119 z g\u00f3rki, niczym \u015bnie\u017cne kulki.&nbsp;<\/span><\/span><\/p>\r\n<p style=\"text-align: justify;\"><span style=\"font-weight: 400; font-size: 14pt;\">To by\u0142 dzie\u0144 pe\u0142en rado\u015bci, ruchu i le\u015bnych odkry\u0107.<\/span><\/p>\r\n<p style=\"text-align: right;\"><span style=\"font-weight: 400; font-size: 14pt;\">Ma\u0142gorzata Mazur<\/span><\/p>\r\n\r\n<br style=\"font-weight: 400;\">\t\t\t\t\t\t\t\t<\/div>\n\t\t\t\t<div class=\"elementor-element elementor-element-a9622d6 elementor-widget elementor-widget-image-gallery\" data-id=\"a9622d6\" data-element_type=\"widget\" data-widget_type=\"image-gallery.default\">\n\t\t\t\t\t\t\t<div class=\"elementor-image-gallery\">\n\t\t\t\n\t\t<div id='gallery-1' class='gallery galleryid-18464 gallery-columns-8 gallery-size-thumbnail gallery1'><script type=\"text\/javascript\">\n\/\/ <![CDATA[\n\tjQuery(document).ready(function () {\n\t\tjQuery(\".gallery1 a\").attr(\"rel\",\"gallery1\");\t\n\t\tjQuery('a[rel=\"gallery1\"]').colorbox({title: function(){ return jQuery(this).children().attr(\"alt\"); }});\n\t});\n\/\/ ]]>\n<\/script>\n<dl class=\"gallery-item\">\n<dt class=\"gallery-icon\">\n<a href=\"https:\/\/www.spkatarzyna.pl\/wp-content\/uploads\/2026\/02\/IMG_20260218_093757-225x300.jpg\" title=\"\" rel=\"gallery1\" rel=\"lightbox[18464]\"><img decoding=\"async\" src=\"https:\/\/www.spkatarzyna.pl\/wp-content\/uploads\/2026\/02\/IMG_20260218_093757-150x150.jpg\" width=\"150\" height=\"150\" alt=\"\" \/><\/a>\n<\/dt><\/dl><dl class=\"gallery-item\">\n<dt class=\"gallery-icon\">\n<a href=\"https:\/\/www.spkatarzyna.pl\/wp-content\/uploads\/2026\/02\/IMG_20260218_093840-225x300.jpg\" title=\"\" rel=\"gallery1\" rel=\"lightbox[18464]\"><img decoding=\"async\" src=\"https:\/\/www.spkatarzyna.pl\/wp-content\/uploads\/2026\/02\/IMG_20260218_093840-150x150.jpg\" width=\"150\" height=\"150\" alt=\"\" \/><\/a>\n<\/dt><\/dl><dl class=\"gallery-item\">\n<dt class=\"gallery-icon\">\n<a href=\"https:\/\/www.spkatarzyna.pl\/wp-content\/uploads\/2026\/02\/IMG_20260218_094113-225x300.jpg\" title=\"\" rel=\"gallery1\" rel=\"lightbox[18464]\"><img decoding=\"async\" src=\"https:\/\/www.spkatarzyna.pl\/wp-content\/uploads\/2026\/02\/IMG_20260218_094113-150x150.jpg\" width=\"150\" height=\"150\" alt=\"\" \/><\/a>\n<\/dt><\/dl><dl class=\"gallery-item\">\n<dt class=\"gallery-icon\">\n<a href=\"https:\/\/www.spkatarzyna.pl\/wp-content\/uploads\/2026\/02\/IMG_20260218_094334-300x225.jpg\" title=\"\" rel=\"gallery1\" rel=\"lightbox[18464]\"><img loading=\"lazy\" decoding=\"async\" src=\"https:\/\/www.spkatarzyna.pl\/wp-content\/uploads\/2026\/02\/IMG_20260218_094334-150x150.jpg\" width=\"150\" height=\"150\" alt=\"\" \/><\/a>\n<\/dt><\/dl><dl class=\"gallery-item\">\n<dt class=\"gallery-icon\">\n<a href=\"https:\/\/www.spkatarzyna.pl\/wp-content\/uploads\/2026\/02\/IMG_20260218_094336-300x225.jpg\" title=\"\" rel=\"gallery1\" rel=\"lightbox[18464]\"><img loading=\"lazy\" decoding=\"async\" src=\"https:\/\/www.spkatarzyna.pl\/wp-content\/uploads\/2026\/02\/IMG_20260218_094336-150x150.jpg\" width=\"150\" height=\"150\" alt=\"\" \/><\/a>\n<\/dt><\/dl><dl class=\"gallery-item\">\n<dt class=\"gallery-icon\">\n<a href=\"https:\/\/www.spkatarzyna.pl\/wp-content\/uploads\/2026\/02\/IMG_20260218_094338-300x225.jpg\" title=\"\" rel=\"gallery1\" rel=\"lightbox[18464]\"><img loading=\"lazy\" decoding=\"async\" src=\"https:\/\/www.spkatarzyna.pl\/wp-content\/uploads\/2026\/02\/IMG_20260218_094338-150x150.jpg\" width=\"150\" height=\"150\" alt=\"\" \/><\/a>\n<\/dt><\/dl><dl class=\"gallery-item\">\n<dt class=\"gallery-icon\">\n<a href=\"https:\/\/www.spkatarzyna.pl\/wp-content\/uploads\/2026\/02\/IMG_20260218_103044-225x300.jpg\" title=\"\" rel=\"gallery1\" rel=\"lightbox[18464]\"><img loading=\"lazy\" decoding=\"async\" src=\"https:\/\/www.spkatarzyna.pl\/wp-content\/uploads\/2026\/02\/IMG_20260218_103044-150x150.jpg\" width=\"150\" height=\"150\" alt=\"\" \/><\/a>\n<\/dt><\/dl><dl class=\"gallery-item\">\n<dt class=\"gallery-icon\">\n<a href=\"https:\/\/www.spkatarzyna.pl\/wp-content\/uploads\/2026\/02\/IMG_20260218_104428-300x225.jpg\" title=\"\" rel=\"gallery1\" rel=\"lightbox[18464]\"><img loading=\"lazy\" decoding=\"async\" src=\"https:\/\/www.spkatarzyna.pl\/wp-content\/uploads\/2026\/02\/IMG_20260218_104428-150x150.jpg\" width=\"150\" height=\"150\" alt=\"\" \/><\/a>\n<\/dt><\/dl><br style=\"clear: both\" \/><dl class=\"gallery-item\">\n<dt class=\"gallery-icon\">\n<a href=\"https:\/\/www.spkatarzyna.pl\/wp-content\/uploads\/2026\/02\/IMG_20260218_104449-225x300.jpg\" title=\"\" rel=\"gallery1\" rel=\"lightbox[18464]\"><img loading=\"lazy\" decoding=\"async\" src=\"https:\/\/www.spkatarzyna.pl\/wp-content\/uploads\/2026\/02\/IMG_20260218_104449-150x150.jpg\" width=\"150\" height=\"150\" alt=\"\" \/><\/a>\n<\/dt><\/dl><dl class=\"gallery-item\">\n<dt class=\"gallery-icon\">\n<a href=\"https:\/\/www.spkatarzyna.pl\/wp-content\/uploads\/2026\/02\/IMG_20260218_104643-225x300.jpg\" title=\"\" rel=\"gallery1\" rel=\"lightbox[18464]\"><img loading=\"lazy\" decoding=\"async\" src=\"https:\/\/www.spkatarzyna.pl\/wp-content\/uploads\/2026\/02\/IMG_20260218_104643-150x150.jpg\" width=\"150\" height=\"150\" alt=\"\" \/><\/a>\n<\/dt><\/dl><dl class=\"gallery-item\">\n<dt class=\"gallery-icon\">\n<a href=\"https:\/\/www.spkatarzyna.pl\/wp-content\/uploads\/2026\/02\/IMG_20260218_112313-225x300.jpg\" title=\"\" rel=\"gallery1\" rel=\"lightbox[18464]\"><img loading=\"lazy\" decoding=\"async\" src=\"https:\/\/www.spkatarzyna.pl\/wp-content\/uploads\/2026\/02\/IMG_20260218_112313-150x150.jpg\" width=\"150\" height=\"150\" alt=\"\" \/><\/a>\n<\/dt><\/dl><dl class=\"gallery-item\">\n<dt class=\"gallery-icon\">\n<a href=\"https:\/\/www.spkatarzyna.pl\/wp-content\/uploads\/2026\/02\/IMG_20260218_112348-225x300.jpg\" title=\"\" rel=\"gallery1\" rel=\"lightbox[18464]\"><img loading=\"lazy\" decoding=\"async\" src=\"https:\/\/www.spkatarzyna.pl\/wp-content\/uploads\/2026\/02\/IMG_20260218_112348-150x150.jpg\" width=\"150\" height=\"150\" alt=\"\" \/><\/a>\n<\/dt><\/dl><dl class=\"gallery-item\">\n<dt class=\"gallery-icon\">\n<a href=\"https:\/\/www.spkatarzyna.pl\/wp-content\/uploads\/2026\/02\/IMG_20260218_113226-225x300.jpg\" title=\"\" rel=\"gallery1\" rel=\"lightbox[18464]\"><img loading=\"lazy\" decoding=\"async\" src=\"https:\/\/www.spkatarzyna.pl\/wp-content\/uploads\/2026\/02\/IMG_20260218_113226-150x150.jpg\" width=\"150\" height=\"150\" alt=\"\" \/><\/a>\n<\/dt><\/dl><dl class=\"gallery-item\">\n<dt class=\"gallery-icon\">\n<a href=\"https:\/\/www.spkatarzyna.pl\/wp-content\/uploads\/2026\/02\/IMG_20260218_112826-225x300.jpg\" title=\"\" rel=\"gallery1\" rel=\"lightbox[18464]\"><img loading=\"lazy\" decoding=\"async\" src=\"https:\/\/www.spkatarzyna.pl\/wp-content\/uploads\/2026\/02\/IMG_20260218_112826-150x150.jpg\" width=\"150\" height=\"150\" alt=\"\" \/><\/a>\n<\/dt><\/dl><dl class=\"gallery-item\">\n<dt class=\"gallery-icon\">\n<a href=\"https:\/\/www.spkatarzyna.pl\/wp-content\/uploads\/2026\/02\/IMG_20260218_112350-225x300.jpg\" title=\"\" rel=\"gallery1\" rel=\"lightbox[18464]\"><img loading=\"lazy\" decoding=\"async\" src=\"https:\/\/www.spkatarzyna.pl\/wp-content\/uploads\/2026\/02\/IMG_20260218_112350-150x150.jpg\" width=\"150\" height=\"150\" alt=\"\" \/><\/a>\n<\/dt><\/dl><dl class=\"gallery-item\">\n<dt class=\"gallery-icon\">\n<a href=\"https:\/\/www.spkatarzyna.pl\/wp-content\/uploads\/2026\/02\/IMG_20260218_105543-225x300.jpg\" title=\"\" rel=\"gallery1\" rel=\"lightbox[18464]\"><img loading=\"lazy\" decoding=\"async\" src=\"https:\/\/www.spkatarzyna.pl\/wp-content\/uploads\/2026\/02\/IMG_20260218_105543-150x150.jpg\" width=\"150\" height=\"150\" alt=\"\" \/><\/a>\n<\/dt><\/dl><br style=\"clear: both\" \/><br style=\"clear: both\" \/><\/div>\t\t<\/div>\n\t\t\t\t\t\t<\/div>\n\t\t\t\t\t<\/div>\n\t\t\t\t<\/div>\n\t\t\t\t<\/div>\n\t\t","protected":false},"excerpt":{"rendered":"<p>Klasa 1c wybra\u0142a si\u0119 dzi\u015b do lasu w Siechnicach w ramach projektu Le\u015bna Banda. Razem z panem le\u015bnikiem tropili\u015bmy \u015blady zwierz\u0105t na \u015bniegu. Rozpalili\u015bmy ognisko i badali\u015bmy w\u0142a\u015bciwo\u015bci \u015bniegu, podgrzewaj\u0105c go w kocio\u0142ku. Zbudowali\u015bmy r\u00f3wnie\u017c wsp\u00f3lny sza\u0142as, po czym przysz\u0142a pora na zimowe szale\u0144stwa \u2013 turlali\u015bmy si\u0119 z g\u00f3rki, niczym [&hellip;]<\/p>\n","protected":false},"author":6,"featured_media":18465,"comment_status":"open","ping_status":"open","sticky":false,"template":"","format":"standard","meta":{"om_disable_all_campaigns":false,"_monsterinsights_skip_tracking":false,"ngg_post_thumbnail":0,"footnotes":""},"categories":[1],"tags":[],"class_list":["post-18464","post","type-post","status-publish","format-standard","has-post-thumbnail","hentry","category-uncategorized"],"aioseo_notices":[],"aioseo_head":"\n\t\t<!-- All in One SEO 5.0.1.1 - aioseo.com -->\n\t<meta name=\"description\" content=\"Klasa 1c wybra\u0142a si\u0119 dzi\u015b do lasu w Siechnicach w ramach projektu Le\u015bna Banda. Razem z panem le\u015bnikiem tropili\u015bmy \u015blady zwierz\u0105t na \u015bniegu. Rozpalili\u015bmy ognisko i badali\u015bmy w\u0142a\u015bciwo\u015bci \u015bniegu, podgrzewaj\u0105c go w kocio\u0142ku. Zbudowali\u015bmy r\u00f3wnie\u017c wsp\u00f3lny sza\u0142as, po czym przysz\u0142a pora na zimowe szale\u0144stwa \u2013 turlali\u015bmy si\u0119 z g\u00f3rki, niczym \u015bnie\u017cne kulki. To by\u0142 dzie\u0144\" \/>\n\t<meta name=\"robots\" content=\"max-image-preview:large\" \/>\n\t<meta name=\"author\" content=\"Redakcja\"\/>\n\t<link rel=\"canonical\" href=\"https:\/\/www.spkatarzyna.pl\/index.php\/2026\/02\/18\/zimowa-wyprawa-do-lasu\/\" \/>\n\t<meta name=\"generator\" content=\"All in One SEO (AIOSEO) 5.0.1.1\" \/>\n\t\t<meta property=\"og:locale\" content=\"pl_PL\" \/>\n\t\t<meta property=\"og:site_name\" content=\"SP Katarzyna - Publiczna Szko\u0142a Podstawowa w \u015awi\u0119tej Katarzynie\" \/>\n\t\t<meta property=\"og:type\" content=\"article\" \/>\n\t\t<meta property=\"og:title\" content=\"ZIMOWA WYPRAWA DO LASU - SP Katarzyna\" \/>\n\t\t<meta property=\"og:description\" content=\"Klasa 1c wybra\u0142a si\u0119 dzi\u015b do lasu w Siechnicach w ramach projektu Le\u015bna Banda. Razem z panem le\u015bnikiem tropili\u015bmy \u015blady zwierz\u0105t na \u015bniegu. Rozpalili\u015bmy ognisko i badali\u015bmy w\u0142a\u015bciwo\u015bci \u015bniegu, podgrzewaj\u0105c go w kocio\u0142ku. Zbudowali\u015bmy r\u00f3wnie\u017c wsp\u00f3lny sza\u0142as, po czym przysz\u0142a pora na zimowe szale\u0144stwa \u2013 turlali\u015bmy si\u0119 z g\u00f3rki, niczym \u015bnie\u017cne kulki. To by\u0142 dzie\u0144\" \/>\n\t\t<meta property=\"og:url\" content=\"https:\/\/www.spkatarzyna.pl\/index.php\/2026\/02\/18\/zimowa-wyprawa-do-lasu\/\" \/>\n\t\t<meta property=\"article:published_time\" content=\"2026-02-18T18:20:15+00:00\" \/>\n\t\t<meta property=\"article:modified_time\" content=\"2026-02-18T18:25:31+00:00\" \/>\n\t\t<meta name=\"twitter:card\" content=\"summary_large_image\" \/>\n\t\t<meta name=\"twitter:title\" content=\"ZIMOWA WYPRAWA DO LASU - SP Katarzyna\" \/>\n\t\t<meta name=\"twitter:description\" content=\"Klasa 1c wybra\u0142a si\u0119 dzi\u015b do lasu w Siechnicach w ramach projektu Le\u015bna Banda. Razem z panem le\u015bnikiem tropili\u015bmy \u015blady zwierz\u0105t na \u015bniegu. Rozpalili\u015bmy ognisko i badali\u015bmy w\u0142a\u015bciwo\u015bci \u015bniegu, podgrzewaj\u0105c go w kocio\u0142ku. Zbudowali\u015bmy r\u00f3wnie\u017c wsp\u00f3lny sza\u0142as, po czym przysz\u0142a pora na zimowe szale\u0144stwa \u2013 turlali\u015bmy si\u0119 z g\u00f3rki, niczym \u015bnie\u017cne kulki. To by\u0142 dzie\u0144\" \/>\n\t\t<script type=\"application\/ld+json\" class=\"aioseo-schema\">\n\t\t\t{\"@context\":\"https:\\\/\\\/schema.org\",\"@graph\":[{\"@type\":\"BlogPosting\",\"@id\":\"https:\\\/\\\/www.spkatarzyna.pl\\\/index.php\\\/2026\\\/02\\\/18\\\/zimowa-wyprawa-do-lasu\\\/#blogposting\",\"name\":\"ZIMOWA WYPRAWA DO LASU - SP Katarzyna\",\"headline\":\"ZIMOWA WYPRAWA DO LASU\",\"author\":{\"@id\":\"https:\\\/\\\/www.spkatarzyna.pl\\\/index.php\\\/author\\\/agatasafianspkatarzyna-pl\\\/#author\"},\"publisher\":{\"@id\":\"https:\\\/\\\/www.spkatarzyna.pl\\\/#organization\"},\"image\":{\"@type\":\"ImageObject\",\"url\":\"https:\\\/\\\/www.spkatarzyna.pl\\\/wp-content\\\/uploads\\\/2026\\\/02\\\/IMG_20260218_104428-2.jpg\",\"width\":360,\"height\":202},\"datePublished\":\"2026-02-18T18:20:15+01:00\",\"dateModified\":\"2026-02-18T18:25:31+01:00\",\"inLanguage\":\"pl-PL\",\"mainEntityOfPage\":{\"@id\":\"https:\\\/\\\/www.spkatarzyna.pl\\\/index.php\\\/2026\\\/02\\\/18\\\/zimowa-wyprawa-do-lasu\\\/#webpage\"},\"isPartOf\":{\"@id\":\"https:\\\/\\\/www.spkatarzyna.pl\\\/index.php\\\/2026\\\/02\\\/18\\\/zimowa-wyprawa-do-lasu\\\/#webpage\"},\"articleSection\":\"Uncategorized\"},{\"@type\":\"BreadcrumbList\",\"@id\":\"https:\\\/\\\/www.spkatarzyna.pl\\\/index.php\\\/2026\\\/02\\\/18\\\/zimowa-wyprawa-do-lasu\\\/#breadcrumblist\",\"itemListElement\":[{\"@type\":\"ListItem\",\"@id\":\"https:\\\/\\\/www.spkatarzyna.pl#listItem\",\"position\":1,\"name\":\"Dom\",\"item\":\"https:\\\/\\\/www.spkatarzyna.pl\",\"nextItem\":{\"@type\":\"ListItem\",\"@id\":\"https:\\\/\\\/www.spkatarzyna.pl\\\/index.php\\\/category\\\/uncategorized\\\/#listItem\",\"name\":\"Uncategorized\"}},{\"@type\":\"ListItem\",\"@id\":\"https:\\\/\\\/www.spkatarzyna.pl\\\/index.php\\\/category\\\/uncategorized\\\/#listItem\",\"position\":2,\"name\":\"Uncategorized\",\"item\":\"https:\\\/\\\/www.spkatarzyna.pl\\\/index.php\\\/category\\\/uncategorized\\\/\",\"nextItem\":{\"@type\":\"ListItem\",\"@id\":\"https:\\\/\\\/www.spkatarzyna.pl\\\/index.php\\\/2026\\\/02\\\/18\\\/zimowa-wyprawa-do-lasu\\\/#listItem\",\"name\":\"ZIMOWA WYPRAWA DO LASU\"},\"previousItem\":{\"@type\":\"ListItem\",\"@id\":\"https:\\\/\\\/www.spkatarzyna.pl#listItem\",\"name\":\"Dom\"}},{\"@type\":\"ListItem\",\"@id\":\"https:\\\/\\\/www.spkatarzyna.pl\\\/index.php\\\/2026\\\/02\\\/18\\\/zimowa-wyprawa-do-lasu\\\/#listItem\",\"position\":3,\"name\":\"ZIMOWA WYPRAWA DO LASU\",\"previousItem\":{\"@type\":\"ListItem\",\"@id\":\"https:\\\/\\\/www.spkatarzyna.pl\\\/index.php\\\/category\\\/uncategorized\\\/#listItem\",\"name\":\"Uncategorized\"}}]},{\"@type\":\"Organization\",\"@id\":\"https:\\\/\\\/www.spkatarzyna.pl\\\/#organization\",\"name\":\"SP Katarzyna\",\"description\":\"Publiczna Szko\\u0142a Podstawowa w \\u015awi\\u0119tej Katarzynie\",\"url\":\"https:\\\/\\\/www.spkatarzyna.pl\\\/\",\"telephone\":\"+48713116378\",\"sameAs\":[\"https:\\\/\\\/facebook.com\\\/\",\"https:\\\/\\\/x.com\\\/\",\"https:\\\/\\\/instagram.com\\\/\",\"https:\\\/\\\/pinterest.com\\\/\",\"https:\\\/\\\/youtube.com\\\/\",\"https:\\\/\\\/linkedin.com\\\/in\\\/\"]},{\"@type\":\"Person\",\"@id\":\"https:\\\/\\\/www.spkatarzyna.pl\\\/index.php\\\/author\\\/agatasafianspkatarzyna-pl\\\/#author\",\"url\":\"https:\\\/\\\/www.spkatarzyna.pl\\\/index.php\\\/author\\\/agatasafianspkatarzyna-pl\\\/\",\"name\":\"Redakcja\",\"image\":{\"@type\":\"ImageObject\",\"@id\":\"https:\\\/\\\/www.spkatarzyna.pl\\\/index.php\\\/2026\\\/02\\\/18\\\/zimowa-wyprawa-do-lasu\\\/#authorImage\",\"url\":\"https:\\\/\\\/secure.gravatar.com\\\/avatar\\\/765290513df94d442152250e92b42327?s=96&d=mm&r=g\",\"width\":96,\"height\":96,\"caption\":\"Redakcja\"}},{\"@type\":\"WebPage\",\"@id\":\"https:\\\/\\\/www.spkatarzyna.pl\\\/index.php\\\/2026\\\/02\\\/18\\\/zimowa-wyprawa-do-lasu\\\/#webpage\",\"url\":\"https:\\\/\\\/www.spkatarzyna.pl\\\/index.php\\\/2026\\\/02\\\/18\\\/zimowa-wyprawa-do-lasu\\\/\",\"name\":\"ZIMOWA WYPRAWA DO LASU - SP Katarzyna\",\"description\":\"Klasa 1c wybra\\u0142a si\\u0119 dzi\\u015b do lasu w Siechnicach w ramach projektu Le\\u015bna Banda. Razem z panem le\\u015bnikiem tropili\\u015bmy \\u015blady zwierz\\u0105t na \\u015bniegu. Rozpalili\\u015bmy ognisko i badali\\u015bmy w\\u0142a\\u015bciwo\\u015bci \\u015bniegu, podgrzewaj\\u0105c go w kocio\\u0142ku. Zbudowali\\u015bmy r\\u00f3wnie\\u017c wsp\\u00f3lny sza\\u0142as, po czym przysz\\u0142a pora na zimowe szale\\u0144stwa \\u2013 turlali\\u015bmy si\\u0119 z g\\u00f3rki, niczym \\u015bnie\\u017cne kulki. To by\\u0142 dzie\\u0144\",\"inLanguage\":\"pl-PL\",\"isPartOf\":{\"@id\":\"https:\\\/\\\/www.spkatarzyna.pl\\\/#website\"},\"breadcrumb\":{\"@id\":\"https:\\\/\\\/www.spkatarzyna.pl\\\/index.php\\\/2026\\\/02\\\/18\\\/zimowa-wyprawa-do-lasu\\\/#breadcrumblist\"},\"author\":{\"@id\":\"https:\\\/\\\/www.spkatarzyna.pl\\\/index.php\\\/author\\\/agatasafianspkatarzyna-pl\\\/#author\"},\"creator\":{\"@id\":\"https:\\\/\\\/www.spkatarzyna.pl\\\/index.php\\\/author\\\/agatasafianspkatarzyna-pl\\\/#author\"},\"image\":{\"@type\":\"ImageObject\",\"url\":\"https:\\\/\\\/www.spkatarzyna.pl\\\/wp-content\\\/uploads\\\/2026\\\/02\\\/IMG_20260218_104428-2.jpg\",\"@id\":\"https:\\\/\\\/www.spkatarzyna.pl\\\/index.php\\\/2026\\\/02\\\/18\\\/zimowa-wyprawa-do-lasu\\\/#mainImage\",\"width\":360,\"height\":202},\"primaryImageOfPage\":{\"@id\":\"https:\\\/\\\/www.spkatarzyna.pl\\\/index.php\\\/2026\\\/02\\\/18\\\/zimowa-wyprawa-do-lasu\\\/#mainImage\"},\"datePublished\":\"2026-02-18T18:20:15+01:00\",\"dateModified\":\"2026-02-18T18:25:31+01:00\"},{\"@type\":\"WebSite\",\"@id\":\"https:\\\/\\\/www.spkatarzyna.pl\\\/#website\",\"url\":\"https:\\\/\\\/www.spkatarzyna.pl\\\/\",\"name\":\"SP Katarzyna\",\"description\":\"Publiczna Szko\\u0142a Podstawowa w \\u015awi\\u0119tej Katarzynie\",\"inLanguage\":\"pl-PL\",\"publisher\":{\"@id\":\"https:\\\/\\\/www.spkatarzyna.pl\\\/#organization\"}}]}\n\t\t<\/script>\n\t\t<!-- All in One SEO -->\n\n","aioseo_head_json":{"title":"ZIMOWA WYPRAWA DO LASU - SP Katarzyna","description":"Klasa 1c wybra\u0142a si\u0119 dzi\u015b do lasu w Siechnicach w ramach projektu Le\u015bna Banda. Razem z panem le\u015bnikiem tropili\u015bmy \u015blady zwierz\u0105t na \u015bniegu. Rozpalili\u015bmy ognisko i badali\u015bmy w\u0142a\u015bciwo\u015bci \u015bniegu, podgrzewaj\u0105c go w kocio\u0142ku. Zbudowali\u015bmy r\u00f3wnie\u017c wsp\u00f3lny sza\u0142as, po czym przysz\u0142a pora na zimowe szale\u0144stwa \u2013 turlali\u015bmy si\u0119 z g\u00f3rki, niczym \u015bnie\u017cne kulki. To by\u0142 dzie\u0144","canonical_url":"https:\/\/www.spkatarzyna.pl\/index.php\/2026\/02\/18\/zimowa-wyprawa-do-lasu\/","robots":"max-image-preview:large","keywords":"","webmasterTools":{"miscellaneous":""},"schema":{"@context":"https:\/\/schema.org","@graph":[{"@type":"BlogPosting","@id":"https:\/\/www.spkatarzyna.pl\/index.php\/2026\/02\/18\/zimowa-wyprawa-do-lasu\/#blogposting","name":"ZIMOWA WYPRAWA DO LASU - SP Katarzyna","headline":"ZIMOWA WYPRAWA DO LASU","author":{"@id":"https:\/\/www.spkatarzyna.pl\/index.php\/author\/agatasafianspkatarzyna-pl\/#author"},"publisher":{"@id":"https:\/\/www.spkatarzyna.pl\/#organization"},"image":{"@type":"ImageObject","url":"https:\/\/www.spkatarzyna.pl\/wp-content\/uploads\/2026\/02\/IMG_20260218_104428-2.jpg","width":360,"height":202},"datePublished":"2026-02-18T18:20:15+01:00","dateModified":"2026-02-18T18:25:31+01:00","inLanguage":"pl-PL","mainEntityOfPage":{"@id":"https:\/\/www.spkatarzyna.pl\/index.php\/2026\/02\/18\/zimowa-wyprawa-do-lasu\/#webpage"},"isPartOf":{"@id":"https:\/\/www.spkatarzyna.pl\/index.php\/2026\/02\/18\/zimowa-wyprawa-do-lasu\/#webpage"},"articleSection":"Uncategorized"},{"@type":"BreadcrumbList","@id":"https:\/\/www.spkatarzyna.pl\/index.php\/2026\/02\/18\/zimowa-wyprawa-do-lasu\/#breadcrumblist","itemListElement":[{"@type":"ListItem","@id":"https:\/\/www.spkatarzyna.pl#listItem","position":1,"name":"Dom","item":"https:\/\/www.spkatarzyna.pl","nextItem":{"@type":"ListItem","@id":"https:\/\/www.spkatarzyna.pl\/index.php\/category\/uncategorized\/#listItem","name":"Uncategorized"}},{"@type":"ListItem","@id":"https:\/\/www.spkatarzyna.pl\/index.php\/category\/uncategorized\/#listItem","position":2,"name":"Uncategorized","item":"https:\/\/www.spkatarzyna.pl\/index.php\/category\/uncategorized\/","nextItem":{"@type":"ListItem","@id":"https:\/\/www.spkatarzyna.pl\/index.php\/2026\/02\/18\/zimowa-wyprawa-do-lasu\/#listItem","name":"ZIMOWA WYPRAWA DO LASU"},"previousItem":{"@type":"ListItem","@id":"https:\/\/www.spkatarzyna.pl#listItem","name":"Dom"}},{"@type":"ListItem","@id":"https:\/\/www.spkatarzyna.pl\/index.php\/2026\/02\/18\/zimowa-wyprawa-do-lasu\/#listItem","position":3,"name":"ZIMOWA WYPRAWA DO LASU","previousItem":{"@type":"ListItem","@id":"https:\/\/www.spkatarzyna.pl\/index.php\/category\/uncategorized\/#listItem","name":"Uncategorized"}}]},{"@type":"Organization","@id":"https:\/\/www.spkatarzyna.pl\/#organization","name":"SP Katarzyna","description":"Publiczna Szko\u0142a Podstawowa w \u015awi\u0119tej Katarzynie","url":"https:\/\/www.spkatarzyna.pl\/","telephone":"+48713116378","sameAs":["https:\/\/facebook.com\/","https:\/\/x.com\/","https:\/\/instagram.com\/","https:\/\/pinterest.com\/","https:\/\/youtube.com\/","https:\/\/linkedin.com\/in\/"]},{"@type":"Person","@id":"https:\/\/www.spkatarzyna.pl\/index.php\/author\/agatasafianspkatarzyna-pl\/#author","url":"https:\/\/www.spkatarzyna.pl\/index.php\/author\/agatasafianspkatarzyna-pl\/","name":"Redakcja","image":{"@type":"ImageObject","@id":"https:\/\/www.spkatarzyna.pl\/index.php\/2026\/02\/18\/zimowa-wyprawa-do-lasu\/#authorImage","url":"https:\/\/secure.gravatar.com\/avatar\/765290513df94d442152250e92b42327?s=96&d=mm&r=g","width":96,"height":96,"caption":"Redakcja"}},{"@type":"WebPage","@id":"https:\/\/www.spkatarzyna.pl\/index.php\/2026\/02\/18\/zimowa-wyprawa-do-lasu\/#webpage","url":"https:\/\/www.spkatarzyna.pl\/index.php\/2026\/02\/18\/zimowa-wyprawa-do-lasu\/","name":"ZIMOWA WYPRAWA DO LASU - SP Katarzyna","description":"Klasa 1c wybra\u0142a si\u0119 dzi\u015b do lasu w Siechnicach w ramach projektu Le\u015bna Banda. Razem z panem le\u015bnikiem tropili\u015bmy \u015blady zwierz\u0105t na \u015bniegu. Rozpalili\u015bmy ognisko i badali\u015bmy w\u0142a\u015bciwo\u015bci \u015bniegu, podgrzewaj\u0105c go w kocio\u0142ku. Zbudowali\u015bmy r\u00f3wnie\u017c wsp\u00f3lny sza\u0142as, po czym przysz\u0142a pora na zimowe szale\u0144stwa \u2013 turlali\u015bmy si\u0119 z g\u00f3rki, niczym \u015bnie\u017cne kulki. To by\u0142 dzie\u0144","inLanguage":"pl-PL","isPartOf":{"@id":"https:\/\/www.spkatarzyna.pl\/#website"},"breadcrumb":{"@id":"https:\/\/www.spkatarzyna.pl\/index.php\/2026\/02\/18\/zimowa-wyprawa-do-lasu\/#breadcrumblist"},"author":{"@id":"https:\/\/www.spkatarzyna.pl\/index.php\/author\/agatasafianspkatarzyna-pl\/#author"},"creator":{"@id":"https:\/\/www.spkatarzyna.pl\/index.php\/author\/agatasafianspkatarzyna-pl\/#author"},"image":{"@type":"ImageObject","url":"https:\/\/www.spkatarzyna.pl\/wp-content\/uploads\/2026\/02\/IMG_20260218_104428-2.jpg","@id":"https:\/\/www.spkatarzyna.pl\/index.php\/2026\/02\/18\/zimowa-wyprawa-do-lasu\/#mainImage","width":360,"height":202},"primaryImageOfPage":{"@id":"https:\/\/www.spkatarzyna.pl\/index.php\/2026\/02\/18\/zimowa-wyprawa-do-lasu\/#mainImage"},"datePublished":"2026-02-18T18:20:15+01:00","dateModified":"2026-02-18T18:25:31+01:00"},{"@type":"WebSite","@id":"https:\/\/www.spkatarzyna.pl\/#website","url":"https:\/\/www.spkatarzyna.pl\/","name":"SP Katarzyna","description":"Publiczna Szko\u0142a Podstawowa w \u015awi\u0119tej Katarzynie","inLanguage":"pl-PL","publisher":{"@id":"https:\/\/www.spkatarzyna.pl\/#organization"}}]},"og:locale":"pl_PL","og:site_name":"SP Katarzyna - Publiczna Szko\u0142a Podstawowa w \u015awi\u0119tej Katarzynie","og:type":"article","og:title":"ZIMOWA WYPRAWA DO LASU - SP Katarzyna","og:description":"Klasa 1c wybra\u0142a si\u0119 dzi\u015b do lasu w Siechnicach w ramach projektu Le\u015bna Banda. Razem z panem le\u015bnikiem tropili\u015bmy \u015blady zwierz\u0105t na \u015bniegu. Rozpalili\u015bmy ognisko i badali\u015bmy w\u0142a\u015bciwo\u015bci \u015bniegu, podgrzewaj\u0105c go w kocio\u0142ku. Zbudowali\u015bmy r\u00f3wnie\u017c wsp\u00f3lny sza\u0142as, po czym przysz\u0142a pora na zimowe szale\u0144stwa \u2013 turlali\u015bmy si\u0119 z g\u00f3rki, niczym \u015bnie\u017cne kulki. To by\u0142 dzie\u0144","og:url":"https:\/\/www.spkatarzyna.pl\/index.php\/2026\/02\/18\/zimowa-wyprawa-do-lasu\/","article:published_time":"2026-02-18T18:20:15+00:00","article:modified_time":"2026-02-18T18:25:31+00:00","twitter:card":"summary_large_image","twitter:title":"ZIMOWA WYPRAWA DO LASU - SP Katarzyna","twitter:description":"Klasa 1c wybra\u0142a si\u0119 dzi\u015b do lasu w Siechnicach w ramach projektu Le\u015bna Banda. Razem z panem le\u015bnikiem tropili\u015bmy \u015blady zwierz\u0105t na \u015bniegu. Rozpalili\u015bmy ognisko i badali\u015bmy w\u0142a\u015bciwo\u015bci \u015bniegu, podgrzewaj\u0105c go w kocio\u0142ku. Zbudowali\u015bmy r\u00f3wnie\u017c wsp\u00f3lny sza\u0142as, po czym przysz\u0142a pora na zimowe szale\u0144stwa \u2013 turlali\u015bmy si\u0119 z g\u00f3rki, niczym \u015bnie\u017cne kulki. To by\u0142 dzie\u0144"},"aioseo_meta_data":{"post_id":"18464","title":null,"description":null,"keywords":null,"keyphrases":{"focus":{"keyphrase":"","score":0,"analysis":{"keyphraseInTitle":{"score":0,"maxScore":9,"error":1}}},"additional":[]},"primary_term":null,"canonical_url":null,"og_title":null,"og_description":null,"og_object_type":"default","og_image_type":"default","og_image_url":null,"og_image_width":null,"og_image_height":null,"og_image_custom_url":null,"og_image_custom_fields":null,"og_video":"","og_custom_url":null,"og_article_section":null,"og_article_tags":null,"twitter_use_og":false,"twitter_card":"default","twitter_image_type":"default","twitter_image_url":null,"twitter_image_custom_url":null,"twitter_image_custom_fields":null,"twitter_title":null,"twitter_description":null,"schema":{"blockGraphs":[],"customGraphs":[],"default":{"data":{"Article":[],"Course":[],"Dataset":[],"FAQPage":[],"Movie":[],"Person":[],"Product":[],"ProductReview":[],"Car":[],"Recipe":[],"Service":[],"SoftwareApplication":[],"WebPage":[]},"graphName":"BlogPosting","isEnabled":true},"graphs":[]},"schema_type":"default","schema_type_options":null,"pillar_content":false,"robots_default":true,"robots_noindex":false,"robots_noarchive":false,"robots_nosnippet":false,"robots_nofollow":false,"robots_noimageindex":false,"robots_noodp":false,"robots_notranslate":false,"robots_max_snippet":"-1","robots_max_videopreview":"-1","robots_max_imagepreview":"large","priority":null,"frequency":"default","local_seo":null,"limit_modified_date":false,"created":"2026-02-18 18:20:15","updated":"2026-09-03 17:40:06","focus_keyword":null,"additional_keywords":null,"truseo_locale":null,"ai":null,"breadcrumb_settings":null,"seo_analyzer_scan_date":null},"aioseo_breadcrumb":"<div class=\"aioseo-breadcrumbs\"><span class=\"aioseo-breadcrumb\">\n\t\t\t<a href=\"https:\/\/www.spkatarzyna.pl\" title=\"Dom\">Dom<\/a>\n\t\t<\/span><span class=\"aioseo-breadcrumb-separator\">&raquo;<\/span><span class=\"aioseo-breadcrumb\">\n\t\t\t<a href=\"https:\/\/www.spkatarzyna.pl\/index.php\/category\/uncategorized\/\" title=\"Uncategorized\">Uncategorized<\/a>\n\t\t<\/span><span class=\"aioseo-breadcrumb-separator\">&raquo;<\/span><span class=\"aioseo-breadcrumb\">\n\t\t\tZIMOWA WYPRAWA DO LASU\n\t\t<\/span><\/div>","aioseo_breadcrumb_json":[{"label":"Dom","link":"https:\/\/www.spkatarzyna.pl"},{"label":"Uncategorized","link":"https:\/\/www.spkatarzyna.pl\/index.php\/category\/uncategorized\/"},{"label":"ZIMOWA WYPRAWA DO LASU","link":"https:\/\/www.spkatarzyna.pl\/index.php\/2026\/02\/18\/zimowa-wyprawa-do-lasu\/"}],"_links":{"self":[{"href":"https:\/\/www.spkatarzyna.pl\/index.php\/wp-json\/wp\/v2\/posts\/18464","targetHints":{"allow":["GET"]}}],"collection":[{"href":"https:\/\/www.spkatarzyna.pl\/index.php\/wp-json\/wp\/v2\/posts"}],"about":[{"href":"https:\/\/www.spkatarzyna.pl\/index.php\/wp-json\/wp\/v2\/types\/post"}],"author":[{"embeddable":true,"href":"https:\/\/www.spkatarzyna.pl\/index.php\/wp-json\/wp\/v2\/users\/6"}],"replies":[{"embeddable":true,"href":"https:\/\/www.spkatarzyna.pl\/index.php\/wp-json\/wp\/v2\/comments?post=18464"}],"version-history":[{"count":4,"href":"https:\/\/www.spkatarzyna.pl\/index.php\/wp-json\/wp\/v2\/posts\/18464\/revisions"}],"predecessor-version":[{"id":18486,"href":"https:\/\/www.spkatarzyna.pl\/index.php\/wp-json\/wp\/v2\/posts\/18464\/revisions\/18486"}],"wp:featuredmedia":[{"embeddable":true,"href":"https:\/\/www.spkatarzyna.pl\/index.php\/wp-json\/wp\/v2\/media\/18465"}],"wp:attachment":[{"href":"https:\/\/www.spkatarzyna.pl\/index.php\/wp-json\/wp\/v2\/media?parent=18464"}],"wp:term":[{"taxonomy":"category","embeddable":true,"href":"https:\/\/www.spkatarzyna.pl\/index.php\/wp-json\/wp\/v2\/categories?post=18464"},{"taxonomy":"post_tag","embeddable":true,"href":"https:\/\/www.spkatarzyna.pl\/index.php\/wp-json\/wp\/v2\/tags?post=18464"}],"curies":[{"name":"wp","href":"https:\/\/api.w.org\/{rel}","templated":true}]}}