{"id":18509,"date":"2026-06-05T14:38:10","date_gmt":"2026-06-05T12:38:10","guid":{"rendered":"https:\/\/www.spkatarzyna.pl\/?p=18509"},"modified":"2026-03-09T14:50:05","modified_gmt":"2026-03-09T14:50:05","slug":"rekrutacji-na-rok-szkolny-2026-2027","status":"publish","type":"post","link":"https:\/\/www.spkatarzyna.pl\/index.php\/2026\/06\/05\/rekrutacji-na-rok-szkolny-2026-2027\/","title":{"rendered":"Lista dzieci przyj\u0119tych do klasy I"},"content":{"rendered":"<div style=\"text-align: left;\">\n<table id=\"table_2\" class=\"sekcja-paneli\" style=\"width: 78.323542%;\" role=\"presentation\">\n<tbody>\n<tr>\n<td id=\"PAN_1\" class=\"panel\" style=\"width: 100%;\">\n<div id=\"content\">\n<div class=\"messages\">&nbsp;<\/div>\n<article class=\"\">\n<header>\n<ul>\n<li id=\"avWBGd-333\" class=\"hP\" tabindex=\"-1\" data-thread-perm-id=\"thread-f:1865250855352182577|msg-f:1865250855352182577\" data-legacy-thread-id=\"19e2b3c53a42a731\"><span style=\"font-size: 14pt;\"><a href=\"https:\/\/www.spkatarzyna.pl\/wp-content\/uploads\/2026\/05\/RS080c-Lista-wszystkich-dzieci-przyjA\u2122tych-do-opublikowania-1.pdf\">Lista dzieci przyj\u0119tych do klasy I na rok szkolny 2026\/2027<\/a> <span id=\"avWBGd-334\"><\/span><\/span><\/li>\n<\/ul>\n<\/header>\n<\/article>\n<\/div>\n<\/td>\n<\/tr>\n<\/tbody>\n<\/table>\n<\/div>\n<div style=\"text-align: left;\">&nbsp;<\/div>\n<div style=\"text-align: left;\">&nbsp;<\/div>\n","protected":false},"excerpt":{"rendered":"<p>&nbsp; Lista dzieci przyj\u0119tych do klasy I na rok szkolny 2026\/2027 &nbsp; &nbsp;<\/p>\n","protected":false},"author":6,"featured_media":19831,"comment_status":"open","ping_status":"open","sticky":true,"template":"","format":"standard","meta":{"om_disable_all_campaigns":false,"_monsterinsights_skip_tracking":false,"ngg_post_thumbnail":0,"footnotes":""},"categories":[1],"tags":[],"class_list":["post-18509","post","type-post","status-publish","format-standard","has-post-thumbnail","hentry","category-uncategorized"],"aioseo_notices":[],"aioseo_head":"\n\t\t<!-- All in One SEO 5.0.1.1 - aioseo.com -->\n\t<meta name=\"description\" content=\"Lista dzieci przyj\u0119tych do klasy I na rok szkolny 2026\/2027\" \/>\n\t<meta name=\"robots\" content=\"max-image-preview:large\" \/>\n\t<meta name=\"author\" content=\"Redakcja\"\/>\n\t<link rel=\"canonical\" href=\"https:\/\/www.spkatarzyna.pl\/index.php\/2026\/06\/05\/rekrutacji-na-rok-szkolny-2026-2027\/\" \/>\n\t<meta name=\"generator\" content=\"All in One SEO (AIOSEO) 5.0.1.1\" \/>\n\t\t<meta property=\"og:locale\" content=\"pl_PL\" \/>\n\t\t<meta property=\"og:site_name\" content=\"SP Katarzyna - Publiczna Szko\u0142a Podstawowa w \u015awi\u0119tej Katarzynie\" \/>\n\t\t<meta property=\"og:type\" content=\"article\" \/>\n\t\t<meta property=\"og:title\" content=\"Lista dzieci przyj\u0119tych do klasy I - SP Katarzyna\" \/>\n\t\t<meta property=\"og:description\" content=\"Lista dzieci przyj\u0119tych do klasy I na rok szkolny 2026\/2027\" \/>\n\t\t<meta property=\"og:url\" content=\"https:\/\/www.spkatarzyna.pl\/index.php\/2026\/06\/05\/rekrutacji-na-rok-szkolny-2026-2027\/\" \/>\n\t\t<meta property=\"article:published_time\" content=\"2026-06-05T12:38:10+00:00\" \/>\n\t\t<meta property=\"article:modified_time\" content=\"2026-03-09T14:50:05+00:00\" \/>\n\t\t<meta name=\"twitter:card\" content=\"summary_large_image\" \/>\n\t\t<meta name=\"twitter:title\" content=\"Lista dzieci przyj\u0119tych do klasy I - SP Katarzyna\" \/>\n\t\t<meta name=\"twitter:description\" content=\"Lista dzieci przyj\u0119tych do klasy I na rok szkolny 2026\/2027\" \/>\n\t\t<script type=\"application\/ld+json\" class=\"aioseo-schema\">\n\t\t\t{\"@context\":\"https:\\\/\\\/schema.org\",\"@graph\":[{\"@type\":\"BlogPosting\",\"@id\":\"https:\\\/\\\/www.spkatarzyna.pl\\\/index.php\\\/2026\\\/06\\\/05\\\/rekrutacji-na-rok-szkolny-2026-2027\\\/#blogposting\",\"name\":\"Lista dzieci przyj\\u0119tych do klasy I - SP Katarzyna\",\"headline\":\"Lista dzieci przyj\\u0119tych do klasy I\",\"author\":{\"@id\":\"https:\\\/\\\/www.spkatarzyna.pl\\\/index.php\\\/author\\\/agatasafianspkatarzyna-pl\\\/#author\"},\"publisher\":{\"@id\":\"https:\\\/\\\/www.spkatarzyna.pl\\\/#organization\"},\"image\":{\"@type\":\"ImageObject\",\"url\":\"https:\\\/\\\/www.spkatarzyna.pl\\\/wp-content\\\/uploads\\\/2026\\\/05\\\/Blue-And-White-Illustrative-Back-4.jpg\",\"width\":360,\"height\":202},\"datePublished\":\"2026-06-05T14:38:10+02:00\",\"dateModified\":\"2026-03-09T14:50:05+01:00\",\"inLanguage\":\"pl-PL\",\"mainEntityOfPage\":{\"@id\":\"https:\\\/\\\/www.spkatarzyna.pl\\\/index.php\\\/2026\\\/06\\\/05\\\/rekrutacji-na-rok-szkolny-2026-2027\\\/#webpage\"},\"isPartOf\":{\"@id\":\"https:\\\/\\\/www.spkatarzyna.pl\\\/index.php\\\/2026\\\/06\\\/05\\\/rekrutacji-na-rok-szkolny-2026-2027\\\/#webpage\"},\"articleSection\":\"Uncategorized\"},{\"@type\":\"BreadcrumbList\",\"@id\":\"https:\\\/\\\/www.spkatarzyna.pl\\\/index.php\\\/2026\\\/06\\\/05\\\/rekrutacji-na-rok-szkolny-2026-2027\\\/#breadcrumblist\",\"itemListElement\":[{\"@type\":\"ListItem\",\"@id\":\"https:\\\/\\\/www.spkatarzyna.pl#listItem\",\"position\":1,\"name\":\"Dom\",\"item\":\"https:\\\/\\\/www.spkatarzyna.pl\",\"nextItem\":{\"@type\":\"ListItem\",\"@id\":\"https:\\\/\\\/www.spkatarzyna.pl\\\/index.php\\\/category\\\/uncategorized\\\/#listItem\",\"name\":\"Uncategorized\"}},{\"@type\":\"ListItem\",\"@id\":\"https:\\\/\\\/www.spkatarzyna.pl\\\/index.php\\\/category\\\/uncategorized\\\/#listItem\",\"position\":2,\"name\":\"Uncategorized\",\"item\":\"https:\\\/\\\/www.spkatarzyna.pl\\\/index.php\\\/category\\\/uncategorized\\\/\",\"nextItem\":{\"@type\":\"ListItem\",\"@id\":\"https:\\\/\\\/www.spkatarzyna.pl\\\/index.php\\\/2026\\\/06\\\/05\\\/rekrutacji-na-rok-szkolny-2026-2027\\\/#listItem\",\"name\":\"Lista dzieci przyj\\u0119tych do klasy I\"},\"previousItem\":{\"@type\":\"ListItem\",\"@id\":\"https:\\\/\\\/www.spkatarzyna.pl#listItem\",\"name\":\"Dom\"}},{\"@type\":\"ListItem\",\"@id\":\"https:\\\/\\\/www.spkatarzyna.pl\\\/index.php\\\/2026\\\/06\\\/05\\\/rekrutacji-na-rok-szkolny-2026-2027\\\/#listItem\",\"position\":3,\"name\":\"Lista dzieci przyj\\u0119tych do klasy I\",\"previousItem\":{\"@type\":\"ListItem\",\"@id\":\"https:\\\/\\\/www.spkatarzyna.pl\\\/index.php\\\/category\\\/uncategorized\\\/#listItem\",\"name\":\"Uncategorized\"}}]},{\"@type\":\"Organization\",\"@id\":\"https:\\\/\\\/www.spkatarzyna.pl\\\/#organization\",\"name\":\"SP Katarzyna\",\"description\":\"Publiczna Szko\\u0142a Podstawowa w \\u015awi\\u0119tej Katarzynie\",\"url\":\"https:\\\/\\\/www.spkatarzyna.pl\\\/\",\"telephone\":\"+48713116378\",\"sameAs\":[\"https:\\\/\\\/facebook.com\\\/\",\"https:\\\/\\\/x.com\\\/\",\"https:\\\/\\\/instagram.com\\\/\",\"https:\\\/\\\/pinterest.com\\\/\",\"https:\\\/\\\/youtube.com\\\/\",\"https:\\\/\\\/linkedin.com\\\/in\\\/\"]},{\"@type\":\"Person\",\"@id\":\"https:\\\/\\\/www.spkatarzyna.pl\\\/index.php\\\/author\\\/agatasafianspkatarzyna-pl\\\/#author\",\"url\":\"https:\\\/\\\/www.spkatarzyna.pl\\\/index.php\\\/author\\\/agatasafianspkatarzyna-pl\\\/\",\"name\":\"Redakcja\",\"image\":{\"@type\":\"ImageObject\",\"@id\":\"https:\\\/\\\/www.spkatarzyna.pl\\\/index.php\\\/2026\\\/06\\\/05\\\/rekrutacji-na-rok-szkolny-2026-2027\\\/#authorImage\",\"url\":\"https:\\\/\\\/secure.gravatar.com\\\/avatar\\\/765290513df94d442152250e92b42327?s=96&d=mm&r=g\",\"width\":96,\"height\":96,\"caption\":\"Redakcja\"}},{\"@type\":\"WebPage\",\"@id\":\"https:\\\/\\\/www.spkatarzyna.pl\\\/index.php\\\/2026\\\/06\\\/05\\\/rekrutacji-na-rok-szkolny-2026-2027\\\/#webpage\",\"url\":\"https:\\\/\\\/www.spkatarzyna.pl\\\/index.php\\\/2026\\\/06\\\/05\\\/rekrutacji-na-rok-szkolny-2026-2027\\\/\",\"name\":\"Lista dzieci przyj\\u0119tych do klasy I - SP Katarzyna\",\"description\":\"Lista dzieci przyj\\u0119tych do klasy I na rok szkolny 2026\\\/2027\",\"inLanguage\":\"pl-PL\",\"isPartOf\":{\"@id\":\"https:\\\/\\\/www.spkatarzyna.pl\\\/#website\"},\"breadcrumb\":{\"@id\":\"https:\\\/\\\/www.spkatarzyna.pl\\\/index.php\\\/2026\\\/06\\\/05\\\/rekrutacji-na-rok-szkolny-2026-2027\\\/#breadcrumblist\"},\"author\":{\"@id\":\"https:\\\/\\\/www.spkatarzyna.pl\\\/index.php\\\/author\\\/agatasafianspkatarzyna-pl\\\/#author\"},\"creator\":{\"@id\":\"https:\\\/\\\/www.spkatarzyna.pl\\\/index.php\\\/author\\\/agatasafianspkatarzyna-pl\\\/#author\"},\"image\":{\"@type\":\"ImageObject\",\"url\":\"https:\\\/\\\/www.spkatarzyna.pl\\\/wp-content\\\/uploads\\\/2026\\\/05\\\/Blue-And-White-Illustrative-Back-4.jpg\",\"@id\":\"https:\\\/\\\/www.spkatarzyna.pl\\\/index.php\\\/2026\\\/06\\\/05\\\/rekrutacji-na-rok-szkolny-2026-2027\\\/#mainImage\",\"width\":360,\"height\":202},\"primaryImageOfPage\":{\"@id\":\"https:\\\/\\\/www.spkatarzyna.pl\\\/index.php\\\/2026\\\/06\\\/05\\\/rekrutacji-na-rok-szkolny-2026-2027\\\/#mainImage\"},\"datePublished\":\"2026-06-05T14:38:10+02:00\",\"dateModified\":\"2026-03-09T14:50:05+01:00\"},{\"@type\":\"WebSite\",\"@id\":\"https:\\\/\\\/www.spkatarzyna.pl\\\/#website\",\"url\":\"https:\\\/\\\/www.spkatarzyna.pl\\\/\",\"name\":\"SP Katarzyna\",\"description\":\"Publiczna Szko\\u0142a Podstawowa w \\u015awi\\u0119tej Katarzynie\",\"inLanguage\":\"pl-PL\",\"publisher\":{\"@id\":\"https:\\\/\\\/www.spkatarzyna.pl\\\/#organization\"}}]}\n\t\t<\/script>\n\t\t<!-- All in One SEO -->\n\n","aioseo_head_json":{"title":"Lista dzieci przyj\u0119tych do klasy I - SP Katarzyna","description":"Lista dzieci przyj\u0119tych do klasy I na rok szkolny 2026\/2027","canonical_url":"https:\/\/www.spkatarzyna.pl\/index.php\/2026\/06\/05\/rekrutacji-na-rok-szkolny-2026-2027\/","robots":"max-image-preview:large","keywords":"","webmasterTools":{"miscellaneous":""},"schema":{"@context":"https:\/\/schema.org","@graph":[{"@type":"BlogPosting","@id":"https:\/\/www.spkatarzyna.pl\/index.php\/2026\/06\/05\/rekrutacji-na-rok-szkolny-2026-2027\/#blogposting","name":"Lista dzieci przyj\u0119tych do klasy I - SP Katarzyna","headline":"Lista dzieci przyj\u0119tych do klasy I","author":{"@id":"https:\/\/www.spkatarzyna.pl\/index.php\/author\/agatasafianspkatarzyna-pl\/#author"},"publisher":{"@id":"https:\/\/www.spkatarzyna.pl\/#organization"},"image":{"@type":"ImageObject","url":"https:\/\/www.spkatarzyna.pl\/wp-content\/uploads\/2026\/05\/Blue-And-White-Illustrative-Back-4.jpg","width":360,"height":202},"datePublished":"2026-06-05T14:38:10+02:00","dateModified":"2026-03-09T14:50:05+01:00","inLanguage":"pl-PL","mainEntityOfPage":{"@id":"https:\/\/www.spkatarzyna.pl\/index.php\/2026\/06\/05\/rekrutacji-na-rok-szkolny-2026-2027\/#webpage"},"isPartOf":{"@id":"https:\/\/www.spkatarzyna.pl\/index.php\/2026\/06\/05\/rekrutacji-na-rok-szkolny-2026-2027\/#webpage"},"articleSection":"Uncategorized"},{"@type":"BreadcrumbList","@id":"https:\/\/www.spkatarzyna.pl\/index.php\/2026\/06\/05\/rekrutacji-na-rok-szkolny-2026-2027\/#breadcrumblist","itemListElement":[{"@type":"ListItem","@id":"https:\/\/www.spkatarzyna.pl#listItem","position":1,"name":"Dom","item":"https:\/\/www.spkatarzyna.pl","nextItem":{"@type":"ListItem","@id":"https:\/\/www.spkatarzyna.pl\/index.php\/category\/uncategorized\/#listItem","name":"Uncategorized"}},{"@type":"ListItem","@id":"https:\/\/www.spkatarzyna.pl\/index.php\/category\/uncategorized\/#listItem","position":2,"name":"Uncategorized","item":"https:\/\/www.spkatarzyna.pl\/index.php\/category\/uncategorized\/","nextItem":{"@type":"ListItem","@id":"https:\/\/www.spkatarzyna.pl\/index.php\/2026\/06\/05\/rekrutacji-na-rok-szkolny-2026-2027\/#listItem","name":"Lista dzieci przyj\u0119tych do klasy I"},"previousItem":{"@type":"ListItem","@id":"https:\/\/www.spkatarzyna.pl#listItem","name":"Dom"}},{"@type":"ListItem","@id":"https:\/\/www.spkatarzyna.pl\/index.php\/2026\/06\/05\/rekrutacji-na-rok-szkolny-2026-2027\/#listItem","position":3,"name":"Lista dzieci przyj\u0119tych do klasy I","previousItem":{"@type":"ListItem","@id":"https:\/\/www.spkatarzyna.pl\/index.php\/category\/uncategorized\/#listItem","name":"Uncategorized"}}]},{"@type":"Organization","@id":"https:\/\/www.spkatarzyna.pl\/#organization","name":"SP Katarzyna","description":"Publiczna Szko\u0142a Podstawowa w \u015awi\u0119tej Katarzynie","url":"https:\/\/www.spkatarzyna.pl\/","telephone":"+48713116378","sameAs":["https:\/\/facebook.com\/","https:\/\/x.com\/","https:\/\/instagram.com\/","https:\/\/pinterest.com\/","https:\/\/youtube.com\/","https:\/\/linkedin.com\/in\/"]},{"@type":"Person","@id":"https:\/\/www.spkatarzyna.pl\/index.php\/author\/agatasafianspkatarzyna-pl\/#author","url":"https:\/\/www.spkatarzyna.pl\/index.php\/author\/agatasafianspkatarzyna-pl\/","name":"Redakcja","image":{"@type":"ImageObject","@id":"https:\/\/www.spkatarzyna.pl\/index.php\/2026\/06\/05\/rekrutacji-na-rok-szkolny-2026-2027\/#authorImage","url":"https:\/\/secure.gravatar.com\/avatar\/765290513df94d442152250e92b42327?s=96&d=mm&r=g","width":96,"height":96,"caption":"Redakcja"}},{"@type":"WebPage","@id":"https:\/\/www.spkatarzyna.pl\/index.php\/2026\/06\/05\/rekrutacji-na-rok-szkolny-2026-2027\/#webpage","url":"https:\/\/www.spkatarzyna.pl\/index.php\/2026\/06\/05\/rekrutacji-na-rok-szkolny-2026-2027\/","name":"Lista dzieci przyj\u0119tych do klasy I - SP Katarzyna","description":"Lista dzieci przyj\u0119tych do klasy I na rok szkolny 2026\/2027","inLanguage":"pl-PL","isPartOf":{"@id":"https:\/\/www.spkatarzyna.pl\/#website"},"breadcrumb":{"@id":"https:\/\/www.spkatarzyna.pl\/index.php\/2026\/06\/05\/rekrutacji-na-rok-szkolny-2026-2027\/#breadcrumblist"},"author":{"@id":"https:\/\/www.spkatarzyna.pl\/index.php\/author\/agatasafianspkatarzyna-pl\/#author"},"creator":{"@id":"https:\/\/www.spkatarzyna.pl\/index.php\/author\/agatasafianspkatarzyna-pl\/#author"},"image":{"@type":"ImageObject","url":"https:\/\/www.spkatarzyna.pl\/wp-content\/uploads\/2026\/05\/Blue-And-White-Illustrative-Back-4.jpg","@id":"https:\/\/www.spkatarzyna.pl\/index.php\/2026\/06\/05\/rekrutacji-na-rok-szkolny-2026-2027\/#mainImage","width":360,"height":202},"primaryImageOfPage":{"@id":"https:\/\/www.spkatarzyna.pl\/index.php\/2026\/06\/05\/rekrutacji-na-rok-szkolny-2026-2027\/#mainImage"},"datePublished":"2026-06-05T14:38:10+02:00","dateModified":"2026-03-09T14:50:05+01:00"},{"@type":"WebSite","@id":"https:\/\/www.spkatarzyna.pl\/#website","url":"https:\/\/www.spkatarzyna.pl\/","name":"SP Katarzyna","description":"Publiczna Szko\u0142a Podstawowa w \u015awi\u0119tej Katarzynie","inLanguage":"pl-PL","publisher":{"@id":"https:\/\/www.spkatarzyna.pl\/#organization"}}]},"og:locale":"pl_PL","og:site_name":"SP Katarzyna - Publiczna Szko\u0142a Podstawowa w \u015awi\u0119tej Katarzynie","og:type":"article","og:title":"Lista dzieci przyj\u0119tych do klasy I - SP Katarzyna","og:description":"Lista dzieci przyj\u0119tych do klasy I na rok szkolny 2026\/2027","og:url":"https:\/\/www.spkatarzyna.pl\/index.php\/2026\/06\/05\/rekrutacji-na-rok-szkolny-2026-2027\/","article:published_time":"2026-06-05T12:38:10+00:00","article:modified_time":"2026-03-09T14:50:05+00:00","twitter:card":"summary_large_image","twitter:title":"Lista dzieci przyj\u0119tych do klasy I - SP Katarzyna","twitter:description":"Lista dzieci przyj\u0119tych do klasy I na rok szkolny 2026\/2027"},"aioseo_meta_data":{"post_id":"18509","title":null,"description":null,"keywords":null,"keyphrases":{"focus":{"keyphrase":"","score":0,"analysis":{"keyphraseInTitle":{"score":0,"maxScore":9,"error":1}}},"additional":[]},"primary_term":null,"canonical_url":null,"og_title":null,"og_description":null,"og_object_type":"default","og_image_type":"default","og_image_url":null,"og_image_width":null,"og_image_height":null,"og_image_custom_url":null,"og_image_custom_fields":null,"og_video":"","og_custom_url":null,"og_article_section":null,"og_article_tags":null,"twitter_use_og":false,"twitter_card":"default","twitter_image_type":"default","twitter_image_url":null,"twitter_image_custom_url":null,"twitter_image_custom_fields":null,"twitter_title":null,"twitter_description":null,"schema":{"blockGraphs":[],"customGraphs":[],"default":{"data":{"Article":[],"Course":[],"Dataset":[],"FAQPage":[],"Movie":[],"Person":[],"Product":[],"ProductReview":[],"Car":[],"Recipe":[],"Service":[],"SoftwareApplication":[],"WebPage":[]},"graphName":"BlogPosting","isEnabled":true},"graphs":[]},"schema_type":"default","schema_type_options":null,"pillar_content":false,"robots_default":true,"robots_noindex":false,"robots_noarchive":false,"robots_nosnippet":false,"robots_nofollow":false,"robots_noimageindex":false,"robots_noodp":false,"robots_notranslate":false,"robots_max_snippet":"-1","robots_max_videopreview":"-1","robots_max_imagepreview":"large","priority":null,"frequency":"default","local_seo":null,"limit_modified_date":true,"created":"2026-02-19 15:01:11","updated":"2026-09-03 18:16:52","focus_keyword":null,"additional_keywords":null,"truseo_locale":null,"ai":null,"breadcrumb_settings":null,"seo_analyzer_scan_date":null},"aioseo_breadcrumb":"<div class=\"aioseo-breadcrumbs\"><span class=\"aioseo-breadcrumb\">\n\t\t\t<a href=\"https:\/\/www.spkatarzyna.pl\" title=\"Dom\">Dom<\/a>\n\t\t<\/span><span class=\"aioseo-breadcrumb-separator\">&raquo;<\/span><span class=\"aioseo-breadcrumb\">\n\t\t\t<a href=\"https:\/\/www.spkatarzyna.pl\/index.php\/category\/uncategorized\/\" title=\"Uncategorized\">Uncategorized<\/a>\n\t\t<\/span><span class=\"aioseo-breadcrumb-separator\">&raquo;<\/span><span class=\"aioseo-breadcrumb\">\n\t\t\tLista dzieci przyj\u0119tych do klasy I\n\t\t<\/span><\/div>","aioseo_breadcrumb_json":[{"label":"Dom","link":"https:\/\/www.spkatarzyna.pl"},{"label":"Uncategorized","link":"https:\/\/www.spkatarzyna.pl\/index.php\/category\/uncategorized\/"},{"label":"Lista dzieci przyj\u0119tych do klasy I","link":"https:\/\/www.spkatarzyna.pl\/index.php\/2026\/06\/05\/rekrutacji-na-rok-szkolny-2026-2027\/"}],"_links":{"self":[{"href":"https:\/\/www.spkatarzyna.pl\/index.php\/wp-json\/wp\/v2\/posts\/18509","targetHints":{"allow":["GET"]}}],"collection":[{"href":"https:\/\/www.spkatarzyna.pl\/index.php\/wp-json\/wp\/v2\/posts"}],"about":[{"href":"https:\/\/www.spkatarzyna.pl\/index.php\/wp-json\/wp\/v2\/types\/post"}],"author":[{"embeddable":true,"href":"https:\/\/www.spkatarzyna.pl\/index.php\/wp-json\/wp\/v2\/users\/6"}],"replies":[{"embeddable":true,"href":"https:\/\/www.spkatarzyna.pl\/index.php\/wp-json\/wp\/v2\/comments?post=18509"}],"version-history":[{"count":9,"href":"https:\/\/www.spkatarzyna.pl\/index.php\/wp-json\/wp\/v2\/posts\/18509\/revisions"}],"predecessor-version":[{"id":19781,"href":"https:\/\/www.spkatarzyna.pl\/index.php\/wp-json\/wp\/v2\/posts\/18509\/revisions\/19781"}],"wp:featuredmedia":[{"embeddable":true,"href":"https:\/\/www.spkatarzyna.pl\/index.php\/wp-json\/wp\/v2\/media\/19831"}],"wp:attachment":[{"href":"https:\/\/www.spkatarzyna.pl\/index.php\/wp-json\/wp\/v2\/media?parent=18509"}],"wp:term":[{"taxonomy":"category","embeddable":true,"href":"https:\/\/www.spkatarzyna.pl\/index.php\/wp-json\/wp\/v2\/categories?post=18509"},{"taxonomy":"post_tag","embeddable":true,"href":"https:\/\/www.spkatarzyna.pl\/index.php\/wp-json\/wp\/v2\/tags?post=18509"}],"curies":[{"name":"wp","href":"https:\/\/api.w.org\/{rel}","templated":true}]}}